{"id":6127,"date":"2026-01-14T18:58:01","date_gmt":"2026-01-14T21:58:01","guid":{"rendered":"https:\/\/sudoesteacontece.com.br\/?p=6127"},"modified":"2026-01-14T18:58:07","modified_gmt":"2026-01-14T21:58:07","slug":"malafaia-pede-prisao-domiciliar-para-bolsonaro-cita-saude-e-ataca-moraes-ha-sangue-nas-maos","status":"publish","type":"post","link":"https:\/\/sudoesteacontece.com.br\/?p=6127","title":{"rendered":"Malafaia pede pris\u00e3o domiciliar para Bolsonaro, cita sa\u00fade e ataca Moraes: \u201cH\u00e1 sangue nas m\u00e3os\u201d"},"content":{"rendered":"<div class=\"wp-block-image\">\n<figure class=\"aligncenter size-full\"><img fetchpriority=\"high\" decoding=\"async\" width=\"900\" height=\"600\" src=\"http:\/\/sudoesteacontece.com.br\/wp-content\/uploads\/2025\/11\/Malafaia-amplia-ataques-e-acusa-Alexandre-de-Moraes-de-perseguicao-Ditador-de-toga-sudoeste-acontece.jpg\" alt=\"\" class=\"wp-image-3236\" srcset=\"https:\/\/sudoesteacontece.com.br\/wp-content\/uploads\/2025\/11\/Malafaia-amplia-ataques-e-acusa-Alexandre-de-Moraes-de-perseguicao-Ditador-de-toga-sudoeste-acontece.jpg 900w, https:\/\/sudoesteacontece.com.br\/wp-content\/uploads\/2025\/11\/Malafaia-amplia-ataques-e-acusa-Alexandre-de-Moraes-de-perseguicao-Ditador-de-toga-sudoeste-acontece-300x200.jpg 300w, https:\/\/sudoesteacontece.com.br\/wp-content\/uploads\/2025\/11\/Malafaia-amplia-ataques-e-acusa-Alexandre-de-Moraes-de-perseguicao-Ditador-de-toga-sudoeste-acontece-768x512.jpg 768w\" sizes=\"(max-width: 900px) 100vw, 900px\" \/><\/figure>\n<\/div>\n\n\n<p>Declara\u00e7\u00e3o do pastor Silas Malafaia reacendeu o debate pol\u00edtico nesta quarta-feira (14). Em v\u00eddeo nas redes sociais, ele cobrou \u201chumanidade\u201d para Jair Bolsonaro (PL) e defendeu pris\u00e3o domiciliar humanit\u00e1ria ao ex-presidente, que cumpre pena em Bras\u00edlia.<\/p>\n\n\n\n<p>V\u00eddeo foi publicado no X, antigo Twitter. Malafaia alegou que o estado de sa\u00fade de Bolsonaro justifica tratamento diferenciado. Segundo ele, as sequelas da facada sofrida em 2018 exigem acompanhamento m\u00e9dico constante dentro ou fora do sistema prisional.<\/p>\n\n\n\n<p>Cr\u00edticas miraram o STF. O pastor chamou o ministro Alexandre de Moraes de \u201cditador da toga\u201d ap\u00f3s a anula\u00e7\u00e3o de uma sindic\u00e2ncia do Conselho Federal de Medicina que apurava suposta falta de assist\u00eancia m\u00e9dica ao ex-presidente na pris\u00e3o.<\/p>\n\n\n\n<p>Acusa\u00e7\u00e3o ganhou tom mais duro. Malafaia afirmou que Moraes tem \u201csangue inocente nas m\u00e3os\u201d ao citar a morte de Cleriston Pereira da Cunha, o Clez\u00e3o, preso pelos atos golpistas de 8 de janeiro e que morreu ap\u00f3s infarto no Complexo da Papuda, em 2023.<\/p>\n\n\n\n<p>Segundo o religioso, Moraes foi informado sobre problemas card\u00edacos do detento e n\u00e3o autorizou tratamento fora da pris\u00e3o. Malafaia disse que Clez\u00e3o era membro de sua igreja e que n\u00e3o participou ativamente da invas\u00e3o, mas acabou detido.<\/p>\n\n\n\n<p>Compara\u00e7\u00e3o ampliou a pol\u00eamica. O pastor citou a pris\u00e3o domiciliar concedida a Fernando Collor e afirmou que o ex-presidente \u201cn\u00e3o tem um cent\u00e9simo\u201d dos problemas de sa\u00fade enfrentados por Bolsonaro, acusando o Supremo de adotar crit\u00e9rios diferentes.<\/p>\n\n\n\n<p>Discurso terminou com cobran\u00e7a direta. Para Malafaia, manter Bolsonaro preso em cela fechada, mesmo ap\u00f3s desmaios e quedas, representa crueldade. Ele defendeu que a pris\u00e3o domiciliar seria uma medida humanit\u00e1ria e compat\u00edvel com decis\u00f5es j\u00e1 adotadas pela Justi\u00e7a.<\/p>\n","protected":false},"excerpt":{"rendered":"<p>Declara\u00e7\u00e3o do pastor Silas Malafaia reacendeu o debate pol\u00edtico nesta quarta-feira (14). Em v\u00eddeo nas redes sociais, ele cobrou \u201chumanidade\u201d para Jair Bolsonaro (PL) e defendeu pris\u00e3o domiciliar humanit\u00e1ria ao ex-presidente, que cumpre pena em Bras\u00edlia. V\u00eddeo foi publicado no X, antigo Twitter. Malafaia alegou que o estado de sa\u00fade de Bolsonaro justifica tratamento diferenciado. Segundo ele, as sequelas da facada sofrida em 2018 exigem acompanhamento m\u00e9dico constante dentro ou fora do sistema prisional. Cr\u00edticas miraram o STF. O pastor chamou o ministro Alexandre de Moraes de \u201cditador da toga\u201d ap\u00f3s a anula\u00e7\u00e3o de uma sindic\u00e2ncia do Conselho Federal de Medicina que apurava suposta falta de assist\u00eancia m\u00e9dica ao ex-presidente na pris\u00e3o. Acusa\u00e7\u00e3o ganhou tom mais duro. Malafaia afirmou que Moraes tem \u201csangue inocente nas m\u00e3os\u201d ao citar a morte de Cleriston Pereira da Cunha, o Clez\u00e3o, preso pelos atos golpistas de 8 de janeiro e que morreu ap\u00f3s infarto no Complexo da Papuda, em 2023. Segundo o religioso, Moraes foi informado sobre problemas card\u00edacos do detento e n\u00e3o autorizou tratamento fora da pris\u00e3o. Malafaia disse que Clez\u00e3o era membro de sua igreja e que n\u00e3o participou ativamente da invas\u00e3o, mas acabou detido. Compara\u00e7\u00e3o ampliou a pol\u00eamica. O pastor citou a pris\u00e3o domiciliar concedida a Fernando Collor e afirmou que o ex-presidente \u201cn\u00e3o tem um cent\u00e9simo\u201d dos problemas de sa\u00fade enfrentados por Bolsonaro, acusando o Supremo de adotar crit\u00e9rios diferentes. Discurso terminou com cobran\u00e7a direta. Para Malafaia, manter Bolsonaro preso em cela fechada, mesmo ap\u00f3s desmaios e quedas, representa crueldade. Ele defendeu que a pris\u00e3o domiciliar seria uma medida humanit\u00e1ria e compat\u00edvel com decis\u00f5es j\u00e1 adotadas pela Justi\u00e7a.<\/p>\n","protected":false},"author":4,"featured_media":3236,"comment_status":"open","ping_status":"open","sticky":false,"template":"","format":"standard","meta":{"footnotes":""},"categories":[53,58,13,6,61],"tags":[],"class_list":["post-6127","post","type-post","status-publish","format-standard","has-post-thumbnail","hentry","category-brasil","category-eleicoes-2026","category-justica","category-politica","category-religiao"],"yoast_head":"<!-- This site is optimized with the Yoast SEO plugin v26.5 - https:\/\/yoast.com\/wordpress\/plugins\/seo\/ -->\n<title>Malafaia pede pris\u00e3o domiciliar para Bolsonaro, cita sa\u00fade e ataca Moraes: \u201cH\u00e1 sangue nas m\u00e3os\u201d - Sudoesteacontece<\/title>\n<meta name=\"robots\" content=\"index, follow, max-snippet:-1, max-image-preview:large, max-video-preview:-1\" \/>\n<link rel=\"canonical\" href=\"https:\/\/sudoesteacontece.com.br\/?p=6127\" \/>\n<meta property=\"og:locale\" content=\"pt_BR\" \/>\n<meta property=\"og:type\" content=\"article\" \/>\n<meta property=\"og:title\" content=\"Malafaia pede pris\u00e3o domiciliar para Bolsonaro, cita sa\u00fade e ataca Moraes: \u201cH\u00e1 sangue nas m\u00e3os\u201d - Sudoesteacontece\" \/>\n<meta property=\"og:description\" content=\"Declara\u00e7\u00e3o do pastor Silas Malafaia reacendeu o debate pol\u00edtico nesta quarta-feira (14). Em v\u00eddeo nas redes sociais, ele cobrou \u201chumanidade\u201d para Jair Bolsonaro (PL) e defendeu pris\u00e3o domiciliar humanit\u00e1ria ao ex-presidente, que cumpre pena em Bras\u00edlia. V\u00eddeo foi publicado no X, antigo Twitter. Malafaia alegou que o estado de sa\u00fade de Bolsonaro justifica tratamento diferenciado. Segundo ele, as sequelas da facada sofrida em 2018 exigem acompanhamento m\u00e9dico constante dentro ou fora do sistema prisional. Cr\u00edticas miraram o STF. O pastor chamou o ministro Alexandre de Moraes de \u201cditador da toga\u201d ap\u00f3s a anula\u00e7\u00e3o de uma sindic\u00e2ncia do Conselho Federal de Medicina que apurava suposta falta de assist\u00eancia m\u00e9dica ao ex-presidente na pris\u00e3o. Acusa\u00e7\u00e3o ganhou tom mais duro. Malafaia afirmou que Moraes tem \u201csangue inocente nas m\u00e3os\u201d ao citar a morte de Cleriston Pereira da Cunha, o Clez\u00e3o, preso pelos atos golpistas de 8 de janeiro e que morreu ap\u00f3s infarto no Complexo da Papuda, em 2023. Segundo o religioso, Moraes foi informado sobre problemas card\u00edacos do detento e n\u00e3o autorizou tratamento fora da pris\u00e3o. Malafaia disse que Clez\u00e3o era membro de sua igreja e que n\u00e3o participou ativamente da invas\u00e3o, mas acabou detido. Compara\u00e7\u00e3o ampliou a pol\u00eamica. O pastor citou a pris\u00e3o domiciliar concedida a Fernando Collor e afirmou que o ex-presidente \u201cn\u00e3o tem um cent\u00e9simo\u201d dos problemas de sa\u00fade enfrentados por Bolsonaro, acusando o Supremo de adotar crit\u00e9rios diferentes. Discurso terminou com cobran\u00e7a direta. Para Malafaia, manter Bolsonaro preso em cela fechada, mesmo ap\u00f3s desmaios e quedas, representa crueldade. Ele defendeu que a pris\u00e3o domiciliar seria uma medida humanit\u00e1ria e compat\u00edvel com decis\u00f5es j\u00e1 adotadas pela Justi\u00e7a.\" \/>\n<meta property=\"og:url\" content=\"https:\/\/sudoesteacontece.com.br\/?p=6127\" \/>\n<meta property=\"og:site_name\" content=\"Sudoesteacontece\" \/>\n<meta property=\"article:publisher\" content=\"https:\/\/www.facebook.com\/sudoesteacontece\/?locale=pt_BR\" \/>\n<meta property=\"article:published_time\" content=\"2026-01-14T21:58:01+00:00\" \/>\n<meta property=\"article:modified_time\" content=\"2026-01-14T21:58:07+00:00\" \/>\n<meta property=\"og:image\" content=\"https:\/\/sudoesteacontece.com.br\/wp-content\/uploads\/2025\/11\/Malafaia-amplia-ataques-e-acusa-Alexandre-de-Moraes-de-perseguicao-Ditador-de-toga-sudoeste-acontece.jpg\" \/>\n\t<meta property=\"og:image:width\" content=\"900\" \/>\n\t<meta property=\"og:image:height\" content=\"600\" \/>\n\t<meta property=\"og:image:type\" content=\"image\/jpeg\" \/>\n<meta name=\"author\" content=\"Reda\u00e7\u00e3o\" \/>\n<meta name=\"twitter:card\" content=\"summary_large_image\" \/>\n<meta name=\"twitter:label1\" content=\"Escrito por\" \/>\n\t<meta name=\"twitter:data1\" content=\"Reda\u00e7\u00e3o\" \/>\n\t<meta name=\"twitter:label2\" content=\"Est. tempo de leitura\" \/>\n\t<meta name=\"twitter:data2\" content=\"2 minutos\" \/>\n<script type=\"application\/ld+json\" class=\"yoast-schema-graph\">{\"@context\":\"https:\/\/schema.org\",\"@graph\":[{\"@type\":\"Article\",\"@id\":\"https:\/\/sudoesteacontece.com.br\/?p=6127#article\",\"isPartOf\":{\"@id\":\"https:\/\/sudoesteacontece.com.br\/?p=6127\"},\"author\":{\"name\":\"Reda\u00e7\u00e3o\",\"@id\":\"https:\/\/sudoesteacontece.com.br\/#\/schema\/person\/a4f22429c1d0923ef8f7d43343f8dc38\"},\"headline\":\"Malafaia pede pris\u00e3o domiciliar para Bolsonaro, cita sa\u00fade e ataca Moraes: \u201cH\u00e1 sangue nas m\u00e3os\u201d\",\"datePublished\":\"2026-01-14T21:58:01+00:00\",\"dateModified\":\"2026-01-14T21:58:07+00:00\",\"mainEntityOfPage\":{\"@id\":\"https:\/\/sudoesteacontece.com.br\/?p=6127\"},\"wordCount\":322,\"commentCount\":0,\"publisher\":{\"@id\":\"https:\/\/sudoesteacontece.com.br\/#organization\"},\"image\":{\"@id\":\"https:\/\/sudoesteacontece.com.br\/?p=6127#primaryimage\"},\"thumbnailUrl\":\"https:\/\/sudoesteacontece.com.br\/wp-content\/uploads\/2025\/11\/Malafaia-amplia-ataques-e-acusa-Alexandre-de-Moraes-de-perseguicao-Ditador-de-toga-sudoeste-acontece.jpg\",\"articleSection\":[\"Brasil\",\"Elei\u00e7\u00f5es 2026\",\"Justi\u00e7a\",\"Pol\u00edtica\",\"Religi\u00e3o\"],\"inLanguage\":\"pt-BR\",\"potentialAction\":[{\"@type\":\"CommentAction\",\"name\":\"Comment\",\"target\":[\"https:\/\/sudoesteacontece.com.br\/?p=6127#respond\"]}]},{\"@type\":\"WebPage\",\"@id\":\"https:\/\/sudoesteacontece.com.br\/?p=6127\",\"url\":\"https:\/\/sudoesteacontece.com.br\/?p=6127\",\"name\":\"Malafaia pede pris\u00e3o domiciliar para Bolsonaro, cita sa\u00fade e ataca Moraes: \u201cH\u00e1 sangue nas m\u00e3os\u201d - Sudoesteacontece\",\"isPartOf\":{\"@id\":\"https:\/\/sudoesteacontece.com.br\/#website\"},\"primaryImageOfPage\":{\"@id\":\"https:\/\/sudoesteacontece.com.br\/?p=6127#primaryimage\"},\"image\":{\"@id\":\"https:\/\/sudoesteacontece.com.br\/?p=6127#primaryimage\"},\"thumbnailUrl\":\"https:\/\/sudoesteacontece.com.br\/wp-content\/uploads\/2025\/11\/Malafaia-amplia-ataques-e-acusa-Alexandre-de-Moraes-de-perseguicao-Ditador-de-toga-sudoeste-acontece.jpg\",\"datePublished\":\"2026-01-14T21:58:01+00:00\",\"dateModified\":\"2026-01-14T21:58:07+00:00\",\"breadcrumb\":{\"@id\":\"https:\/\/sudoesteacontece.com.br\/?p=6127#breadcrumb\"},\"inLanguage\":\"pt-BR\",\"potentialAction\":[{\"@type\":\"ReadAction\",\"target\":[\"https:\/\/sudoesteacontece.com.br\/?p=6127\"]}]},{\"@type\":\"ImageObject\",\"inLanguage\":\"pt-BR\",\"@id\":\"https:\/\/sudoesteacontece.com.br\/?p=6127#primaryimage\",\"url\":\"https:\/\/sudoesteacontece.com.br\/wp-content\/uploads\/2025\/11\/Malafaia-amplia-ataques-e-acusa-Alexandre-de-Moraes-de-perseguicao-Ditador-de-toga-sudoeste-acontece.jpg\",\"contentUrl\":\"https:\/\/sudoesteacontece.com.br\/wp-content\/uploads\/2025\/11\/Malafaia-amplia-ataques-e-acusa-Alexandre-de-Moraes-de-perseguicao-Ditador-de-toga-sudoeste-acontece.jpg\",\"width\":900,\"height\":600},{\"@type\":\"BreadcrumbList\",\"@id\":\"https:\/\/sudoesteacontece.com.br\/?p=6127#breadcrumb\",\"itemListElement\":[{\"@type\":\"ListItem\",\"position\":1,\"name\":\"In\u00edcio\",\"item\":\"https:\/\/sudoesteacontece.com.br\/\"},{\"@type\":\"ListItem\",\"position\":2,\"name\":\"Malafaia pede pris\u00e3o domiciliar para Bolsonaro, cita sa\u00fade e ataca Moraes: \u201cH\u00e1 sangue nas m\u00e3os\u201d\"}]},{\"@type\":\"WebSite\",\"@id\":\"https:\/\/sudoesteacontece.com.br\/#website\",\"url\":\"https:\/\/sudoesteacontece.com.br\/\",\"name\":\"Sudoesteacontece\",\"description\":\"\",\"publisher\":{\"@id\":\"https:\/\/sudoesteacontece.com.br\/#organization\"},\"potentialAction\":[{\"@type\":\"SearchAction\",\"target\":{\"@type\":\"EntryPoint\",\"urlTemplate\":\"https:\/\/sudoesteacontece.com.br\/?s={search_term_string}\"},\"query-input\":{\"@type\":\"PropertyValueSpecification\",\"valueRequired\":true,\"valueName\":\"search_term_string\"}}],\"inLanguage\":\"pt-BR\"},{\"@type\":\"Organization\",\"@id\":\"https:\/\/sudoesteacontece.com.br\/#organization\",\"name\":\"Sudoesteacontece\",\"url\":\"https:\/\/sudoesteacontece.com.br\/\",\"logo\":{\"@type\":\"ImageObject\",\"inLanguage\":\"pt-BR\",\"@id\":\"https:\/\/sudoesteacontece.com.br\/#\/schema\/logo\/image\/\",\"url\":\"https:\/\/sudoesteacontece.com.br\/wp-content\/uploads\/2025\/12\/cropped-logo-2-180x180-1.png\",\"contentUrl\":\"https:\/\/sudoesteacontece.com.br\/wp-content\/uploads\/2025\/12\/cropped-logo-2-180x180-1.png\",\"width\":180,\"height\":180,\"caption\":\"Sudoesteacontece\"},\"image\":{\"@id\":\"https:\/\/sudoesteacontece.com.br\/#\/schema\/logo\/image\/\"},\"sameAs\":[\"https:\/\/www.facebook.com\/sudoesteacontece\/?locale=pt_BR\"]},{\"@type\":\"Person\",\"@id\":\"https:\/\/sudoesteacontece.com.br\/#\/schema\/person\/a4f22429c1d0923ef8f7d43343f8dc38\",\"name\":\"Reda\u00e7\u00e3o\",\"image\":{\"@type\":\"ImageObject\",\"inLanguage\":\"pt-BR\",\"@id\":\"https:\/\/sudoesteacontece.com.br\/#\/schema\/person\/image\/\",\"url\":\"https:\/\/secure.gravatar.com\/avatar\/c3a5b3c93f268a709c25a2df414c629a96fb3b1b4bf97a94fb3f72e54ae76903?s=96&d=mm&r=g\",\"contentUrl\":\"https:\/\/secure.gravatar.com\/avatar\/c3a5b3c93f268a709c25a2df414c629a96fb3b1b4bf97a94fb3f72e54ae76903?s=96&d=mm&r=g\",\"caption\":\"Reda\u00e7\u00e3o\"},\"url\":\"https:\/\/sudoesteacontece.com.br\/?author=4\"}]}<\/script>\n<!-- \/ Yoast SEO plugin. -->","yoast_head_json":{"title":"Malafaia pede pris\u00e3o domiciliar para Bolsonaro, cita sa\u00fade e ataca Moraes: \u201cH\u00e1 sangue nas m\u00e3os\u201d - Sudoesteacontece","robots":{"index":"index","follow":"follow","max-snippet":"max-snippet:-1","max-image-preview":"max-image-preview:large","max-video-preview":"max-video-preview:-1"},"canonical":"https:\/\/sudoesteacontece.com.br\/?p=6127","og_locale":"pt_BR","og_type":"article","og_title":"Malafaia pede pris\u00e3o domiciliar para Bolsonaro, cita sa\u00fade e ataca Moraes: \u201cH\u00e1 sangue nas m\u00e3os\u201d - Sudoesteacontece","og_description":"Declara\u00e7\u00e3o do pastor Silas Malafaia reacendeu o debate pol\u00edtico nesta quarta-feira (14). Em v\u00eddeo nas redes sociais, ele cobrou \u201chumanidade\u201d para Jair Bolsonaro (PL) e defendeu pris\u00e3o domiciliar humanit\u00e1ria ao ex-presidente, que cumpre pena em Bras\u00edlia. V\u00eddeo foi publicado no X, antigo Twitter. Malafaia alegou que o estado de sa\u00fade de Bolsonaro justifica tratamento diferenciado. Segundo ele, as sequelas da facada sofrida em 2018 exigem acompanhamento m\u00e9dico constante dentro ou fora do sistema prisional. Cr\u00edticas miraram o STF. O pastor chamou o ministro Alexandre de Moraes de \u201cditador da toga\u201d ap\u00f3s a anula\u00e7\u00e3o de uma sindic\u00e2ncia do Conselho Federal de Medicina que apurava suposta falta de assist\u00eancia m\u00e9dica ao ex-presidente na pris\u00e3o. Acusa\u00e7\u00e3o ganhou tom mais duro. Malafaia afirmou que Moraes tem \u201csangue inocente nas m\u00e3os\u201d ao citar a morte de Cleriston Pereira da Cunha, o Clez\u00e3o, preso pelos atos golpistas de 8 de janeiro e que morreu ap\u00f3s infarto no Complexo da Papuda, em 2023. Segundo o religioso, Moraes foi informado sobre problemas card\u00edacos do detento e n\u00e3o autorizou tratamento fora da pris\u00e3o. Malafaia disse que Clez\u00e3o era membro de sua igreja e que n\u00e3o participou ativamente da invas\u00e3o, mas acabou detido. Compara\u00e7\u00e3o ampliou a pol\u00eamica. O pastor citou a pris\u00e3o domiciliar concedida a Fernando Collor e afirmou que o ex-presidente \u201cn\u00e3o tem um cent\u00e9simo\u201d dos problemas de sa\u00fade enfrentados por Bolsonaro, acusando o Supremo de adotar crit\u00e9rios diferentes. Discurso terminou com cobran\u00e7a direta. Para Malafaia, manter Bolsonaro preso em cela fechada, mesmo ap\u00f3s desmaios e quedas, representa crueldade. Ele defendeu que a pris\u00e3o domiciliar seria uma medida humanit\u00e1ria e compat\u00edvel com decis\u00f5es j\u00e1 adotadas pela Justi\u00e7a.","og_url":"https:\/\/sudoesteacontece.com.br\/?p=6127","og_site_name":"Sudoesteacontece","article_publisher":"https:\/\/www.facebook.com\/sudoesteacontece\/?locale=pt_BR","article_published_time":"2026-01-14T21:58:01+00:00","article_modified_time":"2026-01-14T21:58:07+00:00","og_image":[{"width":900,"height":600,"url":"https:\/\/sudoesteacontece.com.br\/wp-content\/uploads\/2025\/11\/Malafaia-amplia-ataques-e-acusa-Alexandre-de-Moraes-de-perseguicao-Ditador-de-toga-sudoeste-acontece.jpg","type":"image\/jpeg"}],"author":"Reda\u00e7\u00e3o","twitter_card":"summary_large_image","twitter_misc":{"Escrito por":"Reda\u00e7\u00e3o","Est. tempo de leitura":"2 minutos"},"schema":{"@context":"https:\/\/schema.org","@graph":[{"@type":"Article","@id":"https:\/\/sudoesteacontece.com.br\/?p=6127#article","isPartOf":{"@id":"https:\/\/sudoesteacontece.com.br\/?p=6127"},"author":{"name":"Reda\u00e7\u00e3o","@id":"https:\/\/sudoesteacontece.com.br\/#\/schema\/person\/a4f22429c1d0923ef8f7d43343f8dc38"},"headline":"Malafaia pede pris\u00e3o domiciliar para Bolsonaro, cita sa\u00fade e ataca Moraes: \u201cH\u00e1 sangue nas m\u00e3os\u201d","datePublished":"2026-01-14T21:58:01+00:00","dateModified":"2026-01-14T21:58:07+00:00","mainEntityOfPage":{"@id":"https:\/\/sudoesteacontece.com.br\/?p=6127"},"wordCount":322,"commentCount":0,"publisher":{"@id":"https:\/\/sudoesteacontece.com.br\/#organization"},"image":{"@id":"https:\/\/sudoesteacontece.com.br\/?p=6127#primaryimage"},"thumbnailUrl":"https:\/\/sudoesteacontece.com.br\/wp-content\/uploads\/2025\/11\/Malafaia-amplia-ataques-e-acusa-Alexandre-de-Moraes-de-perseguicao-Ditador-de-toga-sudoeste-acontece.jpg","articleSection":["Brasil","Elei\u00e7\u00f5es 2026","Justi\u00e7a","Pol\u00edtica","Religi\u00e3o"],"inLanguage":"pt-BR","potentialAction":[{"@type":"CommentAction","name":"Comment","target":["https:\/\/sudoesteacontece.com.br\/?p=6127#respond"]}]},{"@type":"WebPage","@id":"https:\/\/sudoesteacontece.com.br\/?p=6127","url":"https:\/\/sudoesteacontece.com.br\/?p=6127","name":"Malafaia pede pris\u00e3o domiciliar para Bolsonaro, cita sa\u00fade e ataca Moraes: \u201cH\u00e1 sangue nas m\u00e3os\u201d - Sudoesteacontece","isPartOf":{"@id":"https:\/\/sudoesteacontece.com.br\/#website"},"primaryImageOfPage":{"@id":"https:\/\/sudoesteacontece.com.br\/?p=6127#primaryimage"},"image":{"@id":"https:\/\/sudoesteacontece.com.br\/?p=6127#primaryimage"},"thumbnailUrl":"https:\/\/sudoesteacontece.com.br\/wp-content\/uploads\/2025\/11\/Malafaia-amplia-ataques-e-acusa-Alexandre-de-Moraes-de-perseguicao-Ditador-de-toga-sudoeste-acontece.jpg","datePublished":"2026-01-14T21:58:01+00:00","dateModified":"2026-01-14T21:58:07+00:00","breadcrumb":{"@id":"https:\/\/sudoesteacontece.com.br\/?p=6127#breadcrumb"},"inLanguage":"pt-BR","potentialAction":[{"@type":"ReadAction","target":["https:\/\/sudoesteacontece.com.br\/?p=6127"]}]},{"@type":"ImageObject","inLanguage":"pt-BR","@id":"https:\/\/sudoesteacontece.com.br\/?p=6127#primaryimage","url":"https:\/\/sudoesteacontece.com.br\/wp-content\/uploads\/2025\/11\/Malafaia-amplia-ataques-e-acusa-Alexandre-de-Moraes-de-perseguicao-Ditador-de-toga-sudoeste-acontece.jpg","contentUrl":"https:\/\/sudoesteacontece.com.br\/wp-content\/uploads\/2025\/11\/Malafaia-amplia-ataques-e-acusa-Alexandre-de-Moraes-de-perseguicao-Ditador-de-toga-sudoeste-acontece.jpg","width":900,"height":600},{"@type":"BreadcrumbList","@id":"https:\/\/sudoesteacontece.com.br\/?p=6127#breadcrumb","itemListElement":[{"@type":"ListItem","position":1,"name":"In\u00edcio","item":"https:\/\/sudoesteacontece.com.br\/"},{"@type":"ListItem","position":2,"name":"Malafaia pede pris\u00e3o domiciliar para Bolsonaro, cita sa\u00fade e ataca Moraes: \u201cH\u00e1 sangue nas m\u00e3os\u201d"}]},{"@type":"WebSite","@id":"https:\/\/sudoesteacontece.com.br\/#website","url":"https:\/\/sudoesteacontece.com.br\/","name":"Sudoesteacontece","description":"","publisher":{"@id":"https:\/\/sudoesteacontece.com.br\/#organization"},"potentialAction":[{"@type":"SearchAction","target":{"@type":"EntryPoint","urlTemplate":"https:\/\/sudoesteacontece.com.br\/?s={search_term_string}"},"query-input":{"@type":"PropertyValueSpecification","valueRequired":true,"valueName":"search_term_string"}}],"inLanguage":"pt-BR"},{"@type":"Organization","@id":"https:\/\/sudoesteacontece.com.br\/#organization","name":"Sudoesteacontece","url":"https:\/\/sudoesteacontece.com.br\/","logo":{"@type":"ImageObject","inLanguage":"pt-BR","@id":"https:\/\/sudoesteacontece.com.br\/#\/schema\/logo\/image\/","url":"https:\/\/sudoesteacontece.com.br\/wp-content\/uploads\/2025\/12\/cropped-logo-2-180x180-1.png","contentUrl":"https:\/\/sudoesteacontece.com.br\/wp-content\/uploads\/2025\/12\/cropped-logo-2-180x180-1.png","width":180,"height":180,"caption":"Sudoesteacontece"},"image":{"@id":"https:\/\/sudoesteacontece.com.br\/#\/schema\/logo\/image\/"},"sameAs":["https:\/\/www.facebook.com\/sudoesteacontece\/?locale=pt_BR"]},{"@type":"Person","@id":"https:\/\/sudoesteacontece.com.br\/#\/schema\/person\/a4f22429c1d0923ef8f7d43343f8dc38","name":"Reda\u00e7\u00e3o","image":{"@type":"ImageObject","inLanguage":"pt-BR","@id":"https:\/\/sudoesteacontece.com.br\/#\/schema\/person\/image\/","url":"https:\/\/secure.gravatar.com\/avatar\/c3a5b3c93f268a709c25a2df414c629a96fb3b1b4bf97a94fb3f72e54ae76903?s=96&d=mm&r=g","contentUrl":"https:\/\/secure.gravatar.com\/avatar\/c3a5b3c93f268a709c25a2df414c629a96fb3b1b4bf97a94fb3f72e54ae76903?s=96&d=mm&r=g","caption":"Reda\u00e7\u00e3o"},"url":"https:\/\/sudoesteacontece.com.br\/?author=4"}]}},"_links":{"self":[{"href":"https:\/\/sudoesteacontece.com.br\/index.php?rest_route=\/wp\/v2\/posts\/6127","targetHints":{"allow":["GET"]}}],"collection":[{"href":"https:\/\/sudoesteacontece.com.br\/index.php?rest_route=\/wp\/v2\/posts"}],"about":[{"href":"https:\/\/sudoesteacontece.com.br\/index.php?rest_route=\/wp\/v2\/types\/post"}],"author":[{"embeddable":true,"href":"https:\/\/sudoesteacontece.com.br\/index.php?rest_route=\/wp\/v2\/users\/4"}],"replies":[{"embeddable":true,"href":"https:\/\/sudoesteacontece.com.br\/index.php?rest_route=%2Fwp%2Fv2%2Fcomments&post=6127"}],"version-history":[{"count":0,"href":"https:\/\/sudoesteacontece.com.br\/index.php?rest_route=\/wp\/v2\/posts\/6127\/revisions"}],"wp:featuredmedia":[{"embeddable":true,"href":"https:\/\/sudoesteacontece.com.br\/index.php?rest_route=\/wp\/v2\/media\/3236"}],"wp:attachment":[{"href":"https:\/\/sudoesteacontece.com.br\/index.php?rest_route=%2Fwp%2Fv2%2Fmedia&parent=6127"}],"wp:term":[{"taxonomy":"category","embeddable":true,"href":"https:\/\/sudoesteacontece.com.br\/index.php?rest_route=%2Fwp%2Fv2%2Fcategories&post=6127"},{"taxonomy":"post_tag","embeddable":true,"href":"https:\/\/sudoesteacontece.com.br\/index.php?rest_route=%2Fwp%2Fv2%2Ftags&post=6127"}],"curies":[{"name":"wp","href":"https:\/\/api.w.org\/{rel}","templated":true}]}}