{"id":6128,"date":"2026-01-14T19:00:56","date_gmt":"2026-01-14T22:00:56","guid":{"rendered":"https:\/\/sudoesteacontece.com.br\/?p=6128"},"modified":"2026-01-14T19:01:03","modified_gmt":"2026-01-14T22:01:03","slug":"primeira-dama-chama-tarcisio-de-novo-ceo-do-brasil-e-reacende-especulacao-sobre-2026","status":"publish","type":"post","link":"https:\/\/sudoesteacontece.com.br\/?p=6128","title":{"rendered":"Primeira-dama chama Tarc\u00edsio de \u2018novo CEO do Brasil\u2019 e reacende especula\u00e7\u00e3o sobre 2026"},"content":{"rendered":"<div class=\"wp-block-image\">\n<figure class=\"aligncenter size-full\"><img fetchpriority=\"high\" decoding=\"async\" width=\"900\" height=\"600\" src=\"http:\/\/sudoesteacontece.com.br\/wp-content\/uploads\/2025\/11\/Apos-evento-com-Tarcisio-prefeito-de-Luis-Eduardo-Magalhaes-reduz-apoio-a-Jeronimo-e-prega-cautela-para-2026-sudoeste-acontece.jpg\" alt=\"\" class=\"wp-image-3124\" srcset=\"https:\/\/sudoesteacontece.com.br\/wp-content\/uploads\/2025\/11\/Apos-evento-com-Tarcisio-prefeito-de-Luis-Eduardo-Magalhaes-reduz-apoio-a-Jeronimo-e-prega-cautela-para-2026-sudoeste-acontece.jpg 900w, https:\/\/sudoesteacontece.com.br\/wp-content\/uploads\/2025\/11\/Apos-evento-com-Tarcisio-prefeito-de-Luis-Eduardo-Magalhaes-reduz-apoio-a-Jeronimo-e-prega-cautela-para-2026-sudoeste-acontece-300x200.jpg 300w, https:\/\/sudoesteacontece.com.br\/wp-content\/uploads\/2025\/11\/Apos-evento-com-Tarcisio-prefeito-de-Luis-Eduardo-Magalhaes-reduz-apoio-a-Jeronimo-e-prega-cautela-para-2026-sudoeste-acontece-768x512.jpg 768w\" sizes=\"(max-width: 900px) 100vw, 900px\" \/><\/figure>\n<\/div>\n\n\n<p>Declara\u00e7\u00e3o da primeira-dama de S\u00e3o Paulo, Cristiane de Freitas, movimentou o debate pol\u00edtico ao sugerir que o pa\u00eds precisa de um \u201cnovo CEO\u201d. A fala foi feita em coment\u00e1rio em uma publica\u00e7\u00e3o do governador Tarc\u00edsio de Freitas, nas redes sociais, e foi interpretada como um sinal claro de ambi\u00e7\u00e3o nacional.<\/p>\n\n\n\n<p>Na postagem, Tarc\u00edsio aparece discursando e faz cr\u00edticas diretas ao governo do presidente Lula. O governador afirma que a atual gest\u00e3o \u201cn\u00e3o tem nada de moderno\u201d e defende mudan\u00e7as profundas na administra\u00e7\u00e3o p\u00fablica, com redu\u00e7\u00e3o do Estado e retomada de privatiza\u00e7\u00f5es.<\/p>\n\n\n\n<p>Durante o v\u00eddeo, Tarc\u00edsio projeta economia de at\u00e9 3,5% do PIB com uma reforma administrativa. Segundo ele, a medida abriria caminho para uma \u201cexplos\u00e3o de recursos\u201d e destravaria o crescimento do pa\u00eds, em um discurso alinhado \u00e0 agenda liberal da direita.<\/p>\n\n\n\n<p>Em outro trecho, o governador endurece o tom pol\u00edtico ao afirmar que o Brasil n\u00e3o suportaria mais quatro anos de PT. Sem citar nomes, ele diz que retirar o atual governo do poder seria o \u00fanico caminho para a direita nas elei\u00e7\u00f5es de 2026.<\/p>\n\n\n\n<p>Para analistas, o discurso refor\u00e7a a leitura de que Tarc\u00edsio testa o terreno para uma candidatura presidencial. A postura mais polarizada contrasta com declara\u00e7\u00f5es anteriores de apoio a Fl\u00e1vio Bolsonaro e tem causado inc\u00f4modo no n\u00facleo bolsonarista.<\/p>\n\n\n\n<p>Nos bastidores, aliados do ex-presidente Jair Bolsonaro cobram mais clareza e fidelidade do governador paulista. A avalia\u00e7\u00e3o \u00e9 que o sil\u00eancio estrat\u00e9gico e o tom de pr\u00e9-campanha alimentam especula\u00e7\u00f5es e acirram disputas internas no campo conservador.<\/p>\n","protected":false},"excerpt":{"rendered":"<p>Declara\u00e7\u00e3o da primeira-dama de S\u00e3o Paulo, Cristiane de Freitas, movimentou o debate pol\u00edtico ao sugerir que o pa\u00eds precisa de um \u201cnovo CEO\u201d. A fala foi feita em coment\u00e1rio em uma publica\u00e7\u00e3o do governador Tarc\u00edsio de Freitas, nas redes sociais, e foi interpretada como um sinal claro de ambi\u00e7\u00e3o nacional. Na postagem, Tarc\u00edsio aparece discursando e faz cr\u00edticas diretas ao governo do presidente Lula. O governador afirma que a atual gest\u00e3o \u201cn\u00e3o tem nada de moderno\u201d e defende mudan\u00e7as profundas na administra\u00e7\u00e3o p\u00fablica, com redu\u00e7\u00e3o do Estado e retomada de privatiza\u00e7\u00f5es. Durante o v\u00eddeo, Tarc\u00edsio projeta economia de at\u00e9 3,5% do PIB com uma reforma administrativa. Segundo ele, a medida abriria caminho para uma \u201cexplos\u00e3o de recursos\u201d e destravaria o crescimento do pa\u00eds, em um discurso alinhado \u00e0 agenda liberal da direita. Em outro trecho, o governador endurece o tom pol\u00edtico ao afirmar que o Brasil n\u00e3o suportaria mais quatro anos de PT. Sem citar nomes, ele diz que retirar o atual governo do poder seria o \u00fanico caminho para a direita nas elei\u00e7\u00f5es de 2026. Para analistas, o discurso refor\u00e7a a leitura de que Tarc\u00edsio testa o terreno para uma candidatura presidencial. A postura mais polarizada contrasta com declara\u00e7\u00f5es anteriores de apoio a Fl\u00e1vio Bolsonaro e tem causado inc\u00f4modo no n\u00facleo bolsonarista. Nos bastidores, aliados do ex-presidente Jair Bolsonaro cobram mais clareza e fidelidade do governador paulista. A avalia\u00e7\u00e3o \u00e9 que o sil\u00eancio estrat\u00e9gico e o tom de pr\u00e9-campanha alimentam especula\u00e7\u00f5es e acirram disputas internas no campo conservador.<\/p>\n","protected":false},"author":4,"featured_media":3124,"comment_status":"open","ping_status":"open","sticky":false,"template":"","format":"standard","meta":{"footnotes":""},"categories":[53,58,47,6],"tags":[],"class_list":["post-6128","post","type-post","status-publish","format-standard","has-post-thumbnail","hentry","category-brasil","category-eleicoes-2026","category-internacional","category-politica"],"yoast_head":"<!-- This site is optimized with the Yoast SEO plugin v26.5 - https:\/\/yoast.com\/wordpress\/plugins\/seo\/ -->\n<title>Primeira-dama chama Tarc\u00edsio de \u2018novo CEO do Brasil\u2019 e reacende especula\u00e7\u00e3o sobre 2026 - Sudoesteacontece<\/title>\n<meta name=\"robots\" content=\"index, follow, max-snippet:-1, max-image-preview:large, max-video-preview:-1\" \/>\n<link rel=\"canonical\" href=\"https:\/\/sudoesteacontece.com.br\/?p=6128\" \/>\n<meta property=\"og:locale\" content=\"pt_BR\" \/>\n<meta property=\"og:type\" content=\"article\" \/>\n<meta property=\"og:title\" content=\"Primeira-dama chama Tarc\u00edsio de \u2018novo CEO do Brasil\u2019 e reacende especula\u00e7\u00e3o sobre 2026 - Sudoesteacontece\" \/>\n<meta property=\"og:description\" content=\"Declara\u00e7\u00e3o da primeira-dama de S\u00e3o Paulo, Cristiane de Freitas, movimentou o debate pol\u00edtico ao sugerir que o pa\u00eds precisa de um \u201cnovo CEO\u201d. A fala foi feita em coment\u00e1rio em uma publica\u00e7\u00e3o do governador Tarc\u00edsio de Freitas, nas redes sociais, e foi interpretada como um sinal claro de ambi\u00e7\u00e3o nacional. Na postagem, Tarc\u00edsio aparece discursando e faz cr\u00edticas diretas ao governo do presidente Lula. O governador afirma que a atual gest\u00e3o \u201cn\u00e3o tem nada de moderno\u201d e defende mudan\u00e7as profundas na administra\u00e7\u00e3o p\u00fablica, com redu\u00e7\u00e3o do Estado e retomada de privatiza\u00e7\u00f5es. Durante o v\u00eddeo, Tarc\u00edsio projeta economia de at\u00e9 3,5% do PIB com uma reforma administrativa. Segundo ele, a medida abriria caminho para uma \u201cexplos\u00e3o de recursos\u201d e destravaria o crescimento do pa\u00eds, em um discurso alinhado \u00e0 agenda liberal da direita. Em outro trecho, o governador endurece o tom pol\u00edtico ao afirmar que o Brasil n\u00e3o suportaria mais quatro anos de PT. Sem citar nomes, ele diz que retirar o atual governo do poder seria o \u00fanico caminho para a direita nas elei\u00e7\u00f5es de 2026. Para analistas, o discurso refor\u00e7a a leitura de que Tarc\u00edsio testa o terreno para uma candidatura presidencial. A postura mais polarizada contrasta com declara\u00e7\u00f5es anteriores de apoio a Fl\u00e1vio Bolsonaro e tem causado inc\u00f4modo no n\u00facleo bolsonarista. Nos bastidores, aliados do ex-presidente Jair Bolsonaro cobram mais clareza e fidelidade do governador paulista. A avalia\u00e7\u00e3o \u00e9 que o sil\u00eancio estrat\u00e9gico e o tom de pr\u00e9-campanha alimentam especula\u00e7\u00f5es e acirram disputas internas no campo conservador.\" \/>\n<meta property=\"og:url\" content=\"https:\/\/sudoesteacontece.com.br\/?p=6128\" \/>\n<meta property=\"og:site_name\" content=\"Sudoesteacontece\" \/>\n<meta property=\"article:publisher\" content=\"https:\/\/www.facebook.com\/sudoesteacontece\/?locale=pt_BR\" \/>\n<meta property=\"article:published_time\" content=\"2026-01-14T22:00:56+00:00\" \/>\n<meta property=\"article:modified_time\" content=\"2026-01-14T22:01:03+00:00\" \/>\n<meta property=\"og:image\" content=\"https:\/\/sudoesteacontece.com.br\/wp-content\/uploads\/2025\/11\/Apos-evento-com-Tarcisio-prefeito-de-Luis-Eduardo-Magalhaes-reduz-apoio-a-Jeronimo-e-prega-cautela-para-2026-sudoeste-acontece.jpg\" \/>\n\t<meta property=\"og:image:width\" content=\"900\" \/>\n\t<meta property=\"og:image:height\" content=\"600\" \/>\n\t<meta property=\"og:image:type\" content=\"image\/jpeg\" \/>\n<meta name=\"author\" content=\"Reda\u00e7\u00e3o\" \/>\n<meta name=\"twitter:card\" content=\"summary_large_image\" \/>\n<meta name=\"twitter:label1\" content=\"Escrito por\" \/>\n\t<meta name=\"twitter:data1\" content=\"Reda\u00e7\u00e3o\" \/>\n\t<meta name=\"twitter:label2\" content=\"Est. tempo de leitura\" \/>\n\t<meta name=\"twitter:data2\" content=\"2 minutos\" \/>\n<script type=\"application\/ld+json\" class=\"yoast-schema-graph\">{\"@context\":\"https:\/\/schema.org\",\"@graph\":[{\"@type\":\"Article\",\"@id\":\"https:\/\/sudoesteacontece.com.br\/?p=6128#article\",\"isPartOf\":{\"@id\":\"https:\/\/sudoesteacontece.com.br\/?p=6128\"},\"author\":{\"name\":\"Reda\u00e7\u00e3o\",\"@id\":\"https:\/\/sudoesteacontece.com.br\/#\/schema\/person\/a4f22429c1d0923ef8f7d43343f8dc38\"},\"headline\":\"Primeira-dama chama Tarc\u00edsio de \u2018novo CEO do Brasil\u2019 e reacende especula\u00e7\u00e3o sobre 2026\",\"datePublished\":\"2026-01-14T22:00:56+00:00\",\"dateModified\":\"2026-01-14T22:01:03+00:00\",\"mainEntityOfPage\":{\"@id\":\"https:\/\/sudoesteacontece.com.br\/?p=6128\"},\"wordCount\":294,\"commentCount\":0,\"publisher\":{\"@id\":\"https:\/\/sudoesteacontece.com.br\/#organization\"},\"image\":{\"@id\":\"https:\/\/sudoesteacontece.com.br\/?p=6128#primaryimage\"},\"thumbnailUrl\":\"https:\/\/sudoesteacontece.com.br\/wp-content\/uploads\/2025\/11\/Apos-evento-com-Tarcisio-prefeito-de-Luis-Eduardo-Magalhaes-reduz-apoio-a-Jeronimo-e-prega-cautela-para-2026-sudoeste-acontece.jpg\",\"articleSection\":[\"Brasil\",\"Elei\u00e7\u00f5es 2026\",\"Internacional\",\"Pol\u00edtica\"],\"inLanguage\":\"pt-BR\",\"potentialAction\":[{\"@type\":\"CommentAction\",\"name\":\"Comment\",\"target\":[\"https:\/\/sudoesteacontece.com.br\/?p=6128#respond\"]}]},{\"@type\":\"WebPage\",\"@id\":\"https:\/\/sudoesteacontece.com.br\/?p=6128\",\"url\":\"https:\/\/sudoesteacontece.com.br\/?p=6128\",\"name\":\"Primeira-dama chama Tarc\u00edsio de \u2018novo CEO do Brasil\u2019 e reacende especula\u00e7\u00e3o sobre 2026 - Sudoesteacontece\",\"isPartOf\":{\"@id\":\"https:\/\/sudoesteacontece.com.br\/#website\"},\"primaryImageOfPage\":{\"@id\":\"https:\/\/sudoesteacontece.com.br\/?p=6128#primaryimage\"},\"image\":{\"@id\":\"https:\/\/sudoesteacontece.com.br\/?p=6128#primaryimage\"},\"thumbnailUrl\":\"https:\/\/sudoesteacontece.com.br\/wp-content\/uploads\/2025\/11\/Apos-evento-com-Tarcisio-prefeito-de-Luis-Eduardo-Magalhaes-reduz-apoio-a-Jeronimo-e-prega-cautela-para-2026-sudoeste-acontece.jpg\",\"datePublished\":\"2026-01-14T22:00:56+00:00\",\"dateModified\":\"2026-01-14T22:01:03+00:00\",\"breadcrumb\":{\"@id\":\"https:\/\/sudoesteacontece.com.br\/?p=6128#breadcrumb\"},\"inLanguage\":\"pt-BR\",\"potentialAction\":[{\"@type\":\"ReadAction\",\"target\":[\"https:\/\/sudoesteacontece.com.br\/?p=6128\"]}]},{\"@type\":\"ImageObject\",\"inLanguage\":\"pt-BR\",\"@id\":\"https:\/\/sudoesteacontece.com.br\/?p=6128#primaryimage\",\"url\":\"https:\/\/sudoesteacontece.com.br\/wp-content\/uploads\/2025\/11\/Apos-evento-com-Tarcisio-prefeito-de-Luis-Eduardo-Magalhaes-reduz-apoio-a-Jeronimo-e-prega-cautela-para-2026-sudoeste-acontece.jpg\",\"contentUrl\":\"https:\/\/sudoesteacontece.com.br\/wp-content\/uploads\/2025\/11\/Apos-evento-com-Tarcisio-prefeito-de-Luis-Eduardo-Magalhaes-reduz-apoio-a-Jeronimo-e-prega-cautela-para-2026-sudoeste-acontece.jpg\",\"width\":900,\"height\":600},{\"@type\":\"BreadcrumbList\",\"@id\":\"https:\/\/sudoesteacontece.com.br\/?p=6128#breadcrumb\",\"itemListElement\":[{\"@type\":\"ListItem\",\"position\":1,\"name\":\"In\u00edcio\",\"item\":\"https:\/\/sudoesteacontece.com.br\/\"},{\"@type\":\"ListItem\",\"position\":2,\"name\":\"Primeira-dama chama Tarc\u00edsio de \u2018novo CEO do Brasil\u2019 e reacende especula\u00e7\u00e3o sobre 2026\"}]},{\"@type\":\"WebSite\",\"@id\":\"https:\/\/sudoesteacontece.com.br\/#website\",\"url\":\"https:\/\/sudoesteacontece.com.br\/\",\"name\":\"Sudoesteacontece\",\"description\":\"\",\"publisher\":{\"@id\":\"https:\/\/sudoesteacontece.com.br\/#organization\"},\"potentialAction\":[{\"@type\":\"SearchAction\",\"target\":{\"@type\":\"EntryPoint\",\"urlTemplate\":\"https:\/\/sudoesteacontece.com.br\/?s={search_term_string}\"},\"query-input\":{\"@type\":\"PropertyValueSpecification\",\"valueRequired\":true,\"valueName\":\"search_term_string\"}}],\"inLanguage\":\"pt-BR\"},{\"@type\":\"Organization\",\"@id\":\"https:\/\/sudoesteacontece.com.br\/#organization\",\"name\":\"Sudoesteacontece\",\"url\":\"https:\/\/sudoesteacontece.com.br\/\",\"logo\":{\"@type\":\"ImageObject\",\"inLanguage\":\"pt-BR\",\"@id\":\"https:\/\/sudoesteacontece.com.br\/#\/schema\/logo\/image\/\",\"url\":\"https:\/\/sudoesteacontece.com.br\/wp-content\/uploads\/2025\/12\/cropped-logo-2-180x180-1.png\",\"contentUrl\":\"https:\/\/sudoesteacontece.com.br\/wp-content\/uploads\/2025\/12\/cropped-logo-2-180x180-1.png\",\"width\":180,\"height\":180,\"caption\":\"Sudoesteacontece\"},\"image\":{\"@id\":\"https:\/\/sudoesteacontece.com.br\/#\/schema\/logo\/image\/\"},\"sameAs\":[\"https:\/\/www.facebook.com\/sudoesteacontece\/?locale=pt_BR\"]},{\"@type\":\"Person\",\"@id\":\"https:\/\/sudoesteacontece.com.br\/#\/schema\/person\/a4f22429c1d0923ef8f7d43343f8dc38\",\"name\":\"Reda\u00e7\u00e3o\",\"image\":{\"@type\":\"ImageObject\",\"inLanguage\":\"pt-BR\",\"@id\":\"https:\/\/sudoesteacontece.com.br\/#\/schema\/person\/image\/\",\"url\":\"https:\/\/secure.gravatar.com\/avatar\/c3a5b3c93f268a709c25a2df414c629a96fb3b1b4bf97a94fb3f72e54ae76903?s=96&d=mm&r=g\",\"contentUrl\":\"https:\/\/secure.gravatar.com\/avatar\/c3a5b3c93f268a709c25a2df414c629a96fb3b1b4bf97a94fb3f72e54ae76903?s=96&d=mm&r=g\",\"caption\":\"Reda\u00e7\u00e3o\"},\"url\":\"https:\/\/sudoesteacontece.com.br\/?author=4\"}]}<\/script>\n<!-- \/ Yoast SEO plugin. -->","yoast_head_json":{"title":"Primeira-dama chama Tarc\u00edsio de \u2018novo CEO do Brasil\u2019 e reacende especula\u00e7\u00e3o sobre 2026 - Sudoesteacontece","robots":{"index":"index","follow":"follow","max-snippet":"max-snippet:-1","max-image-preview":"max-image-preview:large","max-video-preview":"max-video-preview:-1"},"canonical":"https:\/\/sudoesteacontece.com.br\/?p=6128","og_locale":"pt_BR","og_type":"article","og_title":"Primeira-dama chama Tarc\u00edsio de \u2018novo CEO do Brasil\u2019 e reacende especula\u00e7\u00e3o sobre 2026 - Sudoesteacontece","og_description":"Declara\u00e7\u00e3o da primeira-dama de S\u00e3o Paulo, Cristiane de Freitas, movimentou o debate pol\u00edtico ao sugerir que o pa\u00eds precisa de um \u201cnovo CEO\u201d. A fala foi feita em coment\u00e1rio em uma publica\u00e7\u00e3o do governador Tarc\u00edsio de Freitas, nas redes sociais, e foi interpretada como um sinal claro de ambi\u00e7\u00e3o nacional. Na postagem, Tarc\u00edsio aparece discursando e faz cr\u00edticas diretas ao governo do presidente Lula. O governador afirma que a atual gest\u00e3o \u201cn\u00e3o tem nada de moderno\u201d e defende mudan\u00e7as profundas na administra\u00e7\u00e3o p\u00fablica, com redu\u00e7\u00e3o do Estado e retomada de privatiza\u00e7\u00f5es. Durante o v\u00eddeo, Tarc\u00edsio projeta economia de at\u00e9 3,5% do PIB com uma reforma administrativa. Segundo ele, a medida abriria caminho para uma \u201cexplos\u00e3o de recursos\u201d e destravaria o crescimento do pa\u00eds, em um discurso alinhado \u00e0 agenda liberal da direita. Em outro trecho, o governador endurece o tom pol\u00edtico ao afirmar que o Brasil n\u00e3o suportaria mais quatro anos de PT. Sem citar nomes, ele diz que retirar o atual governo do poder seria o \u00fanico caminho para a direita nas elei\u00e7\u00f5es de 2026. Para analistas, o discurso refor\u00e7a a leitura de que Tarc\u00edsio testa o terreno para uma candidatura presidencial. A postura mais polarizada contrasta com declara\u00e7\u00f5es anteriores de apoio a Fl\u00e1vio Bolsonaro e tem causado inc\u00f4modo no n\u00facleo bolsonarista. Nos bastidores, aliados do ex-presidente Jair Bolsonaro cobram mais clareza e fidelidade do governador paulista. A avalia\u00e7\u00e3o \u00e9 que o sil\u00eancio estrat\u00e9gico e o tom de pr\u00e9-campanha alimentam especula\u00e7\u00f5es e acirram disputas internas no campo conservador.","og_url":"https:\/\/sudoesteacontece.com.br\/?p=6128","og_site_name":"Sudoesteacontece","article_publisher":"https:\/\/www.facebook.com\/sudoesteacontece\/?locale=pt_BR","article_published_time":"2026-01-14T22:00:56+00:00","article_modified_time":"2026-01-14T22:01:03+00:00","og_image":[{"width":900,"height":600,"url":"https:\/\/sudoesteacontece.com.br\/wp-content\/uploads\/2025\/11\/Apos-evento-com-Tarcisio-prefeito-de-Luis-Eduardo-Magalhaes-reduz-apoio-a-Jeronimo-e-prega-cautela-para-2026-sudoeste-acontece.jpg","type":"image\/jpeg"}],"author":"Reda\u00e7\u00e3o","twitter_card":"summary_large_image","twitter_misc":{"Escrito por":"Reda\u00e7\u00e3o","Est. tempo de leitura":"2 minutos"},"schema":{"@context":"https:\/\/schema.org","@graph":[{"@type":"Article","@id":"https:\/\/sudoesteacontece.com.br\/?p=6128#article","isPartOf":{"@id":"https:\/\/sudoesteacontece.com.br\/?p=6128"},"author":{"name":"Reda\u00e7\u00e3o","@id":"https:\/\/sudoesteacontece.com.br\/#\/schema\/person\/a4f22429c1d0923ef8f7d43343f8dc38"},"headline":"Primeira-dama chama Tarc\u00edsio de \u2018novo CEO do Brasil\u2019 e reacende especula\u00e7\u00e3o sobre 2026","datePublished":"2026-01-14T22:00:56+00:00","dateModified":"2026-01-14T22:01:03+00:00","mainEntityOfPage":{"@id":"https:\/\/sudoesteacontece.com.br\/?p=6128"},"wordCount":294,"commentCount":0,"publisher":{"@id":"https:\/\/sudoesteacontece.com.br\/#organization"},"image":{"@id":"https:\/\/sudoesteacontece.com.br\/?p=6128#primaryimage"},"thumbnailUrl":"https:\/\/sudoesteacontece.com.br\/wp-content\/uploads\/2025\/11\/Apos-evento-com-Tarcisio-prefeito-de-Luis-Eduardo-Magalhaes-reduz-apoio-a-Jeronimo-e-prega-cautela-para-2026-sudoeste-acontece.jpg","articleSection":["Brasil","Elei\u00e7\u00f5es 2026","Internacional","Pol\u00edtica"],"inLanguage":"pt-BR","potentialAction":[{"@type":"CommentAction","name":"Comment","target":["https:\/\/sudoesteacontece.com.br\/?p=6128#respond"]}]},{"@type":"WebPage","@id":"https:\/\/sudoesteacontece.com.br\/?p=6128","url":"https:\/\/sudoesteacontece.com.br\/?p=6128","name":"Primeira-dama chama Tarc\u00edsio de \u2018novo CEO do Brasil\u2019 e reacende especula\u00e7\u00e3o sobre 2026 - Sudoesteacontece","isPartOf":{"@id":"https:\/\/sudoesteacontece.com.br\/#website"},"primaryImageOfPage":{"@id":"https:\/\/sudoesteacontece.com.br\/?p=6128#primaryimage"},"image":{"@id":"https:\/\/sudoesteacontece.com.br\/?p=6128#primaryimage"},"thumbnailUrl":"https:\/\/sudoesteacontece.com.br\/wp-content\/uploads\/2025\/11\/Apos-evento-com-Tarcisio-prefeito-de-Luis-Eduardo-Magalhaes-reduz-apoio-a-Jeronimo-e-prega-cautela-para-2026-sudoeste-acontece.jpg","datePublished":"2026-01-14T22:00:56+00:00","dateModified":"2026-01-14T22:01:03+00:00","breadcrumb":{"@id":"https:\/\/sudoesteacontece.com.br\/?p=6128#breadcrumb"},"inLanguage":"pt-BR","potentialAction":[{"@type":"ReadAction","target":["https:\/\/sudoesteacontece.com.br\/?p=6128"]}]},{"@type":"ImageObject","inLanguage":"pt-BR","@id":"https:\/\/sudoesteacontece.com.br\/?p=6128#primaryimage","url":"https:\/\/sudoesteacontece.com.br\/wp-content\/uploads\/2025\/11\/Apos-evento-com-Tarcisio-prefeito-de-Luis-Eduardo-Magalhaes-reduz-apoio-a-Jeronimo-e-prega-cautela-para-2026-sudoeste-acontece.jpg","contentUrl":"https:\/\/sudoesteacontece.com.br\/wp-content\/uploads\/2025\/11\/Apos-evento-com-Tarcisio-prefeito-de-Luis-Eduardo-Magalhaes-reduz-apoio-a-Jeronimo-e-prega-cautela-para-2026-sudoeste-acontece.jpg","width":900,"height":600},{"@type":"BreadcrumbList","@id":"https:\/\/sudoesteacontece.com.br\/?p=6128#breadcrumb","itemListElement":[{"@type":"ListItem","position":1,"name":"In\u00edcio","item":"https:\/\/sudoesteacontece.com.br\/"},{"@type":"ListItem","position":2,"name":"Primeira-dama chama Tarc\u00edsio de \u2018novo CEO do Brasil\u2019 e reacende especula\u00e7\u00e3o sobre 2026"}]},{"@type":"WebSite","@id":"https:\/\/sudoesteacontece.com.br\/#website","url":"https:\/\/sudoesteacontece.com.br\/","name":"Sudoesteacontece","description":"","publisher":{"@id":"https:\/\/sudoesteacontece.com.br\/#organization"},"potentialAction":[{"@type":"SearchAction","target":{"@type":"EntryPoint","urlTemplate":"https:\/\/sudoesteacontece.com.br\/?s={search_term_string}"},"query-input":{"@type":"PropertyValueSpecification","valueRequired":true,"valueName":"search_term_string"}}],"inLanguage":"pt-BR"},{"@type":"Organization","@id":"https:\/\/sudoesteacontece.com.br\/#organization","name":"Sudoesteacontece","url":"https:\/\/sudoesteacontece.com.br\/","logo":{"@type":"ImageObject","inLanguage":"pt-BR","@id":"https:\/\/sudoesteacontece.com.br\/#\/schema\/logo\/image\/","url":"https:\/\/sudoesteacontece.com.br\/wp-content\/uploads\/2025\/12\/cropped-logo-2-180x180-1.png","contentUrl":"https:\/\/sudoesteacontece.com.br\/wp-content\/uploads\/2025\/12\/cropped-logo-2-180x180-1.png","width":180,"height":180,"caption":"Sudoesteacontece"},"image":{"@id":"https:\/\/sudoesteacontece.com.br\/#\/schema\/logo\/image\/"},"sameAs":["https:\/\/www.facebook.com\/sudoesteacontece\/?locale=pt_BR"]},{"@type":"Person","@id":"https:\/\/sudoesteacontece.com.br\/#\/schema\/person\/a4f22429c1d0923ef8f7d43343f8dc38","name":"Reda\u00e7\u00e3o","image":{"@type":"ImageObject","inLanguage":"pt-BR","@id":"https:\/\/sudoesteacontece.com.br\/#\/schema\/person\/image\/","url":"https:\/\/secure.gravatar.com\/avatar\/c3a5b3c93f268a709c25a2df414c629a96fb3b1b4bf97a94fb3f72e54ae76903?s=96&d=mm&r=g","contentUrl":"https:\/\/secure.gravatar.com\/avatar\/c3a5b3c93f268a709c25a2df414c629a96fb3b1b4bf97a94fb3f72e54ae76903?s=96&d=mm&r=g","caption":"Reda\u00e7\u00e3o"},"url":"https:\/\/sudoesteacontece.com.br\/?author=4"}]}},"_links":{"self":[{"href":"https:\/\/sudoesteacontece.com.br\/index.php?rest_route=\/wp\/v2\/posts\/6128","targetHints":{"allow":["GET"]}}],"collection":[{"href":"https:\/\/sudoesteacontece.com.br\/index.php?rest_route=\/wp\/v2\/posts"}],"about":[{"href":"https:\/\/sudoesteacontece.com.br\/index.php?rest_route=\/wp\/v2\/types\/post"}],"author":[{"embeddable":true,"href":"https:\/\/sudoesteacontece.com.br\/index.php?rest_route=\/wp\/v2\/users\/4"}],"replies":[{"embeddable":true,"href":"https:\/\/sudoesteacontece.com.br\/index.php?rest_route=%2Fwp%2Fv2%2Fcomments&post=6128"}],"version-history":[{"count":0,"href":"https:\/\/sudoesteacontece.com.br\/index.php?rest_route=\/wp\/v2\/posts\/6128\/revisions"}],"wp:featuredmedia":[{"embeddable":true,"href":"https:\/\/sudoesteacontece.com.br\/index.php?rest_route=\/wp\/v2\/media\/3124"}],"wp:attachment":[{"href":"https:\/\/sudoesteacontece.com.br\/index.php?rest_route=%2Fwp%2Fv2%2Fmedia&parent=6128"}],"wp:term":[{"taxonomy":"category","embeddable":true,"href":"https:\/\/sudoesteacontece.com.br\/index.php?rest_route=%2Fwp%2Fv2%2Fcategories&post=6128"},{"taxonomy":"post_tag","embeddable":true,"href":"https:\/\/sudoesteacontece.com.br\/index.php?rest_route=%2Fwp%2Fv2%2Ftags&post=6128"}],"curies":[{"name":"wp","href":"https:\/\/api.w.org\/{rel}","templated":true}]}}