{"id":6137,"date":"2026-01-15T10:13:04","date_gmt":"2026-01-15T13:13:04","guid":{"rendered":"https:\/\/sudoesteacontece.com.br\/?p=6137"},"modified":"2026-01-15T10:13:11","modified_gmt":"2026-01-15T13:13:11","slug":"colisao-violenta-na-ba-160-mata-mae-e-filha-de-dom-basilio-no-sudoeste-da-bahia","status":"publish","type":"post","link":"https:\/\/sudoesteacontece.com.br\/?p=6137","title":{"rendered":"Colis\u00e3o violenta na BA-160 mata m\u00e3e e filha de Dom Bas\u00edlio no sudoeste da Bahia"},"content":{"rendered":"<div class=\"wp-block-image\">\n<figure class=\"aligncenter size-full\"><img fetchpriority=\"high\" decoding=\"async\" width=\"900\" height=\"600\" src=\"http:\/\/sudoesteacontece.com.br\/wp-content\/uploads\/2026\/01\/Colisao-violenta-na-BA-160-mata-mae-e-filha-de-Dom-Basilio-no-sudoeste-da-Bahia-sudoeste-acontece.jpg\" alt=\"\" class=\"wp-image-6161\" srcset=\"https:\/\/sudoesteacontece.com.br\/wp-content\/uploads\/2026\/01\/Colisao-violenta-na-BA-160-mata-mae-e-filha-de-Dom-Basilio-no-sudoeste-da-Bahia-sudoeste-acontece.jpg 900w, https:\/\/sudoesteacontece.com.br\/wp-content\/uploads\/2026\/01\/Colisao-violenta-na-BA-160-mata-mae-e-filha-de-Dom-Basilio-no-sudoeste-da-Bahia-sudoeste-acontece-300x200.jpg 300w, https:\/\/sudoesteacontece.com.br\/wp-content\/uploads\/2026\/01\/Colisao-violenta-na-BA-160-mata-mae-e-filha-de-Dom-Basilio-no-sudoeste-da-Bahia-sudoeste-acontece-768x512.jpg 768w\" sizes=\"(max-width: 900px) 100vw, 900px\" \/><\/figure>\n<\/div>\n\n\n<p>Trag\u00e9dia marcou a tarde desta quarta-feira (14) na BA-160. Uma colis\u00e3o no trevo da Lapa, liga\u00e7\u00e3o da BR-030 com a BA-160, matou m\u00e3e e filha de Dom Bas\u00edlio. O acidente ocorreu por volta das 16h40, no sentido do distrito de Parateca, j\u00e1 em Malhada, e mobilizou equipes de resgate e seguran\u00e7a.<\/p>\n\n\n\n<p>Identificadas, as v\u00edtimas s\u00e3o Fabiula Neves Ribeiro, de 38 anos, e Maria Ros\u00e1ria Neves Ribeiro, de 66. Elas estavam em uma Toyota Hilux, com placa de Dom Bas\u00edlio, a caminho de Carinhanha, quando o ve\u00edculo se envolveu em uma colis\u00e3o com um Chevrolet Corsa. A for\u00e7a do impacto foi intensa, e as duas morreram no local.<\/p>\n\n\n\n<p>Al\u00e9m disso, duas pessoas ficaram feridas. Um menino de 10 anos, identificado pelas iniciais J.R.B., foi socorrido pelo Samu e levado ao Hospital Municipal de Iuiu. Ap\u00f3s exames, os m\u00e9dicos descartaram ferimentos. Um homem teve les\u00f5es leves e foi encaminhado ao Hospital S\u00e3o Geraldo, onde permanece em observa\u00e7\u00e3o.<\/p>\n\n\n\n<p>Segundo apura\u00e7\u00e3o, a fam\u00edlia havia sa\u00eddo da comunidade de Po\u00e7a Os\u00f3rio, zona rural de Dom Bas\u00edlio. Policiais da 38\u00aa CIPM isolaram a \u00e1rea e controlaram o tr\u00e1fego. O DPT realizou a per\u00edcia e encaminhou os corpos ao IML de Guanambi. As causas do acidente seguem sob investiga\u00e7\u00e3o.<\/p>\n","protected":false},"excerpt":{"rendered":"<p>Trag\u00e9dia marcou a tarde desta quarta-feira (14) na BA-160. Uma colis\u00e3o no trevo da Lapa, liga\u00e7\u00e3o da BR-030 com a BA-160, matou m\u00e3e e filha de Dom Bas\u00edlio. O acidente ocorreu por volta das 16h40, no sentido do distrito de Parateca, j\u00e1 em Malhada, e mobilizou equipes de resgate e seguran\u00e7a. Identificadas, as v\u00edtimas s\u00e3o Fabiula Neves Ribeiro, de 38 anos, e Maria Ros\u00e1ria Neves Ribeiro, de 66. Elas estavam em uma Toyota Hilux, com placa de Dom Bas\u00edlio, a caminho de Carinhanha, quando o ve\u00edculo se envolveu em uma colis\u00e3o com um Chevrolet Corsa. A for\u00e7a do impacto foi intensa, e as duas morreram no local. Al\u00e9m disso, duas pessoas ficaram feridas. Um menino de 10 anos, identificado pelas iniciais J.R.B., foi socorrido pelo Samu e levado ao Hospital Municipal de Iuiu. Ap\u00f3s exames, os m\u00e9dicos descartaram ferimentos. Um homem teve les\u00f5es leves e foi encaminhado ao Hospital S\u00e3o Geraldo, onde permanece em observa\u00e7\u00e3o. Segundo apura\u00e7\u00e3o, a fam\u00edlia havia sa\u00eddo da comunidade de Po\u00e7a Os\u00f3rio, zona rural de Dom Bas\u00edlio. Policiais da 38\u00aa CIPM isolaram a \u00e1rea e controlaram o tr\u00e1fego. O DPT realizou a per\u00edcia e encaminhou os corpos ao IML de Guanambi. As causas do acidente seguem sob investiga\u00e7\u00e3o.<\/p>\n","protected":false},"author":4,"featured_media":6161,"comment_status":"open","ping_status":"open","sticky":false,"template":"","format":"standard","meta":{"footnotes":""},"categories":[5],"tags":[],"class_list":["post-6137","post","type-post","status-publish","format-standard","has-post-thumbnail","hentry","category-acidente"],"yoast_head":"<!-- This site is optimized with the Yoast SEO plugin v26.5 - https:\/\/yoast.com\/wordpress\/plugins\/seo\/ -->\n<title>Colis\u00e3o violenta na BA-160 mata m\u00e3e e filha de Dom Bas\u00edlio no sudoeste da Bahia - Sudoesteacontece<\/title>\n<meta name=\"robots\" content=\"index, follow, max-snippet:-1, max-image-preview:large, max-video-preview:-1\" \/>\n<link rel=\"canonical\" href=\"https:\/\/sudoesteacontece.com.br\/?p=6137\" \/>\n<meta property=\"og:locale\" content=\"pt_BR\" \/>\n<meta property=\"og:type\" content=\"article\" \/>\n<meta property=\"og:title\" content=\"Colis\u00e3o violenta na BA-160 mata m\u00e3e e filha de Dom Bas\u00edlio no sudoeste da Bahia - Sudoesteacontece\" \/>\n<meta property=\"og:description\" content=\"Trag\u00e9dia marcou a tarde desta quarta-feira (14) na BA-160. Uma colis\u00e3o no trevo da Lapa, liga\u00e7\u00e3o da BR-030 com a BA-160, matou m\u00e3e e filha de Dom Bas\u00edlio. O acidente ocorreu por volta das 16h40, no sentido do distrito de Parateca, j\u00e1 em Malhada, e mobilizou equipes de resgate e seguran\u00e7a. Identificadas, as v\u00edtimas s\u00e3o Fabiula Neves Ribeiro, de 38 anos, e Maria Ros\u00e1ria Neves Ribeiro, de 66. Elas estavam em uma Toyota Hilux, com placa de Dom Bas\u00edlio, a caminho de Carinhanha, quando o ve\u00edculo se envolveu em uma colis\u00e3o com um Chevrolet Corsa. A for\u00e7a do impacto foi intensa, e as duas morreram no local. Al\u00e9m disso, duas pessoas ficaram feridas. Um menino de 10 anos, identificado pelas iniciais J.R.B., foi socorrido pelo Samu e levado ao Hospital Municipal de Iuiu. Ap\u00f3s exames, os m\u00e9dicos descartaram ferimentos. Um homem teve les\u00f5es leves e foi encaminhado ao Hospital S\u00e3o Geraldo, onde permanece em observa\u00e7\u00e3o. Segundo apura\u00e7\u00e3o, a fam\u00edlia havia sa\u00eddo da comunidade de Po\u00e7a Os\u00f3rio, zona rural de Dom Bas\u00edlio. Policiais da 38\u00aa CIPM isolaram a \u00e1rea e controlaram o tr\u00e1fego. O DPT realizou a per\u00edcia e encaminhou os corpos ao IML de Guanambi. As causas do acidente seguem sob investiga\u00e7\u00e3o.\" \/>\n<meta property=\"og:url\" content=\"https:\/\/sudoesteacontece.com.br\/?p=6137\" \/>\n<meta property=\"og:site_name\" content=\"Sudoesteacontece\" \/>\n<meta property=\"article:publisher\" content=\"https:\/\/www.facebook.com\/sudoesteacontece\/?locale=pt_BR\" \/>\n<meta property=\"article:published_time\" content=\"2026-01-15T13:13:04+00:00\" \/>\n<meta property=\"article:modified_time\" content=\"2026-01-15T13:13:11+00:00\" \/>\n<meta property=\"og:image\" content=\"https:\/\/sudoesteacontece.com.br\/wp-content\/uploads\/2026\/01\/Colisao-violenta-na-BA-160-mata-mae-e-filha-de-Dom-Basilio-no-sudoeste-da-Bahia-sudoeste-acontece.jpg\" \/>\n\t<meta property=\"og:image:width\" content=\"900\" \/>\n\t<meta property=\"og:image:height\" content=\"600\" \/>\n\t<meta property=\"og:image:type\" content=\"image\/jpeg\" \/>\n<meta name=\"author\" content=\"Reda\u00e7\u00e3o\" \/>\n<meta name=\"twitter:card\" content=\"summary_large_image\" \/>\n<meta name=\"twitter:label1\" content=\"Escrito por\" \/>\n\t<meta name=\"twitter:data1\" content=\"Reda\u00e7\u00e3o\" \/>\n\t<meta name=\"twitter:label2\" content=\"Est. tempo de leitura\" \/>\n\t<meta name=\"twitter:data2\" content=\"2 minutos\" \/>\n<script type=\"application\/ld+json\" class=\"yoast-schema-graph\">{\"@context\":\"https:\/\/schema.org\",\"@graph\":[{\"@type\":\"Article\",\"@id\":\"https:\/\/sudoesteacontece.com.br\/?p=6137#article\",\"isPartOf\":{\"@id\":\"https:\/\/sudoesteacontece.com.br\/?p=6137\"},\"author\":{\"name\":\"Reda\u00e7\u00e3o\",\"@id\":\"https:\/\/sudoesteacontece.com.br\/#\/schema\/person\/a4f22429c1d0923ef8f7d43343f8dc38\"},\"headline\":\"Colis\u00e3o violenta na BA-160 mata m\u00e3e e filha de Dom Bas\u00edlio no sudoeste da Bahia\",\"datePublished\":\"2026-01-15T13:13:04+00:00\",\"dateModified\":\"2026-01-15T13:13:11+00:00\",\"mainEntityOfPage\":{\"@id\":\"https:\/\/sudoesteacontece.com.br\/?p=6137\"},\"wordCount\":245,\"commentCount\":0,\"publisher\":{\"@id\":\"https:\/\/sudoesteacontece.com.br\/#organization\"},\"image\":{\"@id\":\"https:\/\/sudoesteacontece.com.br\/?p=6137#primaryimage\"},\"thumbnailUrl\":\"https:\/\/sudoesteacontece.com.br\/wp-content\/uploads\/2026\/01\/Colisao-violenta-na-BA-160-mata-mae-e-filha-de-Dom-Basilio-no-sudoeste-da-Bahia-sudoeste-acontece.jpg\",\"articleSection\":[\"Acidente\"],\"inLanguage\":\"pt-BR\",\"potentialAction\":[{\"@type\":\"CommentAction\",\"name\":\"Comment\",\"target\":[\"https:\/\/sudoesteacontece.com.br\/?p=6137#respond\"]}]},{\"@type\":\"WebPage\",\"@id\":\"https:\/\/sudoesteacontece.com.br\/?p=6137\",\"url\":\"https:\/\/sudoesteacontece.com.br\/?p=6137\",\"name\":\"Colis\u00e3o violenta na BA-160 mata m\u00e3e e filha de Dom Bas\u00edlio no sudoeste da Bahia - Sudoesteacontece\",\"isPartOf\":{\"@id\":\"https:\/\/sudoesteacontece.com.br\/#website\"},\"primaryImageOfPage\":{\"@id\":\"https:\/\/sudoesteacontece.com.br\/?p=6137#primaryimage\"},\"image\":{\"@id\":\"https:\/\/sudoesteacontece.com.br\/?p=6137#primaryimage\"},\"thumbnailUrl\":\"https:\/\/sudoesteacontece.com.br\/wp-content\/uploads\/2026\/01\/Colisao-violenta-na-BA-160-mata-mae-e-filha-de-Dom-Basilio-no-sudoeste-da-Bahia-sudoeste-acontece.jpg\",\"datePublished\":\"2026-01-15T13:13:04+00:00\",\"dateModified\":\"2026-01-15T13:13:11+00:00\",\"breadcrumb\":{\"@id\":\"https:\/\/sudoesteacontece.com.br\/?p=6137#breadcrumb\"},\"inLanguage\":\"pt-BR\",\"potentialAction\":[{\"@type\":\"ReadAction\",\"target\":[\"https:\/\/sudoesteacontece.com.br\/?p=6137\"]}]},{\"@type\":\"ImageObject\",\"inLanguage\":\"pt-BR\",\"@id\":\"https:\/\/sudoesteacontece.com.br\/?p=6137#primaryimage\",\"url\":\"https:\/\/sudoesteacontece.com.br\/wp-content\/uploads\/2026\/01\/Colisao-violenta-na-BA-160-mata-mae-e-filha-de-Dom-Basilio-no-sudoeste-da-Bahia-sudoeste-acontece.jpg\",\"contentUrl\":\"https:\/\/sudoesteacontece.com.br\/wp-content\/uploads\/2026\/01\/Colisao-violenta-na-BA-160-mata-mae-e-filha-de-Dom-Basilio-no-sudoeste-da-Bahia-sudoeste-acontece.jpg\",\"width\":900,\"height\":600},{\"@type\":\"BreadcrumbList\",\"@id\":\"https:\/\/sudoesteacontece.com.br\/?p=6137#breadcrumb\",\"itemListElement\":[{\"@type\":\"ListItem\",\"position\":1,\"name\":\"In\u00edcio\",\"item\":\"https:\/\/sudoesteacontece.com.br\/\"},{\"@type\":\"ListItem\",\"position\":2,\"name\":\"Colis\u00e3o violenta na BA-160 mata m\u00e3e e filha de Dom Bas\u00edlio no sudoeste da Bahia\"}]},{\"@type\":\"WebSite\",\"@id\":\"https:\/\/sudoesteacontece.com.br\/#website\",\"url\":\"https:\/\/sudoesteacontece.com.br\/\",\"name\":\"Sudoesteacontece\",\"description\":\"\",\"publisher\":{\"@id\":\"https:\/\/sudoesteacontece.com.br\/#organization\"},\"potentialAction\":[{\"@type\":\"SearchAction\",\"target\":{\"@type\":\"EntryPoint\",\"urlTemplate\":\"https:\/\/sudoesteacontece.com.br\/?s={search_term_string}\"},\"query-input\":{\"@type\":\"PropertyValueSpecification\",\"valueRequired\":true,\"valueName\":\"search_term_string\"}}],\"inLanguage\":\"pt-BR\"},{\"@type\":\"Organization\",\"@id\":\"https:\/\/sudoesteacontece.com.br\/#organization\",\"name\":\"Sudoesteacontece\",\"url\":\"https:\/\/sudoesteacontece.com.br\/\",\"logo\":{\"@type\":\"ImageObject\",\"inLanguage\":\"pt-BR\",\"@id\":\"https:\/\/sudoesteacontece.com.br\/#\/schema\/logo\/image\/\",\"url\":\"https:\/\/sudoesteacontece.com.br\/wp-content\/uploads\/2025\/12\/cropped-logo-2-180x180-1.png\",\"contentUrl\":\"https:\/\/sudoesteacontece.com.br\/wp-content\/uploads\/2025\/12\/cropped-logo-2-180x180-1.png\",\"width\":180,\"height\":180,\"caption\":\"Sudoesteacontece\"},\"image\":{\"@id\":\"https:\/\/sudoesteacontece.com.br\/#\/schema\/logo\/image\/\"},\"sameAs\":[\"https:\/\/www.facebook.com\/sudoesteacontece\/?locale=pt_BR\"]},{\"@type\":\"Person\",\"@id\":\"https:\/\/sudoesteacontece.com.br\/#\/schema\/person\/a4f22429c1d0923ef8f7d43343f8dc38\",\"name\":\"Reda\u00e7\u00e3o\",\"image\":{\"@type\":\"ImageObject\",\"inLanguage\":\"pt-BR\",\"@id\":\"https:\/\/sudoesteacontece.com.br\/#\/schema\/person\/image\/\",\"url\":\"https:\/\/secure.gravatar.com\/avatar\/c3a5b3c93f268a709c25a2df414c629a96fb3b1b4bf97a94fb3f72e54ae76903?s=96&d=mm&r=g\",\"contentUrl\":\"https:\/\/secure.gravatar.com\/avatar\/c3a5b3c93f268a709c25a2df414c629a96fb3b1b4bf97a94fb3f72e54ae76903?s=96&d=mm&r=g\",\"caption\":\"Reda\u00e7\u00e3o\"},\"url\":\"https:\/\/sudoesteacontece.com.br\/?author=4\"}]}<\/script>\n<!-- \/ Yoast SEO plugin. -->","yoast_head_json":{"title":"Colis\u00e3o violenta na BA-160 mata m\u00e3e e filha de Dom Bas\u00edlio no sudoeste da Bahia - Sudoesteacontece","robots":{"index":"index","follow":"follow","max-snippet":"max-snippet:-1","max-image-preview":"max-image-preview:large","max-video-preview":"max-video-preview:-1"},"canonical":"https:\/\/sudoesteacontece.com.br\/?p=6137","og_locale":"pt_BR","og_type":"article","og_title":"Colis\u00e3o violenta na BA-160 mata m\u00e3e e filha de Dom Bas\u00edlio no sudoeste da Bahia - Sudoesteacontece","og_description":"Trag\u00e9dia marcou a tarde desta quarta-feira (14) na BA-160. Uma colis\u00e3o no trevo da Lapa, liga\u00e7\u00e3o da BR-030 com a BA-160, matou m\u00e3e e filha de Dom Bas\u00edlio. O acidente ocorreu por volta das 16h40, no sentido do distrito de Parateca, j\u00e1 em Malhada, e mobilizou equipes de resgate e seguran\u00e7a. Identificadas, as v\u00edtimas s\u00e3o Fabiula Neves Ribeiro, de 38 anos, e Maria Ros\u00e1ria Neves Ribeiro, de 66. Elas estavam em uma Toyota Hilux, com placa de Dom Bas\u00edlio, a caminho de Carinhanha, quando o ve\u00edculo se envolveu em uma colis\u00e3o com um Chevrolet Corsa. A for\u00e7a do impacto foi intensa, e as duas morreram no local. Al\u00e9m disso, duas pessoas ficaram feridas. Um menino de 10 anos, identificado pelas iniciais J.R.B., foi socorrido pelo Samu e levado ao Hospital Municipal de Iuiu. Ap\u00f3s exames, os m\u00e9dicos descartaram ferimentos. Um homem teve les\u00f5es leves e foi encaminhado ao Hospital S\u00e3o Geraldo, onde permanece em observa\u00e7\u00e3o. Segundo apura\u00e7\u00e3o, a fam\u00edlia havia sa\u00eddo da comunidade de Po\u00e7a Os\u00f3rio, zona rural de Dom Bas\u00edlio. Policiais da 38\u00aa CIPM isolaram a \u00e1rea e controlaram o tr\u00e1fego. O DPT realizou a per\u00edcia e encaminhou os corpos ao IML de Guanambi. As causas do acidente seguem sob investiga\u00e7\u00e3o.","og_url":"https:\/\/sudoesteacontece.com.br\/?p=6137","og_site_name":"Sudoesteacontece","article_publisher":"https:\/\/www.facebook.com\/sudoesteacontece\/?locale=pt_BR","article_published_time":"2026-01-15T13:13:04+00:00","article_modified_time":"2026-01-15T13:13:11+00:00","og_image":[{"width":900,"height":600,"url":"https:\/\/sudoesteacontece.com.br\/wp-content\/uploads\/2026\/01\/Colisao-violenta-na-BA-160-mata-mae-e-filha-de-Dom-Basilio-no-sudoeste-da-Bahia-sudoeste-acontece.jpg","type":"image\/jpeg"}],"author":"Reda\u00e7\u00e3o","twitter_card":"summary_large_image","twitter_misc":{"Escrito por":"Reda\u00e7\u00e3o","Est. tempo de leitura":"2 minutos"},"schema":{"@context":"https:\/\/schema.org","@graph":[{"@type":"Article","@id":"https:\/\/sudoesteacontece.com.br\/?p=6137#article","isPartOf":{"@id":"https:\/\/sudoesteacontece.com.br\/?p=6137"},"author":{"name":"Reda\u00e7\u00e3o","@id":"https:\/\/sudoesteacontece.com.br\/#\/schema\/person\/a4f22429c1d0923ef8f7d43343f8dc38"},"headline":"Colis\u00e3o violenta na BA-160 mata m\u00e3e e filha de Dom Bas\u00edlio no sudoeste da Bahia","datePublished":"2026-01-15T13:13:04+00:00","dateModified":"2026-01-15T13:13:11+00:00","mainEntityOfPage":{"@id":"https:\/\/sudoesteacontece.com.br\/?p=6137"},"wordCount":245,"commentCount":0,"publisher":{"@id":"https:\/\/sudoesteacontece.com.br\/#organization"},"image":{"@id":"https:\/\/sudoesteacontece.com.br\/?p=6137#primaryimage"},"thumbnailUrl":"https:\/\/sudoesteacontece.com.br\/wp-content\/uploads\/2026\/01\/Colisao-violenta-na-BA-160-mata-mae-e-filha-de-Dom-Basilio-no-sudoeste-da-Bahia-sudoeste-acontece.jpg","articleSection":["Acidente"],"inLanguage":"pt-BR","potentialAction":[{"@type":"CommentAction","name":"Comment","target":["https:\/\/sudoesteacontece.com.br\/?p=6137#respond"]}]},{"@type":"WebPage","@id":"https:\/\/sudoesteacontece.com.br\/?p=6137","url":"https:\/\/sudoesteacontece.com.br\/?p=6137","name":"Colis\u00e3o violenta na BA-160 mata m\u00e3e e filha de Dom Bas\u00edlio no sudoeste da Bahia - Sudoesteacontece","isPartOf":{"@id":"https:\/\/sudoesteacontece.com.br\/#website"},"primaryImageOfPage":{"@id":"https:\/\/sudoesteacontece.com.br\/?p=6137#primaryimage"},"image":{"@id":"https:\/\/sudoesteacontece.com.br\/?p=6137#primaryimage"},"thumbnailUrl":"https:\/\/sudoesteacontece.com.br\/wp-content\/uploads\/2026\/01\/Colisao-violenta-na-BA-160-mata-mae-e-filha-de-Dom-Basilio-no-sudoeste-da-Bahia-sudoeste-acontece.jpg","datePublished":"2026-01-15T13:13:04+00:00","dateModified":"2026-01-15T13:13:11+00:00","breadcrumb":{"@id":"https:\/\/sudoesteacontece.com.br\/?p=6137#breadcrumb"},"inLanguage":"pt-BR","potentialAction":[{"@type":"ReadAction","target":["https:\/\/sudoesteacontece.com.br\/?p=6137"]}]},{"@type":"ImageObject","inLanguage":"pt-BR","@id":"https:\/\/sudoesteacontece.com.br\/?p=6137#primaryimage","url":"https:\/\/sudoesteacontece.com.br\/wp-content\/uploads\/2026\/01\/Colisao-violenta-na-BA-160-mata-mae-e-filha-de-Dom-Basilio-no-sudoeste-da-Bahia-sudoeste-acontece.jpg","contentUrl":"https:\/\/sudoesteacontece.com.br\/wp-content\/uploads\/2026\/01\/Colisao-violenta-na-BA-160-mata-mae-e-filha-de-Dom-Basilio-no-sudoeste-da-Bahia-sudoeste-acontece.jpg","width":900,"height":600},{"@type":"BreadcrumbList","@id":"https:\/\/sudoesteacontece.com.br\/?p=6137#breadcrumb","itemListElement":[{"@type":"ListItem","position":1,"name":"In\u00edcio","item":"https:\/\/sudoesteacontece.com.br\/"},{"@type":"ListItem","position":2,"name":"Colis\u00e3o violenta na BA-160 mata m\u00e3e e filha de Dom Bas\u00edlio no sudoeste da Bahia"}]},{"@type":"WebSite","@id":"https:\/\/sudoesteacontece.com.br\/#website","url":"https:\/\/sudoesteacontece.com.br\/","name":"Sudoesteacontece","description":"","publisher":{"@id":"https:\/\/sudoesteacontece.com.br\/#organization"},"potentialAction":[{"@type":"SearchAction","target":{"@type":"EntryPoint","urlTemplate":"https:\/\/sudoesteacontece.com.br\/?s={search_term_string}"},"query-input":{"@type":"PropertyValueSpecification","valueRequired":true,"valueName":"search_term_string"}}],"inLanguage":"pt-BR"},{"@type":"Organization","@id":"https:\/\/sudoesteacontece.com.br\/#organization","name":"Sudoesteacontece","url":"https:\/\/sudoesteacontece.com.br\/","logo":{"@type":"ImageObject","inLanguage":"pt-BR","@id":"https:\/\/sudoesteacontece.com.br\/#\/schema\/logo\/image\/","url":"https:\/\/sudoesteacontece.com.br\/wp-content\/uploads\/2025\/12\/cropped-logo-2-180x180-1.png","contentUrl":"https:\/\/sudoesteacontece.com.br\/wp-content\/uploads\/2025\/12\/cropped-logo-2-180x180-1.png","width":180,"height":180,"caption":"Sudoesteacontece"},"image":{"@id":"https:\/\/sudoesteacontece.com.br\/#\/schema\/logo\/image\/"},"sameAs":["https:\/\/www.facebook.com\/sudoesteacontece\/?locale=pt_BR"]},{"@type":"Person","@id":"https:\/\/sudoesteacontece.com.br\/#\/schema\/person\/a4f22429c1d0923ef8f7d43343f8dc38","name":"Reda\u00e7\u00e3o","image":{"@type":"ImageObject","inLanguage":"pt-BR","@id":"https:\/\/sudoesteacontece.com.br\/#\/schema\/person\/image\/","url":"https:\/\/secure.gravatar.com\/avatar\/c3a5b3c93f268a709c25a2df414c629a96fb3b1b4bf97a94fb3f72e54ae76903?s=96&d=mm&r=g","contentUrl":"https:\/\/secure.gravatar.com\/avatar\/c3a5b3c93f268a709c25a2df414c629a96fb3b1b4bf97a94fb3f72e54ae76903?s=96&d=mm&r=g","caption":"Reda\u00e7\u00e3o"},"url":"https:\/\/sudoesteacontece.com.br\/?author=4"}]}},"_links":{"self":[{"href":"https:\/\/sudoesteacontece.com.br\/index.php?rest_route=\/wp\/v2\/posts\/6137","targetHints":{"allow":["GET"]}}],"collection":[{"href":"https:\/\/sudoesteacontece.com.br\/index.php?rest_route=\/wp\/v2\/posts"}],"about":[{"href":"https:\/\/sudoesteacontece.com.br\/index.php?rest_route=\/wp\/v2\/types\/post"}],"author":[{"embeddable":true,"href":"https:\/\/sudoesteacontece.com.br\/index.php?rest_route=\/wp\/v2\/users\/4"}],"replies":[{"embeddable":true,"href":"https:\/\/sudoesteacontece.com.br\/index.php?rest_route=%2Fwp%2Fv2%2Fcomments&post=6137"}],"version-history":[{"count":0,"href":"https:\/\/sudoesteacontece.com.br\/index.php?rest_route=\/wp\/v2\/posts\/6137\/revisions"}],"wp:featuredmedia":[{"embeddable":true,"href":"https:\/\/sudoesteacontece.com.br\/index.php?rest_route=\/wp\/v2\/media\/6161"}],"wp:attachment":[{"href":"https:\/\/sudoesteacontece.com.br\/index.php?rest_route=%2Fwp%2Fv2%2Fmedia&parent=6137"}],"wp:term":[{"taxonomy":"category","embeddable":true,"href":"https:\/\/sudoesteacontece.com.br\/index.php?rest_route=%2Fwp%2Fv2%2Fcategories&post=6137"},{"taxonomy":"post_tag","embeddable":true,"href":"https:\/\/sudoesteacontece.com.br\/index.php?rest_route=%2Fwp%2Fv2%2Ftags&post=6137"}],"curies":[{"name":"wp","href":"https:\/\/api.w.org\/{rel}","templated":true}]}}