{"id":6138,"date":"2026-01-15T10:15:06","date_gmt":"2026-01-15T13:15:06","guid":{"rendered":"https:\/\/sudoesteacontece.com.br\/?p=6138"},"modified":"2026-01-15T10:15:12","modified_gmt":"2026-01-15T13:15:12","slug":"joao-roma-reage-a-proposta-de-chapa-unica-e-diz-que-oposicao-so-vence-unida-na-bahia","status":"publish","type":"post","link":"https:\/\/sudoesteacontece.com.br\/?p=6138","title":{"rendered":"Jo\u00e3o Roma reage a proposta de chapa \u00fanica e diz que oposi\u00e7\u00e3o s\u00f3 vence unida na Bahia"},"content":{"rendered":"<div class=\"wp-block-image\">\n<figure class=\"aligncenter size-full\"><img fetchpriority=\"high\" decoding=\"async\" width=\"900\" height=\"600\" src=\"http:\/\/sudoesteacontece.com.br\/wp-content\/uploads\/2026\/01\/Joao-Roma-reage-a-proposta-de-chapa-unica-e-diz-que-oposicao-so-vence-unida-na-Bahia.jpg\" alt=\"\" class=\"wp-image-6163\" srcset=\"https:\/\/sudoesteacontece.com.br\/wp-content\/uploads\/2026\/01\/Joao-Roma-reage-a-proposta-de-chapa-unica-e-diz-que-oposicao-so-vence-unida-na-Bahia.jpg 900w, https:\/\/sudoesteacontece.com.br\/wp-content\/uploads\/2026\/01\/Joao-Roma-reage-a-proposta-de-chapa-unica-e-diz-que-oposicao-so-vence-unida-na-Bahia-300x200.jpg 300w, https:\/\/sudoesteacontece.com.br\/wp-content\/uploads\/2026\/01\/Joao-Roma-reage-a-proposta-de-chapa-unica-e-diz-que-oposicao-so-vence-unida-na-Bahia-768x512.jpg 768w\" sizes=\"(max-width: 900px) 100vw, 900px\" \/><\/figure>\n<\/div>\n\n\n<p>Presidente do PL na Bahia, o ex-ministro Jo\u00e3o Roma criticou a ideia de o senador Angelo Coronel ser candidato \u00fanico ao Senado na chapa de ACM Neto. Segundo ele, a pol\u00edtica exige di\u00e1logo e soma de for\u00e7as, n\u00e3o afastamentos, sobretudo em um cen\u00e1rio de oposi\u00e7\u00e3o ao PT no estado.<\/p>\n\n\n\n<p>Diante da informa\u00e7\u00e3o revelada pela coluna Radar do Poder, Roma afirmou n\u00e3o ter sido comunicado sobre a proposta. Para ele, a iniciativa contraria o esfor\u00e7o de converg\u00eancia entre grupos oposicionistas e atinge diretamente sua pr\u00e9-candidatura ao Senado, constru\u00edda a partir da reaproxima\u00e7\u00e3o com ACM Neto.<\/p>\n\n\n\n<p>Durante a chegada \u00e0 Lavagem do Bonfim, nesta quinta-feira, Roma avaliou que n\u00e3o acredita em chapas fracionadas. Ele defendeu a forma\u00e7\u00e3o de um bloco forte e plural, capaz de agregar lideran\u00e7as, prefeitos e partidos com o objetivo comum de vencer as elei\u00e7\u00f5es e apresentar uma alternativa s\u00f3lida ao governo petista.<\/p>\n\n\n\n<p>Ao comentar o cen\u00e1rio eleitoral, o ex-ministro reconheceu a for\u00e7a pol\u00edtica de Angelo Coronel no interior, mas refor\u00e7ou que o foco deve estar na uni\u00e3o. Para ele, a oposi\u00e7\u00e3o precisa marchar junta, deixando interesses individuais em segundo plano para construir um projeto competitivo e vencedor para a Bahia.<\/p>\n\n\n\n<p>Mesmo aparecendo melhor posicionado que Coronel em pesquisas de inten\u00e7\u00e3o de voto, Roma disse n\u00e3o se iludir com os n\u00fameros. Segundo ele, o mais importante \u00e9 convencer os baianos de que o estado precisa mudar, ap\u00f3s duas d\u00e9cadas de governos do PT sem avan\u00e7os significativos na qualidade de vida da popula\u00e7\u00e3o.<\/p>\n\n\n\n<p>Na avalia\u00e7\u00e3o de Roma, apenas uma campanha com um time unido ter\u00e1 condi\u00e7\u00f5es reais de vit\u00f3ria. Ele afirmou que segue dialogando com ACM Neto e outros partidos para formar uma chapa forte, capaz de traduzir esperan\u00e7a, renovar expectativas e apresentar um caminho diferente para o futuro da Bahia.<\/p>\n","protected":false},"excerpt":{"rendered":"<p>Presidente do PL na Bahia, o ex-ministro Jo\u00e3o Roma criticou a ideia de o senador Angelo Coronel ser candidato \u00fanico ao Senado na chapa de ACM Neto. Segundo ele, a pol\u00edtica exige di\u00e1logo e soma de for\u00e7as, n\u00e3o afastamentos, sobretudo em um cen\u00e1rio de oposi\u00e7\u00e3o ao PT no estado. Diante da informa\u00e7\u00e3o revelada pela coluna Radar do Poder, Roma afirmou n\u00e3o ter sido comunicado sobre a proposta. Para ele, a iniciativa contraria o esfor\u00e7o de converg\u00eancia entre grupos oposicionistas e atinge diretamente sua pr\u00e9-candidatura ao Senado, constru\u00edda a partir da reaproxima\u00e7\u00e3o com ACM Neto. Durante a chegada \u00e0 Lavagem do Bonfim, nesta quinta-feira, Roma avaliou que n\u00e3o acredita em chapas fracionadas. Ele defendeu a forma\u00e7\u00e3o de um bloco forte e plural, capaz de agregar lideran\u00e7as, prefeitos e partidos com o objetivo comum de vencer as elei\u00e7\u00f5es e apresentar uma alternativa s\u00f3lida ao governo petista. Ao comentar o cen\u00e1rio eleitoral, o ex-ministro reconheceu a for\u00e7a pol\u00edtica de Angelo Coronel no interior, mas refor\u00e7ou que o foco deve estar na uni\u00e3o. Para ele, a oposi\u00e7\u00e3o precisa marchar junta, deixando interesses individuais em segundo plano para construir um projeto competitivo e vencedor para a Bahia. Mesmo aparecendo melhor posicionado que Coronel em pesquisas de inten\u00e7\u00e3o de voto, Roma disse n\u00e3o se iludir com os n\u00fameros. Segundo ele, o mais importante \u00e9 convencer os baianos de que o estado precisa mudar, ap\u00f3s duas d\u00e9cadas de governos do PT sem avan\u00e7os significativos na qualidade de vida da popula\u00e7\u00e3o. Na avalia\u00e7\u00e3o de Roma, apenas uma campanha com um time unido ter\u00e1 condi\u00e7\u00f5es reais de vit\u00f3ria. Ele afirmou que segue dialogando com ACM Neto e outros partidos para formar uma chapa forte, capaz de traduzir esperan\u00e7a, renovar expectativas e apresentar um caminho diferente para o futuro da Bahia.<\/p>\n","protected":false},"author":4,"featured_media":6163,"comment_status":"open","ping_status":"open","sticky":false,"template":"","format":"standard","meta":{"footnotes":""},"categories":[7,58,6],"tags":[],"class_list":["post-6138","post","type-post","status-publish","format-standard","has-post-thumbnail","hentry","category-bahia","category-eleicoes-2026","category-politica"],"yoast_head":"<!-- This site is optimized with the Yoast SEO plugin v26.5 - https:\/\/yoast.com\/wordpress\/plugins\/seo\/ -->\n<title>Jo\u00e3o Roma reage a proposta de chapa \u00fanica e diz que oposi\u00e7\u00e3o s\u00f3 vence unida na Bahia - Sudoesteacontece<\/title>\n<meta name=\"robots\" content=\"index, follow, max-snippet:-1, max-image-preview:large, max-video-preview:-1\" \/>\n<link rel=\"canonical\" href=\"https:\/\/sudoesteacontece.com.br\/?p=6138\" \/>\n<meta property=\"og:locale\" content=\"pt_BR\" \/>\n<meta property=\"og:type\" content=\"article\" \/>\n<meta property=\"og:title\" content=\"Jo\u00e3o Roma reage a proposta de chapa \u00fanica e diz que oposi\u00e7\u00e3o s\u00f3 vence unida na Bahia - Sudoesteacontece\" \/>\n<meta property=\"og:description\" content=\"Presidente do PL na Bahia, o ex-ministro Jo\u00e3o Roma criticou a ideia de o senador Angelo Coronel ser candidato \u00fanico ao Senado na chapa de ACM Neto. Segundo ele, a pol\u00edtica exige di\u00e1logo e soma de for\u00e7as, n\u00e3o afastamentos, sobretudo em um cen\u00e1rio de oposi\u00e7\u00e3o ao PT no estado. Diante da informa\u00e7\u00e3o revelada pela coluna Radar do Poder, Roma afirmou n\u00e3o ter sido comunicado sobre a proposta. Para ele, a iniciativa contraria o esfor\u00e7o de converg\u00eancia entre grupos oposicionistas e atinge diretamente sua pr\u00e9-candidatura ao Senado, constru\u00edda a partir da reaproxima\u00e7\u00e3o com ACM Neto. Durante a chegada \u00e0 Lavagem do Bonfim, nesta quinta-feira, Roma avaliou que n\u00e3o acredita em chapas fracionadas. Ele defendeu a forma\u00e7\u00e3o de um bloco forte e plural, capaz de agregar lideran\u00e7as, prefeitos e partidos com o objetivo comum de vencer as elei\u00e7\u00f5es e apresentar uma alternativa s\u00f3lida ao governo petista. Ao comentar o cen\u00e1rio eleitoral, o ex-ministro reconheceu a for\u00e7a pol\u00edtica de Angelo Coronel no interior, mas refor\u00e7ou que o foco deve estar na uni\u00e3o. Para ele, a oposi\u00e7\u00e3o precisa marchar junta, deixando interesses individuais em segundo plano para construir um projeto competitivo e vencedor para a Bahia. Mesmo aparecendo melhor posicionado que Coronel em pesquisas de inten\u00e7\u00e3o de voto, Roma disse n\u00e3o se iludir com os n\u00fameros. Segundo ele, o mais importante \u00e9 convencer os baianos de que o estado precisa mudar, ap\u00f3s duas d\u00e9cadas de governos do PT sem avan\u00e7os significativos na qualidade de vida da popula\u00e7\u00e3o. Na avalia\u00e7\u00e3o de Roma, apenas uma campanha com um time unido ter\u00e1 condi\u00e7\u00f5es reais de vit\u00f3ria. Ele afirmou que segue dialogando com ACM Neto e outros partidos para formar uma chapa forte, capaz de traduzir esperan\u00e7a, renovar expectativas e apresentar um caminho diferente para o futuro da Bahia.\" \/>\n<meta property=\"og:url\" content=\"https:\/\/sudoesteacontece.com.br\/?p=6138\" \/>\n<meta property=\"og:site_name\" content=\"Sudoesteacontece\" \/>\n<meta property=\"article:publisher\" content=\"https:\/\/www.facebook.com\/sudoesteacontece\/?locale=pt_BR\" \/>\n<meta property=\"article:published_time\" content=\"2026-01-15T13:15:06+00:00\" \/>\n<meta property=\"article:modified_time\" content=\"2026-01-15T13:15:12+00:00\" \/>\n<meta property=\"og:image\" content=\"https:\/\/sudoesteacontece.com.br\/wp-content\/uploads\/2026\/01\/Joao-Roma-reage-a-proposta-de-chapa-unica-e-diz-que-oposicao-so-vence-unida-na-Bahia.jpg\" \/>\n\t<meta property=\"og:image:width\" content=\"900\" \/>\n\t<meta property=\"og:image:height\" content=\"600\" \/>\n\t<meta property=\"og:image:type\" content=\"image\/jpeg\" \/>\n<meta name=\"author\" content=\"Reda\u00e7\u00e3o\" \/>\n<meta name=\"twitter:card\" content=\"summary_large_image\" \/>\n<meta name=\"twitter:label1\" content=\"Escrito por\" \/>\n\t<meta name=\"twitter:data1\" content=\"Reda\u00e7\u00e3o\" \/>\n\t<meta name=\"twitter:label2\" content=\"Est. tempo de leitura\" \/>\n\t<meta name=\"twitter:data2\" content=\"3 minutos\" \/>\n<script type=\"application\/ld+json\" class=\"yoast-schema-graph\">{\"@context\":\"https:\/\/schema.org\",\"@graph\":[{\"@type\":\"Article\",\"@id\":\"https:\/\/sudoesteacontece.com.br\/?p=6138#article\",\"isPartOf\":{\"@id\":\"https:\/\/sudoesteacontece.com.br\/?p=6138\"},\"author\":{\"name\":\"Reda\u00e7\u00e3o\",\"@id\":\"https:\/\/sudoesteacontece.com.br\/#\/schema\/person\/a4f22429c1d0923ef8f7d43343f8dc38\"},\"headline\":\"Jo\u00e3o Roma reage a proposta de chapa \u00fanica e diz que oposi\u00e7\u00e3o s\u00f3 vence unida na Bahia\",\"datePublished\":\"2026-01-15T13:15:06+00:00\",\"dateModified\":\"2026-01-15T13:15:12+00:00\",\"mainEntityOfPage\":{\"@id\":\"https:\/\/sudoesteacontece.com.br\/?p=6138\"},\"wordCount\":344,\"commentCount\":0,\"publisher\":{\"@id\":\"https:\/\/sudoesteacontece.com.br\/#organization\"},\"image\":{\"@id\":\"https:\/\/sudoesteacontece.com.br\/?p=6138#primaryimage\"},\"thumbnailUrl\":\"https:\/\/sudoesteacontece.com.br\/wp-content\/uploads\/2026\/01\/Joao-Roma-reage-a-proposta-de-chapa-unica-e-diz-que-oposicao-so-vence-unida-na-Bahia.jpg\",\"articleSection\":[\"Bahia\",\"Elei\u00e7\u00f5es 2026\",\"Pol\u00edtica\"],\"inLanguage\":\"pt-BR\",\"potentialAction\":[{\"@type\":\"CommentAction\",\"name\":\"Comment\",\"target\":[\"https:\/\/sudoesteacontece.com.br\/?p=6138#respond\"]}]},{\"@type\":\"WebPage\",\"@id\":\"https:\/\/sudoesteacontece.com.br\/?p=6138\",\"url\":\"https:\/\/sudoesteacontece.com.br\/?p=6138\",\"name\":\"Jo\u00e3o Roma reage a proposta de chapa \u00fanica e diz que oposi\u00e7\u00e3o s\u00f3 vence unida na Bahia - Sudoesteacontece\",\"isPartOf\":{\"@id\":\"https:\/\/sudoesteacontece.com.br\/#website\"},\"primaryImageOfPage\":{\"@id\":\"https:\/\/sudoesteacontece.com.br\/?p=6138#primaryimage\"},\"image\":{\"@id\":\"https:\/\/sudoesteacontece.com.br\/?p=6138#primaryimage\"},\"thumbnailUrl\":\"https:\/\/sudoesteacontece.com.br\/wp-content\/uploads\/2026\/01\/Joao-Roma-reage-a-proposta-de-chapa-unica-e-diz-que-oposicao-so-vence-unida-na-Bahia.jpg\",\"datePublished\":\"2026-01-15T13:15:06+00:00\",\"dateModified\":\"2026-01-15T13:15:12+00:00\",\"breadcrumb\":{\"@id\":\"https:\/\/sudoesteacontece.com.br\/?p=6138#breadcrumb\"},\"inLanguage\":\"pt-BR\",\"potentialAction\":[{\"@type\":\"ReadAction\",\"target\":[\"https:\/\/sudoesteacontece.com.br\/?p=6138\"]}]},{\"@type\":\"ImageObject\",\"inLanguage\":\"pt-BR\",\"@id\":\"https:\/\/sudoesteacontece.com.br\/?p=6138#primaryimage\",\"url\":\"https:\/\/sudoesteacontece.com.br\/wp-content\/uploads\/2026\/01\/Joao-Roma-reage-a-proposta-de-chapa-unica-e-diz-que-oposicao-so-vence-unida-na-Bahia.jpg\",\"contentUrl\":\"https:\/\/sudoesteacontece.com.br\/wp-content\/uploads\/2026\/01\/Joao-Roma-reage-a-proposta-de-chapa-unica-e-diz-que-oposicao-so-vence-unida-na-Bahia.jpg\",\"width\":900,\"height\":600},{\"@type\":\"BreadcrumbList\",\"@id\":\"https:\/\/sudoesteacontece.com.br\/?p=6138#breadcrumb\",\"itemListElement\":[{\"@type\":\"ListItem\",\"position\":1,\"name\":\"In\u00edcio\",\"item\":\"https:\/\/sudoesteacontece.com.br\/\"},{\"@type\":\"ListItem\",\"position\":2,\"name\":\"Jo\u00e3o Roma reage a proposta de chapa \u00fanica e diz que oposi\u00e7\u00e3o s\u00f3 vence unida na Bahia\"}]},{\"@type\":\"WebSite\",\"@id\":\"https:\/\/sudoesteacontece.com.br\/#website\",\"url\":\"https:\/\/sudoesteacontece.com.br\/\",\"name\":\"Sudoesteacontece\",\"description\":\"\",\"publisher\":{\"@id\":\"https:\/\/sudoesteacontece.com.br\/#organization\"},\"potentialAction\":[{\"@type\":\"SearchAction\",\"target\":{\"@type\":\"EntryPoint\",\"urlTemplate\":\"https:\/\/sudoesteacontece.com.br\/?s={search_term_string}\"},\"query-input\":{\"@type\":\"PropertyValueSpecification\",\"valueRequired\":true,\"valueName\":\"search_term_string\"}}],\"inLanguage\":\"pt-BR\"},{\"@type\":\"Organization\",\"@id\":\"https:\/\/sudoesteacontece.com.br\/#organization\",\"name\":\"Sudoesteacontece\",\"url\":\"https:\/\/sudoesteacontece.com.br\/\",\"logo\":{\"@type\":\"ImageObject\",\"inLanguage\":\"pt-BR\",\"@id\":\"https:\/\/sudoesteacontece.com.br\/#\/schema\/logo\/image\/\",\"url\":\"https:\/\/sudoesteacontece.com.br\/wp-content\/uploads\/2025\/12\/cropped-logo-2-180x180-1.png\",\"contentUrl\":\"https:\/\/sudoesteacontece.com.br\/wp-content\/uploads\/2025\/12\/cropped-logo-2-180x180-1.png\",\"width\":180,\"height\":180,\"caption\":\"Sudoesteacontece\"},\"image\":{\"@id\":\"https:\/\/sudoesteacontece.com.br\/#\/schema\/logo\/image\/\"},\"sameAs\":[\"https:\/\/www.facebook.com\/sudoesteacontece\/?locale=pt_BR\"]},{\"@type\":\"Person\",\"@id\":\"https:\/\/sudoesteacontece.com.br\/#\/schema\/person\/a4f22429c1d0923ef8f7d43343f8dc38\",\"name\":\"Reda\u00e7\u00e3o\",\"image\":{\"@type\":\"ImageObject\",\"inLanguage\":\"pt-BR\",\"@id\":\"https:\/\/sudoesteacontece.com.br\/#\/schema\/person\/image\/\",\"url\":\"https:\/\/secure.gravatar.com\/avatar\/c3a5b3c93f268a709c25a2df414c629a96fb3b1b4bf97a94fb3f72e54ae76903?s=96&d=mm&r=g\",\"contentUrl\":\"https:\/\/secure.gravatar.com\/avatar\/c3a5b3c93f268a709c25a2df414c629a96fb3b1b4bf97a94fb3f72e54ae76903?s=96&d=mm&r=g\",\"caption\":\"Reda\u00e7\u00e3o\"},\"url\":\"https:\/\/sudoesteacontece.com.br\/?author=4\"}]}<\/script>\n<!-- \/ Yoast SEO plugin. -->","yoast_head_json":{"title":"Jo\u00e3o Roma reage a proposta de chapa \u00fanica e diz que oposi\u00e7\u00e3o s\u00f3 vence unida na Bahia - Sudoesteacontece","robots":{"index":"index","follow":"follow","max-snippet":"max-snippet:-1","max-image-preview":"max-image-preview:large","max-video-preview":"max-video-preview:-1"},"canonical":"https:\/\/sudoesteacontece.com.br\/?p=6138","og_locale":"pt_BR","og_type":"article","og_title":"Jo\u00e3o Roma reage a proposta de chapa \u00fanica e diz que oposi\u00e7\u00e3o s\u00f3 vence unida na Bahia - Sudoesteacontece","og_description":"Presidente do PL na Bahia, o ex-ministro Jo\u00e3o Roma criticou a ideia de o senador Angelo Coronel ser candidato \u00fanico ao Senado na chapa de ACM Neto. Segundo ele, a pol\u00edtica exige di\u00e1logo e soma de for\u00e7as, n\u00e3o afastamentos, sobretudo em um cen\u00e1rio de oposi\u00e7\u00e3o ao PT no estado. Diante da informa\u00e7\u00e3o revelada pela coluna Radar do Poder, Roma afirmou n\u00e3o ter sido comunicado sobre a proposta. Para ele, a iniciativa contraria o esfor\u00e7o de converg\u00eancia entre grupos oposicionistas e atinge diretamente sua pr\u00e9-candidatura ao Senado, constru\u00edda a partir da reaproxima\u00e7\u00e3o com ACM Neto. Durante a chegada \u00e0 Lavagem do Bonfim, nesta quinta-feira, Roma avaliou que n\u00e3o acredita em chapas fracionadas. Ele defendeu a forma\u00e7\u00e3o de um bloco forte e plural, capaz de agregar lideran\u00e7as, prefeitos e partidos com o objetivo comum de vencer as elei\u00e7\u00f5es e apresentar uma alternativa s\u00f3lida ao governo petista. Ao comentar o cen\u00e1rio eleitoral, o ex-ministro reconheceu a for\u00e7a pol\u00edtica de Angelo Coronel no interior, mas refor\u00e7ou que o foco deve estar na uni\u00e3o. Para ele, a oposi\u00e7\u00e3o precisa marchar junta, deixando interesses individuais em segundo plano para construir um projeto competitivo e vencedor para a Bahia. Mesmo aparecendo melhor posicionado que Coronel em pesquisas de inten\u00e7\u00e3o de voto, Roma disse n\u00e3o se iludir com os n\u00fameros. Segundo ele, o mais importante \u00e9 convencer os baianos de que o estado precisa mudar, ap\u00f3s duas d\u00e9cadas de governos do PT sem avan\u00e7os significativos na qualidade de vida da popula\u00e7\u00e3o. Na avalia\u00e7\u00e3o de Roma, apenas uma campanha com um time unido ter\u00e1 condi\u00e7\u00f5es reais de vit\u00f3ria. Ele afirmou que segue dialogando com ACM Neto e outros partidos para formar uma chapa forte, capaz de traduzir esperan\u00e7a, renovar expectativas e apresentar um caminho diferente para o futuro da Bahia.","og_url":"https:\/\/sudoesteacontece.com.br\/?p=6138","og_site_name":"Sudoesteacontece","article_publisher":"https:\/\/www.facebook.com\/sudoesteacontece\/?locale=pt_BR","article_published_time":"2026-01-15T13:15:06+00:00","article_modified_time":"2026-01-15T13:15:12+00:00","og_image":[{"width":900,"height":600,"url":"https:\/\/sudoesteacontece.com.br\/wp-content\/uploads\/2026\/01\/Joao-Roma-reage-a-proposta-de-chapa-unica-e-diz-que-oposicao-so-vence-unida-na-Bahia.jpg","type":"image\/jpeg"}],"author":"Reda\u00e7\u00e3o","twitter_card":"summary_large_image","twitter_misc":{"Escrito por":"Reda\u00e7\u00e3o","Est. tempo de leitura":"3 minutos"},"schema":{"@context":"https:\/\/schema.org","@graph":[{"@type":"Article","@id":"https:\/\/sudoesteacontece.com.br\/?p=6138#article","isPartOf":{"@id":"https:\/\/sudoesteacontece.com.br\/?p=6138"},"author":{"name":"Reda\u00e7\u00e3o","@id":"https:\/\/sudoesteacontece.com.br\/#\/schema\/person\/a4f22429c1d0923ef8f7d43343f8dc38"},"headline":"Jo\u00e3o Roma reage a proposta de chapa \u00fanica e diz que oposi\u00e7\u00e3o s\u00f3 vence unida na Bahia","datePublished":"2026-01-15T13:15:06+00:00","dateModified":"2026-01-15T13:15:12+00:00","mainEntityOfPage":{"@id":"https:\/\/sudoesteacontece.com.br\/?p=6138"},"wordCount":344,"commentCount":0,"publisher":{"@id":"https:\/\/sudoesteacontece.com.br\/#organization"},"image":{"@id":"https:\/\/sudoesteacontece.com.br\/?p=6138#primaryimage"},"thumbnailUrl":"https:\/\/sudoesteacontece.com.br\/wp-content\/uploads\/2026\/01\/Joao-Roma-reage-a-proposta-de-chapa-unica-e-diz-que-oposicao-so-vence-unida-na-Bahia.jpg","articleSection":["Bahia","Elei\u00e7\u00f5es 2026","Pol\u00edtica"],"inLanguage":"pt-BR","potentialAction":[{"@type":"CommentAction","name":"Comment","target":["https:\/\/sudoesteacontece.com.br\/?p=6138#respond"]}]},{"@type":"WebPage","@id":"https:\/\/sudoesteacontece.com.br\/?p=6138","url":"https:\/\/sudoesteacontece.com.br\/?p=6138","name":"Jo\u00e3o Roma reage a proposta de chapa \u00fanica e diz que oposi\u00e7\u00e3o s\u00f3 vence unida na Bahia - Sudoesteacontece","isPartOf":{"@id":"https:\/\/sudoesteacontece.com.br\/#website"},"primaryImageOfPage":{"@id":"https:\/\/sudoesteacontece.com.br\/?p=6138#primaryimage"},"image":{"@id":"https:\/\/sudoesteacontece.com.br\/?p=6138#primaryimage"},"thumbnailUrl":"https:\/\/sudoesteacontece.com.br\/wp-content\/uploads\/2026\/01\/Joao-Roma-reage-a-proposta-de-chapa-unica-e-diz-que-oposicao-so-vence-unida-na-Bahia.jpg","datePublished":"2026-01-15T13:15:06+00:00","dateModified":"2026-01-15T13:15:12+00:00","breadcrumb":{"@id":"https:\/\/sudoesteacontece.com.br\/?p=6138#breadcrumb"},"inLanguage":"pt-BR","potentialAction":[{"@type":"ReadAction","target":["https:\/\/sudoesteacontece.com.br\/?p=6138"]}]},{"@type":"ImageObject","inLanguage":"pt-BR","@id":"https:\/\/sudoesteacontece.com.br\/?p=6138#primaryimage","url":"https:\/\/sudoesteacontece.com.br\/wp-content\/uploads\/2026\/01\/Joao-Roma-reage-a-proposta-de-chapa-unica-e-diz-que-oposicao-so-vence-unida-na-Bahia.jpg","contentUrl":"https:\/\/sudoesteacontece.com.br\/wp-content\/uploads\/2026\/01\/Joao-Roma-reage-a-proposta-de-chapa-unica-e-diz-que-oposicao-so-vence-unida-na-Bahia.jpg","width":900,"height":600},{"@type":"BreadcrumbList","@id":"https:\/\/sudoesteacontece.com.br\/?p=6138#breadcrumb","itemListElement":[{"@type":"ListItem","position":1,"name":"In\u00edcio","item":"https:\/\/sudoesteacontece.com.br\/"},{"@type":"ListItem","position":2,"name":"Jo\u00e3o Roma reage a proposta de chapa \u00fanica e diz que oposi\u00e7\u00e3o s\u00f3 vence unida na Bahia"}]},{"@type":"WebSite","@id":"https:\/\/sudoesteacontece.com.br\/#website","url":"https:\/\/sudoesteacontece.com.br\/","name":"Sudoesteacontece","description":"","publisher":{"@id":"https:\/\/sudoesteacontece.com.br\/#organization"},"potentialAction":[{"@type":"SearchAction","target":{"@type":"EntryPoint","urlTemplate":"https:\/\/sudoesteacontece.com.br\/?s={search_term_string}"},"query-input":{"@type":"PropertyValueSpecification","valueRequired":true,"valueName":"search_term_string"}}],"inLanguage":"pt-BR"},{"@type":"Organization","@id":"https:\/\/sudoesteacontece.com.br\/#organization","name":"Sudoesteacontece","url":"https:\/\/sudoesteacontece.com.br\/","logo":{"@type":"ImageObject","inLanguage":"pt-BR","@id":"https:\/\/sudoesteacontece.com.br\/#\/schema\/logo\/image\/","url":"https:\/\/sudoesteacontece.com.br\/wp-content\/uploads\/2025\/12\/cropped-logo-2-180x180-1.png","contentUrl":"https:\/\/sudoesteacontece.com.br\/wp-content\/uploads\/2025\/12\/cropped-logo-2-180x180-1.png","width":180,"height":180,"caption":"Sudoesteacontece"},"image":{"@id":"https:\/\/sudoesteacontece.com.br\/#\/schema\/logo\/image\/"},"sameAs":["https:\/\/www.facebook.com\/sudoesteacontece\/?locale=pt_BR"]},{"@type":"Person","@id":"https:\/\/sudoesteacontece.com.br\/#\/schema\/person\/a4f22429c1d0923ef8f7d43343f8dc38","name":"Reda\u00e7\u00e3o","image":{"@type":"ImageObject","inLanguage":"pt-BR","@id":"https:\/\/sudoesteacontece.com.br\/#\/schema\/person\/image\/","url":"https:\/\/secure.gravatar.com\/avatar\/c3a5b3c93f268a709c25a2df414c629a96fb3b1b4bf97a94fb3f72e54ae76903?s=96&d=mm&r=g","contentUrl":"https:\/\/secure.gravatar.com\/avatar\/c3a5b3c93f268a709c25a2df414c629a96fb3b1b4bf97a94fb3f72e54ae76903?s=96&d=mm&r=g","caption":"Reda\u00e7\u00e3o"},"url":"https:\/\/sudoesteacontece.com.br\/?author=4"}]}},"_links":{"self":[{"href":"https:\/\/sudoesteacontece.com.br\/index.php?rest_route=\/wp\/v2\/posts\/6138","targetHints":{"allow":["GET"]}}],"collection":[{"href":"https:\/\/sudoesteacontece.com.br\/index.php?rest_route=\/wp\/v2\/posts"}],"about":[{"href":"https:\/\/sudoesteacontece.com.br\/index.php?rest_route=\/wp\/v2\/types\/post"}],"author":[{"embeddable":true,"href":"https:\/\/sudoesteacontece.com.br\/index.php?rest_route=\/wp\/v2\/users\/4"}],"replies":[{"embeddable":true,"href":"https:\/\/sudoesteacontece.com.br\/index.php?rest_route=%2Fwp%2Fv2%2Fcomments&post=6138"}],"version-history":[{"count":0,"href":"https:\/\/sudoesteacontece.com.br\/index.php?rest_route=\/wp\/v2\/posts\/6138\/revisions"}],"wp:featuredmedia":[{"embeddable":true,"href":"https:\/\/sudoesteacontece.com.br\/index.php?rest_route=\/wp\/v2\/media\/6163"}],"wp:attachment":[{"href":"https:\/\/sudoesteacontece.com.br\/index.php?rest_route=%2Fwp%2Fv2%2Fmedia&parent=6138"}],"wp:term":[{"taxonomy":"category","embeddable":true,"href":"https:\/\/sudoesteacontece.com.br\/index.php?rest_route=%2Fwp%2Fv2%2Fcategories&post=6138"},{"taxonomy":"post_tag","embeddable":true,"href":"https:\/\/sudoesteacontece.com.br\/index.php?rest_route=%2Fwp%2Fv2%2Ftags&post=6138"}],"curies":[{"name":"wp","href":"https:\/\/api.w.org\/{rel}","templated":true}]}}