{"id":6142,"date":"2026-01-15T10:30:13","date_gmt":"2026-01-15T13:30:13","guid":{"rendered":"https:\/\/sudoesteacontece.com.br\/?p=6142"},"modified":"2026-01-15T10:30:19","modified_gmt":"2026-01-15T13:30:19","slug":"acm-neto-impoe-condicao-para-alianca-com-coronel-e-reforca-apoio-a-caiado-na-lavagem-do-bonfim","status":"publish","type":"post","link":"https:\/\/sudoesteacontece.com.br\/?p=6142","title":{"rendered":"ACM Neto imp\u00f5e condi\u00e7\u00e3o para alian\u00e7a com Coronel e refor\u00e7a apoio a Caiado na Lavagem do Bonfim"},"content":{"rendered":"<div class=\"wp-block-image\">\n<figure class=\"aligncenter size-full\"><img fetchpriority=\"high\" decoding=\"async\" width=\"900\" height=\"600\" src=\"http:\/\/sudoesteacontece.com.br\/wp-content\/uploads\/2026\/01\/ACM-Neto-impoe-condicao-para-alianca-com-Coronel-e-reforca-apoio-a-Caiado-na-Lavagem-do-Bonfim.jpg\" alt=\"\" class=\"wp-image-6173\" srcset=\"https:\/\/sudoesteacontece.com.br\/wp-content\/uploads\/2026\/01\/ACM-Neto-impoe-condicao-para-alianca-com-Coronel-e-reforca-apoio-a-Caiado-na-Lavagem-do-Bonfim.jpg 900w, https:\/\/sudoesteacontece.com.br\/wp-content\/uploads\/2026\/01\/ACM-Neto-impoe-condicao-para-alianca-com-Coronel-e-reforca-apoio-a-Caiado-na-Lavagem-do-Bonfim-300x200.jpg 300w, https:\/\/sudoesteacontece.com.br\/wp-content\/uploads\/2026\/01\/ACM-Neto-impoe-condicao-para-alianca-com-Coronel-e-reforca-apoio-a-Caiado-na-Lavagem-do-Bonfim-768x512.jpg 768w\" sizes=\"(max-width: 900px) 100vw, 900px\" \/><\/figure>\n<\/div>\n\n\n<p>Presente na Lavagem do Bonfim, nesta quinta-feira (15), ACM Neto comentou especula\u00e7\u00f5es sobre uma poss\u00edvel alian\u00e7a com o senador Angelo Coronel (PSD). O ex-prefeito de Salvador afirmou que mant\u00e9m di\u00e1logo frequente com o parlamentar, mas deixou claro que s\u00f3 discutir\u00e1 acordo pol\u00edtico se houver uma decis\u00e3o formal do senador. Sem isso, diz, n\u00e3o existe negocia\u00e7\u00e3o.<\/p>\n\n\n\n<p>Durante conversa com a imprensa, Neto fez quest\u00e3o de separar rela\u00e7\u00e3o pessoal de articula\u00e7\u00e3o eleitoral. Segundo ele, amizade n\u00e3o significa tratativa pol\u00edtica. \u201cA minha conversa com o Coronel \u00e9 constante, mas n\u00e3o tratamos de pol\u00edtica. S\u00f3 posso tratar se houver condi\u00e7\u00e3o real, se ele disser que quer uma alian\u00e7a conosco\u201d, afirmou.<\/p>\n\n\n\n<p>Apesar da declara\u00e7\u00e3o, bastidores indicam movimenta\u00e7\u00f5es entre os dois grupos. O site Pol\u00edtica Livre j\u00e1 revelou sondagens pol\u00edticas entre Coronel e aliados de Neto. O ex-prefeito, inclusive, teria recusado proposta para ser candidato \u00fanico ao Senado pela oposi\u00e7\u00e3o, condi\u00e7\u00e3o que poderia levar o senador a mudar de campo pol\u00edtico.<\/p>\n\n\n\n<p>Em tom mais duro, ACM Neto criticou o PT e o grupo governista na Bahia. Para ele, ap\u00f3s duas d\u00e9cadas no poder, o partido tenta impor uma \u201cchapa fechada\u201d e age como se fosse dono do Estado. \u201cEles acham que podem impor tr\u00eas nomes. Acredito que v\u00e3o perder os tr\u00eas de uma vez s\u00f3\u201d, disse, ao projetar 2026.<\/p>\n\n\n\n<p>No cen\u00e1rio nacional, Neto refor\u00e7ou apoio ao governador de Goi\u00e1s, Ronaldo Caiado, presente no cortejo do Bonfim. Segundo ele, a participa\u00e7\u00e3o do aliado tem peso pol\u00edtico. \u201cA pr\u00e9-candidatura dele foi lan\u00e7ada em Salvador. Eu estou com ele. Vamos seguir juntos\u201d, declarou, ao ser questionado sobre a disputa presidencial.<\/p>\n\n\n\n<p>Mesmo assim, o ex-prefeito ponderou que o quadro eleitoral ainda est\u00e1 em constru\u00e7\u00e3o. Ele afirmou que seguir\u00e1 dialogando com partidos de oposi\u00e7\u00e3o ao PT e evitou antecipar defini\u00e7\u00f5es. Sobre a chapa majorit\u00e1ria na Bahia, disse que n\u00e3o h\u00e1 pressa e que decis\u00f5es devem ficar para mar\u00e7o.<\/p>\n","protected":false},"excerpt":{"rendered":"<p>Presente na Lavagem do Bonfim, nesta quinta-feira (15), ACM Neto comentou especula\u00e7\u00f5es sobre uma poss\u00edvel alian\u00e7a com o senador Angelo Coronel (PSD). O ex-prefeito de Salvador afirmou que mant\u00e9m di\u00e1logo frequente com o parlamentar, mas deixou claro que s\u00f3 discutir\u00e1 acordo pol\u00edtico se houver uma decis\u00e3o formal do senador. Sem isso, diz, n\u00e3o existe negocia\u00e7\u00e3o. Durante conversa com a imprensa, Neto fez quest\u00e3o de separar rela\u00e7\u00e3o pessoal de articula\u00e7\u00e3o eleitoral. Segundo ele, amizade n\u00e3o significa tratativa pol\u00edtica. \u201cA minha conversa com o Coronel \u00e9 constante, mas n\u00e3o tratamos de pol\u00edtica. S\u00f3 posso tratar se houver condi\u00e7\u00e3o real, se ele disser que quer uma alian\u00e7a conosco\u201d, afirmou. Apesar da declara\u00e7\u00e3o, bastidores indicam movimenta\u00e7\u00f5es entre os dois grupos. O site Pol\u00edtica Livre j\u00e1 revelou sondagens pol\u00edticas entre Coronel e aliados de Neto. O ex-prefeito, inclusive, teria recusado proposta para ser candidato \u00fanico ao Senado pela oposi\u00e7\u00e3o, condi\u00e7\u00e3o que poderia levar o senador a mudar de campo pol\u00edtico. Em tom mais duro, ACM Neto criticou o PT e o grupo governista na Bahia. Para ele, ap\u00f3s duas d\u00e9cadas no poder, o partido tenta impor uma \u201cchapa fechada\u201d e age como se fosse dono do Estado. \u201cEles acham que podem impor tr\u00eas nomes. Acredito que v\u00e3o perder os tr\u00eas de uma vez s\u00f3\u201d, disse, ao projetar 2026. No cen\u00e1rio nacional, Neto refor\u00e7ou apoio ao governador de Goi\u00e1s, Ronaldo Caiado, presente no cortejo do Bonfim. Segundo ele, a participa\u00e7\u00e3o do aliado tem peso pol\u00edtico. \u201cA pr\u00e9-candidatura dele foi lan\u00e7ada em Salvador. Eu estou com ele. Vamos seguir juntos\u201d, declarou, ao ser questionado sobre a disputa presidencial. Mesmo assim, o ex-prefeito ponderou que o quadro eleitoral ainda est\u00e1 em constru\u00e7\u00e3o. Ele afirmou que seguir\u00e1 dialogando com partidos de oposi\u00e7\u00e3o ao PT e evitou antecipar defini\u00e7\u00f5es. Sobre a chapa majorit\u00e1ria na Bahia, disse que n\u00e3o h\u00e1 pressa e que decis\u00f5es devem ficar para mar\u00e7o.<\/p>\n","protected":false},"author":4,"featured_media":6173,"comment_status":"open","ping_status":"open","sticky":false,"template":"","format":"standard","meta":{"footnotes":""},"categories":[7,58,6],"tags":[],"class_list":["post-6142","post","type-post","status-publish","format-standard","has-post-thumbnail","hentry","category-bahia","category-eleicoes-2026","category-politica"],"yoast_head":"<!-- This site is optimized with the Yoast SEO plugin v26.5 - https:\/\/yoast.com\/wordpress\/plugins\/seo\/ -->\n<title>ACM Neto imp\u00f5e condi\u00e7\u00e3o para alian\u00e7a com Coronel e refor\u00e7a apoio a Caiado na Lavagem do Bonfim - Sudoesteacontece<\/title>\n<meta name=\"robots\" content=\"index, follow, max-snippet:-1, max-image-preview:large, max-video-preview:-1\" \/>\n<link rel=\"canonical\" href=\"https:\/\/sudoesteacontece.com.br\/?p=6142\" \/>\n<meta property=\"og:locale\" content=\"pt_BR\" \/>\n<meta property=\"og:type\" content=\"article\" \/>\n<meta property=\"og:title\" content=\"ACM Neto imp\u00f5e condi\u00e7\u00e3o para alian\u00e7a com Coronel e refor\u00e7a apoio a Caiado na Lavagem do Bonfim - Sudoesteacontece\" \/>\n<meta property=\"og:description\" content=\"Presente na Lavagem do Bonfim, nesta quinta-feira (15), ACM Neto comentou especula\u00e7\u00f5es sobre uma poss\u00edvel alian\u00e7a com o senador Angelo Coronel (PSD). O ex-prefeito de Salvador afirmou que mant\u00e9m di\u00e1logo frequente com o parlamentar, mas deixou claro que s\u00f3 discutir\u00e1 acordo pol\u00edtico se houver uma decis\u00e3o formal do senador. Sem isso, diz, n\u00e3o existe negocia\u00e7\u00e3o. Durante conversa com a imprensa, Neto fez quest\u00e3o de separar rela\u00e7\u00e3o pessoal de articula\u00e7\u00e3o eleitoral. Segundo ele, amizade n\u00e3o significa tratativa pol\u00edtica. \u201cA minha conversa com o Coronel \u00e9 constante, mas n\u00e3o tratamos de pol\u00edtica. S\u00f3 posso tratar se houver condi\u00e7\u00e3o real, se ele disser que quer uma alian\u00e7a conosco\u201d, afirmou. Apesar da declara\u00e7\u00e3o, bastidores indicam movimenta\u00e7\u00f5es entre os dois grupos. O site Pol\u00edtica Livre j\u00e1 revelou sondagens pol\u00edticas entre Coronel e aliados de Neto. O ex-prefeito, inclusive, teria recusado proposta para ser candidato \u00fanico ao Senado pela oposi\u00e7\u00e3o, condi\u00e7\u00e3o que poderia levar o senador a mudar de campo pol\u00edtico. Em tom mais duro, ACM Neto criticou o PT e o grupo governista na Bahia. Para ele, ap\u00f3s duas d\u00e9cadas no poder, o partido tenta impor uma \u201cchapa fechada\u201d e age como se fosse dono do Estado. \u201cEles acham que podem impor tr\u00eas nomes. Acredito que v\u00e3o perder os tr\u00eas de uma vez s\u00f3\u201d, disse, ao projetar 2026. No cen\u00e1rio nacional, Neto refor\u00e7ou apoio ao governador de Goi\u00e1s, Ronaldo Caiado, presente no cortejo do Bonfim. Segundo ele, a participa\u00e7\u00e3o do aliado tem peso pol\u00edtico. \u201cA pr\u00e9-candidatura dele foi lan\u00e7ada em Salvador. Eu estou com ele. Vamos seguir juntos\u201d, declarou, ao ser questionado sobre a disputa presidencial. Mesmo assim, o ex-prefeito ponderou que o quadro eleitoral ainda est\u00e1 em constru\u00e7\u00e3o. Ele afirmou que seguir\u00e1 dialogando com partidos de oposi\u00e7\u00e3o ao PT e evitou antecipar defini\u00e7\u00f5es. Sobre a chapa majorit\u00e1ria na Bahia, disse que n\u00e3o h\u00e1 pressa e que decis\u00f5es devem ficar para mar\u00e7o.\" \/>\n<meta property=\"og:url\" content=\"https:\/\/sudoesteacontece.com.br\/?p=6142\" \/>\n<meta property=\"og:site_name\" content=\"Sudoesteacontece\" \/>\n<meta property=\"article:publisher\" content=\"https:\/\/www.facebook.com\/sudoesteacontece\/?locale=pt_BR\" \/>\n<meta property=\"article:published_time\" content=\"2026-01-15T13:30:13+00:00\" \/>\n<meta property=\"article:modified_time\" content=\"2026-01-15T13:30:19+00:00\" \/>\n<meta property=\"og:image\" content=\"https:\/\/sudoesteacontece.com.br\/wp-content\/uploads\/2026\/01\/ACM-Neto-impoe-condicao-para-alianca-com-Coronel-e-reforca-apoio-a-Caiado-na-Lavagem-do-Bonfim.jpg\" \/>\n\t<meta property=\"og:image:width\" content=\"900\" \/>\n\t<meta property=\"og:image:height\" content=\"600\" \/>\n\t<meta property=\"og:image:type\" content=\"image\/jpeg\" \/>\n<meta name=\"author\" content=\"Reda\u00e7\u00e3o\" \/>\n<meta name=\"twitter:card\" content=\"summary_large_image\" \/>\n<meta name=\"twitter:label1\" content=\"Escrito por\" \/>\n\t<meta name=\"twitter:data1\" content=\"Reda\u00e7\u00e3o\" \/>\n\t<meta name=\"twitter:label2\" content=\"Est. tempo de leitura\" \/>\n\t<meta name=\"twitter:data2\" content=\"3 minutos\" \/>\n<script type=\"application\/ld+json\" class=\"yoast-schema-graph\">{\"@context\":\"https:\/\/schema.org\",\"@graph\":[{\"@type\":\"Article\",\"@id\":\"https:\/\/sudoesteacontece.com.br\/?p=6142#article\",\"isPartOf\":{\"@id\":\"https:\/\/sudoesteacontece.com.br\/?p=6142\"},\"author\":{\"name\":\"Reda\u00e7\u00e3o\",\"@id\":\"https:\/\/sudoesteacontece.com.br\/#\/schema\/person\/a4f22429c1d0923ef8f7d43343f8dc38\"},\"headline\":\"ACM Neto imp\u00f5e condi\u00e7\u00e3o para alian\u00e7a com Coronel e refor\u00e7a apoio a Caiado na Lavagem do Bonfim\",\"datePublished\":\"2026-01-15T13:30:13+00:00\",\"dateModified\":\"2026-01-15T13:30:19+00:00\",\"mainEntityOfPage\":{\"@id\":\"https:\/\/sudoesteacontece.com.br\/?p=6142\"},\"wordCount\":369,\"commentCount\":0,\"publisher\":{\"@id\":\"https:\/\/sudoesteacontece.com.br\/#organization\"},\"image\":{\"@id\":\"https:\/\/sudoesteacontece.com.br\/?p=6142#primaryimage\"},\"thumbnailUrl\":\"https:\/\/sudoesteacontece.com.br\/wp-content\/uploads\/2026\/01\/ACM-Neto-impoe-condicao-para-alianca-com-Coronel-e-reforca-apoio-a-Caiado-na-Lavagem-do-Bonfim.jpg\",\"articleSection\":[\"Bahia\",\"Elei\u00e7\u00f5es 2026\",\"Pol\u00edtica\"],\"inLanguage\":\"pt-BR\",\"potentialAction\":[{\"@type\":\"CommentAction\",\"name\":\"Comment\",\"target\":[\"https:\/\/sudoesteacontece.com.br\/?p=6142#respond\"]}]},{\"@type\":\"WebPage\",\"@id\":\"https:\/\/sudoesteacontece.com.br\/?p=6142\",\"url\":\"https:\/\/sudoesteacontece.com.br\/?p=6142\",\"name\":\"ACM Neto imp\u00f5e condi\u00e7\u00e3o para alian\u00e7a com Coronel e refor\u00e7a apoio a Caiado na Lavagem do Bonfim - Sudoesteacontece\",\"isPartOf\":{\"@id\":\"https:\/\/sudoesteacontece.com.br\/#website\"},\"primaryImageOfPage\":{\"@id\":\"https:\/\/sudoesteacontece.com.br\/?p=6142#primaryimage\"},\"image\":{\"@id\":\"https:\/\/sudoesteacontece.com.br\/?p=6142#primaryimage\"},\"thumbnailUrl\":\"https:\/\/sudoesteacontece.com.br\/wp-content\/uploads\/2026\/01\/ACM-Neto-impoe-condicao-para-alianca-com-Coronel-e-reforca-apoio-a-Caiado-na-Lavagem-do-Bonfim.jpg\",\"datePublished\":\"2026-01-15T13:30:13+00:00\",\"dateModified\":\"2026-01-15T13:30:19+00:00\",\"breadcrumb\":{\"@id\":\"https:\/\/sudoesteacontece.com.br\/?p=6142#breadcrumb\"},\"inLanguage\":\"pt-BR\",\"potentialAction\":[{\"@type\":\"ReadAction\",\"target\":[\"https:\/\/sudoesteacontece.com.br\/?p=6142\"]}]},{\"@type\":\"ImageObject\",\"inLanguage\":\"pt-BR\",\"@id\":\"https:\/\/sudoesteacontece.com.br\/?p=6142#primaryimage\",\"url\":\"https:\/\/sudoesteacontece.com.br\/wp-content\/uploads\/2026\/01\/ACM-Neto-impoe-condicao-para-alianca-com-Coronel-e-reforca-apoio-a-Caiado-na-Lavagem-do-Bonfim.jpg\",\"contentUrl\":\"https:\/\/sudoesteacontece.com.br\/wp-content\/uploads\/2026\/01\/ACM-Neto-impoe-condicao-para-alianca-com-Coronel-e-reforca-apoio-a-Caiado-na-Lavagem-do-Bonfim.jpg\",\"width\":900,\"height\":600},{\"@type\":\"BreadcrumbList\",\"@id\":\"https:\/\/sudoesteacontece.com.br\/?p=6142#breadcrumb\",\"itemListElement\":[{\"@type\":\"ListItem\",\"position\":1,\"name\":\"In\u00edcio\",\"item\":\"https:\/\/sudoesteacontece.com.br\/\"},{\"@type\":\"ListItem\",\"position\":2,\"name\":\"ACM Neto imp\u00f5e condi\u00e7\u00e3o para alian\u00e7a com Coronel e refor\u00e7a apoio a Caiado na Lavagem do Bonfim\"}]},{\"@type\":\"WebSite\",\"@id\":\"https:\/\/sudoesteacontece.com.br\/#website\",\"url\":\"https:\/\/sudoesteacontece.com.br\/\",\"name\":\"Sudoesteacontece\",\"description\":\"\",\"publisher\":{\"@id\":\"https:\/\/sudoesteacontece.com.br\/#organization\"},\"potentialAction\":[{\"@type\":\"SearchAction\",\"target\":{\"@type\":\"EntryPoint\",\"urlTemplate\":\"https:\/\/sudoesteacontece.com.br\/?s={search_term_string}\"},\"query-input\":{\"@type\":\"PropertyValueSpecification\",\"valueRequired\":true,\"valueName\":\"search_term_string\"}}],\"inLanguage\":\"pt-BR\"},{\"@type\":\"Organization\",\"@id\":\"https:\/\/sudoesteacontece.com.br\/#organization\",\"name\":\"Sudoesteacontece\",\"url\":\"https:\/\/sudoesteacontece.com.br\/\",\"logo\":{\"@type\":\"ImageObject\",\"inLanguage\":\"pt-BR\",\"@id\":\"https:\/\/sudoesteacontece.com.br\/#\/schema\/logo\/image\/\",\"url\":\"https:\/\/sudoesteacontece.com.br\/wp-content\/uploads\/2025\/12\/cropped-logo-2-180x180-1.png\",\"contentUrl\":\"https:\/\/sudoesteacontece.com.br\/wp-content\/uploads\/2025\/12\/cropped-logo-2-180x180-1.png\",\"width\":180,\"height\":180,\"caption\":\"Sudoesteacontece\"},\"image\":{\"@id\":\"https:\/\/sudoesteacontece.com.br\/#\/schema\/logo\/image\/\"},\"sameAs\":[\"https:\/\/www.facebook.com\/sudoesteacontece\/?locale=pt_BR\"]},{\"@type\":\"Person\",\"@id\":\"https:\/\/sudoesteacontece.com.br\/#\/schema\/person\/a4f22429c1d0923ef8f7d43343f8dc38\",\"name\":\"Reda\u00e7\u00e3o\",\"image\":{\"@type\":\"ImageObject\",\"inLanguage\":\"pt-BR\",\"@id\":\"https:\/\/sudoesteacontece.com.br\/#\/schema\/person\/image\/\",\"url\":\"https:\/\/secure.gravatar.com\/avatar\/c3a5b3c93f268a709c25a2df414c629a96fb3b1b4bf97a94fb3f72e54ae76903?s=96&d=mm&r=g\",\"contentUrl\":\"https:\/\/secure.gravatar.com\/avatar\/c3a5b3c93f268a709c25a2df414c629a96fb3b1b4bf97a94fb3f72e54ae76903?s=96&d=mm&r=g\",\"caption\":\"Reda\u00e7\u00e3o\"},\"url\":\"https:\/\/sudoesteacontece.com.br\/?author=4\"}]}<\/script>\n<!-- \/ Yoast SEO plugin. -->","yoast_head_json":{"title":"ACM Neto imp\u00f5e condi\u00e7\u00e3o para alian\u00e7a com Coronel e refor\u00e7a apoio a Caiado na Lavagem do Bonfim - Sudoesteacontece","robots":{"index":"index","follow":"follow","max-snippet":"max-snippet:-1","max-image-preview":"max-image-preview:large","max-video-preview":"max-video-preview:-1"},"canonical":"https:\/\/sudoesteacontece.com.br\/?p=6142","og_locale":"pt_BR","og_type":"article","og_title":"ACM Neto imp\u00f5e condi\u00e7\u00e3o para alian\u00e7a com Coronel e refor\u00e7a apoio a Caiado na Lavagem do Bonfim - Sudoesteacontece","og_description":"Presente na Lavagem do Bonfim, nesta quinta-feira (15), ACM Neto comentou especula\u00e7\u00f5es sobre uma poss\u00edvel alian\u00e7a com o senador Angelo Coronel (PSD). O ex-prefeito de Salvador afirmou que mant\u00e9m di\u00e1logo frequente com o parlamentar, mas deixou claro que s\u00f3 discutir\u00e1 acordo pol\u00edtico se houver uma decis\u00e3o formal do senador. Sem isso, diz, n\u00e3o existe negocia\u00e7\u00e3o. Durante conversa com a imprensa, Neto fez quest\u00e3o de separar rela\u00e7\u00e3o pessoal de articula\u00e7\u00e3o eleitoral. Segundo ele, amizade n\u00e3o significa tratativa pol\u00edtica. \u201cA minha conversa com o Coronel \u00e9 constante, mas n\u00e3o tratamos de pol\u00edtica. S\u00f3 posso tratar se houver condi\u00e7\u00e3o real, se ele disser que quer uma alian\u00e7a conosco\u201d, afirmou. Apesar da declara\u00e7\u00e3o, bastidores indicam movimenta\u00e7\u00f5es entre os dois grupos. O site Pol\u00edtica Livre j\u00e1 revelou sondagens pol\u00edticas entre Coronel e aliados de Neto. O ex-prefeito, inclusive, teria recusado proposta para ser candidato \u00fanico ao Senado pela oposi\u00e7\u00e3o, condi\u00e7\u00e3o que poderia levar o senador a mudar de campo pol\u00edtico. Em tom mais duro, ACM Neto criticou o PT e o grupo governista na Bahia. Para ele, ap\u00f3s duas d\u00e9cadas no poder, o partido tenta impor uma \u201cchapa fechada\u201d e age como se fosse dono do Estado. \u201cEles acham que podem impor tr\u00eas nomes. Acredito que v\u00e3o perder os tr\u00eas de uma vez s\u00f3\u201d, disse, ao projetar 2026. No cen\u00e1rio nacional, Neto refor\u00e7ou apoio ao governador de Goi\u00e1s, Ronaldo Caiado, presente no cortejo do Bonfim. Segundo ele, a participa\u00e7\u00e3o do aliado tem peso pol\u00edtico. \u201cA pr\u00e9-candidatura dele foi lan\u00e7ada em Salvador. Eu estou com ele. Vamos seguir juntos\u201d, declarou, ao ser questionado sobre a disputa presidencial. Mesmo assim, o ex-prefeito ponderou que o quadro eleitoral ainda est\u00e1 em constru\u00e7\u00e3o. Ele afirmou que seguir\u00e1 dialogando com partidos de oposi\u00e7\u00e3o ao PT e evitou antecipar defini\u00e7\u00f5es. Sobre a chapa majorit\u00e1ria na Bahia, disse que n\u00e3o h\u00e1 pressa e que decis\u00f5es devem ficar para mar\u00e7o.","og_url":"https:\/\/sudoesteacontece.com.br\/?p=6142","og_site_name":"Sudoesteacontece","article_publisher":"https:\/\/www.facebook.com\/sudoesteacontece\/?locale=pt_BR","article_published_time":"2026-01-15T13:30:13+00:00","article_modified_time":"2026-01-15T13:30:19+00:00","og_image":[{"width":900,"height":600,"url":"https:\/\/sudoesteacontece.com.br\/wp-content\/uploads\/2026\/01\/ACM-Neto-impoe-condicao-para-alianca-com-Coronel-e-reforca-apoio-a-Caiado-na-Lavagem-do-Bonfim.jpg","type":"image\/jpeg"}],"author":"Reda\u00e7\u00e3o","twitter_card":"summary_large_image","twitter_misc":{"Escrito por":"Reda\u00e7\u00e3o","Est. tempo de leitura":"3 minutos"},"schema":{"@context":"https:\/\/schema.org","@graph":[{"@type":"Article","@id":"https:\/\/sudoesteacontece.com.br\/?p=6142#article","isPartOf":{"@id":"https:\/\/sudoesteacontece.com.br\/?p=6142"},"author":{"name":"Reda\u00e7\u00e3o","@id":"https:\/\/sudoesteacontece.com.br\/#\/schema\/person\/a4f22429c1d0923ef8f7d43343f8dc38"},"headline":"ACM Neto imp\u00f5e condi\u00e7\u00e3o para alian\u00e7a com Coronel e refor\u00e7a apoio a Caiado na Lavagem do Bonfim","datePublished":"2026-01-15T13:30:13+00:00","dateModified":"2026-01-15T13:30:19+00:00","mainEntityOfPage":{"@id":"https:\/\/sudoesteacontece.com.br\/?p=6142"},"wordCount":369,"commentCount":0,"publisher":{"@id":"https:\/\/sudoesteacontece.com.br\/#organization"},"image":{"@id":"https:\/\/sudoesteacontece.com.br\/?p=6142#primaryimage"},"thumbnailUrl":"https:\/\/sudoesteacontece.com.br\/wp-content\/uploads\/2026\/01\/ACM-Neto-impoe-condicao-para-alianca-com-Coronel-e-reforca-apoio-a-Caiado-na-Lavagem-do-Bonfim.jpg","articleSection":["Bahia","Elei\u00e7\u00f5es 2026","Pol\u00edtica"],"inLanguage":"pt-BR","potentialAction":[{"@type":"CommentAction","name":"Comment","target":["https:\/\/sudoesteacontece.com.br\/?p=6142#respond"]}]},{"@type":"WebPage","@id":"https:\/\/sudoesteacontece.com.br\/?p=6142","url":"https:\/\/sudoesteacontece.com.br\/?p=6142","name":"ACM Neto imp\u00f5e condi\u00e7\u00e3o para alian\u00e7a com Coronel e refor\u00e7a apoio a Caiado na Lavagem do Bonfim - Sudoesteacontece","isPartOf":{"@id":"https:\/\/sudoesteacontece.com.br\/#website"},"primaryImageOfPage":{"@id":"https:\/\/sudoesteacontece.com.br\/?p=6142#primaryimage"},"image":{"@id":"https:\/\/sudoesteacontece.com.br\/?p=6142#primaryimage"},"thumbnailUrl":"https:\/\/sudoesteacontece.com.br\/wp-content\/uploads\/2026\/01\/ACM-Neto-impoe-condicao-para-alianca-com-Coronel-e-reforca-apoio-a-Caiado-na-Lavagem-do-Bonfim.jpg","datePublished":"2026-01-15T13:30:13+00:00","dateModified":"2026-01-15T13:30:19+00:00","breadcrumb":{"@id":"https:\/\/sudoesteacontece.com.br\/?p=6142#breadcrumb"},"inLanguage":"pt-BR","potentialAction":[{"@type":"ReadAction","target":["https:\/\/sudoesteacontece.com.br\/?p=6142"]}]},{"@type":"ImageObject","inLanguage":"pt-BR","@id":"https:\/\/sudoesteacontece.com.br\/?p=6142#primaryimage","url":"https:\/\/sudoesteacontece.com.br\/wp-content\/uploads\/2026\/01\/ACM-Neto-impoe-condicao-para-alianca-com-Coronel-e-reforca-apoio-a-Caiado-na-Lavagem-do-Bonfim.jpg","contentUrl":"https:\/\/sudoesteacontece.com.br\/wp-content\/uploads\/2026\/01\/ACM-Neto-impoe-condicao-para-alianca-com-Coronel-e-reforca-apoio-a-Caiado-na-Lavagem-do-Bonfim.jpg","width":900,"height":600},{"@type":"BreadcrumbList","@id":"https:\/\/sudoesteacontece.com.br\/?p=6142#breadcrumb","itemListElement":[{"@type":"ListItem","position":1,"name":"In\u00edcio","item":"https:\/\/sudoesteacontece.com.br\/"},{"@type":"ListItem","position":2,"name":"ACM Neto imp\u00f5e condi\u00e7\u00e3o para alian\u00e7a com Coronel e refor\u00e7a apoio a Caiado na Lavagem do Bonfim"}]},{"@type":"WebSite","@id":"https:\/\/sudoesteacontece.com.br\/#website","url":"https:\/\/sudoesteacontece.com.br\/","name":"Sudoesteacontece","description":"","publisher":{"@id":"https:\/\/sudoesteacontece.com.br\/#organization"},"potentialAction":[{"@type":"SearchAction","target":{"@type":"EntryPoint","urlTemplate":"https:\/\/sudoesteacontece.com.br\/?s={search_term_string}"},"query-input":{"@type":"PropertyValueSpecification","valueRequired":true,"valueName":"search_term_string"}}],"inLanguage":"pt-BR"},{"@type":"Organization","@id":"https:\/\/sudoesteacontece.com.br\/#organization","name":"Sudoesteacontece","url":"https:\/\/sudoesteacontece.com.br\/","logo":{"@type":"ImageObject","inLanguage":"pt-BR","@id":"https:\/\/sudoesteacontece.com.br\/#\/schema\/logo\/image\/","url":"https:\/\/sudoesteacontece.com.br\/wp-content\/uploads\/2025\/12\/cropped-logo-2-180x180-1.png","contentUrl":"https:\/\/sudoesteacontece.com.br\/wp-content\/uploads\/2025\/12\/cropped-logo-2-180x180-1.png","width":180,"height":180,"caption":"Sudoesteacontece"},"image":{"@id":"https:\/\/sudoesteacontece.com.br\/#\/schema\/logo\/image\/"},"sameAs":["https:\/\/www.facebook.com\/sudoesteacontece\/?locale=pt_BR"]},{"@type":"Person","@id":"https:\/\/sudoesteacontece.com.br\/#\/schema\/person\/a4f22429c1d0923ef8f7d43343f8dc38","name":"Reda\u00e7\u00e3o","image":{"@type":"ImageObject","inLanguage":"pt-BR","@id":"https:\/\/sudoesteacontece.com.br\/#\/schema\/person\/image\/","url":"https:\/\/secure.gravatar.com\/avatar\/c3a5b3c93f268a709c25a2df414c629a96fb3b1b4bf97a94fb3f72e54ae76903?s=96&d=mm&r=g","contentUrl":"https:\/\/secure.gravatar.com\/avatar\/c3a5b3c93f268a709c25a2df414c629a96fb3b1b4bf97a94fb3f72e54ae76903?s=96&d=mm&r=g","caption":"Reda\u00e7\u00e3o"},"url":"https:\/\/sudoesteacontece.com.br\/?author=4"}]}},"_links":{"self":[{"href":"https:\/\/sudoesteacontece.com.br\/index.php?rest_route=\/wp\/v2\/posts\/6142","targetHints":{"allow":["GET"]}}],"collection":[{"href":"https:\/\/sudoesteacontece.com.br\/index.php?rest_route=\/wp\/v2\/posts"}],"about":[{"href":"https:\/\/sudoesteacontece.com.br\/index.php?rest_route=\/wp\/v2\/types\/post"}],"author":[{"embeddable":true,"href":"https:\/\/sudoesteacontece.com.br\/index.php?rest_route=\/wp\/v2\/users\/4"}],"replies":[{"embeddable":true,"href":"https:\/\/sudoesteacontece.com.br\/index.php?rest_route=%2Fwp%2Fv2%2Fcomments&post=6142"}],"version-history":[{"count":0,"href":"https:\/\/sudoesteacontece.com.br\/index.php?rest_route=\/wp\/v2\/posts\/6142\/revisions"}],"wp:featuredmedia":[{"embeddable":true,"href":"https:\/\/sudoesteacontece.com.br\/index.php?rest_route=\/wp\/v2\/media\/6173"}],"wp:attachment":[{"href":"https:\/\/sudoesteacontece.com.br\/index.php?rest_route=%2Fwp%2Fv2%2Fmedia&parent=6142"}],"wp:term":[{"taxonomy":"category","embeddable":true,"href":"https:\/\/sudoesteacontece.com.br\/index.php?rest_route=%2Fwp%2Fv2%2Fcategories&post=6142"},{"taxonomy":"post_tag","embeddable":true,"href":"https:\/\/sudoesteacontece.com.br\/index.php?rest_route=%2Fwp%2Fv2%2Ftags&post=6142"}],"curies":[{"name":"wp","href":"https:\/\/api.w.org\/{rel}","templated":true}]}}