{"id":6143,"date":"2026-01-15T10:34:29","date_gmt":"2026-01-15T13:34:29","guid":{"rendered":"https:\/\/sudoesteacontece.com.br\/?p=6143"},"modified":"2026-01-15T10:34:34","modified_gmt":"2026-01-15T13:34:34","slug":"morre-aos-55-anos-o-popeye-brasileiro-conhecido-por-modificacoes-corporais-extremas","status":"publish","type":"post","link":"https:\/\/sudoesteacontece.com.br\/?p=6143","title":{"rendered":"Morre aos 55 anos o \u2018Popeye Brasileiro\u2019, conhecido por modifica\u00e7\u00f5es corporais extremas"},"content":{"rendered":"<div class=\"wp-block-image\">\n<figure class=\"aligncenter size-full\"><img fetchpriority=\"high\" decoding=\"async\" width=\"900\" height=\"600\" src=\"http:\/\/sudoesteacontece.com.br\/wp-content\/uploads\/2026\/01\/Morre-aos-55-anos-o-\u2018Popeye-Brasileiro-conhecido-por-modificacoes-corporais-extremas-sudoeste-acontece.jpg\" alt=\"\" class=\"wp-image-6175\" srcset=\"https:\/\/sudoesteacontece.com.br\/wp-content\/uploads\/2026\/01\/Morre-aos-55-anos-o-\u2018Popeye-Brasileiro-conhecido-por-modificacoes-corporais-extremas-sudoeste-acontece.jpg 900w, https:\/\/sudoesteacontece.com.br\/wp-content\/uploads\/2026\/01\/Morre-aos-55-anos-o-\u2018Popeye-Brasileiro-conhecido-por-modificacoes-corporais-extremas-sudoeste-acontece-300x200.jpg 300w, https:\/\/sudoesteacontece.com.br\/wp-content\/uploads\/2026\/01\/Morre-aos-55-anos-o-\u2018Popeye-Brasileiro-conhecido-por-modificacoes-corporais-extremas-sudoeste-acontece-768x512.jpg 768w\" sizes=\"(max-width: 900px) 100vw, 900px\" \/><\/figure>\n<\/div>\n\n\n<p>Morreu na \u00faltima ter\u00e7a-feira (13) Arlindo de Souza, conhecido nacionalmente como \u201cPopeye Brasileiro\u201d. Ele tinha 55 anos e ficou famoso por exibir bra\u00e7os volumosos ap\u00f3s modifica\u00e7\u00f5es corporais. Segundo familiares, a morte ocorreu por complica\u00e7\u00f5es associadas a problemas renais, ap\u00f3s semanas de interna\u00e7\u00e3o no Recife.<\/p>\n\n\n\n<p>Natural de Olinda, em Pernambuco, Arlindo estava internado desde dezembro no Hospital Ot\u00e1vio de Freitas, na Zona Oeste da capital. O \u00f3bito foi confirmado pela unidade de sa\u00fade. De acordo com parentes, o quadro cl\u00ednico se agravou nas semanas que antecederam a morte.<\/p>\n\n\n\n<p>Segundo relato do sobrinho, Denis Gomes de Luna, um dos rins parou de funcionar na semana do Natal, enquanto o outro j\u00e1 apresentava comprometimento. Ainda conforme a fam\u00edlia, houve ac\u00famulo de l\u00edquido nos pulm\u00f5es e uma parada card\u00edaca antes do in\u00edcio de sess\u00f5es de hemodi\u00e1lise.<\/p>\n\n\n\n<p>Conhecido do grande p\u00fablico, o \u201cPopeye Brasileiro\u201d ganhou notoriedade ao participar de programas de televis\u00e3o exibindo um f\u00edsico incomum. As altera\u00e7\u00f5es corporais, segundo ele pr\u00f3prio relatava, foram resultado da aplica\u00e7\u00e3o de \u00f3leo mineral e \u00e1lcool nos bra\u00e7os, pr\u00e1tica que gerou alerta de m\u00e9dicos.<\/p>\n\n\n\n<p>At\u00e9 a publica\u00e7\u00e3o desta reportagem, o atestado de \u00f3bito ainda n\u00e3o havia sido divulgado oficialmente. A fam\u00edlia acredita que a causa tenha sido fal\u00eancia m\u00faltipla dos \u00f3rg\u00e3os. O caso reacende debates sobre os riscos de procedimentos corporais sem acompanhamento m\u00e9dico.<\/p>\n","protected":false},"excerpt":{"rendered":"<p>Morreu na \u00faltima ter\u00e7a-feira (13) Arlindo de Souza, conhecido nacionalmente como \u201cPopeye Brasileiro\u201d. Ele tinha 55 anos e ficou famoso por exibir bra\u00e7os volumosos ap\u00f3s modifica\u00e7\u00f5es corporais. Segundo familiares, a morte ocorreu por complica\u00e7\u00f5es associadas a problemas renais, ap\u00f3s semanas de interna\u00e7\u00e3o no Recife. Natural de Olinda, em Pernambuco, Arlindo estava internado desde dezembro no Hospital Ot\u00e1vio de Freitas, na Zona Oeste da capital. O \u00f3bito foi confirmado pela unidade de sa\u00fade. De acordo com parentes, o quadro cl\u00ednico se agravou nas semanas que antecederam a morte. Segundo relato do sobrinho, Denis Gomes de Luna, um dos rins parou de funcionar na semana do Natal, enquanto o outro j\u00e1 apresentava comprometimento. Ainda conforme a fam\u00edlia, houve ac\u00famulo de l\u00edquido nos pulm\u00f5es e uma parada card\u00edaca antes do in\u00edcio de sess\u00f5es de hemodi\u00e1lise. Conhecido do grande p\u00fablico, o \u201cPopeye Brasileiro\u201d ganhou notoriedade ao participar de programas de televis\u00e3o exibindo um f\u00edsico incomum. As altera\u00e7\u00f5es corporais, segundo ele pr\u00f3prio relatava, foram resultado da aplica\u00e7\u00e3o de \u00f3leo mineral e \u00e1lcool nos bra\u00e7os, pr\u00e1tica que gerou alerta de m\u00e9dicos. At\u00e9 a publica\u00e7\u00e3o desta reportagem, o atestado de \u00f3bito ainda n\u00e3o havia sido divulgado oficialmente. A fam\u00edlia acredita que a causa tenha sido fal\u00eancia m\u00faltipla dos \u00f3rg\u00e3os. O caso reacende debates sobre os riscos de procedimentos corporais sem acompanhamento m\u00e9dico.<\/p>\n","protected":false},"author":4,"featured_media":6175,"comment_status":"open","ping_status":"open","sticky":false,"template":"","format":"standard","meta":{"footnotes":""},"categories":[53],"tags":[],"class_list":["post-6143","post","type-post","status-publish","format-standard","has-post-thumbnail","hentry","category-brasil"],"yoast_head":"<!-- This site is optimized with the Yoast SEO plugin v26.5 - https:\/\/yoast.com\/wordpress\/plugins\/seo\/ -->\n<title>Morre aos 55 anos o \u2018Popeye Brasileiro\u2019, conhecido por modifica\u00e7\u00f5es corporais extremas - Sudoesteacontece<\/title>\n<meta name=\"robots\" content=\"index, follow, max-snippet:-1, max-image-preview:large, max-video-preview:-1\" \/>\n<link rel=\"canonical\" href=\"https:\/\/sudoesteacontece.com.br\/?p=6143\" \/>\n<meta property=\"og:locale\" content=\"pt_BR\" \/>\n<meta property=\"og:type\" content=\"article\" \/>\n<meta property=\"og:title\" content=\"Morre aos 55 anos o \u2018Popeye Brasileiro\u2019, conhecido por modifica\u00e7\u00f5es corporais extremas - Sudoesteacontece\" \/>\n<meta property=\"og:description\" content=\"Morreu na \u00faltima ter\u00e7a-feira (13) Arlindo de Souza, conhecido nacionalmente como \u201cPopeye Brasileiro\u201d. Ele tinha 55 anos e ficou famoso por exibir bra\u00e7os volumosos ap\u00f3s modifica\u00e7\u00f5es corporais. Segundo familiares, a morte ocorreu por complica\u00e7\u00f5es associadas a problemas renais, ap\u00f3s semanas de interna\u00e7\u00e3o no Recife. Natural de Olinda, em Pernambuco, Arlindo estava internado desde dezembro no Hospital Ot\u00e1vio de Freitas, na Zona Oeste da capital. O \u00f3bito foi confirmado pela unidade de sa\u00fade. De acordo com parentes, o quadro cl\u00ednico se agravou nas semanas que antecederam a morte. Segundo relato do sobrinho, Denis Gomes de Luna, um dos rins parou de funcionar na semana do Natal, enquanto o outro j\u00e1 apresentava comprometimento. Ainda conforme a fam\u00edlia, houve ac\u00famulo de l\u00edquido nos pulm\u00f5es e uma parada card\u00edaca antes do in\u00edcio de sess\u00f5es de hemodi\u00e1lise. Conhecido do grande p\u00fablico, o \u201cPopeye Brasileiro\u201d ganhou notoriedade ao participar de programas de televis\u00e3o exibindo um f\u00edsico incomum. As altera\u00e7\u00f5es corporais, segundo ele pr\u00f3prio relatava, foram resultado da aplica\u00e7\u00e3o de \u00f3leo mineral e \u00e1lcool nos bra\u00e7os, pr\u00e1tica que gerou alerta de m\u00e9dicos. At\u00e9 a publica\u00e7\u00e3o desta reportagem, o atestado de \u00f3bito ainda n\u00e3o havia sido divulgado oficialmente. A fam\u00edlia acredita que a causa tenha sido fal\u00eancia m\u00faltipla dos \u00f3rg\u00e3os. O caso reacende debates sobre os riscos de procedimentos corporais sem acompanhamento m\u00e9dico.\" \/>\n<meta property=\"og:url\" content=\"https:\/\/sudoesteacontece.com.br\/?p=6143\" \/>\n<meta property=\"og:site_name\" content=\"Sudoesteacontece\" \/>\n<meta property=\"article:publisher\" content=\"https:\/\/www.facebook.com\/sudoesteacontece\/?locale=pt_BR\" \/>\n<meta property=\"article:published_time\" content=\"2026-01-15T13:34:29+00:00\" \/>\n<meta property=\"article:modified_time\" content=\"2026-01-15T13:34:34+00:00\" \/>\n<meta property=\"og:image\" content=\"https:\/\/sudoesteacontece.com.br\/wp-content\/uploads\/2026\/01\/Morre-aos-55-anos-o-\u2018Popeye-Brasileiro-conhecido-por-modificacoes-corporais-extremas-sudoeste-acontece.jpg\" \/>\n\t<meta property=\"og:image:width\" content=\"900\" \/>\n\t<meta property=\"og:image:height\" content=\"600\" \/>\n\t<meta property=\"og:image:type\" content=\"image\/jpeg\" \/>\n<meta name=\"author\" content=\"Reda\u00e7\u00e3o\" \/>\n<meta name=\"twitter:card\" content=\"summary_large_image\" \/>\n<meta name=\"twitter:label1\" content=\"Escrito por\" \/>\n\t<meta name=\"twitter:data1\" content=\"Reda\u00e7\u00e3o\" \/>\n\t<meta name=\"twitter:label2\" content=\"Est. tempo de leitura\" \/>\n\t<meta name=\"twitter:data2\" content=\"2 minutos\" \/>\n<script type=\"application\/ld+json\" class=\"yoast-schema-graph\">{\"@context\":\"https:\/\/schema.org\",\"@graph\":[{\"@type\":\"Article\",\"@id\":\"https:\/\/sudoesteacontece.com.br\/?p=6143#article\",\"isPartOf\":{\"@id\":\"https:\/\/sudoesteacontece.com.br\/?p=6143\"},\"author\":{\"name\":\"Reda\u00e7\u00e3o\",\"@id\":\"https:\/\/sudoesteacontece.com.br\/#\/schema\/person\/a4f22429c1d0923ef8f7d43343f8dc38\"},\"headline\":\"Morre aos 55 anos o \u2018Popeye Brasileiro\u2019, conhecido por modifica\u00e7\u00f5es corporais extremas\",\"datePublished\":\"2026-01-15T13:34:29+00:00\",\"dateModified\":\"2026-01-15T13:34:34+00:00\",\"mainEntityOfPage\":{\"@id\":\"https:\/\/sudoesteacontece.com.br\/?p=6143\"},\"wordCount\":259,\"commentCount\":0,\"publisher\":{\"@id\":\"https:\/\/sudoesteacontece.com.br\/#organization\"},\"image\":{\"@id\":\"https:\/\/sudoesteacontece.com.br\/?p=6143#primaryimage\"},\"thumbnailUrl\":\"https:\/\/sudoesteacontece.com.br\/wp-content\/uploads\/2026\/01\/Morre-aos-55-anos-o-\u2018Popeye-Brasileiro-conhecido-por-modificacoes-corporais-extremas-sudoeste-acontece.jpg\",\"articleSection\":[\"Brasil\"],\"inLanguage\":\"pt-BR\",\"potentialAction\":[{\"@type\":\"CommentAction\",\"name\":\"Comment\",\"target\":[\"https:\/\/sudoesteacontece.com.br\/?p=6143#respond\"]}]},{\"@type\":\"WebPage\",\"@id\":\"https:\/\/sudoesteacontece.com.br\/?p=6143\",\"url\":\"https:\/\/sudoesteacontece.com.br\/?p=6143\",\"name\":\"Morre aos 55 anos o \u2018Popeye Brasileiro\u2019, conhecido por modifica\u00e7\u00f5es corporais extremas - Sudoesteacontece\",\"isPartOf\":{\"@id\":\"https:\/\/sudoesteacontece.com.br\/#website\"},\"primaryImageOfPage\":{\"@id\":\"https:\/\/sudoesteacontece.com.br\/?p=6143#primaryimage\"},\"image\":{\"@id\":\"https:\/\/sudoesteacontece.com.br\/?p=6143#primaryimage\"},\"thumbnailUrl\":\"https:\/\/sudoesteacontece.com.br\/wp-content\/uploads\/2026\/01\/Morre-aos-55-anos-o-\u2018Popeye-Brasileiro-conhecido-por-modificacoes-corporais-extremas-sudoeste-acontece.jpg\",\"datePublished\":\"2026-01-15T13:34:29+00:00\",\"dateModified\":\"2026-01-15T13:34:34+00:00\",\"breadcrumb\":{\"@id\":\"https:\/\/sudoesteacontece.com.br\/?p=6143#breadcrumb\"},\"inLanguage\":\"pt-BR\",\"potentialAction\":[{\"@type\":\"ReadAction\",\"target\":[\"https:\/\/sudoesteacontece.com.br\/?p=6143\"]}]},{\"@type\":\"ImageObject\",\"inLanguage\":\"pt-BR\",\"@id\":\"https:\/\/sudoesteacontece.com.br\/?p=6143#primaryimage\",\"url\":\"https:\/\/sudoesteacontece.com.br\/wp-content\/uploads\/2026\/01\/Morre-aos-55-anos-o-\u2018Popeye-Brasileiro-conhecido-por-modificacoes-corporais-extremas-sudoeste-acontece.jpg\",\"contentUrl\":\"https:\/\/sudoesteacontece.com.br\/wp-content\/uploads\/2026\/01\/Morre-aos-55-anos-o-\u2018Popeye-Brasileiro-conhecido-por-modificacoes-corporais-extremas-sudoeste-acontece.jpg\",\"width\":900,\"height\":600},{\"@type\":\"BreadcrumbList\",\"@id\":\"https:\/\/sudoesteacontece.com.br\/?p=6143#breadcrumb\",\"itemListElement\":[{\"@type\":\"ListItem\",\"position\":1,\"name\":\"In\u00edcio\",\"item\":\"https:\/\/sudoesteacontece.com.br\/\"},{\"@type\":\"ListItem\",\"position\":2,\"name\":\"Morre aos 55 anos o \u2018Popeye Brasileiro\u2019, conhecido por modifica\u00e7\u00f5es corporais extremas\"}]},{\"@type\":\"WebSite\",\"@id\":\"https:\/\/sudoesteacontece.com.br\/#website\",\"url\":\"https:\/\/sudoesteacontece.com.br\/\",\"name\":\"Sudoesteacontece\",\"description\":\"\",\"publisher\":{\"@id\":\"https:\/\/sudoesteacontece.com.br\/#organization\"},\"potentialAction\":[{\"@type\":\"SearchAction\",\"target\":{\"@type\":\"EntryPoint\",\"urlTemplate\":\"https:\/\/sudoesteacontece.com.br\/?s={search_term_string}\"},\"query-input\":{\"@type\":\"PropertyValueSpecification\",\"valueRequired\":true,\"valueName\":\"search_term_string\"}}],\"inLanguage\":\"pt-BR\"},{\"@type\":\"Organization\",\"@id\":\"https:\/\/sudoesteacontece.com.br\/#organization\",\"name\":\"Sudoesteacontece\",\"url\":\"https:\/\/sudoesteacontece.com.br\/\",\"logo\":{\"@type\":\"ImageObject\",\"inLanguage\":\"pt-BR\",\"@id\":\"https:\/\/sudoesteacontece.com.br\/#\/schema\/logo\/image\/\",\"url\":\"https:\/\/sudoesteacontece.com.br\/wp-content\/uploads\/2025\/12\/cropped-logo-2-180x180-1.png\",\"contentUrl\":\"https:\/\/sudoesteacontece.com.br\/wp-content\/uploads\/2025\/12\/cropped-logo-2-180x180-1.png\",\"width\":180,\"height\":180,\"caption\":\"Sudoesteacontece\"},\"image\":{\"@id\":\"https:\/\/sudoesteacontece.com.br\/#\/schema\/logo\/image\/\"},\"sameAs\":[\"https:\/\/www.facebook.com\/sudoesteacontece\/?locale=pt_BR\"]},{\"@type\":\"Person\",\"@id\":\"https:\/\/sudoesteacontece.com.br\/#\/schema\/person\/a4f22429c1d0923ef8f7d43343f8dc38\",\"name\":\"Reda\u00e7\u00e3o\",\"image\":{\"@type\":\"ImageObject\",\"inLanguage\":\"pt-BR\",\"@id\":\"https:\/\/sudoesteacontece.com.br\/#\/schema\/person\/image\/\",\"url\":\"https:\/\/secure.gravatar.com\/avatar\/c3a5b3c93f268a709c25a2df414c629a96fb3b1b4bf97a94fb3f72e54ae76903?s=96&d=mm&r=g\",\"contentUrl\":\"https:\/\/secure.gravatar.com\/avatar\/c3a5b3c93f268a709c25a2df414c629a96fb3b1b4bf97a94fb3f72e54ae76903?s=96&d=mm&r=g\",\"caption\":\"Reda\u00e7\u00e3o\"},\"url\":\"https:\/\/sudoesteacontece.com.br\/?author=4\"}]}<\/script>\n<!-- \/ Yoast SEO plugin. -->","yoast_head_json":{"title":"Morre aos 55 anos o \u2018Popeye Brasileiro\u2019, conhecido por modifica\u00e7\u00f5es corporais extremas - Sudoesteacontece","robots":{"index":"index","follow":"follow","max-snippet":"max-snippet:-1","max-image-preview":"max-image-preview:large","max-video-preview":"max-video-preview:-1"},"canonical":"https:\/\/sudoesteacontece.com.br\/?p=6143","og_locale":"pt_BR","og_type":"article","og_title":"Morre aos 55 anos o \u2018Popeye Brasileiro\u2019, conhecido por modifica\u00e7\u00f5es corporais extremas - Sudoesteacontece","og_description":"Morreu na \u00faltima ter\u00e7a-feira (13) Arlindo de Souza, conhecido nacionalmente como \u201cPopeye Brasileiro\u201d. Ele tinha 55 anos e ficou famoso por exibir bra\u00e7os volumosos ap\u00f3s modifica\u00e7\u00f5es corporais. Segundo familiares, a morte ocorreu por complica\u00e7\u00f5es associadas a problemas renais, ap\u00f3s semanas de interna\u00e7\u00e3o no Recife. Natural de Olinda, em Pernambuco, Arlindo estava internado desde dezembro no Hospital Ot\u00e1vio de Freitas, na Zona Oeste da capital. O \u00f3bito foi confirmado pela unidade de sa\u00fade. De acordo com parentes, o quadro cl\u00ednico se agravou nas semanas que antecederam a morte. Segundo relato do sobrinho, Denis Gomes de Luna, um dos rins parou de funcionar na semana do Natal, enquanto o outro j\u00e1 apresentava comprometimento. Ainda conforme a fam\u00edlia, houve ac\u00famulo de l\u00edquido nos pulm\u00f5es e uma parada card\u00edaca antes do in\u00edcio de sess\u00f5es de hemodi\u00e1lise. Conhecido do grande p\u00fablico, o \u201cPopeye Brasileiro\u201d ganhou notoriedade ao participar de programas de televis\u00e3o exibindo um f\u00edsico incomum. As altera\u00e7\u00f5es corporais, segundo ele pr\u00f3prio relatava, foram resultado da aplica\u00e7\u00e3o de \u00f3leo mineral e \u00e1lcool nos bra\u00e7os, pr\u00e1tica que gerou alerta de m\u00e9dicos. At\u00e9 a publica\u00e7\u00e3o desta reportagem, o atestado de \u00f3bito ainda n\u00e3o havia sido divulgado oficialmente. A fam\u00edlia acredita que a causa tenha sido fal\u00eancia m\u00faltipla dos \u00f3rg\u00e3os. O caso reacende debates sobre os riscos de procedimentos corporais sem acompanhamento m\u00e9dico.","og_url":"https:\/\/sudoesteacontece.com.br\/?p=6143","og_site_name":"Sudoesteacontece","article_publisher":"https:\/\/www.facebook.com\/sudoesteacontece\/?locale=pt_BR","article_published_time":"2026-01-15T13:34:29+00:00","article_modified_time":"2026-01-15T13:34:34+00:00","og_image":[{"width":900,"height":600,"url":"https:\/\/sudoesteacontece.com.br\/wp-content\/uploads\/2026\/01\/Morre-aos-55-anos-o-\u2018Popeye-Brasileiro-conhecido-por-modificacoes-corporais-extremas-sudoeste-acontece.jpg","type":"image\/jpeg"}],"author":"Reda\u00e7\u00e3o","twitter_card":"summary_large_image","twitter_misc":{"Escrito por":"Reda\u00e7\u00e3o","Est. tempo de leitura":"2 minutos"},"schema":{"@context":"https:\/\/schema.org","@graph":[{"@type":"Article","@id":"https:\/\/sudoesteacontece.com.br\/?p=6143#article","isPartOf":{"@id":"https:\/\/sudoesteacontece.com.br\/?p=6143"},"author":{"name":"Reda\u00e7\u00e3o","@id":"https:\/\/sudoesteacontece.com.br\/#\/schema\/person\/a4f22429c1d0923ef8f7d43343f8dc38"},"headline":"Morre aos 55 anos o \u2018Popeye Brasileiro\u2019, conhecido por modifica\u00e7\u00f5es corporais extremas","datePublished":"2026-01-15T13:34:29+00:00","dateModified":"2026-01-15T13:34:34+00:00","mainEntityOfPage":{"@id":"https:\/\/sudoesteacontece.com.br\/?p=6143"},"wordCount":259,"commentCount":0,"publisher":{"@id":"https:\/\/sudoesteacontece.com.br\/#organization"},"image":{"@id":"https:\/\/sudoesteacontece.com.br\/?p=6143#primaryimage"},"thumbnailUrl":"https:\/\/sudoesteacontece.com.br\/wp-content\/uploads\/2026\/01\/Morre-aos-55-anos-o-\u2018Popeye-Brasileiro-conhecido-por-modificacoes-corporais-extremas-sudoeste-acontece.jpg","articleSection":["Brasil"],"inLanguage":"pt-BR","potentialAction":[{"@type":"CommentAction","name":"Comment","target":["https:\/\/sudoesteacontece.com.br\/?p=6143#respond"]}]},{"@type":"WebPage","@id":"https:\/\/sudoesteacontece.com.br\/?p=6143","url":"https:\/\/sudoesteacontece.com.br\/?p=6143","name":"Morre aos 55 anos o \u2018Popeye Brasileiro\u2019, conhecido por modifica\u00e7\u00f5es corporais extremas - Sudoesteacontece","isPartOf":{"@id":"https:\/\/sudoesteacontece.com.br\/#website"},"primaryImageOfPage":{"@id":"https:\/\/sudoesteacontece.com.br\/?p=6143#primaryimage"},"image":{"@id":"https:\/\/sudoesteacontece.com.br\/?p=6143#primaryimage"},"thumbnailUrl":"https:\/\/sudoesteacontece.com.br\/wp-content\/uploads\/2026\/01\/Morre-aos-55-anos-o-\u2018Popeye-Brasileiro-conhecido-por-modificacoes-corporais-extremas-sudoeste-acontece.jpg","datePublished":"2026-01-15T13:34:29+00:00","dateModified":"2026-01-15T13:34:34+00:00","breadcrumb":{"@id":"https:\/\/sudoesteacontece.com.br\/?p=6143#breadcrumb"},"inLanguage":"pt-BR","potentialAction":[{"@type":"ReadAction","target":["https:\/\/sudoesteacontece.com.br\/?p=6143"]}]},{"@type":"ImageObject","inLanguage":"pt-BR","@id":"https:\/\/sudoesteacontece.com.br\/?p=6143#primaryimage","url":"https:\/\/sudoesteacontece.com.br\/wp-content\/uploads\/2026\/01\/Morre-aos-55-anos-o-\u2018Popeye-Brasileiro-conhecido-por-modificacoes-corporais-extremas-sudoeste-acontece.jpg","contentUrl":"https:\/\/sudoesteacontece.com.br\/wp-content\/uploads\/2026\/01\/Morre-aos-55-anos-o-\u2018Popeye-Brasileiro-conhecido-por-modificacoes-corporais-extremas-sudoeste-acontece.jpg","width":900,"height":600},{"@type":"BreadcrumbList","@id":"https:\/\/sudoesteacontece.com.br\/?p=6143#breadcrumb","itemListElement":[{"@type":"ListItem","position":1,"name":"In\u00edcio","item":"https:\/\/sudoesteacontece.com.br\/"},{"@type":"ListItem","position":2,"name":"Morre aos 55 anos o \u2018Popeye Brasileiro\u2019, conhecido por modifica\u00e7\u00f5es corporais extremas"}]},{"@type":"WebSite","@id":"https:\/\/sudoesteacontece.com.br\/#website","url":"https:\/\/sudoesteacontece.com.br\/","name":"Sudoesteacontece","description":"","publisher":{"@id":"https:\/\/sudoesteacontece.com.br\/#organization"},"potentialAction":[{"@type":"SearchAction","target":{"@type":"EntryPoint","urlTemplate":"https:\/\/sudoesteacontece.com.br\/?s={search_term_string}"},"query-input":{"@type":"PropertyValueSpecification","valueRequired":true,"valueName":"search_term_string"}}],"inLanguage":"pt-BR"},{"@type":"Organization","@id":"https:\/\/sudoesteacontece.com.br\/#organization","name":"Sudoesteacontece","url":"https:\/\/sudoesteacontece.com.br\/","logo":{"@type":"ImageObject","inLanguage":"pt-BR","@id":"https:\/\/sudoesteacontece.com.br\/#\/schema\/logo\/image\/","url":"https:\/\/sudoesteacontece.com.br\/wp-content\/uploads\/2025\/12\/cropped-logo-2-180x180-1.png","contentUrl":"https:\/\/sudoesteacontece.com.br\/wp-content\/uploads\/2025\/12\/cropped-logo-2-180x180-1.png","width":180,"height":180,"caption":"Sudoesteacontece"},"image":{"@id":"https:\/\/sudoesteacontece.com.br\/#\/schema\/logo\/image\/"},"sameAs":["https:\/\/www.facebook.com\/sudoesteacontece\/?locale=pt_BR"]},{"@type":"Person","@id":"https:\/\/sudoesteacontece.com.br\/#\/schema\/person\/a4f22429c1d0923ef8f7d43343f8dc38","name":"Reda\u00e7\u00e3o","image":{"@type":"ImageObject","inLanguage":"pt-BR","@id":"https:\/\/sudoesteacontece.com.br\/#\/schema\/person\/image\/","url":"https:\/\/secure.gravatar.com\/avatar\/c3a5b3c93f268a709c25a2df414c629a96fb3b1b4bf97a94fb3f72e54ae76903?s=96&d=mm&r=g","contentUrl":"https:\/\/secure.gravatar.com\/avatar\/c3a5b3c93f268a709c25a2df414c629a96fb3b1b4bf97a94fb3f72e54ae76903?s=96&d=mm&r=g","caption":"Reda\u00e7\u00e3o"},"url":"https:\/\/sudoesteacontece.com.br\/?author=4"}]}},"_links":{"self":[{"href":"https:\/\/sudoesteacontece.com.br\/index.php?rest_route=\/wp\/v2\/posts\/6143","targetHints":{"allow":["GET"]}}],"collection":[{"href":"https:\/\/sudoesteacontece.com.br\/index.php?rest_route=\/wp\/v2\/posts"}],"about":[{"href":"https:\/\/sudoesteacontece.com.br\/index.php?rest_route=\/wp\/v2\/types\/post"}],"author":[{"embeddable":true,"href":"https:\/\/sudoesteacontece.com.br\/index.php?rest_route=\/wp\/v2\/users\/4"}],"replies":[{"embeddable":true,"href":"https:\/\/sudoesteacontece.com.br\/index.php?rest_route=%2Fwp%2Fv2%2Fcomments&post=6143"}],"version-history":[{"count":0,"href":"https:\/\/sudoesteacontece.com.br\/index.php?rest_route=\/wp\/v2\/posts\/6143\/revisions"}],"wp:featuredmedia":[{"embeddable":true,"href":"https:\/\/sudoesteacontece.com.br\/index.php?rest_route=\/wp\/v2\/media\/6175"}],"wp:attachment":[{"href":"https:\/\/sudoesteacontece.com.br\/index.php?rest_route=%2Fwp%2Fv2%2Fmedia&parent=6143"}],"wp:term":[{"taxonomy":"category","embeddable":true,"href":"https:\/\/sudoesteacontece.com.br\/index.php?rest_route=%2Fwp%2Fv2%2Fcategories&post=6143"},{"taxonomy":"post_tag","embeddable":true,"href":"https:\/\/sudoesteacontece.com.br\/index.php?rest_route=%2Fwp%2Fv2%2Ftags&post=6143"}],"curies":[{"name":"wp","href":"https:\/\/api.w.org\/{rel}","templated":true}]}}