{"id":6145,"date":"2026-01-15T10:39:08","date_gmt":"2026-01-15T13:39:08","guid":{"rendered":"https:\/\/sudoesteacontece.com.br\/?p=6145"},"modified":"2026-01-15T10:39:14","modified_gmt":"2026-01-15T13:39:14","slug":"lavagem-do-bonfim-larissa-moraes-admite-ser-opcao-para-vice-de-jeronimo-e-reforca-forca-do-mdb","status":"publish","type":"post","link":"https:\/\/sudoesteacontece.com.br\/?p=6145","title":{"rendered":"Lavagem do Bonfim: Larissa Moraes admite ser op\u00e7\u00e3o para vice de Jer\u00f4nimo e refor\u00e7a for\u00e7a do MDB"},"content":{"rendered":"<div class=\"wp-block-image\">\n<figure class=\"aligncenter size-full\"><img fetchpriority=\"high\" decoding=\"async\" width=\"900\" height=\"600\" src=\"http:\/\/sudoesteacontece.com.br\/wp-content\/uploads\/2026\/01\/Lavagem-do-Bonfim-Larissa-Moraes-admite-ser-opcao-para-vice-de-Jeronimo-e-reforca-forca-do-MDB.jpg\" alt=\"\" class=\"wp-image-6179\" srcset=\"https:\/\/sudoesteacontece.com.br\/wp-content\/uploads\/2026\/01\/Lavagem-do-Bonfim-Larissa-Moraes-admite-ser-opcao-para-vice-de-Jeronimo-e-reforca-forca-do-MDB.jpg 900w, https:\/\/sudoesteacontece.com.br\/wp-content\/uploads\/2026\/01\/Lavagem-do-Bonfim-Larissa-Moraes-admite-ser-opcao-para-vice-de-Jeronimo-e-reforca-forca-do-MDB-300x200.jpg 300w, https:\/\/sudoesteacontece.com.br\/wp-content\/uploads\/2026\/01\/Lavagem-do-Bonfim-Larissa-Moraes-admite-ser-opcao-para-vice-de-Jeronimo-e-reforca-forca-do-MDB-768x512.jpg 768w\" sizes=\"(max-width: 900px) 100vw, 900px\" \/><\/figure>\n<\/div>\n\n\n<p>Secret\u00e1ria estadual de Infraestrutura H\u00eddrica e Saneamento, Larissa Moraes colocou o nome \u00e0 disposi\u00e7\u00e3o para compor como vice a chapa do governador Jer\u00f4nimo Rodrigues na disputa pela reelei\u00e7\u00e3o. A declara\u00e7\u00e3o ocorreu durante a Lavagem do Bonfim e surge como alternativa caso o petista decida retirar o atual vice, Geraldo J\u00fanior, da composi\u00e7\u00e3o majorit\u00e1ria.<\/p>\n\n\n\n<p>Durante conversa com o Pol\u00edtica Livre, Larissa avaliou que a lembran\u00e7a do seu nome fortalece o MDB. Segundo ela, o partido conta com outras lideran\u00e7as al\u00e9m de Geraldo J\u00fanior, como Jayme Vieira Lima, presidente da sigla na Bahia, al\u00e9m de quadros que se qualificaram ao longo dos anos na gest\u00e3o p\u00fablica estadual.<\/p>\n\n\n\n<p>Para a secret\u00e1ria, o reconhecimento demonstra amadurecimento pol\u00edtico dentro do MDB. Ela afirmou que se sente preparada para novos desafios, mas ponderou que o momento deve ser avaliado com cautela. Caso n\u00e3o haja espa\u00e7o agora, destacou que outras oportunidades podem surgir mais adiante no cen\u00e1rio pol\u00edtico baiano.<\/p>\n\n\n\n<p>Larissa tamb\u00e9m disse ter ficado feliz com a lembran\u00e7a por representar o avan\u00e7o da presen\u00e7a feminina nas chapas majorit\u00e1rias. Ainda assim, refor\u00e7ou que a prioridade do partido segue sendo a reelei\u00e7\u00e3o de Geraldo J\u00fanior como vice-governador na alian\u00e7a com o PT.<\/p>\n\n\n\n<p>A secret\u00e1ria confirmou ainda que recuou da pr\u00e9-candidatura a deputada estadual para permanecer no governo. A decis\u00e3o, segundo ela, foi estrat\u00e9gica e alinhada ao projeto pol\u00edtico do MDB, que busca manter protagonismo e influ\u00eancia na composi\u00e7\u00e3o da base aliada do governador Jer\u00f4nimo Rodrigues.<\/p>\n","protected":false},"excerpt":{"rendered":"<p>Secret\u00e1ria estadual de Infraestrutura H\u00eddrica e Saneamento, Larissa Moraes colocou o nome \u00e0 disposi\u00e7\u00e3o para compor como vice a chapa do governador Jer\u00f4nimo Rodrigues na disputa pela reelei\u00e7\u00e3o. A declara\u00e7\u00e3o ocorreu durante a Lavagem do Bonfim e surge como alternativa caso o petista decida retirar o atual vice, Geraldo J\u00fanior, da composi\u00e7\u00e3o majorit\u00e1ria. Durante conversa com o Pol\u00edtica Livre, Larissa avaliou que a lembran\u00e7a do seu nome fortalece o MDB. Segundo ela, o partido conta com outras lideran\u00e7as al\u00e9m de Geraldo J\u00fanior, como Jayme Vieira Lima, presidente da sigla na Bahia, al\u00e9m de quadros que se qualificaram ao longo dos anos na gest\u00e3o p\u00fablica estadual. Para a secret\u00e1ria, o reconhecimento demonstra amadurecimento pol\u00edtico dentro do MDB. Ela afirmou que se sente preparada para novos desafios, mas ponderou que o momento deve ser avaliado com cautela. Caso n\u00e3o haja espa\u00e7o agora, destacou que outras oportunidades podem surgir mais adiante no cen\u00e1rio pol\u00edtico baiano. Larissa tamb\u00e9m disse ter ficado feliz com a lembran\u00e7a por representar o avan\u00e7o da presen\u00e7a feminina nas chapas majorit\u00e1rias. Ainda assim, refor\u00e7ou que a prioridade do partido segue sendo a reelei\u00e7\u00e3o de Geraldo J\u00fanior como vice-governador na alian\u00e7a com o PT. A secret\u00e1ria confirmou ainda que recuou da pr\u00e9-candidatura a deputada estadual para permanecer no governo. A decis\u00e3o, segundo ela, foi estrat\u00e9gica e alinhada ao projeto pol\u00edtico do MDB, que busca manter protagonismo e influ\u00eancia na composi\u00e7\u00e3o da base aliada do governador Jer\u00f4nimo Rodrigues.<\/p>\n","protected":false},"author":4,"featured_media":6179,"comment_status":"open","ping_status":"open","sticky":false,"template":"","format":"standard","meta":{"footnotes":""},"categories":[7,58,6],"tags":[],"class_list":["post-6145","post","type-post","status-publish","format-standard","has-post-thumbnail","hentry","category-bahia","category-eleicoes-2026","category-politica"],"yoast_head":"<!-- This site is optimized with the Yoast SEO plugin v26.5 - https:\/\/yoast.com\/wordpress\/plugins\/seo\/ -->\n<title>Lavagem do Bonfim: Larissa Moraes admite ser op\u00e7\u00e3o para vice de Jer\u00f4nimo e refor\u00e7a for\u00e7a do MDB - Sudoesteacontece<\/title>\n<meta name=\"robots\" content=\"index, follow, max-snippet:-1, max-image-preview:large, max-video-preview:-1\" \/>\n<link rel=\"canonical\" href=\"https:\/\/sudoesteacontece.com.br\/?p=6145\" \/>\n<meta property=\"og:locale\" content=\"pt_BR\" \/>\n<meta property=\"og:type\" content=\"article\" \/>\n<meta property=\"og:title\" content=\"Lavagem do Bonfim: Larissa Moraes admite ser op\u00e7\u00e3o para vice de Jer\u00f4nimo e refor\u00e7a for\u00e7a do MDB - Sudoesteacontece\" \/>\n<meta property=\"og:description\" content=\"Secret\u00e1ria estadual de Infraestrutura H\u00eddrica e Saneamento, Larissa Moraes colocou o nome \u00e0 disposi\u00e7\u00e3o para compor como vice a chapa do governador Jer\u00f4nimo Rodrigues na disputa pela reelei\u00e7\u00e3o. A declara\u00e7\u00e3o ocorreu durante a Lavagem do Bonfim e surge como alternativa caso o petista decida retirar o atual vice, Geraldo J\u00fanior, da composi\u00e7\u00e3o majorit\u00e1ria. Durante conversa com o Pol\u00edtica Livre, Larissa avaliou que a lembran\u00e7a do seu nome fortalece o MDB. Segundo ela, o partido conta com outras lideran\u00e7as al\u00e9m de Geraldo J\u00fanior, como Jayme Vieira Lima, presidente da sigla na Bahia, al\u00e9m de quadros que se qualificaram ao longo dos anos na gest\u00e3o p\u00fablica estadual. Para a secret\u00e1ria, o reconhecimento demonstra amadurecimento pol\u00edtico dentro do MDB. Ela afirmou que se sente preparada para novos desafios, mas ponderou que o momento deve ser avaliado com cautela. Caso n\u00e3o haja espa\u00e7o agora, destacou que outras oportunidades podem surgir mais adiante no cen\u00e1rio pol\u00edtico baiano. Larissa tamb\u00e9m disse ter ficado feliz com a lembran\u00e7a por representar o avan\u00e7o da presen\u00e7a feminina nas chapas majorit\u00e1rias. Ainda assim, refor\u00e7ou que a prioridade do partido segue sendo a reelei\u00e7\u00e3o de Geraldo J\u00fanior como vice-governador na alian\u00e7a com o PT. A secret\u00e1ria confirmou ainda que recuou da pr\u00e9-candidatura a deputada estadual para permanecer no governo. A decis\u00e3o, segundo ela, foi estrat\u00e9gica e alinhada ao projeto pol\u00edtico do MDB, que busca manter protagonismo e influ\u00eancia na composi\u00e7\u00e3o da base aliada do governador Jer\u00f4nimo Rodrigues.\" \/>\n<meta property=\"og:url\" content=\"https:\/\/sudoesteacontece.com.br\/?p=6145\" \/>\n<meta property=\"og:site_name\" content=\"Sudoesteacontece\" \/>\n<meta property=\"article:publisher\" content=\"https:\/\/www.facebook.com\/sudoesteacontece\/?locale=pt_BR\" \/>\n<meta property=\"article:published_time\" content=\"2026-01-15T13:39:08+00:00\" \/>\n<meta property=\"article:modified_time\" content=\"2026-01-15T13:39:14+00:00\" \/>\n<meta property=\"og:image\" content=\"https:\/\/sudoesteacontece.com.br\/wp-content\/uploads\/2026\/01\/Lavagem-do-Bonfim-Larissa-Moraes-admite-ser-opcao-para-vice-de-Jeronimo-e-reforca-forca-do-MDB.jpg\" \/>\n\t<meta property=\"og:image:width\" content=\"900\" \/>\n\t<meta property=\"og:image:height\" content=\"600\" \/>\n\t<meta property=\"og:image:type\" content=\"image\/jpeg\" \/>\n<meta name=\"author\" content=\"Reda\u00e7\u00e3o\" \/>\n<meta name=\"twitter:card\" content=\"summary_large_image\" \/>\n<meta name=\"twitter:label1\" content=\"Escrito por\" \/>\n\t<meta name=\"twitter:data1\" content=\"Reda\u00e7\u00e3o\" \/>\n\t<meta name=\"twitter:label2\" content=\"Est. tempo de leitura\" \/>\n\t<meta name=\"twitter:data2\" content=\"2 minutos\" \/>\n<script type=\"application\/ld+json\" class=\"yoast-schema-graph\">{\"@context\":\"https:\/\/schema.org\",\"@graph\":[{\"@type\":\"Article\",\"@id\":\"https:\/\/sudoesteacontece.com.br\/?p=6145#article\",\"isPartOf\":{\"@id\":\"https:\/\/sudoesteacontece.com.br\/?p=6145\"},\"author\":{\"name\":\"Reda\u00e7\u00e3o\",\"@id\":\"https:\/\/sudoesteacontece.com.br\/#\/schema\/person\/a4f22429c1d0923ef8f7d43343f8dc38\"},\"headline\":\"Lavagem do Bonfim: Larissa Moraes admite ser op\u00e7\u00e3o para vice de Jer\u00f4nimo e refor\u00e7a for\u00e7a do MDB\",\"datePublished\":\"2026-01-15T13:39:08+00:00\",\"dateModified\":\"2026-01-15T13:39:14+00:00\",\"mainEntityOfPage\":{\"@id\":\"https:\/\/sudoesteacontece.com.br\/?p=6145\"},\"wordCount\":296,\"commentCount\":0,\"publisher\":{\"@id\":\"https:\/\/sudoesteacontece.com.br\/#organization\"},\"image\":{\"@id\":\"https:\/\/sudoesteacontece.com.br\/?p=6145#primaryimage\"},\"thumbnailUrl\":\"https:\/\/sudoesteacontece.com.br\/wp-content\/uploads\/2026\/01\/Lavagem-do-Bonfim-Larissa-Moraes-admite-ser-opcao-para-vice-de-Jeronimo-e-reforca-forca-do-MDB.jpg\",\"articleSection\":[\"Bahia\",\"Elei\u00e7\u00f5es 2026\",\"Pol\u00edtica\"],\"inLanguage\":\"pt-BR\",\"potentialAction\":[{\"@type\":\"CommentAction\",\"name\":\"Comment\",\"target\":[\"https:\/\/sudoesteacontece.com.br\/?p=6145#respond\"]}]},{\"@type\":\"WebPage\",\"@id\":\"https:\/\/sudoesteacontece.com.br\/?p=6145\",\"url\":\"https:\/\/sudoesteacontece.com.br\/?p=6145\",\"name\":\"Lavagem do Bonfim: Larissa Moraes admite ser op\u00e7\u00e3o para vice de Jer\u00f4nimo e refor\u00e7a for\u00e7a do MDB - Sudoesteacontece\",\"isPartOf\":{\"@id\":\"https:\/\/sudoesteacontece.com.br\/#website\"},\"primaryImageOfPage\":{\"@id\":\"https:\/\/sudoesteacontece.com.br\/?p=6145#primaryimage\"},\"image\":{\"@id\":\"https:\/\/sudoesteacontece.com.br\/?p=6145#primaryimage\"},\"thumbnailUrl\":\"https:\/\/sudoesteacontece.com.br\/wp-content\/uploads\/2026\/01\/Lavagem-do-Bonfim-Larissa-Moraes-admite-ser-opcao-para-vice-de-Jeronimo-e-reforca-forca-do-MDB.jpg\",\"datePublished\":\"2026-01-15T13:39:08+00:00\",\"dateModified\":\"2026-01-15T13:39:14+00:00\",\"breadcrumb\":{\"@id\":\"https:\/\/sudoesteacontece.com.br\/?p=6145#breadcrumb\"},\"inLanguage\":\"pt-BR\",\"potentialAction\":[{\"@type\":\"ReadAction\",\"target\":[\"https:\/\/sudoesteacontece.com.br\/?p=6145\"]}]},{\"@type\":\"ImageObject\",\"inLanguage\":\"pt-BR\",\"@id\":\"https:\/\/sudoesteacontece.com.br\/?p=6145#primaryimage\",\"url\":\"https:\/\/sudoesteacontece.com.br\/wp-content\/uploads\/2026\/01\/Lavagem-do-Bonfim-Larissa-Moraes-admite-ser-opcao-para-vice-de-Jeronimo-e-reforca-forca-do-MDB.jpg\",\"contentUrl\":\"https:\/\/sudoesteacontece.com.br\/wp-content\/uploads\/2026\/01\/Lavagem-do-Bonfim-Larissa-Moraes-admite-ser-opcao-para-vice-de-Jeronimo-e-reforca-forca-do-MDB.jpg\",\"width\":900,\"height\":600},{\"@type\":\"BreadcrumbList\",\"@id\":\"https:\/\/sudoesteacontece.com.br\/?p=6145#breadcrumb\",\"itemListElement\":[{\"@type\":\"ListItem\",\"position\":1,\"name\":\"In\u00edcio\",\"item\":\"https:\/\/sudoesteacontece.com.br\/\"},{\"@type\":\"ListItem\",\"position\":2,\"name\":\"Lavagem do Bonfim: Larissa Moraes admite ser op\u00e7\u00e3o para vice de Jer\u00f4nimo e refor\u00e7a for\u00e7a do MDB\"}]},{\"@type\":\"WebSite\",\"@id\":\"https:\/\/sudoesteacontece.com.br\/#website\",\"url\":\"https:\/\/sudoesteacontece.com.br\/\",\"name\":\"Sudoesteacontece\",\"description\":\"\",\"publisher\":{\"@id\":\"https:\/\/sudoesteacontece.com.br\/#organization\"},\"potentialAction\":[{\"@type\":\"SearchAction\",\"target\":{\"@type\":\"EntryPoint\",\"urlTemplate\":\"https:\/\/sudoesteacontece.com.br\/?s={search_term_string}\"},\"query-input\":{\"@type\":\"PropertyValueSpecification\",\"valueRequired\":true,\"valueName\":\"search_term_string\"}}],\"inLanguage\":\"pt-BR\"},{\"@type\":\"Organization\",\"@id\":\"https:\/\/sudoesteacontece.com.br\/#organization\",\"name\":\"Sudoesteacontece\",\"url\":\"https:\/\/sudoesteacontece.com.br\/\",\"logo\":{\"@type\":\"ImageObject\",\"inLanguage\":\"pt-BR\",\"@id\":\"https:\/\/sudoesteacontece.com.br\/#\/schema\/logo\/image\/\",\"url\":\"https:\/\/sudoesteacontece.com.br\/wp-content\/uploads\/2025\/12\/cropped-logo-2-180x180-1.png\",\"contentUrl\":\"https:\/\/sudoesteacontece.com.br\/wp-content\/uploads\/2025\/12\/cropped-logo-2-180x180-1.png\",\"width\":180,\"height\":180,\"caption\":\"Sudoesteacontece\"},\"image\":{\"@id\":\"https:\/\/sudoesteacontece.com.br\/#\/schema\/logo\/image\/\"},\"sameAs\":[\"https:\/\/www.facebook.com\/sudoesteacontece\/?locale=pt_BR\"]},{\"@type\":\"Person\",\"@id\":\"https:\/\/sudoesteacontece.com.br\/#\/schema\/person\/a4f22429c1d0923ef8f7d43343f8dc38\",\"name\":\"Reda\u00e7\u00e3o\",\"image\":{\"@type\":\"ImageObject\",\"inLanguage\":\"pt-BR\",\"@id\":\"https:\/\/sudoesteacontece.com.br\/#\/schema\/person\/image\/\",\"url\":\"https:\/\/secure.gravatar.com\/avatar\/c3a5b3c93f268a709c25a2df414c629a96fb3b1b4bf97a94fb3f72e54ae76903?s=96&d=mm&r=g\",\"contentUrl\":\"https:\/\/secure.gravatar.com\/avatar\/c3a5b3c93f268a709c25a2df414c629a96fb3b1b4bf97a94fb3f72e54ae76903?s=96&d=mm&r=g\",\"caption\":\"Reda\u00e7\u00e3o\"},\"url\":\"https:\/\/sudoesteacontece.com.br\/?author=4\"}]}<\/script>\n<!-- \/ Yoast SEO plugin. -->","yoast_head_json":{"title":"Lavagem do Bonfim: Larissa Moraes admite ser op\u00e7\u00e3o para vice de Jer\u00f4nimo e refor\u00e7a for\u00e7a do MDB - Sudoesteacontece","robots":{"index":"index","follow":"follow","max-snippet":"max-snippet:-1","max-image-preview":"max-image-preview:large","max-video-preview":"max-video-preview:-1"},"canonical":"https:\/\/sudoesteacontece.com.br\/?p=6145","og_locale":"pt_BR","og_type":"article","og_title":"Lavagem do Bonfim: Larissa Moraes admite ser op\u00e7\u00e3o para vice de Jer\u00f4nimo e refor\u00e7a for\u00e7a do MDB - Sudoesteacontece","og_description":"Secret\u00e1ria estadual de Infraestrutura H\u00eddrica e Saneamento, Larissa Moraes colocou o nome \u00e0 disposi\u00e7\u00e3o para compor como vice a chapa do governador Jer\u00f4nimo Rodrigues na disputa pela reelei\u00e7\u00e3o. A declara\u00e7\u00e3o ocorreu durante a Lavagem do Bonfim e surge como alternativa caso o petista decida retirar o atual vice, Geraldo J\u00fanior, da composi\u00e7\u00e3o majorit\u00e1ria. Durante conversa com o Pol\u00edtica Livre, Larissa avaliou que a lembran\u00e7a do seu nome fortalece o MDB. Segundo ela, o partido conta com outras lideran\u00e7as al\u00e9m de Geraldo J\u00fanior, como Jayme Vieira Lima, presidente da sigla na Bahia, al\u00e9m de quadros que se qualificaram ao longo dos anos na gest\u00e3o p\u00fablica estadual. Para a secret\u00e1ria, o reconhecimento demonstra amadurecimento pol\u00edtico dentro do MDB. Ela afirmou que se sente preparada para novos desafios, mas ponderou que o momento deve ser avaliado com cautela. Caso n\u00e3o haja espa\u00e7o agora, destacou que outras oportunidades podem surgir mais adiante no cen\u00e1rio pol\u00edtico baiano. Larissa tamb\u00e9m disse ter ficado feliz com a lembran\u00e7a por representar o avan\u00e7o da presen\u00e7a feminina nas chapas majorit\u00e1rias. Ainda assim, refor\u00e7ou que a prioridade do partido segue sendo a reelei\u00e7\u00e3o de Geraldo J\u00fanior como vice-governador na alian\u00e7a com o PT. A secret\u00e1ria confirmou ainda que recuou da pr\u00e9-candidatura a deputada estadual para permanecer no governo. A decis\u00e3o, segundo ela, foi estrat\u00e9gica e alinhada ao projeto pol\u00edtico do MDB, que busca manter protagonismo e influ\u00eancia na composi\u00e7\u00e3o da base aliada do governador Jer\u00f4nimo Rodrigues.","og_url":"https:\/\/sudoesteacontece.com.br\/?p=6145","og_site_name":"Sudoesteacontece","article_publisher":"https:\/\/www.facebook.com\/sudoesteacontece\/?locale=pt_BR","article_published_time":"2026-01-15T13:39:08+00:00","article_modified_time":"2026-01-15T13:39:14+00:00","og_image":[{"width":900,"height":600,"url":"https:\/\/sudoesteacontece.com.br\/wp-content\/uploads\/2026\/01\/Lavagem-do-Bonfim-Larissa-Moraes-admite-ser-opcao-para-vice-de-Jeronimo-e-reforca-forca-do-MDB.jpg","type":"image\/jpeg"}],"author":"Reda\u00e7\u00e3o","twitter_card":"summary_large_image","twitter_misc":{"Escrito por":"Reda\u00e7\u00e3o","Est. tempo de leitura":"2 minutos"},"schema":{"@context":"https:\/\/schema.org","@graph":[{"@type":"Article","@id":"https:\/\/sudoesteacontece.com.br\/?p=6145#article","isPartOf":{"@id":"https:\/\/sudoesteacontece.com.br\/?p=6145"},"author":{"name":"Reda\u00e7\u00e3o","@id":"https:\/\/sudoesteacontece.com.br\/#\/schema\/person\/a4f22429c1d0923ef8f7d43343f8dc38"},"headline":"Lavagem do Bonfim: Larissa Moraes admite ser op\u00e7\u00e3o para vice de Jer\u00f4nimo e refor\u00e7a for\u00e7a do MDB","datePublished":"2026-01-15T13:39:08+00:00","dateModified":"2026-01-15T13:39:14+00:00","mainEntityOfPage":{"@id":"https:\/\/sudoesteacontece.com.br\/?p=6145"},"wordCount":296,"commentCount":0,"publisher":{"@id":"https:\/\/sudoesteacontece.com.br\/#organization"},"image":{"@id":"https:\/\/sudoesteacontece.com.br\/?p=6145#primaryimage"},"thumbnailUrl":"https:\/\/sudoesteacontece.com.br\/wp-content\/uploads\/2026\/01\/Lavagem-do-Bonfim-Larissa-Moraes-admite-ser-opcao-para-vice-de-Jeronimo-e-reforca-forca-do-MDB.jpg","articleSection":["Bahia","Elei\u00e7\u00f5es 2026","Pol\u00edtica"],"inLanguage":"pt-BR","potentialAction":[{"@type":"CommentAction","name":"Comment","target":["https:\/\/sudoesteacontece.com.br\/?p=6145#respond"]}]},{"@type":"WebPage","@id":"https:\/\/sudoesteacontece.com.br\/?p=6145","url":"https:\/\/sudoesteacontece.com.br\/?p=6145","name":"Lavagem do Bonfim: Larissa Moraes admite ser op\u00e7\u00e3o para vice de Jer\u00f4nimo e refor\u00e7a for\u00e7a do MDB - Sudoesteacontece","isPartOf":{"@id":"https:\/\/sudoesteacontece.com.br\/#website"},"primaryImageOfPage":{"@id":"https:\/\/sudoesteacontece.com.br\/?p=6145#primaryimage"},"image":{"@id":"https:\/\/sudoesteacontece.com.br\/?p=6145#primaryimage"},"thumbnailUrl":"https:\/\/sudoesteacontece.com.br\/wp-content\/uploads\/2026\/01\/Lavagem-do-Bonfim-Larissa-Moraes-admite-ser-opcao-para-vice-de-Jeronimo-e-reforca-forca-do-MDB.jpg","datePublished":"2026-01-15T13:39:08+00:00","dateModified":"2026-01-15T13:39:14+00:00","breadcrumb":{"@id":"https:\/\/sudoesteacontece.com.br\/?p=6145#breadcrumb"},"inLanguage":"pt-BR","potentialAction":[{"@type":"ReadAction","target":["https:\/\/sudoesteacontece.com.br\/?p=6145"]}]},{"@type":"ImageObject","inLanguage":"pt-BR","@id":"https:\/\/sudoesteacontece.com.br\/?p=6145#primaryimage","url":"https:\/\/sudoesteacontece.com.br\/wp-content\/uploads\/2026\/01\/Lavagem-do-Bonfim-Larissa-Moraes-admite-ser-opcao-para-vice-de-Jeronimo-e-reforca-forca-do-MDB.jpg","contentUrl":"https:\/\/sudoesteacontece.com.br\/wp-content\/uploads\/2026\/01\/Lavagem-do-Bonfim-Larissa-Moraes-admite-ser-opcao-para-vice-de-Jeronimo-e-reforca-forca-do-MDB.jpg","width":900,"height":600},{"@type":"BreadcrumbList","@id":"https:\/\/sudoesteacontece.com.br\/?p=6145#breadcrumb","itemListElement":[{"@type":"ListItem","position":1,"name":"In\u00edcio","item":"https:\/\/sudoesteacontece.com.br\/"},{"@type":"ListItem","position":2,"name":"Lavagem do Bonfim: Larissa Moraes admite ser op\u00e7\u00e3o para vice de Jer\u00f4nimo e refor\u00e7a for\u00e7a do MDB"}]},{"@type":"WebSite","@id":"https:\/\/sudoesteacontece.com.br\/#website","url":"https:\/\/sudoesteacontece.com.br\/","name":"Sudoesteacontece","description":"","publisher":{"@id":"https:\/\/sudoesteacontece.com.br\/#organization"},"potentialAction":[{"@type":"SearchAction","target":{"@type":"EntryPoint","urlTemplate":"https:\/\/sudoesteacontece.com.br\/?s={search_term_string}"},"query-input":{"@type":"PropertyValueSpecification","valueRequired":true,"valueName":"search_term_string"}}],"inLanguage":"pt-BR"},{"@type":"Organization","@id":"https:\/\/sudoesteacontece.com.br\/#organization","name":"Sudoesteacontece","url":"https:\/\/sudoesteacontece.com.br\/","logo":{"@type":"ImageObject","inLanguage":"pt-BR","@id":"https:\/\/sudoesteacontece.com.br\/#\/schema\/logo\/image\/","url":"https:\/\/sudoesteacontece.com.br\/wp-content\/uploads\/2025\/12\/cropped-logo-2-180x180-1.png","contentUrl":"https:\/\/sudoesteacontece.com.br\/wp-content\/uploads\/2025\/12\/cropped-logo-2-180x180-1.png","width":180,"height":180,"caption":"Sudoesteacontece"},"image":{"@id":"https:\/\/sudoesteacontece.com.br\/#\/schema\/logo\/image\/"},"sameAs":["https:\/\/www.facebook.com\/sudoesteacontece\/?locale=pt_BR"]},{"@type":"Person","@id":"https:\/\/sudoesteacontece.com.br\/#\/schema\/person\/a4f22429c1d0923ef8f7d43343f8dc38","name":"Reda\u00e7\u00e3o","image":{"@type":"ImageObject","inLanguage":"pt-BR","@id":"https:\/\/sudoesteacontece.com.br\/#\/schema\/person\/image\/","url":"https:\/\/secure.gravatar.com\/avatar\/c3a5b3c93f268a709c25a2df414c629a96fb3b1b4bf97a94fb3f72e54ae76903?s=96&d=mm&r=g","contentUrl":"https:\/\/secure.gravatar.com\/avatar\/c3a5b3c93f268a709c25a2df414c629a96fb3b1b4bf97a94fb3f72e54ae76903?s=96&d=mm&r=g","caption":"Reda\u00e7\u00e3o"},"url":"https:\/\/sudoesteacontece.com.br\/?author=4"}]}},"_links":{"self":[{"href":"https:\/\/sudoesteacontece.com.br\/index.php?rest_route=\/wp\/v2\/posts\/6145","targetHints":{"allow":["GET"]}}],"collection":[{"href":"https:\/\/sudoesteacontece.com.br\/index.php?rest_route=\/wp\/v2\/posts"}],"about":[{"href":"https:\/\/sudoesteacontece.com.br\/index.php?rest_route=\/wp\/v2\/types\/post"}],"author":[{"embeddable":true,"href":"https:\/\/sudoesteacontece.com.br\/index.php?rest_route=\/wp\/v2\/users\/4"}],"replies":[{"embeddable":true,"href":"https:\/\/sudoesteacontece.com.br\/index.php?rest_route=%2Fwp%2Fv2%2Fcomments&post=6145"}],"version-history":[{"count":0,"href":"https:\/\/sudoesteacontece.com.br\/index.php?rest_route=\/wp\/v2\/posts\/6145\/revisions"}],"wp:featuredmedia":[{"embeddable":true,"href":"https:\/\/sudoesteacontece.com.br\/index.php?rest_route=\/wp\/v2\/media\/6179"}],"wp:attachment":[{"href":"https:\/\/sudoesteacontece.com.br\/index.php?rest_route=%2Fwp%2Fv2%2Fmedia&parent=6145"}],"wp:term":[{"taxonomy":"category","embeddable":true,"href":"https:\/\/sudoesteacontece.com.br\/index.php?rest_route=%2Fwp%2Fv2%2Fcategories&post=6145"},{"taxonomy":"post_tag","embeddable":true,"href":"https:\/\/sudoesteacontece.com.br\/index.php?rest_route=%2Fwp%2Fv2%2Ftags&post=6145"}],"curies":[{"name":"wp","href":"https:\/\/api.w.org\/{rel}","templated":true}]}}