{"id":6147,"date":"2026-01-15T10:55:17","date_gmt":"2026-01-15T13:55:17","guid":{"rendered":"https:\/\/sudoesteacontece.com.br\/?p=6147"},"modified":"2026-01-15T10:55:27","modified_gmt":"2026-01-15T13:55:27","slug":"brumado-reforca-prevencao-ao-cancer-de-mama-com-acao-do-estado-e-carreta-itinerante","status":"publish","type":"post","link":"https:\/\/sudoesteacontece.com.br\/?p=6147","title":{"rendered":"Brumado refor\u00e7a preven\u00e7\u00e3o ao c\u00e2ncer de mama com a\u00e7\u00e3o do Estado e carreta itinerante"},"content":{"rendered":"<div class=\"wp-block-image\">\n<figure class=\"aligncenter size-full\"><img fetchpriority=\"high\" decoding=\"async\" width=\"900\" height=\"600\" src=\"http:\/\/sudoesteacontece.com.br\/wp-content\/uploads\/2026\/01\/Danilo-Menezes-secretario-de-saude.jpg\" alt=\"\" class=\"wp-image-6186\" srcset=\"https:\/\/sudoesteacontece.com.br\/wp-content\/uploads\/2026\/01\/Danilo-Menezes-secretario-de-saude.jpg 900w, https:\/\/sudoesteacontece.com.br\/wp-content\/uploads\/2026\/01\/Danilo-Menezes-secretario-de-saude-300x200.jpg 300w, https:\/\/sudoesteacontece.com.br\/wp-content\/uploads\/2026\/01\/Danilo-Menezes-secretario-de-saude-768x512.jpg 768w\" sizes=\"(max-width: 900px) 100vw, 900px\" \/><\/figure>\n<\/div>\n\n\n<p>Parceria entre a Prefeitura de Brumado e o Governo do Estado vai levar \u00e0 cidade uma a\u00e7\u00e3o voltada ao rastreamento e \u00e0 preven\u00e7\u00e3o do c\u00e2ncer de mama. A iniciativa amplia o acesso ao diagn\u00f3stico precoce e fortalece a rede de cuidados com a sa\u00fade da mulher no munic\u00edpio.<\/p>\n\n\n\n<p>Segundo o secret\u00e1rio municipal de Sa\u00fade, Danilo Menezes, uma carreta itinerante chegar\u00e1 a Brumado com estrutura completa para atendimento. O ve\u00edculo contar\u00e1 com equipamentos e equipe especializada para realizar consultas e exames, garantindo mais agilidade e alcance no rastreio da doen\u00e7a.<\/p>\n\n\n\n<p>Diagn\u00f3stico precoce \u00e9 apontado como fator decisivo para aumentar as chances de cura do c\u00e2ncer de mama. Embora a data exata ainda n\u00e3o tenha sido definida, a previs\u00e3o \u00e9 que a carreta atenda a popula\u00e7\u00e3o no primeiro trimestre deste ano, com os servi\u00e7os organizados por meio de pr\u00e9-agendamento.<\/p>\n\n\n\n<p>Atendimento ser\u00e1 direcionado a mulheres com idades entre 50 e 74 anos, p\u00fablico considerado priorit\u00e1rio nas pol\u00edticas de rastreamento. Al\u00e9m das consultas, a a\u00e7\u00e3o vai ofertar exames de imagem, como mamografia e ultrassom das mamas, essenciais para a identifica\u00e7\u00e3o precoce de altera\u00e7\u00f5es.<\/p>\n\n\n\n<p>De acordo com o secret\u00e1rio, h\u00e1 um esfor\u00e7o conjunto do munic\u00edpio e dos governos estadual e federal para ampliar a assist\u00eancia em sa\u00fade. A meta \u00e9 antecipar diagn\u00f3sticos, iniciar tratamentos o quanto antes e salvar vidas, reduzindo impactos da doen\u00e7a na popula\u00e7\u00e3o feminina de Brumado.<\/p>\n","protected":false},"excerpt":{"rendered":"<p>Parceria entre a Prefeitura de Brumado e o Governo do Estado vai levar \u00e0 cidade uma a\u00e7\u00e3o voltada ao rastreamento e \u00e0 preven\u00e7\u00e3o do c\u00e2ncer de mama. A iniciativa amplia o acesso ao diagn\u00f3stico precoce e fortalece a rede de cuidados com a sa\u00fade da mulher no munic\u00edpio. Segundo o secret\u00e1rio municipal de Sa\u00fade, Danilo Menezes, uma carreta itinerante chegar\u00e1 a Brumado com estrutura completa para atendimento. O ve\u00edculo contar\u00e1 com equipamentos e equipe especializada para realizar consultas e exames, garantindo mais agilidade e alcance no rastreio da doen\u00e7a. Diagn\u00f3stico precoce \u00e9 apontado como fator decisivo para aumentar as chances de cura do c\u00e2ncer de mama. Embora a data exata ainda n\u00e3o tenha sido definida, a previs\u00e3o \u00e9 que a carreta atenda a popula\u00e7\u00e3o no primeiro trimestre deste ano, com os servi\u00e7os organizados por meio de pr\u00e9-agendamento. Atendimento ser\u00e1 direcionado a mulheres com idades entre 50 e 74 anos, p\u00fablico considerado priorit\u00e1rio nas pol\u00edticas de rastreamento. Al\u00e9m das consultas, a a\u00e7\u00e3o vai ofertar exames de imagem, como mamografia e ultrassom das mamas, essenciais para a identifica\u00e7\u00e3o precoce de altera\u00e7\u00f5es. De acordo com o secret\u00e1rio, h\u00e1 um esfor\u00e7o conjunto do munic\u00edpio e dos governos estadual e federal para ampliar a assist\u00eancia em sa\u00fade. A meta \u00e9 antecipar diagn\u00f3sticos, iniciar tratamentos o quanto antes e salvar vidas, reduzindo impactos da doen\u00e7a na popula\u00e7\u00e3o feminina de Brumado.<\/p>\n","protected":false},"author":4,"featured_media":6186,"comment_status":"open","ping_status":"open","sticky":false,"template":"","format":"standard","meta":{"footnotes":""},"categories":[10,6,45],"tags":[],"class_list":["post-6147","post","type-post","status-publish","format-standard","has-post-thumbnail","hentry","category-brumado","category-politica","category-saude"],"yoast_head":"<!-- This site is optimized with the Yoast SEO plugin v26.5 - https:\/\/yoast.com\/wordpress\/plugins\/seo\/ -->\n<title>Brumado refor\u00e7a preven\u00e7\u00e3o ao c\u00e2ncer de mama com a\u00e7\u00e3o do Estado e carreta itinerante - Sudoesteacontece<\/title>\n<meta name=\"robots\" content=\"index, follow, max-snippet:-1, max-image-preview:large, max-video-preview:-1\" \/>\n<link rel=\"canonical\" href=\"https:\/\/sudoesteacontece.com.br\/?p=6147\" \/>\n<meta property=\"og:locale\" content=\"pt_BR\" \/>\n<meta property=\"og:type\" content=\"article\" \/>\n<meta property=\"og:title\" content=\"Brumado refor\u00e7a preven\u00e7\u00e3o ao c\u00e2ncer de mama com a\u00e7\u00e3o do Estado e carreta itinerante - Sudoesteacontece\" \/>\n<meta property=\"og:description\" content=\"Parceria entre a Prefeitura de Brumado e o Governo do Estado vai levar \u00e0 cidade uma a\u00e7\u00e3o voltada ao rastreamento e \u00e0 preven\u00e7\u00e3o do c\u00e2ncer de mama. A iniciativa amplia o acesso ao diagn\u00f3stico precoce e fortalece a rede de cuidados com a sa\u00fade da mulher no munic\u00edpio. Segundo o secret\u00e1rio municipal de Sa\u00fade, Danilo Menezes, uma carreta itinerante chegar\u00e1 a Brumado com estrutura completa para atendimento. O ve\u00edculo contar\u00e1 com equipamentos e equipe especializada para realizar consultas e exames, garantindo mais agilidade e alcance no rastreio da doen\u00e7a. Diagn\u00f3stico precoce \u00e9 apontado como fator decisivo para aumentar as chances de cura do c\u00e2ncer de mama. Embora a data exata ainda n\u00e3o tenha sido definida, a previs\u00e3o \u00e9 que a carreta atenda a popula\u00e7\u00e3o no primeiro trimestre deste ano, com os servi\u00e7os organizados por meio de pr\u00e9-agendamento. Atendimento ser\u00e1 direcionado a mulheres com idades entre 50 e 74 anos, p\u00fablico considerado priorit\u00e1rio nas pol\u00edticas de rastreamento. Al\u00e9m das consultas, a a\u00e7\u00e3o vai ofertar exames de imagem, como mamografia e ultrassom das mamas, essenciais para a identifica\u00e7\u00e3o precoce de altera\u00e7\u00f5es. De acordo com o secret\u00e1rio, h\u00e1 um esfor\u00e7o conjunto do munic\u00edpio e dos governos estadual e federal para ampliar a assist\u00eancia em sa\u00fade. A meta \u00e9 antecipar diagn\u00f3sticos, iniciar tratamentos o quanto antes e salvar vidas, reduzindo impactos da doen\u00e7a na popula\u00e7\u00e3o feminina de Brumado.\" \/>\n<meta property=\"og:url\" content=\"https:\/\/sudoesteacontece.com.br\/?p=6147\" \/>\n<meta property=\"og:site_name\" content=\"Sudoesteacontece\" \/>\n<meta property=\"article:publisher\" content=\"https:\/\/www.facebook.com\/sudoesteacontece\/?locale=pt_BR\" \/>\n<meta property=\"article:published_time\" content=\"2026-01-15T13:55:17+00:00\" \/>\n<meta property=\"article:modified_time\" content=\"2026-01-15T13:55:27+00:00\" \/>\n<meta property=\"og:image\" content=\"https:\/\/sudoesteacontece.com.br\/wp-content\/uploads\/2026\/01\/Danilo-Menezes-secretario-de-saude.jpg\" \/>\n\t<meta property=\"og:image:width\" content=\"900\" \/>\n\t<meta property=\"og:image:height\" content=\"600\" \/>\n\t<meta property=\"og:image:type\" content=\"image\/jpeg\" \/>\n<meta name=\"author\" content=\"Reda\u00e7\u00e3o\" \/>\n<meta name=\"twitter:card\" content=\"summary_large_image\" \/>\n<meta name=\"twitter:label1\" content=\"Escrito por\" \/>\n\t<meta name=\"twitter:data1\" content=\"Reda\u00e7\u00e3o\" \/>\n\t<meta name=\"twitter:label2\" content=\"Est. tempo de leitura\" \/>\n\t<meta name=\"twitter:data2\" content=\"2 minutos\" \/>\n<script type=\"application\/ld+json\" class=\"yoast-schema-graph\">{\"@context\":\"https:\/\/schema.org\",\"@graph\":[{\"@type\":\"Article\",\"@id\":\"https:\/\/sudoesteacontece.com.br\/?p=6147#article\",\"isPartOf\":{\"@id\":\"https:\/\/sudoesteacontece.com.br\/?p=6147\"},\"author\":{\"name\":\"Reda\u00e7\u00e3o\",\"@id\":\"https:\/\/sudoesteacontece.com.br\/#\/schema\/person\/a4f22429c1d0923ef8f7d43343f8dc38\"},\"headline\":\"Brumado refor\u00e7a preven\u00e7\u00e3o ao c\u00e2ncer de mama com a\u00e7\u00e3o do Estado e carreta itinerante\",\"datePublished\":\"2026-01-15T13:55:17+00:00\",\"dateModified\":\"2026-01-15T13:55:27+00:00\",\"mainEntityOfPage\":{\"@id\":\"https:\/\/sudoesteacontece.com.br\/?p=6147\"},\"wordCount\":267,\"commentCount\":0,\"publisher\":{\"@id\":\"https:\/\/sudoesteacontece.com.br\/#organization\"},\"image\":{\"@id\":\"https:\/\/sudoesteacontece.com.br\/?p=6147#primaryimage\"},\"thumbnailUrl\":\"https:\/\/sudoesteacontece.com.br\/wp-content\/uploads\/2026\/01\/Danilo-Menezes-secretario-de-saude.jpg\",\"articleSection\":[\"Brumado\",\"Pol\u00edtica\",\"Sa\u00fade\"],\"inLanguage\":\"pt-BR\",\"potentialAction\":[{\"@type\":\"CommentAction\",\"name\":\"Comment\",\"target\":[\"https:\/\/sudoesteacontece.com.br\/?p=6147#respond\"]}]},{\"@type\":\"WebPage\",\"@id\":\"https:\/\/sudoesteacontece.com.br\/?p=6147\",\"url\":\"https:\/\/sudoesteacontece.com.br\/?p=6147\",\"name\":\"Brumado refor\u00e7a preven\u00e7\u00e3o ao c\u00e2ncer de mama com a\u00e7\u00e3o do Estado e carreta itinerante - Sudoesteacontece\",\"isPartOf\":{\"@id\":\"https:\/\/sudoesteacontece.com.br\/#website\"},\"primaryImageOfPage\":{\"@id\":\"https:\/\/sudoesteacontece.com.br\/?p=6147#primaryimage\"},\"image\":{\"@id\":\"https:\/\/sudoesteacontece.com.br\/?p=6147#primaryimage\"},\"thumbnailUrl\":\"https:\/\/sudoesteacontece.com.br\/wp-content\/uploads\/2026\/01\/Danilo-Menezes-secretario-de-saude.jpg\",\"datePublished\":\"2026-01-15T13:55:17+00:00\",\"dateModified\":\"2026-01-15T13:55:27+00:00\",\"breadcrumb\":{\"@id\":\"https:\/\/sudoesteacontece.com.br\/?p=6147#breadcrumb\"},\"inLanguage\":\"pt-BR\",\"potentialAction\":[{\"@type\":\"ReadAction\",\"target\":[\"https:\/\/sudoesteacontece.com.br\/?p=6147\"]}]},{\"@type\":\"ImageObject\",\"inLanguage\":\"pt-BR\",\"@id\":\"https:\/\/sudoesteacontece.com.br\/?p=6147#primaryimage\",\"url\":\"https:\/\/sudoesteacontece.com.br\/wp-content\/uploads\/2026\/01\/Danilo-Menezes-secretario-de-saude.jpg\",\"contentUrl\":\"https:\/\/sudoesteacontece.com.br\/wp-content\/uploads\/2026\/01\/Danilo-Menezes-secretario-de-saude.jpg\",\"width\":900,\"height\":600},{\"@type\":\"BreadcrumbList\",\"@id\":\"https:\/\/sudoesteacontece.com.br\/?p=6147#breadcrumb\",\"itemListElement\":[{\"@type\":\"ListItem\",\"position\":1,\"name\":\"In\u00edcio\",\"item\":\"https:\/\/sudoesteacontece.com.br\/\"},{\"@type\":\"ListItem\",\"position\":2,\"name\":\"Brumado refor\u00e7a preven\u00e7\u00e3o ao c\u00e2ncer de mama com a\u00e7\u00e3o do Estado e carreta itinerante\"}]},{\"@type\":\"WebSite\",\"@id\":\"https:\/\/sudoesteacontece.com.br\/#website\",\"url\":\"https:\/\/sudoesteacontece.com.br\/\",\"name\":\"Sudoesteacontece\",\"description\":\"\",\"publisher\":{\"@id\":\"https:\/\/sudoesteacontece.com.br\/#organization\"},\"potentialAction\":[{\"@type\":\"SearchAction\",\"target\":{\"@type\":\"EntryPoint\",\"urlTemplate\":\"https:\/\/sudoesteacontece.com.br\/?s={search_term_string}\"},\"query-input\":{\"@type\":\"PropertyValueSpecification\",\"valueRequired\":true,\"valueName\":\"search_term_string\"}}],\"inLanguage\":\"pt-BR\"},{\"@type\":\"Organization\",\"@id\":\"https:\/\/sudoesteacontece.com.br\/#organization\",\"name\":\"Sudoesteacontece\",\"url\":\"https:\/\/sudoesteacontece.com.br\/\",\"logo\":{\"@type\":\"ImageObject\",\"inLanguage\":\"pt-BR\",\"@id\":\"https:\/\/sudoesteacontece.com.br\/#\/schema\/logo\/image\/\",\"url\":\"https:\/\/sudoesteacontece.com.br\/wp-content\/uploads\/2025\/12\/cropped-logo-2-180x180-1.png\",\"contentUrl\":\"https:\/\/sudoesteacontece.com.br\/wp-content\/uploads\/2025\/12\/cropped-logo-2-180x180-1.png\",\"width\":180,\"height\":180,\"caption\":\"Sudoesteacontece\"},\"image\":{\"@id\":\"https:\/\/sudoesteacontece.com.br\/#\/schema\/logo\/image\/\"},\"sameAs\":[\"https:\/\/www.facebook.com\/sudoesteacontece\/?locale=pt_BR\"]},{\"@type\":\"Person\",\"@id\":\"https:\/\/sudoesteacontece.com.br\/#\/schema\/person\/a4f22429c1d0923ef8f7d43343f8dc38\",\"name\":\"Reda\u00e7\u00e3o\",\"image\":{\"@type\":\"ImageObject\",\"inLanguage\":\"pt-BR\",\"@id\":\"https:\/\/sudoesteacontece.com.br\/#\/schema\/person\/image\/\",\"url\":\"https:\/\/secure.gravatar.com\/avatar\/c3a5b3c93f268a709c25a2df414c629a96fb3b1b4bf97a94fb3f72e54ae76903?s=96&d=mm&r=g\",\"contentUrl\":\"https:\/\/secure.gravatar.com\/avatar\/c3a5b3c93f268a709c25a2df414c629a96fb3b1b4bf97a94fb3f72e54ae76903?s=96&d=mm&r=g\",\"caption\":\"Reda\u00e7\u00e3o\"},\"url\":\"https:\/\/sudoesteacontece.com.br\/?author=4\"}]}<\/script>\n<!-- \/ Yoast SEO plugin. -->","yoast_head_json":{"title":"Brumado refor\u00e7a preven\u00e7\u00e3o ao c\u00e2ncer de mama com a\u00e7\u00e3o do Estado e carreta itinerante - Sudoesteacontece","robots":{"index":"index","follow":"follow","max-snippet":"max-snippet:-1","max-image-preview":"max-image-preview:large","max-video-preview":"max-video-preview:-1"},"canonical":"https:\/\/sudoesteacontece.com.br\/?p=6147","og_locale":"pt_BR","og_type":"article","og_title":"Brumado refor\u00e7a preven\u00e7\u00e3o ao c\u00e2ncer de mama com a\u00e7\u00e3o do Estado e carreta itinerante - Sudoesteacontece","og_description":"Parceria entre a Prefeitura de Brumado e o Governo do Estado vai levar \u00e0 cidade uma a\u00e7\u00e3o voltada ao rastreamento e \u00e0 preven\u00e7\u00e3o do c\u00e2ncer de mama. A iniciativa amplia o acesso ao diagn\u00f3stico precoce e fortalece a rede de cuidados com a sa\u00fade da mulher no munic\u00edpio. Segundo o secret\u00e1rio municipal de Sa\u00fade, Danilo Menezes, uma carreta itinerante chegar\u00e1 a Brumado com estrutura completa para atendimento. O ve\u00edculo contar\u00e1 com equipamentos e equipe especializada para realizar consultas e exames, garantindo mais agilidade e alcance no rastreio da doen\u00e7a. Diagn\u00f3stico precoce \u00e9 apontado como fator decisivo para aumentar as chances de cura do c\u00e2ncer de mama. Embora a data exata ainda n\u00e3o tenha sido definida, a previs\u00e3o \u00e9 que a carreta atenda a popula\u00e7\u00e3o no primeiro trimestre deste ano, com os servi\u00e7os organizados por meio de pr\u00e9-agendamento. Atendimento ser\u00e1 direcionado a mulheres com idades entre 50 e 74 anos, p\u00fablico considerado priorit\u00e1rio nas pol\u00edticas de rastreamento. Al\u00e9m das consultas, a a\u00e7\u00e3o vai ofertar exames de imagem, como mamografia e ultrassom das mamas, essenciais para a identifica\u00e7\u00e3o precoce de altera\u00e7\u00f5es. De acordo com o secret\u00e1rio, h\u00e1 um esfor\u00e7o conjunto do munic\u00edpio e dos governos estadual e federal para ampliar a assist\u00eancia em sa\u00fade. A meta \u00e9 antecipar diagn\u00f3sticos, iniciar tratamentos o quanto antes e salvar vidas, reduzindo impactos da doen\u00e7a na popula\u00e7\u00e3o feminina de Brumado.","og_url":"https:\/\/sudoesteacontece.com.br\/?p=6147","og_site_name":"Sudoesteacontece","article_publisher":"https:\/\/www.facebook.com\/sudoesteacontece\/?locale=pt_BR","article_published_time":"2026-01-15T13:55:17+00:00","article_modified_time":"2026-01-15T13:55:27+00:00","og_image":[{"width":900,"height":600,"url":"https:\/\/sudoesteacontece.com.br\/wp-content\/uploads\/2026\/01\/Danilo-Menezes-secretario-de-saude.jpg","type":"image\/jpeg"}],"author":"Reda\u00e7\u00e3o","twitter_card":"summary_large_image","twitter_misc":{"Escrito por":"Reda\u00e7\u00e3o","Est. tempo de leitura":"2 minutos"},"schema":{"@context":"https:\/\/schema.org","@graph":[{"@type":"Article","@id":"https:\/\/sudoesteacontece.com.br\/?p=6147#article","isPartOf":{"@id":"https:\/\/sudoesteacontece.com.br\/?p=6147"},"author":{"name":"Reda\u00e7\u00e3o","@id":"https:\/\/sudoesteacontece.com.br\/#\/schema\/person\/a4f22429c1d0923ef8f7d43343f8dc38"},"headline":"Brumado refor\u00e7a preven\u00e7\u00e3o ao c\u00e2ncer de mama com a\u00e7\u00e3o do Estado e carreta itinerante","datePublished":"2026-01-15T13:55:17+00:00","dateModified":"2026-01-15T13:55:27+00:00","mainEntityOfPage":{"@id":"https:\/\/sudoesteacontece.com.br\/?p=6147"},"wordCount":267,"commentCount":0,"publisher":{"@id":"https:\/\/sudoesteacontece.com.br\/#organization"},"image":{"@id":"https:\/\/sudoesteacontece.com.br\/?p=6147#primaryimage"},"thumbnailUrl":"https:\/\/sudoesteacontece.com.br\/wp-content\/uploads\/2026\/01\/Danilo-Menezes-secretario-de-saude.jpg","articleSection":["Brumado","Pol\u00edtica","Sa\u00fade"],"inLanguage":"pt-BR","potentialAction":[{"@type":"CommentAction","name":"Comment","target":["https:\/\/sudoesteacontece.com.br\/?p=6147#respond"]}]},{"@type":"WebPage","@id":"https:\/\/sudoesteacontece.com.br\/?p=6147","url":"https:\/\/sudoesteacontece.com.br\/?p=6147","name":"Brumado refor\u00e7a preven\u00e7\u00e3o ao c\u00e2ncer de mama com a\u00e7\u00e3o do Estado e carreta itinerante - Sudoesteacontece","isPartOf":{"@id":"https:\/\/sudoesteacontece.com.br\/#website"},"primaryImageOfPage":{"@id":"https:\/\/sudoesteacontece.com.br\/?p=6147#primaryimage"},"image":{"@id":"https:\/\/sudoesteacontece.com.br\/?p=6147#primaryimage"},"thumbnailUrl":"https:\/\/sudoesteacontece.com.br\/wp-content\/uploads\/2026\/01\/Danilo-Menezes-secretario-de-saude.jpg","datePublished":"2026-01-15T13:55:17+00:00","dateModified":"2026-01-15T13:55:27+00:00","breadcrumb":{"@id":"https:\/\/sudoesteacontece.com.br\/?p=6147#breadcrumb"},"inLanguage":"pt-BR","potentialAction":[{"@type":"ReadAction","target":["https:\/\/sudoesteacontece.com.br\/?p=6147"]}]},{"@type":"ImageObject","inLanguage":"pt-BR","@id":"https:\/\/sudoesteacontece.com.br\/?p=6147#primaryimage","url":"https:\/\/sudoesteacontece.com.br\/wp-content\/uploads\/2026\/01\/Danilo-Menezes-secretario-de-saude.jpg","contentUrl":"https:\/\/sudoesteacontece.com.br\/wp-content\/uploads\/2026\/01\/Danilo-Menezes-secretario-de-saude.jpg","width":900,"height":600},{"@type":"BreadcrumbList","@id":"https:\/\/sudoesteacontece.com.br\/?p=6147#breadcrumb","itemListElement":[{"@type":"ListItem","position":1,"name":"In\u00edcio","item":"https:\/\/sudoesteacontece.com.br\/"},{"@type":"ListItem","position":2,"name":"Brumado refor\u00e7a preven\u00e7\u00e3o ao c\u00e2ncer de mama com a\u00e7\u00e3o do Estado e carreta itinerante"}]},{"@type":"WebSite","@id":"https:\/\/sudoesteacontece.com.br\/#website","url":"https:\/\/sudoesteacontece.com.br\/","name":"Sudoesteacontece","description":"","publisher":{"@id":"https:\/\/sudoesteacontece.com.br\/#organization"},"potentialAction":[{"@type":"SearchAction","target":{"@type":"EntryPoint","urlTemplate":"https:\/\/sudoesteacontece.com.br\/?s={search_term_string}"},"query-input":{"@type":"PropertyValueSpecification","valueRequired":true,"valueName":"search_term_string"}}],"inLanguage":"pt-BR"},{"@type":"Organization","@id":"https:\/\/sudoesteacontece.com.br\/#organization","name":"Sudoesteacontece","url":"https:\/\/sudoesteacontece.com.br\/","logo":{"@type":"ImageObject","inLanguage":"pt-BR","@id":"https:\/\/sudoesteacontece.com.br\/#\/schema\/logo\/image\/","url":"https:\/\/sudoesteacontece.com.br\/wp-content\/uploads\/2025\/12\/cropped-logo-2-180x180-1.png","contentUrl":"https:\/\/sudoesteacontece.com.br\/wp-content\/uploads\/2025\/12\/cropped-logo-2-180x180-1.png","width":180,"height":180,"caption":"Sudoesteacontece"},"image":{"@id":"https:\/\/sudoesteacontece.com.br\/#\/schema\/logo\/image\/"},"sameAs":["https:\/\/www.facebook.com\/sudoesteacontece\/?locale=pt_BR"]},{"@type":"Person","@id":"https:\/\/sudoesteacontece.com.br\/#\/schema\/person\/a4f22429c1d0923ef8f7d43343f8dc38","name":"Reda\u00e7\u00e3o","image":{"@type":"ImageObject","inLanguage":"pt-BR","@id":"https:\/\/sudoesteacontece.com.br\/#\/schema\/person\/image\/","url":"https:\/\/secure.gravatar.com\/avatar\/c3a5b3c93f268a709c25a2df414c629a96fb3b1b4bf97a94fb3f72e54ae76903?s=96&d=mm&r=g","contentUrl":"https:\/\/secure.gravatar.com\/avatar\/c3a5b3c93f268a709c25a2df414c629a96fb3b1b4bf97a94fb3f72e54ae76903?s=96&d=mm&r=g","caption":"Reda\u00e7\u00e3o"},"url":"https:\/\/sudoesteacontece.com.br\/?author=4"}]}},"_links":{"self":[{"href":"https:\/\/sudoesteacontece.com.br\/index.php?rest_route=\/wp\/v2\/posts\/6147","targetHints":{"allow":["GET"]}}],"collection":[{"href":"https:\/\/sudoesteacontece.com.br\/index.php?rest_route=\/wp\/v2\/posts"}],"about":[{"href":"https:\/\/sudoesteacontece.com.br\/index.php?rest_route=\/wp\/v2\/types\/post"}],"author":[{"embeddable":true,"href":"https:\/\/sudoesteacontece.com.br\/index.php?rest_route=\/wp\/v2\/users\/4"}],"replies":[{"embeddable":true,"href":"https:\/\/sudoesteacontece.com.br\/index.php?rest_route=%2Fwp%2Fv2%2Fcomments&post=6147"}],"version-history":[{"count":0,"href":"https:\/\/sudoesteacontece.com.br\/index.php?rest_route=\/wp\/v2\/posts\/6147\/revisions"}],"wp:featuredmedia":[{"embeddable":true,"href":"https:\/\/sudoesteacontece.com.br\/index.php?rest_route=\/wp\/v2\/media\/6186"}],"wp:attachment":[{"href":"https:\/\/sudoesteacontece.com.br\/index.php?rest_route=%2Fwp%2Fv2%2Fmedia&parent=6147"}],"wp:term":[{"taxonomy":"category","embeddable":true,"href":"https:\/\/sudoesteacontece.com.br\/index.php?rest_route=%2Fwp%2Fv2%2Fcategories&post=6147"},{"taxonomy":"post_tag","embeddable":true,"href":"https:\/\/sudoesteacontece.com.br\/index.php?rest_route=%2Fwp%2Fv2%2Ftags&post=6147"}],"curies":[{"name":"wp","href":"https:\/\/api.w.org\/{rel}","templated":true}]}}