{"id":6148,"date":"2026-01-15T10:56:56","date_gmt":"2026-01-15T13:56:56","guid":{"rendered":"https:\/\/sudoesteacontece.com.br\/?p=6148"},"modified":"2026-01-15T10:57:04","modified_gmt":"2026-01-15T13:57:04","slug":"aleluia-diz-que-derrota-de-lula-enfraquece-pt-na-bahia-e-chama-jeronimo-de-ultimo-vagao","status":"publish","type":"post","link":"https:\/\/sudoesteacontece.com.br\/?p=6148","title":{"rendered":"Aleluia diz que derrota de Lula enfraquece PT na Bahia e chama Jer\u00f4nimo de \u201c\u00faltimo vag\u00e3o\u201d"},"content":{"rendered":"<div class=\"wp-block-image\">\n<figure class=\"aligncenter size-full\"><img fetchpriority=\"high\" decoding=\"async\" width=\"900\" height=\"600\" src=\"http:\/\/sudoesteacontece.com.br\/wp-content\/uploads\/2026\/01\/Aleluia-diz-que-derrota-de-Lula-enfraquece-PT-na-Bahia-e-chama-Jeronimo-de-ultimo-vagao.jpg\" alt=\"\" class=\"wp-image-6188\" srcset=\"https:\/\/sudoesteacontece.com.br\/wp-content\/uploads\/2026\/01\/Aleluia-diz-que-derrota-de-Lula-enfraquece-PT-na-Bahia-e-chama-Jeronimo-de-ultimo-vagao.jpg 900w, https:\/\/sudoesteacontece.com.br\/wp-content\/uploads\/2026\/01\/Aleluia-diz-que-derrota-de-Lula-enfraquece-PT-na-Bahia-e-chama-Jeronimo-de-ultimo-vagao-300x200.jpg 300w, https:\/\/sudoesteacontece.com.br\/wp-content\/uploads\/2026\/01\/Aleluia-diz-que-derrota-de-Lula-enfraquece-PT-na-Bahia-e-chama-Jeronimo-de-ultimo-vagao-768x512.jpg 768w\" sizes=\"(max-width: 900px) 100vw, 900px\" \/><\/figure>\n<\/div>\n\n\n<p>Ex-deputado federal Jos\u00e9 Carlos Aleluia afirmou que a disputa pelo governo da Bahia passa pelo enfrentamento direto ao presidente Lula. Pr\u00e9-candidato pelo Novo, ele disse que o petista funciona como uma \u201clocomotiva\u201d eleitoral e que, sem sua for\u00e7a nacional, o PT perde tra\u00e7\u00e3o no estado.<\/p>\n\n\n\n<p>Durante a Lavagem do Bonfim, nesta quinta-feira (15), Aleluia declarou que n\u00e3o h\u00e1 como fazer pol\u00edtica sem confrontar Lula. Segundo ele, o presidente sustenta as vit\u00f3rias do PT e seus aliados. Para o ex-parlamentar, barrar Lula \u00e9 essencial para mudar o cen\u00e1rio pol\u00edtico no pa\u00eds.<\/p>\n\n\n\n<p>Na avalia\u00e7\u00e3o do pr\u00e9-candidato, a reelei\u00e7\u00e3o do governador Jer\u00f4nimo Rodrigues depende diretamente do desempenho de Lula no plano nacional. Aleluia afirmou que a disputa estadual ser\u00e1 reflexo do que ocorrer na elei\u00e7\u00e3o presidencial, com impacto direto sobre a base petista na Bahia.<\/p>\n\n\n\n<p>Ao refor\u00e7ar o discurso, Aleluia classificou Jer\u00f4nimo como consequ\u00eancia do projeto nacional do PT. Ele afirmou que o governador \u00e9 o \u201c\u00faltimo vag\u00e3o da locomotiva Lula\u201d e que, sem o presidente, o partido n\u00e3o vence governo, Senado nem cargos majorit\u00e1rios.<\/p>\n\n\n\n<p>Por fim, Aleluia reafirmou a pr\u00e9-candidatura ao governo da Bahia e o apoio ao governador de Minas Gerais, Romeu Zema, como presidenci\u00e1vel do Novo. Segundo ele, o objetivo central \u00e9 barrar o PT e apresentar uma alternativa pol\u00edtica ao eleitorado baiano.<\/p>\n","protected":false},"excerpt":{"rendered":"<p>Ex-deputado federal Jos\u00e9 Carlos Aleluia afirmou que a disputa pelo governo da Bahia passa pelo enfrentamento direto ao presidente Lula. Pr\u00e9-candidato pelo Novo, ele disse que o petista funciona como uma \u201clocomotiva\u201d eleitoral e que, sem sua for\u00e7a nacional, o PT perde tra\u00e7\u00e3o no estado. Durante a Lavagem do Bonfim, nesta quinta-feira (15), Aleluia declarou que n\u00e3o h\u00e1 como fazer pol\u00edtica sem confrontar Lula. Segundo ele, o presidente sustenta as vit\u00f3rias do PT e seus aliados. Para o ex-parlamentar, barrar Lula \u00e9 essencial para mudar o cen\u00e1rio pol\u00edtico no pa\u00eds. Na avalia\u00e7\u00e3o do pr\u00e9-candidato, a reelei\u00e7\u00e3o do governador Jer\u00f4nimo Rodrigues depende diretamente do desempenho de Lula no plano nacional. Aleluia afirmou que a disputa estadual ser\u00e1 reflexo do que ocorrer na elei\u00e7\u00e3o presidencial, com impacto direto sobre a base petista na Bahia. Ao refor\u00e7ar o discurso, Aleluia classificou Jer\u00f4nimo como consequ\u00eancia do projeto nacional do PT. Ele afirmou que o governador \u00e9 o \u201c\u00faltimo vag\u00e3o da locomotiva Lula\u201d e que, sem o presidente, o partido n\u00e3o vence governo, Senado nem cargos majorit\u00e1rios. Por fim, Aleluia reafirmou a pr\u00e9-candidatura ao governo da Bahia e o apoio ao governador de Minas Gerais, Romeu Zema, como presidenci\u00e1vel do Novo. Segundo ele, o objetivo central \u00e9 barrar o PT e apresentar uma alternativa pol\u00edtica ao eleitorado baiano.<\/p>\n","protected":false},"author":4,"featured_media":6188,"comment_status":"open","ping_status":"open","sticky":false,"template":"","format":"standard","meta":{"footnotes":""},"categories":[7,58,6],"tags":[],"class_list":["post-6148","post","type-post","status-publish","format-standard","has-post-thumbnail","hentry","category-bahia","category-eleicoes-2026","category-politica"],"yoast_head":"<!-- This site is optimized with the Yoast SEO plugin v26.5 - https:\/\/yoast.com\/wordpress\/plugins\/seo\/ -->\n<title>Aleluia diz que derrota de Lula enfraquece PT na Bahia e chama Jer\u00f4nimo de \u201c\u00faltimo vag\u00e3o\u201d - Sudoesteacontece<\/title>\n<meta name=\"robots\" content=\"index, follow, max-snippet:-1, max-image-preview:large, max-video-preview:-1\" \/>\n<link rel=\"canonical\" href=\"https:\/\/sudoesteacontece.com.br\/?p=6148\" \/>\n<meta property=\"og:locale\" content=\"pt_BR\" \/>\n<meta property=\"og:type\" content=\"article\" \/>\n<meta property=\"og:title\" content=\"Aleluia diz que derrota de Lula enfraquece PT na Bahia e chama Jer\u00f4nimo de \u201c\u00faltimo vag\u00e3o\u201d - Sudoesteacontece\" \/>\n<meta property=\"og:description\" content=\"Ex-deputado federal Jos\u00e9 Carlos Aleluia afirmou que a disputa pelo governo da Bahia passa pelo enfrentamento direto ao presidente Lula. Pr\u00e9-candidato pelo Novo, ele disse que o petista funciona como uma \u201clocomotiva\u201d eleitoral e que, sem sua for\u00e7a nacional, o PT perde tra\u00e7\u00e3o no estado. Durante a Lavagem do Bonfim, nesta quinta-feira (15), Aleluia declarou que n\u00e3o h\u00e1 como fazer pol\u00edtica sem confrontar Lula. Segundo ele, o presidente sustenta as vit\u00f3rias do PT e seus aliados. Para o ex-parlamentar, barrar Lula \u00e9 essencial para mudar o cen\u00e1rio pol\u00edtico no pa\u00eds. Na avalia\u00e7\u00e3o do pr\u00e9-candidato, a reelei\u00e7\u00e3o do governador Jer\u00f4nimo Rodrigues depende diretamente do desempenho de Lula no plano nacional. Aleluia afirmou que a disputa estadual ser\u00e1 reflexo do que ocorrer na elei\u00e7\u00e3o presidencial, com impacto direto sobre a base petista na Bahia. Ao refor\u00e7ar o discurso, Aleluia classificou Jer\u00f4nimo como consequ\u00eancia do projeto nacional do PT. Ele afirmou que o governador \u00e9 o \u201c\u00faltimo vag\u00e3o da locomotiva Lula\u201d e que, sem o presidente, o partido n\u00e3o vence governo, Senado nem cargos majorit\u00e1rios. Por fim, Aleluia reafirmou a pr\u00e9-candidatura ao governo da Bahia e o apoio ao governador de Minas Gerais, Romeu Zema, como presidenci\u00e1vel do Novo. Segundo ele, o objetivo central \u00e9 barrar o PT e apresentar uma alternativa pol\u00edtica ao eleitorado baiano.\" \/>\n<meta property=\"og:url\" content=\"https:\/\/sudoesteacontece.com.br\/?p=6148\" \/>\n<meta property=\"og:site_name\" content=\"Sudoesteacontece\" \/>\n<meta property=\"article:publisher\" content=\"https:\/\/www.facebook.com\/sudoesteacontece\/?locale=pt_BR\" \/>\n<meta property=\"article:published_time\" content=\"2026-01-15T13:56:56+00:00\" \/>\n<meta property=\"article:modified_time\" content=\"2026-01-15T13:57:04+00:00\" \/>\n<meta property=\"og:image\" content=\"https:\/\/sudoesteacontece.com.br\/wp-content\/uploads\/2026\/01\/Aleluia-diz-que-derrota-de-Lula-enfraquece-PT-na-Bahia-e-chama-Jeronimo-de-ultimo-vagao.jpg\" \/>\n\t<meta property=\"og:image:width\" content=\"900\" \/>\n\t<meta property=\"og:image:height\" content=\"600\" \/>\n\t<meta property=\"og:image:type\" content=\"image\/jpeg\" \/>\n<meta name=\"author\" content=\"Reda\u00e7\u00e3o\" \/>\n<meta name=\"twitter:card\" content=\"summary_large_image\" \/>\n<meta name=\"twitter:label1\" content=\"Escrito por\" \/>\n\t<meta name=\"twitter:data1\" content=\"Reda\u00e7\u00e3o\" \/>\n\t<meta name=\"twitter:label2\" content=\"Est. tempo de leitura\" \/>\n\t<meta name=\"twitter:data2\" content=\"2 minutos\" \/>\n<script type=\"application\/ld+json\" class=\"yoast-schema-graph\">{\"@context\":\"https:\/\/schema.org\",\"@graph\":[{\"@type\":\"Article\",\"@id\":\"https:\/\/sudoesteacontece.com.br\/?p=6148#article\",\"isPartOf\":{\"@id\":\"https:\/\/sudoesteacontece.com.br\/?p=6148\"},\"author\":{\"name\":\"Reda\u00e7\u00e3o\",\"@id\":\"https:\/\/sudoesteacontece.com.br\/#\/schema\/person\/a4f22429c1d0923ef8f7d43343f8dc38\"},\"headline\":\"Aleluia diz que derrota de Lula enfraquece PT na Bahia e chama Jer\u00f4nimo de \u201c\u00faltimo vag\u00e3o\u201d\",\"datePublished\":\"2026-01-15T13:56:56+00:00\",\"dateModified\":\"2026-01-15T13:57:04+00:00\",\"mainEntityOfPage\":{\"@id\":\"https:\/\/sudoesteacontece.com.br\/?p=6148\"},\"wordCount\":250,\"commentCount\":0,\"publisher\":{\"@id\":\"https:\/\/sudoesteacontece.com.br\/#organization\"},\"image\":{\"@id\":\"https:\/\/sudoesteacontece.com.br\/?p=6148#primaryimage\"},\"thumbnailUrl\":\"https:\/\/sudoesteacontece.com.br\/wp-content\/uploads\/2026\/01\/Aleluia-diz-que-derrota-de-Lula-enfraquece-PT-na-Bahia-e-chama-Jeronimo-de-ultimo-vagao.jpg\",\"articleSection\":[\"Bahia\",\"Elei\u00e7\u00f5es 2026\",\"Pol\u00edtica\"],\"inLanguage\":\"pt-BR\",\"potentialAction\":[{\"@type\":\"CommentAction\",\"name\":\"Comment\",\"target\":[\"https:\/\/sudoesteacontece.com.br\/?p=6148#respond\"]}]},{\"@type\":\"WebPage\",\"@id\":\"https:\/\/sudoesteacontece.com.br\/?p=6148\",\"url\":\"https:\/\/sudoesteacontece.com.br\/?p=6148\",\"name\":\"Aleluia diz que derrota de Lula enfraquece PT na Bahia e chama Jer\u00f4nimo de \u201c\u00faltimo vag\u00e3o\u201d - Sudoesteacontece\",\"isPartOf\":{\"@id\":\"https:\/\/sudoesteacontece.com.br\/#website\"},\"primaryImageOfPage\":{\"@id\":\"https:\/\/sudoesteacontece.com.br\/?p=6148#primaryimage\"},\"image\":{\"@id\":\"https:\/\/sudoesteacontece.com.br\/?p=6148#primaryimage\"},\"thumbnailUrl\":\"https:\/\/sudoesteacontece.com.br\/wp-content\/uploads\/2026\/01\/Aleluia-diz-que-derrota-de-Lula-enfraquece-PT-na-Bahia-e-chama-Jeronimo-de-ultimo-vagao.jpg\",\"datePublished\":\"2026-01-15T13:56:56+00:00\",\"dateModified\":\"2026-01-15T13:57:04+00:00\",\"breadcrumb\":{\"@id\":\"https:\/\/sudoesteacontece.com.br\/?p=6148#breadcrumb\"},\"inLanguage\":\"pt-BR\",\"potentialAction\":[{\"@type\":\"ReadAction\",\"target\":[\"https:\/\/sudoesteacontece.com.br\/?p=6148\"]}]},{\"@type\":\"ImageObject\",\"inLanguage\":\"pt-BR\",\"@id\":\"https:\/\/sudoesteacontece.com.br\/?p=6148#primaryimage\",\"url\":\"https:\/\/sudoesteacontece.com.br\/wp-content\/uploads\/2026\/01\/Aleluia-diz-que-derrota-de-Lula-enfraquece-PT-na-Bahia-e-chama-Jeronimo-de-ultimo-vagao.jpg\",\"contentUrl\":\"https:\/\/sudoesteacontece.com.br\/wp-content\/uploads\/2026\/01\/Aleluia-diz-que-derrota-de-Lula-enfraquece-PT-na-Bahia-e-chama-Jeronimo-de-ultimo-vagao.jpg\",\"width\":900,\"height\":600},{\"@type\":\"BreadcrumbList\",\"@id\":\"https:\/\/sudoesteacontece.com.br\/?p=6148#breadcrumb\",\"itemListElement\":[{\"@type\":\"ListItem\",\"position\":1,\"name\":\"In\u00edcio\",\"item\":\"https:\/\/sudoesteacontece.com.br\/\"},{\"@type\":\"ListItem\",\"position\":2,\"name\":\"Aleluia diz que derrota de Lula enfraquece PT na Bahia e chama Jer\u00f4nimo de \u201c\u00faltimo vag\u00e3o\u201d\"}]},{\"@type\":\"WebSite\",\"@id\":\"https:\/\/sudoesteacontece.com.br\/#website\",\"url\":\"https:\/\/sudoesteacontece.com.br\/\",\"name\":\"Sudoesteacontece\",\"description\":\"\",\"publisher\":{\"@id\":\"https:\/\/sudoesteacontece.com.br\/#organization\"},\"potentialAction\":[{\"@type\":\"SearchAction\",\"target\":{\"@type\":\"EntryPoint\",\"urlTemplate\":\"https:\/\/sudoesteacontece.com.br\/?s={search_term_string}\"},\"query-input\":{\"@type\":\"PropertyValueSpecification\",\"valueRequired\":true,\"valueName\":\"search_term_string\"}}],\"inLanguage\":\"pt-BR\"},{\"@type\":\"Organization\",\"@id\":\"https:\/\/sudoesteacontece.com.br\/#organization\",\"name\":\"Sudoesteacontece\",\"url\":\"https:\/\/sudoesteacontece.com.br\/\",\"logo\":{\"@type\":\"ImageObject\",\"inLanguage\":\"pt-BR\",\"@id\":\"https:\/\/sudoesteacontece.com.br\/#\/schema\/logo\/image\/\",\"url\":\"https:\/\/sudoesteacontece.com.br\/wp-content\/uploads\/2025\/12\/cropped-logo-2-180x180-1.png\",\"contentUrl\":\"https:\/\/sudoesteacontece.com.br\/wp-content\/uploads\/2025\/12\/cropped-logo-2-180x180-1.png\",\"width\":180,\"height\":180,\"caption\":\"Sudoesteacontece\"},\"image\":{\"@id\":\"https:\/\/sudoesteacontece.com.br\/#\/schema\/logo\/image\/\"},\"sameAs\":[\"https:\/\/www.facebook.com\/sudoesteacontece\/?locale=pt_BR\"]},{\"@type\":\"Person\",\"@id\":\"https:\/\/sudoesteacontece.com.br\/#\/schema\/person\/a4f22429c1d0923ef8f7d43343f8dc38\",\"name\":\"Reda\u00e7\u00e3o\",\"image\":{\"@type\":\"ImageObject\",\"inLanguage\":\"pt-BR\",\"@id\":\"https:\/\/sudoesteacontece.com.br\/#\/schema\/person\/image\/\",\"url\":\"https:\/\/secure.gravatar.com\/avatar\/c3a5b3c93f268a709c25a2df414c629a96fb3b1b4bf97a94fb3f72e54ae76903?s=96&d=mm&r=g\",\"contentUrl\":\"https:\/\/secure.gravatar.com\/avatar\/c3a5b3c93f268a709c25a2df414c629a96fb3b1b4bf97a94fb3f72e54ae76903?s=96&d=mm&r=g\",\"caption\":\"Reda\u00e7\u00e3o\"},\"url\":\"https:\/\/sudoesteacontece.com.br\/?author=4\"}]}<\/script>\n<!-- \/ Yoast SEO plugin. -->","yoast_head_json":{"title":"Aleluia diz que derrota de Lula enfraquece PT na Bahia e chama Jer\u00f4nimo de \u201c\u00faltimo vag\u00e3o\u201d - Sudoesteacontece","robots":{"index":"index","follow":"follow","max-snippet":"max-snippet:-1","max-image-preview":"max-image-preview:large","max-video-preview":"max-video-preview:-1"},"canonical":"https:\/\/sudoesteacontece.com.br\/?p=6148","og_locale":"pt_BR","og_type":"article","og_title":"Aleluia diz que derrota de Lula enfraquece PT na Bahia e chama Jer\u00f4nimo de \u201c\u00faltimo vag\u00e3o\u201d - Sudoesteacontece","og_description":"Ex-deputado federal Jos\u00e9 Carlos Aleluia afirmou que a disputa pelo governo da Bahia passa pelo enfrentamento direto ao presidente Lula. Pr\u00e9-candidato pelo Novo, ele disse que o petista funciona como uma \u201clocomotiva\u201d eleitoral e que, sem sua for\u00e7a nacional, o PT perde tra\u00e7\u00e3o no estado. Durante a Lavagem do Bonfim, nesta quinta-feira (15), Aleluia declarou que n\u00e3o h\u00e1 como fazer pol\u00edtica sem confrontar Lula. Segundo ele, o presidente sustenta as vit\u00f3rias do PT e seus aliados. Para o ex-parlamentar, barrar Lula \u00e9 essencial para mudar o cen\u00e1rio pol\u00edtico no pa\u00eds. Na avalia\u00e7\u00e3o do pr\u00e9-candidato, a reelei\u00e7\u00e3o do governador Jer\u00f4nimo Rodrigues depende diretamente do desempenho de Lula no plano nacional. Aleluia afirmou que a disputa estadual ser\u00e1 reflexo do que ocorrer na elei\u00e7\u00e3o presidencial, com impacto direto sobre a base petista na Bahia. Ao refor\u00e7ar o discurso, Aleluia classificou Jer\u00f4nimo como consequ\u00eancia do projeto nacional do PT. Ele afirmou que o governador \u00e9 o \u201c\u00faltimo vag\u00e3o da locomotiva Lula\u201d e que, sem o presidente, o partido n\u00e3o vence governo, Senado nem cargos majorit\u00e1rios. Por fim, Aleluia reafirmou a pr\u00e9-candidatura ao governo da Bahia e o apoio ao governador de Minas Gerais, Romeu Zema, como presidenci\u00e1vel do Novo. Segundo ele, o objetivo central \u00e9 barrar o PT e apresentar uma alternativa pol\u00edtica ao eleitorado baiano.","og_url":"https:\/\/sudoesteacontece.com.br\/?p=6148","og_site_name":"Sudoesteacontece","article_publisher":"https:\/\/www.facebook.com\/sudoesteacontece\/?locale=pt_BR","article_published_time":"2026-01-15T13:56:56+00:00","article_modified_time":"2026-01-15T13:57:04+00:00","og_image":[{"width":900,"height":600,"url":"https:\/\/sudoesteacontece.com.br\/wp-content\/uploads\/2026\/01\/Aleluia-diz-que-derrota-de-Lula-enfraquece-PT-na-Bahia-e-chama-Jeronimo-de-ultimo-vagao.jpg","type":"image\/jpeg"}],"author":"Reda\u00e7\u00e3o","twitter_card":"summary_large_image","twitter_misc":{"Escrito por":"Reda\u00e7\u00e3o","Est. tempo de leitura":"2 minutos"},"schema":{"@context":"https:\/\/schema.org","@graph":[{"@type":"Article","@id":"https:\/\/sudoesteacontece.com.br\/?p=6148#article","isPartOf":{"@id":"https:\/\/sudoesteacontece.com.br\/?p=6148"},"author":{"name":"Reda\u00e7\u00e3o","@id":"https:\/\/sudoesteacontece.com.br\/#\/schema\/person\/a4f22429c1d0923ef8f7d43343f8dc38"},"headline":"Aleluia diz que derrota de Lula enfraquece PT na Bahia e chama Jer\u00f4nimo de \u201c\u00faltimo vag\u00e3o\u201d","datePublished":"2026-01-15T13:56:56+00:00","dateModified":"2026-01-15T13:57:04+00:00","mainEntityOfPage":{"@id":"https:\/\/sudoesteacontece.com.br\/?p=6148"},"wordCount":250,"commentCount":0,"publisher":{"@id":"https:\/\/sudoesteacontece.com.br\/#organization"},"image":{"@id":"https:\/\/sudoesteacontece.com.br\/?p=6148#primaryimage"},"thumbnailUrl":"https:\/\/sudoesteacontece.com.br\/wp-content\/uploads\/2026\/01\/Aleluia-diz-que-derrota-de-Lula-enfraquece-PT-na-Bahia-e-chama-Jeronimo-de-ultimo-vagao.jpg","articleSection":["Bahia","Elei\u00e7\u00f5es 2026","Pol\u00edtica"],"inLanguage":"pt-BR","potentialAction":[{"@type":"CommentAction","name":"Comment","target":["https:\/\/sudoesteacontece.com.br\/?p=6148#respond"]}]},{"@type":"WebPage","@id":"https:\/\/sudoesteacontece.com.br\/?p=6148","url":"https:\/\/sudoesteacontece.com.br\/?p=6148","name":"Aleluia diz que derrota de Lula enfraquece PT na Bahia e chama Jer\u00f4nimo de \u201c\u00faltimo vag\u00e3o\u201d - Sudoesteacontece","isPartOf":{"@id":"https:\/\/sudoesteacontece.com.br\/#website"},"primaryImageOfPage":{"@id":"https:\/\/sudoesteacontece.com.br\/?p=6148#primaryimage"},"image":{"@id":"https:\/\/sudoesteacontece.com.br\/?p=6148#primaryimage"},"thumbnailUrl":"https:\/\/sudoesteacontece.com.br\/wp-content\/uploads\/2026\/01\/Aleluia-diz-que-derrota-de-Lula-enfraquece-PT-na-Bahia-e-chama-Jeronimo-de-ultimo-vagao.jpg","datePublished":"2026-01-15T13:56:56+00:00","dateModified":"2026-01-15T13:57:04+00:00","breadcrumb":{"@id":"https:\/\/sudoesteacontece.com.br\/?p=6148#breadcrumb"},"inLanguage":"pt-BR","potentialAction":[{"@type":"ReadAction","target":["https:\/\/sudoesteacontece.com.br\/?p=6148"]}]},{"@type":"ImageObject","inLanguage":"pt-BR","@id":"https:\/\/sudoesteacontece.com.br\/?p=6148#primaryimage","url":"https:\/\/sudoesteacontece.com.br\/wp-content\/uploads\/2026\/01\/Aleluia-diz-que-derrota-de-Lula-enfraquece-PT-na-Bahia-e-chama-Jeronimo-de-ultimo-vagao.jpg","contentUrl":"https:\/\/sudoesteacontece.com.br\/wp-content\/uploads\/2026\/01\/Aleluia-diz-que-derrota-de-Lula-enfraquece-PT-na-Bahia-e-chama-Jeronimo-de-ultimo-vagao.jpg","width":900,"height":600},{"@type":"BreadcrumbList","@id":"https:\/\/sudoesteacontece.com.br\/?p=6148#breadcrumb","itemListElement":[{"@type":"ListItem","position":1,"name":"In\u00edcio","item":"https:\/\/sudoesteacontece.com.br\/"},{"@type":"ListItem","position":2,"name":"Aleluia diz que derrota de Lula enfraquece PT na Bahia e chama Jer\u00f4nimo de \u201c\u00faltimo vag\u00e3o\u201d"}]},{"@type":"WebSite","@id":"https:\/\/sudoesteacontece.com.br\/#website","url":"https:\/\/sudoesteacontece.com.br\/","name":"Sudoesteacontece","description":"","publisher":{"@id":"https:\/\/sudoesteacontece.com.br\/#organization"},"potentialAction":[{"@type":"SearchAction","target":{"@type":"EntryPoint","urlTemplate":"https:\/\/sudoesteacontece.com.br\/?s={search_term_string}"},"query-input":{"@type":"PropertyValueSpecification","valueRequired":true,"valueName":"search_term_string"}}],"inLanguage":"pt-BR"},{"@type":"Organization","@id":"https:\/\/sudoesteacontece.com.br\/#organization","name":"Sudoesteacontece","url":"https:\/\/sudoesteacontece.com.br\/","logo":{"@type":"ImageObject","inLanguage":"pt-BR","@id":"https:\/\/sudoesteacontece.com.br\/#\/schema\/logo\/image\/","url":"https:\/\/sudoesteacontece.com.br\/wp-content\/uploads\/2025\/12\/cropped-logo-2-180x180-1.png","contentUrl":"https:\/\/sudoesteacontece.com.br\/wp-content\/uploads\/2025\/12\/cropped-logo-2-180x180-1.png","width":180,"height":180,"caption":"Sudoesteacontece"},"image":{"@id":"https:\/\/sudoesteacontece.com.br\/#\/schema\/logo\/image\/"},"sameAs":["https:\/\/www.facebook.com\/sudoesteacontece\/?locale=pt_BR"]},{"@type":"Person","@id":"https:\/\/sudoesteacontece.com.br\/#\/schema\/person\/a4f22429c1d0923ef8f7d43343f8dc38","name":"Reda\u00e7\u00e3o","image":{"@type":"ImageObject","inLanguage":"pt-BR","@id":"https:\/\/sudoesteacontece.com.br\/#\/schema\/person\/image\/","url":"https:\/\/secure.gravatar.com\/avatar\/c3a5b3c93f268a709c25a2df414c629a96fb3b1b4bf97a94fb3f72e54ae76903?s=96&d=mm&r=g","contentUrl":"https:\/\/secure.gravatar.com\/avatar\/c3a5b3c93f268a709c25a2df414c629a96fb3b1b4bf97a94fb3f72e54ae76903?s=96&d=mm&r=g","caption":"Reda\u00e7\u00e3o"},"url":"https:\/\/sudoesteacontece.com.br\/?author=4"}]}},"_links":{"self":[{"href":"https:\/\/sudoesteacontece.com.br\/index.php?rest_route=\/wp\/v2\/posts\/6148","targetHints":{"allow":["GET"]}}],"collection":[{"href":"https:\/\/sudoesteacontece.com.br\/index.php?rest_route=\/wp\/v2\/posts"}],"about":[{"href":"https:\/\/sudoesteacontece.com.br\/index.php?rest_route=\/wp\/v2\/types\/post"}],"author":[{"embeddable":true,"href":"https:\/\/sudoesteacontece.com.br\/index.php?rest_route=\/wp\/v2\/users\/4"}],"replies":[{"embeddable":true,"href":"https:\/\/sudoesteacontece.com.br\/index.php?rest_route=%2Fwp%2Fv2%2Fcomments&post=6148"}],"version-history":[{"count":0,"href":"https:\/\/sudoesteacontece.com.br\/index.php?rest_route=\/wp\/v2\/posts\/6148\/revisions"}],"wp:featuredmedia":[{"embeddable":true,"href":"https:\/\/sudoesteacontece.com.br\/index.php?rest_route=\/wp\/v2\/media\/6188"}],"wp:attachment":[{"href":"https:\/\/sudoesteacontece.com.br\/index.php?rest_route=%2Fwp%2Fv2%2Fmedia&parent=6148"}],"wp:term":[{"taxonomy":"category","embeddable":true,"href":"https:\/\/sudoesteacontece.com.br\/index.php?rest_route=%2Fwp%2Fv2%2Fcategories&post=6148"},{"taxonomy":"post_tag","embeddable":true,"href":"https:\/\/sudoesteacontece.com.br\/index.php?rest_route=%2Fwp%2Fv2%2Ftags&post=6148"}],"curies":[{"name":"wp","href":"https:\/\/api.w.org\/{rel}","templated":true}]}}