{"id":6151,"date":"2026-01-15T11:10:51","date_gmt":"2026-01-15T14:10:51","guid":{"rendered":"https:\/\/sudoesteacontece.com.br\/?p=6151"},"modified":"2026-01-15T11:10:58","modified_gmt":"2026-01-15T14:10:58","slug":"pm-recupera-veiculo-com-registro-de-apropriacao-indebita-durante-operacao-em-tanhacu","status":"publish","type":"post","link":"https:\/\/sudoesteacontece.com.br\/?p=6151","title":{"rendered":"PM recupera ve\u00edculo com registro de apropria\u00e7\u00e3o ind\u00e9bita durante opera\u00e7\u00e3o em Tanha\u00e7u"},"content":{"rendered":"<div class=\"wp-block-image\">\n<figure class=\"aligncenter size-full\"><img fetchpriority=\"high\" decoding=\"async\" width=\"900\" height=\"600\" src=\"http:\/\/sudoesteacontece.com.br\/wp-content\/uploads\/2026\/01\/PM-recupera-veiculo-com-registro-de-apropriacao-indebita-durante-operacao-em-Tanhacu.jpg\" alt=\"\" class=\"wp-image-6196\" srcset=\"https:\/\/sudoesteacontece.com.br\/wp-content\/uploads\/2026\/01\/PM-recupera-veiculo-com-registro-de-apropriacao-indebita-durante-operacao-em-Tanhacu.jpg 900w, https:\/\/sudoesteacontece.com.br\/wp-content\/uploads\/2026\/01\/PM-recupera-veiculo-com-registro-de-apropriacao-indebita-durante-operacao-em-Tanhacu-300x200.jpg 300w, https:\/\/sudoesteacontece.com.br\/wp-content\/uploads\/2026\/01\/PM-recupera-veiculo-com-registro-de-apropriacao-indebita-durante-operacao-em-Tanhacu-768x512.jpg 768w\" sizes=\"(max-width: 900px) 100vw, 900px\" \/><\/figure>\n<\/div>\n\n\n<p>Pol\u00edcia Militar recuperou um ve\u00edculo com restri\u00e7\u00e3o por apropria\u00e7\u00e3o ind\u00e9bita em Tanha\u00e7u, no sudoeste da Bahia. A ocorr\u00eancia foi registrada na manh\u00e3 desta segunda-feira (12), durante a Opera\u00e7\u00e3o Harpia, realizada no centro do munic\u00edpio, e comunicada oficialmente \u00e0 Delegacia da Pol\u00edcia Civil.<\/p>\n\n\n\n<p>Abordagem aconteceu na Travessa Lucaia, nas proximidades de uma oficina mec\u00e2nica. Durante a a\u00e7\u00e3o, os policiais pararam um Citro\u00ebn C4 e realizaram consulta aos sistemas de seguran\u00e7a, que apontaram um registro de apropria\u00e7\u00e3o ind\u00e9bita feito no ano de 2021.<\/p>\n\n\n\n<p>Levantamento policial indicou que o autom\u00f3vel havia sido alugado em Salvador e n\u00e3o foi devolvido \u00e0 empresa locadora na \u00e9poca. Ap\u00f3s quase quatro anos, o ve\u00edculo foi localizado em Tanha\u00e7u, j\u00e1 em posse de uma mulher de 29 anos, que n\u00e3o teve a identidade divulgada.<\/p>\n\n\n\n<p>Encaminhamento foi feito para a Delegacia de Pol\u00edcia Civil de Tanha\u00e7u, onde a ocorr\u00eancia foi formalizada. O carro permanece apreendido e \u00e0 disposi\u00e7\u00e3o da Justi\u00e7a para ado\u00e7\u00e3o das medidas legais cab\u00edveis, enquanto a pol\u00edcia apura as circunst\u00e2ncias da posse atual.<\/p>\n\n\n\n<p>Crime de apropria\u00e7\u00e3o ind\u00e9bita est\u00e1 previsto no artigo 168 do C\u00f3digo Penal Brasileiro. A infra\u00e7\u00e3o ocorre quando algu\u00e9m se apossa de um bem que lhe foi confiado e se recusa a devolv\u00ea-lo, com pena que pode variar de um a quatro anos de pris\u00e3o, al\u00e9m de multa.<\/p>\n","protected":false},"excerpt":{"rendered":"<p>Pol\u00edcia Militar recuperou um ve\u00edculo com restri\u00e7\u00e3o por apropria\u00e7\u00e3o ind\u00e9bita em Tanha\u00e7u, no sudoeste da Bahia. A ocorr\u00eancia foi registrada na manh\u00e3 desta segunda-feira (12), durante a Opera\u00e7\u00e3o Harpia, realizada no centro do munic\u00edpio, e comunicada oficialmente \u00e0 Delegacia da Pol\u00edcia Civil. Abordagem aconteceu na Travessa Lucaia, nas proximidades de uma oficina mec\u00e2nica. Durante a a\u00e7\u00e3o, os policiais pararam um Citro\u00ebn C4 e realizaram consulta aos sistemas de seguran\u00e7a, que apontaram um registro de apropria\u00e7\u00e3o ind\u00e9bita feito no ano de 2021. Levantamento policial indicou que o autom\u00f3vel havia sido alugado em Salvador e n\u00e3o foi devolvido \u00e0 empresa locadora na \u00e9poca. Ap\u00f3s quase quatro anos, o ve\u00edculo foi localizado em Tanha\u00e7u, j\u00e1 em posse de uma mulher de 29 anos, que n\u00e3o teve a identidade divulgada. Encaminhamento foi feito para a Delegacia de Pol\u00edcia Civil de Tanha\u00e7u, onde a ocorr\u00eancia foi formalizada. O carro permanece apreendido e \u00e0 disposi\u00e7\u00e3o da Justi\u00e7a para ado\u00e7\u00e3o das medidas legais cab\u00edveis, enquanto a pol\u00edcia apura as circunst\u00e2ncias da posse atual. Crime de apropria\u00e7\u00e3o ind\u00e9bita est\u00e1 previsto no artigo 168 do C\u00f3digo Penal Brasileiro. A infra\u00e7\u00e3o ocorre quando algu\u00e9m se apossa de um bem que lhe foi confiado e se recusa a devolv\u00ea-lo, com pena que pode variar de um a quatro anos de pris\u00e3o, al\u00e9m de multa.<\/p>\n","protected":false},"author":4,"featured_media":6196,"comment_status":"open","ping_status":"open","sticky":false,"template":"","format":"standard","meta":{"footnotes":""},"categories":[3,41],"tags":[],"class_list":["post-6151","post","type-post","status-publish","format-standard","has-post-thumbnail","hentry","category-policia","category-tanhacu"],"yoast_head":"<!-- This site is optimized with the Yoast SEO plugin v26.5 - https:\/\/yoast.com\/wordpress\/plugins\/seo\/ -->\n<title>PM recupera ve\u00edculo com registro de apropria\u00e7\u00e3o ind\u00e9bita durante opera\u00e7\u00e3o em Tanha\u00e7u - Sudoesteacontece<\/title>\n<meta name=\"robots\" content=\"index, follow, max-snippet:-1, max-image-preview:large, max-video-preview:-1\" \/>\n<link rel=\"canonical\" href=\"http:\/\/sudoesteacontece.com.br\/?p=6151\" \/>\n<meta property=\"og:locale\" content=\"pt_BR\" \/>\n<meta property=\"og:type\" content=\"article\" \/>\n<meta property=\"og:title\" content=\"PM recupera ve\u00edculo com registro de apropria\u00e7\u00e3o ind\u00e9bita durante opera\u00e7\u00e3o em Tanha\u00e7u - Sudoesteacontece\" \/>\n<meta property=\"og:description\" content=\"Pol\u00edcia Militar recuperou um ve\u00edculo com restri\u00e7\u00e3o por apropria\u00e7\u00e3o ind\u00e9bita em Tanha\u00e7u, no sudoeste da Bahia. A ocorr\u00eancia foi registrada na manh\u00e3 desta segunda-feira (12), durante a Opera\u00e7\u00e3o Harpia, realizada no centro do munic\u00edpio, e comunicada oficialmente \u00e0 Delegacia da Pol\u00edcia Civil. Abordagem aconteceu na Travessa Lucaia, nas proximidades de uma oficina mec\u00e2nica. Durante a a\u00e7\u00e3o, os policiais pararam um Citro\u00ebn C4 e realizaram consulta aos sistemas de seguran\u00e7a, que apontaram um registro de apropria\u00e7\u00e3o ind\u00e9bita feito no ano de 2021. Levantamento policial indicou que o autom\u00f3vel havia sido alugado em Salvador e n\u00e3o foi devolvido \u00e0 empresa locadora na \u00e9poca. Ap\u00f3s quase quatro anos, o ve\u00edculo foi localizado em Tanha\u00e7u, j\u00e1 em posse de uma mulher de 29 anos, que n\u00e3o teve a identidade divulgada. Encaminhamento foi feito para a Delegacia de Pol\u00edcia Civil de Tanha\u00e7u, onde a ocorr\u00eancia foi formalizada. O carro permanece apreendido e \u00e0 disposi\u00e7\u00e3o da Justi\u00e7a para ado\u00e7\u00e3o das medidas legais cab\u00edveis, enquanto a pol\u00edcia apura as circunst\u00e2ncias da posse atual. Crime de apropria\u00e7\u00e3o ind\u00e9bita est\u00e1 previsto no artigo 168 do C\u00f3digo Penal Brasileiro. A infra\u00e7\u00e3o ocorre quando algu\u00e9m se apossa de um bem que lhe foi confiado e se recusa a devolv\u00ea-lo, com pena que pode variar de um a quatro anos de pris\u00e3o, al\u00e9m de multa.\" \/>\n<meta property=\"og:url\" content=\"http:\/\/sudoesteacontece.com.br\/?p=6151\" \/>\n<meta property=\"og:site_name\" content=\"Sudoesteacontece\" \/>\n<meta property=\"article:publisher\" content=\"https:\/\/www.facebook.com\/sudoesteacontece\/?locale=pt_BR\" \/>\n<meta property=\"article:published_time\" content=\"2026-01-15T14:10:51+00:00\" \/>\n<meta property=\"article:modified_time\" content=\"2026-01-15T14:10:58+00:00\" \/>\n<meta property=\"og:image\" content=\"http:\/\/sudoesteacontece.com.br\/wp-content\/uploads\/2026\/01\/PM-recupera-veiculo-com-registro-de-apropriacao-indebita-durante-operacao-em-Tanhacu.jpg\" \/>\n\t<meta property=\"og:image:width\" content=\"900\" \/>\n\t<meta property=\"og:image:height\" content=\"600\" \/>\n\t<meta property=\"og:image:type\" content=\"image\/jpeg\" \/>\n<meta name=\"author\" content=\"Reda\u00e7\u00e3o\" \/>\n<meta name=\"twitter:card\" content=\"summary_large_image\" \/>\n<meta name=\"twitter:label1\" content=\"Escrito por\" \/>\n\t<meta name=\"twitter:data1\" content=\"Reda\u00e7\u00e3o\" \/>\n\t<meta name=\"twitter:label2\" content=\"Est. tempo de leitura\" \/>\n\t<meta name=\"twitter:data2\" content=\"2 minutos\" \/>\n<script type=\"application\/ld+json\" class=\"yoast-schema-graph\">{\"@context\":\"https:\/\/schema.org\",\"@graph\":[{\"@type\":\"Article\",\"@id\":\"http:\/\/sudoesteacontece.com.br\/?p=6151#article\",\"isPartOf\":{\"@id\":\"http:\/\/sudoesteacontece.com.br\/?p=6151\"},\"author\":{\"name\":\"Reda\u00e7\u00e3o\",\"@id\":\"https:\/\/sudoesteacontece.com.br\/#\/schema\/person\/a4f22429c1d0923ef8f7d43343f8dc38\"},\"headline\":\"PM recupera ve\u00edculo com registro de apropria\u00e7\u00e3o ind\u00e9bita durante opera\u00e7\u00e3o em Tanha\u00e7u\",\"datePublished\":\"2026-01-15T14:10:51+00:00\",\"dateModified\":\"2026-01-15T14:10:58+00:00\",\"mainEntityOfPage\":{\"@id\":\"http:\/\/sudoesteacontece.com.br\/?p=6151\"},\"wordCount\":262,\"commentCount\":0,\"publisher\":{\"@id\":\"https:\/\/sudoesteacontece.com.br\/#organization\"},\"image\":{\"@id\":\"http:\/\/sudoesteacontece.com.br\/?p=6151#primaryimage\"},\"thumbnailUrl\":\"https:\/\/sudoesteacontece.com.br\/wp-content\/uploads\/2026\/01\/PM-recupera-veiculo-com-registro-de-apropriacao-indebita-durante-operacao-em-Tanhacu.jpg\",\"articleSection\":[\"Pol\u00edcia\",\"Tanha\u00e7u\"],\"inLanguage\":\"pt-BR\",\"potentialAction\":[{\"@type\":\"CommentAction\",\"name\":\"Comment\",\"target\":[\"http:\/\/sudoesteacontece.com.br\/?p=6151#respond\"]}]},{\"@type\":\"WebPage\",\"@id\":\"http:\/\/sudoesteacontece.com.br\/?p=6151\",\"url\":\"http:\/\/sudoesteacontece.com.br\/?p=6151\",\"name\":\"PM recupera ve\u00edculo com registro de apropria\u00e7\u00e3o ind\u00e9bita durante opera\u00e7\u00e3o em Tanha\u00e7u - Sudoesteacontece\",\"isPartOf\":{\"@id\":\"https:\/\/sudoesteacontece.com.br\/#website\"},\"primaryImageOfPage\":{\"@id\":\"http:\/\/sudoesteacontece.com.br\/?p=6151#primaryimage\"},\"image\":{\"@id\":\"http:\/\/sudoesteacontece.com.br\/?p=6151#primaryimage\"},\"thumbnailUrl\":\"https:\/\/sudoesteacontece.com.br\/wp-content\/uploads\/2026\/01\/PM-recupera-veiculo-com-registro-de-apropriacao-indebita-durante-operacao-em-Tanhacu.jpg\",\"datePublished\":\"2026-01-15T14:10:51+00:00\",\"dateModified\":\"2026-01-15T14:10:58+00:00\",\"breadcrumb\":{\"@id\":\"http:\/\/sudoesteacontece.com.br\/?p=6151#breadcrumb\"},\"inLanguage\":\"pt-BR\",\"potentialAction\":[{\"@type\":\"ReadAction\",\"target\":[\"http:\/\/sudoesteacontece.com.br\/?p=6151\"]}]},{\"@type\":\"ImageObject\",\"inLanguage\":\"pt-BR\",\"@id\":\"http:\/\/sudoesteacontece.com.br\/?p=6151#primaryimage\",\"url\":\"https:\/\/sudoesteacontece.com.br\/wp-content\/uploads\/2026\/01\/PM-recupera-veiculo-com-registro-de-apropriacao-indebita-durante-operacao-em-Tanhacu.jpg\",\"contentUrl\":\"https:\/\/sudoesteacontece.com.br\/wp-content\/uploads\/2026\/01\/PM-recupera-veiculo-com-registro-de-apropriacao-indebita-durante-operacao-em-Tanhacu.jpg\",\"width\":900,\"height\":600},{\"@type\":\"BreadcrumbList\",\"@id\":\"http:\/\/sudoesteacontece.com.br\/?p=6151#breadcrumb\",\"itemListElement\":[{\"@type\":\"ListItem\",\"position\":1,\"name\":\"In\u00edcio\",\"item\":\"https:\/\/sudoesteacontece.com.br\/\"},{\"@type\":\"ListItem\",\"position\":2,\"name\":\"PM recupera ve\u00edculo com registro de apropria\u00e7\u00e3o ind\u00e9bita durante opera\u00e7\u00e3o em Tanha\u00e7u\"}]},{\"@type\":\"WebSite\",\"@id\":\"https:\/\/sudoesteacontece.com.br\/#website\",\"url\":\"https:\/\/sudoesteacontece.com.br\/\",\"name\":\"Sudoesteacontece\",\"description\":\"\",\"publisher\":{\"@id\":\"https:\/\/sudoesteacontece.com.br\/#organization\"},\"potentialAction\":[{\"@type\":\"SearchAction\",\"target\":{\"@type\":\"EntryPoint\",\"urlTemplate\":\"https:\/\/sudoesteacontece.com.br\/?s={search_term_string}\"},\"query-input\":{\"@type\":\"PropertyValueSpecification\",\"valueRequired\":true,\"valueName\":\"search_term_string\"}}],\"inLanguage\":\"pt-BR\"},{\"@type\":\"Organization\",\"@id\":\"https:\/\/sudoesteacontece.com.br\/#organization\",\"name\":\"Sudoesteacontece\",\"url\":\"https:\/\/sudoesteacontece.com.br\/\",\"logo\":{\"@type\":\"ImageObject\",\"inLanguage\":\"pt-BR\",\"@id\":\"https:\/\/sudoesteacontece.com.br\/#\/schema\/logo\/image\/\",\"url\":\"https:\/\/sudoesteacontece.com.br\/wp-content\/uploads\/2025\/12\/cropped-logo-2-180x180-1.png\",\"contentUrl\":\"https:\/\/sudoesteacontece.com.br\/wp-content\/uploads\/2025\/12\/cropped-logo-2-180x180-1.png\",\"width\":180,\"height\":180,\"caption\":\"Sudoesteacontece\"},\"image\":{\"@id\":\"https:\/\/sudoesteacontece.com.br\/#\/schema\/logo\/image\/\"},\"sameAs\":[\"https:\/\/www.facebook.com\/sudoesteacontece\/?locale=pt_BR\"]},{\"@type\":\"Person\",\"@id\":\"https:\/\/sudoesteacontece.com.br\/#\/schema\/person\/a4f22429c1d0923ef8f7d43343f8dc38\",\"name\":\"Reda\u00e7\u00e3o\",\"image\":{\"@type\":\"ImageObject\",\"inLanguage\":\"pt-BR\",\"@id\":\"https:\/\/sudoesteacontece.com.br\/#\/schema\/person\/image\/\",\"url\":\"https:\/\/secure.gravatar.com\/avatar\/c3a5b3c93f268a709c25a2df414c629a96fb3b1b4bf97a94fb3f72e54ae76903?s=96&d=mm&r=g\",\"contentUrl\":\"https:\/\/secure.gravatar.com\/avatar\/c3a5b3c93f268a709c25a2df414c629a96fb3b1b4bf97a94fb3f72e54ae76903?s=96&d=mm&r=g\",\"caption\":\"Reda\u00e7\u00e3o\"},\"url\":\"https:\/\/sudoesteacontece.com.br\/?author=4\"}]}<\/script>\n<!-- \/ Yoast SEO plugin. -->","yoast_head_json":{"title":"PM recupera ve\u00edculo com registro de apropria\u00e7\u00e3o ind\u00e9bita durante opera\u00e7\u00e3o em Tanha\u00e7u - Sudoesteacontece","robots":{"index":"index","follow":"follow","max-snippet":"max-snippet:-1","max-image-preview":"max-image-preview:large","max-video-preview":"max-video-preview:-1"},"canonical":"http:\/\/sudoesteacontece.com.br\/?p=6151","og_locale":"pt_BR","og_type":"article","og_title":"PM recupera ve\u00edculo com registro de apropria\u00e7\u00e3o ind\u00e9bita durante opera\u00e7\u00e3o em Tanha\u00e7u - Sudoesteacontece","og_description":"Pol\u00edcia Militar recuperou um ve\u00edculo com restri\u00e7\u00e3o por apropria\u00e7\u00e3o ind\u00e9bita em Tanha\u00e7u, no sudoeste da Bahia. A ocorr\u00eancia foi registrada na manh\u00e3 desta segunda-feira (12), durante a Opera\u00e7\u00e3o Harpia, realizada no centro do munic\u00edpio, e comunicada oficialmente \u00e0 Delegacia da Pol\u00edcia Civil. Abordagem aconteceu na Travessa Lucaia, nas proximidades de uma oficina mec\u00e2nica. Durante a a\u00e7\u00e3o, os policiais pararam um Citro\u00ebn C4 e realizaram consulta aos sistemas de seguran\u00e7a, que apontaram um registro de apropria\u00e7\u00e3o ind\u00e9bita feito no ano de 2021. Levantamento policial indicou que o autom\u00f3vel havia sido alugado em Salvador e n\u00e3o foi devolvido \u00e0 empresa locadora na \u00e9poca. Ap\u00f3s quase quatro anos, o ve\u00edculo foi localizado em Tanha\u00e7u, j\u00e1 em posse de uma mulher de 29 anos, que n\u00e3o teve a identidade divulgada. Encaminhamento foi feito para a Delegacia de Pol\u00edcia Civil de Tanha\u00e7u, onde a ocorr\u00eancia foi formalizada. O carro permanece apreendido e \u00e0 disposi\u00e7\u00e3o da Justi\u00e7a para ado\u00e7\u00e3o das medidas legais cab\u00edveis, enquanto a pol\u00edcia apura as circunst\u00e2ncias da posse atual. Crime de apropria\u00e7\u00e3o ind\u00e9bita est\u00e1 previsto no artigo 168 do C\u00f3digo Penal Brasileiro. A infra\u00e7\u00e3o ocorre quando algu\u00e9m se apossa de um bem que lhe foi confiado e se recusa a devolv\u00ea-lo, com pena que pode variar de um a quatro anos de pris\u00e3o, al\u00e9m de multa.","og_url":"http:\/\/sudoesteacontece.com.br\/?p=6151","og_site_name":"Sudoesteacontece","article_publisher":"https:\/\/www.facebook.com\/sudoesteacontece\/?locale=pt_BR","article_published_time":"2026-01-15T14:10:51+00:00","article_modified_time":"2026-01-15T14:10:58+00:00","og_image":[{"width":900,"height":600,"url":"http:\/\/sudoesteacontece.com.br\/wp-content\/uploads\/2026\/01\/PM-recupera-veiculo-com-registro-de-apropriacao-indebita-durante-operacao-em-Tanhacu.jpg","type":"image\/jpeg"}],"author":"Reda\u00e7\u00e3o","twitter_card":"summary_large_image","twitter_misc":{"Escrito por":"Reda\u00e7\u00e3o","Est. tempo de leitura":"2 minutos"},"schema":{"@context":"https:\/\/schema.org","@graph":[{"@type":"Article","@id":"http:\/\/sudoesteacontece.com.br\/?p=6151#article","isPartOf":{"@id":"http:\/\/sudoesteacontece.com.br\/?p=6151"},"author":{"name":"Reda\u00e7\u00e3o","@id":"https:\/\/sudoesteacontece.com.br\/#\/schema\/person\/a4f22429c1d0923ef8f7d43343f8dc38"},"headline":"PM recupera ve\u00edculo com registro de apropria\u00e7\u00e3o ind\u00e9bita durante opera\u00e7\u00e3o em Tanha\u00e7u","datePublished":"2026-01-15T14:10:51+00:00","dateModified":"2026-01-15T14:10:58+00:00","mainEntityOfPage":{"@id":"http:\/\/sudoesteacontece.com.br\/?p=6151"},"wordCount":262,"commentCount":0,"publisher":{"@id":"https:\/\/sudoesteacontece.com.br\/#organization"},"image":{"@id":"http:\/\/sudoesteacontece.com.br\/?p=6151#primaryimage"},"thumbnailUrl":"https:\/\/sudoesteacontece.com.br\/wp-content\/uploads\/2026\/01\/PM-recupera-veiculo-com-registro-de-apropriacao-indebita-durante-operacao-em-Tanhacu.jpg","articleSection":["Pol\u00edcia","Tanha\u00e7u"],"inLanguage":"pt-BR","potentialAction":[{"@type":"CommentAction","name":"Comment","target":["http:\/\/sudoesteacontece.com.br\/?p=6151#respond"]}]},{"@type":"WebPage","@id":"http:\/\/sudoesteacontece.com.br\/?p=6151","url":"http:\/\/sudoesteacontece.com.br\/?p=6151","name":"PM recupera ve\u00edculo com registro de apropria\u00e7\u00e3o ind\u00e9bita durante opera\u00e7\u00e3o em Tanha\u00e7u - Sudoesteacontece","isPartOf":{"@id":"https:\/\/sudoesteacontece.com.br\/#website"},"primaryImageOfPage":{"@id":"http:\/\/sudoesteacontece.com.br\/?p=6151#primaryimage"},"image":{"@id":"http:\/\/sudoesteacontece.com.br\/?p=6151#primaryimage"},"thumbnailUrl":"https:\/\/sudoesteacontece.com.br\/wp-content\/uploads\/2026\/01\/PM-recupera-veiculo-com-registro-de-apropriacao-indebita-durante-operacao-em-Tanhacu.jpg","datePublished":"2026-01-15T14:10:51+00:00","dateModified":"2026-01-15T14:10:58+00:00","breadcrumb":{"@id":"http:\/\/sudoesteacontece.com.br\/?p=6151#breadcrumb"},"inLanguage":"pt-BR","potentialAction":[{"@type":"ReadAction","target":["http:\/\/sudoesteacontece.com.br\/?p=6151"]}]},{"@type":"ImageObject","inLanguage":"pt-BR","@id":"http:\/\/sudoesteacontece.com.br\/?p=6151#primaryimage","url":"https:\/\/sudoesteacontece.com.br\/wp-content\/uploads\/2026\/01\/PM-recupera-veiculo-com-registro-de-apropriacao-indebita-durante-operacao-em-Tanhacu.jpg","contentUrl":"https:\/\/sudoesteacontece.com.br\/wp-content\/uploads\/2026\/01\/PM-recupera-veiculo-com-registro-de-apropriacao-indebita-durante-operacao-em-Tanhacu.jpg","width":900,"height":600},{"@type":"BreadcrumbList","@id":"http:\/\/sudoesteacontece.com.br\/?p=6151#breadcrumb","itemListElement":[{"@type":"ListItem","position":1,"name":"In\u00edcio","item":"https:\/\/sudoesteacontece.com.br\/"},{"@type":"ListItem","position":2,"name":"PM recupera ve\u00edculo com registro de apropria\u00e7\u00e3o ind\u00e9bita durante opera\u00e7\u00e3o em Tanha\u00e7u"}]},{"@type":"WebSite","@id":"https:\/\/sudoesteacontece.com.br\/#website","url":"https:\/\/sudoesteacontece.com.br\/","name":"Sudoesteacontece","description":"","publisher":{"@id":"https:\/\/sudoesteacontece.com.br\/#organization"},"potentialAction":[{"@type":"SearchAction","target":{"@type":"EntryPoint","urlTemplate":"https:\/\/sudoesteacontece.com.br\/?s={search_term_string}"},"query-input":{"@type":"PropertyValueSpecification","valueRequired":true,"valueName":"search_term_string"}}],"inLanguage":"pt-BR"},{"@type":"Organization","@id":"https:\/\/sudoesteacontece.com.br\/#organization","name":"Sudoesteacontece","url":"https:\/\/sudoesteacontece.com.br\/","logo":{"@type":"ImageObject","inLanguage":"pt-BR","@id":"https:\/\/sudoesteacontece.com.br\/#\/schema\/logo\/image\/","url":"https:\/\/sudoesteacontece.com.br\/wp-content\/uploads\/2025\/12\/cropped-logo-2-180x180-1.png","contentUrl":"https:\/\/sudoesteacontece.com.br\/wp-content\/uploads\/2025\/12\/cropped-logo-2-180x180-1.png","width":180,"height":180,"caption":"Sudoesteacontece"},"image":{"@id":"https:\/\/sudoesteacontece.com.br\/#\/schema\/logo\/image\/"},"sameAs":["https:\/\/www.facebook.com\/sudoesteacontece\/?locale=pt_BR"]},{"@type":"Person","@id":"https:\/\/sudoesteacontece.com.br\/#\/schema\/person\/a4f22429c1d0923ef8f7d43343f8dc38","name":"Reda\u00e7\u00e3o","image":{"@type":"ImageObject","inLanguage":"pt-BR","@id":"https:\/\/sudoesteacontece.com.br\/#\/schema\/person\/image\/","url":"https:\/\/secure.gravatar.com\/avatar\/c3a5b3c93f268a709c25a2df414c629a96fb3b1b4bf97a94fb3f72e54ae76903?s=96&d=mm&r=g","contentUrl":"https:\/\/secure.gravatar.com\/avatar\/c3a5b3c93f268a709c25a2df414c629a96fb3b1b4bf97a94fb3f72e54ae76903?s=96&d=mm&r=g","caption":"Reda\u00e7\u00e3o"},"url":"https:\/\/sudoesteacontece.com.br\/?author=4"}]}},"_links":{"self":[{"href":"https:\/\/sudoesteacontece.com.br\/index.php?rest_route=\/wp\/v2\/posts\/6151","targetHints":{"allow":["GET"]}}],"collection":[{"href":"https:\/\/sudoesteacontece.com.br\/index.php?rest_route=\/wp\/v2\/posts"}],"about":[{"href":"https:\/\/sudoesteacontece.com.br\/index.php?rest_route=\/wp\/v2\/types\/post"}],"author":[{"embeddable":true,"href":"https:\/\/sudoesteacontece.com.br\/index.php?rest_route=\/wp\/v2\/users\/4"}],"replies":[{"embeddable":true,"href":"https:\/\/sudoesteacontece.com.br\/index.php?rest_route=%2Fwp%2Fv2%2Fcomments&post=6151"}],"version-history":[{"count":0,"href":"https:\/\/sudoesteacontece.com.br\/index.php?rest_route=\/wp\/v2\/posts\/6151\/revisions"}],"wp:featuredmedia":[{"embeddable":true,"href":"https:\/\/sudoesteacontece.com.br\/index.php?rest_route=\/wp\/v2\/media\/6196"}],"wp:attachment":[{"href":"https:\/\/sudoesteacontece.com.br\/index.php?rest_route=%2Fwp%2Fv2%2Fmedia&parent=6151"}],"wp:term":[{"taxonomy":"category","embeddable":true,"href":"https:\/\/sudoesteacontece.com.br\/index.php?rest_route=%2Fwp%2Fv2%2Fcategories&post=6151"},{"taxonomy":"post_tag","embeddable":true,"href":"https:\/\/sudoesteacontece.com.br\/index.php?rest_route=%2Fwp%2Fv2%2Ftags&post=6151"}],"curies":[{"name":"wp","href":"https:\/\/api.w.org\/{rel}","templated":true}]}}