{"id":6152,"date":"2026-01-15T11:15:00","date_gmt":"2026-01-15T14:15:00","guid":{"rendered":"https:\/\/sudoesteacontece.com.br\/?p=6152"},"modified":"2026-01-15T11:15:08","modified_gmt":"2026-01-15T14:15:08","slug":"reinaldinho-acusa-pt-de-descartar-aliados-e-cita-lidice-e-joao-leao-como-exemplos","status":"publish","type":"post","link":"https:\/\/sudoesteacontece.com.br\/?p=6152","title":{"rendered":"Reinaldinho acusa PT de descartar aliados e cita L\u00eddice e Jo\u00e3o Le\u00e3o como exemplos"},"content":{"rendered":"<div class=\"wp-block-image\">\n<figure class=\"aligncenter size-full\"><img fetchpriority=\"high\" decoding=\"async\" width=\"900\" height=\"600\" src=\"http:\/\/sudoesteacontece.com.br\/wp-content\/uploads\/2026\/01\/ex-prefeito-de-Xique-Xique-Reinaldinho-Braga.jpg\" alt=\"\" class=\"wp-image-6198\" srcset=\"https:\/\/sudoesteacontece.com.br\/wp-content\/uploads\/2026\/01\/ex-prefeito-de-Xique-Xique-Reinaldinho-Braga.jpg 900w, https:\/\/sudoesteacontece.com.br\/wp-content\/uploads\/2026\/01\/ex-prefeito-de-Xique-Xique-Reinaldinho-Braga-300x200.jpg 300w, https:\/\/sudoesteacontece.com.br\/wp-content\/uploads\/2026\/01\/ex-prefeito-de-Xique-Xique-Reinaldinho-Braga-768x512.jpg 768w\" sizes=\"(max-width: 900px) 100vw, 900px\" \/><\/figure>\n<\/div>\n\n\n<p>Cr\u00edtica ao PT da Bahia marcou um v\u00eddeo publicado nas redes sociais pelo ex-prefeito de Xique-Xique Reinaldinho Braga. Coordenador pol\u00edtico de ACM Neto, ele afirmou que o partido descarta aliados quando deixam de ser convenientes ao projeto do grupo governista, repetindo um padr\u00e3o que, segundo ele, se mant\u00e9m ao longo dos anos.<\/p>\n\n\n\n<p>No v\u00eddeo, Reinaldinho rebate declara\u00e7\u00f5es frequentes do senador Jaques Wagner, que sustenta que pol\u00edticos crescem dentro do grupo petista e perdem espa\u00e7o na oposi\u00e7\u00e3o. Para o ex-prefeito, a fala n\u00e3o se sustenta nos fatos. Ele diz que a narrativa \u00e9 repetida como estrat\u00e9gia pol\u00edtica. \u201cAlguns insistem em repetir uma mentira para tentar transform\u00e1-la em verdade\u201d, afirmou.<\/p>\n\n\n\n<p>Como exemplo, Reinaldinho citou a senadora L\u00eddice da Mata. Segundo ele, a parlamentar foi retirada do projeto pol\u00edtico sem chance de reelei\u00e7\u00e3o, apesar de sua trajet\u00f3ria. \u201cN\u00e3o consideraram a hist\u00f3ria dela nem a do PSB\u201d, disse, ao refor\u00e7ar que o PT usa alian\u00e7as enquanto s\u00e3o \u00fateis e depois as abandona.<\/p>\n\n\n\n<p>Outro caso lembrado foi o do ex-vice-governador Jo\u00e3o Le\u00e3o e do PP. Reinaldinho afirmou que Le\u00e3o tamb\u00e9m foi descartado pelo grupo petista de forma abrupta. Segundo ele, a sa\u00edda surpreendeu a Bahia e evidenciou o tratamento dado a aliados ap\u00f3s perderem utilidade pol\u00edtica.<\/p>\n\n\n\n<p>Para al\u00e9m da c\u00fapula, o ex-prefeito ampliou a cr\u00edtica ao interior do estado. Ele disse que prefeitos que ajudaram a eleger Jer\u00f4nimo Rodrigues, mas perderam elei\u00e7\u00f5es municipais, foram escanteados. Para Reinaldinho, esse hist\u00f3rico fortalece o sentimento de mudan\u00e7a e o desgaste do grupo do PT na Bahia.<\/p>\n","protected":false},"excerpt":{"rendered":"<p>Cr\u00edtica ao PT da Bahia marcou um v\u00eddeo publicado nas redes sociais pelo ex-prefeito de Xique-Xique Reinaldinho Braga. Coordenador pol\u00edtico de ACM Neto, ele afirmou que o partido descarta aliados quando deixam de ser convenientes ao projeto do grupo governista, repetindo um padr\u00e3o que, segundo ele, se mant\u00e9m ao longo dos anos. No v\u00eddeo, Reinaldinho rebate declara\u00e7\u00f5es frequentes do senador Jaques Wagner, que sustenta que pol\u00edticos crescem dentro do grupo petista e perdem espa\u00e7o na oposi\u00e7\u00e3o. Para o ex-prefeito, a fala n\u00e3o se sustenta nos fatos. Ele diz que a narrativa \u00e9 repetida como estrat\u00e9gia pol\u00edtica. \u201cAlguns insistem em repetir uma mentira para tentar transform\u00e1-la em verdade\u201d, afirmou. Como exemplo, Reinaldinho citou a senadora L\u00eddice da Mata. Segundo ele, a parlamentar foi retirada do projeto pol\u00edtico sem chance de reelei\u00e7\u00e3o, apesar de sua trajet\u00f3ria. \u201cN\u00e3o consideraram a hist\u00f3ria dela nem a do PSB\u201d, disse, ao refor\u00e7ar que o PT usa alian\u00e7as enquanto s\u00e3o \u00fateis e depois as abandona. Outro caso lembrado foi o do ex-vice-governador Jo\u00e3o Le\u00e3o e do PP. Reinaldinho afirmou que Le\u00e3o tamb\u00e9m foi descartado pelo grupo petista de forma abrupta. Segundo ele, a sa\u00edda surpreendeu a Bahia e evidenciou o tratamento dado a aliados ap\u00f3s perderem utilidade pol\u00edtica. Para al\u00e9m da c\u00fapula, o ex-prefeito ampliou a cr\u00edtica ao interior do estado. Ele disse que prefeitos que ajudaram a eleger Jer\u00f4nimo Rodrigues, mas perderam elei\u00e7\u00f5es municipais, foram escanteados. Para Reinaldinho, esse hist\u00f3rico fortalece o sentimento de mudan\u00e7a e o desgaste do grupo do PT na Bahia.<\/p>\n","protected":false},"author":4,"featured_media":6198,"comment_status":"open","ping_status":"open","sticky":false,"template":"","format":"standard","meta":{"footnotes":""},"categories":[7,58,6],"tags":[],"class_list":["post-6152","post","type-post","status-publish","format-standard","has-post-thumbnail","hentry","category-bahia","category-eleicoes-2026","category-politica"],"yoast_head":"<!-- This site is optimized with the Yoast SEO plugin v26.5 - https:\/\/yoast.com\/wordpress\/plugins\/seo\/ -->\n<title>Reinaldinho acusa PT de descartar aliados e cita L\u00eddice e Jo\u00e3o Le\u00e3o como exemplos - Sudoesteacontece<\/title>\n<meta name=\"robots\" content=\"index, follow, max-snippet:-1, max-image-preview:large, max-video-preview:-1\" \/>\n<link rel=\"canonical\" href=\"https:\/\/sudoesteacontece.com.br\/?p=6152\" \/>\n<meta property=\"og:locale\" content=\"pt_BR\" \/>\n<meta property=\"og:type\" content=\"article\" \/>\n<meta property=\"og:title\" content=\"Reinaldinho acusa PT de descartar aliados e cita L\u00eddice e Jo\u00e3o Le\u00e3o como exemplos - Sudoesteacontece\" \/>\n<meta property=\"og:description\" content=\"Cr\u00edtica ao PT da Bahia marcou um v\u00eddeo publicado nas redes sociais pelo ex-prefeito de Xique-Xique Reinaldinho Braga. Coordenador pol\u00edtico de ACM Neto, ele afirmou que o partido descarta aliados quando deixam de ser convenientes ao projeto do grupo governista, repetindo um padr\u00e3o que, segundo ele, se mant\u00e9m ao longo dos anos. No v\u00eddeo, Reinaldinho rebate declara\u00e7\u00f5es frequentes do senador Jaques Wagner, que sustenta que pol\u00edticos crescem dentro do grupo petista e perdem espa\u00e7o na oposi\u00e7\u00e3o. Para o ex-prefeito, a fala n\u00e3o se sustenta nos fatos. Ele diz que a narrativa \u00e9 repetida como estrat\u00e9gia pol\u00edtica. \u201cAlguns insistem em repetir uma mentira para tentar transform\u00e1-la em verdade\u201d, afirmou. Como exemplo, Reinaldinho citou a senadora L\u00eddice da Mata. Segundo ele, a parlamentar foi retirada do projeto pol\u00edtico sem chance de reelei\u00e7\u00e3o, apesar de sua trajet\u00f3ria. \u201cN\u00e3o consideraram a hist\u00f3ria dela nem a do PSB\u201d, disse, ao refor\u00e7ar que o PT usa alian\u00e7as enquanto s\u00e3o \u00fateis e depois as abandona. Outro caso lembrado foi o do ex-vice-governador Jo\u00e3o Le\u00e3o e do PP. Reinaldinho afirmou que Le\u00e3o tamb\u00e9m foi descartado pelo grupo petista de forma abrupta. Segundo ele, a sa\u00edda surpreendeu a Bahia e evidenciou o tratamento dado a aliados ap\u00f3s perderem utilidade pol\u00edtica. Para al\u00e9m da c\u00fapula, o ex-prefeito ampliou a cr\u00edtica ao interior do estado. Ele disse que prefeitos que ajudaram a eleger Jer\u00f4nimo Rodrigues, mas perderam elei\u00e7\u00f5es municipais, foram escanteados. Para Reinaldinho, esse hist\u00f3rico fortalece o sentimento de mudan\u00e7a e o desgaste do grupo do PT na Bahia.\" \/>\n<meta property=\"og:url\" content=\"https:\/\/sudoesteacontece.com.br\/?p=6152\" \/>\n<meta property=\"og:site_name\" content=\"Sudoesteacontece\" \/>\n<meta property=\"article:publisher\" content=\"https:\/\/www.facebook.com\/sudoesteacontece\/?locale=pt_BR\" \/>\n<meta property=\"article:published_time\" content=\"2026-01-15T14:15:00+00:00\" \/>\n<meta property=\"article:modified_time\" content=\"2026-01-15T14:15:08+00:00\" \/>\n<meta property=\"og:image\" content=\"https:\/\/sudoesteacontece.com.br\/wp-content\/uploads\/2026\/01\/ex-prefeito-de-Xique-Xique-Reinaldinho-Braga.jpg\" \/>\n\t<meta property=\"og:image:width\" content=\"900\" \/>\n\t<meta property=\"og:image:height\" content=\"600\" \/>\n\t<meta property=\"og:image:type\" content=\"image\/jpeg\" \/>\n<meta name=\"author\" content=\"Reda\u00e7\u00e3o\" \/>\n<meta name=\"twitter:card\" content=\"summary_large_image\" \/>\n<meta name=\"twitter:label1\" content=\"Escrito por\" \/>\n\t<meta name=\"twitter:data1\" content=\"Reda\u00e7\u00e3o\" \/>\n\t<meta name=\"twitter:label2\" content=\"Est. tempo de leitura\" \/>\n\t<meta name=\"twitter:data2\" content=\"2 minutos\" \/>\n<script type=\"application\/ld+json\" class=\"yoast-schema-graph\">{\"@context\":\"https:\/\/schema.org\",\"@graph\":[{\"@type\":\"Article\",\"@id\":\"https:\/\/sudoesteacontece.com.br\/?p=6152#article\",\"isPartOf\":{\"@id\":\"https:\/\/sudoesteacontece.com.br\/?p=6152\"},\"author\":{\"name\":\"Reda\u00e7\u00e3o\",\"@id\":\"https:\/\/sudoesteacontece.com.br\/#\/schema\/person\/a4f22429c1d0923ef8f7d43343f8dc38\"},\"headline\":\"Reinaldinho acusa PT de descartar aliados e cita L\u00eddice e Jo\u00e3o Le\u00e3o como exemplos\",\"datePublished\":\"2026-01-15T14:15:00+00:00\",\"dateModified\":\"2026-01-15T14:15:08+00:00\",\"mainEntityOfPage\":{\"@id\":\"https:\/\/sudoesteacontece.com.br\/?p=6152\"},\"wordCount\":301,\"commentCount\":0,\"publisher\":{\"@id\":\"https:\/\/sudoesteacontece.com.br\/#organization\"},\"image\":{\"@id\":\"https:\/\/sudoesteacontece.com.br\/?p=6152#primaryimage\"},\"thumbnailUrl\":\"https:\/\/sudoesteacontece.com.br\/wp-content\/uploads\/2026\/01\/ex-prefeito-de-Xique-Xique-Reinaldinho-Braga.jpg\",\"articleSection\":[\"Bahia\",\"Elei\u00e7\u00f5es 2026\",\"Pol\u00edtica\"],\"inLanguage\":\"pt-BR\",\"potentialAction\":[{\"@type\":\"CommentAction\",\"name\":\"Comment\",\"target\":[\"https:\/\/sudoesteacontece.com.br\/?p=6152#respond\"]}]},{\"@type\":\"WebPage\",\"@id\":\"https:\/\/sudoesteacontece.com.br\/?p=6152\",\"url\":\"https:\/\/sudoesteacontece.com.br\/?p=6152\",\"name\":\"Reinaldinho acusa PT de descartar aliados e cita L\u00eddice e Jo\u00e3o Le\u00e3o como exemplos - Sudoesteacontece\",\"isPartOf\":{\"@id\":\"https:\/\/sudoesteacontece.com.br\/#website\"},\"primaryImageOfPage\":{\"@id\":\"https:\/\/sudoesteacontece.com.br\/?p=6152#primaryimage\"},\"image\":{\"@id\":\"https:\/\/sudoesteacontece.com.br\/?p=6152#primaryimage\"},\"thumbnailUrl\":\"https:\/\/sudoesteacontece.com.br\/wp-content\/uploads\/2026\/01\/ex-prefeito-de-Xique-Xique-Reinaldinho-Braga.jpg\",\"datePublished\":\"2026-01-15T14:15:00+00:00\",\"dateModified\":\"2026-01-15T14:15:08+00:00\",\"breadcrumb\":{\"@id\":\"https:\/\/sudoesteacontece.com.br\/?p=6152#breadcrumb\"},\"inLanguage\":\"pt-BR\",\"potentialAction\":[{\"@type\":\"ReadAction\",\"target\":[\"https:\/\/sudoesteacontece.com.br\/?p=6152\"]}]},{\"@type\":\"ImageObject\",\"inLanguage\":\"pt-BR\",\"@id\":\"https:\/\/sudoesteacontece.com.br\/?p=6152#primaryimage\",\"url\":\"https:\/\/sudoesteacontece.com.br\/wp-content\/uploads\/2026\/01\/ex-prefeito-de-Xique-Xique-Reinaldinho-Braga.jpg\",\"contentUrl\":\"https:\/\/sudoesteacontece.com.br\/wp-content\/uploads\/2026\/01\/ex-prefeito-de-Xique-Xique-Reinaldinho-Braga.jpg\",\"width\":900,\"height\":600},{\"@type\":\"BreadcrumbList\",\"@id\":\"https:\/\/sudoesteacontece.com.br\/?p=6152#breadcrumb\",\"itemListElement\":[{\"@type\":\"ListItem\",\"position\":1,\"name\":\"In\u00edcio\",\"item\":\"https:\/\/sudoesteacontece.com.br\/\"},{\"@type\":\"ListItem\",\"position\":2,\"name\":\"Reinaldinho acusa PT de descartar aliados e cita L\u00eddice e Jo\u00e3o Le\u00e3o como exemplos\"}]},{\"@type\":\"WebSite\",\"@id\":\"https:\/\/sudoesteacontece.com.br\/#website\",\"url\":\"https:\/\/sudoesteacontece.com.br\/\",\"name\":\"Sudoesteacontece\",\"description\":\"\",\"publisher\":{\"@id\":\"https:\/\/sudoesteacontece.com.br\/#organization\"},\"potentialAction\":[{\"@type\":\"SearchAction\",\"target\":{\"@type\":\"EntryPoint\",\"urlTemplate\":\"https:\/\/sudoesteacontece.com.br\/?s={search_term_string}\"},\"query-input\":{\"@type\":\"PropertyValueSpecification\",\"valueRequired\":true,\"valueName\":\"search_term_string\"}}],\"inLanguage\":\"pt-BR\"},{\"@type\":\"Organization\",\"@id\":\"https:\/\/sudoesteacontece.com.br\/#organization\",\"name\":\"Sudoesteacontece\",\"url\":\"https:\/\/sudoesteacontece.com.br\/\",\"logo\":{\"@type\":\"ImageObject\",\"inLanguage\":\"pt-BR\",\"@id\":\"https:\/\/sudoesteacontece.com.br\/#\/schema\/logo\/image\/\",\"url\":\"https:\/\/sudoesteacontece.com.br\/wp-content\/uploads\/2025\/12\/cropped-logo-2-180x180-1.png\",\"contentUrl\":\"https:\/\/sudoesteacontece.com.br\/wp-content\/uploads\/2025\/12\/cropped-logo-2-180x180-1.png\",\"width\":180,\"height\":180,\"caption\":\"Sudoesteacontece\"},\"image\":{\"@id\":\"https:\/\/sudoesteacontece.com.br\/#\/schema\/logo\/image\/\"},\"sameAs\":[\"https:\/\/www.facebook.com\/sudoesteacontece\/?locale=pt_BR\"]},{\"@type\":\"Person\",\"@id\":\"https:\/\/sudoesteacontece.com.br\/#\/schema\/person\/a4f22429c1d0923ef8f7d43343f8dc38\",\"name\":\"Reda\u00e7\u00e3o\",\"image\":{\"@type\":\"ImageObject\",\"inLanguage\":\"pt-BR\",\"@id\":\"https:\/\/sudoesteacontece.com.br\/#\/schema\/person\/image\/\",\"url\":\"https:\/\/secure.gravatar.com\/avatar\/c3a5b3c93f268a709c25a2df414c629a96fb3b1b4bf97a94fb3f72e54ae76903?s=96&d=mm&r=g\",\"contentUrl\":\"https:\/\/secure.gravatar.com\/avatar\/c3a5b3c93f268a709c25a2df414c629a96fb3b1b4bf97a94fb3f72e54ae76903?s=96&d=mm&r=g\",\"caption\":\"Reda\u00e7\u00e3o\"},\"url\":\"https:\/\/sudoesteacontece.com.br\/?author=4\"}]}<\/script>\n<!-- \/ Yoast SEO plugin. -->","yoast_head_json":{"title":"Reinaldinho acusa PT de descartar aliados e cita L\u00eddice e Jo\u00e3o Le\u00e3o como exemplos - Sudoesteacontece","robots":{"index":"index","follow":"follow","max-snippet":"max-snippet:-1","max-image-preview":"max-image-preview:large","max-video-preview":"max-video-preview:-1"},"canonical":"https:\/\/sudoesteacontece.com.br\/?p=6152","og_locale":"pt_BR","og_type":"article","og_title":"Reinaldinho acusa PT de descartar aliados e cita L\u00eddice e Jo\u00e3o Le\u00e3o como exemplos - Sudoesteacontece","og_description":"Cr\u00edtica ao PT da Bahia marcou um v\u00eddeo publicado nas redes sociais pelo ex-prefeito de Xique-Xique Reinaldinho Braga. Coordenador pol\u00edtico de ACM Neto, ele afirmou que o partido descarta aliados quando deixam de ser convenientes ao projeto do grupo governista, repetindo um padr\u00e3o que, segundo ele, se mant\u00e9m ao longo dos anos. No v\u00eddeo, Reinaldinho rebate declara\u00e7\u00f5es frequentes do senador Jaques Wagner, que sustenta que pol\u00edticos crescem dentro do grupo petista e perdem espa\u00e7o na oposi\u00e7\u00e3o. Para o ex-prefeito, a fala n\u00e3o se sustenta nos fatos. Ele diz que a narrativa \u00e9 repetida como estrat\u00e9gia pol\u00edtica. \u201cAlguns insistem em repetir uma mentira para tentar transform\u00e1-la em verdade\u201d, afirmou. Como exemplo, Reinaldinho citou a senadora L\u00eddice da Mata. Segundo ele, a parlamentar foi retirada do projeto pol\u00edtico sem chance de reelei\u00e7\u00e3o, apesar de sua trajet\u00f3ria. \u201cN\u00e3o consideraram a hist\u00f3ria dela nem a do PSB\u201d, disse, ao refor\u00e7ar que o PT usa alian\u00e7as enquanto s\u00e3o \u00fateis e depois as abandona. Outro caso lembrado foi o do ex-vice-governador Jo\u00e3o Le\u00e3o e do PP. Reinaldinho afirmou que Le\u00e3o tamb\u00e9m foi descartado pelo grupo petista de forma abrupta. Segundo ele, a sa\u00edda surpreendeu a Bahia e evidenciou o tratamento dado a aliados ap\u00f3s perderem utilidade pol\u00edtica. Para al\u00e9m da c\u00fapula, o ex-prefeito ampliou a cr\u00edtica ao interior do estado. Ele disse que prefeitos que ajudaram a eleger Jer\u00f4nimo Rodrigues, mas perderam elei\u00e7\u00f5es municipais, foram escanteados. Para Reinaldinho, esse hist\u00f3rico fortalece o sentimento de mudan\u00e7a e o desgaste do grupo do PT na Bahia.","og_url":"https:\/\/sudoesteacontece.com.br\/?p=6152","og_site_name":"Sudoesteacontece","article_publisher":"https:\/\/www.facebook.com\/sudoesteacontece\/?locale=pt_BR","article_published_time":"2026-01-15T14:15:00+00:00","article_modified_time":"2026-01-15T14:15:08+00:00","og_image":[{"width":900,"height":600,"url":"https:\/\/sudoesteacontece.com.br\/wp-content\/uploads\/2026\/01\/ex-prefeito-de-Xique-Xique-Reinaldinho-Braga.jpg","type":"image\/jpeg"}],"author":"Reda\u00e7\u00e3o","twitter_card":"summary_large_image","twitter_misc":{"Escrito por":"Reda\u00e7\u00e3o","Est. tempo de leitura":"2 minutos"},"schema":{"@context":"https:\/\/schema.org","@graph":[{"@type":"Article","@id":"https:\/\/sudoesteacontece.com.br\/?p=6152#article","isPartOf":{"@id":"https:\/\/sudoesteacontece.com.br\/?p=6152"},"author":{"name":"Reda\u00e7\u00e3o","@id":"https:\/\/sudoesteacontece.com.br\/#\/schema\/person\/a4f22429c1d0923ef8f7d43343f8dc38"},"headline":"Reinaldinho acusa PT de descartar aliados e cita L\u00eddice e Jo\u00e3o Le\u00e3o como exemplos","datePublished":"2026-01-15T14:15:00+00:00","dateModified":"2026-01-15T14:15:08+00:00","mainEntityOfPage":{"@id":"https:\/\/sudoesteacontece.com.br\/?p=6152"},"wordCount":301,"commentCount":0,"publisher":{"@id":"https:\/\/sudoesteacontece.com.br\/#organization"},"image":{"@id":"https:\/\/sudoesteacontece.com.br\/?p=6152#primaryimage"},"thumbnailUrl":"https:\/\/sudoesteacontece.com.br\/wp-content\/uploads\/2026\/01\/ex-prefeito-de-Xique-Xique-Reinaldinho-Braga.jpg","articleSection":["Bahia","Elei\u00e7\u00f5es 2026","Pol\u00edtica"],"inLanguage":"pt-BR","potentialAction":[{"@type":"CommentAction","name":"Comment","target":["https:\/\/sudoesteacontece.com.br\/?p=6152#respond"]}]},{"@type":"WebPage","@id":"https:\/\/sudoesteacontece.com.br\/?p=6152","url":"https:\/\/sudoesteacontece.com.br\/?p=6152","name":"Reinaldinho acusa PT de descartar aliados e cita L\u00eddice e Jo\u00e3o Le\u00e3o como exemplos - Sudoesteacontece","isPartOf":{"@id":"https:\/\/sudoesteacontece.com.br\/#website"},"primaryImageOfPage":{"@id":"https:\/\/sudoesteacontece.com.br\/?p=6152#primaryimage"},"image":{"@id":"https:\/\/sudoesteacontece.com.br\/?p=6152#primaryimage"},"thumbnailUrl":"https:\/\/sudoesteacontece.com.br\/wp-content\/uploads\/2026\/01\/ex-prefeito-de-Xique-Xique-Reinaldinho-Braga.jpg","datePublished":"2026-01-15T14:15:00+00:00","dateModified":"2026-01-15T14:15:08+00:00","breadcrumb":{"@id":"https:\/\/sudoesteacontece.com.br\/?p=6152#breadcrumb"},"inLanguage":"pt-BR","potentialAction":[{"@type":"ReadAction","target":["https:\/\/sudoesteacontece.com.br\/?p=6152"]}]},{"@type":"ImageObject","inLanguage":"pt-BR","@id":"https:\/\/sudoesteacontece.com.br\/?p=6152#primaryimage","url":"https:\/\/sudoesteacontece.com.br\/wp-content\/uploads\/2026\/01\/ex-prefeito-de-Xique-Xique-Reinaldinho-Braga.jpg","contentUrl":"https:\/\/sudoesteacontece.com.br\/wp-content\/uploads\/2026\/01\/ex-prefeito-de-Xique-Xique-Reinaldinho-Braga.jpg","width":900,"height":600},{"@type":"BreadcrumbList","@id":"https:\/\/sudoesteacontece.com.br\/?p=6152#breadcrumb","itemListElement":[{"@type":"ListItem","position":1,"name":"In\u00edcio","item":"https:\/\/sudoesteacontece.com.br\/"},{"@type":"ListItem","position":2,"name":"Reinaldinho acusa PT de descartar aliados e cita L\u00eddice e Jo\u00e3o Le\u00e3o como exemplos"}]},{"@type":"WebSite","@id":"https:\/\/sudoesteacontece.com.br\/#website","url":"https:\/\/sudoesteacontece.com.br\/","name":"Sudoesteacontece","description":"","publisher":{"@id":"https:\/\/sudoesteacontece.com.br\/#organization"},"potentialAction":[{"@type":"SearchAction","target":{"@type":"EntryPoint","urlTemplate":"https:\/\/sudoesteacontece.com.br\/?s={search_term_string}"},"query-input":{"@type":"PropertyValueSpecification","valueRequired":true,"valueName":"search_term_string"}}],"inLanguage":"pt-BR"},{"@type":"Organization","@id":"https:\/\/sudoesteacontece.com.br\/#organization","name":"Sudoesteacontece","url":"https:\/\/sudoesteacontece.com.br\/","logo":{"@type":"ImageObject","inLanguage":"pt-BR","@id":"https:\/\/sudoesteacontece.com.br\/#\/schema\/logo\/image\/","url":"https:\/\/sudoesteacontece.com.br\/wp-content\/uploads\/2025\/12\/cropped-logo-2-180x180-1.png","contentUrl":"https:\/\/sudoesteacontece.com.br\/wp-content\/uploads\/2025\/12\/cropped-logo-2-180x180-1.png","width":180,"height":180,"caption":"Sudoesteacontece"},"image":{"@id":"https:\/\/sudoesteacontece.com.br\/#\/schema\/logo\/image\/"},"sameAs":["https:\/\/www.facebook.com\/sudoesteacontece\/?locale=pt_BR"]},{"@type":"Person","@id":"https:\/\/sudoesteacontece.com.br\/#\/schema\/person\/a4f22429c1d0923ef8f7d43343f8dc38","name":"Reda\u00e7\u00e3o","image":{"@type":"ImageObject","inLanguage":"pt-BR","@id":"https:\/\/sudoesteacontece.com.br\/#\/schema\/person\/image\/","url":"https:\/\/secure.gravatar.com\/avatar\/c3a5b3c93f268a709c25a2df414c629a96fb3b1b4bf97a94fb3f72e54ae76903?s=96&d=mm&r=g","contentUrl":"https:\/\/secure.gravatar.com\/avatar\/c3a5b3c93f268a709c25a2df414c629a96fb3b1b4bf97a94fb3f72e54ae76903?s=96&d=mm&r=g","caption":"Reda\u00e7\u00e3o"},"url":"https:\/\/sudoesteacontece.com.br\/?author=4"}]}},"_links":{"self":[{"href":"https:\/\/sudoesteacontece.com.br\/index.php?rest_route=\/wp\/v2\/posts\/6152","targetHints":{"allow":["GET"]}}],"collection":[{"href":"https:\/\/sudoesteacontece.com.br\/index.php?rest_route=\/wp\/v2\/posts"}],"about":[{"href":"https:\/\/sudoesteacontece.com.br\/index.php?rest_route=\/wp\/v2\/types\/post"}],"author":[{"embeddable":true,"href":"https:\/\/sudoesteacontece.com.br\/index.php?rest_route=\/wp\/v2\/users\/4"}],"replies":[{"embeddable":true,"href":"https:\/\/sudoesteacontece.com.br\/index.php?rest_route=%2Fwp%2Fv2%2Fcomments&post=6152"}],"version-history":[{"count":0,"href":"https:\/\/sudoesteacontece.com.br\/index.php?rest_route=\/wp\/v2\/posts\/6152\/revisions"}],"wp:featuredmedia":[{"embeddable":true,"href":"https:\/\/sudoesteacontece.com.br\/index.php?rest_route=\/wp\/v2\/media\/6198"}],"wp:attachment":[{"href":"https:\/\/sudoesteacontece.com.br\/index.php?rest_route=%2Fwp%2Fv2%2Fmedia&parent=6152"}],"wp:term":[{"taxonomy":"category","embeddable":true,"href":"https:\/\/sudoesteacontece.com.br\/index.php?rest_route=%2Fwp%2Fv2%2Fcategories&post=6152"},{"taxonomy":"post_tag","embeddable":true,"href":"https:\/\/sudoesteacontece.com.br\/index.php?rest_route=%2Fwp%2Fv2%2Ftags&post=6152"}],"curies":[{"name":"wp","href":"https:\/\/api.w.org\/{rel}","templated":true}]}}