{"id":6154,"date":"2026-01-15T11:25:54","date_gmt":"2026-01-15T14:25:54","guid":{"rendered":"https:\/\/sudoesteacontece.com.br\/?p=6154"},"modified":"2026-01-15T11:26:00","modified_gmt":"2026-01-15T14:26:00","slug":"operacao-em-caetite-apreende-drogas-balancas-e-motos-e-leva-dois-homens-a-delegacia","status":"publish","type":"post","link":"https:\/\/sudoesteacontece.com.br\/?p=6154","title":{"rendered":"Opera\u00e7\u00e3o em Caetit\u00e9 apreende drogas, balan\u00e7as e motos e leva dois homens \u00e0 delegacia"},"content":{"rendered":"<div class=\"wp-block-image\">\n<figure class=\"aligncenter size-full\"><img fetchpriority=\"high\" decoding=\"async\" width=\"900\" height=\"600\" src=\"http:\/\/sudoesteacontece.com.br\/wp-content\/uploads\/2026\/01\/PM-MP-e-Prefeitura-alinham-plano-de-seguranca-para-o-Carnaval-de-Rio-de-Contas-1.jpg\" alt=\"\" class=\"wp-image-6202\" srcset=\"https:\/\/sudoesteacontece.com.br\/wp-content\/uploads\/2026\/01\/PM-MP-e-Prefeitura-alinham-plano-de-seguranca-para-o-Carnaval-de-Rio-de-Contas-1.jpg 900w, https:\/\/sudoesteacontece.com.br\/wp-content\/uploads\/2026\/01\/PM-MP-e-Prefeitura-alinham-plano-de-seguranca-para-o-Carnaval-de-Rio-de-Contas-1-300x200.jpg 300w, https:\/\/sudoesteacontece.com.br\/wp-content\/uploads\/2026\/01\/PM-MP-e-Prefeitura-alinham-plano-de-seguranca-para-o-Carnaval-de-Rio-de-Contas-1-768x512.jpg 768w\" sizes=\"(max-width: 900px) 100vw, 900px\" \/><\/figure>\n<\/div>\n\n\n<p>Opera\u00e7\u00e3o policial realizada na tarde desta quarta-feira (14) apreendeu drogas, balan\u00e7as de precis\u00e3o, celulares e motocicletas em Caetit\u00e9, no sudoeste da Bahia. A a\u00e7\u00e3o ocorreu no bairro Buenos Aires ap\u00f3s informa\u00e7\u00f5es indicarem a atua\u00e7\u00e3o de suspeitos ligados ao tr\u00e1fico. Dois homens foram conduzidos \u00e0 delegacia para os procedimentos legais.<\/p>\n\n\n\n<p>Durante as dilig\u00eancias, policiais localizaram um dos suspeitos e encontraram com ele por\u00e7\u00f5es de subst\u00e2ncia an\u00e1loga \u00e0 maconha. A partir da abordagem, a equipe ampliou as buscas e chegou a um im\u00f3vel apontado nas investiga\u00e7\u00f5es. No local, foram apreendidas mais drogas, incluindo maconha e material em p\u00f3 semelhante \u00e0 coca\u00edna.<\/p>\n\n\n\n<p>Na resid\u00eancia, os agentes tamb\u00e9m encontraram balan\u00e7as de precis\u00e3o, embalagens usadas para acondicionar entorpecentes e aparelhos celulares. As a\u00e7\u00f5es se estenderam a outros endere\u00e7os ligados aos investigados, refor\u00e7ando os ind\u00edcios de atua\u00e7\u00e3o organizada no com\u00e9rcio ilegal de drogas na regi\u00e3o.<\/p>\n\n\n\n<p>Em outro ponto, a pol\u00edcia localizou motocicletas, novos celulares e materiais associados ao tr\u00e1fico. Um segundo suspeito tentou fugir ao perceber a presen\u00e7a das equipes, mas foi contido. No im\u00f3vel, foram apreendidos tabletes e trouxinhas de maconha, al\u00e9m de mais uma balan\u00e7a de precis\u00e3o.<\/p>\n\n\n\n<p>Com base no conjunto de provas, os dois homens foram apresentados na Delegacia Territorial de Caetit\u00e9, onde permanecem \u00e0 disposi\u00e7\u00e3o da autoridade policial. A opera\u00e7\u00e3o foi conduzida por equipes da Pol\u00edcia Militar e integra a\u00e7\u00f5es cont\u00ednuas de enfrentamento ao tr\u00e1fico de drogas no munic\u00edpio.<\/p>\n","protected":false},"excerpt":{"rendered":"<p>Opera\u00e7\u00e3o policial realizada na tarde desta quarta-feira (14) apreendeu drogas, balan\u00e7as de precis\u00e3o, celulares e motocicletas em Caetit\u00e9, no sudoeste da Bahia. A a\u00e7\u00e3o ocorreu no bairro Buenos Aires ap\u00f3s informa\u00e7\u00f5es indicarem a atua\u00e7\u00e3o de suspeitos ligados ao tr\u00e1fico. Dois homens foram conduzidos \u00e0 delegacia para os procedimentos legais. Durante as dilig\u00eancias, policiais localizaram um dos suspeitos e encontraram com ele por\u00e7\u00f5es de subst\u00e2ncia an\u00e1loga \u00e0 maconha. A partir da abordagem, a equipe ampliou as buscas e chegou a um im\u00f3vel apontado nas investiga\u00e7\u00f5es. No local, foram apreendidas mais drogas, incluindo maconha e material em p\u00f3 semelhante \u00e0 coca\u00edna. Na resid\u00eancia, os agentes tamb\u00e9m encontraram balan\u00e7as de precis\u00e3o, embalagens usadas para acondicionar entorpecentes e aparelhos celulares. As a\u00e7\u00f5es se estenderam a outros endere\u00e7os ligados aos investigados, refor\u00e7ando os ind\u00edcios de atua\u00e7\u00e3o organizada no com\u00e9rcio ilegal de drogas na regi\u00e3o. Em outro ponto, a pol\u00edcia localizou motocicletas, novos celulares e materiais associados ao tr\u00e1fico. Um segundo suspeito tentou fugir ao perceber a presen\u00e7a das equipes, mas foi contido. No im\u00f3vel, foram apreendidos tabletes e trouxinhas de maconha, al\u00e9m de mais uma balan\u00e7a de precis\u00e3o. Com base no conjunto de provas, os dois homens foram apresentados na Delegacia Territorial de Caetit\u00e9, onde permanecem \u00e0 disposi\u00e7\u00e3o da autoridade policial. A opera\u00e7\u00e3o foi conduzida por equipes da Pol\u00edcia Militar e integra a\u00e7\u00f5es cont\u00ednuas de enfrentamento ao tr\u00e1fico de drogas no munic\u00edpio.<\/p>\n","protected":false},"author":4,"featured_media":6202,"comment_status":"open","ping_status":"open","sticky":false,"template":"","format":"standard","meta":{"footnotes":""},"categories":[49,3],"tags":[],"class_list":["post-6154","post","type-post","status-publish","format-standard","has-post-thumbnail","hentry","category-caetite","category-policia"],"yoast_head":"<!-- This site is optimized with the Yoast SEO plugin v26.5 - https:\/\/yoast.com\/wordpress\/plugins\/seo\/ -->\n<title>Opera\u00e7\u00e3o em Caetit\u00e9 apreende drogas, balan\u00e7as e motos e leva dois homens \u00e0 delegacia - Sudoesteacontece<\/title>\n<meta name=\"robots\" content=\"index, follow, max-snippet:-1, max-image-preview:large, max-video-preview:-1\" \/>\n<link rel=\"canonical\" href=\"https:\/\/sudoesteacontece.com.br\/?p=6154\" \/>\n<meta property=\"og:locale\" content=\"pt_BR\" \/>\n<meta property=\"og:type\" content=\"article\" \/>\n<meta property=\"og:title\" content=\"Opera\u00e7\u00e3o em Caetit\u00e9 apreende drogas, balan\u00e7as e motos e leva dois homens \u00e0 delegacia - Sudoesteacontece\" \/>\n<meta property=\"og:description\" content=\"Opera\u00e7\u00e3o policial realizada na tarde desta quarta-feira (14) apreendeu drogas, balan\u00e7as de precis\u00e3o, celulares e motocicletas em Caetit\u00e9, no sudoeste da Bahia. A a\u00e7\u00e3o ocorreu no bairro Buenos Aires ap\u00f3s informa\u00e7\u00f5es indicarem a atua\u00e7\u00e3o de suspeitos ligados ao tr\u00e1fico. Dois homens foram conduzidos \u00e0 delegacia para os procedimentos legais. Durante as dilig\u00eancias, policiais localizaram um dos suspeitos e encontraram com ele por\u00e7\u00f5es de subst\u00e2ncia an\u00e1loga \u00e0 maconha. A partir da abordagem, a equipe ampliou as buscas e chegou a um im\u00f3vel apontado nas investiga\u00e7\u00f5es. No local, foram apreendidas mais drogas, incluindo maconha e material em p\u00f3 semelhante \u00e0 coca\u00edna. Na resid\u00eancia, os agentes tamb\u00e9m encontraram balan\u00e7as de precis\u00e3o, embalagens usadas para acondicionar entorpecentes e aparelhos celulares. As a\u00e7\u00f5es se estenderam a outros endere\u00e7os ligados aos investigados, refor\u00e7ando os ind\u00edcios de atua\u00e7\u00e3o organizada no com\u00e9rcio ilegal de drogas na regi\u00e3o. Em outro ponto, a pol\u00edcia localizou motocicletas, novos celulares e materiais associados ao tr\u00e1fico. Um segundo suspeito tentou fugir ao perceber a presen\u00e7a das equipes, mas foi contido. No im\u00f3vel, foram apreendidos tabletes e trouxinhas de maconha, al\u00e9m de mais uma balan\u00e7a de precis\u00e3o. Com base no conjunto de provas, os dois homens foram apresentados na Delegacia Territorial de Caetit\u00e9, onde permanecem \u00e0 disposi\u00e7\u00e3o da autoridade policial. A opera\u00e7\u00e3o foi conduzida por equipes da Pol\u00edcia Militar e integra a\u00e7\u00f5es cont\u00ednuas de enfrentamento ao tr\u00e1fico de drogas no munic\u00edpio.\" \/>\n<meta property=\"og:url\" content=\"https:\/\/sudoesteacontece.com.br\/?p=6154\" \/>\n<meta property=\"og:site_name\" content=\"Sudoesteacontece\" \/>\n<meta property=\"article:publisher\" content=\"https:\/\/www.facebook.com\/sudoesteacontece\/?locale=pt_BR\" \/>\n<meta property=\"article:published_time\" content=\"2026-01-15T14:25:54+00:00\" \/>\n<meta property=\"article:modified_time\" content=\"2026-01-15T14:26:00+00:00\" \/>\n<meta property=\"og:image\" content=\"https:\/\/sudoesteacontece.com.br\/wp-content\/uploads\/2026\/01\/PM-MP-e-Prefeitura-alinham-plano-de-seguranca-para-o-Carnaval-de-Rio-de-Contas-1.jpg\" \/>\n\t<meta property=\"og:image:width\" content=\"900\" \/>\n\t<meta property=\"og:image:height\" content=\"600\" \/>\n\t<meta property=\"og:image:type\" content=\"image\/jpeg\" \/>\n<meta name=\"author\" content=\"Reda\u00e7\u00e3o\" \/>\n<meta name=\"twitter:card\" content=\"summary_large_image\" \/>\n<meta name=\"twitter:label1\" content=\"Escrito por\" \/>\n\t<meta name=\"twitter:data1\" content=\"Reda\u00e7\u00e3o\" \/>\n\t<meta name=\"twitter:label2\" content=\"Est. tempo de leitura\" \/>\n\t<meta name=\"twitter:data2\" content=\"2 minutos\" \/>\n<script type=\"application\/ld+json\" class=\"yoast-schema-graph\">{\"@context\":\"https:\/\/schema.org\",\"@graph\":[{\"@type\":\"Article\",\"@id\":\"https:\/\/sudoesteacontece.com.br\/?p=6154#article\",\"isPartOf\":{\"@id\":\"https:\/\/sudoesteacontece.com.br\/?p=6154\"},\"author\":{\"name\":\"Reda\u00e7\u00e3o\",\"@id\":\"https:\/\/sudoesteacontece.com.br\/#\/schema\/person\/a4f22429c1d0923ef8f7d43343f8dc38\"},\"headline\":\"Opera\u00e7\u00e3o em Caetit\u00e9 apreende drogas, balan\u00e7as e motos e leva dois homens \u00e0 delegacia\",\"datePublished\":\"2026-01-15T14:25:54+00:00\",\"dateModified\":\"2026-01-15T14:26:00+00:00\",\"mainEntityOfPage\":{\"@id\":\"https:\/\/sudoesteacontece.com.br\/?p=6154\"},\"wordCount\":277,\"commentCount\":0,\"publisher\":{\"@id\":\"https:\/\/sudoesteacontece.com.br\/#organization\"},\"image\":{\"@id\":\"https:\/\/sudoesteacontece.com.br\/?p=6154#primaryimage\"},\"thumbnailUrl\":\"https:\/\/sudoesteacontece.com.br\/wp-content\/uploads\/2026\/01\/PM-MP-e-Prefeitura-alinham-plano-de-seguranca-para-o-Carnaval-de-Rio-de-Contas-1.jpg\",\"articleSection\":[\"Caetit\u00e9\",\"Pol\u00edcia\"],\"inLanguage\":\"pt-BR\",\"potentialAction\":[{\"@type\":\"CommentAction\",\"name\":\"Comment\",\"target\":[\"https:\/\/sudoesteacontece.com.br\/?p=6154#respond\"]}]},{\"@type\":\"WebPage\",\"@id\":\"https:\/\/sudoesteacontece.com.br\/?p=6154\",\"url\":\"https:\/\/sudoesteacontece.com.br\/?p=6154\",\"name\":\"Opera\u00e7\u00e3o em Caetit\u00e9 apreende drogas, balan\u00e7as e motos e leva dois homens \u00e0 delegacia - Sudoesteacontece\",\"isPartOf\":{\"@id\":\"https:\/\/sudoesteacontece.com.br\/#website\"},\"primaryImageOfPage\":{\"@id\":\"https:\/\/sudoesteacontece.com.br\/?p=6154#primaryimage\"},\"image\":{\"@id\":\"https:\/\/sudoesteacontece.com.br\/?p=6154#primaryimage\"},\"thumbnailUrl\":\"https:\/\/sudoesteacontece.com.br\/wp-content\/uploads\/2026\/01\/PM-MP-e-Prefeitura-alinham-plano-de-seguranca-para-o-Carnaval-de-Rio-de-Contas-1.jpg\",\"datePublished\":\"2026-01-15T14:25:54+00:00\",\"dateModified\":\"2026-01-15T14:26:00+00:00\",\"breadcrumb\":{\"@id\":\"https:\/\/sudoesteacontece.com.br\/?p=6154#breadcrumb\"},\"inLanguage\":\"pt-BR\",\"potentialAction\":[{\"@type\":\"ReadAction\",\"target\":[\"https:\/\/sudoesteacontece.com.br\/?p=6154\"]}]},{\"@type\":\"ImageObject\",\"inLanguage\":\"pt-BR\",\"@id\":\"https:\/\/sudoesteacontece.com.br\/?p=6154#primaryimage\",\"url\":\"https:\/\/sudoesteacontece.com.br\/wp-content\/uploads\/2026\/01\/PM-MP-e-Prefeitura-alinham-plano-de-seguranca-para-o-Carnaval-de-Rio-de-Contas-1.jpg\",\"contentUrl\":\"https:\/\/sudoesteacontece.com.br\/wp-content\/uploads\/2026\/01\/PM-MP-e-Prefeitura-alinham-plano-de-seguranca-para-o-Carnaval-de-Rio-de-Contas-1.jpg\",\"width\":900,\"height\":600},{\"@type\":\"BreadcrumbList\",\"@id\":\"https:\/\/sudoesteacontece.com.br\/?p=6154#breadcrumb\",\"itemListElement\":[{\"@type\":\"ListItem\",\"position\":1,\"name\":\"In\u00edcio\",\"item\":\"https:\/\/sudoesteacontece.com.br\/\"},{\"@type\":\"ListItem\",\"position\":2,\"name\":\"Opera\u00e7\u00e3o em Caetit\u00e9 apreende drogas, balan\u00e7as e motos e leva dois homens \u00e0 delegacia\"}]},{\"@type\":\"WebSite\",\"@id\":\"https:\/\/sudoesteacontece.com.br\/#website\",\"url\":\"https:\/\/sudoesteacontece.com.br\/\",\"name\":\"Sudoesteacontece\",\"description\":\"\",\"publisher\":{\"@id\":\"https:\/\/sudoesteacontece.com.br\/#organization\"},\"potentialAction\":[{\"@type\":\"SearchAction\",\"target\":{\"@type\":\"EntryPoint\",\"urlTemplate\":\"https:\/\/sudoesteacontece.com.br\/?s={search_term_string}\"},\"query-input\":{\"@type\":\"PropertyValueSpecification\",\"valueRequired\":true,\"valueName\":\"search_term_string\"}}],\"inLanguage\":\"pt-BR\"},{\"@type\":\"Organization\",\"@id\":\"https:\/\/sudoesteacontece.com.br\/#organization\",\"name\":\"Sudoesteacontece\",\"url\":\"https:\/\/sudoesteacontece.com.br\/\",\"logo\":{\"@type\":\"ImageObject\",\"inLanguage\":\"pt-BR\",\"@id\":\"https:\/\/sudoesteacontece.com.br\/#\/schema\/logo\/image\/\",\"url\":\"https:\/\/sudoesteacontece.com.br\/wp-content\/uploads\/2025\/12\/cropped-logo-2-180x180-1.png\",\"contentUrl\":\"https:\/\/sudoesteacontece.com.br\/wp-content\/uploads\/2025\/12\/cropped-logo-2-180x180-1.png\",\"width\":180,\"height\":180,\"caption\":\"Sudoesteacontece\"},\"image\":{\"@id\":\"https:\/\/sudoesteacontece.com.br\/#\/schema\/logo\/image\/\"},\"sameAs\":[\"https:\/\/www.facebook.com\/sudoesteacontece\/?locale=pt_BR\"]},{\"@type\":\"Person\",\"@id\":\"https:\/\/sudoesteacontece.com.br\/#\/schema\/person\/a4f22429c1d0923ef8f7d43343f8dc38\",\"name\":\"Reda\u00e7\u00e3o\",\"image\":{\"@type\":\"ImageObject\",\"inLanguage\":\"pt-BR\",\"@id\":\"https:\/\/sudoesteacontece.com.br\/#\/schema\/person\/image\/\",\"url\":\"https:\/\/secure.gravatar.com\/avatar\/c3a5b3c93f268a709c25a2df414c629a96fb3b1b4bf97a94fb3f72e54ae76903?s=96&d=mm&r=g\",\"contentUrl\":\"https:\/\/secure.gravatar.com\/avatar\/c3a5b3c93f268a709c25a2df414c629a96fb3b1b4bf97a94fb3f72e54ae76903?s=96&d=mm&r=g\",\"caption\":\"Reda\u00e7\u00e3o\"},\"url\":\"https:\/\/sudoesteacontece.com.br\/?author=4\"}]}<\/script>\n<!-- \/ Yoast SEO plugin. -->","yoast_head_json":{"title":"Opera\u00e7\u00e3o em Caetit\u00e9 apreende drogas, balan\u00e7as e motos e leva dois homens \u00e0 delegacia - Sudoesteacontece","robots":{"index":"index","follow":"follow","max-snippet":"max-snippet:-1","max-image-preview":"max-image-preview:large","max-video-preview":"max-video-preview:-1"},"canonical":"https:\/\/sudoesteacontece.com.br\/?p=6154","og_locale":"pt_BR","og_type":"article","og_title":"Opera\u00e7\u00e3o em Caetit\u00e9 apreende drogas, balan\u00e7as e motos e leva dois homens \u00e0 delegacia - Sudoesteacontece","og_description":"Opera\u00e7\u00e3o policial realizada na tarde desta quarta-feira (14) apreendeu drogas, balan\u00e7as de precis\u00e3o, celulares e motocicletas em Caetit\u00e9, no sudoeste da Bahia. A a\u00e7\u00e3o ocorreu no bairro Buenos Aires ap\u00f3s informa\u00e7\u00f5es indicarem a atua\u00e7\u00e3o de suspeitos ligados ao tr\u00e1fico. Dois homens foram conduzidos \u00e0 delegacia para os procedimentos legais. Durante as dilig\u00eancias, policiais localizaram um dos suspeitos e encontraram com ele por\u00e7\u00f5es de subst\u00e2ncia an\u00e1loga \u00e0 maconha. A partir da abordagem, a equipe ampliou as buscas e chegou a um im\u00f3vel apontado nas investiga\u00e7\u00f5es. No local, foram apreendidas mais drogas, incluindo maconha e material em p\u00f3 semelhante \u00e0 coca\u00edna. Na resid\u00eancia, os agentes tamb\u00e9m encontraram balan\u00e7as de precis\u00e3o, embalagens usadas para acondicionar entorpecentes e aparelhos celulares. As a\u00e7\u00f5es se estenderam a outros endere\u00e7os ligados aos investigados, refor\u00e7ando os ind\u00edcios de atua\u00e7\u00e3o organizada no com\u00e9rcio ilegal de drogas na regi\u00e3o. Em outro ponto, a pol\u00edcia localizou motocicletas, novos celulares e materiais associados ao tr\u00e1fico. Um segundo suspeito tentou fugir ao perceber a presen\u00e7a das equipes, mas foi contido. No im\u00f3vel, foram apreendidos tabletes e trouxinhas de maconha, al\u00e9m de mais uma balan\u00e7a de precis\u00e3o. Com base no conjunto de provas, os dois homens foram apresentados na Delegacia Territorial de Caetit\u00e9, onde permanecem \u00e0 disposi\u00e7\u00e3o da autoridade policial. A opera\u00e7\u00e3o foi conduzida por equipes da Pol\u00edcia Militar e integra a\u00e7\u00f5es cont\u00ednuas de enfrentamento ao tr\u00e1fico de drogas no munic\u00edpio.","og_url":"https:\/\/sudoesteacontece.com.br\/?p=6154","og_site_name":"Sudoesteacontece","article_publisher":"https:\/\/www.facebook.com\/sudoesteacontece\/?locale=pt_BR","article_published_time":"2026-01-15T14:25:54+00:00","article_modified_time":"2026-01-15T14:26:00+00:00","og_image":[{"width":900,"height":600,"url":"https:\/\/sudoesteacontece.com.br\/wp-content\/uploads\/2026\/01\/PM-MP-e-Prefeitura-alinham-plano-de-seguranca-para-o-Carnaval-de-Rio-de-Contas-1.jpg","type":"image\/jpeg"}],"author":"Reda\u00e7\u00e3o","twitter_card":"summary_large_image","twitter_misc":{"Escrito por":"Reda\u00e7\u00e3o","Est. tempo de leitura":"2 minutos"},"schema":{"@context":"https:\/\/schema.org","@graph":[{"@type":"Article","@id":"https:\/\/sudoesteacontece.com.br\/?p=6154#article","isPartOf":{"@id":"https:\/\/sudoesteacontece.com.br\/?p=6154"},"author":{"name":"Reda\u00e7\u00e3o","@id":"https:\/\/sudoesteacontece.com.br\/#\/schema\/person\/a4f22429c1d0923ef8f7d43343f8dc38"},"headline":"Opera\u00e7\u00e3o em Caetit\u00e9 apreende drogas, balan\u00e7as e motos e leva dois homens \u00e0 delegacia","datePublished":"2026-01-15T14:25:54+00:00","dateModified":"2026-01-15T14:26:00+00:00","mainEntityOfPage":{"@id":"https:\/\/sudoesteacontece.com.br\/?p=6154"},"wordCount":277,"commentCount":0,"publisher":{"@id":"https:\/\/sudoesteacontece.com.br\/#organization"},"image":{"@id":"https:\/\/sudoesteacontece.com.br\/?p=6154#primaryimage"},"thumbnailUrl":"https:\/\/sudoesteacontece.com.br\/wp-content\/uploads\/2026\/01\/PM-MP-e-Prefeitura-alinham-plano-de-seguranca-para-o-Carnaval-de-Rio-de-Contas-1.jpg","articleSection":["Caetit\u00e9","Pol\u00edcia"],"inLanguage":"pt-BR","potentialAction":[{"@type":"CommentAction","name":"Comment","target":["https:\/\/sudoesteacontece.com.br\/?p=6154#respond"]}]},{"@type":"WebPage","@id":"https:\/\/sudoesteacontece.com.br\/?p=6154","url":"https:\/\/sudoesteacontece.com.br\/?p=6154","name":"Opera\u00e7\u00e3o em Caetit\u00e9 apreende drogas, balan\u00e7as e motos e leva dois homens \u00e0 delegacia - Sudoesteacontece","isPartOf":{"@id":"https:\/\/sudoesteacontece.com.br\/#website"},"primaryImageOfPage":{"@id":"https:\/\/sudoesteacontece.com.br\/?p=6154#primaryimage"},"image":{"@id":"https:\/\/sudoesteacontece.com.br\/?p=6154#primaryimage"},"thumbnailUrl":"https:\/\/sudoesteacontece.com.br\/wp-content\/uploads\/2026\/01\/PM-MP-e-Prefeitura-alinham-plano-de-seguranca-para-o-Carnaval-de-Rio-de-Contas-1.jpg","datePublished":"2026-01-15T14:25:54+00:00","dateModified":"2026-01-15T14:26:00+00:00","breadcrumb":{"@id":"https:\/\/sudoesteacontece.com.br\/?p=6154#breadcrumb"},"inLanguage":"pt-BR","potentialAction":[{"@type":"ReadAction","target":["https:\/\/sudoesteacontece.com.br\/?p=6154"]}]},{"@type":"ImageObject","inLanguage":"pt-BR","@id":"https:\/\/sudoesteacontece.com.br\/?p=6154#primaryimage","url":"https:\/\/sudoesteacontece.com.br\/wp-content\/uploads\/2026\/01\/PM-MP-e-Prefeitura-alinham-plano-de-seguranca-para-o-Carnaval-de-Rio-de-Contas-1.jpg","contentUrl":"https:\/\/sudoesteacontece.com.br\/wp-content\/uploads\/2026\/01\/PM-MP-e-Prefeitura-alinham-plano-de-seguranca-para-o-Carnaval-de-Rio-de-Contas-1.jpg","width":900,"height":600},{"@type":"BreadcrumbList","@id":"https:\/\/sudoesteacontece.com.br\/?p=6154#breadcrumb","itemListElement":[{"@type":"ListItem","position":1,"name":"In\u00edcio","item":"https:\/\/sudoesteacontece.com.br\/"},{"@type":"ListItem","position":2,"name":"Opera\u00e7\u00e3o em Caetit\u00e9 apreende drogas, balan\u00e7as e motos e leva dois homens \u00e0 delegacia"}]},{"@type":"WebSite","@id":"https:\/\/sudoesteacontece.com.br\/#website","url":"https:\/\/sudoesteacontece.com.br\/","name":"Sudoesteacontece","description":"","publisher":{"@id":"https:\/\/sudoesteacontece.com.br\/#organization"},"potentialAction":[{"@type":"SearchAction","target":{"@type":"EntryPoint","urlTemplate":"https:\/\/sudoesteacontece.com.br\/?s={search_term_string}"},"query-input":{"@type":"PropertyValueSpecification","valueRequired":true,"valueName":"search_term_string"}}],"inLanguage":"pt-BR"},{"@type":"Organization","@id":"https:\/\/sudoesteacontece.com.br\/#organization","name":"Sudoesteacontece","url":"https:\/\/sudoesteacontece.com.br\/","logo":{"@type":"ImageObject","inLanguage":"pt-BR","@id":"https:\/\/sudoesteacontece.com.br\/#\/schema\/logo\/image\/","url":"https:\/\/sudoesteacontece.com.br\/wp-content\/uploads\/2025\/12\/cropped-logo-2-180x180-1.png","contentUrl":"https:\/\/sudoesteacontece.com.br\/wp-content\/uploads\/2025\/12\/cropped-logo-2-180x180-1.png","width":180,"height":180,"caption":"Sudoesteacontece"},"image":{"@id":"https:\/\/sudoesteacontece.com.br\/#\/schema\/logo\/image\/"},"sameAs":["https:\/\/www.facebook.com\/sudoesteacontece\/?locale=pt_BR"]},{"@type":"Person","@id":"https:\/\/sudoesteacontece.com.br\/#\/schema\/person\/a4f22429c1d0923ef8f7d43343f8dc38","name":"Reda\u00e7\u00e3o","image":{"@type":"ImageObject","inLanguage":"pt-BR","@id":"https:\/\/sudoesteacontece.com.br\/#\/schema\/person\/image\/","url":"https:\/\/secure.gravatar.com\/avatar\/c3a5b3c93f268a709c25a2df414c629a96fb3b1b4bf97a94fb3f72e54ae76903?s=96&d=mm&r=g","contentUrl":"https:\/\/secure.gravatar.com\/avatar\/c3a5b3c93f268a709c25a2df414c629a96fb3b1b4bf97a94fb3f72e54ae76903?s=96&d=mm&r=g","caption":"Reda\u00e7\u00e3o"},"url":"https:\/\/sudoesteacontece.com.br\/?author=4"}]}},"_links":{"self":[{"href":"https:\/\/sudoesteacontece.com.br\/index.php?rest_route=\/wp\/v2\/posts\/6154","targetHints":{"allow":["GET"]}}],"collection":[{"href":"https:\/\/sudoesteacontece.com.br\/index.php?rest_route=\/wp\/v2\/posts"}],"about":[{"href":"https:\/\/sudoesteacontece.com.br\/index.php?rest_route=\/wp\/v2\/types\/post"}],"author":[{"embeddable":true,"href":"https:\/\/sudoesteacontece.com.br\/index.php?rest_route=\/wp\/v2\/users\/4"}],"replies":[{"embeddable":true,"href":"https:\/\/sudoesteacontece.com.br\/index.php?rest_route=%2Fwp%2Fv2%2Fcomments&post=6154"}],"version-history":[{"count":0,"href":"https:\/\/sudoesteacontece.com.br\/index.php?rest_route=\/wp\/v2\/posts\/6154\/revisions"}],"wp:featuredmedia":[{"embeddable":true,"href":"https:\/\/sudoesteacontece.com.br\/index.php?rest_route=\/wp\/v2\/media\/6202"}],"wp:attachment":[{"href":"https:\/\/sudoesteacontece.com.br\/index.php?rest_route=%2Fwp%2Fv2%2Fmedia&parent=6154"}],"wp:term":[{"taxonomy":"category","embeddable":true,"href":"https:\/\/sudoesteacontece.com.br\/index.php?rest_route=%2Fwp%2Fv2%2Fcategories&post=6154"},{"taxonomy":"post_tag","embeddable":true,"href":"https:\/\/sudoesteacontece.com.br\/index.php?rest_route=%2Fwp%2Fv2%2Ftags&post=6154"}],"curies":[{"name":"wp","href":"https:\/\/api.w.org\/{rel}","templated":true}]}}