{"id":6155,"date":"2026-01-15T11:26:35","date_gmt":"2026-01-15T14:26:35","guid":{"rendered":"https:\/\/sudoesteacontece.com.br\/?p=6155"},"modified":"2026-01-15T11:26:41","modified_gmt":"2026-01-15T14:26:41","slug":"jeronimo-afirma-que-negociacoes-da-chapa-continuam-e-cita-diego-coronel-como-mediador","status":"publish","type":"post","link":"https:\/\/sudoesteacontece.com.br\/?p=6155","title":{"rendered":"Jer\u00f4nimo afirma que negocia\u00e7\u00f5es da chapa continuam e cita Diego Coronel como mediador"},"content":{"rendered":"<div class=\"wp-block-image\">\n<figure class=\"aligncenter size-full\"><img fetchpriority=\"high\" decoding=\"async\" width=\"900\" height=\"600\" src=\"http:\/\/sudoesteacontece.com.br\/wp-content\/uploads\/2026\/01\/Jeronimo-afirma-que-negociacoes-da-chapa-continuam-e-cita-Diego-Coronel-como-mediador.jpg\" alt=\"\" class=\"wp-image-6203\" srcset=\"https:\/\/sudoesteacontece.com.br\/wp-content\/uploads\/2026\/01\/Jeronimo-afirma-que-negociacoes-da-chapa-continuam-e-cita-Diego-Coronel-como-mediador.jpg 900w, https:\/\/sudoesteacontece.com.br\/wp-content\/uploads\/2026\/01\/Jeronimo-afirma-que-negociacoes-da-chapa-continuam-e-cita-Diego-Coronel-como-mediador-300x200.jpg 300w, https:\/\/sudoesteacontece.com.br\/wp-content\/uploads\/2026\/01\/Jeronimo-afirma-que-negociacoes-da-chapa-continuam-e-cita-Diego-Coronel-como-mediador-768x512.jpg 768w\" sizes=\"(max-width: 900px) 100vw, 900px\" \/><\/figure>\n<\/div>\n\n\n<p>Durante a Lavagem do Bonfim, nesta quinta-feira (15), o governador Jer\u00f4nimo Rodrigues disse que as negocia\u00e7\u00f5es sobre a chapa majorit\u00e1ria de 2026 seguem em andamento. Em entrevista \u00e0 imprensa, ele afirmou que o di\u00e1logo permanece ativo, apesar das tens\u00f5es internas na base aliada.<\/p>\n\n\n\n<p>Ao comentar o cen\u00e1rio pol\u00edtico, Jer\u00f4nimo destacou a participa\u00e7\u00e3o do senador Angelo Coronel nas conversas. Segundo o governador, o parlamentar segue no centro das articula\u00e7\u00f5es e conta com a media\u00e7\u00e3o do filho, o deputado federal Diego Coronel, para conduzir di\u00e1logos mais delicados.<\/p>\n\n\n\n<p>Segundo Jer\u00f4nimo, Diego tem atuado para reduzir conflitos e evitar ru\u00eddos pol\u00edticos. Ele afirmou que situa\u00e7\u00f5es de tens\u00e3o s\u00e3o amplificadas fora do ambiente real das negocia\u00e7\u00f5es. \u201cO senador n\u00e3o saiu da conversa. Diego ajuda a mediar quando o clima fica mais tenso\u201d, declarou.<\/p>\n\n\n\n<p>Para o governador, o momento exige cautela e maturidade entre os partidos aliados. Ele disse que o objetivo \u00e9 construir uma solu\u00e7\u00e3o consensual, sem impor decis\u00f5es ou gerar desgaste interno. A prioridade, segundo ele, \u00e9 n\u00e3o ferir acordos partid\u00e1rios j\u00e1 existentes.<\/p>\n\n\n\n<p>Ainda durante a entrevista, Jer\u00f4nimo voltou a elogiar o perfil conciliador de Diego Coronel. Ele afirmou que o deputado tem facilidade no di\u00e1logo e contribui para manter o ambiente pol\u00edtico est\u00e1vel, ao lado da lideran\u00e7a do senador Otto Alencar dentro do PSD.<\/p>\n\n\n\n<p>Ao final, Jer\u00f4nimo refor\u00e7ou que a meta do grupo \u00e9 preservar a unidade e fortalecer a base aliada. Segundo ele, novas agendas p\u00fablicas devem ocorrer nos pr\u00f3ximos dias como sinal de continuidade das conversas e do esfor\u00e7o para manter a coes\u00e3o pol\u00edtica.<\/p>\n","protected":false},"excerpt":{"rendered":"<p>Durante a Lavagem do Bonfim, nesta quinta-feira (15), o governador Jer\u00f4nimo Rodrigues disse que as negocia\u00e7\u00f5es sobre a chapa majorit\u00e1ria de 2026 seguem em andamento. Em entrevista \u00e0 imprensa, ele afirmou que o di\u00e1logo permanece ativo, apesar das tens\u00f5es internas na base aliada. Ao comentar o cen\u00e1rio pol\u00edtico, Jer\u00f4nimo destacou a participa\u00e7\u00e3o do senador Angelo Coronel nas conversas. Segundo o governador, o parlamentar segue no centro das articula\u00e7\u00f5es e conta com a media\u00e7\u00e3o do filho, o deputado federal Diego Coronel, para conduzir di\u00e1logos mais delicados. Segundo Jer\u00f4nimo, Diego tem atuado para reduzir conflitos e evitar ru\u00eddos pol\u00edticos. Ele afirmou que situa\u00e7\u00f5es de tens\u00e3o s\u00e3o amplificadas fora do ambiente real das negocia\u00e7\u00f5es. \u201cO senador n\u00e3o saiu da conversa. Diego ajuda a mediar quando o clima fica mais tenso\u201d, declarou. Para o governador, o momento exige cautela e maturidade entre os partidos aliados. Ele disse que o objetivo \u00e9 construir uma solu\u00e7\u00e3o consensual, sem impor decis\u00f5es ou gerar desgaste interno. A prioridade, segundo ele, \u00e9 n\u00e3o ferir acordos partid\u00e1rios j\u00e1 existentes. Ainda durante a entrevista, Jer\u00f4nimo voltou a elogiar o perfil conciliador de Diego Coronel. Ele afirmou que o deputado tem facilidade no di\u00e1logo e contribui para manter o ambiente pol\u00edtico est\u00e1vel, ao lado da lideran\u00e7a do senador Otto Alencar dentro do PSD. Ao final, Jer\u00f4nimo refor\u00e7ou que a meta do grupo \u00e9 preservar a unidade e fortalecer a base aliada. Segundo ele, novas agendas p\u00fablicas devem ocorrer nos pr\u00f3ximos dias como sinal de continuidade das conversas e do esfor\u00e7o para manter a coes\u00e3o pol\u00edtica.<\/p>\n","protected":false},"author":4,"featured_media":6203,"comment_status":"open","ping_status":"open","sticky":false,"template":"","format":"standard","meta":{"footnotes":""},"categories":[7,58,6],"tags":[],"class_list":["post-6155","post","type-post","status-publish","format-standard","has-post-thumbnail","hentry","category-bahia","category-eleicoes-2026","category-politica"],"yoast_head":"<!-- This site is optimized with the Yoast SEO plugin v26.5 - https:\/\/yoast.com\/wordpress\/plugins\/seo\/ -->\n<title>Jer\u00f4nimo afirma que negocia\u00e7\u00f5es da chapa continuam e cita Diego Coronel como mediador - Sudoesteacontece<\/title>\n<meta name=\"robots\" content=\"index, follow, max-snippet:-1, max-image-preview:large, max-video-preview:-1\" \/>\n<link rel=\"canonical\" href=\"https:\/\/sudoesteacontece.com.br\/?p=6155\" \/>\n<meta property=\"og:locale\" content=\"pt_BR\" \/>\n<meta property=\"og:type\" content=\"article\" \/>\n<meta property=\"og:title\" content=\"Jer\u00f4nimo afirma que negocia\u00e7\u00f5es da chapa continuam e cita Diego Coronel como mediador - Sudoesteacontece\" \/>\n<meta property=\"og:description\" content=\"Durante a Lavagem do Bonfim, nesta quinta-feira (15), o governador Jer\u00f4nimo Rodrigues disse que as negocia\u00e7\u00f5es sobre a chapa majorit\u00e1ria de 2026 seguem em andamento. Em entrevista \u00e0 imprensa, ele afirmou que o di\u00e1logo permanece ativo, apesar das tens\u00f5es internas na base aliada. Ao comentar o cen\u00e1rio pol\u00edtico, Jer\u00f4nimo destacou a participa\u00e7\u00e3o do senador Angelo Coronel nas conversas. Segundo o governador, o parlamentar segue no centro das articula\u00e7\u00f5es e conta com a media\u00e7\u00e3o do filho, o deputado federal Diego Coronel, para conduzir di\u00e1logos mais delicados. Segundo Jer\u00f4nimo, Diego tem atuado para reduzir conflitos e evitar ru\u00eddos pol\u00edticos. Ele afirmou que situa\u00e7\u00f5es de tens\u00e3o s\u00e3o amplificadas fora do ambiente real das negocia\u00e7\u00f5es. \u201cO senador n\u00e3o saiu da conversa. Diego ajuda a mediar quando o clima fica mais tenso\u201d, declarou. Para o governador, o momento exige cautela e maturidade entre os partidos aliados. Ele disse que o objetivo \u00e9 construir uma solu\u00e7\u00e3o consensual, sem impor decis\u00f5es ou gerar desgaste interno. A prioridade, segundo ele, \u00e9 n\u00e3o ferir acordos partid\u00e1rios j\u00e1 existentes. Ainda durante a entrevista, Jer\u00f4nimo voltou a elogiar o perfil conciliador de Diego Coronel. Ele afirmou que o deputado tem facilidade no di\u00e1logo e contribui para manter o ambiente pol\u00edtico est\u00e1vel, ao lado da lideran\u00e7a do senador Otto Alencar dentro do PSD. Ao final, Jer\u00f4nimo refor\u00e7ou que a meta do grupo \u00e9 preservar a unidade e fortalecer a base aliada. Segundo ele, novas agendas p\u00fablicas devem ocorrer nos pr\u00f3ximos dias como sinal de continuidade das conversas e do esfor\u00e7o para manter a coes\u00e3o pol\u00edtica.\" \/>\n<meta property=\"og:url\" content=\"https:\/\/sudoesteacontece.com.br\/?p=6155\" \/>\n<meta property=\"og:site_name\" content=\"Sudoesteacontece\" \/>\n<meta property=\"article:publisher\" content=\"https:\/\/www.facebook.com\/sudoesteacontece\/?locale=pt_BR\" \/>\n<meta property=\"article:published_time\" content=\"2026-01-15T14:26:35+00:00\" \/>\n<meta property=\"article:modified_time\" content=\"2026-01-15T14:26:41+00:00\" \/>\n<meta property=\"og:image\" content=\"https:\/\/sudoesteacontece.com.br\/wp-content\/uploads\/2026\/01\/Jeronimo-afirma-que-negociacoes-da-chapa-continuam-e-cita-Diego-Coronel-como-mediador.jpg\" \/>\n\t<meta property=\"og:image:width\" content=\"900\" \/>\n\t<meta property=\"og:image:height\" content=\"600\" \/>\n\t<meta property=\"og:image:type\" content=\"image\/jpeg\" \/>\n<meta name=\"author\" content=\"Reda\u00e7\u00e3o\" \/>\n<meta name=\"twitter:card\" content=\"summary_large_image\" \/>\n<meta name=\"twitter:label1\" content=\"Escrito por\" \/>\n\t<meta name=\"twitter:data1\" content=\"Reda\u00e7\u00e3o\" \/>\n\t<meta name=\"twitter:label2\" content=\"Est. tempo de leitura\" \/>\n\t<meta name=\"twitter:data2\" content=\"2 minutos\" \/>\n<script type=\"application\/ld+json\" class=\"yoast-schema-graph\">{\"@context\":\"https:\/\/schema.org\",\"@graph\":[{\"@type\":\"Article\",\"@id\":\"https:\/\/sudoesteacontece.com.br\/?p=6155#article\",\"isPartOf\":{\"@id\":\"https:\/\/sudoesteacontece.com.br\/?p=6155\"},\"author\":{\"name\":\"Reda\u00e7\u00e3o\",\"@id\":\"https:\/\/sudoesteacontece.com.br\/#\/schema\/person\/a4f22429c1d0923ef8f7d43343f8dc38\"},\"headline\":\"Jer\u00f4nimo afirma que negocia\u00e7\u00f5es da chapa continuam e cita Diego Coronel como mediador\",\"datePublished\":\"2026-01-15T14:26:35+00:00\",\"dateModified\":\"2026-01-15T14:26:41+00:00\",\"mainEntityOfPage\":{\"@id\":\"https:\/\/sudoesteacontece.com.br\/?p=6155\"},\"wordCount\":298,\"commentCount\":0,\"publisher\":{\"@id\":\"https:\/\/sudoesteacontece.com.br\/#organization\"},\"image\":{\"@id\":\"https:\/\/sudoesteacontece.com.br\/?p=6155#primaryimage\"},\"thumbnailUrl\":\"https:\/\/sudoesteacontece.com.br\/wp-content\/uploads\/2026\/01\/Jeronimo-afirma-que-negociacoes-da-chapa-continuam-e-cita-Diego-Coronel-como-mediador.jpg\",\"articleSection\":[\"Bahia\",\"Elei\u00e7\u00f5es 2026\",\"Pol\u00edtica\"],\"inLanguage\":\"pt-BR\",\"potentialAction\":[{\"@type\":\"CommentAction\",\"name\":\"Comment\",\"target\":[\"https:\/\/sudoesteacontece.com.br\/?p=6155#respond\"]}]},{\"@type\":\"WebPage\",\"@id\":\"https:\/\/sudoesteacontece.com.br\/?p=6155\",\"url\":\"https:\/\/sudoesteacontece.com.br\/?p=6155\",\"name\":\"Jer\u00f4nimo afirma que negocia\u00e7\u00f5es da chapa continuam e cita Diego Coronel como mediador - Sudoesteacontece\",\"isPartOf\":{\"@id\":\"https:\/\/sudoesteacontece.com.br\/#website\"},\"primaryImageOfPage\":{\"@id\":\"https:\/\/sudoesteacontece.com.br\/?p=6155#primaryimage\"},\"image\":{\"@id\":\"https:\/\/sudoesteacontece.com.br\/?p=6155#primaryimage\"},\"thumbnailUrl\":\"https:\/\/sudoesteacontece.com.br\/wp-content\/uploads\/2026\/01\/Jeronimo-afirma-que-negociacoes-da-chapa-continuam-e-cita-Diego-Coronel-como-mediador.jpg\",\"datePublished\":\"2026-01-15T14:26:35+00:00\",\"dateModified\":\"2026-01-15T14:26:41+00:00\",\"breadcrumb\":{\"@id\":\"https:\/\/sudoesteacontece.com.br\/?p=6155#breadcrumb\"},\"inLanguage\":\"pt-BR\",\"potentialAction\":[{\"@type\":\"ReadAction\",\"target\":[\"https:\/\/sudoesteacontece.com.br\/?p=6155\"]}]},{\"@type\":\"ImageObject\",\"inLanguage\":\"pt-BR\",\"@id\":\"https:\/\/sudoesteacontece.com.br\/?p=6155#primaryimage\",\"url\":\"https:\/\/sudoesteacontece.com.br\/wp-content\/uploads\/2026\/01\/Jeronimo-afirma-que-negociacoes-da-chapa-continuam-e-cita-Diego-Coronel-como-mediador.jpg\",\"contentUrl\":\"https:\/\/sudoesteacontece.com.br\/wp-content\/uploads\/2026\/01\/Jeronimo-afirma-que-negociacoes-da-chapa-continuam-e-cita-Diego-Coronel-como-mediador.jpg\",\"width\":900,\"height\":600},{\"@type\":\"BreadcrumbList\",\"@id\":\"https:\/\/sudoesteacontece.com.br\/?p=6155#breadcrumb\",\"itemListElement\":[{\"@type\":\"ListItem\",\"position\":1,\"name\":\"In\u00edcio\",\"item\":\"https:\/\/sudoesteacontece.com.br\/\"},{\"@type\":\"ListItem\",\"position\":2,\"name\":\"Jer\u00f4nimo afirma que negocia\u00e7\u00f5es da chapa continuam e cita Diego Coronel como mediador\"}]},{\"@type\":\"WebSite\",\"@id\":\"https:\/\/sudoesteacontece.com.br\/#website\",\"url\":\"https:\/\/sudoesteacontece.com.br\/\",\"name\":\"Sudoesteacontece\",\"description\":\"\",\"publisher\":{\"@id\":\"https:\/\/sudoesteacontece.com.br\/#organization\"},\"potentialAction\":[{\"@type\":\"SearchAction\",\"target\":{\"@type\":\"EntryPoint\",\"urlTemplate\":\"https:\/\/sudoesteacontece.com.br\/?s={search_term_string}\"},\"query-input\":{\"@type\":\"PropertyValueSpecification\",\"valueRequired\":true,\"valueName\":\"search_term_string\"}}],\"inLanguage\":\"pt-BR\"},{\"@type\":\"Organization\",\"@id\":\"https:\/\/sudoesteacontece.com.br\/#organization\",\"name\":\"Sudoesteacontece\",\"url\":\"https:\/\/sudoesteacontece.com.br\/\",\"logo\":{\"@type\":\"ImageObject\",\"inLanguage\":\"pt-BR\",\"@id\":\"https:\/\/sudoesteacontece.com.br\/#\/schema\/logo\/image\/\",\"url\":\"https:\/\/sudoesteacontece.com.br\/wp-content\/uploads\/2025\/12\/cropped-logo-2-180x180-1.png\",\"contentUrl\":\"https:\/\/sudoesteacontece.com.br\/wp-content\/uploads\/2025\/12\/cropped-logo-2-180x180-1.png\",\"width\":180,\"height\":180,\"caption\":\"Sudoesteacontece\"},\"image\":{\"@id\":\"https:\/\/sudoesteacontece.com.br\/#\/schema\/logo\/image\/\"},\"sameAs\":[\"https:\/\/www.facebook.com\/sudoesteacontece\/?locale=pt_BR\"]},{\"@type\":\"Person\",\"@id\":\"https:\/\/sudoesteacontece.com.br\/#\/schema\/person\/a4f22429c1d0923ef8f7d43343f8dc38\",\"name\":\"Reda\u00e7\u00e3o\",\"image\":{\"@type\":\"ImageObject\",\"inLanguage\":\"pt-BR\",\"@id\":\"https:\/\/sudoesteacontece.com.br\/#\/schema\/person\/image\/\",\"url\":\"https:\/\/secure.gravatar.com\/avatar\/c3a5b3c93f268a709c25a2df414c629a96fb3b1b4bf97a94fb3f72e54ae76903?s=96&d=mm&r=g\",\"contentUrl\":\"https:\/\/secure.gravatar.com\/avatar\/c3a5b3c93f268a709c25a2df414c629a96fb3b1b4bf97a94fb3f72e54ae76903?s=96&d=mm&r=g\",\"caption\":\"Reda\u00e7\u00e3o\"},\"url\":\"https:\/\/sudoesteacontece.com.br\/?author=4\"}]}<\/script>\n<!-- \/ Yoast SEO plugin. -->","yoast_head_json":{"title":"Jer\u00f4nimo afirma que negocia\u00e7\u00f5es da chapa continuam e cita Diego Coronel como mediador - Sudoesteacontece","robots":{"index":"index","follow":"follow","max-snippet":"max-snippet:-1","max-image-preview":"max-image-preview:large","max-video-preview":"max-video-preview:-1"},"canonical":"https:\/\/sudoesteacontece.com.br\/?p=6155","og_locale":"pt_BR","og_type":"article","og_title":"Jer\u00f4nimo afirma que negocia\u00e7\u00f5es da chapa continuam e cita Diego Coronel como mediador - Sudoesteacontece","og_description":"Durante a Lavagem do Bonfim, nesta quinta-feira (15), o governador Jer\u00f4nimo Rodrigues disse que as negocia\u00e7\u00f5es sobre a chapa majorit\u00e1ria de 2026 seguem em andamento. Em entrevista \u00e0 imprensa, ele afirmou que o di\u00e1logo permanece ativo, apesar das tens\u00f5es internas na base aliada. Ao comentar o cen\u00e1rio pol\u00edtico, Jer\u00f4nimo destacou a participa\u00e7\u00e3o do senador Angelo Coronel nas conversas. Segundo o governador, o parlamentar segue no centro das articula\u00e7\u00f5es e conta com a media\u00e7\u00e3o do filho, o deputado federal Diego Coronel, para conduzir di\u00e1logos mais delicados. Segundo Jer\u00f4nimo, Diego tem atuado para reduzir conflitos e evitar ru\u00eddos pol\u00edticos. Ele afirmou que situa\u00e7\u00f5es de tens\u00e3o s\u00e3o amplificadas fora do ambiente real das negocia\u00e7\u00f5es. \u201cO senador n\u00e3o saiu da conversa. Diego ajuda a mediar quando o clima fica mais tenso\u201d, declarou. Para o governador, o momento exige cautela e maturidade entre os partidos aliados. Ele disse que o objetivo \u00e9 construir uma solu\u00e7\u00e3o consensual, sem impor decis\u00f5es ou gerar desgaste interno. A prioridade, segundo ele, \u00e9 n\u00e3o ferir acordos partid\u00e1rios j\u00e1 existentes. Ainda durante a entrevista, Jer\u00f4nimo voltou a elogiar o perfil conciliador de Diego Coronel. Ele afirmou que o deputado tem facilidade no di\u00e1logo e contribui para manter o ambiente pol\u00edtico est\u00e1vel, ao lado da lideran\u00e7a do senador Otto Alencar dentro do PSD. Ao final, Jer\u00f4nimo refor\u00e7ou que a meta do grupo \u00e9 preservar a unidade e fortalecer a base aliada. Segundo ele, novas agendas p\u00fablicas devem ocorrer nos pr\u00f3ximos dias como sinal de continuidade das conversas e do esfor\u00e7o para manter a coes\u00e3o pol\u00edtica.","og_url":"https:\/\/sudoesteacontece.com.br\/?p=6155","og_site_name":"Sudoesteacontece","article_publisher":"https:\/\/www.facebook.com\/sudoesteacontece\/?locale=pt_BR","article_published_time":"2026-01-15T14:26:35+00:00","article_modified_time":"2026-01-15T14:26:41+00:00","og_image":[{"width":900,"height":600,"url":"https:\/\/sudoesteacontece.com.br\/wp-content\/uploads\/2026\/01\/Jeronimo-afirma-que-negociacoes-da-chapa-continuam-e-cita-Diego-Coronel-como-mediador.jpg","type":"image\/jpeg"}],"author":"Reda\u00e7\u00e3o","twitter_card":"summary_large_image","twitter_misc":{"Escrito por":"Reda\u00e7\u00e3o","Est. tempo de leitura":"2 minutos"},"schema":{"@context":"https:\/\/schema.org","@graph":[{"@type":"Article","@id":"https:\/\/sudoesteacontece.com.br\/?p=6155#article","isPartOf":{"@id":"https:\/\/sudoesteacontece.com.br\/?p=6155"},"author":{"name":"Reda\u00e7\u00e3o","@id":"https:\/\/sudoesteacontece.com.br\/#\/schema\/person\/a4f22429c1d0923ef8f7d43343f8dc38"},"headline":"Jer\u00f4nimo afirma que negocia\u00e7\u00f5es da chapa continuam e cita Diego Coronel como mediador","datePublished":"2026-01-15T14:26:35+00:00","dateModified":"2026-01-15T14:26:41+00:00","mainEntityOfPage":{"@id":"https:\/\/sudoesteacontece.com.br\/?p=6155"},"wordCount":298,"commentCount":0,"publisher":{"@id":"https:\/\/sudoesteacontece.com.br\/#organization"},"image":{"@id":"https:\/\/sudoesteacontece.com.br\/?p=6155#primaryimage"},"thumbnailUrl":"https:\/\/sudoesteacontece.com.br\/wp-content\/uploads\/2026\/01\/Jeronimo-afirma-que-negociacoes-da-chapa-continuam-e-cita-Diego-Coronel-como-mediador.jpg","articleSection":["Bahia","Elei\u00e7\u00f5es 2026","Pol\u00edtica"],"inLanguage":"pt-BR","potentialAction":[{"@type":"CommentAction","name":"Comment","target":["https:\/\/sudoesteacontece.com.br\/?p=6155#respond"]}]},{"@type":"WebPage","@id":"https:\/\/sudoesteacontece.com.br\/?p=6155","url":"https:\/\/sudoesteacontece.com.br\/?p=6155","name":"Jer\u00f4nimo afirma que negocia\u00e7\u00f5es da chapa continuam e cita Diego Coronel como mediador - Sudoesteacontece","isPartOf":{"@id":"https:\/\/sudoesteacontece.com.br\/#website"},"primaryImageOfPage":{"@id":"https:\/\/sudoesteacontece.com.br\/?p=6155#primaryimage"},"image":{"@id":"https:\/\/sudoesteacontece.com.br\/?p=6155#primaryimage"},"thumbnailUrl":"https:\/\/sudoesteacontece.com.br\/wp-content\/uploads\/2026\/01\/Jeronimo-afirma-que-negociacoes-da-chapa-continuam-e-cita-Diego-Coronel-como-mediador.jpg","datePublished":"2026-01-15T14:26:35+00:00","dateModified":"2026-01-15T14:26:41+00:00","breadcrumb":{"@id":"https:\/\/sudoesteacontece.com.br\/?p=6155#breadcrumb"},"inLanguage":"pt-BR","potentialAction":[{"@type":"ReadAction","target":["https:\/\/sudoesteacontece.com.br\/?p=6155"]}]},{"@type":"ImageObject","inLanguage":"pt-BR","@id":"https:\/\/sudoesteacontece.com.br\/?p=6155#primaryimage","url":"https:\/\/sudoesteacontece.com.br\/wp-content\/uploads\/2026\/01\/Jeronimo-afirma-que-negociacoes-da-chapa-continuam-e-cita-Diego-Coronel-como-mediador.jpg","contentUrl":"https:\/\/sudoesteacontece.com.br\/wp-content\/uploads\/2026\/01\/Jeronimo-afirma-que-negociacoes-da-chapa-continuam-e-cita-Diego-Coronel-como-mediador.jpg","width":900,"height":600},{"@type":"BreadcrumbList","@id":"https:\/\/sudoesteacontece.com.br\/?p=6155#breadcrumb","itemListElement":[{"@type":"ListItem","position":1,"name":"In\u00edcio","item":"https:\/\/sudoesteacontece.com.br\/"},{"@type":"ListItem","position":2,"name":"Jer\u00f4nimo afirma que negocia\u00e7\u00f5es da chapa continuam e cita Diego Coronel como mediador"}]},{"@type":"WebSite","@id":"https:\/\/sudoesteacontece.com.br\/#website","url":"https:\/\/sudoesteacontece.com.br\/","name":"Sudoesteacontece","description":"","publisher":{"@id":"https:\/\/sudoesteacontece.com.br\/#organization"},"potentialAction":[{"@type":"SearchAction","target":{"@type":"EntryPoint","urlTemplate":"https:\/\/sudoesteacontece.com.br\/?s={search_term_string}"},"query-input":{"@type":"PropertyValueSpecification","valueRequired":true,"valueName":"search_term_string"}}],"inLanguage":"pt-BR"},{"@type":"Organization","@id":"https:\/\/sudoesteacontece.com.br\/#organization","name":"Sudoesteacontece","url":"https:\/\/sudoesteacontece.com.br\/","logo":{"@type":"ImageObject","inLanguage":"pt-BR","@id":"https:\/\/sudoesteacontece.com.br\/#\/schema\/logo\/image\/","url":"https:\/\/sudoesteacontece.com.br\/wp-content\/uploads\/2025\/12\/cropped-logo-2-180x180-1.png","contentUrl":"https:\/\/sudoesteacontece.com.br\/wp-content\/uploads\/2025\/12\/cropped-logo-2-180x180-1.png","width":180,"height":180,"caption":"Sudoesteacontece"},"image":{"@id":"https:\/\/sudoesteacontece.com.br\/#\/schema\/logo\/image\/"},"sameAs":["https:\/\/www.facebook.com\/sudoesteacontece\/?locale=pt_BR"]},{"@type":"Person","@id":"https:\/\/sudoesteacontece.com.br\/#\/schema\/person\/a4f22429c1d0923ef8f7d43343f8dc38","name":"Reda\u00e7\u00e3o","image":{"@type":"ImageObject","inLanguage":"pt-BR","@id":"https:\/\/sudoesteacontece.com.br\/#\/schema\/person\/image\/","url":"https:\/\/secure.gravatar.com\/avatar\/c3a5b3c93f268a709c25a2df414c629a96fb3b1b4bf97a94fb3f72e54ae76903?s=96&d=mm&r=g","contentUrl":"https:\/\/secure.gravatar.com\/avatar\/c3a5b3c93f268a709c25a2df414c629a96fb3b1b4bf97a94fb3f72e54ae76903?s=96&d=mm&r=g","caption":"Reda\u00e7\u00e3o"},"url":"https:\/\/sudoesteacontece.com.br\/?author=4"}]}},"_links":{"self":[{"href":"https:\/\/sudoesteacontece.com.br\/index.php?rest_route=\/wp\/v2\/posts\/6155","targetHints":{"allow":["GET"]}}],"collection":[{"href":"https:\/\/sudoesteacontece.com.br\/index.php?rest_route=\/wp\/v2\/posts"}],"about":[{"href":"https:\/\/sudoesteacontece.com.br\/index.php?rest_route=\/wp\/v2\/types\/post"}],"author":[{"embeddable":true,"href":"https:\/\/sudoesteacontece.com.br\/index.php?rest_route=\/wp\/v2\/users\/4"}],"replies":[{"embeddable":true,"href":"https:\/\/sudoesteacontece.com.br\/index.php?rest_route=%2Fwp%2Fv2%2Fcomments&post=6155"}],"version-history":[{"count":0,"href":"https:\/\/sudoesteacontece.com.br\/index.php?rest_route=\/wp\/v2\/posts\/6155\/revisions"}],"wp:featuredmedia":[{"embeddable":true,"href":"https:\/\/sudoesteacontece.com.br\/index.php?rest_route=\/wp\/v2\/media\/6203"}],"wp:attachment":[{"href":"https:\/\/sudoesteacontece.com.br\/index.php?rest_route=%2Fwp%2Fv2%2Fmedia&parent=6155"}],"wp:term":[{"taxonomy":"category","embeddable":true,"href":"https:\/\/sudoesteacontece.com.br\/index.php?rest_route=%2Fwp%2Fv2%2Fcategories&post=6155"},{"taxonomy":"post_tag","embeddable":true,"href":"https:\/\/sudoesteacontece.com.br\/index.php?rest_route=%2Fwp%2Fv2%2Ftags&post=6155"}],"curies":[{"name":"wp","href":"https:\/\/api.w.org\/{rel}","templated":true}]}}