{"id":6157,"date":"2026-01-15T10:21:17","date_gmt":"2026-01-15T13:21:17","guid":{"rendered":"https:\/\/sudoesteacontece.com.br\/?p=6157"},"modified":"2026-01-15T10:21:23","modified_gmt":"2026-01-15T13:21:23","slug":"brumado-abre-calendario-cultural-com-cavalgada-dos-santos-reis-e-grandes-shows-neste-domingo","status":"publish","type":"post","link":"https:\/\/sudoesteacontece.com.br\/?p=6157","title":{"rendered":"Brumado abre calend\u00e1rio cultural com Cavalgada dos Santos Reis e grandes shows neste domingo"},"content":{"rendered":"\n<figure class=\"wp-block-image size-full\"><img fetchpriority=\"high\" decoding=\"async\" width=\"900\" height=\"600\" src=\"http:\/\/sudoesteacontece.com.br\/wp-content\/uploads\/2026\/01\/Brumado-abre-calendario-cultural-com-Cavalgada-dos-Santos-Reis-e-grandes-shows-neste-domingo-sudoeste-acontece.jpg\" alt=\"\" class=\"wp-image-6169\" srcset=\"https:\/\/sudoesteacontece.com.br\/wp-content\/uploads\/2026\/01\/Brumado-abre-calendario-cultural-com-Cavalgada-dos-Santos-Reis-e-grandes-shows-neste-domingo-sudoeste-acontece.jpg 900w, https:\/\/sudoesteacontece.com.br\/wp-content\/uploads\/2026\/01\/Brumado-abre-calendario-cultural-com-Cavalgada-dos-Santos-Reis-e-grandes-shows-neste-domingo-sudoeste-acontece-300x200.jpg 300w, https:\/\/sudoesteacontece.com.br\/wp-content\/uploads\/2026\/01\/Brumado-abre-calendario-cultural-com-Cavalgada-dos-Santos-Reis-e-grandes-shows-neste-domingo-sudoeste-acontece-768x512.jpg 768w\" sizes=\"(max-width: 900px) 100vw, 900px\" \/><\/figure>\n\n\n\n<p>Brumado d\u00e1 in\u00edcio ao calend\u00e1rio cultural de 2026 neste domingo (18) com a realiza\u00e7\u00e3o da Primeira Cavalgada dos Santos Reis. O evento re\u00fane tradi\u00e7\u00e3o, m\u00fasica e organiza\u00e7\u00e3o especial, com grade completa de shows e locu\u00e7\u00e3o profissional, prometendo movimentar a cidade ao longo de todo o dia.<\/p>\n\n\n\n<p>A programa\u00e7\u00e3o musical anunciada pela prefeitura traz nomes consagrados da m\u00fasica nacional e regional. Est\u00e3o confirmados Trio Parada Dura, Arreio de Ouro, Ed Rossi, Serginho Cardoso e Jorginho dos Teclados, garantindo diversidade de estilos e atra\u00e7\u00e3o para diferentes p\u00fablicos.<\/p>\n\n\n\n<p>A concentra\u00e7\u00e3o da cavalgada acontece a partir das 10h, no Campo do bairro Esconso. No local, ser\u00e1 feita a distribui\u00e7\u00e3o de pulseiras para cavaleiros e amazonas. Em seguida, os participantes seguem em cortejo at\u00e9 o Parque de Exposi\u00e7\u00f5es Gilson Brito, onde ocorrem os shows.<\/p>\n\n\n\n<p>Um dos destaques do evento ser\u00e1 a locu\u00e7\u00e3o de J\u00fanior Pauferro e Rick Bahia. Reconhecidos em grandes cavalgadas e festas tradicionais, os profissionais prometem animar o percurso, manter a organiza\u00e7\u00e3o e interagir com o p\u00fablico durante todo o trajeto.<\/p>\n\n\n\n<p>A Primeira Cavalgada dos Santos Reis marca a abertura oficial das festividades culturais do munic\u00edpio. A iniciativa integra a programa\u00e7\u00e3o dedicada aos Santos Reis, que segue nas pr\u00f3ximas semanas, refor\u00e7ando a valoriza\u00e7\u00e3o das tradi\u00e7\u00f5es e da identidade cultural de Brumado.<\/p>\n\n\n\n<p>Confira a programa\u00e7\u00e3o completa do dia: \u00e0s 10h, concentra\u00e7\u00e3o no Campo do Esconso; \u00e0s 11h, sa\u00edda em dire\u00e7\u00e3o ao Parque de Exposi\u00e7\u00f5es; \u00e0s 12h, chegada e almo\u00e7o dos cavaleiros; \u00e0s 13h, show de Jorginho dos Teclados; \u00e0s 14h, Serginho Cardoso; \u00e0s 16h, Ed Rossi; \u00e0s 18h, Trio Parada Dura; e \u00e0s 19h30, Arreio de Ouro.<\/p>\n","protected":false},"excerpt":{"rendered":"<p>Brumado d\u00e1 in\u00edcio ao calend\u00e1rio cultural de 2026 neste domingo (18) com a realiza\u00e7\u00e3o da Primeira Cavalgada dos Santos Reis. O evento re\u00fane tradi\u00e7\u00e3o, m\u00fasica e organiza\u00e7\u00e3o especial, com grade completa de shows e locu\u00e7\u00e3o profissional, prometendo movimentar a cidade ao longo de todo o dia. A programa\u00e7\u00e3o musical anunciada pela prefeitura traz nomes consagrados da m\u00fasica nacional e regional. Est\u00e3o confirmados Trio Parada Dura, Arreio de Ouro, Ed Rossi, Serginho Cardoso e Jorginho dos Teclados, garantindo diversidade de estilos e atra\u00e7\u00e3o para diferentes p\u00fablicos. A concentra\u00e7\u00e3o da cavalgada acontece a partir das 10h, no Campo do bairro Esconso. No local, ser\u00e1 feita a distribui\u00e7\u00e3o de pulseiras para cavaleiros e amazonas. Em seguida, os participantes seguem em cortejo at\u00e9 o Parque de Exposi\u00e7\u00f5es Gilson Brito, onde ocorrem os shows. Um dos destaques do evento ser\u00e1 a locu\u00e7\u00e3o de J\u00fanior Pauferro e Rick Bahia. Reconhecidos em grandes cavalgadas e festas tradicionais, os profissionais prometem animar o percurso, manter a organiza\u00e7\u00e3o e interagir com o p\u00fablico durante todo o trajeto. A Primeira Cavalgada dos Santos Reis marca a abertura oficial das festividades culturais do munic\u00edpio. A iniciativa integra a programa\u00e7\u00e3o dedicada aos Santos Reis, que segue nas pr\u00f3ximas semanas, refor\u00e7ando a valoriza\u00e7\u00e3o das tradi\u00e7\u00f5es e da identidade cultural de Brumado. Confira a programa\u00e7\u00e3o completa do dia: \u00e0s 10h, concentra\u00e7\u00e3o no Campo do Esconso; \u00e0s 11h, sa\u00edda em dire\u00e7\u00e3o ao Parque de Exposi\u00e7\u00f5es; \u00e0s 12h, chegada e almo\u00e7o dos cavaleiros; \u00e0s 13h, show de Jorginho dos Teclados; \u00e0s 14h, Serginho Cardoso; \u00e0s 16h, Ed Rossi; \u00e0s 18h, Trio Parada Dura; e \u00e0s 19h30, Arreio de Ouro.<\/p>\n","protected":false},"author":4,"featured_media":6169,"comment_status":"open","ping_status":"open","sticky":false,"template":"","format":"standard","meta":{"footnotes":""},"categories":[10],"tags":[],"class_list":["post-6157","post","type-post","status-publish","format-standard","has-post-thumbnail","hentry","category-brumado"],"yoast_head":"<!-- This site is optimized with the Yoast SEO plugin v26.5 - https:\/\/yoast.com\/wordpress\/plugins\/seo\/ -->\n<title>Brumado abre calend\u00e1rio cultural com Cavalgada dos Santos Reis e grandes shows neste domingo - Sudoesteacontece<\/title>\n<meta name=\"robots\" content=\"index, follow, max-snippet:-1, max-image-preview:large, max-video-preview:-1\" \/>\n<link rel=\"canonical\" href=\"https:\/\/sudoesteacontece.com.br\/?p=6157\" \/>\n<meta property=\"og:locale\" content=\"pt_BR\" \/>\n<meta property=\"og:type\" content=\"article\" \/>\n<meta property=\"og:title\" content=\"Brumado abre calend\u00e1rio cultural com Cavalgada dos Santos Reis e grandes shows neste domingo - Sudoesteacontece\" \/>\n<meta property=\"og:description\" content=\"Brumado d\u00e1 in\u00edcio ao calend\u00e1rio cultural de 2026 neste domingo (18) com a realiza\u00e7\u00e3o da Primeira Cavalgada dos Santos Reis. O evento re\u00fane tradi\u00e7\u00e3o, m\u00fasica e organiza\u00e7\u00e3o especial, com grade completa de shows e locu\u00e7\u00e3o profissional, prometendo movimentar a cidade ao longo de todo o dia. A programa\u00e7\u00e3o musical anunciada pela prefeitura traz nomes consagrados da m\u00fasica nacional e regional. Est\u00e3o confirmados Trio Parada Dura, Arreio de Ouro, Ed Rossi, Serginho Cardoso e Jorginho dos Teclados, garantindo diversidade de estilos e atra\u00e7\u00e3o para diferentes p\u00fablicos. A concentra\u00e7\u00e3o da cavalgada acontece a partir das 10h, no Campo do bairro Esconso. No local, ser\u00e1 feita a distribui\u00e7\u00e3o de pulseiras para cavaleiros e amazonas. Em seguida, os participantes seguem em cortejo at\u00e9 o Parque de Exposi\u00e7\u00f5es Gilson Brito, onde ocorrem os shows. Um dos destaques do evento ser\u00e1 a locu\u00e7\u00e3o de J\u00fanior Pauferro e Rick Bahia. Reconhecidos em grandes cavalgadas e festas tradicionais, os profissionais prometem animar o percurso, manter a organiza\u00e7\u00e3o e interagir com o p\u00fablico durante todo o trajeto. A Primeira Cavalgada dos Santos Reis marca a abertura oficial das festividades culturais do munic\u00edpio. A iniciativa integra a programa\u00e7\u00e3o dedicada aos Santos Reis, que segue nas pr\u00f3ximas semanas, refor\u00e7ando a valoriza\u00e7\u00e3o das tradi\u00e7\u00f5es e da identidade cultural de Brumado. Confira a programa\u00e7\u00e3o completa do dia: \u00e0s 10h, concentra\u00e7\u00e3o no Campo do Esconso; \u00e0s 11h, sa\u00edda em dire\u00e7\u00e3o ao Parque de Exposi\u00e7\u00f5es; \u00e0s 12h, chegada e almo\u00e7o dos cavaleiros; \u00e0s 13h, show de Jorginho dos Teclados; \u00e0s 14h, Serginho Cardoso; \u00e0s 16h, Ed Rossi; \u00e0s 18h, Trio Parada Dura; e \u00e0s 19h30, Arreio de Ouro.\" \/>\n<meta property=\"og:url\" content=\"https:\/\/sudoesteacontece.com.br\/?p=6157\" \/>\n<meta property=\"og:site_name\" content=\"Sudoesteacontece\" \/>\n<meta property=\"article:publisher\" content=\"https:\/\/www.facebook.com\/sudoesteacontece\/?locale=pt_BR\" \/>\n<meta property=\"article:published_time\" content=\"2026-01-15T13:21:17+00:00\" \/>\n<meta property=\"article:modified_time\" content=\"2026-01-15T13:21:23+00:00\" \/>\n<meta property=\"og:image\" content=\"https:\/\/sudoesteacontece.com.br\/wp-content\/uploads\/2026\/01\/Brumado-abre-calendario-cultural-com-Cavalgada-dos-Santos-Reis-e-grandes-shows-neste-domingo-sudoeste-acontece.jpg\" \/>\n\t<meta property=\"og:image:width\" content=\"900\" \/>\n\t<meta property=\"og:image:height\" content=\"600\" \/>\n\t<meta property=\"og:image:type\" content=\"image\/jpeg\" \/>\n<meta name=\"author\" content=\"Reda\u00e7\u00e3o\" \/>\n<meta name=\"twitter:card\" content=\"summary_large_image\" \/>\n<meta name=\"twitter:label1\" content=\"Escrito por\" \/>\n\t<meta name=\"twitter:data1\" content=\"Reda\u00e7\u00e3o\" \/>\n\t<meta name=\"twitter:label2\" content=\"Est. tempo de leitura\" \/>\n\t<meta name=\"twitter:data2\" content=\"2 minutos\" \/>\n<script type=\"application\/ld+json\" class=\"yoast-schema-graph\">{\"@context\":\"https:\/\/schema.org\",\"@graph\":[{\"@type\":\"Article\",\"@id\":\"https:\/\/sudoesteacontece.com.br\/?p=6157#article\",\"isPartOf\":{\"@id\":\"https:\/\/sudoesteacontece.com.br\/?p=6157\"},\"author\":{\"name\":\"Reda\u00e7\u00e3o\",\"@id\":\"https:\/\/sudoesteacontece.com.br\/#\/schema\/person\/a4f22429c1d0923ef8f7d43343f8dc38\"},\"headline\":\"Brumado abre calend\u00e1rio cultural com Cavalgada dos Santos Reis e grandes shows neste domingo\",\"datePublished\":\"2026-01-15T13:21:17+00:00\",\"dateModified\":\"2026-01-15T13:21:23+00:00\",\"mainEntityOfPage\":{\"@id\":\"https:\/\/sudoesteacontece.com.br\/?p=6157\"},\"wordCount\":308,\"commentCount\":0,\"publisher\":{\"@id\":\"https:\/\/sudoesteacontece.com.br\/#organization\"},\"image\":{\"@id\":\"https:\/\/sudoesteacontece.com.br\/?p=6157#primaryimage\"},\"thumbnailUrl\":\"https:\/\/sudoesteacontece.com.br\/wp-content\/uploads\/2026\/01\/Brumado-abre-calendario-cultural-com-Cavalgada-dos-Santos-Reis-e-grandes-shows-neste-domingo-sudoeste-acontece.jpg\",\"articleSection\":[\"Brumado\"],\"inLanguage\":\"pt-BR\",\"potentialAction\":[{\"@type\":\"CommentAction\",\"name\":\"Comment\",\"target\":[\"https:\/\/sudoesteacontece.com.br\/?p=6157#respond\"]}]},{\"@type\":\"WebPage\",\"@id\":\"https:\/\/sudoesteacontece.com.br\/?p=6157\",\"url\":\"https:\/\/sudoesteacontece.com.br\/?p=6157\",\"name\":\"Brumado abre calend\u00e1rio cultural com Cavalgada dos Santos Reis e grandes shows neste domingo - Sudoesteacontece\",\"isPartOf\":{\"@id\":\"https:\/\/sudoesteacontece.com.br\/#website\"},\"primaryImageOfPage\":{\"@id\":\"https:\/\/sudoesteacontece.com.br\/?p=6157#primaryimage\"},\"image\":{\"@id\":\"https:\/\/sudoesteacontece.com.br\/?p=6157#primaryimage\"},\"thumbnailUrl\":\"https:\/\/sudoesteacontece.com.br\/wp-content\/uploads\/2026\/01\/Brumado-abre-calendario-cultural-com-Cavalgada-dos-Santos-Reis-e-grandes-shows-neste-domingo-sudoeste-acontece.jpg\",\"datePublished\":\"2026-01-15T13:21:17+00:00\",\"dateModified\":\"2026-01-15T13:21:23+00:00\",\"breadcrumb\":{\"@id\":\"https:\/\/sudoesteacontece.com.br\/?p=6157#breadcrumb\"},\"inLanguage\":\"pt-BR\",\"potentialAction\":[{\"@type\":\"ReadAction\",\"target\":[\"https:\/\/sudoesteacontece.com.br\/?p=6157\"]}]},{\"@type\":\"ImageObject\",\"inLanguage\":\"pt-BR\",\"@id\":\"https:\/\/sudoesteacontece.com.br\/?p=6157#primaryimage\",\"url\":\"https:\/\/sudoesteacontece.com.br\/wp-content\/uploads\/2026\/01\/Brumado-abre-calendario-cultural-com-Cavalgada-dos-Santos-Reis-e-grandes-shows-neste-domingo-sudoeste-acontece.jpg\",\"contentUrl\":\"https:\/\/sudoesteacontece.com.br\/wp-content\/uploads\/2026\/01\/Brumado-abre-calendario-cultural-com-Cavalgada-dos-Santos-Reis-e-grandes-shows-neste-domingo-sudoeste-acontece.jpg\",\"width\":900,\"height\":600},{\"@type\":\"BreadcrumbList\",\"@id\":\"https:\/\/sudoesteacontece.com.br\/?p=6157#breadcrumb\",\"itemListElement\":[{\"@type\":\"ListItem\",\"position\":1,\"name\":\"In\u00edcio\",\"item\":\"https:\/\/sudoesteacontece.com.br\/\"},{\"@type\":\"ListItem\",\"position\":2,\"name\":\"Brumado abre calend\u00e1rio cultural com Cavalgada dos Santos Reis e grandes shows neste domingo\"}]},{\"@type\":\"WebSite\",\"@id\":\"https:\/\/sudoesteacontece.com.br\/#website\",\"url\":\"https:\/\/sudoesteacontece.com.br\/\",\"name\":\"Sudoesteacontece\",\"description\":\"\",\"publisher\":{\"@id\":\"https:\/\/sudoesteacontece.com.br\/#organization\"},\"potentialAction\":[{\"@type\":\"SearchAction\",\"target\":{\"@type\":\"EntryPoint\",\"urlTemplate\":\"https:\/\/sudoesteacontece.com.br\/?s={search_term_string}\"},\"query-input\":{\"@type\":\"PropertyValueSpecification\",\"valueRequired\":true,\"valueName\":\"search_term_string\"}}],\"inLanguage\":\"pt-BR\"},{\"@type\":\"Organization\",\"@id\":\"https:\/\/sudoesteacontece.com.br\/#organization\",\"name\":\"Sudoesteacontece\",\"url\":\"https:\/\/sudoesteacontece.com.br\/\",\"logo\":{\"@type\":\"ImageObject\",\"inLanguage\":\"pt-BR\",\"@id\":\"https:\/\/sudoesteacontece.com.br\/#\/schema\/logo\/image\/\",\"url\":\"https:\/\/sudoesteacontece.com.br\/wp-content\/uploads\/2025\/12\/cropped-logo-2-180x180-1.png\",\"contentUrl\":\"https:\/\/sudoesteacontece.com.br\/wp-content\/uploads\/2025\/12\/cropped-logo-2-180x180-1.png\",\"width\":180,\"height\":180,\"caption\":\"Sudoesteacontece\"},\"image\":{\"@id\":\"https:\/\/sudoesteacontece.com.br\/#\/schema\/logo\/image\/\"},\"sameAs\":[\"https:\/\/www.facebook.com\/sudoesteacontece\/?locale=pt_BR\"]},{\"@type\":\"Person\",\"@id\":\"https:\/\/sudoesteacontece.com.br\/#\/schema\/person\/a4f22429c1d0923ef8f7d43343f8dc38\",\"name\":\"Reda\u00e7\u00e3o\",\"image\":{\"@type\":\"ImageObject\",\"inLanguage\":\"pt-BR\",\"@id\":\"https:\/\/sudoesteacontece.com.br\/#\/schema\/person\/image\/\",\"url\":\"https:\/\/secure.gravatar.com\/avatar\/c3a5b3c93f268a709c25a2df414c629a96fb3b1b4bf97a94fb3f72e54ae76903?s=96&d=mm&r=g\",\"contentUrl\":\"https:\/\/secure.gravatar.com\/avatar\/c3a5b3c93f268a709c25a2df414c629a96fb3b1b4bf97a94fb3f72e54ae76903?s=96&d=mm&r=g\",\"caption\":\"Reda\u00e7\u00e3o\"},\"url\":\"https:\/\/sudoesteacontece.com.br\/?author=4\"}]}<\/script>\n<!-- \/ Yoast SEO plugin. -->","yoast_head_json":{"title":"Brumado abre calend\u00e1rio cultural com Cavalgada dos Santos Reis e grandes shows neste domingo - Sudoesteacontece","robots":{"index":"index","follow":"follow","max-snippet":"max-snippet:-1","max-image-preview":"max-image-preview:large","max-video-preview":"max-video-preview:-1"},"canonical":"https:\/\/sudoesteacontece.com.br\/?p=6157","og_locale":"pt_BR","og_type":"article","og_title":"Brumado abre calend\u00e1rio cultural com Cavalgada dos Santos Reis e grandes shows neste domingo - Sudoesteacontece","og_description":"Brumado d\u00e1 in\u00edcio ao calend\u00e1rio cultural de 2026 neste domingo (18) com a realiza\u00e7\u00e3o da Primeira Cavalgada dos Santos Reis. O evento re\u00fane tradi\u00e7\u00e3o, m\u00fasica e organiza\u00e7\u00e3o especial, com grade completa de shows e locu\u00e7\u00e3o profissional, prometendo movimentar a cidade ao longo de todo o dia. A programa\u00e7\u00e3o musical anunciada pela prefeitura traz nomes consagrados da m\u00fasica nacional e regional. Est\u00e3o confirmados Trio Parada Dura, Arreio de Ouro, Ed Rossi, Serginho Cardoso e Jorginho dos Teclados, garantindo diversidade de estilos e atra\u00e7\u00e3o para diferentes p\u00fablicos. A concentra\u00e7\u00e3o da cavalgada acontece a partir das 10h, no Campo do bairro Esconso. No local, ser\u00e1 feita a distribui\u00e7\u00e3o de pulseiras para cavaleiros e amazonas. Em seguida, os participantes seguem em cortejo at\u00e9 o Parque de Exposi\u00e7\u00f5es Gilson Brito, onde ocorrem os shows. Um dos destaques do evento ser\u00e1 a locu\u00e7\u00e3o de J\u00fanior Pauferro e Rick Bahia. Reconhecidos em grandes cavalgadas e festas tradicionais, os profissionais prometem animar o percurso, manter a organiza\u00e7\u00e3o e interagir com o p\u00fablico durante todo o trajeto. A Primeira Cavalgada dos Santos Reis marca a abertura oficial das festividades culturais do munic\u00edpio. A iniciativa integra a programa\u00e7\u00e3o dedicada aos Santos Reis, que segue nas pr\u00f3ximas semanas, refor\u00e7ando a valoriza\u00e7\u00e3o das tradi\u00e7\u00f5es e da identidade cultural de Brumado. Confira a programa\u00e7\u00e3o completa do dia: \u00e0s 10h, concentra\u00e7\u00e3o no Campo do Esconso; \u00e0s 11h, sa\u00edda em dire\u00e7\u00e3o ao Parque de Exposi\u00e7\u00f5es; \u00e0s 12h, chegada e almo\u00e7o dos cavaleiros; \u00e0s 13h, show de Jorginho dos Teclados; \u00e0s 14h, Serginho Cardoso; \u00e0s 16h, Ed Rossi; \u00e0s 18h, Trio Parada Dura; e \u00e0s 19h30, Arreio de Ouro.","og_url":"https:\/\/sudoesteacontece.com.br\/?p=6157","og_site_name":"Sudoesteacontece","article_publisher":"https:\/\/www.facebook.com\/sudoesteacontece\/?locale=pt_BR","article_published_time":"2026-01-15T13:21:17+00:00","article_modified_time":"2026-01-15T13:21:23+00:00","og_image":[{"width":900,"height":600,"url":"https:\/\/sudoesteacontece.com.br\/wp-content\/uploads\/2026\/01\/Brumado-abre-calendario-cultural-com-Cavalgada-dos-Santos-Reis-e-grandes-shows-neste-domingo-sudoeste-acontece.jpg","type":"image\/jpeg"}],"author":"Reda\u00e7\u00e3o","twitter_card":"summary_large_image","twitter_misc":{"Escrito por":"Reda\u00e7\u00e3o","Est. tempo de leitura":"2 minutos"},"schema":{"@context":"https:\/\/schema.org","@graph":[{"@type":"Article","@id":"https:\/\/sudoesteacontece.com.br\/?p=6157#article","isPartOf":{"@id":"https:\/\/sudoesteacontece.com.br\/?p=6157"},"author":{"name":"Reda\u00e7\u00e3o","@id":"https:\/\/sudoesteacontece.com.br\/#\/schema\/person\/a4f22429c1d0923ef8f7d43343f8dc38"},"headline":"Brumado abre calend\u00e1rio cultural com Cavalgada dos Santos Reis e grandes shows neste domingo","datePublished":"2026-01-15T13:21:17+00:00","dateModified":"2026-01-15T13:21:23+00:00","mainEntityOfPage":{"@id":"https:\/\/sudoesteacontece.com.br\/?p=6157"},"wordCount":308,"commentCount":0,"publisher":{"@id":"https:\/\/sudoesteacontece.com.br\/#organization"},"image":{"@id":"https:\/\/sudoesteacontece.com.br\/?p=6157#primaryimage"},"thumbnailUrl":"https:\/\/sudoesteacontece.com.br\/wp-content\/uploads\/2026\/01\/Brumado-abre-calendario-cultural-com-Cavalgada-dos-Santos-Reis-e-grandes-shows-neste-domingo-sudoeste-acontece.jpg","articleSection":["Brumado"],"inLanguage":"pt-BR","potentialAction":[{"@type":"CommentAction","name":"Comment","target":["https:\/\/sudoesteacontece.com.br\/?p=6157#respond"]}]},{"@type":"WebPage","@id":"https:\/\/sudoesteacontece.com.br\/?p=6157","url":"https:\/\/sudoesteacontece.com.br\/?p=6157","name":"Brumado abre calend\u00e1rio cultural com Cavalgada dos Santos Reis e grandes shows neste domingo - Sudoesteacontece","isPartOf":{"@id":"https:\/\/sudoesteacontece.com.br\/#website"},"primaryImageOfPage":{"@id":"https:\/\/sudoesteacontece.com.br\/?p=6157#primaryimage"},"image":{"@id":"https:\/\/sudoesteacontece.com.br\/?p=6157#primaryimage"},"thumbnailUrl":"https:\/\/sudoesteacontece.com.br\/wp-content\/uploads\/2026\/01\/Brumado-abre-calendario-cultural-com-Cavalgada-dos-Santos-Reis-e-grandes-shows-neste-domingo-sudoeste-acontece.jpg","datePublished":"2026-01-15T13:21:17+00:00","dateModified":"2026-01-15T13:21:23+00:00","breadcrumb":{"@id":"https:\/\/sudoesteacontece.com.br\/?p=6157#breadcrumb"},"inLanguage":"pt-BR","potentialAction":[{"@type":"ReadAction","target":["https:\/\/sudoesteacontece.com.br\/?p=6157"]}]},{"@type":"ImageObject","inLanguage":"pt-BR","@id":"https:\/\/sudoesteacontece.com.br\/?p=6157#primaryimage","url":"https:\/\/sudoesteacontece.com.br\/wp-content\/uploads\/2026\/01\/Brumado-abre-calendario-cultural-com-Cavalgada-dos-Santos-Reis-e-grandes-shows-neste-domingo-sudoeste-acontece.jpg","contentUrl":"https:\/\/sudoesteacontece.com.br\/wp-content\/uploads\/2026\/01\/Brumado-abre-calendario-cultural-com-Cavalgada-dos-Santos-Reis-e-grandes-shows-neste-domingo-sudoeste-acontece.jpg","width":900,"height":600},{"@type":"BreadcrumbList","@id":"https:\/\/sudoesteacontece.com.br\/?p=6157#breadcrumb","itemListElement":[{"@type":"ListItem","position":1,"name":"In\u00edcio","item":"https:\/\/sudoesteacontece.com.br\/"},{"@type":"ListItem","position":2,"name":"Brumado abre calend\u00e1rio cultural com Cavalgada dos Santos Reis e grandes shows neste domingo"}]},{"@type":"WebSite","@id":"https:\/\/sudoesteacontece.com.br\/#website","url":"https:\/\/sudoesteacontece.com.br\/","name":"Sudoesteacontece","description":"","publisher":{"@id":"https:\/\/sudoesteacontece.com.br\/#organization"},"potentialAction":[{"@type":"SearchAction","target":{"@type":"EntryPoint","urlTemplate":"https:\/\/sudoesteacontece.com.br\/?s={search_term_string}"},"query-input":{"@type":"PropertyValueSpecification","valueRequired":true,"valueName":"search_term_string"}}],"inLanguage":"pt-BR"},{"@type":"Organization","@id":"https:\/\/sudoesteacontece.com.br\/#organization","name":"Sudoesteacontece","url":"https:\/\/sudoesteacontece.com.br\/","logo":{"@type":"ImageObject","inLanguage":"pt-BR","@id":"https:\/\/sudoesteacontece.com.br\/#\/schema\/logo\/image\/","url":"https:\/\/sudoesteacontece.com.br\/wp-content\/uploads\/2025\/12\/cropped-logo-2-180x180-1.png","contentUrl":"https:\/\/sudoesteacontece.com.br\/wp-content\/uploads\/2025\/12\/cropped-logo-2-180x180-1.png","width":180,"height":180,"caption":"Sudoesteacontece"},"image":{"@id":"https:\/\/sudoesteacontece.com.br\/#\/schema\/logo\/image\/"},"sameAs":["https:\/\/www.facebook.com\/sudoesteacontece\/?locale=pt_BR"]},{"@type":"Person","@id":"https:\/\/sudoesteacontece.com.br\/#\/schema\/person\/a4f22429c1d0923ef8f7d43343f8dc38","name":"Reda\u00e7\u00e3o","image":{"@type":"ImageObject","inLanguage":"pt-BR","@id":"https:\/\/sudoesteacontece.com.br\/#\/schema\/person\/image\/","url":"https:\/\/secure.gravatar.com\/avatar\/c3a5b3c93f268a709c25a2df414c629a96fb3b1b4bf97a94fb3f72e54ae76903?s=96&d=mm&r=g","contentUrl":"https:\/\/secure.gravatar.com\/avatar\/c3a5b3c93f268a709c25a2df414c629a96fb3b1b4bf97a94fb3f72e54ae76903?s=96&d=mm&r=g","caption":"Reda\u00e7\u00e3o"},"url":"https:\/\/sudoesteacontece.com.br\/?author=4"}]}},"_links":{"self":[{"href":"https:\/\/sudoesteacontece.com.br\/index.php?rest_route=\/wp\/v2\/posts\/6157","targetHints":{"allow":["GET"]}}],"collection":[{"href":"https:\/\/sudoesteacontece.com.br\/index.php?rest_route=\/wp\/v2\/posts"}],"about":[{"href":"https:\/\/sudoesteacontece.com.br\/index.php?rest_route=\/wp\/v2\/types\/post"}],"author":[{"embeddable":true,"href":"https:\/\/sudoesteacontece.com.br\/index.php?rest_route=\/wp\/v2\/users\/4"}],"replies":[{"embeddable":true,"href":"https:\/\/sudoesteacontece.com.br\/index.php?rest_route=%2Fwp%2Fv2%2Fcomments&post=6157"}],"version-history":[{"count":0,"href":"https:\/\/sudoesteacontece.com.br\/index.php?rest_route=\/wp\/v2\/posts\/6157\/revisions"}],"wp:featuredmedia":[{"embeddable":true,"href":"https:\/\/sudoesteacontece.com.br\/index.php?rest_route=\/wp\/v2\/media\/6169"}],"wp:attachment":[{"href":"https:\/\/sudoesteacontece.com.br\/index.php?rest_route=%2Fwp%2Fv2%2Fmedia&parent=6157"}],"wp:term":[{"taxonomy":"category","embeddable":true,"href":"https:\/\/sudoesteacontece.com.br\/index.php?rest_route=%2Fwp%2Fv2%2Fcategories&post=6157"},{"taxonomy":"post_tag","embeddable":true,"href":"https:\/\/sudoesteacontece.com.br\/index.php?rest_route=%2Fwp%2Fv2%2Ftags&post=6157"}],"curies":[{"name":"wp","href":"https:\/\/api.w.org\/{rel}","templated":true}]}}