{"id":6160,"date":"2026-01-15T11:29:36","date_gmt":"2026-01-15T14:29:36","guid":{"rendered":"https:\/\/sudoesteacontece.com.br\/?p=6160"},"modified":"2026-01-15T11:29:41","modified_gmt":"2026-01-15T14:29:41","slug":"brumado-abre-matriculas-para-eja-e-amplia-acesso-a-educacao-para-jovens-e-adultos","status":"publish","type":"post","link":"https:\/\/sudoesteacontece.com.br\/?p=6160","title":{"rendered":"Brumado abre matr\u00edculas para EJA e amplia acesso \u00e0 educa\u00e7\u00e3o para jovens e adultos"},"content":{"rendered":"<div class=\"wp-block-image\">\n<figure class=\"aligncenter size-full\"><img fetchpriority=\"high\" decoding=\"async\" width=\"1000\" height=\"470\" src=\"http:\/\/sudoesteacontece.com.br\/wp-content\/uploads\/2026\/01\/Brumado-abre-matriculas-para-EJA-e-amplia-acesso-a-educacao-para-jovens-e-adultos.jpg\" alt=\"\" class=\"wp-image-6208\" srcset=\"https:\/\/sudoesteacontece.com.br\/wp-content\/uploads\/2026\/01\/Brumado-abre-matriculas-para-EJA-e-amplia-acesso-a-educacao-para-jovens-e-adultos.jpg 1000w, https:\/\/sudoesteacontece.com.br\/wp-content\/uploads\/2026\/01\/Brumado-abre-matriculas-para-EJA-e-amplia-acesso-a-educacao-para-jovens-e-adultos-300x141.jpg 300w, https:\/\/sudoesteacontece.com.br\/wp-content\/uploads\/2026\/01\/Brumado-abre-matriculas-para-EJA-e-amplia-acesso-a-educacao-para-jovens-e-adultos-768x361.jpg 768w\" sizes=\"(max-width: 1000px) 100vw, 1000px\" \/><\/figure>\n<\/div>\n\n\n<p>A Prefeitura de Brumado abriu as matr\u00edculas para a Educa\u00e7\u00e3o de Jovens e Adultos, garantindo nova oportunidade para quem n\u00e3o concluiu os estudos na idade regular. A a\u00e7\u00e3o \u00e9 coordenada pela Secretaria Municipal de Educa\u00e7\u00e3o e busca ampliar o acesso ao ensino b\u00e1sico, fortalecendo o direito \u00e0 educa\u00e7\u00e3o e a inclus\u00e3o educacional no munic\u00edpio.<\/p>\n\n\n\n<p>As matr\u00edculas seguem abertas at\u00e9 9 de fevereiro e s\u00e3o realizadas diretamente nas unidades escolares, sem sorteio eletr\u00f4nico. O atendimento acontece nas escolas Gra\u00e7a Assis e ACM, que concentram as turmas da modalidade. A medida facilita o ingresso dos interessados e reduz barreiras para quem deseja retomar os estudos.<\/p>\n\n\n\n<p>Al\u00e9m da EJA, o munic\u00edpio oferta turmas espec\u00edficas para pessoas n\u00e3o alfabetizadas por meio do Programa Brasil Alfabetizado. A iniciativa refor\u00e7a o compromisso com a alfabetiza\u00e7\u00e3o e a inclus\u00e3o. Para 2026, a gest\u00e3o planeja expandir o programa para outros bairros, alcan\u00e7ando um n\u00famero ainda maior de moradores.<\/p>\n\n\n\n<p>A organiza\u00e7\u00e3o das aulas alia educa\u00e7\u00e3o b\u00e1sica e qualifica\u00e7\u00e3o profissional. As atividades ocorrem de segunda a quinta-feira, com foco no ensino regular. \u00c0s sextas-feiras, os alunos participam de cursos profissionalizantes, ampliando as chances de inser\u00e7\u00e3o no mercado de trabalho e gera\u00e7\u00e3o de renda.<\/p>\n\n\n\n<p>A Educa\u00e7\u00e3o de Jovens e Adultos \u00e9 considerada essencial para garantir o direito ao estudo e abrir novas perspectivas. A prefeitura destaca que a pol\u00edtica p\u00fablica fortalece trajet\u00f3rias interrompidas e cria caminhos para desenvolvimento pessoal, profissional e social em Brumado.<\/p>\n","protected":false},"excerpt":{"rendered":"<p>A Prefeitura de Brumado abriu as matr\u00edculas para a Educa\u00e7\u00e3o de Jovens e Adultos, garantindo nova oportunidade para quem n\u00e3o concluiu os estudos na idade regular. A a\u00e7\u00e3o \u00e9 coordenada pela Secretaria Municipal de Educa\u00e7\u00e3o e busca ampliar o acesso ao ensino b\u00e1sico, fortalecendo o direito \u00e0 educa\u00e7\u00e3o e a inclus\u00e3o educacional no munic\u00edpio. As matr\u00edculas seguem abertas at\u00e9 9 de fevereiro e s\u00e3o realizadas diretamente nas unidades escolares, sem sorteio eletr\u00f4nico. O atendimento acontece nas escolas Gra\u00e7a Assis e ACM, que concentram as turmas da modalidade. A medida facilita o ingresso dos interessados e reduz barreiras para quem deseja retomar os estudos. Al\u00e9m da EJA, o munic\u00edpio oferta turmas espec\u00edficas para pessoas n\u00e3o alfabetizadas por meio do Programa Brasil Alfabetizado. A iniciativa refor\u00e7a o compromisso com a alfabetiza\u00e7\u00e3o e a inclus\u00e3o. Para 2026, a gest\u00e3o planeja expandir o programa para outros bairros, alcan\u00e7ando um n\u00famero ainda maior de moradores. A organiza\u00e7\u00e3o das aulas alia educa\u00e7\u00e3o b\u00e1sica e qualifica\u00e7\u00e3o profissional. As atividades ocorrem de segunda a quinta-feira, com foco no ensino regular. \u00c0s sextas-feiras, os alunos participam de cursos profissionalizantes, ampliando as chances de inser\u00e7\u00e3o no mercado de trabalho e gera\u00e7\u00e3o de renda. A Educa\u00e7\u00e3o de Jovens e Adultos \u00e9 considerada essencial para garantir o direito ao estudo e abrir novas perspectivas. A prefeitura destaca que a pol\u00edtica p\u00fablica fortalece trajet\u00f3rias interrompidas e cria caminhos para desenvolvimento pessoal, profissional e social em Brumado.<\/p>\n","protected":false},"author":4,"featured_media":6208,"comment_status":"open","ping_status":"open","sticky":false,"template":"","format":"standard","meta":{"footnotes":""},"categories":[10,43,6],"tags":[],"class_list":["post-6160","post","type-post","status-publish","format-standard","has-post-thumbnail","hentry","category-brumado","category-educacao","category-politica"],"yoast_head":"<!-- This site is optimized with the Yoast SEO plugin v26.5 - https:\/\/yoast.com\/wordpress\/plugins\/seo\/ -->\n<title>Brumado abre matr\u00edculas para EJA e amplia acesso \u00e0 educa\u00e7\u00e3o para jovens e adultos - Sudoesteacontece<\/title>\n<meta name=\"robots\" content=\"index, follow, max-snippet:-1, max-image-preview:large, max-video-preview:-1\" \/>\n<link rel=\"canonical\" href=\"https:\/\/sudoesteacontece.com.br\/?p=6160\" \/>\n<meta property=\"og:locale\" content=\"pt_BR\" \/>\n<meta property=\"og:type\" content=\"article\" \/>\n<meta property=\"og:title\" content=\"Brumado abre matr\u00edculas para EJA e amplia acesso \u00e0 educa\u00e7\u00e3o para jovens e adultos - Sudoesteacontece\" \/>\n<meta property=\"og:description\" content=\"A Prefeitura de Brumado abriu as matr\u00edculas para a Educa\u00e7\u00e3o de Jovens e Adultos, garantindo nova oportunidade para quem n\u00e3o concluiu os estudos na idade regular. A a\u00e7\u00e3o \u00e9 coordenada pela Secretaria Municipal de Educa\u00e7\u00e3o e busca ampliar o acesso ao ensino b\u00e1sico, fortalecendo o direito \u00e0 educa\u00e7\u00e3o e a inclus\u00e3o educacional no munic\u00edpio. As matr\u00edculas seguem abertas at\u00e9 9 de fevereiro e s\u00e3o realizadas diretamente nas unidades escolares, sem sorteio eletr\u00f4nico. O atendimento acontece nas escolas Gra\u00e7a Assis e ACM, que concentram as turmas da modalidade. A medida facilita o ingresso dos interessados e reduz barreiras para quem deseja retomar os estudos. Al\u00e9m da EJA, o munic\u00edpio oferta turmas espec\u00edficas para pessoas n\u00e3o alfabetizadas por meio do Programa Brasil Alfabetizado. A iniciativa refor\u00e7a o compromisso com a alfabetiza\u00e7\u00e3o e a inclus\u00e3o. Para 2026, a gest\u00e3o planeja expandir o programa para outros bairros, alcan\u00e7ando um n\u00famero ainda maior de moradores. A organiza\u00e7\u00e3o das aulas alia educa\u00e7\u00e3o b\u00e1sica e qualifica\u00e7\u00e3o profissional. As atividades ocorrem de segunda a quinta-feira, com foco no ensino regular. \u00c0s sextas-feiras, os alunos participam de cursos profissionalizantes, ampliando as chances de inser\u00e7\u00e3o no mercado de trabalho e gera\u00e7\u00e3o de renda. A Educa\u00e7\u00e3o de Jovens e Adultos \u00e9 considerada essencial para garantir o direito ao estudo e abrir novas perspectivas. A prefeitura destaca que a pol\u00edtica p\u00fablica fortalece trajet\u00f3rias interrompidas e cria caminhos para desenvolvimento pessoal, profissional e social em Brumado.\" \/>\n<meta property=\"og:url\" content=\"https:\/\/sudoesteacontece.com.br\/?p=6160\" \/>\n<meta property=\"og:site_name\" content=\"Sudoesteacontece\" \/>\n<meta property=\"article:publisher\" content=\"https:\/\/www.facebook.com\/sudoesteacontece\/?locale=pt_BR\" \/>\n<meta property=\"article:published_time\" content=\"2026-01-15T14:29:36+00:00\" \/>\n<meta property=\"article:modified_time\" content=\"2026-01-15T14:29:41+00:00\" \/>\n<meta property=\"og:image\" content=\"https:\/\/sudoesteacontece.com.br\/wp-content\/uploads\/2026\/01\/Brumado-abre-matriculas-para-EJA-e-amplia-acesso-a-educacao-para-jovens-e-adultos.jpg\" \/>\n\t<meta property=\"og:image:width\" content=\"1000\" \/>\n\t<meta property=\"og:image:height\" content=\"470\" \/>\n\t<meta property=\"og:image:type\" content=\"image\/jpeg\" \/>\n<meta name=\"author\" content=\"Reda\u00e7\u00e3o\" \/>\n<meta name=\"twitter:card\" content=\"summary_large_image\" \/>\n<meta name=\"twitter:label1\" content=\"Escrito por\" \/>\n\t<meta name=\"twitter:data1\" content=\"Reda\u00e7\u00e3o\" \/>\n\t<meta name=\"twitter:label2\" content=\"Est. tempo de leitura\" \/>\n\t<meta name=\"twitter:data2\" content=\"2 minutos\" \/>\n<script type=\"application\/ld+json\" class=\"yoast-schema-graph\">{\"@context\":\"https:\/\/schema.org\",\"@graph\":[{\"@type\":\"Article\",\"@id\":\"https:\/\/sudoesteacontece.com.br\/?p=6160#article\",\"isPartOf\":{\"@id\":\"https:\/\/sudoesteacontece.com.br\/?p=6160\"},\"author\":{\"name\":\"Reda\u00e7\u00e3o\",\"@id\":\"https:\/\/sudoesteacontece.com.br\/#\/schema\/person\/a4f22429c1d0923ef8f7d43343f8dc38\"},\"headline\":\"Brumado abre matr\u00edculas para EJA e amplia acesso \u00e0 educa\u00e7\u00e3o para jovens e adultos\",\"datePublished\":\"2026-01-15T14:29:36+00:00\",\"dateModified\":\"2026-01-15T14:29:41+00:00\",\"mainEntityOfPage\":{\"@id\":\"https:\/\/sudoesteacontece.com.br\/?p=6160\"},\"wordCount\":276,\"commentCount\":0,\"publisher\":{\"@id\":\"https:\/\/sudoesteacontece.com.br\/#organization\"},\"image\":{\"@id\":\"https:\/\/sudoesteacontece.com.br\/?p=6160#primaryimage\"},\"thumbnailUrl\":\"https:\/\/sudoesteacontece.com.br\/wp-content\/uploads\/2026\/01\/Brumado-abre-matriculas-para-EJA-e-amplia-acesso-a-educacao-para-jovens-e-adultos.jpg\",\"articleSection\":[\"Brumado\",\"Educa\u00e7\u00e3o\",\"Pol\u00edtica\"],\"inLanguage\":\"pt-BR\",\"potentialAction\":[{\"@type\":\"CommentAction\",\"name\":\"Comment\",\"target\":[\"https:\/\/sudoesteacontece.com.br\/?p=6160#respond\"]}]},{\"@type\":\"WebPage\",\"@id\":\"https:\/\/sudoesteacontece.com.br\/?p=6160\",\"url\":\"https:\/\/sudoesteacontece.com.br\/?p=6160\",\"name\":\"Brumado abre matr\u00edculas para EJA e amplia acesso \u00e0 educa\u00e7\u00e3o para jovens e adultos - Sudoesteacontece\",\"isPartOf\":{\"@id\":\"https:\/\/sudoesteacontece.com.br\/#website\"},\"primaryImageOfPage\":{\"@id\":\"https:\/\/sudoesteacontece.com.br\/?p=6160#primaryimage\"},\"image\":{\"@id\":\"https:\/\/sudoesteacontece.com.br\/?p=6160#primaryimage\"},\"thumbnailUrl\":\"https:\/\/sudoesteacontece.com.br\/wp-content\/uploads\/2026\/01\/Brumado-abre-matriculas-para-EJA-e-amplia-acesso-a-educacao-para-jovens-e-adultos.jpg\",\"datePublished\":\"2026-01-15T14:29:36+00:00\",\"dateModified\":\"2026-01-15T14:29:41+00:00\",\"breadcrumb\":{\"@id\":\"https:\/\/sudoesteacontece.com.br\/?p=6160#breadcrumb\"},\"inLanguage\":\"pt-BR\",\"potentialAction\":[{\"@type\":\"ReadAction\",\"target\":[\"https:\/\/sudoesteacontece.com.br\/?p=6160\"]}]},{\"@type\":\"ImageObject\",\"inLanguage\":\"pt-BR\",\"@id\":\"https:\/\/sudoesteacontece.com.br\/?p=6160#primaryimage\",\"url\":\"https:\/\/sudoesteacontece.com.br\/wp-content\/uploads\/2026\/01\/Brumado-abre-matriculas-para-EJA-e-amplia-acesso-a-educacao-para-jovens-e-adultos.jpg\",\"contentUrl\":\"https:\/\/sudoesteacontece.com.br\/wp-content\/uploads\/2026\/01\/Brumado-abre-matriculas-para-EJA-e-amplia-acesso-a-educacao-para-jovens-e-adultos.jpg\",\"width\":1000,\"height\":470},{\"@type\":\"BreadcrumbList\",\"@id\":\"https:\/\/sudoesteacontece.com.br\/?p=6160#breadcrumb\",\"itemListElement\":[{\"@type\":\"ListItem\",\"position\":1,\"name\":\"In\u00edcio\",\"item\":\"https:\/\/sudoesteacontece.com.br\/\"},{\"@type\":\"ListItem\",\"position\":2,\"name\":\"Brumado abre matr\u00edculas para EJA e amplia acesso \u00e0 educa\u00e7\u00e3o para jovens e adultos\"}]},{\"@type\":\"WebSite\",\"@id\":\"https:\/\/sudoesteacontece.com.br\/#website\",\"url\":\"https:\/\/sudoesteacontece.com.br\/\",\"name\":\"Sudoesteacontece\",\"description\":\"\",\"publisher\":{\"@id\":\"https:\/\/sudoesteacontece.com.br\/#organization\"},\"potentialAction\":[{\"@type\":\"SearchAction\",\"target\":{\"@type\":\"EntryPoint\",\"urlTemplate\":\"https:\/\/sudoesteacontece.com.br\/?s={search_term_string}\"},\"query-input\":{\"@type\":\"PropertyValueSpecification\",\"valueRequired\":true,\"valueName\":\"search_term_string\"}}],\"inLanguage\":\"pt-BR\"},{\"@type\":\"Organization\",\"@id\":\"https:\/\/sudoesteacontece.com.br\/#organization\",\"name\":\"Sudoesteacontece\",\"url\":\"https:\/\/sudoesteacontece.com.br\/\",\"logo\":{\"@type\":\"ImageObject\",\"inLanguage\":\"pt-BR\",\"@id\":\"https:\/\/sudoesteacontece.com.br\/#\/schema\/logo\/image\/\",\"url\":\"https:\/\/sudoesteacontece.com.br\/wp-content\/uploads\/2025\/12\/cropped-logo-2-180x180-1.png\",\"contentUrl\":\"https:\/\/sudoesteacontece.com.br\/wp-content\/uploads\/2025\/12\/cropped-logo-2-180x180-1.png\",\"width\":180,\"height\":180,\"caption\":\"Sudoesteacontece\"},\"image\":{\"@id\":\"https:\/\/sudoesteacontece.com.br\/#\/schema\/logo\/image\/\"},\"sameAs\":[\"https:\/\/www.facebook.com\/sudoesteacontece\/?locale=pt_BR\"]},{\"@type\":\"Person\",\"@id\":\"https:\/\/sudoesteacontece.com.br\/#\/schema\/person\/a4f22429c1d0923ef8f7d43343f8dc38\",\"name\":\"Reda\u00e7\u00e3o\",\"image\":{\"@type\":\"ImageObject\",\"inLanguage\":\"pt-BR\",\"@id\":\"https:\/\/sudoesteacontece.com.br\/#\/schema\/person\/image\/\",\"url\":\"https:\/\/secure.gravatar.com\/avatar\/c3a5b3c93f268a709c25a2df414c629a96fb3b1b4bf97a94fb3f72e54ae76903?s=96&d=mm&r=g\",\"contentUrl\":\"https:\/\/secure.gravatar.com\/avatar\/c3a5b3c93f268a709c25a2df414c629a96fb3b1b4bf97a94fb3f72e54ae76903?s=96&d=mm&r=g\",\"caption\":\"Reda\u00e7\u00e3o\"},\"url\":\"https:\/\/sudoesteacontece.com.br\/?author=4\"}]}<\/script>\n<!-- \/ Yoast SEO plugin. -->","yoast_head_json":{"title":"Brumado abre matr\u00edculas para EJA e amplia acesso \u00e0 educa\u00e7\u00e3o para jovens e adultos - Sudoesteacontece","robots":{"index":"index","follow":"follow","max-snippet":"max-snippet:-1","max-image-preview":"max-image-preview:large","max-video-preview":"max-video-preview:-1"},"canonical":"https:\/\/sudoesteacontece.com.br\/?p=6160","og_locale":"pt_BR","og_type":"article","og_title":"Brumado abre matr\u00edculas para EJA e amplia acesso \u00e0 educa\u00e7\u00e3o para jovens e adultos - Sudoesteacontece","og_description":"A Prefeitura de Brumado abriu as matr\u00edculas para a Educa\u00e7\u00e3o de Jovens e Adultos, garantindo nova oportunidade para quem n\u00e3o concluiu os estudos na idade regular. A a\u00e7\u00e3o \u00e9 coordenada pela Secretaria Municipal de Educa\u00e7\u00e3o e busca ampliar o acesso ao ensino b\u00e1sico, fortalecendo o direito \u00e0 educa\u00e7\u00e3o e a inclus\u00e3o educacional no munic\u00edpio. As matr\u00edculas seguem abertas at\u00e9 9 de fevereiro e s\u00e3o realizadas diretamente nas unidades escolares, sem sorteio eletr\u00f4nico. O atendimento acontece nas escolas Gra\u00e7a Assis e ACM, que concentram as turmas da modalidade. A medida facilita o ingresso dos interessados e reduz barreiras para quem deseja retomar os estudos. Al\u00e9m da EJA, o munic\u00edpio oferta turmas espec\u00edficas para pessoas n\u00e3o alfabetizadas por meio do Programa Brasil Alfabetizado. A iniciativa refor\u00e7a o compromisso com a alfabetiza\u00e7\u00e3o e a inclus\u00e3o. Para 2026, a gest\u00e3o planeja expandir o programa para outros bairros, alcan\u00e7ando um n\u00famero ainda maior de moradores. A organiza\u00e7\u00e3o das aulas alia educa\u00e7\u00e3o b\u00e1sica e qualifica\u00e7\u00e3o profissional. As atividades ocorrem de segunda a quinta-feira, com foco no ensino regular. \u00c0s sextas-feiras, os alunos participam de cursos profissionalizantes, ampliando as chances de inser\u00e7\u00e3o no mercado de trabalho e gera\u00e7\u00e3o de renda. A Educa\u00e7\u00e3o de Jovens e Adultos \u00e9 considerada essencial para garantir o direito ao estudo e abrir novas perspectivas. A prefeitura destaca que a pol\u00edtica p\u00fablica fortalece trajet\u00f3rias interrompidas e cria caminhos para desenvolvimento pessoal, profissional e social em Brumado.","og_url":"https:\/\/sudoesteacontece.com.br\/?p=6160","og_site_name":"Sudoesteacontece","article_publisher":"https:\/\/www.facebook.com\/sudoesteacontece\/?locale=pt_BR","article_published_time":"2026-01-15T14:29:36+00:00","article_modified_time":"2026-01-15T14:29:41+00:00","og_image":[{"width":1000,"height":470,"url":"https:\/\/sudoesteacontece.com.br\/wp-content\/uploads\/2026\/01\/Brumado-abre-matriculas-para-EJA-e-amplia-acesso-a-educacao-para-jovens-e-adultos.jpg","type":"image\/jpeg"}],"author":"Reda\u00e7\u00e3o","twitter_card":"summary_large_image","twitter_misc":{"Escrito por":"Reda\u00e7\u00e3o","Est. tempo de leitura":"2 minutos"},"schema":{"@context":"https:\/\/schema.org","@graph":[{"@type":"Article","@id":"https:\/\/sudoesteacontece.com.br\/?p=6160#article","isPartOf":{"@id":"https:\/\/sudoesteacontece.com.br\/?p=6160"},"author":{"name":"Reda\u00e7\u00e3o","@id":"https:\/\/sudoesteacontece.com.br\/#\/schema\/person\/a4f22429c1d0923ef8f7d43343f8dc38"},"headline":"Brumado abre matr\u00edculas para EJA e amplia acesso \u00e0 educa\u00e7\u00e3o para jovens e adultos","datePublished":"2026-01-15T14:29:36+00:00","dateModified":"2026-01-15T14:29:41+00:00","mainEntityOfPage":{"@id":"https:\/\/sudoesteacontece.com.br\/?p=6160"},"wordCount":276,"commentCount":0,"publisher":{"@id":"https:\/\/sudoesteacontece.com.br\/#organization"},"image":{"@id":"https:\/\/sudoesteacontece.com.br\/?p=6160#primaryimage"},"thumbnailUrl":"https:\/\/sudoesteacontece.com.br\/wp-content\/uploads\/2026\/01\/Brumado-abre-matriculas-para-EJA-e-amplia-acesso-a-educacao-para-jovens-e-adultos.jpg","articleSection":["Brumado","Educa\u00e7\u00e3o","Pol\u00edtica"],"inLanguage":"pt-BR","potentialAction":[{"@type":"CommentAction","name":"Comment","target":["https:\/\/sudoesteacontece.com.br\/?p=6160#respond"]}]},{"@type":"WebPage","@id":"https:\/\/sudoesteacontece.com.br\/?p=6160","url":"https:\/\/sudoesteacontece.com.br\/?p=6160","name":"Brumado abre matr\u00edculas para EJA e amplia acesso \u00e0 educa\u00e7\u00e3o para jovens e adultos - Sudoesteacontece","isPartOf":{"@id":"https:\/\/sudoesteacontece.com.br\/#website"},"primaryImageOfPage":{"@id":"https:\/\/sudoesteacontece.com.br\/?p=6160#primaryimage"},"image":{"@id":"https:\/\/sudoesteacontece.com.br\/?p=6160#primaryimage"},"thumbnailUrl":"https:\/\/sudoesteacontece.com.br\/wp-content\/uploads\/2026\/01\/Brumado-abre-matriculas-para-EJA-e-amplia-acesso-a-educacao-para-jovens-e-adultos.jpg","datePublished":"2026-01-15T14:29:36+00:00","dateModified":"2026-01-15T14:29:41+00:00","breadcrumb":{"@id":"https:\/\/sudoesteacontece.com.br\/?p=6160#breadcrumb"},"inLanguage":"pt-BR","potentialAction":[{"@type":"ReadAction","target":["https:\/\/sudoesteacontece.com.br\/?p=6160"]}]},{"@type":"ImageObject","inLanguage":"pt-BR","@id":"https:\/\/sudoesteacontece.com.br\/?p=6160#primaryimage","url":"https:\/\/sudoesteacontece.com.br\/wp-content\/uploads\/2026\/01\/Brumado-abre-matriculas-para-EJA-e-amplia-acesso-a-educacao-para-jovens-e-adultos.jpg","contentUrl":"https:\/\/sudoesteacontece.com.br\/wp-content\/uploads\/2026\/01\/Brumado-abre-matriculas-para-EJA-e-amplia-acesso-a-educacao-para-jovens-e-adultos.jpg","width":1000,"height":470},{"@type":"BreadcrumbList","@id":"https:\/\/sudoesteacontece.com.br\/?p=6160#breadcrumb","itemListElement":[{"@type":"ListItem","position":1,"name":"In\u00edcio","item":"https:\/\/sudoesteacontece.com.br\/"},{"@type":"ListItem","position":2,"name":"Brumado abre matr\u00edculas para EJA e amplia acesso \u00e0 educa\u00e7\u00e3o para jovens e adultos"}]},{"@type":"WebSite","@id":"https:\/\/sudoesteacontece.com.br\/#website","url":"https:\/\/sudoesteacontece.com.br\/","name":"Sudoesteacontece","description":"","publisher":{"@id":"https:\/\/sudoesteacontece.com.br\/#organization"},"potentialAction":[{"@type":"SearchAction","target":{"@type":"EntryPoint","urlTemplate":"https:\/\/sudoesteacontece.com.br\/?s={search_term_string}"},"query-input":{"@type":"PropertyValueSpecification","valueRequired":true,"valueName":"search_term_string"}}],"inLanguage":"pt-BR"},{"@type":"Organization","@id":"https:\/\/sudoesteacontece.com.br\/#organization","name":"Sudoesteacontece","url":"https:\/\/sudoesteacontece.com.br\/","logo":{"@type":"ImageObject","inLanguage":"pt-BR","@id":"https:\/\/sudoesteacontece.com.br\/#\/schema\/logo\/image\/","url":"https:\/\/sudoesteacontece.com.br\/wp-content\/uploads\/2025\/12\/cropped-logo-2-180x180-1.png","contentUrl":"https:\/\/sudoesteacontece.com.br\/wp-content\/uploads\/2025\/12\/cropped-logo-2-180x180-1.png","width":180,"height":180,"caption":"Sudoesteacontece"},"image":{"@id":"https:\/\/sudoesteacontece.com.br\/#\/schema\/logo\/image\/"},"sameAs":["https:\/\/www.facebook.com\/sudoesteacontece\/?locale=pt_BR"]},{"@type":"Person","@id":"https:\/\/sudoesteacontece.com.br\/#\/schema\/person\/a4f22429c1d0923ef8f7d43343f8dc38","name":"Reda\u00e7\u00e3o","image":{"@type":"ImageObject","inLanguage":"pt-BR","@id":"https:\/\/sudoesteacontece.com.br\/#\/schema\/person\/image\/","url":"https:\/\/secure.gravatar.com\/avatar\/c3a5b3c93f268a709c25a2df414c629a96fb3b1b4bf97a94fb3f72e54ae76903?s=96&d=mm&r=g","contentUrl":"https:\/\/secure.gravatar.com\/avatar\/c3a5b3c93f268a709c25a2df414c629a96fb3b1b4bf97a94fb3f72e54ae76903?s=96&d=mm&r=g","caption":"Reda\u00e7\u00e3o"},"url":"https:\/\/sudoesteacontece.com.br\/?author=4"}]}},"_links":{"self":[{"href":"https:\/\/sudoesteacontece.com.br\/index.php?rest_route=\/wp\/v2\/posts\/6160","targetHints":{"allow":["GET"]}}],"collection":[{"href":"https:\/\/sudoesteacontece.com.br\/index.php?rest_route=\/wp\/v2\/posts"}],"about":[{"href":"https:\/\/sudoesteacontece.com.br\/index.php?rest_route=\/wp\/v2\/types\/post"}],"author":[{"embeddable":true,"href":"https:\/\/sudoesteacontece.com.br\/index.php?rest_route=\/wp\/v2\/users\/4"}],"replies":[{"embeddable":true,"href":"https:\/\/sudoesteacontece.com.br\/index.php?rest_route=%2Fwp%2Fv2%2Fcomments&post=6160"}],"version-history":[{"count":0,"href":"https:\/\/sudoesteacontece.com.br\/index.php?rest_route=\/wp\/v2\/posts\/6160\/revisions"}],"wp:featuredmedia":[{"embeddable":true,"href":"https:\/\/sudoesteacontece.com.br\/index.php?rest_route=\/wp\/v2\/media\/6208"}],"wp:attachment":[{"href":"https:\/\/sudoesteacontece.com.br\/index.php?rest_route=%2Fwp%2Fv2%2Fmedia&parent=6160"}],"wp:term":[{"taxonomy":"category","embeddable":true,"href":"https:\/\/sudoesteacontece.com.br\/index.php?rest_route=%2Fwp%2Fv2%2Fcategories&post=6160"},{"taxonomy":"post_tag","embeddable":true,"href":"https:\/\/sudoesteacontece.com.br\/index.php?rest_route=%2Fwp%2Fv2%2Ftags&post=6160"}],"curies":[{"name":"wp","href":"https:\/\/api.w.org\/{rel}","templated":true}]}}