{"id":6224,"date":"2026-01-16T10:39:15","date_gmt":"2026-01-16T13:39:15","guid":{"rendered":"https:\/\/sudoesteacontece.com.br\/?p=6224"},"modified":"2026-01-16T10:39:21","modified_gmt":"2026-01-16T13:39:21","slug":"mulher-morre-apos-cair-de-ambulancia-em-movimento-durante-transporte-em-itabuna","status":"publish","type":"post","link":"https:\/\/sudoesteacontece.com.br\/?p=6224","title":{"rendered":"Mulher morre ap\u00f3s cair de ambul\u00e2ncia em movimento durante transporte em Itabuna"},"content":{"rendered":"<div class=\"wp-block-image\">\n<figure class=\"aligncenter size-full\"><img fetchpriority=\"high\" decoding=\"async\" width=\"900\" height=\"600\" src=\"http:\/\/sudoesteacontece.com.br\/wp-content\/uploads\/2026\/01\/Mulher-morre-apos-cair-de-ambulancia-em-movimento-durante-transporte-em-Itabuna-sudoeste-acontece.jpg\" alt=\"\" class=\"wp-image-6256\" srcset=\"https:\/\/sudoesteacontece.com.br\/wp-content\/uploads\/2026\/01\/Mulher-morre-apos-cair-de-ambulancia-em-movimento-durante-transporte-em-Itabuna-sudoeste-acontece.jpg 900w, https:\/\/sudoesteacontece.com.br\/wp-content\/uploads\/2026\/01\/Mulher-morre-apos-cair-de-ambulancia-em-movimento-durante-transporte-em-Itabuna-sudoeste-acontece-300x200.jpg 300w, https:\/\/sudoesteacontece.com.br\/wp-content\/uploads\/2026\/01\/Mulher-morre-apos-cair-de-ambulancia-em-movimento-durante-transporte-em-Itabuna-sudoeste-acontece-768x512.jpg 768w\" sizes=\"(max-width: 900px) 100vw, 900px\" \/><\/figure>\n<\/div>\n\n\n<p>Trag\u00e9dia marcou a noite de ter\u00e7a-feira (13) em Itabuna, no sul da Bahia. Jaine Freitas Silva, de 22 anos, morreu ap\u00f3s cair de uma ambul\u00e2ncia em movimento nas imedia\u00e7\u00f5es do bairro Lomanto J\u00fanior. A v\u00edtima chegou a ser socorrida, mas n\u00e3o resistiu aos ferimentos e teve a morte confirmada no Hospital de Base.<\/p>\n\n\n\n<p>Segundo a Pol\u00edcia Civil, a jovem havia solicitado transporte at\u00e9 o Hospital de Base para visitar o marido, que estava internado. Durante o trajeto, ela pediu para descer antes da chegada ao destino. O motorista afirmou que n\u00e3o tinha autoriza\u00e7\u00e3o para parar fora do ponto final estabelecido.<\/p>\n\n\n\n<p>Mesmo ap\u00f3s a negativa, a mulher teria aberto a porta da ambul\u00e2ncia e pulado do ve\u00edculo ainda em movimento. A queda provocou ferimentos graves. O condutor acionou imediatamente o Samu, que prestou os primeiros socorros e levou a v\u00edtima ao hospital, onde o \u00f3bito foi registrado.<\/p>\n\n\n\n<p>Ap\u00f3s a confirma\u00e7\u00e3o da morte, equipes do Departamento de Pol\u00edcia T\u00e9cnica realizaram a per\u00edcia no local e encaminharam o corpo ao Instituto M\u00e9dico Legal. Exames de necropsia devem auxiliar na elucida\u00e7\u00e3o das causas e das circunst\u00e2ncias do ocorrido.<\/p>\n\n\n\n<p>Em nota, a Pol\u00edcia Civil informou que a 1\u00aa Delegacia Territorial de Itabuna investiga o caso. Dilig\u00eancias e oitivas est\u00e3o em andamento para esclarecer responsabilidades e apurar se houve falha no protocolo de transporte da ambul\u00e2ncia.<\/p>\n","protected":false},"excerpt":{"rendered":"<p>Trag\u00e9dia marcou a noite de ter\u00e7a-feira (13) em Itabuna, no sul da Bahia. Jaine Freitas Silva, de 22 anos, morreu ap\u00f3s cair de uma ambul\u00e2ncia em movimento nas imedia\u00e7\u00f5es do bairro Lomanto J\u00fanior. A v\u00edtima chegou a ser socorrida, mas n\u00e3o resistiu aos ferimentos e teve a morte confirmada no Hospital de Base. Segundo a Pol\u00edcia Civil, a jovem havia solicitado transporte at\u00e9 o Hospital de Base para visitar o marido, que estava internado. Durante o trajeto, ela pediu para descer antes da chegada ao destino. O motorista afirmou que n\u00e3o tinha autoriza\u00e7\u00e3o para parar fora do ponto final estabelecido. Mesmo ap\u00f3s a negativa, a mulher teria aberto a porta da ambul\u00e2ncia e pulado do ve\u00edculo ainda em movimento. A queda provocou ferimentos graves. O condutor acionou imediatamente o Samu, que prestou os primeiros socorros e levou a v\u00edtima ao hospital, onde o \u00f3bito foi registrado. Ap\u00f3s a confirma\u00e7\u00e3o da morte, equipes do Departamento de Pol\u00edcia T\u00e9cnica realizaram a per\u00edcia no local e encaminharam o corpo ao Instituto M\u00e9dico Legal. Exames de necropsia devem auxiliar na elucida\u00e7\u00e3o das causas e das circunst\u00e2ncias do ocorrido. Em nota, a Pol\u00edcia Civil informou que a 1\u00aa Delegacia Territorial de Itabuna investiga o caso. Dilig\u00eancias e oitivas est\u00e3o em andamento para esclarecer responsabilidades e apurar se houve falha no protocolo de transporte da ambul\u00e2ncia.<\/p>\n","protected":false},"author":4,"featured_media":6256,"comment_status":"open","ping_status":"open","sticky":false,"template":"","format":"standard","meta":{"footnotes":""},"categories":[5,7],"tags":[],"class_list":["post-6224","post","type-post","status-publish","format-standard","has-post-thumbnail","hentry","category-acidente","category-bahia"],"yoast_head":"<!-- This site is optimized with the Yoast SEO plugin v26.5 - https:\/\/yoast.com\/wordpress\/plugins\/seo\/ -->\n<title>Mulher morre ap\u00f3s cair de ambul\u00e2ncia em movimento durante transporte em Itabuna - Sudoesteacontece<\/title>\n<meta name=\"robots\" content=\"index, follow, max-snippet:-1, max-image-preview:large, max-video-preview:-1\" \/>\n<link rel=\"canonical\" href=\"http:\/\/sudoesteacontece.com.br\/?p=6224\" \/>\n<meta property=\"og:locale\" content=\"pt_BR\" \/>\n<meta property=\"og:type\" content=\"article\" \/>\n<meta property=\"og:title\" content=\"Mulher morre ap\u00f3s cair de ambul\u00e2ncia em movimento durante transporte em Itabuna - Sudoesteacontece\" \/>\n<meta property=\"og:description\" content=\"Trag\u00e9dia marcou a noite de ter\u00e7a-feira (13) em Itabuna, no sul da Bahia. Jaine Freitas Silva, de 22 anos, morreu ap\u00f3s cair de uma ambul\u00e2ncia em movimento nas imedia\u00e7\u00f5es do bairro Lomanto J\u00fanior. A v\u00edtima chegou a ser socorrida, mas n\u00e3o resistiu aos ferimentos e teve a morte confirmada no Hospital de Base. Segundo a Pol\u00edcia Civil, a jovem havia solicitado transporte at\u00e9 o Hospital de Base para visitar o marido, que estava internado. Durante o trajeto, ela pediu para descer antes da chegada ao destino. O motorista afirmou que n\u00e3o tinha autoriza\u00e7\u00e3o para parar fora do ponto final estabelecido. Mesmo ap\u00f3s a negativa, a mulher teria aberto a porta da ambul\u00e2ncia e pulado do ve\u00edculo ainda em movimento. A queda provocou ferimentos graves. O condutor acionou imediatamente o Samu, que prestou os primeiros socorros e levou a v\u00edtima ao hospital, onde o \u00f3bito foi registrado. Ap\u00f3s a confirma\u00e7\u00e3o da morte, equipes do Departamento de Pol\u00edcia T\u00e9cnica realizaram a per\u00edcia no local e encaminharam o corpo ao Instituto M\u00e9dico Legal. Exames de necropsia devem auxiliar na elucida\u00e7\u00e3o das causas e das circunst\u00e2ncias do ocorrido. Em nota, a Pol\u00edcia Civil informou que a 1\u00aa Delegacia Territorial de Itabuna investiga o caso. Dilig\u00eancias e oitivas est\u00e3o em andamento para esclarecer responsabilidades e apurar se houve falha no protocolo de transporte da ambul\u00e2ncia.\" \/>\n<meta property=\"og:url\" content=\"http:\/\/sudoesteacontece.com.br\/?p=6224\" \/>\n<meta property=\"og:site_name\" content=\"Sudoesteacontece\" \/>\n<meta property=\"article:publisher\" content=\"https:\/\/www.facebook.com\/sudoesteacontece\/?locale=pt_BR\" \/>\n<meta property=\"article:published_time\" content=\"2026-01-16T13:39:15+00:00\" \/>\n<meta property=\"article:modified_time\" content=\"2026-01-16T13:39:21+00:00\" \/>\n<meta property=\"og:image\" content=\"http:\/\/sudoesteacontece.com.br\/wp-content\/uploads\/2026\/01\/Mulher-morre-apos-cair-de-ambulancia-em-movimento-durante-transporte-em-Itabuna-sudoeste-acontece.jpg\" \/>\n\t<meta property=\"og:image:width\" content=\"900\" \/>\n\t<meta property=\"og:image:height\" content=\"600\" \/>\n\t<meta property=\"og:image:type\" content=\"image\/jpeg\" \/>\n<meta name=\"author\" content=\"Reda\u00e7\u00e3o\" \/>\n<meta name=\"twitter:card\" content=\"summary_large_image\" \/>\n<meta name=\"twitter:label1\" content=\"Escrito por\" \/>\n\t<meta name=\"twitter:data1\" content=\"Reda\u00e7\u00e3o\" \/>\n\t<meta name=\"twitter:label2\" content=\"Est. tempo de leitura\" \/>\n\t<meta name=\"twitter:data2\" content=\"2 minutos\" \/>\n<script type=\"application\/ld+json\" class=\"yoast-schema-graph\">{\"@context\":\"https:\/\/schema.org\",\"@graph\":[{\"@type\":\"Article\",\"@id\":\"http:\/\/sudoesteacontece.com.br\/?p=6224#article\",\"isPartOf\":{\"@id\":\"http:\/\/sudoesteacontece.com.br\/?p=6224\"},\"author\":{\"name\":\"Reda\u00e7\u00e3o\",\"@id\":\"https:\/\/sudoesteacontece.com.br\/#\/schema\/person\/a4f22429c1d0923ef8f7d43343f8dc38\"},\"headline\":\"Mulher morre ap\u00f3s cair de ambul\u00e2ncia em movimento durante transporte em Itabuna\",\"datePublished\":\"2026-01-16T13:39:15+00:00\",\"dateModified\":\"2026-01-16T13:39:21+00:00\",\"mainEntityOfPage\":{\"@id\":\"http:\/\/sudoesteacontece.com.br\/?p=6224\"},\"wordCount\":258,\"commentCount\":0,\"publisher\":{\"@id\":\"https:\/\/sudoesteacontece.com.br\/#organization\"},\"image\":{\"@id\":\"http:\/\/sudoesteacontece.com.br\/?p=6224#primaryimage\"},\"thumbnailUrl\":\"https:\/\/sudoesteacontece.com.br\/wp-content\/uploads\/2026\/01\/Mulher-morre-apos-cair-de-ambulancia-em-movimento-durante-transporte-em-Itabuna-sudoeste-acontece.jpg\",\"articleSection\":[\"Acidente\",\"Bahia\"],\"inLanguage\":\"pt-BR\",\"potentialAction\":[{\"@type\":\"CommentAction\",\"name\":\"Comment\",\"target\":[\"http:\/\/sudoesteacontece.com.br\/?p=6224#respond\"]}]},{\"@type\":\"WebPage\",\"@id\":\"http:\/\/sudoesteacontece.com.br\/?p=6224\",\"url\":\"http:\/\/sudoesteacontece.com.br\/?p=6224\",\"name\":\"Mulher morre ap\u00f3s cair de ambul\u00e2ncia em movimento durante transporte em Itabuna - Sudoesteacontece\",\"isPartOf\":{\"@id\":\"https:\/\/sudoesteacontece.com.br\/#website\"},\"primaryImageOfPage\":{\"@id\":\"http:\/\/sudoesteacontece.com.br\/?p=6224#primaryimage\"},\"image\":{\"@id\":\"http:\/\/sudoesteacontece.com.br\/?p=6224#primaryimage\"},\"thumbnailUrl\":\"https:\/\/sudoesteacontece.com.br\/wp-content\/uploads\/2026\/01\/Mulher-morre-apos-cair-de-ambulancia-em-movimento-durante-transporte-em-Itabuna-sudoeste-acontece.jpg\",\"datePublished\":\"2026-01-16T13:39:15+00:00\",\"dateModified\":\"2026-01-16T13:39:21+00:00\",\"breadcrumb\":{\"@id\":\"http:\/\/sudoesteacontece.com.br\/?p=6224#breadcrumb\"},\"inLanguage\":\"pt-BR\",\"potentialAction\":[{\"@type\":\"ReadAction\",\"target\":[\"http:\/\/sudoesteacontece.com.br\/?p=6224\"]}]},{\"@type\":\"ImageObject\",\"inLanguage\":\"pt-BR\",\"@id\":\"http:\/\/sudoesteacontece.com.br\/?p=6224#primaryimage\",\"url\":\"https:\/\/sudoesteacontece.com.br\/wp-content\/uploads\/2026\/01\/Mulher-morre-apos-cair-de-ambulancia-em-movimento-durante-transporte-em-Itabuna-sudoeste-acontece.jpg\",\"contentUrl\":\"https:\/\/sudoesteacontece.com.br\/wp-content\/uploads\/2026\/01\/Mulher-morre-apos-cair-de-ambulancia-em-movimento-durante-transporte-em-Itabuna-sudoeste-acontece.jpg\",\"width\":900,\"height\":600},{\"@type\":\"BreadcrumbList\",\"@id\":\"http:\/\/sudoesteacontece.com.br\/?p=6224#breadcrumb\",\"itemListElement\":[{\"@type\":\"ListItem\",\"position\":1,\"name\":\"In\u00edcio\",\"item\":\"https:\/\/sudoesteacontece.com.br\/\"},{\"@type\":\"ListItem\",\"position\":2,\"name\":\"Mulher morre ap\u00f3s cair de ambul\u00e2ncia em movimento durante transporte em Itabuna\"}]},{\"@type\":\"WebSite\",\"@id\":\"https:\/\/sudoesteacontece.com.br\/#website\",\"url\":\"https:\/\/sudoesteacontece.com.br\/\",\"name\":\"Sudoesteacontece\",\"description\":\"\",\"publisher\":{\"@id\":\"https:\/\/sudoesteacontece.com.br\/#organization\"},\"potentialAction\":[{\"@type\":\"SearchAction\",\"target\":{\"@type\":\"EntryPoint\",\"urlTemplate\":\"https:\/\/sudoesteacontece.com.br\/?s={search_term_string}\"},\"query-input\":{\"@type\":\"PropertyValueSpecification\",\"valueRequired\":true,\"valueName\":\"search_term_string\"}}],\"inLanguage\":\"pt-BR\"},{\"@type\":\"Organization\",\"@id\":\"https:\/\/sudoesteacontece.com.br\/#organization\",\"name\":\"Sudoesteacontece\",\"url\":\"https:\/\/sudoesteacontece.com.br\/\",\"logo\":{\"@type\":\"ImageObject\",\"inLanguage\":\"pt-BR\",\"@id\":\"https:\/\/sudoesteacontece.com.br\/#\/schema\/logo\/image\/\",\"url\":\"https:\/\/sudoesteacontece.com.br\/wp-content\/uploads\/2025\/12\/cropped-logo-2-180x180-1.png\",\"contentUrl\":\"https:\/\/sudoesteacontece.com.br\/wp-content\/uploads\/2025\/12\/cropped-logo-2-180x180-1.png\",\"width\":180,\"height\":180,\"caption\":\"Sudoesteacontece\"},\"image\":{\"@id\":\"https:\/\/sudoesteacontece.com.br\/#\/schema\/logo\/image\/\"},\"sameAs\":[\"https:\/\/www.facebook.com\/sudoesteacontece\/?locale=pt_BR\"]},{\"@type\":\"Person\",\"@id\":\"https:\/\/sudoesteacontece.com.br\/#\/schema\/person\/a4f22429c1d0923ef8f7d43343f8dc38\",\"name\":\"Reda\u00e7\u00e3o\",\"image\":{\"@type\":\"ImageObject\",\"inLanguage\":\"pt-BR\",\"@id\":\"https:\/\/sudoesteacontece.com.br\/#\/schema\/person\/image\/\",\"url\":\"https:\/\/secure.gravatar.com\/avatar\/c3a5b3c93f268a709c25a2df414c629a96fb3b1b4bf97a94fb3f72e54ae76903?s=96&d=mm&r=g\",\"contentUrl\":\"https:\/\/secure.gravatar.com\/avatar\/c3a5b3c93f268a709c25a2df414c629a96fb3b1b4bf97a94fb3f72e54ae76903?s=96&d=mm&r=g\",\"caption\":\"Reda\u00e7\u00e3o\"},\"url\":\"https:\/\/sudoesteacontece.com.br\/?author=4\"}]}<\/script>\n<!-- \/ Yoast SEO plugin. -->","yoast_head_json":{"title":"Mulher morre ap\u00f3s cair de ambul\u00e2ncia em movimento durante transporte em Itabuna - Sudoesteacontece","robots":{"index":"index","follow":"follow","max-snippet":"max-snippet:-1","max-image-preview":"max-image-preview:large","max-video-preview":"max-video-preview:-1"},"canonical":"http:\/\/sudoesteacontece.com.br\/?p=6224","og_locale":"pt_BR","og_type":"article","og_title":"Mulher morre ap\u00f3s cair de ambul\u00e2ncia em movimento durante transporte em Itabuna - Sudoesteacontece","og_description":"Trag\u00e9dia marcou a noite de ter\u00e7a-feira (13) em Itabuna, no sul da Bahia. Jaine Freitas Silva, de 22 anos, morreu ap\u00f3s cair de uma ambul\u00e2ncia em movimento nas imedia\u00e7\u00f5es do bairro Lomanto J\u00fanior. A v\u00edtima chegou a ser socorrida, mas n\u00e3o resistiu aos ferimentos e teve a morte confirmada no Hospital de Base. Segundo a Pol\u00edcia Civil, a jovem havia solicitado transporte at\u00e9 o Hospital de Base para visitar o marido, que estava internado. Durante o trajeto, ela pediu para descer antes da chegada ao destino. O motorista afirmou que n\u00e3o tinha autoriza\u00e7\u00e3o para parar fora do ponto final estabelecido. Mesmo ap\u00f3s a negativa, a mulher teria aberto a porta da ambul\u00e2ncia e pulado do ve\u00edculo ainda em movimento. A queda provocou ferimentos graves. O condutor acionou imediatamente o Samu, que prestou os primeiros socorros e levou a v\u00edtima ao hospital, onde o \u00f3bito foi registrado. Ap\u00f3s a confirma\u00e7\u00e3o da morte, equipes do Departamento de Pol\u00edcia T\u00e9cnica realizaram a per\u00edcia no local e encaminharam o corpo ao Instituto M\u00e9dico Legal. Exames de necropsia devem auxiliar na elucida\u00e7\u00e3o das causas e das circunst\u00e2ncias do ocorrido. Em nota, a Pol\u00edcia Civil informou que a 1\u00aa Delegacia Territorial de Itabuna investiga o caso. Dilig\u00eancias e oitivas est\u00e3o em andamento para esclarecer responsabilidades e apurar se houve falha no protocolo de transporte da ambul\u00e2ncia.","og_url":"http:\/\/sudoesteacontece.com.br\/?p=6224","og_site_name":"Sudoesteacontece","article_publisher":"https:\/\/www.facebook.com\/sudoesteacontece\/?locale=pt_BR","article_published_time":"2026-01-16T13:39:15+00:00","article_modified_time":"2026-01-16T13:39:21+00:00","og_image":[{"width":900,"height":600,"url":"http:\/\/sudoesteacontece.com.br\/wp-content\/uploads\/2026\/01\/Mulher-morre-apos-cair-de-ambulancia-em-movimento-durante-transporte-em-Itabuna-sudoeste-acontece.jpg","type":"image\/jpeg"}],"author":"Reda\u00e7\u00e3o","twitter_card":"summary_large_image","twitter_misc":{"Escrito por":"Reda\u00e7\u00e3o","Est. tempo de leitura":"2 minutos"},"schema":{"@context":"https:\/\/schema.org","@graph":[{"@type":"Article","@id":"http:\/\/sudoesteacontece.com.br\/?p=6224#article","isPartOf":{"@id":"http:\/\/sudoesteacontece.com.br\/?p=6224"},"author":{"name":"Reda\u00e7\u00e3o","@id":"https:\/\/sudoesteacontece.com.br\/#\/schema\/person\/a4f22429c1d0923ef8f7d43343f8dc38"},"headline":"Mulher morre ap\u00f3s cair de ambul\u00e2ncia em movimento durante transporte em Itabuna","datePublished":"2026-01-16T13:39:15+00:00","dateModified":"2026-01-16T13:39:21+00:00","mainEntityOfPage":{"@id":"http:\/\/sudoesteacontece.com.br\/?p=6224"},"wordCount":258,"commentCount":0,"publisher":{"@id":"https:\/\/sudoesteacontece.com.br\/#organization"},"image":{"@id":"http:\/\/sudoesteacontece.com.br\/?p=6224#primaryimage"},"thumbnailUrl":"https:\/\/sudoesteacontece.com.br\/wp-content\/uploads\/2026\/01\/Mulher-morre-apos-cair-de-ambulancia-em-movimento-durante-transporte-em-Itabuna-sudoeste-acontece.jpg","articleSection":["Acidente","Bahia"],"inLanguage":"pt-BR","potentialAction":[{"@type":"CommentAction","name":"Comment","target":["http:\/\/sudoesteacontece.com.br\/?p=6224#respond"]}]},{"@type":"WebPage","@id":"http:\/\/sudoesteacontece.com.br\/?p=6224","url":"http:\/\/sudoesteacontece.com.br\/?p=6224","name":"Mulher morre ap\u00f3s cair de ambul\u00e2ncia em movimento durante transporte em Itabuna - Sudoesteacontece","isPartOf":{"@id":"https:\/\/sudoesteacontece.com.br\/#website"},"primaryImageOfPage":{"@id":"http:\/\/sudoesteacontece.com.br\/?p=6224#primaryimage"},"image":{"@id":"http:\/\/sudoesteacontece.com.br\/?p=6224#primaryimage"},"thumbnailUrl":"https:\/\/sudoesteacontece.com.br\/wp-content\/uploads\/2026\/01\/Mulher-morre-apos-cair-de-ambulancia-em-movimento-durante-transporte-em-Itabuna-sudoeste-acontece.jpg","datePublished":"2026-01-16T13:39:15+00:00","dateModified":"2026-01-16T13:39:21+00:00","breadcrumb":{"@id":"http:\/\/sudoesteacontece.com.br\/?p=6224#breadcrumb"},"inLanguage":"pt-BR","potentialAction":[{"@type":"ReadAction","target":["http:\/\/sudoesteacontece.com.br\/?p=6224"]}]},{"@type":"ImageObject","inLanguage":"pt-BR","@id":"http:\/\/sudoesteacontece.com.br\/?p=6224#primaryimage","url":"https:\/\/sudoesteacontece.com.br\/wp-content\/uploads\/2026\/01\/Mulher-morre-apos-cair-de-ambulancia-em-movimento-durante-transporte-em-Itabuna-sudoeste-acontece.jpg","contentUrl":"https:\/\/sudoesteacontece.com.br\/wp-content\/uploads\/2026\/01\/Mulher-morre-apos-cair-de-ambulancia-em-movimento-durante-transporte-em-Itabuna-sudoeste-acontece.jpg","width":900,"height":600},{"@type":"BreadcrumbList","@id":"http:\/\/sudoesteacontece.com.br\/?p=6224#breadcrumb","itemListElement":[{"@type":"ListItem","position":1,"name":"In\u00edcio","item":"https:\/\/sudoesteacontece.com.br\/"},{"@type":"ListItem","position":2,"name":"Mulher morre ap\u00f3s cair de ambul\u00e2ncia em movimento durante transporte em Itabuna"}]},{"@type":"WebSite","@id":"https:\/\/sudoesteacontece.com.br\/#website","url":"https:\/\/sudoesteacontece.com.br\/","name":"Sudoesteacontece","description":"","publisher":{"@id":"https:\/\/sudoesteacontece.com.br\/#organization"},"potentialAction":[{"@type":"SearchAction","target":{"@type":"EntryPoint","urlTemplate":"https:\/\/sudoesteacontece.com.br\/?s={search_term_string}"},"query-input":{"@type":"PropertyValueSpecification","valueRequired":true,"valueName":"search_term_string"}}],"inLanguage":"pt-BR"},{"@type":"Organization","@id":"https:\/\/sudoesteacontece.com.br\/#organization","name":"Sudoesteacontece","url":"https:\/\/sudoesteacontece.com.br\/","logo":{"@type":"ImageObject","inLanguage":"pt-BR","@id":"https:\/\/sudoesteacontece.com.br\/#\/schema\/logo\/image\/","url":"https:\/\/sudoesteacontece.com.br\/wp-content\/uploads\/2025\/12\/cropped-logo-2-180x180-1.png","contentUrl":"https:\/\/sudoesteacontece.com.br\/wp-content\/uploads\/2025\/12\/cropped-logo-2-180x180-1.png","width":180,"height":180,"caption":"Sudoesteacontece"},"image":{"@id":"https:\/\/sudoesteacontece.com.br\/#\/schema\/logo\/image\/"},"sameAs":["https:\/\/www.facebook.com\/sudoesteacontece\/?locale=pt_BR"]},{"@type":"Person","@id":"https:\/\/sudoesteacontece.com.br\/#\/schema\/person\/a4f22429c1d0923ef8f7d43343f8dc38","name":"Reda\u00e7\u00e3o","image":{"@type":"ImageObject","inLanguage":"pt-BR","@id":"https:\/\/sudoesteacontece.com.br\/#\/schema\/person\/image\/","url":"https:\/\/secure.gravatar.com\/avatar\/c3a5b3c93f268a709c25a2df414c629a96fb3b1b4bf97a94fb3f72e54ae76903?s=96&d=mm&r=g","contentUrl":"https:\/\/secure.gravatar.com\/avatar\/c3a5b3c93f268a709c25a2df414c629a96fb3b1b4bf97a94fb3f72e54ae76903?s=96&d=mm&r=g","caption":"Reda\u00e7\u00e3o"},"url":"https:\/\/sudoesteacontece.com.br\/?author=4"}]}},"_links":{"self":[{"href":"https:\/\/sudoesteacontece.com.br\/index.php?rest_route=\/wp\/v2\/posts\/6224","targetHints":{"allow":["GET"]}}],"collection":[{"href":"https:\/\/sudoesteacontece.com.br\/index.php?rest_route=\/wp\/v2\/posts"}],"about":[{"href":"https:\/\/sudoesteacontece.com.br\/index.php?rest_route=\/wp\/v2\/types\/post"}],"author":[{"embeddable":true,"href":"https:\/\/sudoesteacontece.com.br\/index.php?rest_route=\/wp\/v2\/users\/4"}],"replies":[{"embeddable":true,"href":"https:\/\/sudoesteacontece.com.br\/index.php?rest_route=%2Fwp%2Fv2%2Fcomments&post=6224"}],"version-history":[{"count":0,"href":"https:\/\/sudoesteacontece.com.br\/index.php?rest_route=\/wp\/v2\/posts\/6224\/revisions"}],"wp:featuredmedia":[{"embeddable":true,"href":"https:\/\/sudoesteacontece.com.br\/index.php?rest_route=\/wp\/v2\/media\/6256"}],"wp:attachment":[{"href":"https:\/\/sudoesteacontece.com.br\/index.php?rest_route=%2Fwp%2Fv2%2Fmedia&parent=6224"}],"wp:term":[{"taxonomy":"category","embeddable":true,"href":"https:\/\/sudoesteacontece.com.br\/index.php?rest_route=%2Fwp%2Fv2%2Fcategories&post=6224"},{"taxonomy":"post_tag","embeddable":true,"href":"https:\/\/sudoesteacontece.com.br\/index.php?rest_route=%2Fwp%2Fv2%2Ftags&post=6224"}],"curies":[{"name":"wp","href":"https:\/\/api.w.org\/{rel}","templated":true}]}}