{"id":6228,"date":"2026-01-16T10:40:26","date_gmt":"2026-01-16T13:40:26","guid":{"rendered":"https:\/\/sudoesteacontece.com.br\/?p=6228"},"modified":"2026-01-16T10:40:32","modified_gmt":"2026-01-16T13:40:32","slug":"joao-roma-lamenta-morte-de-capitao-da-pm-e-atribui-violencia-na-bahia-a-legado-do-pt","status":"publish","type":"post","link":"https:\/\/sudoesteacontece.com.br\/?p=6228","title":{"rendered":"Jo\u00e3o Roma lamenta morte de capit\u00e3o da PM e atribui viol\u00eancia na Bahia a legado do PT"},"content":{"rendered":"<div class=\"wp-block-image\">\n<figure class=\"aligncenter size-full\"><img fetchpriority=\"high\" decoding=\"async\" width=\"900\" height=\"600\" src=\"http:\/\/sudoesteacontece.com.br\/wp-content\/uploads\/2026\/01\/Joao-Roma-reage-a-proposta-de-chapa-unica-e-diz-que-oposicao-so-vence-unida-na-Bahia.jpg\" alt=\"\" class=\"wp-image-6163\" srcset=\"https:\/\/sudoesteacontece.com.br\/wp-content\/uploads\/2026\/01\/Joao-Roma-reage-a-proposta-de-chapa-unica-e-diz-que-oposicao-so-vence-unida-na-Bahia.jpg 900w, https:\/\/sudoesteacontece.com.br\/wp-content\/uploads\/2026\/01\/Joao-Roma-reage-a-proposta-de-chapa-unica-e-diz-que-oposicao-so-vence-unida-na-Bahia-300x200.jpg 300w, https:\/\/sudoesteacontece.com.br\/wp-content\/uploads\/2026\/01\/Joao-Roma-reage-a-proposta-de-chapa-unica-e-diz-que-oposicao-so-vence-unida-na-Bahia-768x512.jpg 768w\" sizes=\"(max-width: 900px) 100vw, 900px\" \/><\/figure>\n<\/div>\n\n\n<p>L\u00edder do PL na Bahia, o ex-ministro Jo\u00e3o Roma lamentou nesta sexta-feira (16) a morte do capit\u00e3o da Pol\u00edcia Militar Osni\u00e9sio Pereira Salom\u00e3o. O oficial foi assassinado durante uma tentativa de assalto na noite de quinta-feira (15), na Avenida Contorno, em Salvador, em um crime que gerou como\u00e7\u00e3o dentro e fora da corpora\u00e7\u00e3o.<\/p>\n\n\n\n<p>Segundo Roma, a morte do capit\u00e3o representa uma trag\u00e9dia que ultrapassa o luto familiar e atinge toda a sociedade baiana. Para ele, o assassinato exp\u00f5e um cen\u00e1rio de viol\u00eancia crescente no estado, agravado pelo fato de o crime ter ocorrido na noite da Lavagem do Bonfim, data simb\u00f3lica de f\u00e9 e esperan\u00e7a.<\/p>\n\n\n\n<p>Durante declara\u00e7\u00e3o p\u00fablica, o dirigente partid\u00e1rio afirmou que a viol\u00eancia na Bahia \u00e9 resultado de um legado deixado por mais de 20 anos de governos do PT. Roma avaliou que pol\u00edticas de seguran\u00e7a ineficientes contribu\u00edram para o avan\u00e7o da criminalidade e para a vulnerabilidade da popula\u00e7\u00e3o e dos pr\u00f3prios agentes p\u00fablicos.<\/p>\n\n\n\n<p>Ainda conforme o ex-ministro, o assassinato do capit\u00e3o reflete um ambiente de impunidade, com atua\u00e7\u00e3o de fac\u00e7\u00f5es criminosas em bairros e rodovias. Ele citou relatos de cobran\u00e7a de \u201cped\u00e1gios\u201d e ataques que j\u00e1 vitimaram trabalhadores, comerciantes e agora integrantes das for\u00e7as de seguran\u00e7a.<\/p>\n\n\n\n<p>Ao concluir, Jo\u00e3o Roma disse que n\u00e3o \u00e9 poss\u00edvel normalizar crimes dessa gravidade. O presidente do PL afirmou que a Bahia vive um quadro em que o crime desafia o Estado e imp\u00f5e medo \u00e0 popula\u00e7\u00e3o, defendendo mudan\u00e7as urgentes para garantir seguran\u00e7a e prote\u00e7\u00e3o aos policiais e aos cidad\u00e3os.<\/p>\n","protected":false},"excerpt":{"rendered":"<p>L\u00edder do PL na Bahia, o ex-ministro Jo\u00e3o Roma lamentou nesta sexta-feira (16) a morte do capit\u00e3o da Pol\u00edcia Militar Osni\u00e9sio Pereira Salom\u00e3o. O oficial foi assassinado durante uma tentativa de assalto na noite de quinta-feira (15), na Avenida Contorno, em Salvador, em um crime que gerou como\u00e7\u00e3o dentro e fora da corpora\u00e7\u00e3o. Segundo Roma, a morte do capit\u00e3o representa uma trag\u00e9dia que ultrapassa o luto familiar e atinge toda a sociedade baiana. Para ele, o assassinato exp\u00f5e um cen\u00e1rio de viol\u00eancia crescente no estado, agravado pelo fato de o crime ter ocorrido na noite da Lavagem do Bonfim, data simb\u00f3lica de f\u00e9 e esperan\u00e7a. Durante declara\u00e7\u00e3o p\u00fablica, o dirigente partid\u00e1rio afirmou que a viol\u00eancia na Bahia \u00e9 resultado de um legado deixado por mais de 20 anos de governos do PT. Roma avaliou que pol\u00edticas de seguran\u00e7a ineficientes contribu\u00edram para o avan\u00e7o da criminalidade e para a vulnerabilidade da popula\u00e7\u00e3o e dos pr\u00f3prios agentes p\u00fablicos. Ainda conforme o ex-ministro, o assassinato do capit\u00e3o reflete um ambiente de impunidade, com atua\u00e7\u00e3o de fac\u00e7\u00f5es criminosas em bairros e rodovias. Ele citou relatos de cobran\u00e7a de \u201cped\u00e1gios\u201d e ataques que j\u00e1 vitimaram trabalhadores, comerciantes e agora integrantes das for\u00e7as de seguran\u00e7a. Ao concluir, Jo\u00e3o Roma disse que n\u00e3o \u00e9 poss\u00edvel normalizar crimes dessa gravidade. O presidente do PL afirmou que a Bahia vive um quadro em que o crime desafia o Estado e imp\u00f5e medo \u00e0 popula\u00e7\u00e3o, defendendo mudan\u00e7as urgentes para garantir seguran\u00e7a e prote\u00e7\u00e3o aos policiais e aos cidad\u00e3os.<\/p>\n","protected":false},"author":4,"featured_media":6163,"comment_status":"open","ping_status":"open","sticky":false,"template":"","format":"standard","meta":{"footnotes":""},"categories":[7,58,3,6],"tags":[],"class_list":["post-6228","post","type-post","status-publish","format-standard","has-post-thumbnail","hentry","category-bahia","category-eleicoes-2026","category-policia","category-politica"],"yoast_head":"<!-- This site is optimized with the Yoast SEO plugin v26.5 - https:\/\/yoast.com\/wordpress\/plugins\/seo\/ -->\n<title>Jo\u00e3o Roma lamenta morte de capit\u00e3o da PM e atribui viol\u00eancia na Bahia a legado do PT - Sudoesteacontece<\/title>\n<meta name=\"robots\" content=\"index, follow, max-snippet:-1, max-image-preview:large, max-video-preview:-1\" \/>\n<link rel=\"canonical\" href=\"https:\/\/sudoesteacontece.com.br\/?p=6228\" \/>\n<meta property=\"og:locale\" content=\"pt_BR\" \/>\n<meta property=\"og:type\" content=\"article\" \/>\n<meta property=\"og:title\" content=\"Jo\u00e3o Roma lamenta morte de capit\u00e3o da PM e atribui viol\u00eancia na Bahia a legado do PT - Sudoesteacontece\" \/>\n<meta property=\"og:description\" content=\"L\u00edder do PL na Bahia, o ex-ministro Jo\u00e3o Roma lamentou nesta sexta-feira (16) a morte do capit\u00e3o da Pol\u00edcia Militar Osni\u00e9sio Pereira Salom\u00e3o. O oficial foi assassinado durante uma tentativa de assalto na noite de quinta-feira (15), na Avenida Contorno, em Salvador, em um crime que gerou como\u00e7\u00e3o dentro e fora da corpora\u00e7\u00e3o. Segundo Roma, a morte do capit\u00e3o representa uma trag\u00e9dia que ultrapassa o luto familiar e atinge toda a sociedade baiana. Para ele, o assassinato exp\u00f5e um cen\u00e1rio de viol\u00eancia crescente no estado, agravado pelo fato de o crime ter ocorrido na noite da Lavagem do Bonfim, data simb\u00f3lica de f\u00e9 e esperan\u00e7a. Durante declara\u00e7\u00e3o p\u00fablica, o dirigente partid\u00e1rio afirmou que a viol\u00eancia na Bahia \u00e9 resultado de um legado deixado por mais de 20 anos de governos do PT. Roma avaliou que pol\u00edticas de seguran\u00e7a ineficientes contribu\u00edram para o avan\u00e7o da criminalidade e para a vulnerabilidade da popula\u00e7\u00e3o e dos pr\u00f3prios agentes p\u00fablicos. Ainda conforme o ex-ministro, o assassinato do capit\u00e3o reflete um ambiente de impunidade, com atua\u00e7\u00e3o de fac\u00e7\u00f5es criminosas em bairros e rodovias. Ele citou relatos de cobran\u00e7a de \u201cped\u00e1gios\u201d e ataques que j\u00e1 vitimaram trabalhadores, comerciantes e agora integrantes das for\u00e7as de seguran\u00e7a. Ao concluir, Jo\u00e3o Roma disse que n\u00e3o \u00e9 poss\u00edvel normalizar crimes dessa gravidade. O presidente do PL afirmou que a Bahia vive um quadro em que o crime desafia o Estado e imp\u00f5e medo \u00e0 popula\u00e7\u00e3o, defendendo mudan\u00e7as urgentes para garantir seguran\u00e7a e prote\u00e7\u00e3o aos policiais e aos cidad\u00e3os.\" \/>\n<meta property=\"og:url\" content=\"https:\/\/sudoesteacontece.com.br\/?p=6228\" \/>\n<meta property=\"og:site_name\" content=\"Sudoesteacontece\" \/>\n<meta property=\"article:publisher\" content=\"https:\/\/www.facebook.com\/sudoesteacontece\/?locale=pt_BR\" \/>\n<meta property=\"article:published_time\" content=\"2026-01-16T13:40:26+00:00\" \/>\n<meta property=\"article:modified_time\" content=\"2026-01-16T13:40:32+00:00\" \/>\n<meta property=\"og:image\" content=\"https:\/\/sudoesteacontece.com.br\/wp-content\/uploads\/2026\/01\/Joao-Roma-reage-a-proposta-de-chapa-unica-e-diz-que-oposicao-so-vence-unida-na-Bahia.jpg\" \/>\n\t<meta property=\"og:image:width\" content=\"900\" \/>\n\t<meta property=\"og:image:height\" content=\"600\" \/>\n\t<meta property=\"og:image:type\" content=\"image\/jpeg\" \/>\n<meta name=\"author\" content=\"Reda\u00e7\u00e3o\" \/>\n<meta name=\"twitter:card\" content=\"summary_large_image\" \/>\n<meta name=\"twitter:label1\" content=\"Escrito por\" \/>\n\t<meta name=\"twitter:data1\" content=\"Reda\u00e7\u00e3o\" \/>\n\t<meta name=\"twitter:label2\" content=\"Est. tempo de leitura\" \/>\n\t<meta name=\"twitter:data2\" content=\"2 minutos\" \/>\n<script type=\"application\/ld+json\" class=\"yoast-schema-graph\">{\"@context\":\"https:\/\/schema.org\",\"@graph\":[{\"@type\":\"Article\",\"@id\":\"https:\/\/sudoesteacontece.com.br\/?p=6228#article\",\"isPartOf\":{\"@id\":\"https:\/\/sudoesteacontece.com.br\/?p=6228\"},\"author\":{\"name\":\"Reda\u00e7\u00e3o\",\"@id\":\"https:\/\/sudoesteacontece.com.br\/#\/schema\/person\/a4f22429c1d0923ef8f7d43343f8dc38\"},\"headline\":\"Jo\u00e3o Roma lamenta morte de capit\u00e3o da PM e atribui viol\u00eancia na Bahia a legado do PT\",\"datePublished\":\"2026-01-16T13:40:26+00:00\",\"dateModified\":\"2026-01-16T13:40:32+00:00\",\"mainEntityOfPage\":{\"@id\":\"https:\/\/sudoesteacontece.com.br\/?p=6228\"},\"wordCount\":304,\"commentCount\":0,\"publisher\":{\"@id\":\"https:\/\/sudoesteacontece.com.br\/#organization\"},\"image\":{\"@id\":\"https:\/\/sudoesteacontece.com.br\/?p=6228#primaryimage\"},\"thumbnailUrl\":\"https:\/\/sudoesteacontece.com.br\/wp-content\/uploads\/2026\/01\/Joao-Roma-reage-a-proposta-de-chapa-unica-e-diz-que-oposicao-so-vence-unida-na-Bahia.jpg\",\"articleSection\":[\"Bahia\",\"Elei\u00e7\u00f5es 2026\",\"Pol\u00edcia\",\"Pol\u00edtica\"],\"inLanguage\":\"pt-BR\",\"potentialAction\":[{\"@type\":\"CommentAction\",\"name\":\"Comment\",\"target\":[\"https:\/\/sudoesteacontece.com.br\/?p=6228#respond\"]}]},{\"@type\":\"WebPage\",\"@id\":\"https:\/\/sudoesteacontece.com.br\/?p=6228\",\"url\":\"https:\/\/sudoesteacontece.com.br\/?p=6228\",\"name\":\"Jo\u00e3o Roma lamenta morte de capit\u00e3o da PM e atribui viol\u00eancia na Bahia a legado do PT - Sudoesteacontece\",\"isPartOf\":{\"@id\":\"https:\/\/sudoesteacontece.com.br\/#website\"},\"primaryImageOfPage\":{\"@id\":\"https:\/\/sudoesteacontece.com.br\/?p=6228#primaryimage\"},\"image\":{\"@id\":\"https:\/\/sudoesteacontece.com.br\/?p=6228#primaryimage\"},\"thumbnailUrl\":\"https:\/\/sudoesteacontece.com.br\/wp-content\/uploads\/2026\/01\/Joao-Roma-reage-a-proposta-de-chapa-unica-e-diz-que-oposicao-so-vence-unida-na-Bahia.jpg\",\"datePublished\":\"2026-01-16T13:40:26+00:00\",\"dateModified\":\"2026-01-16T13:40:32+00:00\",\"breadcrumb\":{\"@id\":\"https:\/\/sudoesteacontece.com.br\/?p=6228#breadcrumb\"},\"inLanguage\":\"pt-BR\",\"potentialAction\":[{\"@type\":\"ReadAction\",\"target\":[\"https:\/\/sudoesteacontece.com.br\/?p=6228\"]}]},{\"@type\":\"ImageObject\",\"inLanguage\":\"pt-BR\",\"@id\":\"https:\/\/sudoesteacontece.com.br\/?p=6228#primaryimage\",\"url\":\"https:\/\/sudoesteacontece.com.br\/wp-content\/uploads\/2026\/01\/Joao-Roma-reage-a-proposta-de-chapa-unica-e-diz-que-oposicao-so-vence-unida-na-Bahia.jpg\",\"contentUrl\":\"https:\/\/sudoesteacontece.com.br\/wp-content\/uploads\/2026\/01\/Joao-Roma-reage-a-proposta-de-chapa-unica-e-diz-que-oposicao-so-vence-unida-na-Bahia.jpg\",\"width\":900,\"height\":600},{\"@type\":\"BreadcrumbList\",\"@id\":\"https:\/\/sudoesteacontece.com.br\/?p=6228#breadcrumb\",\"itemListElement\":[{\"@type\":\"ListItem\",\"position\":1,\"name\":\"In\u00edcio\",\"item\":\"https:\/\/sudoesteacontece.com.br\/\"},{\"@type\":\"ListItem\",\"position\":2,\"name\":\"Jo\u00e3o Roma lamenta morte de capit\u00e3o da PM e atribui viol\u00eancia na Bahia a legado do PT\"}]},{\"@type\":\"WebSite\",\"@id\":\"https:\/\/sudoesteacontece.com.br\/#website\",\"url\":\"https:\/\/sudoesteacontece.com.br\/\",\"name\":\"Sudoesteacontece\",\"description\":\"\",\"publisher\":{\"@id\":\"https:\/\/sudoesteacontece.com.br\/#organization\"},\"potentialAction\":[{\"@type\":\"SearchAction\",\"target\":{\"@type\":\"EntryPoint\",\"urlTemplate\":\"https:\/\/sudoesteacontece.com.br\/?s={search_term_string}\"},\"query-input\":{\"@type\":\"PropertyValueSpecification\",\"valueRequired\":true,\"valueName\":\"search_term_string\"}}],\"inLanguage\":\"pt-BR\"},{\"@type\":\"Organization\",\"@id\":\"https:\/\/sudoesteacontece.com.br\/#organization\",\"name\":\"Sudoesteacontece\",\"url\":\"https:\/\/sudoesteacontece.com.br\/\",\"logo\":{\"@type\":\"ImageObject\",\"inLanguage\":\"pt-BR\",\"@id\":\"https:\/\/sudoesteacontece.com.br\/#\/schema\/logo\/image\/\",\"url\":\"https:\/\/sudoesteacontece.com.br\/wp-content\/uploads\/2025\/12\/cropped-logo-2-180x180-1.png\",\"contentUrl\":\"https:\/\/sudoesteacontece.com.br\/wp-content\/uploads\/2025\/12\/cropped-logo-2-180x180-1.png\",\"width\":180,\"height\":180,\"caption\":\"Sudoesteacontece\"},\"image\":{\"@id\":\"https:\/\/sudoesteacontece.com.br\/#\/schema\/logo\/image\/\"},\"sameAs\":[\"https:\/\/www.facebook.com\/sudoesteacontece\/?locale=pt_BR\"]},{\"@type\":\"Person\",\"@id\":\"https:\/\/sudoesteacontece.com.br\/#\/schema\/person\/a4f22429c1d0923ef8f7d43343f8dc38\",\"name\":\"Reda\u00e7\u00e3o\",\"image\":{\"@type\":\"ImageObject\",\"inLanguage\":\"pt-BR\",\"@id\":\"https:\/\/sudoesteacontece.com.br\/#\/schema\/person\/image\/\",\"url\":\"https:\/\/secure.gravatar.com\/avatar\/c3a5b3c93f268a709c25a2df414c629a96fb3b1b4bf97a94fb3f72e54ae76903?s=96&d=mm&r=g\",\"contentUrl\":\"https:\/\/secure.gravatar.com\/avatar\/c3a5b3c93f268a709c25a2df414c629a96fb3b1b4bf97a94fb3f72e54ae76903?s=96&d=mm&r=g\",\"caption\":\"Reda\u00e7\u00e3o\"},\"url\":\"https:\/\/sudoesteacontece.com.br\/?author=4\"}]}<\/script>\n<!-- \/ Yoast SEO plugin. -->","yoast_head_json":{"title":"Jo\u00e3o Roma lamenta morte de capit\u00e3o da PM e atribui viol\u00eancia na Bahia a legado do PT - Sudoesteacontece","robots":{"index":"index","follow":"follow","max-snippet":"max-snippet:-1","max-image-preview":"max-image-preview:large","max-video-preview":"max-video-preview:-1"},"canonical":"https:\/\/sudoesteacontece.com.br\/?p=6228","og_locale":"pt_BR","og_type":"article","og_title":"Jo\u00e3o Roma lamenta morte de capit\u00e3o da PM e atribui viol\u00eancia na Bahia a legado do PT - Sudoesteacontece","og_description":"L\u00edder do PL na Bahia, o ex-ministro Jo\u00e3o Roma lamentou nesta sexta-feira (16) a morte do capit\u00e3o da Pol\u00edcia Militar Osni\u00e9sio Pereira Salom\u00e3o. O oficial foi assassinado durante uma tentativa de assalto na noite de quinta-feira (15), na Avenida Contorno, em Salvador, em um crime que gerou como\u00e7\u00e3o dentro e fora da corpora\u00e7\u00e3o. Segundo Roma, a morte do capit\u00e3o representa uma trag\u00e9dia que ultrapassa o luto familiar e atinge toda a sociedade baiana. Para ele, o assassinato exp\u00f5e um cen\u00e1rio de viol\u00eancia crescente no estado, agravado pelo fato de o crime ter ocorrido na noite da Lavagem do Bonfim, data simb\u00f3lica de f\u00e9 e esperan\u00e7a. Durante declara\u00e7\u00e3o p\u00fablica, o dirigente partid\u00e1rio afirmou que a viol\u00eancia na Bahia \u00e9 resultado de um legado deixado por mais de 20 anos de governos do PT. Roma avaliou que pol\u00edticas de seguran\u00e7a ineficientes contribu\u00edram para o avan\u00e7o da criminalidade e para a vulnerabilidade da popula\u00e7\u00e3o e dos pr\u00f3prios agentes p\u00fablicos. Ainda conforme o ex-ministro, o assassinato do capit\u00e3o reflete um ambiente de impunidade, com atua\u00e7\u00e3o de fac\u00e7\u00f5es criminosas em bairros e rodovias. Ele citou relatos de cobran\u00e7a de \u201cped\u00e1gios\u201d e ataques que j\u00e1 vitimaram trabalhadores, comerciantes e agora integrantes das for\u00e7as de seguran\u00e7a. Ao concluir, Jo\u00e3o Roma disse que n\u00e3o \u00e9 poss\u00edvel normalizar crimes dessa gravidade. O presidente do PL afirmou que a Bahia vive um quadro em que o crime desafia o Estado e imp\u00f5e medo \u00e0 popula\u00e7\u00e3o, defendendo mudan\u00e7as urgentes para garantir seguran\u00e7a e prote\u00e7\u00e3o aos policiais e aos cidad\u00e3os.","og_url":"https:\/\/sudoesteacontece.com.br\/?p=6228","og_site_name":"Sudoesteacontece","article_publisher":"https:\/\/www.facebook.com\/sudoesteacontece\/?locale=pt_BR","article_published_time":"2026-01-16T13:40:26+00:00","article_modified_time":"2026-01-16T13:40:32+00:00","og_image":[{"width":900,"height":600,"url":"https:\/\/sudoesteacontece.com.br\/wp-content\/uploads\/2026\/01\/Joao-Roma-reage-a-proposta-de-chapa-unica-e-diz-que-oposicao-so-vence-unida-na-Bahia.jpg","type":"image\/jpeg"}],"author":"Reda\u00e7\u00e3o","twitter_card":"summary_large_image","twitter_misc":{"Escrito por":"Reda\u00e7\u00e3o","Est. tempo de leitura":"2 minutos"},"schema":{"@context":"https:\/\/schema.org","@graph":[{"@type":"Article","@id":"https:\/\/sudoesteacontece.com.br\/?p=6228#article","isPartOf":{"@id":"https:\/\/sudoesteacontece.com.br\/?p=6228"},"author":{"name":"Reda\u00e7\u00e3o","@id":"https:\/\/sudoesteacontece.com.br\/#\/schema\/person\/a4f22429c1d0923ef8f7d43343f8dc38"},"headline":"Jo\u00e3o Roma lamenta morte de capit\u00e3o da PM e atribui viol\u00eancia na Bahia a legado do PT","datePublished":"2026-01-16T13:40:26+00:00","dateModified":"2026-01-16T13:40:32+00:00","mainEntityOfPage":{"@id":"https:\/\/sudoesteacontece.com.br\/?p=6228"},"wordCount":304,"commentCount":0,"publisher":{"@id":"https:\/\/sudoesteacontece.com.br\/#organization"},"image":{"@id":"https:\/\/sudoesteacontece.com.br\/?p=6228#primaryimage"},"thumbnailUrl":"https:\/\/sudoesteacontece.com.br\/wp-content\/uploads\/2026\/01\/Joao-Roma-reage-a-proposta-de-chapa-unica-e-diz-que-oposicao-so-vence-unida-na-Bahia.jpg","articleSection":["Bahia","Elei\u00e7\u00f5es 2026","Pol\u00edcia","Pol\u00edtica"],"inLanguage":"pt-BR","potentialAction":[{"@type":"CommentAction","name":"Comment","target":["https:\/\/sudoesteacontece.com.br\/?p=6228#respond"]}]},{"@type":"WebPage","@id":"https:\/\/sudoesteacontece.com.br\/?p=6228","url":"https:\/\/sudoesteacontece.com.br\/?p=6228","name":"Jo\u00e3o Roma lamenta morte de capit\u00e3o da PM e atribui viol\u00eancia na Bahia a legado do PT - Sudoesteacontece","isPartOf":{"@id":"https:\/\/sudoesteacontece.com.br\/#website"},"primaryImageOfPage":{"@id":"https:\/\/sudoesteacontece.com.br\/?p=6228#primaryimage"},"image":{"@id":"https:\/\/sudoesteacontece.com.br\/?p=6228#primaryimage"},"thumbnailUrl":"https:\/\/sudoesteacontece.com.br\/wp-content\/uploads\/2026\/01\/Joao-Roma-reage-a-proposta-de-chapa-unica-e-diz-que-oposicao-so-vence-unida-na-Bahia.jpg","datePublished":"2026-01-16T13:40:26+00:00","dateModified":"2026-01-16T13:40:32+00:00","breadcrumb":{"@id":"https:\/\/sudoesteacontece.com.br\/?p=6228#breadcrumb"},"inLanguage":"pt-BR","potentialAction":[{"@type":"ReadAction","target":["https:\/\/sudoesteacontece.com.br\/?p=6228"]}]},{"@type":"ImageObject","inLanguage":"pt-BR","@id":"https:\/\/sudoesteacontece.com.br\/?p=6228#primaryimage","url":"https:\/\/sudoesteacontece.com.br\/wp-content\/uploads\/2026\/01\/Joao-Roma-reage-a-proposta-de-chapa-unica-e-diz-que-oposicao-so-vence-unida-na-Bahia.jpg","contentUrl":"https:\/\/sudoesteacontece.com.br\/wp-content\/uploads\/2026\/01\/Joao-Roma-reage-a-proposta-de-chapa-unica-e-diz-que-oposicao-so-vence-unida-na-Bahia.jpg","width":900,"height":600},{"@type":"BreadcrumbList","@id":"https:\/\/sudoesteacontece.com.br\/?p=6228#breadcrumb","itemListElement":[{"@type":"ListItem","position":1,"name":"In\u00edcio","item":"https:\/\/sudoesteacontece.com.br\/"},{"@type":"ListItem","position":2,"name":"Jo\u00e3o Roma lamenta morte de capit\u00e3o da PM e atribui viol\u00eancia na Bahia a legado do PT"}]},{"@type":"WebSite","@id":"https:\/\/sudoesteacontece.com.br\/#website","url":"https:\/\/sudoesteacontece.com.br\/","name":"Sudoesteacontece","description":"","publisher":{"@id":"https:\/\/sudoesteacontece.com.br\/#organization"},"potentialAction":[{"@type":"SearchAction","target":{"@type":"EntryPoint","urlTemplate":"https:\/\/sudoesteacontece.com.br\/?s={search_term_string}"},"query-input":{"@type":"PropertyValueSpecification","valueRequired":true,"valueName":"search_term_string"}}],"inLanguage":"pt-BR"},{"@type":"Organization","@id":"https:\/\/sudoesteacontece.com.br\/#organization","name":"Sudoesteacontece","url":"https:\/\/sudoesteacontece.com.br\/","logo":{"@type":"ImageObject","inLanguage":"pt-BR","@id":"https:\/\/sudoesteacontece.com.br\/#\/schema\/logo\/image\/","url":"https:\/\/sudoesteacontece.com.br\/wp-content\/uploads\/2025\/12\/cropped-logo-2-180x180-1.png","contentUrl":"https:\/\/sudoesteacontece.com.br\/wp-content\/uploads\/2025\/12\/cropped-logo-2-180x180-1.png","width":180,"height":180,"caption":"Sudoesteacontece"},"image":{"@id":"https:\/\/sudoesteacontece.com.br\/#\/schema\/logo\/image\/"},"sameAs":["https:\/\/www.facebook.com\/sudoesteacontece\/?locale=pt_BR"]},{"@type":"Person","@id":"https:\/\/sudoesteacontece.com.br\/#\/schema\/person\/a4f22429c1d0923ef8f7d43343f8dc38","name":"Reda\u00e7\u00e3o","image":{"@type":"ImageObject","inLanguage":"pt-BR","@id":"https:\/\/sudoesteacontece.com.br\/#\/schema\/person\/image\/","url":"https:\/\/secure.gravatar.com\/avatar\/c3a5b3c93f268a709c25a2df414c629a96fb3b1b4bf97a94fb3f72e54ae76903?s=96&d=mm&r=g","contentUrl":"https:\/\/secure.gravatar.com\/avatar\/c3a5b3c93f268a709c25a2df414c629a96fb3b1b4bf97a94fb3f72e54ae76903?s=96&d=mm&r=g","caption":"Reda\u00e7\u00e3o"},"url":"https:\/\/sudoesteacontece.com.br\/?author=4"}]}},"_links":{"self":[{"href":"https:\/\/sudoesteacontece.com.br\/index.php?rest_route=\/wp\/v2\/posts\/6228","targetHints":{"allow":["GET"]}}],"collection":[{"href":"https:\/\/sudoesteacontece.com.br\/index.php?rest_route=\/wp\/v2\/posts"}],"about":[{"href":"https:\/\/sudoesteacontece.com.br\/index.php?rest_route=\/wp\/v2\/types\/post"}],"author":[{"embeddable":true,"href":"https:\/\/sudoesteacontece.com.br\/index.php?rest_route=\/wp\/v2\/users\/4"}],"replies":[{"embeddable":true,"href":"https:\/\/sudoesteacontece.com.br\/index.php?rest_route=%2Fwp%2Fv2%2Fcomments&post=6228"}],"version-history":[{"count":0,"href":"https:\/\/sudoesteacontece.com.br\/index.php?rest_route=\/wp\/v2\/posts\/6228\/revisions"}],"wp:featuredmedia":[{"embeddable":true,"href":"https:\/\/sudoesteacontece.com.br\/index.php?rest_route=\/wp\/v2\/media\/6163"}],"wp:attachment":[{"href":"https:\/\/sudoesteacontece.com.br\/index.php?rest_route=%2Fwp%2Fv2%2Fmedia&parent=6228"}],"wp:term":[{"taxonomy":"category","embeddable":true,"href":"https:\/\/sudoesteacontece.com.br\/index.php?rest_route=%2Fwp%2Fv2%2Fcategories&post=6228"},{"taxonomy":"post_tag","embeddable":true,"href":"https:\/\/sudoesteacontece.com.br\/index.php?rest_route=%2Fwp%2Fv2%2Ftags&post=6228"}],"curies":[{"name":"wp","href":"https:\/\/api.w.org\/{rel}","templated":true}]}}