{"id":6230,"date":"2026-01-16T11:03:12","date_gmt":"2026-01-16T14:03:12","guid":{"rendered":"https:\/\/sudoesteacontece.com.br\/?p=6230"},"modified":"2026-01-16T11:03:17","modified_gmt":"2026-01-16T14:03:17","slug":"dom-basilio-avanca-na-criacao-do-conselho-municipal-de-seguranca-publica","status":"publish","type":"post","link":"https:\/\/sudoesteacontece.com.br\/?p=6230","title":{"rendered":"Dom Bas\u00edlio avan\u00e7a na cria\u00e7\u00e3o do Conselho Municipal de Seguran\u00e7a P\u00fablica"},"content":{"rendered":"<div class=\"wp-block-image\">\n<figure class=\"aligncenter size-full\"><img fetchpriority=\"high\" decoding=\"async\" width=\"900\" height=\"600\" src=\"http:\/\/sudoesteacontece.com.br\/wp-content\/uploads\/2026\/01\/Dom-Basilio-avanca-na-criacao-do-Conselho-Municipal-de-Seguranca-Publica-sudoeste-acontece.jpg\" alt=\"\" class=\"wp-image-6275\" srcset=\"https:\/\/sudoesteacontece.com.br\/wp-content\/uploads\/2026\/01\/Dom-Basilio-avanca-na-criacao-do-Conselho-Municipal-de-Seguranca-Publica-sudoeste-acontece.jpg 900w, https:\/\/sudoesteacontece.com.br\/wp-content\/uploads\/2026\/01\/Dom-Basilio-avanca-na-criacao-do-Conselho-Municipal-de-Seguranca-Publica-sudoeste-acontece-300x200.jpg 300w, https:\/\/sudoesteacontece.com.br\/wp-content\/uploads\/2026\/01\/Dom-Basilio-avanca-na-criacao-do-Conselho-Municipal-de-Seguranca-Publica-sudoeste-acontece-768x512.jpg 768w\" sizes=\"(max-width: 900px) 100vw, 900px\" \/><\/figure>\n<\/div>\n\n\n<p>Dom Bas\u00edlio deu mais um passo para estruturar pol\u00edticas de seguran\u00e7a p\u00fablica. Representantes do munic\u00edpio participaram de reuni\u00e3o no Minist\u00e9rio P\u00fablico da Bahia para alinhar demandas e receber orienta\u00e7\u00f5es sobre a cria\u00e7\u00e3o do Conselho Municipal de Seguran\u00e7a P\u00fablica e Defesa Social.<\/p>\n\n\n\n<p>Durante o encontro, o prefeito Fernando Santos e integrantes do setor jur\u00eddico da prefeitura discutiram aspectos legais e institucionais necess\u00e1rios para a implanta\u00e7\u00e3o do conselho. A proposta \u00e9 garantir respaldo jur\u00eddico e funcionamento adequado do \u00f3rg\u00e3o no munic\u00edpio.<\/p>\n\n\n\n<p>Segundo a gest\u00e3o municipal, o conselho ter\u00e1 papel estrat\u00e9gico ao ampliar a participa\u00e7\u00e3o da sociedade e fortalecer a integra\u00e7\u00e3o entre poder p\u00fablico, \u00f3rg\u00e3os de controle e for\u00e7as de seguran\u00e7a, contribuindo para a\u00e7\u00f5es de preven\u00e7\u00e3o da viol\u00eancia.<\/p>\n\n\n\n<p>Al\u00e9m disso, a iniciativa busca qualificar o planejamento de pol\u00edticas p\u00fablicas voltadas \u00e0 cidadania e \u00e0 seguran\u00e7a, com foco nas necessidades locais e na constru\u00e7\u00e3o de solu\u00e7\u00f5es conjuntas para problemas recorrentes da comunidade.<\/p>\n\n\n\n<p>Por fim, a prefeitura informou que o di\u00e1logo com o Minist\u00e9rio P\u00fablico integra um conjunto de medidas de fortalecimento institucional, com ado\u00e7\u00e3o de pr\u00e1ticas administrativas alinhadas \u00e0 legisla\u00e7\u00e3o e ao interesse p\u00fablico.<\/p>\n","protected":false},"excerpt":{"rendered":"<p>Dom Bas\u00edlio deu mais um passo para estruturar pol\u00edticas de seguran\u00e7a p\u00fablica. Representantes do munic\u00edpio participaram de reuni\u00e3o no Minist\u00e9rio P\u00fablico da Bahia para alinhar demandas e receber orienta\u00e7\u00f5es sobre a cria\u00e7\u00e3o do Conselho Municipal de Seguran\u00e7a P\u00fablica e Defesa Social. Durante o encontro, o prefeito Fernando Santos e integrantes do setor jur\u00eddico da prefeitura discutiram aspectos legais e institucionais necess\u00e1rios para a implanta\u00e7\u00e3o do conselho. A proposta \u00e9 garantir respaldo jur\u00eddico e funcionamento adequado do \u00f3rg\u00e3o no munic\u00edpio. Segundo a gest\u00e3o municipal, o conselho ter\u00e1 papel estrat\u00e9gico ao ampliar a participa\u00e7\u00e3o da sociedade e fortalecer a integra\u00e7\u00e3o entre poder p\u00fablico, \u00f3rg\u00e3os de controle e for\u00e7as de seguran\u00e7a, contribuindo para a\u00e7\u00f5es de preven\u00e7\u00e3o da viol\u00eancia. Al\u00e9m disso, a iniciativa busca qualificar o planejamento de pol\u00edticas p\u00fablicas voltadas \u00e0 cidadania e \u00e0 seguran\u00e7a, com foco nas necessidades locais e na constru\u00e7\u00e3o de solu\u00e7\u00f5es conjuntas para problemas recorrentes da comunidade. Por fim, a prefeitura informou que o di\u00e1logo com o Minist\u00e9rio P\u00fablico integra um conjunto de medidas de fortalecimento institucional, com ado\u00e7\u00e3o de pr\u00e1ticas administrativas alinhadas \u00e0 legisla\u00e7\u00e3o e ao interesse p\u00fablico.<\/p>\n","protected":false},"author":4,"featured_media":6275,"comment_status":"open","ping_status":"open","sticky":false,"template":"","format":"standard","meta":{"footnotes":""},"categories":[4,63,6],"tags":[],"class_list":["post-6230","post","type-post","status-publish","format-standard","has-post-thumbnail","hentry","category-cidades","category-dom-basilio","category-politica"],"yoast_head":"<!-- This site is optimized with the Yoast SEO plugin v26.5 - https:\/\/yoast.com\/wordpress\/plugins\/seo\/ -->\n<title>Dom Bas\u00edlio avan\u00e7a na cria\u00e7\u00e3o do Conselho Municipal de Seguran\u00e7a P\u00fablica - Sudoesteacontece<\/title>\n<meta name=\"robots\" content=\"index, follow, max-snippet:-1, max-image-preview:large, max-video-preview:-1\" \/>\n<link rel=\"canonical\" href=\"https:\/\/sudoesteacontece.com.br\/?p=6230\" \/>\n<meta property=\"og:locale\" content=\"pt_BR\" \/>\n<meta property=\"og:type\" content=\"article\" \/>\n<meta property=\"og:title\" content=\"Dom Bas\u00edlio avan\u00e7a na cria\u00e7\u00e3o do Conselho Municipal de Seguran\u00e7a P\u00fablica - Sudoesteacontece\" \/>\n<meta property=\"og:description\" content=\"Dom Bas\u00edlio deu mais um passo para estruturar pol\u00edticas de seguran\u00e7a p\u00fablica. Representantes do munic\u00edpio participaram de reuni\u00e3o no Minist\u00e9rio P\u00fablico da Bahia para alinhar demandas e receber orienta\u00e7\u00f5es sobre a cria\u00e7\u00e3o do Conselho Municipal de Seguran\u00e7a P\u00fablica e Defesa Social. Durante o encontro, o prefeito Fernando Santos e integrantes do setor jur\u00eddico da prefeitura discutiram aspectos legais e institucionais necess\u00e1rios para a implanta\u00e7\u00e3o do conselho. A proposta \u00e9 garantir respaldo jur\u00eddico e funcionamento adequado do \u00f3rg\u00e3o no munic\u00edpio. Segundo a gest\u00e3o municipal, o conselho ter\u00e1 papel estrat\u00e9gico ao ampliar a participa\u00e7\u00e3o da sociedade e fortalecer a integra\u00e7\u00e3o entre poder p\u00fablico, \u00f3rg\u00e3os de controle e for\u00e7as de seguran\u00e7a, contribuindo para a\u00e7\u00f5es de preven\u00e7\u00e3o da viol\u00eancia. Al\u00e9m disso, a iniciativa busca qualificar o planejamento de pol\u00edticas p\u00fablicas voltadas \u00e0 cidadania e \u00e0 seguran\u00e7a, com foco nas necessidades locais e na constru\u00e7\u00e3o de solu\u00e7\u00f5es conjuntas para problemas recorrentes da comunidade. Por fim, a prefeitura informou que o di\u00e1logo com o Minist\u00e9rio P\u00fablico integra um conjunto de medidas de fortalecimento institucional, com ado\u00e7\u00e3o de pr\u00e1ticas administrativas alinhadas \u00e0 legisla\u00e7\u00e3o e ao interesse p\u00fablico.\" \/>\n<meta property=\"og:url\" content=\"https:\/\/sudoesteacontece.com.br\/?p=6230\" \/>\n<meta property=\"og:site_name\" content=\"Sudoesteacontece\" \/>\n<meta property=\"article:publisher\" content=\"https:\/\/www.facebook.com\/sudoesteacontece\/?locale=pt_BR\" \/>\n<meta property=\"article:published_time\" content=\"2026-01-16T14:03:12+00:00\" \/>\n<meta property=\"article:modified_time\" content=\"2026-01-16T14:03:17+00:00\" \/>\n<meta property=\"og:image\" content=\"https:\/\/sudoesteacontece.com.br\/wp-content\/uploads\/2026\/01\/Dom-Basilio-avanca-na-criacao-do-Conselho-Municipal-de-Seguranca-Publica-sudoeste-acontece.jpg\" \/>\n\t<meta property=\"og:image:width\" content=\"900\" \/>\n\t<meta property=\"og:image:height\" content=\"600\" \/>\n\t<meta property=\"og:image:type\" content=\"image\/jpeg\" \/>\n<meta name=\"author\" content=\"Reda\u00e7\u00e3o\" \/>\n<meta name=\"twitter:card\" content=\"summary_large_image\" \/>\n<meta name=\"twitter:label1\" content=\"Escrito por\" \/>\n\t<meta name=\"twitter:data1\" content=\"Reda\u00e7\u00e3o\" \/>\n\t<meta name=\"twitter:label2\" content=\"Est. tempo de leitura\" \/>\n\t<meta name=\"twitter:data2\" content=\"2 minutos\" \/>\n<script type=\"application\/ld+json\" class=\"yoast-schema-graph\">{\"@context\":\"https:\/\/schema.org\",\"@graph\":[{\"@type\":\"Article\",\"@id\":\"https:\/\/sudoesteacontece.com.br\/?p=6230#article\",\"isPartOf\":{\"@id\":\"https:\/\/sudoesteacontece.com.br\/?p=6230\"},\"author\":{\"name\":\"Reda\u00e7\u00e3o\",\"@id\":\"https:\/\/sudoesteacontece.com.br\/#\/schema\/person\/a4f22429c1d0923ef8f7d43343f8dc38\"},\"headline\":\"Dom Bas\u00edlio avan\u00e7a na cria\u00e7\u00e3o do Conselho Municipal de Seguran\u00e7a P\u00fablica\",\"datePublished\":\"2026-01-16T14:03:12+00:00\",\"dateModified\":\"2026-01-16T14:03:17+00:00\",\"mainEntityOfPage\":{\"@id\":\"https:\/\/sudoesteacontece.com.br\/?p=6230\"},\"wordCount\":234,\"commentCount\":0,\"publisher\":{\"@id\":\"https:\/\/sudoesteacontece.com.br\/#organization\"},\"image\":{\"@id\":\"https:\/\/sudoesteacontece.com.br\/?p=6230#primaryimage\"},\"thumbnailUrl\":\"https:\/\/sudoesteacontece.com.br\/wp-content\/uploads\/2026\/01\/Dom-Basilio-avanca-na-criacao-do-Conselho-Municipal-de-Seguranca-Publica-sudoeste-acontece.jpg\",\"articleSection\":[\"Cidades\",\"Dom Bas\u00edlio\",\"Pol\u00edtica\"],\"inLanguage\":\"pt-BR\",\"potentialAction\":[{\"@type\":\"CommentAction\",\"name\":\"Comment\",\"target\":[\"https:\/\/sudoesteacontece.com.br\/?p=6230#respond\"]}]},{\"@type\":\"WebPage\",\"@id\":\"https:\/\/sudoesteacontece.com.br\/?p=6230\",\"url\":\"https:\/\/sudoesteacontece.com.br\/?p=6230\",\"name\":\"Dom Bas\u00edlio avan\u00e7a na cria\u00e7\u00e3o do Conselho Municipal de Seguran\u00e7a P\u00fablica - Sudoesteacontece\",\"isPartOf\":{\"@id\":\"https:\/\/sudoesteacontece.com.br\/#website\"},\"primaryImageOfPage\":{\"@id\":\"https:\/\/sudoesteacontece.com.br\/?p=6230#primaryimage\"},\"image\":{\"@id\":\"https:\/\/sudoesteacontece.com.br\/?p=6230#primaryimage\"},\"thumbnailUrl\":\"https:\/\/sudoesteacontece.com.br\/wp-content\/uploads\/2026\/01\/Dom-Basilio-avanca-na-criacao-do-Conselho-Municipal-de-Seguranca-Publica-sudoeste-acontece.jpg\",\"datePublished\":\"2026-01-16T14:03:12+00:00\",\"dateModified\":\"2026-01-16T14:03:17+00:00\",\"breadcrumb\":{\"@id\":\"https:\/\/sudoesteacontece.com.br\/?p=6230#breadcrumb\"},\"inLanguage\":\"pt-BR\",\"potentialAction\":[{\"@type\":\"ReadAction\",\"target\":[\"https:\/\/sudoesteacontece.com.br\/?p=6230\"]}]},{\"@type\":\"ImageObject\",\"inLanguage\":\"pt-BR\",\"@id\":\"https:\/\/sudoesteacontece.com.br\/?p=6230#primaryimage\",\"url\":\"https:\/\/sudoesteacontece.com.br\/wp-content\/uploads\/2026\/01\/Dom-Basilio-avanca-na-criacao-do-Conselho-Municipal-de-Seguranca-Publica-sudoeste-acontece.jpg\",\"contentUrl\":\"https:\/\/sudoesteacontece.com.br\/wp-content\/uploads\/2026\/01\/Dom-Basilio-avanca-na-criacao-do-Conselho-Municipal-de-Seguranca-Publica-sudoeste-acontece.jpg\",\"width\":900,\"height\":600},{\"@type\":\"BreadcrumbList\",\"@id\":\"https:\/\/sudoesteacontece.com.br\/?p=6230#breadcrumb\",\"itemListElement\":[{\"@type\":\"ListItem\",\"position\":1,\"name\":\"In\u00edcio\",\"item\":\"https:\/\/sudoesteacontece.com.br\/\"},{\"@type\":\"ListItem\",\"position\":2,\"name\":\"Dom Bas\u00edlio avan\u00e7a na cria\u00e7\u00e3o do Conselho Municipal de Seguran\u00e7a P\u00fablica\"}]},{\"@type\":\"WebSite\",\"@id\":\"https:\/\/sudoesteacontece.com.br\/#website\",\"url\":\"https:\/\/sudoesteacontece.com.br\/\",\"name\":\"Sudoesteacontece\",\"description\":\"\",\"publisher\":{\"@id\":\"https:\/\/sudoesteacontece.com.br\/#organization\"},\"potentialAction\":[{\"@type\":\"SearchAction\",\"target\":{\"@type\":\"EntryPoint\",\"urlTemplate\":\"https:\/\/sudoesteacontece.com.br\/?s={search_term_string}\"},\"query-input\":{\"@type\":\"PropertyValueSpecification\",\"valueRequired\":true,\"valueName\":\"search_term_string\"}}],\"inLanguage\":\"pt-BR\"},{\"@type\":\"Organization\",\"@id\":\"https:\/\/sudoesteacontece.com.br\/#organization\",\"name\":\"Sudoesteacontece\",\"url\":\"https:\/\/sudoesteacontece.com.br\/\",\"logo\":{\"@type\":\"ImageObject\",\"inLanguage\":\"pt-BR\",\"@id\":\"https:\/\/sudoesteacontece.com.br\/#\/schema\/logo\/image\/\",\"url\":\"https:\/\/sudoesteacontece.com.br\/wp-content\/uploads\/2025\/12\/cropped-logo-2-180x180-1.png\",\"contentUrl\":\"https:\/\/sudoesteacontece.com.br\/wp-content\/uploads\/2025\/12\/cropped-logo-2-180x180-1.png\",\"width\":180,\"height\":180,\"caption\":\"Sudoesteacontece\"},\"image\":{\"@id\":\"https:\/\/sudoesteacontece.com.br\/#\/schema\/logo\/image\/\"},\"sameAs\":[\"https:\/\/www.facebook.com\/sudoesteacontece\/?locale=pt_BR\"]},{\"@type\":\"Person\",\"@id\":\"https:\/\/sudoesteacontece.com.br\/#\/schema\/person\/a4f22429c1d0923ef8f7d43343f8dc38\",\"name\":\"Reda\u00e7\u00e3o\",\"image\":{\"@type\":\"ImageObject\",\"inLanguage\":\"pt-BR\",\"@id\":\"https:\/\/sudoesteacontece.com.br\/#\/schema\/person\/image\/\",\"url\":\"https:\/\/secure.gravatar.com\/avatar\/c3a5b3c93f268a709c25a2df414c629a96fb3b1b4bf97a94fb3f72e54ae76903?s=96&d=mm&r=g\",\"contentUrl\":\"https:\/\/secure.gravatar.com\/avatar\/c3a5b3c93f268a709c25a2df414c629a96fb3b1b4bf97a94fb3f72e54ae76903?s=96&d=mm&r=g\",\"caption\":\"Reda\u00e7\u00e3o\"},\"url\":\"https:\/\/sudoesteacontece.com.br\/?author=4\"}]}<\/script>\n<!-- \/ Yoast SEO plugin. -->","yoast_head_json":{"title":"Dom Bas\u00edlio avan\u00e7a na cria\u00e7\u00e3o do Conselho Municipal de Seguran\u00e7a P\u00fablica - Sudoesteacontece","robots":{"index":"index","follow":"follow","max-snippet":"max-snippet:-1","max-image-preview":"max-image-preview:large","max-video-preview":"max-video-preview:-1"},"canonical":"https:\/\/sudoesteacontece.com.br\/?p=6230","og_locale":"pt_BR","og_type":"article","og_title":"Dom Bas\u00edlio avan\u00e7a na cria\u00e7\u00e3o do Conselho Municipal de Seguran\u00e7a P\u00fablica - Sudoesteacontece","og_description":"Dom Bas\u00edlio deu mais um passo para estruturar pol\u00edticas de seguran\u00e7a p\u00fablica. Representantes do munic\u00edpio participaram de reuni\u00e3o no Minist\u00e9rio P\u00fablico da Bahia para alinhar demandas e receber orienta\u00e7\u00f5es sobre a cria\u00e7\u00e3o do Conselho Municipal de Seguran\u00e7a P\u00fablica e Defesa Social. Durante o encontro, o prefeito Fernando Santos e integrantes do setor jur\u00eddico da prefeitura discutiram aspectos legais e institucionais necess\u00e1rios para a implanta\u00e7\u00e3o do conselho. A proposta \u00e9 garantir respaldo jur\u00eddico e funcionamento adequado do \u00f3rg\u00e3o no munic\u00edpio. Segundo a gest\u00e3o municipal, o conselho ter\u00e1 papel estrat\u00e9gico ao ampliar a participa\u00e7\u00e3o da sociedade e fortalecer a integra\u00e7\u00e3o entre poder p\u00fablico, \u00f3rg\u00e3os de controle e for\u00e7as de seguran\u00e7a, contribuindo para a\u00e7\u00f5es de preven\u00e7\u00e3o da viol\u00eancia. Al\u00e9m disso, a iniciativa busca qualificar o planejamento de pol\u00edticas p\u00fablicas voltadas \u00e0 cidadania e \u00e0 seguran\u00e7a, com foco nas necessidades locais e na constru\u00e7\u00e3o de solu\u00e7\u00f5es conjuntas para problemas recorrentes da comunidade. Por fim, a prefeitura informou que o di\u00e1logo com o Minist\u00e9rio P\u00fablico integra um conjunto de medidas de fortalecimento institucional, com ado\u00e7\u00e3o de pr\u00e1ticas administrativas alinhadas \u00e0 legisla\u00e7\u00e3o e ao interesse p\u00fablico.","og_url":"https:\/\/sudoesteacontece.com.br\/?p=6230","og_site_name":"Sudoesteacontece","article_publisher":"https:\/\/www.facebook.com\/sudoesteacontece\/?locale=pt_BR","article_published_time":"2026-01-16T14:03:12+00:00","article_modified_time":"2026-01-16T14:03:17+00:00","og_image":[{"width":900,"height":600,"url":"https:\/\/sudoesteacontece.com.br\/wp-content\/uploads\/2026\/01\/Dom-Basilio-avanca-na-criacao-do-Conselho-Municipal-de-Seguranca-Publica-sudoeste-acontece.jpg","type":"image\/jpeg"}],"author":"Reda\u00e7\u00e3o","twitter_card":"summary_large_image","twitter_misc":{"Escrito por":"Reda\u00e7\u00e3o","Est. tempo de leitura":"2 minutos"},"schema":{"@context":"https:\/\/schema.org","@graph":[{"@type":"Article","@id":"https:\/\/sudoesteacontece.com.br\/?p=6230#article","isPartOf":{"@id":"https:\/\/sudoesteacontece.com.br\/?p=6230"},"author":{"name":"Reda\u00e7\u00e3o","@id":"https:\/\/sudoesteacontece.com.br\/#\/schema\/person\/a4f22429c1d0923ef8f7d43343f8dc38"},"headline":"Dom Bas\u00edlio avan\u00e7a na cria\u00e7\u00e3o do Conselho Municipal de Seguran\u00e7a P\u00fablica","datePublished":"2026-01-16T14:03:12+00:00","dateModified":"2026-01-16T14:03:17+00:00","mainEntityOfPage":{"@id":"https:\/\/sudoesteacontece.com.br\/?p=6230"},"wordCount":234,"commentCount":0,"publisher":{"@id":"https:\/\/sudoesteacontece.com.br\/#organization"},"image":{"@id":"https:\/\/sudoesteacontece.com.br\/?p=6230#primaryimage"},"thumbnailUrl":"https:\/\/sudoesteacontece.com.br\/wp-content\/uploads\/2026\/01\/Dom-Basilio-avanca-na-criacao-do-Conselho-Municipal-de-Seguranca-Publica-sudoeste-acontece.jpg","articleSection":["Cidades","Dom Bas\u00edlio","Pol\u00edtica"],"inLanguage":"pt-BR","potentialAction":[{"@type":"CommentAction","name":"Comment","target":["https:\/\/sudoesteacontece.com.br\/?p=6230#respond"]}]},{"@type":"WebPage","@id":"https:\/\/sudoesteacontece.com.br\/?p=6230","url":"https:\/\/sudoesteacontece.com.br\/?p=6230","name":"Dom Bas\u00edlio avan\u00e7a na cria\u00e7\u00e3o do Conselho Municipal de Seguran\u00e7a P\u00fablica - Sudoesteacontece","isPartOf":{"@id":"https:\/\/sudoesteacontece.com.br\/#website"},"primaryImageOfPage":{"@id":"https:\/\/sudoesteacontece.com.br\/?p=6230#primaryimage"},"image":{"@id":"https:\/\/sudoesteacontece.com.br\/?p=6230#primaryimage"},"thumbnailUrl":"https:\/\/sudoesteacontece.com.br\/wp-content\/uploads\/2026\/01\/Dom-Basilio-avanca-na-criacao-do-Conselho-Municipal-de-Seguranca-Publica-sudoeste-acontece.jpg","datePublished":"2026-01-16T14:03:12+00:00","dateModified":"2026-01-16T14:03:17+00:00","breadcrumb":{"@id":"https:\/\/sudoesteacontece.com.br\/?p=6230#breadcrumb"},"inLanguage":"pt-BR","potentialAction":[{"@type":"ReadAction","target":["https:\/\/sudoesteacontece.com.br\/?p=6230"]}]},{"@type":"ImageObject","inLanguage":"pt-BR","@id":"https:\/\/sudoesteacontece.com.br\/?p=6230#primaryimage","url":"https:\/\/sudoesteacontece.com.br\/wp-content\/uploads\/2026\/01\/Dom-Basilio-avanca-na-criacao-do-Conselho-Municipal-de-Seguranca-Publica-sudoeste-acontece.jpg","contentUrl":"https:\/\/sudoesteacontece.com.br\/wp-content\/uploads\/2026\/01\/Dom-Basilio-avanca-na-criacao-do-Conselho-Municipal-de-Seguranca-Publica-sudoeste-acontece.jpg","width":900,"height":600},{"@type":"BreadcrumbList","@id":"https:\/\/sudoesteacontece.com.br\/?p=6230#breadcrumb","itemListElement":[{"@type":"ListItem","position":1,"name":"In\u00edcio","item":"https:\/\/sudoesteacontece.com.br\/"},{"@type":"ListItem","position":2,"name":"Dom Bas\u00edlio avan\u00e7a na cria\u00e7\u00e3o do Conselho Municipal de Seguran\u00e7a P\u00fablica"}]},{"@type":"WebSite","@id":"https:\/\/sudoesteacontece.com.br\/#website","url":"https:\/\/sudoesteacontece.com.br\/","name":"Sudoesteacontece","description":"","publisher":{"@id":"https:\/\/sudoesteacontece.com.br\/#organization"},"potentialAction":[{"@type":"SearchAction","target":{"@type":"EntryPoint","urlTemplate":"https:\/\/sudoesteacontece.com.br\/?s={search_term_string}"},"query-input":{"@type":"PropertyValueSpecification","valueRequired":true,"valueName":"search_term_string"}}],"inLanguage":"pt-BR"},{"@type":"Organization","@id":"https:\/\/sudoesteacontece.com.br\/#organization","name":"Sudoesteacontece","url":"https:\/\/sudoesteacontece.com.br\/","logo":{"@type":"ImageObject","inLanguage":"pt-BR","@id":"https:\/\/sudoesteacontece.com.br\/#\/schema\/logo\/image\/","url":"https:\/\/sudoesteacontece.com.br\/wp-content\/uploads\/2025\/12\/cropped-logo-2-180x180-1.png","contentUrl":"https:\/\/sudoesteacontece.com.br\/wp-content\/uploads\/2025\/12\/cropped-logo-2-180x180-1.png","width":180,"height":180,"caption":"Sudoesteacontece"},"image":{"@id":"https:\/\/sudoesteacontece.com.br\/#\/schema\/logo\/image\/"},"sameAs":["https:\/\/www.facebook.com\/sudoesteacontece\/?locale=pt_BR"]},{"@type":"Person","@id":"https:\/\/sudoesteacontece.com.br\/#\/schema\/person\/a4f22429c1d0923ef8f7d43343f8dc38","name":"Reda\u00e7\u00e3o","image":{"@type":"ImageObject","inLanguage":"pt-BR","@id":"https:\/\/sudoesteacontece.com.br\/#\/schema\/person\/image\/","url":"https:\/\/secure.gravatar.com\/avatar\/c3a5b3c93f268a709c25a2df414c629a96fb3b1b4bf97a94fb3f72e54ae76903?s=96&d=mm&r=g","contentUrl":"https:\/\/secure.gravatar.com\/avatar\/c3a5b3c93f268a709c25a2df414c629a96fb3b1b4bf97a94fb3f72e54ae76903?s=96&d=mm&r=g","caption":"Reda\u00e7\u00e3o"},"url":"https:\/\/sudoesteacontece.com.br\/?author=4"}]}},"_links":{"self":[{"href":"https:\/\/sudoesteacontece.com.br\/index.php?rest_route=\/wp\/v2\/posts\/6230","targetHints":{"allow":["GET"]}}],"collection":[{"href":"https:\/\/sudoesteacontece.com.br\/index.php?rest_route=\/wp\/v2\/posts"}],"about":[{"href":"https:\/\/sudoesteacontece.com.br\/index.php?rest_route=\/wp\/v2\/types\/post"}],"author":[{"embeddable":true,"href":"https:\/\/sudoesteacontece.com.br\/index.php?rest_route=\/wp\/v2\/users\/4"}],"replies":[{"embeddable":true,"href":"https:\/\/sudoesteacontece.com.br\/index.php?rest_route=%2Fwp%2Fv2%2Fcomments&post=6230"}],"version-history":[{"count":0,"href":"https:\/\/sudoesteacontece.com.br\/index.php?rest_route=\/wp\/v2\/posts\/6230\/revisions"}],"wp:featuredmedia":[{"embeddable":true,"href":"https:\/\/sudoesteacontece.com.br\/index.php?rest_route=\/wp\/v2\/media\/6275"}],"wp:attachment":[{"href":"https:\/\/sudoesteacontece.com.br\/index.php?rest_route=%2Fwp%2Fv2%2Fmedia&parent=6230"}],"wp:term":[{"taxonomy":"category","embeddable":true,"href":"https:\/\/sudoesteacontece.com.br\/index.php?rest_route=%2Fwp%2Fv2%2Fcategories&post=6230"},{"taxonomy":"post_tag","embeddable":true,"href":"https:\/\/sudoesteacontece.com.br\/index.php?rest_route=%2Fwp%2Fv2%2Ftags&post=6230"}],"curies":[{"name":"wp","href":"https:\/\/api.w.org\/{rel}","templated":true}]}}