{"id":6231,"date":"2026-01-16T10:53:23","date_gmt":"2026-01-16T13:53:23","guid":{"rendered":"https:\/\/sudoesteacontece.com.br\/?p=6231"},"modified":"2026-01-16T11:03:31","modified_gmt":"2026-01-16T14:03:31","slug":"colisao-entre-carro-e-caminhao-tanque-em-trevo-da-ba-617-deixa-ferido-em-cacule","status":"publish","type":"post","link":"https:\/\/sudoesteacontece.com.br\/?p=6231","title":{"rendered":"Colis\u00e3o entre carro e caminh\u00e3o-tanque em trevo da BA-617 deixa ferido em Cacul\u00e9"},"content":{"rendered":"<div class=\"wp-block-image\">\n<figure class=\"aligncenter size-full\"><img fetchpriority=\"high\" decoding=\"async\" width=\"900\" height=\"600\" src=\"http:\/\/sudoesteacontece.com.br\/wp-content\/uploads\/2026\/01\/acidente-cacule.jpg\" alt=\"\" class=\"wp-image-6268\" srcset=\"https:\/\/sudoesteacontece.com.br\/wp-content\/uploads\/2026\/01\/acidente-cacule.jpg 900w, https:\/\/sudoesteacontece.com.br\/wp-content\/uploads\/2026\/01\/acidente-cacule-300x200.jpg 300w, https:\/\/sudoesteacontece.com.br\/wp-content\/uploads\/2026\/01\/acidente-cacule-768x512.jpg 768w\" sizes=\"(max-width: 900px) 100vw, 900px\" \/><\/figure>\n<\/div>\n\n\n<p>Colis\u00e3o entre um carro de passeio e um caminh\u00e3o de combust\u00edvel foi registrada na manh\u00e3 desta quinta-feira (15) no trevo da BA-617 com a BA-026, em Cacul\u00e9. O impacto mobilizou equipes de socorro e deixou o tr\u00e1fego parcialmente comprometido durante o atendimento \u00e0 ocorr\u00eancia.<\/p>\n\n\n\n<p>Segundo informa\u00e7\u00f5es apuradas no local, um Ford Fiesta preto bateu no caminh\u00e3o-tanque que seguia no sentido Ibiassuc\u00ea\u2013Cacul\u00e9. O autom\u00f3vel trafegava em dire\u00e7\u00e3o a Piat\u00e3, na Chapada Diamantina, e vinha do estado de S\u00e3o Paulo, no momento do acidente.<\/p>\n\n\n\n<p>No ve\u00edculo de passeio estavam tr\u00eas ocupantes. Apenas um deles sofreu ferimentos leves. A v\u00edtima recebeu atendimento de uma equipe do Samu e foi encaminhada ao Hospital Nossa Senhora Aparecida, no pr\u00f3prio munic\u00edpio de Cacul\u00e9. Os demais ocupantes n\u00e3o se feriram.<\/p>\n\n\n\n<p>At\u00e9 o momento, as causas da colis\u00e3o n\u00e3o foram detalhadas pelas autoridades. A presen\u00e7a do caminh\u00e3o de combust\u00edvel exigiu aten\u00e7\u00e3o redobrada das equipes, que isolaram a \u00e1rea para garantir a seguran\u00e7a at\u00e9 a libera\u00e7\u00e3o total do trecho.<\/p>\n","protected":false},"excerpt":{"rendered":"<p>Colis\u00e3o entre um carro de passeio e um caminh\u00e3o de combust\u00edvel foi registrada na manh\u00e3 desta quinta-feira (15) no trevo da BA-617 com a BA-026, em Cacul\u00e9. O impacto mobilizou equipes de socorro e deixou o tr\u00e1fego parcialmente comprometido durante o atendimento \u00e0 ocorr\u00eancia. Segundo informa\u00e7\u00f5es apuradas no local, um Ford Fiesta preto bateu no caminh\u00e3o-tanque que seguia no sentido Ibiassuc\u00ea\u2013Cacul\u00e9. O autom\u00f3vel trafegava em dire\u00e7\u00e3o a Piat\u00e3, na Chapada Diamantina, e vinha do estado de S\u00e3o Paulo, no momento do acidente. No ve\u00edculo de passeio estavam tr\u00eas ocupantes. Apenas um deles sofreu ferimentos leves. A v\u00edtima recebeu atendimento de uma equipe do Samu e foi encaminhada ao Hospital Nossa Senhora Aparecida, no pr\u00f3prio munic\u00edpio de Cacul\u00e9. Os demais ocupantes n\u00e3o se feriram. At\u00e9 o momento, as causas da colis\u00e3o n\u00e3o foram detalhadas pelas autoridades. A presen\u00e7a do caminh\u00e3o de combust\u00edvel exigiu aten\u00e7\u00e3o redobrada das equipes, que isolaram a \u00e1rea para garantir a seguran\u00e7a at\u00e9 a libera\u00e7\u00e3o total do trecho.<\/p>\n","protected":false},"author":4,"featured_media":6268,"comment_status":"open","ping_status":"open","sticky":false,"template":"","format":"standard","meta":{"footnotes":""},"categories":[5,57,4],"tags":[],"class_list":["post-6231","post","type-post","status-publish","format-standard","has-post-thumbnail","hentry","category-acidente","category-cacule","category-cidades"],"yoast_head":"<!-- This site is optimized with the Yoast SEO plugin v26.5 - https:\/\/yoast.com\/wordpress\/plugins\/seo\/ -->\n<title>Colis\u00e3o entre carro e caminh\u00e3o-tanque em trevo da BA-617 deixa ferido em Cacul\u00e9 - Sudoesteacontece<\/title>\n<meta name=\"robots\" content=\"index, follow, max-snippet:-1, max-image-preview:large, max-video-preview:-1\" \/>\n<link rel=\"canonical\" href=\"https:\/\/sudoesteacontece.com.br\/?p=6231\" \/>\n<meta property=\"og:locale\" content=\"pt_BR\" \/>\n<meta property=\"og:type\" content=\"article\" \/>\n<meta property=\"og:title\" content=\"Colis\u00e3o entre carro e caminh\u00e3o-tanque em trevo da BA-617 deixa ferido em Cacul\u00e9 - Sudoesteacontece\" \/>\n<meta property=\"og:description\" content=\"Colis\u00e3o entre um carro de passeio e um caminh\u00e3o de combust\u00edvel foi registrada na manh\u00e3 desta quinta-feira (15) no trevo da BA-617 com a BA-026, em Cacul\u00e9. O impacto mobilizou equipes de socorro e deixou o tr\u00e1fego parcialmente comprometido durante o atendimento \u00e0 ocorr\u00eancia. Segundo informa\u00e7\u00f5es apuradas no local, um Ford Fiesta preto bateu no caminh\u00e3o-tanque que seguia no sentido Ibiassuc\u00ea\u2013Cacul\u00e9. O autom\u00f3vel trafegava em dire\u00e7\u00e3o a Piat\u00e3, na Chapada Diamantina, e vinha do estado de S\u00e3o Paulo, no momento do acidente. No ve\u00edculo de passeio estavam tr\u00eas ocupantes. Apenas um deles sofreu ferimentos leves. A v\u00edtima recebeu atendimento de uma equipe do Samu e foi encaminhada ao Hospital Nossa Senhora Aparecida, no pr\u00f3prio munic\u00edpio de Cacul\u00e9. Os demais ocupantes n\u00e3o se feriram. At\u00e9 o momento, as causas da colis\u00e3o n\u00e3o foram detalhadas pelas autoridades. A presen\u00e7a do caminh\u00e3o de combust\u00edvel exigiu aten\u00e7\u00e3o redobrada das equipes, que isolaram a \u00e1rea para garantir a seguran\u00e7a at\u00e9 a libera\u00e7\u00e3o total do trecho.\" \/>\n<meta property=\"og:url\" content=\"https:\/\/sudoesteacontece.com.br\/?p=6231\" \/>\n<meta property=\"og:site_name\" content=\"Sudoesteacontece\" \/>\n<meta property=\"article:publisher\" content=\"https:\/\/www.facebook.com\/sudoesteacontece\/?locale=pt_BR\" \/>\n<meta property=\"article:published_time\" content=\"2026-01-16T13:53:23+00:00\" \/>\n<meta property=\"article:modified_time\" content=\"2026-01-16T14:03:31+00:00\" \/>\n<meta property=\"og:image\" content=\"https:\/\/sudoesteacontece.com.br\/wp-content\/uploads\/2026\/01\/acidente-cacule.jpg\" \/>\n\t<meta property=\"og:image:width\" content=\"900\" \/>\n\t<meta property=\"og:image:height\" content=\"600\" \/>\n\t<meta property=\"og:image:type\" content=\"image\/jpeg\" \/>\n<meta name=\"author\" content=\"Reda\u00e7\u00e3o\" \/>\n<meta name=\"twitter:card\" content=\"summary_large_image\" \/>\n<meta name=\"twitter:label1\" content=\"Escrito por\" \/>\n\t<meta name=\"twitter:data1\" content=\"Reda\u00e7\u00e3o\" \/>\n\t<meta name=\"twitter:label2\" content=\"Est. tempo de leitura\" \/>\n\t<meta name=\"twitter:data2\" content=\"2 minutos\" \/>\n<script type=\"application\/ld+json\" class=\"yoast-schema-graph\">{\"@context\":\"https:\/\/schema.org\",\"@graph\":[{\"@type\":\"Article\",\"@id\":\"https:\/\/sudoesteacontece.com.br\/?p=6231#article\",\"isPartOf\":{\"@id\":\"https:\/\/sudoesteacontece.com.br\/?p=6231\"},\"author\":{\"name\":\"Reda\u00e7\u00e3o\",\"@id\":\"https:\/\/sudoesteacontece.com.br\/#\/schema\/person\/a4f22429c1d0923ef8f7d43343f8dc38\"},\"headline\":\"Colis\u00e3o entre carro e caminh\u00e3o-tanque em trevo da BA-617 deixa ferido em Cacul\u00e9\",\"datePublished\":\"2026-01-16T13:53:23+00:00\",\"dateModified\":\"2026-01-16T14:03:31+00:00\",\"mainEntityOfPage\":{\"@id\":\"https:\/\/sudoesteacontece.com.br\/?p=6231\"},\"wordCount\":198,\"commentCount\":0,\"publisher\":{\"@id\":\"https:\/\/sudoesteacontece.com.br\/#organization\"},\"image\":{\"@id\":\"https:\/\/sudoesteacontece.com.br\/?p=6231#primaryimage\"},\"thumbnailUrl\":\"https:\/\/sudoesteacontece.com.br\/wp-content\/uploads\/2026\/01\/acidente-cacule.jpg\",\"articleSection\":[\"Acidente\",\"Cacul\u00e9\",\"Cidades\"],\"inLanguage\":\"pt-BR\",\"potentialAction\":[{\"@type\":\"CommentAction\",\"name\":\"Comment\",\"target\":[\"https:\/\/sudoesteacontece.com.br\/?p=6231#respond\"]}]},{\"@type\":\"WebPage\",\"@id\":\"https:\/\/sudoesteacontece.com.br\/?p=6231\",\"url\":\"https:\/\/sudoesteacontece.com.br\/?p=6231\",\"name\":\"Colis\u00e3o entre carro e caminh\u00e3o-tanque em trevo da BA-617 deixa ferido em Cacul\u00e9 - Sudoesteacontece\",\"isPartOf\":{\"@id\":\"https:\/\/sudoesteacontece.com.br\/#website\"},\"primaryImageOfPage\":{\"@id\":\"https:\/\/sudoesteacontece.com.br\/?p=6231#primaryimage\"},\"image\":{\"@id\":\"https:\/\/sudoesteacontece.com.br\/?p=6231#primaryimage\"},\"thumbnailUrl\":\"https:\/\/sudoesteacontece.com.br\/wp-content\/uploads\/2026\/01\/acidente-cacule.jpg\",\"datePublished\":\"2026-01-16T13:53:23+00:00\",\"dateModified\":\"2026-01-16T14:03:31+00:00\",\"breadcrumb\":{\"@id\":\"https:\/\/sudoesteacontece.com.br\/?p=6231#breadcrumb\"},\"inLanguage\":\"pt-BR\",\"potentialAction\":[{\"@type\":\"ReadAction\",\"target\":[\"https:\/\/sudoesteacontece.com.br\/?p=6231\"]}]},{\"@type\":\"ImageObject\",\"inLanguage\":\"pt-BR\",\"@id\":\"https:\/\/sudoesteacontece.com.br\/?p=6231#primaryimage\",\"url\":\"https:\/\/sudoesteacontece.com.br\/wp-content\/uploads\/2026\/01\/acidente-cacule.jpg\",\"contentUrl\":\"https:\/\/sudoesteacontece.com.br\/wp-content\/uploads\/2026\/01\/acidente-cacule.jpg\",\"width\":900,\"height\":600},{\"@type\":\"BreadcrumbList\",\"@id\":\"https:\/\/sudoesteacontece.com.br\/?p=6231#breadcrumb\",\"itemListElement\":[{\"@type\":\"ListItem\",\"position\":1,\"name\":\"In\u00edcio\",\"item\":\"https:\/\/sudoesteacontece.com.br\/\"},{\"@type\":\"ListItem\",\"position\":2,\"name\":\"Colis\u00e3o entre carro e caminh\u00e3o-tanque em trevo da BA-617 deixa ferido em Cacul\u00e9\"}]},{\"@type\":\"WebSite\",\"@id\":\"https:\/\/sudoesteacontece.com.br\/#website\",\"url\":\"https:\/\/sudoesteacontece.com.br\/\",\"name\":\"Sudoesteacontece\",\"description\":\"\",\"publisher\":{\"@id\":\"https:\/\/sudoesteacontece.com.br\/#organization\"},\"potentialAction\":[{\"@type\":\"SearchAction\",\"target\":{\"@type\":\"EntryPoint\",\"urlTemplate\":\"https:\/\/sudoesteacontece.com.br\/?s={search_term_string}\"},\"query-input\":{\"@type\":\"PropertyValueSpecification\",\"valueRequired\":true,\"valueName\":\"search_term_string\"}}],\"inLanguage\":\"pt-BR\"},{\"@type\":\"Organization\",\"@id\":\"https:\/\/sudoesteacontece.com.br\/#organization\",\"name\":\"Sudoesteacontece\",\"url\":\"https:\/\/sudoesteacontece.com.br\/\",\"logo\":{\"@type\":\"ImageObject\",\"inLanguage\":\"pt-BR\",\"@id\":\"https:\/\/sudoesteacontece.com.br\/#\/schema\/logo\/image\/\",\"url\":\"https:\/\/sudoesteacontece.com.br\/wp-content\/uploads\/2025\/12\/cropped-logo-2-180x180-1.png\",\"contentUrl\":\"https:\/\/sudoesteacontece.com.br\/wp-content\/uploads\/2025\/12\/cropped-logo-2-180x180-1.png\",\"width\":180,\"height\":180,\"caption\":\"Sudoesteacontece\"},\"image\":{\"@id\":\"https:\/\/sudoesteacontece.com.br\/#\/schema\/logo\/image\/\"},\"sameAs\":[\"https:\/\/www.facebook.com\/sudoesteacontece\/?locale=pt_BR\"]},{\"@type\":\"Person\",\"@id\":\"https:\/\/sudoesteacontece.com.br\/#\/schema\/person\/a4f22429c1d0923ef8f7d43343f8dc38\",\"name\":\"Reda\u00e7\u00e3o\",\"image\":{\"@type\":\"ImageObject\",\"inLanguage\":\"pt-BR\",\"@id\":\"https:\/\/sudoesteacontece.com.br\/#\/schema\/person\/image\/\",\"url\":\"https:\/\/secure.gravatar.com\/avatar\/c3a5b3c93f268a709c25a2df414c629a96fb3b1b4bf97a94fb3f72e54ae76903?s=96&d=mm&r=g\",\"contentUrl\":\"https:\/\/secure.gravatar.com\/avatar\/c3a5b3c93f268a709c25a2df414c629a96fb3b1b4bf97a94fb3f72e54ae76903?s=96&d=mm&r=g\",\"caption\":\"Reda\u00e7\u00e3o\"},\"url\":\"https:\/\/sudoesteacontece.com.br\/?author=4\"}]}<\/script>\n<!-- \/ Yoast SEO plugin. -->","yoast_head_json":{"title":"Colis\u00e3o entre carro e caminh\u00e3o-tanque em trevo da BA-617 deixa ferido em Cacul\u00e9 - Sudoesteacontece","robots":{"index":"index","follow":"follow","max-snippet":"max-snippet:-1","max-image-preview":"max-image-preview:large","max-video-preview":"max-video-preview:-1"},"canonical":"https:\/\/sudoesteacontece.com.br\/?p=6231","og_locale":"pt_BR","og_type":"article","og_title":"Colis\u00e3o entre carro e caminh\u00e3o-tanque em trevo da BA-617 deixa ferido em Cacul\u00e9 - Sudoesteacontece","og_description":"Colis\u00e3o entre um carro de passeio e um caminh\u00e3o de combust\u00edvel foi registrada na manh\u00e3 desta quinta-feira (15) no trevo da BA-617 com a BA-026, em Cacul\u00e9. O impacto mobilizou equipes de socorro e deixou o tr\u00e1fego parcialmente comprometido durante o atendimento \u00e0 ocorr\u00eancia. Segundo informa\u00e7\u00f5es apuradas no local, um Ford Fiesta preto bateu no caminh\u00e3o-tanque que seguia no sentido Ibiassuc\u00ea\u2013Cacul\u00e9. O autom\u00f3vel trafegava em dire\u00e7\u00e3o a Piat\u00e3, na Chapada Diamantina, e vinha do estado de S\u00e3o Paulo, no momento do acidente. No ve\u00edculo de passeio estavam tr\u00eas ocupantes. Apenas um deles sofreu ferimentos leves. A v\u00edtima recebeu atendimento de uma equipe do Samu e foi encaminhada ao Hospital Nossa Senhora Aparecida, no pr\u00f3prio munic\u00edpio de Cacul\u00e9. Os demais ocupantes n\u00e3o se feriram. At\u00e9 o momento, as causas da colis\u00e3o n\u00e3o foram detalhadas pelas autoridades. A presen\u00e7a do caminh\u00e3o de combust\u00edvel exigiu aten\u00e7\u00e3o redobrada das equipes, que isolaram a \u00e1rea para garantir a seguran\u00e7a at\u00e9 a libera\u00e7\u00e3o total do trecho.","og_url":"https:\/\/sudoesteacontece.com.br\/?p=6231","og_site_name":"Sudoesteacontece","article_publisher":"https:\/\/www.facebook.com\/sudoesteacontece\/?locale=pt_BR","article_published_time":"2026-01-16T13:53:23+00:00","article_modified_time":"2026-01-16T14:03:31+00:00","og_image":[{"width":900,"height":600,"url":"https:\/\/sudoesteacontece.com.br\/wp-content\/uploads\/2026\/01\/acidente-cacule.jpg","type":"image\/jpeg"}],"author":"Reda\u00e7\u00e3o","twitter_card":"summary_large_image","twitter_misc":{"Escrito por":"Reda\u00e7\u00e3o","Est. tempo de leitura":"2 minutos"},"schema":{"@context":"https:\/\/schema.org","@graph":[{"@type":"Article","@id":"https:\/\/sudoesteacontece.com.br\/?p=6231#article","isPartOf":{"@id":"https:\/\/sudoesteacontece.com.br\/?p=6231"},"author":{"name":"Reda\u00e7\u00e3o","@id":"https:\/\/sudoesteacontece.com.br\/#\/schema\/person\/a4f22429c1d0923ef8f7d43343f8dc38"},"headline":"Colis\u00e3o entre carro e caminh\u00e3o-tanque em trevo da BA-617 deixa ferido em Cacul\u00e9","datePublished":"2026-01-16T13:53:23+00:00","dateModified":"2026-01-16T14:03:31+00:00","mainEntityOfPage":{"@id":"https:\/\/sudoesteacontece.com.br\/?p=6231"},"wordCount":198,"commentCount":0,"publisher":{"@id":"https:\/\/sudoesteacontece.com.br\/#organization"},"image":{"@id":"https:\/\/sudoesteacontece.com.br\/?p=6231#primaryimage"},"thumbnailUrl":"https:\/\/sudoesteacontece.com.br\/wp-content\/uploads\/2026\/01\/acidente-cacule.jpg","articleSection":["Acidente","Cacul\u00e9","Cidades"],"inLanguage":"pt-BR","potentialAction":[{"@type":"CommentAction","name":"Comment","target":["https:\/\/sudoesteacontece.com.br\/?p=6231#respond"]}]},{"@type":"WebPage","@id":"https:\/\/sudoesteacontece.com.br\/?p=6231","url":"https:\/\/sudoesteacontece.com.br\/?p=6231","name":"Colis\u00e3o entre carro e caminh\u00e3o-tanque em trevo da BA-617 deixa ferido em Cacul\u00e9 - Sudoesteacontece","isPartOf":{"@id":"https:\/\/sudoesteacontece.com.br\/#website"},"primaryImageOfPage":{"@id":"https:\/\/sudoesteacontece.com.br\/?p=6231#primaryimage"},"image":{"@id":"https:\/\/sudoesteacontece.com.br\/?p=6231#primaryimage"},"thumbnailUrl":"https:\/\/sudoesteacontece.com.br\/wp-content\/uploads\/2026\/01\/acidente-cacule.jpg","datePublished":"2026-01-16T13:53:23+00:00","dateModified":"2026-01-16T14:03:31+00:00","breadcrumb":{"@id":"https:\/\/sudoesteacontece.com.br\/?p=6231#breadcrumb"},"inLanguage":"pt-BR","potentialAction":[{"@type":"ReadAction","target":["https:\/\/sudoesteacontece.com.br\/?p=6231"]}]},{"@type":"ImageObject","inLanguage":"pt-BR","@id":"https:\/\/sudoesteacontece.com.br\/?p=6231#primaryimage","url":"https:\/\/sudoesteacontece.com.br\/wp-content\/uploads\/2026\/01\/acidente-cacule.jpg","contentUrl":"https:\/\/sudoesteacontece.com.br\/wp-content\/uploads\/2026\/01\/acidente-cacule.jpg","width":900,"height":600},{"@type":"BreadcrumbList","@id":"https:\/\/sudoesteacontece.com.br\/?p=6231#breadcrumb","itemListElement":[{"@type":"ListItem","position":1,"name":"In\u00edcio","item":"https:\/\/sudoesteacontece.com.br\/"},{"@type":"ListItem","position":2,"name":"Colis\u00e3o entre carro e caminh\u00e3o-tanque em trevo da BA-617 deixa ferido em Cacul\u00e9"}]},{"@type":"WebSite","@id":"https:\/\/sudoesteacontece.com.br\/#website","url":"https:\/\/sudoesteacontece.com.br\/","name":"Sudoesteacontece","description":"","publisher":{"@id":"https:\/\/sudoesteacontece.com.br\/#organization"},"potentialAction":[{"@type":"SearchAction","target":{"@type":"EntryPoint","urlTemplate":"https:\/\/sudoesteacontece.com.br\/?s={search_term_string}"},"query-input":{"@type":"PropertyValueSpecification","valueRequired":true,"valueName":"search_term_string"}}],"inLanguage":"pt-BR"},{"@type":"Organization","@id":"https:\/\/sudoesteacontece.com.br\/#organization","name":"Sudoesteacontece","url":"https:\/\/sudoesteacontece.com.br\/","logo":{"@type":"ImageObject","inLanguage":"pt-BR","@id":"https:\/\/sudoesteacontece.com.br\/#\/schema\/logo\/image\/","url":"https:\/\/sudoesteacontece.com.br\/wp-content\/uploads\/2025\/12\/cropped-logo-2-180x180-1.png","contentUrl":"https:\/\/sudoesteacontece.com.br\/wp-content\/uploads\/2025\/12\/cropped-logo-2-180x180-1.png","width":180,"height":180,"caption":"Sudoesteacontece"},"image":{"@id":"https:\/\/sudoesteacontece.com.br\/#\/schema\/logo\/image\/"},"sameAs":["https:\/\/www.facebook.com\/sudoesteacontece\/?locale=pt_BR"]},{"@type":"Person","@id":"https:\/\/sudoesteacontece.com.br\/#\/schema\/person\/a4f22429c1d0923ef8f7d43343f8dc38","name":"Reda\u00e7\u00e3o","image":{"@type":"ImageObject","inLanguage":"pt-BR","@id":"https:\/\/sudoesteacontece.com.br\/#\/schema\/person\/image\/","url":"https:\/\/secure.gravatar.com\/avatar\/c3a5b3c93f268a709c25a2df414c629a96fb3b1b4bf97a94fb3f72e54ae76903?s=96&d=mm&r=g","contentUrl":"https:\/\/secure.gravatar.com\/avatar\/c3a5b3c93f268a709c25a2df414c629a96fb3b1b4bf97a94fb3f72e54ae76903?s=96&d=mm&r=g","caption":"Reda\u00e7\u00e3o"},"url":"https:\/\/sudoesteacontece.com.br\/?author=4"}]}},"_links":{"self":[{"href":"https:\/\/sudoesteacontece.com.br\/index.php?rest_route=\/wp\/v2\/posts\/6231","targetHints":{"allow":["GET"]}}],"collection":[{"href":"https:\/\/sudoesteacontece.com.br\/index.php?rest_route=\/wp\/v2\/posts"}],"about":[{"href":"https:\/\/sudoesteacontece.com.br\/index.php?rest_route=\/wp\/v2\/types\/post"}],"author":[{"embeddable":true,"href":"https:\/\/sudoesteacontece.com.br\/index.php?rest_route=\/wp\/v2\/users\/4"}],"replies":[{"embeddable":true,"href":"https:\/\/sudoesteacontece.com.br\/index.php?rest_route=%2Fwp%2Fv2%2Fcomments&post=6231"}],"version-history":[{"count":0,"href":"https:\/\/sudoesteacontece.com.br\/index.php?rest_route=\/wp\/v2\/posts\/6231\/revisions"}],"wp:featuredmedia":[{"embeddable":true,"href":"https:\/\/sudoesteacontece.com.br\/index.php?rest_route=\/wp\/v2\/media\/6268"}],"wp:attachment":[{"href":"https:\/\/sudoesteacontece.com.br\/index.php?rest_route=%2Fwp%2Fv2%2Fmedia&parent=6231"}],"wp:term":[{"taxonomy":"category","embeddable":true,"href":"https:\/\/sudoesteacontece.com.br\/index.php?rest_route=%2Fwp%2Fv2%2Fcategories&post=6231"},{"taxonomy":"post_tag","embeddable":true,"href":"https:\/\/sudoesteacontece.com.br\/index.php?rest_route=%2Fwp%2Fv2%2Ftags&post=6231"}],"curies":[{"name":"wp","href":"https:\/\/api.w.org\/{rel}","templated":true}]}}