{"id":6232,"date":"2026-01-16T10:45:59","date_gmt":"2026-01-16T13:45:59","guid":{"rendered":"https:\/\/sudoesteacontece.com.br\/?p=6232"},"modified":"2026-01-16T10:46:06","modified_gmt":"2026-01-16T13:46:06","slug":"operacao-em-vitoria-da-conquista-apreende-370-kg-de-alimentos-improprios-em-supermercado","status":"publish","type":"post","link":"https:\/\/sudoesteacontece.com.br\/?p=6232","title":{"rendered":"Opera\u00e7\u00e3o em Vit\u00f3ria da Conquista apreende 370 kg de alimentos impr\u00f3prios em supermercado"},"content":{"rendered":"<div class=\"wp-block-image\">\n<figure class=\"aligncenter size-full\"><img fetchpriority=\"high\" decoding=\"async\" width=\"900\" height=\"600\" src=\"http:\/\/sudoesteacontece.com.br\/wp-content\/uploads\/2026\/01\/Operacao-em-Vitoria-da-Conquista-apreende-370-kg-de-alimentos-improprios-em-supermercado-sudoeste-acontece.jpg\" alt=\"\" class=\"wp-image-6261\" srcset=\"https:\/\/sudoesteacontece.com.br\/wp-content\/uploads\/2026\/01\/Operacao-em-Vitoria-da-Conquista-apreende-370-kg-de-alimentos-improprios-em-supermercado-sudoeste-acontece.jpg 900w, https:\/\/sudoesteacontece.com.br\/wp-content\/uploads\/2026\/01\/Operacao-em-Vitoria-da-Conquista-apreende-370-kg-de-alimentos-improprios-em-supermercado-sudoeste-acontece-300x200.jpg 300w, https:\/\/sudoesteacontece.com.br\/wp-content\/uploads\/2026\/01\/Operacao-em-Vitoria-da-Conquista-apreende-370-kg-de-alimentos-improprios-em-supermercado-sudoeste-acontece-768x512.jpg 768w\" sizes=\"(max-width: 900px) 100vw, 900px\" \/><\/figure>\n<\/div>\n\n\n<p>Fiscaliza\u00e7\u00e3o conjunta flagrou irregularidades em um supermercado do bairro Jurema, em Vit\u00f3ria da Conquista. A a\u00e7\u00e3o da Vigil\u00e2ncia Sanit\u00e1ria e do Procon resultou na apreens\u00e3o e no descarte de cerca de 370 quilos de alimentos impr\u00f3prios para consumo, sendo aproximadamente 270 quilos de carnes bovina e de frango.<\/p>\n\n\n\n<p>Segundo os \u00f3rg\u00e3os, a opera\u00e7\u00e3o come\u00e7ou ap\u00f3s agentes do Procon identificarem falhas no estabelecimento e acionarem a Vigil\u00e2ncia Sanit\u00e1ria. Durante a inspe\u00e7\u00e3o, as equipes encontraram produtos em condi\u00e7\u00f5es inadequadas e problemas estruturais que comprometiam a seguran\u00e7a alimentar.<\/p>\n\n\n\n<p>Entre os itens recolhidos estavam mais de 250 quilos de carne bovina, cerca de 30 quilos de frango, produtos processados e outros g\u00eaneros aliment\u00edcios. Todo o material foi classificado como impr\u00f3prio para consumo humano e retirado imediatamente das prateleiras.<\/p>\n\n\n\n<p>Conforme o coordenador da Vigil\u00e2ncia Sanit\u00e1ria, Maico Mares, os alimentos apreendidos foram encaminhados ao aterro sanit\u00e1rio. Ele explicou que h\u00e1 um protocolo rigoroso, com cataloga\u00e7\u00e3o, pesagem e acompanhamento da destrui\u00e7\u00e3o, para garantir a completa inutiliza\u00e7\u00e3o dos produtos.<\/p>\n\n\n\n<p>Diante das irregularidades, o supermercado foi notificado e pode sofrer san\u00e7\u00f5es administrativas previstas na legisla\u00e7\u00e3o. A Vigil\u00e2ncia Sanit\u00e1ria informou que as fiscaliza\u00e7\u00f5es seguem ao longo do semestre, com a\u00e7\u00f5es preventivas, atendimento a den\u00fancias e orienta\u00e7\u00e3o aos comerciantes.<\/p>\n","protected":false},"excerpt":{"rendered":"<p>Fiscaliza\u00e7\u00e3o conjunta flagrou irregularidades em um supermercado do bairro Jurema, em Vit\u00f3ria da Conquista. A a\u00e7\u00e3o da Vigil\u00e2ncia Sanit\u00e1ria e do Procon resultou na apreens\u00e3o e no descarte de cerca de 370 quilos de alimentos impr\u00f3prios para consumo, sendo aproximadamente 270 quilos de carnes bovina e de frango. Segundo os \u00f3rg\u00e3os, a opera\u00e7\u00e3o come\u00e7ou ap\u00f3s agentes do Procon identificarem falhas no estabelecimento e acionarem a Vigil\u00e2ncia Sanit\u00e1ria. Durante a inspe\u00e7\u00e3o, as equipes encontraram produtos em condi\u00e7\u00f5es inadequadas e problemas estruturais que comprometiam a seguran\u00e7a alimentar. Entre os itens recolhidos estavam mais de 250 quilos de carne bovina, cerca de 30 quilos de frango, produtos processados e outros g\u00eaneros aliment\u00edcios. Todo o material foi classificado como impr\u00f3prio para consumo humano e retirado imediatamente das prateleiras. Conforme o coordenador da Vigil\u00e2ncia Sanit\u00e1ria, Maico Mares, os alimentos apreendidos foram encaminhados ao aterro sanit\u00e1rio. Ele explicou que h\u00e1 um protocolo rigoroso, com cataloga\u00e7\u00e3o, pesagem e acompanhamento da destrui\u00e7\u00e3o, para garantir a completa inutiliza\u00e7\u00e3o dos produtos. Diante das irregularidades, o supermercado foi notificado e pode sofrer san\u00e7\u00f5es administrativas previstas na legisla\u00e7\u00e3o. A Vigil\u00e2ncia Sanit\u00e1ria informou que as fiscaliza\u00e7\u00f5es seguem ao longo do semestre, com a\u00e7\u00f5es preventivas, atendimento a den\u00fancias e orienta\u00e7\u00e3o aos comerciantes.<\/p>\n","protected":false},"author":4,"featured_media":6261,"comment_status":"open","ping_status":"open","sticky":false,"template":"","format":"standard","meta":{"footnotes":""},"categories":[4,45,8],"tags":[],"class_list":["post-6232","post","type-post","status-publish","format-standard","has-post-thumbnail","hentry","category-cidades","category-saude","category-vitoria-da-conquista"],"yoast_head":"<!-- This site is optimized with the Yoast SEO plugin v26.5 - https:\/\/yoast.com\/wordpress\/plugins\/seo\/ -->\n<title>Opera\u00e7\u00e3o em Vit\u00f3ria da Conquista apreende 370 kg de alimentos impr\u00f3prios em supermercado - Sudoesteacontece<\/title>\n<meta name=\"robots\" content=\"index, follow, max-snippet:-1, max-image-preview:large, max-video-preview:-1\" \/>\n<link rel=\"canonical\" href=\"http:\/\/sudoesteacontece.com.br\/?p=6232\" \/>\n<meta property=\"og:locale\" content=\"pt_BR\" \/>\n<meta property=\"og:type\" content=\"article\" \/>\n<meta property=\"og:title\" content=\"Opera\u00e7\u00e3o em Vit\u00f3ria da Conquista apreende 370 kg de alimentos impr\u00f3prios em supermercado - Sudoesteacontece\" \/>\n<meta property=\"og:description\" content=\"Fiscaliza\u00e7\u00e3o conjunta flagrou irregularidades em um supermercado do bairro Jurema, em Vit\u00f3ria da Conquista. A a\u00e7\u00e3o da Vigil\u00e2ncia Sanit\u00e1ria e do Procon resultou na apreens\u00e3o e no descarte de cerca de 370 quilos de alimentos impr\u00f3prios para consumo, sendo aproximadamente 270 quilos de carnes bovina e de frango. Segundo os \u00f3rg\u00e3os, a opera\u00e7\u00e3o come\u00e7ou ap\u00f3s agentes do Procon identificarem falhas no estabelecimento e acionarem a Vigil\u00e2ncia Sanit\u00e1ria. Durante a inspe\u00e7\u00e3o, as equipes encontraram produtos em condi\u00e7\u00f5es inadequadas e problemas estruturais que comprometiam a seguran\u00e7a alimentar. Entre os itens recolhidos estavam mais de 250 quilos de carne bovina, cerca de 30 quilos de frango, produtos processados e outros g\u00eaneros aliment\u00edcios. Todo o material foi classificado como impr\u00f3prio para consumo humano e retirado imediatamente das prateleiras. Conforme o coordenador da Vigil\u00e2ncia Sanit\u00e1ria, Maico Mares, os alimentos apreendidos foram encaminhados ao aterro sanit\u00e1rio. Ele explicou que h\u00e1 um protocolo rigoroso, com cataloga\u00e7\u00e3o, pesagem e acompanhamento da destrui\u00e7\u00e3o, para garantir a completa inutiliza\u00e7\u00e3o dos produtos. Diante das irregularidades, o supermercado foi notificado e pode sofrer san\u00e7\u00f5es administrativas previstas na legisla\u00e7\u00e3o. A Vigil\u00e2ncia Sanit\u00e1ria informou que as fiscaliza\u00e7\u00f5es seguem ao longo do semestre, com a\u00e7\u00f5es preventivas, atendimento a den\u00fancias e orienta\u00e7\u00e3o aos comerciantes.\" \/>\n<meta property=\"og:url\" content=\"http:\/\/sudoesteacontece.com.br\/?p=6232\" \/>\n<meta property=\"og:site_name\" content=\"Sudoesteacontece\" \/>\n<meta property=\"article:publisher\" content=\"https:\/\/www.facebook.com\/sudoesteacontece\/?locale=pt_BR\" \/>\n<meta property=\"article:published_time\" content=\"2026-01-16T13:45:59+00:00\" \/>\n<meta property=\"article:modified_time\" content=\"2026-01-16T13:46:06+00:00\" \/>\n<meta property=\"og:image\" content=\"http:\/\/sudoesteacontece.com.br\/wp-content\/uploads\/2026\/01\/Operacao-em-Vitoria-da-Conquista-apreende-370-kg-de-alimentos-improprios-em-supermercado-sudoeste-acontece.jpg\" \/>\n\t<meta property=\"og:image:width\" content=\"900\" \/>\n\t<meta property=\"og:image:height\" content=\"600\" \/>\n\t<meta property=\"og:image:type\" content=\"image\/jpeg\" \/>\n<meta name=\"author\" content=\"Reda\u00e7\u00e3o\" \/>\n<meta name=\"twitter:card\" content=\"summary_large_image\" \/>\n<meta name=\"twitter:label1\" content=\"Escrito por\" \/>\n\t<meta name=\"twitter:data1\" content=\"Reda\u00e7\u00e3o\" \/>\n\t<meta name=\"twitter:label2\" content=\"Est. tempo de leitura\" \/>\n\t<meta name=\"twitter:data2\" content=\"2 minutos\" \/>\n<script type=\"application\/ld+json\" class=\"yoast-schema-graph\">{\"@context\":\"https:\/\/schema.org\",\"@graph\":[{\"@type\":\"Article\",\"@id\":\"http:\/\/sudoesteacontece.com.br\/?p=6232#article\",\"isPartOf\":{\"@id\":\"http:\/\/sudoesteacontece.com.br\/?p=6232\"},\"author\":{\"name\":\"Reda\u00e7\u00e3o\",\"@id\":\"https:\/\/sudoesteacontece.com.br\/#\/schema\/person\/a4f22429c1d0923ef8f7d43343f8dc38\"},\"headline\":\"Opera\u00e7\u00e3o em Vit\u00f3ria da Conquista apreende 370 kg de alimentos impr\u00f3prios em supermercado\",\"datePublished\":\"2026-01-16T13:45:59+00:00\",\"dateModified\":\"2026-01-16T13:46:06+00:00\",\"mainEntityOfPage\":{\"@id\":\"http:\/\/sudoesteacontece.com.br\/?p=6232\"},\"wordCount\":242,\"commentCount\":0,\"publisher\":{\"@id\":\"https:\/\/sudoesteacontece.com.br\/#organization\"},\"image\":{\"@id\":\"http:\/\/sudoesteacontece.com.br\/?p=6232#primaryimage\"},\"thumbnailUrl\":\"https:\/\/sudoesteacontece.com.br\/wp-content\/uploads\/2026\/01\/Operacao-em-Vitoria-da-Conquista-apreende-370-kg-de-alimentos-improprios-em-supermercado-sudoeste-acontece.jpg\",\"articleSection\":[\"Cidades\",\"Sa\u00fade\",\"Vit\u00f3ria da Conquista\"],\"inLanguage\":\"pt-BR\",\"potentialAction\":[{\"@type\":\"CommentAction\",\"name\":\"Comment\",\"target\":[\"http:\/\/sudoesteacontece.com.br\/?p=6232#respond\"]}]},{\"@type\":\"WebPage\",\"@id\":\"http:\/\/sudoesteacontece.com.br\/?p=6232\",\"url\":\"http:\/\/sudoesteacontece.com.br\/?p=6232\",\"name\":\"Opera\u00e7\u00e3o em Vit\u00f3ria da Conquista apreende 370 kg de alimentos impr\u00f3prios em supermercado - Sudoesteacontece\",\"isPartOf\":{\"@id\":\"https:\/\/sudoesteacontece.com.br\/#website\"},\"primaryImageOfPage\":{\"@id\":\"http:\/\/sudoesteacontece.com.br\/?p=6232#primaryimage\"},\"image\":{\"@id\":\"http:\/\/sudoesteacontece.com.br\/?p=6232#primaryimage\"},\"thumbnailUrl\":\"https:\/\/sudoesteacontece.com.br\/wp-content\/uploads\/2026\/01\/Operacao-em-Vitoria-da-Conquista-apreende-370-kg-de-alimentos-improprios-em-supermercado-sudoeste-acontece.jpg\",\"datePublished\":\"2026-01-16T13:45:59+00:00\",\"dateModified\":\"2026-01-16T13:46:06+00:00\",\"breadcrumb\":{\"@id\":\"http:\/\/sudoesteacontece.com.br\/?p=6232#breadcrumb\"},\"inLanguage\":\"pt-BR\",\"potentialAction\":[{\"@type\":\"ReadAction\",\"target\":[\"http:\/\/sudoesteacontece.com.br\/?p=6232\"]}]},{\"@type\":\"ImageObject\",\"inLanguage\":\"pt-BR\",\"@id\":\"http:\/\/sudoesteacontece.com.br\/?p=6232#primaryimage\",\"url\":\"https:\/\/sudoesteacontece.com.br\/wp-content\/uploads\/2026\/01\/Operacao-em-Vitoria-da-Conquista-apreende-370-kg-de-alimentos-improprios-em-supermercado-sudoeste-acontece.jpg\",\"contentUrl\":\"https:\/\/sudoesteacontece.com.br\/wp-content\/uploads\/2026\/01\/Operacao-em-Vitoria-da-Conquista-apreende-370-kg-de-alimentos-improprios-em-supermercado-sudoeste-acontece.jpg\",\"width\":900,\"height\":600},{\"@type\":\"BreadcrumbList\",\"@id\":\"http:\/\/sudoesteacontece.com.br\/?p=6232#breadcrumb\",\"itemListElement\":[{\"@type\":\"ListItem\",\"position\":1,\"name\":\"In\u00edcio\",\"item\":\"https:\/\/sudoesteacontece.com.br\/\"},{\"@type\":\"ListItem\",\"position\":2,\"name\":\"Opera\u00e7\u00e3o em Vit\u00f3ria da Conquista apreende 370 kg de alimentos impr\u00f3prios em supermercado\"}]},{\"@type\":\"WebSite\",\"@id\":\"https:\/\/sudoesteacontece.com.br\/#website\",\"url\":\"https:\/\/sudoesteacontece.com.br\/\",\"name\":\"Sudoesteacontece\",\"description\":\"\",\"publisher\":{\"@id\":\"https:\/\/sudoesteacontece.com.br\/#organization\"},\"potentialAction\":[{\"@type\":\"SearchAction\",\"target\":{\"@type\":\"EntryPoint\",\"urlTemplate\":\"https:\/\/sudoesteacontece.com.br\/?s={search_term_string}\"},\"query-input\":{\"@type\":\"PropertyValueSpecification\",\"valueRequired\":true,\"valueName\":\"search_term_string\"}}],\"inLanguage\":\"pt-BR\"},{\"@type\":\"Organization\",\"@id\":\"https:\/\/sudoesteacontece.com.br\/#organization\",\"name\":\"Sudoesteacontece\",\"url\":\"https:\/\/sudoesteacontece.com.br\/\",\"logo\":{\"@type\":\"ImageObject\",\"inLanguage\":\"pt-BR\",\"@id\":\"https:\/\/sudoesteacontece.com.br\/#\/schema\/logo\/image\/\",\"url\":\"https:\/\/sudoesteacontece.com.br\/wp-content\/uploads\/2025\/12\/cropped-logo-2-180x180-1.png\",\"contentUrl\":\"https:\/\/sudoesteacontece.com.br\/wp-content\/uploads\/2025\/12\/cropped-logo-2-180x180-1.png\",\"width\":180,\"height\":180,\"caption\":\"Sudoesteacontece\"},\"image\":{\"@id\":\"https:\/\/sudoesteacontece.com.br\/#\/schema\/logo\/image\/\"},\"sameAs\":[\"https:\/\/www.facebook.com\/sudoesteacontece\/?locale=pt_BR\"]},{\"@type\":\"Person\",\"@id\":\"https:\/\/sudoesteacontece.com.br\/#\/schema\/person\/a4f22429c1d0923ef8f7d43343f8dc38\",\"name\":\"Reda\u00e7\u00e3o\",\"image\":{\"@type\":\"ImageObject\",\"inLanguage\":\"pt-BR\",\"@id\":\"https:\/\/sudoesteacontece.com.br\/#\/schema\/person\/image\/\",\"url\":\"https:\/\/secure.gravatar.com\/avatar\/c3a5b3c93f268a709c25a2df414c629a96fb3b1b4bf97a94fb3f72e54ae76903?s=96&d=mm&r=g\",\"contentUrl\":\"https:\/\/secure.gravatar.com\/avatar\/c3a5b3c93f268a709c25a2df414c629a96fb3b1b4bf97a94fb3f72e54ae76903?s=96&d=mm&r=g\",\"caption\":\"Reda\u00e7\u00e3o\"},\"url\":\"https:\/\/sudoesteacontece.com.br\/?author=4\"}]}<\/script>\n<!-- \/ Yoast SEO plugin. -->","yoast_head_json":{"title":"Opera\u00e7\u00e3o em Vit\u00f3ria da Conquista apreende 370 kg de alimentos impr\u00f3prios em supermercado - Sudoesteacontece","robots":{"index":"index","follow":"follow","max-snippet":"max-snippet:-1","max-image-preview":"max-image-preview:large","max-video-preview":"max-video-preview:-1"},"canonical":"http:\/\/sudoesteacontece.com.br\/?p=6232","og_locale":"pt_BR","og_type":"article","og_title":"Opera\u00e7\u00e3o em Vit\u00f3ria da Conquista apreende 370 kg de alimentos impr\u00f3prios em supermercado - Sudoesteacontece","og_description":"Fiscaliza\u00e7\u00e3o conjunta flagrou irregularidades em um supermercado do bairro Jurema, em Vit\u00f3ria da Conquista. A a\u00e7\u00e3o da Vigil\u00e2ncia Sanit\u00e1ria e do Procon resultou na apreens\u00e3o e no descarte de cerca de 370 quilos de alimentos impr\u00f3prios para consumo, sendo aproximadamente 270 quilos de carnes bovina e de frango. Segundo os \u00f3rg\u00e3os, a opera\u00e7\u00e3o come\u00e7ou ap\u00f3s agentes do Procon identificarem falhas no estabelecimento e acionarem a Vigil\u00e2ncia Sanit\u00e1ria. Durante a inspe\u00e7\u00e3o, as equipes encontraram produtos em condi\u00e7\u00f5es inadequadas e problemas estruturais que comprometiam a seguran\u00e7a alimentar. Entre os itens recolhidos estavam mais de 250 quilos de carne bovina, cerca de 30 quilos de frango, produtos processados e outros g\u00eaneros aliment\u00edcios. Todo o material foi classificado como impr\u00f3prio para consumo humano e retirado imediatamente das prateleiras. Conforme o coordenador da Vigil\u00e2ncia Sanit\u00e1ria, Maico Mares, os alimentos apreendidos foram encaminhados ao aterro sanit\u00e1rio. Ele explicou que h\u00e1 um protocolo rigoroso, com cataloga\u00e7\u00e3o, pesagem e acompanhamento da destrui\u00e7\u00e3o, para garantir a completa inutiliza\u00e7\u00e3o dos produtos. Diante das irregularidades, o supermercado foi notificado e pode sofrer san\u00e7\u00f5es administrativas previstas na legisla\u00e7\u00e3o. A Vigil\u00e2ncia Sanit\u00e1ria informou que as fiscaliza\u00e7\u00f5es seguem ao longo do semestre, com a\u00e7\u00f5es preventivas, atendimento a den\u00fancias e orienta\u00e7\u00e3o aos comerciantes.","og_url":"http:\/\/sudoesteacontece.com.br\/?p=6232","og_site_name":"Sudoesteacontece","article_publisher":"https:\/\/www.facebook.com\/sudoesteacontece\/?locale=pt_BR","article_published_time":"2026-01-16T13:45:59+00:00","article_modified_time":"2026-01-16T13:46:06+00:00","og_image":[{"width":900,"height":600,"url":"http:\/\/sudoesteacontece.com.br\/wp-content\/uploads\/2026\/01\/Operacao-em-Vitoria-da-Conquista-apreende-370-kg-de-alimentos-improprios-em-supermercado-sudoeste-acontece.jpg","type":"image\/jpeg"}],"author":"Reda\u00e7\u00e3o","twitter_card":"summary_large_image","twitter_misc":{"Escrito por":"Reda\u00e7\u00e3o","Est. tempo de leitura":"2 minutos"},"schema":{"@context":"https:\/\/schema.org","@graph":[{"@type":"Article","@id":"http:\/\/sudoesteacontece.com.br\/?p=6232#article","isPartOf":{"@id":"http:\/\/sudoesteacontece.com.br\/?p=6232"},"author":{"name":"Reda\u00e7\u00e3o","@id":"https:\/\/sudoesteacontece.com.br\/#\/schema\/person\/a4f22429c1d0923ef8f7d43343f8dc38"},"headline":"Opera\u00e7\u00e3o em Vit\u00f3ria da Conquista apreende 370 kg de alimentos impr\u00f3prios em supermercado","datePublished":"2026-01-16T13:45:59+00:00","dateModified":"2026-01-16T13:46:06+00:00","mainEntityOfPage":{"@id":"http:\/\/sudoesteacontece.com.br\/?p=6232"},"wordCount":242,"commentCount":0,"publisher":{"@id":"https:\/\/sudoesteacontece.com.br\/#organization"},"image":{"@id":"http:\/\/sudoesteacontece.com.br\/?p=6232#primaryimage"},"thumbnailUrl":"https:\/\/sudoesteacontece.com.br\/wp-content\/uploads\/2026\/01\/Operacao-em-Vitoria-da-Conquista-apreende-370-kg-de-alimentos-improprios-em-supermercado-sudoeste-acontece.jpg","articleSection":["Cidades","Sa\u00fade","Vit\u00f3ria da Conquista"],"inLanguage":"pt-BR","potentialAction":[{"@type":"CommentAction","name":"Comment","target":["http:\/\/sudoesteacontece.com.br\/?p=6232#respond"]}]},{"@type":"WebPage","@id":"http:\/\/sudoesteacontece.com.br\/?p=6232","url":"http:\/\/sudoesteacontece.com.br\/?p=6232","name":"Opera\u00e7\u00e3o em Vit\u00f3ria da Conquista apreende 370 kg de alimentos impr\u00f3prios em supermercado - Sudoesteacontece","isPartOf":{"@id":"https:\/\/sudoesteacontece.com.br\/#website"},"primaryImageOfPage":{"@id":"http:\/\/sudoesteacontece.com.br\/?p=6232#primaryimage"},"image":{"@id":"http:\/\/sudoesteacontece.com.br\/?p=6232#primaryimage"},"thumbnailUrl":"https:\/\/sudoesteacontece.com.br\/wp-content\/uploads\/2026\/01\/Operacao-em-Vitoria-da-Conquista-apreende-370-kg-de-alimentos-improprios-em-supermercado-sudoeste-acontece.jpg","datePublished":"2026-01-16T13:45:59+00:00","dateModified":"2026-01-16T13:46:06+00:00","breadcrumb":{"@id":"http:\/\/sudoesteacontece.com.br\/?p=6232#breadcrumb"},"inLanguage":"pt-BR","potentialAction":[{"@type":"ReadAction","target":["http:\/\/sudoesteacontece.com.br\/?p=6232"]}]},{"@type":"ImageObject","inLanguage":"pt-BR","@id":"http:\/\/sudoesteacontece.com.br\/?p=6232#primaryimage","url":"https:\/\/sudoesteacontece.com.br\/wp-content\/uploads\/2026\/01\/Operacao-em-Vitoria-da-Conquista-apreende-370-kg-de-alimentos-improprios-em-supermercado-sudoeste-acontece.jpg","contentUrl":"https:\/\/sudoesteacontece.com.br\/wp-content\/uploads\/2026\/01\/Operacao-em-Vitoria-da-Conquista-apreende-370-kg-de-alimentos-improprios-em-supermercado-sudoeste-acontece.jpg","width":900,"height":600},{"@type":"BreadcrumbList","@id":"http:\/\/sudoesteacontece.com.br\/?p=6232#breadcrumb","itemListElement":[{"@type":"ListItem","position":1,"name":"In\u00edcio","item":"https:\/\/sudoesteacontece.com.br\/"},{"@type":"ListItem","position":2,"name":"Opera\u00e7\u00e3o em Vit\u00f3ria da Conquista apreende 370 kg de alimentos impr\u00f3prios em supermercado"}]},{"@type":"WebSite","@id":"https:\/\/sudoesteacontece.com.br\/#website","url":"https:\/\/sudoesteacontece.com.br\/","name":"Sudoesteacontece","description":"","publisher":{"@id":"https:\/\/sudoesteacontece.com.br\/#organization"},"potentialAction":[{"@type":"SearchAction","target":{"@type":"EntryPoint","urlTemplate":"https:\/\/sudoesteacontece.com.br\/?s={search_term_string}"},"query-input":{"@type":"PropertyValueSpecification","valueRequired":true,"valueName":"search_term_string"}}],"inLanguage":"pt-BR"},{"@type":"Organization","@id":"https:\/\/sudoesteacontece.com.br\/#organization","name":"Sudoesteacontece","url":"https:\/\/sudoesteacontece.com.br\/","logo":{"@type":"ImageObject","inLanguage":"pt-BR","@id":"https:\/\/sudoesteacontece.com.br\/#\/schema\/logo\/image\/","url":"https:\/\/sudoesteacontece.com.br\/wp-content\/uploads\/2025\/12\/cropped-logo-2-180x180-1.png","contentUrl":"https:\/\/sudoesteacontece.com.br\/wp-content\/uploads\/2025\/12\/cropped-logo-2-180x180-1.png","width":180,"height":180,"caption":"Sudoesteacontece"},"image":{"@id":"https:\/\/sudoesteacontece.com.br\/#\/schema\/logo\/image\/"},"sameAs":["https:\/\/www.facebook.com\/sudoesteacontece\/?locale=pt_BR"]},{"@type":"Person","@id":"https:\/\/sudoesteacontece.com.br\/#\/schema\/person\/a4f22429c1d0923ef8f7d43343f8dc38","name":"Reda\u00e7\u00e3o","image":{"@type":"ImageObject","inLanguage":"pt-BR","@id":"https:\/\/sudoesteacontece.com.br\/#\/schema\/person\/image\/","url":"https:\/\/secure.gravatar.com\/avatar\/c3a5b3c93f268a709c25a2df414c629a96fb3b1b4bf97a94fb3f72e54ae76903?s=96&d=mm&r=g","contentUrl":"https:\/\/secure.gravatar.com\/avatar\/c3a5b3c93f268a709c25a2df414c629a96fb3b1b4bf97a94fb3f72e54ae76903?s=96&d=mm&r=g","caption":"Reda\u00e7\u00e3o"},"url":"https:\/\/sudoesteacontece.com.br\/?author=4"}]}},"_links":{"self":[{"href":"https:\/\/sudoesteacontece.com.br\/index.php?rest_route=\/wp\/v2\/posts\/6232","targetHints":{"allow":["GET"]}}],"collection":[{"href":"https:\/\/sudoesteacontece.com.br\/index.php?rest_route=\/wp\/v2\/posts"}],"about":[{"href":"https:\/\/sudoesteacontece.com.br\/index.php?rest_route=\/wp\/v2\/types\/post"}],"author":[{"embeddable":true,"href":"https:\/\/sudoesteacontece.com.br\/index.php?rest_route=\/wp\/v2\/users\/4"}],"replies":[{"embeddable":true,"href":"https:\/\/sudoesteacontece.com.br\/index.php?rest_route=%2Fwp%2Fv2%2Fcomments&post=6232"}],"version-history":[{"count":0,"href":"https:\/\/sudoesteacontece.com.br\/index.php?rest_route=\/wp\/v2\/posts\/6232\/revisions"}],"wp:featuredmedia":[{"embeddable":true,"href":"https:\/\/sudoesteacontece.com.br\/index.php?rest_route=\/wp\/v2\/media\/6261"}],"wp:attachment":[{"href":"https:\/\/sudoesteacontece.com.br\/index.php?rest_route=%2Fwp%2Fv2%2Fmedia&parent=6232"}],"wp:term":[{"taxonomy":"category","embeddable":true,"href":"https:\/\/sudoesteacontece.com.br\/index.php?rest_route=%2Fwp%2Fv2%2Fcategories&post=6232"},{"taxonomy":"post_tag","embeddable":true,"href":"https:\/\/sudoesteacontece.com.br\/index.php?rest_route=%2Fwp%2Fv2%2Ftags&post=6232"}],"curies":[{"name":"wp","href":"https:\/\/api.w.org\/{rel}","templated":true}]}}