{"id":6233,"date":"2026-01-16T11:04:32","date_gmt":"2026-01-16T14:04:32","guid":{"rendered":"https:\/\/sudoesteacontece.com.br\/?p=6233"},"modified":"2026-01-16T11:04:40","modified_gmt":"2026-01-16T14:04:40","slug":"isidorio-aparece-com-lideres-da-oposicao-na-lavagem-do-bonfim-e-cena-repercute-na-politica-baiana","status":"publish","type":"post","link":"https:\/\/sudoesteacontece.com.br\/?p=6233","title":{"rendered":"Isid\u00f3rio aparece com l\u00edderes da oposi\u00e7\u00e3o na Lavagem do Bonfim e cena repercute na pol\u00edtica baiana"},"content":{"rendered":"<div class=\"wp-block-image\">\n<figure class=\"aligncenter size-full\"><img fetchpriority=\"high\" decoding=\"async\" width=\"900\" height=\"600\" src=\"http:\/\/sudoesteacontece.com.br\/wp-content\/uploads\/2026\/01\/Aliado-de-Jeronimo-Raimundinho-da-JR-admite-dialogo-com-ACM-Neto-e-projeta-disputa-federal-em-2026-sudoeste-acontece.jpg\" alt=\"\" class=\"wp-image-6242\" srcset=\"https:\/\/sudoesteacontece.com.br\/wp-content\/uploads\/2026\/01\/Aliado-de-Jeronimo-Raimundinho-da-JR-admite-dialogo-com-ACM-Neto-e-projeta-disputa-federal-em-2026-sudoeste-acontece.jpg 900w, https:\/\/sudoesteacontece.com.br\/wp-content\/uploads\/2026\/01\/Aliado-de-Jeronimo-Raimundinho-da-JR-admite-dialogo-com-ACM-Neto-e-projeta-disputa-federal-em-2026-sudoeste-acontece-300x200.jpg 300w, https:\/\/sudoesteacontece.com.br\/wp-content\/uploads\/2026\/01\/Aliado-de-Jeronimo-Raimundinho-da-JR-admite-dialogo-com-ACM-Neto-e-projeta-disputa-federal-em-2026-sudoeste-acontece-768x512.jpg 768w\" sizes=\"(max-width: 900px) 100vw, 900px\" \/><\/figure>\n<\/div>\n\n\n<p>Flagrante pol\u00edtico marcou a Lavagem do Senhor do Bonfim, nesta quinta-feira (15), em Salvador. O deputado federal Pastor Sargento Isid\u00f3rio (Avante) posou ao lado de l\u00edderes da oposi\u00e7\u00e3o baiana durante o cortejo, em um registro que rapidamente ganhou repercuss\u00e3o nos bastidores do poder.<\/p>\n\n\n\n<p>Imagem divulgada nas redes sociais do prefeito Bruno Reis (Uni\u00e3o Brasil) mostra Isid\u00f3rio ao lado do pr\u00f3prio gestor da capital, do ex-prefeito ACM Neto (Uni\u00e3o Brasil) e do ex-ministro da Cidadania Jo\u00e3o Roma, atual presidente do PL na Bahia. O encontro chamou aten\u00e7\u00e3o pelo contraste de alian\u00e7as.<\/p>\n\n\n\n<p>Nas publica\u00e7\u00f5es, o deputado aparece cercado por oposicionistas e apoiadores. Em um dos v\u00eddeos, Bruno Reis conversa com eleitores de Isid\u00f3rio, aponta para ACM Neto e afirma: \u201cEsse \u00e9 o cara\u201d, em tom de descontra\u00e7\u00e3o, mas com forte simbolismo pol\u00edtico.<\/p>\n\n\n\n<p>Apesar do clima informal, o epis\u00f3dio gerou leitura estrat\u00e9gica. Isid\u00f3rio integra a base do governo Lula na C\u00e2mara e \u00e9 aliado do governador Jer\u00f4nimo Rodrigues (PT), o que amplia o peso pol\u00edtico do registro e pode causar desgaste dentro do campo governista.<\/p>\n\n\n\n<p>Neste ano, a Lavagem do Bonfim voltou a funcionar como term\u00f4metro informal da disputa eleitoral. Gestos, fotos e aproxima\u00e7\u00f5es durante o evento s\u00e3o observados de perto por partidos e analistas, que buscam sinais de movimentos e realinhamentos para as elei\u00e7\u00f5es de outubro.<\/p>\n","protected":false},"excerpt":{"rendered":"<p>Flagrante pol\u00edtico marcou a Lavagem do Senhor do Bonfim, nesta quinta-feira (15), em Salvador. O deputado federal Pastor Sargento Isid\u00f3rio (Avante) posou ao lado de l\u00edderes da oposi\u00e7\u00e3o baiana durante o cortejo, em um registro que rapidamente ganhou repercuss\u00e3o nos bastidores do poder. Imagem divulgada nas redes sociais do prefeito Bruno Reis (Uni\u00e3o Brasil) mostra Isid\u00f3rio ao lado do pr\u00f3prio gestor da capital, do ex-prefeito ACM Neto (Uni\u00e3o Brasil) e do ex-ministro da Cidadania Jo\u00e3o Roma, atual presidente do PL na Bahia. O encontro chamou aten\u00e7\u00e3o pelo contraste de alian\u00e7as. Nas publica\u00e7\u00f5es, o deputado aparece cercado por oposicionistas e apoiadores. Em um dos v\u00eddeos, Bruno Reis conversa com eleitores de Isid\u00f3rio, aponta para ACM Neto e afirma: \u201cEsse \u00e9 o cara\u201d, em tom de descontra\u00e7\u00e3o, mas com forte simbolismo pol\u00edtico. Apesar do clima informal, o epis\u00f3dio gerou leitura estrat\u00e9gica. Isid\u00f3rio integra a base do governo Lula na C\u00e2mara e \u00e9 aliado do governador Jer\u00f4nimo Rodrigues (PT), o que amplia o peso pol\u00edtico do registro e pode causar desgaste dentro do campo governista. Neste ano, a Lavagem do Bonfim voltou a funcionar como term\u00f4metro informal da disputa eleitoral. Gestos, fotos e aproxima\u00e7\u00f5es durante o evento s\u00e3o observados de perto por partidos e analistas, que buscam sinais de movimentos e realinhamentos para as elei\u00e7\u00f5es de outubro.<\/p>\n","protected":false},"author":4,"featured_media":6242,"comment_status":"open","ping_status":"open","sticky":false,"template":"","format":"standard","meta":{"footnotes":""},"categories":[7,58,6],"tags":[],"class_list":["post-6233","post","type-post","status-publish","format-standard","has-post-thumbnail","hentry","category-bahia","category-eleicoes-2026","category-politica"],"yoast_head":"<!-- This site is optimized with the Yoast SEO plugin v26.5 - https:\/\/yoast.com\/wordpress\/plugins\/seo\/ -->\n<title>Isid\u00f3rio aparece com l\u00edderes da oposi\u00e7\u00e3o na Lavagem do Bonfim e cena repercute na pol\u00edtica baiana - Sudoesteacontece<\/title>\n<meta name=\"robots\" content=\"index, follow, max-snippet:-1, max-image-preview:large, max-video-preview:-1\" \/>\n<link rel=\"canonical\" href=\"https:\/\/sudoesteacontece.com.br\/?p=6233\" \/>\n<meta property=\"og:locale\" content=\"pt_BR\" \/>\n<meta property=\"og:type\" content=\"article\" \/>\n<meta property=\"og:title\" content=\"Isid\u00f3rio aparece com l\u00edderes da oposi\u00e7\u00e3o na Lavagem do Bonfim e cena repercute na pol\u00edtica baiana - Sudoesteacontece\" \/>\n<meta property=\"og:description\" content=\"Flagrante pol\u00edtico marcou a Lavagem do Senhor do Bonfim, nesta quinta-feira (15), em Salvador. O deputado federal Pastor Sargento Isid\u00f3rio (Avante) posou ao lado de l\u00edderes da oposi\u00e7\u00e3o baiana durante o cortejo, em um registro que rapidamente ganhou repercuss\u00e3o nos bastidores do poder. Imagem divulgada nas redes sociais do prefeito Bruno Reis (Uni\u00e3o Brasil) mostra Isid\u00f3rio ao lado do pr\u00f3prio gestor da capital, do ex-prefeito ACM Neto (Uni\u00e3o Brasil) e do ex-ministro da Cidadania Jo\u00e3o Roma, atual presidente do PL na Bahia. O encontro chamou aten\u00e7\u00e3o pelo contraste de alian\u00e7as. Nas publica\u00e7\u00f5es, o deputado aparece cercado por oposicionistas e apoiadores. Em um dos v\u00eddeos, Bruno Reis conversa com eleitores de Isid\u00f3rio, aponta para ACM Neto e afirma: \u201cEsse \u00e9 o cara\u201d, em tom de descontra\u00e7\u00e3o, mas com forte simbolismo pol\u00edtico. Apesar do clima informal, o epis\u00f3dio gerou leitura estrat\u00e9gica. Isid\u00f3rio integra a base do governo Lula na C\u00e2mara e \u00e9 aliado do governador Jer\u00f4nimo Rodrigues (PT), o que amplia o peso pol\u00edtico do registro e pode causar desgaste dentro do campo governista. Neste ano, a Lavagem do Bonfim voltou a funcionar como term\u00f4metro informal da disputa eleitoral. Gestos, fotos e aproxima\u00e7\u00f5es durante o evento s\u00e3o observados de perto por partidos e analistas, que buscam sinais de movimentos e realinhamentos para as elei\u00e7\u00f5es de outubro.\" \/>\n<meta property=\"og:url\" content=\"https:\/\/sudoesteacontece.com.br\/?p=6233\" \/>\n<meta property=\"og:site_name\" content=\"Sudoesteacontece\" \/>\n<meta property=\"article:publisher\" content=\"https:\/\/www.facebook.com\/sudoesteacontece\/?locale=pt_BR\" \/>\n<meta property=\"article:published_time\" content=\"2026-01-16T14:04:32+00:00\" \/>\n<meta property=\"article:modified_time\" content=\"2026-01-16T14:04:40+00:00\" \/>\n<meta property=\"og:image\" content=\"https:\/\/sudoesteacontece.com.br\/wp-content\/uploads\/2026\/01\/Aliado-de-Jeronimo-Raimundinho-da-JR-admite-dialogo-com-ACM-Neto-e-projeta-disputa-federal-em-2026-sudoeste-acontece.jpg\" \/>\n\t<meta property=\"og:image:width\" content=\"900\" \/>\n\t<meta property=\"og:image:height\" content=\"600\" \/>\n\t<meta property=\"og:image:type\" content=\"image\/jpeg\" \/>\n<meta name=\"author\" content=\"Reda\u00e7\u00e3o\" \/>\n<meta name=\"twitter:card\" content=\"summary_large_image\" \/>\n<meta name=\"twitter:label1\" content=\"Escrito por\" \/>\n\t<meta name=\"twitter:data1\" content=\"Reda\u00e7\u00e3o\" \/>\n\t<meta name=\"twitter:label2\" content=\"Est. tempo de leitura\" \/>\n\t<meta name=\"twitter:data2\" content=\"2 minutos\" \/>\n<script type=\"application\/ld+json\" class=\"yoast-schema-graph\">{\"@context\":\"https:\/\/schema.org\",\"@graph\":[{\"@type\":\"Article\",\"@id\":\"https:\/\/sudoesteacontece.com.br\/?p=6233#article\",\"isPartOf\":{\"@id\":\"https:\/\/sudoesteacontece.com.br\/?p=6233\"},\"author\":{\"name\":\"Reda\u00e7\u00e3o\",\"@id\":\"https:\/\/sudoesteacontece.com.br\/#\/schema\/person\/a4f22429c1d0923ef8f7d43343f8dc38\"},\"headline\":\"Isid\u00f3rio aparece com l\u00edderes da oposi\u00e7\u00e3o na Lavagem do Bonfim e cena repercute na pol\u00edtica baiana\",\"datePublished\":\"2026-01-16T14:04:32+00:00\",\"dateModified\":\"2026-01-16T14:04:40+00:00\",\"mainEntityOfPage\":{\"@id\":\"https:\/\/sudoesteacontece.com.br\/?p=6233\"},\"wordCount\":258,\"commentCount\":0,\"publisher\":{\"@id\":\"https:\/\/sudoesteacontece.com.br\/#organization\"},\"image\":{\"@id\":\"https:\/\/sudoesteacontece.com.br\/?p=6233#primaryimage\"},\"thumbnailUrl\":\"https:\/\/sudoesteacontece.com.br\/wp-content\/uploads\/2026\/01\/Aliado-de-Jeronimo-Raimundinho-da-JR-admite-dialogo-com-ACM-Neto-e-projeta-disputa-federal-em-2026-sudoeste-acontece.jpg\",\"articleSection\":[\"Bahia\",\"Elei\u00e7\u00f5es 2026\",\"Pol\u00edtica\"],\"inLanguage\":\"pt-BR\",\"potentialAction\":[{\"@type\":\"CommentAction\",\"name\":\"Comment\",\"target\":[\"https:\/\/sudoesteacontece.com.br\/?p=6233#respond\"]}]},{\"@type\":\"WebPage\",\"@id\":\"https:\/\/sudoesteacontece.com.br\/?p=6233\",\"url\":\"https:\/\/sudoesteacontece.com.br\/?p=6233\",\"name\":\"Isid\u00f3rio aparece com l\u00edderes da oposi\u00e7\u00e3o na Lavagem do Bonfim e cena repercute na pol\u00edtica baiana - Sudoesteacontece\",\"isPartOf\":{\"@id\":\"https:\/\/sudoesteacontece.com.br\/#website\"},\"primaryImageOfPage\":{\"@id\":\"https:\/\/sudoesteacontece.com.br\/?p=6233#primaryimage\"},\"image\":{\"@id\":\"https:\/\/sudoesteacontece.com.br\/?p=6233#primaryimage\"},\"thumbnailUrl\":\"https:\/\/sudoesteacontece.com.br\/wp-content\/uploads\/2026\/01\/Aliado-de-Jeronimo-Raimundinho-da-JR-admite-dialogo-com-ACM-Neto-e-projeta-disputa-federal-em-2026-sudoeste-acontece.jpg\",\"datePublished\":\"2026-01-16T14:04:32+00:00\",\"dateModified\":\"2026-01-16T14:04:40+00:00\",\"breadcrumb\":{\"@id\":\"https:\/\/sudoesteacontece.com.br\/?p=6233#breadcrumb\"},\"inLanguage\":\"pt-BR\",\"potentialAction\":[{\"@type\":\"ReadAction\",\"target\":[\"https:\/\/sudoesteacontece.com.br\/?p=6233\"]}]},{\"@type\":\"ImageObject\",\"inLanguage\":\"pt-BR\",\"@id\":\"https:\/\/sudoesteacontece.com.br\/?p=6233#primaryimage\",\"url\":\"https:\/\/sudoesteacontece.com.br\/wp-content\/uploads\/2026\/01\/Aliado-de-Jeronimo-Raimundinho-da-JR-admite-dialogo-com-ACM-Neto-e-projeta-disputa-federal-em-2026-sudoeste-acontece.jpg\",\"contentUrl\":\"https:\/\/sudoesteacontece.com.br\/wp-content\/uploads\/2026\/01\/Aliado-de-Jeronimo-Raimundinho-da-JR-admite-dialogo-com-ACM-Neto-e-projeta-disputa-federal-em-2026-sudoeste-acontece.jpg\",\"width\":900,\"height\":600},{\"@type\":\"BreadcrumbList\",\"@id\":\"https:\/\/sudoesteacontece.com.br\/?p=6233#breadcrumb\",\"itemListElement\":[{\"@type\":\"ListItem\",\"position\":1,\"name\":\"In\u00edcio\",\"item\":\"https:\/\/sudoesteacontece.com.br\/\"},{\"@type\":\"ListItem\",\"position\":2,\"name\":\"Isid\u00f3rio aparece com l\u00edderes da oposi\u00e7\u00e3o na Lavagem do Bonfim e cena repercute na pol\u00edtica baiana\"}]},{\"@type\":\"WebSite\",\"@id\":\"https:\/\/sudoesteacontece.com.br\/#website\",\"url\":\"https:\/\/sudoesteacontece.com.br\/\",\"name\":\"Sudoesteacontece\",\"description\":\"\",\"publisher\":{\"@id\":\"https:\/\/sudoesteacontece.com.br\/#organization\"},\"potentialAction\":[{\"@type\":\"SearchAction\",\"target\":{\"@type\":\"EntryPoint\",\"urlTemplate\":\"https:\/\/sudoesteacontece.com.br\/?s={search_term_string}\"},\"query-input\":{\"@type\":\"PropertyValueSpecification\",\"valueRequired\":true,\"valueName\":\"search_term_string\"}}],\"inLanguage\":\"pt-BR\"},{\"@type\":\"Organization\",\"@id\":\"https:\/\/sudoesteacontece.com.br\/#organization\",\"name\":\"Sudoesteacontece\",\"url\":\"https:\/\/sudoesteacontece.com.br\/\",\"logo\":{\"@type\":\"ImageObject\",\"inLanguage\":\"pt-BR\",\"@id\":\"https:\/\/sudoesteacontece.com.br\/#\/schema\/logo\/image\/\",\"url\":\"https:\/\/sudoesteacontece.com.br\/wp-content\/uploads\/2025\/12\/cropped-logo-2-180x180-1.png\",\"contentUrl\":\"https:\/\/sudoesteacontece.com.br\/wp-content\/uploads\/2025\/12\/cropped-logo-2-180x180-1.png\",\"width\":180,\"height\":180,\"caption\":\"Sudoesteacontece\"},\"image\":{\"@id\":\"https:\/\/sudoesteacontece.com.br\/#\/schema\/logo\/image\/\"},\"sameAs\":[\"https:\/\/www.facebook.com\/sudoesteacontece\/?locale=pt_BR\"]},{\"@type\":\"Person\",\"@id\":\"https:\/\/sudoesteacontece.com.br\/#\/schema\/person\/a4f22429c1d0923ef8f7d43343f8dc38\",\"name\":\"Reda\u00e7\u00e3o\",\"image\":{\"@type\":\"ImageObject\",\"inLanguage\":\"pt-BR\",\"@id\":\"https:\/\/sudoesteacontece.com.br\/#\/schema\/person\/image\/\",\"url\":\"https:\/\/secure.gravatar.com\/avatar\/c3a5b3c93f268a709c25a2df414c629a96fb3b1b4bf97a94fb3f72e54ae76903?s=96&d=mm&r=g\",\"contentUrl\":\"https:\/\/secure.gravatar.com\/avatar\/c3a5b3c93f268a709c25a2df414c629a96fb3b1b4bf97a94fb3f72e54ae76903?s=96&d=mm&r=g\",\"caption\":\"Reda\u00e7\u00e3o\"},\"url\":\"https:\/\/sudoesteacontece.com.br\/?author=4\"}]}<\/script>\n<!-- \/ Yoast SEO plugin. -->","yoast_head_json":{"title":"Isid\u00f3rio aparece com l\u00edderes da oposi\u00e7\u00e3o na Lavagem do Bonfim e cena repercute na pol\u00edtica baiana - Sudoesteacontece","robots":{"index":"index","follow":"follow","max-snippet":"max-snippet:-1","max-image-preview":"max-image-preview:large","max-video-preview":"max-video-preview:-1"},"canonical":"https:\/\/sudoesteacontece.com.br\/?p=6233","og_locale":"pt_BR","og_type":"article","og_title":"Isid\u00f3rio aparece com l\u00edderes da oposi\u00e7\u00e3o na Lavagem do Bonfim e cena repercute na pol\u00edtica baiana - Sudoesteacontece","og_description":"Flagrante pol\u00edtico marcou a Lavagem do Senhor do Bonfim, nesta quinta-feira (15), em Salvador. O deputado federal Pastor Sargento Isid\u00f3rio (Avante) posou ao lado de l\u00edderes da oposi\u00e7\u00e3o baiana durante o cortejo, em um registro que rapidamente ganhou repercuss\u00e3o nos bastidores do poder. Imagem divulgada nas redes sociais do prefeito Bruno Reis (Uni\u00e3o Brasil) mostra Isid\u00f3rio ao lado do pr\u00f3prio gestor da capital, do ex-prefeito ACM Neto (Uni\u00e3o Brasil) e do ex-ministro da Cidadania Jo\u00e3o Roma, atual presidente do PL na Bahia. O encontro chamou aten\u00e7\u00e3o pelo contraste de alian\u00e7as. Nas publica\u00e7\u00f5es, o deputado aparece cercado por oposicionistas e apoiadores. Em um dos v\u00eddeos, Bruno Reis conversa com eleitores de Isid\u00f3rio, aponta para ACM Neto e afirma: \u201cEsse \u00e9 o cara\u201d, em tom de descontra\u00e7\u00e3o, mas com forte simbolismo pol\u00edtico. Apesar do clima informal, o epis\u00f3dio gerou leitura estrat\u00e9gica. Isid\u00f3rio integra a base do governo Lula na C\u00e2mara e \u00e9 aliado do governador Jer\u00f4nimo Rodrigues (PT), o que amplia o peso pol\u00edtico do registro e pode causar desgaste dentro do campo governista. Neste ano, a Lavagem do Bonfim voltou a funcionar como term\u00f4metro informal da disputa eleitoral. Gestos, fotos e aproxima\u00e7\u00f5es durante o evento s\u00e3o observados de perto por partidos e analistas, que buscam sinais de movimentos e realinhamentos para as elei\u00e7\u00f5es de outubro.","og_url":"https:\/\/sudoesteacontece.com.br\/?p=6233","og_site_name":"Sudoesteacontece","article_publisher":"https:\/\/www.facebook.com\/sudoesteacontece\/?locale=pt_BR","article_published_time":"2026-01-16T14:04:32+00:00","article_modified_time":"2026-01-16T14:04:40+00:00","og_image":[{"width":900,"height":600,"url":"https:\/\/sudoesteacontece.com.br\/wp-content\/uploads\/2026\/01\/Aliado-de-Jeronimo-Raimundinho-da-JR-admite-dialogo-com-ACM-Neto-e-projeta-disputa-federal-em-2026-sudoeste-acontece.jpg","type":"image\/jpeg"}],"author":"Reda\u00e7\u00e3o","twitter_card":"summary_large_image","twitter_misc":{"Escrito por":"Reda\u00e7\u00e3o","Est. tempo de leitura":"2 minutos"},"schema":{"@context":"https:\/\/schema.org","@graph":[{"@type":"Article","@id":"https:\/\/sudoesteacontece.com.br\/?p=6233#article","isPartOf":{"@id":"https:\/\/sudoesteacontece.com.br\/?p=6233"},"author":{"name":"Reda\u00e7\u00e3o","@id":"https:\/\/sudoesteacontece.com.br\/#\/schema\/person\/a4f22429c1d0923ef8f7d43343f8dc38"},"headline":"Isid\u00f3rio aparece com l\u00edderes da oposi\u00e7\u00e3o na Lavagem do Bonfim e cena repercute na pol\u00edtica baiana","datePublished":"2026-01-16T14:04:32+00:00","dateModified":"2026-01-16T14:04:40+00:00","mainEntityOfPage":{"@id":"https:\/\/sudoesteacontece.com.br\/?p=6233"},"wordCount":258,"commentCount":0,"publisher":{"@id":"https:\/\/sudoesteacontece.com.br\/#organization"},"image":{"@id":"https:\/\/sudoesteacontece.com.br\/?p=6233#primaryimage"},"thumbnailUrl":"https:\/\/sudoesteacontece.com.br\/wp-content\/uploads\/2026\/01\/Aliado-de-Jeronimo-Raimundinho-da-JR-admite-dialogo-com-ACM-Neto-e-projeta-disputa-federal-em-2026-sudoeste-acontece.jpg","articleSection":["Bahia","Elei\u00e7\u00f5es 2026","Pol\u00edtica"],"inLanguage":"pt-BR","potentialAction":[{"@type":"CommentAction","name":"Comment","target":["https:\/\/sudoesteacontece.com.br\/?p=6233#respond"]}]},{"@type":"WebPage","@id":"https:\/\/sudoesteacontece.com.br\/?p=6233","url":"https:\/\/sudoesteacontece.com.br\/?p=6233","name":"Isid\u00f3rio aparece com l\u00edderes da oposi\u00e7\u00e3o na Lavagem do Bonfim e cena repercute na pol\u00edtica baiana - Sudoesteacontece","isPartOf":{"@id":"https:\/\/sudoesteacontece.com.br\/#website"},"primaryImageOfPage":{"@id":"https:\/\/sudoesteacontece.com.br\/?p=6233#primaryimage"},"image":{"@id":"https:\/\/sudoesteacontece.com.br\/?p=6233#primaryimage"},"thumbnailUrl":"https:\/\/sudoesteacontece.com.br\/wp-content\/uploads\/2026\/01\/Aliado-de-Jeronimo-Raimundinho-da-JR-admite-dialogo-com-ACM-Neto-e-projeta-disputa-federal-em-2026-sudoeste-acontece.jpg","datePublished":"2026-01-16T14:04:32+00:00","dateModified":"2026-01-16T14:04:40+00:00","breadcrumb":{"@id":"https:\/\/sudoesteacontece.com.br\/?p=6233#breadcrumb"},"inLanguage":"pt-BR","potentialAction":[{"@type":"ReadAction","target":["https:\/\/sudoesteacontece.com.br\/?p=6233"]}]},{"@type":"ImageObject","inLanguage":"pt-BR","@id":"https:\/\/sudoesteacontece.com.br\/?p=6233#primaryimage","url":"https:\/\/sudoesteacontece.com.br\/wp-content\/uploads\/2026\/01\/Aliado-de-Jeronimo-Raimundinho-da-JR-admite-dialogo-com-ACM-Neto-e-projeta-disputa-federal-em-2026-sudoeste-acontece.jpg","contentUrl":"https:\/\/sudoesteacontece.com.br\/wp-content\/uploads\/2026\/01\/Aliado-de-Jeronimo-Raimundinho-da-JR-admite-dialogo-com-ACM-Neto-e-projeta-disputa-federal-em-2026-sudoeste-acontece.jpg","width":900,"height":600},{"@type":"BreadcrumbList","@id":"https:\/\/sudoesteacontece.com.br\/?p=6233#breadcrumb","itemListElement":[{"@type":"ListItem","position":1,"name":"In\u00edcio","item":"https:\/\/sudoesteacontece.com.br\/"},{"@type":"ListItem","position":2,"name":"Isid\u00f3rio aparece com l\u00edderes da oposi\u00e7\u00e3o na Lavagem do Bonfim e cena repercute na pol\u00edtica baiana"}]},{"@type":"WebSite","@id":"https:\/\/sudoesteacontece.com.br\/#website","url":"https:\/\/sudoesteacontece.com.br\/","name":"Sudoesteacontece","description":"","publisher":{"@id":"https:\/\/sudoesteacontece.com.br\/#organization"},"potentialAction":[{"@type":"SearchAction","target":{"@type":"EntryPoint","urlTemplate":"https:\/\/sudoesteacontece.com.br\/?s={search_term_string}"},"query-input":{"@type":"PropertyValueSpecification","valueRequired":true,"valueName":"search_term_string"}}],"inLanguage":"pt-BR"},{"@type":"Organization","@id":"https:\/\/sudoesteacontece.com.br\/#organization","name":"Sudoesteacontece","url":"https:\/\/sudoesteacontece.com.br\/","logo":{"@type":"ImageObject","inLanguage":"pt-BR","@id":"https:\/\/sudoesteacontece.com.br\/#\/schema\/logo\/image\/","url":"https:\/\/sudoesteacontece.com.br\/wp-content\/uploads\/2025\/12\/cropped-logo-2-180x180-1.png","contentUrl":"https:\/\/sudoesteacontece.com.br\/wp-content\/uploads\/2025\/12\/cropped-logo-2-180x180-1.png","width":180,"height":180,"caption":"Sudoesteacontece"},"image":{"@id":"https:\/\/sudoesteacontece.com.br\/#\/schema\/logo\/image\/"},"sameAs":["https:\/\/www.facebook.com\/sudoesteacontece\/?locale=pt_BR"]},{"@type":"Person","@id":"https:\/\/sudoesteacontece.com.br\/#\/schema\/person\/a4f22429c1d0923ef8f7d43343f8dc38","name":"Reda\u00e7\u00e3o","image":{"@type":"ImageObject","inLanguage":"pt-BR","@id":"https:\/\/sudoesteacontece.com.br\/#\/schema\/person\/image\/","url":"https:\/\/secure.gravatar.com\/avatar\/c3a5b3c93f268a709c25a2df414c629a96fb3b1b4bf97a94fb3f72e54ae76903?s=96&d=mm&r=g","contentUrl":"https:\/\/secure.gravatar.com\/avatar\/c3a5b3c93f268a709c25a2df414c629a96fb3b1b4bf97a94fb3f72e54ae76903?s=96&d=mm&r=g","caption":"Reda\u00e7\u00e3o"},"url":"https:\/\/sudoesteacontece.com.br\/?author=4"}]}},"_links":{"self":[{"href":"https:\/\/sudoesteacontece.com.br\/index.php?rest_route=\/wp\/v2\/posts\/6233","targetHints":{"allow":["GET"]}}],"collection":[{"href":"https:\/\/sudoesteacontece.com.br\/index.php?rest_route=\/wp\/v2\/posts"}],"about":[{"href":"https:\/\/sudoesteacontece.com.br\/index.php?rest_route=\/wp\/v2\/types\/post"}],"author":[{"embeddable":true,"href":"https:\/\/sudoesteacontece.com.br\/index.php?rest_route=\/wp\/v2\/users\/4"}],"replies":[{"embeddable":true,"href":"https:\/\/sudoesteacontece.com.br\/index.php?rest_route=%2Fwp%2Fv2%2Fcomments&post=6233"}],"version-history":[{"count":0,"href":"https:\/\/sudoesteacontece.com.br\/index.php?rest_route=\/wp\/v2\/posts\/6233\/revisions"}],"wp:featuredmedia":[{"embeddable":true,"href":"https:\/\/sudoesteacontece.com.br\/index.php?rest_route=\/wp\/v2\/media\/6242"}],"wp:attachment":[{"href":"https:\/\/sudoesteacontece.com.br\/index.php?rest_route=%2Fwp%2Fv2%2Fmedia&parent=6233"}],"wp:term":[{"taxonomy":"category","embeddable":true,"href":"https:\/\/sudoesteacontece.com.br\/index.php?rest_route=%2Fwp%2Fv2%2Fcategories&post=6233"},{"taxonomy":"post_tag","embeddable":true,"href":"https:\/\/sudoesteacontece.com.br\/index.php?rest_route=%2Fwp%2Fv2%2Ftags&post=6233"}],"curies":[{"name":"wp","href":"https:\/\/api.w.org\/{rel}","templated":true}]}}