{"id":6314,"date":"2026-01-18T11:33:17","date_gmt":"2026-01-18T14:33:17","guid":{"rendered":"https:\/\/sudoesteacontece.com.br\/?p=6314"},"modified":"2026-01-18T11:33:24","modified_gmt":"2026-01-18T14:33:24","slug":"ex-prefeito-de-cacule-vai-assumir-vaga-na-alba-apos-morte-de-alan-sanches","status":"publish","type":"post","link":"https:\/\/sudoesteacontece.com.br\/?p=6314","title":{"rendered":"Ex-prefeito de Cacul\u00e9 vai assumir vaga na ALBA ap\u00f3s morte de Alan Sanches"},"content":{"rendered":"<div class=\"wp-block-image\">\n<figure class=\"aligncenter size-full\"><img fetchpriority=\"high\" decoding=\"async\" width=\"900\" height=\"600\" src=\"http:\/\/sudoesteacontece.com.br\/wp-content\/uploads\/2026\/01\/Ex-prefeito-de-Cacule-vai-assumir-vaga-na-ALBA-apos-morte-de-Alan-Sanches-sudoeste-acontece.jpg\" alt=\"\" class=\"wp-image-6338\" srcset=\"https:\/\/sudoesteacontece.com.br\/wp-content\/uploads\/2026\/01\/Ex-prefeito-de-Cacule-vai-assumir-vaga-na-ALBA-apos-morte-de-Alan-Sanches-sudoeste-acontece.jpg 900w, https:\/\/sudoesteacontece.com.br\/wp-content\/uploads\/2026\/01\/Ex-prefeito-de-Cacule-vai-assumir-vaga-na-ALBA-apos-morte-de-Alan-Sanches-sudoeste-acontece-300x200.jpg 300w, https:\/\/sudoesteacontece.com.br\/wp-content\/uploads\/2026\/01\/Ex-prefeito-de-Cacule-vai-assumir-vaga-na-ALBA-apos-morte-de-Alan-Sanches-sudoeste-acontece-768x512.jpg 768w\" sizes=\"(max-width: 900px) 100vw, 900px\" \/><\/figure>\n<\/div>\n\n\n<p>Mudan\u00e7a na composi\u00e7\u00e3o da Assembleia Legislativa da Bahia ocorre ap\u00f3s a morte do deputado estadual Alan Sanches (Uni\u00e3o Brasil), aos 58 anos, na manh\u00e3 deste s\u00e1bado (17). A cadeira deixada pelo ex-l\u00edder da oposi\u00e7\u00e3o ser\u00e1 ocupada por Luciano Ribeiro, primeiro suplente do partido.<\/p>\n\n\n\n<p>Advogado formado pela Faculdade de Direito de Te\u00f3filo Otoni, Luciano Ribeiro construiu trajet\u00f3ria pol\u00edtica no sudoeste baiano. Ele comandou a Prefeitura de Cacul\u00e9 por dois mandatos, entre 2005 e 2012, e foi eleito deputado estadual em 2014, ent\u00e3o pelo Democratas.<\/p>\n\n\n\n<p>Em janeiro de 2023, o pol\u00edtico integrou a gest\u00e3o do prefeito de Salvador, Bruno Reis, ao assumir a Secretaria Municipal de Ordem P\u00fablica. A passagem pelo cargo durou cerca de cinco meses, per\u00edodo marcado por a\u00e7\u00f5es de reorganiza\u00e7\u00e3o da pasta.<\/p>\n\n\n\n<p>Nas elei\u00e7\u00f5es municipais de 2024, Luciano tentou retornar ao comando da Prefeitura de Cacul\u00e9. A disputa terminou com derrota para o prefeito Pedr\u00e3o, do PSB, que garantiu a reelei\u00e7\u00e3o.<\/p>\n\n\n\n<p>Com a vac\u00e2ncia aberta na ALBA, Luciano Ribeiro deve ser convocado nos pr\u00f3ximos dias para tomar posse. A mudan\u00e7a recomp\u00f5e a bancada do Uni\u00e3o Brasil no Legislativo baiano.<\/p>\n","protected":false},"excerpt":{"rendered":"<p>Mudan\u00e7a na composi\u00e7\u00e3o da Assembleia Legislativa da Bahia ocorre ap\u00f3s a morte do deputado estadual Alan Sanches (Uni\u00e3o Brasil), aos 58 anos, na manh\u00e3 deste s\u00e1bado (17). A cadeira deixada pelo ex-l\u00edder da oposi\u00e7\u00e3o ser\u00e1 ocupada por Luciano Ribeiro, primeiro suplente do partido. Advogado formado pela Faculdade de Direito de Te\u00f3filo Otoni, Luciano Ribeiro construiu trajet\u00f3ria pol\u00edtica no sudoeste baiano. Ele comandou a Prefeitura de Cacul\u00e9 por dois mandatos, entre 2005 e 2012, e foi eleito deputado estadual em 2014, ent\u00e3o pelo Democratas. Em janeiro de 2023, o pol\u00edtico integrou a gest\u00e3o do prefeito de Salvador, Bruno Reis, ao assumir a Secretaria Municipal de Ordem P\u00fablica. A passagem pelo cargo durou cerca de cinco meses, per\u00edodo marcado por a\u00e7\u00f5es de reorganiza\u00e7\u00e3o da pasta. Nas elei\u00e7\u00f5es municipais de 2024, Luciano tentou retornar ao comando da Prefeitura de Cacul\u00e9. A disputa terminou com derrota para o prefeito Pedr\u00e3o, do PSB, que garantiu a reelei\u00e7\u00e3o. Com a vac\u00e2ncia aberta na ALBA, Luciano Ribeiro deve ser convocado nos pr\u00f3ximos dias para tomar posse. A mudan\u00e7a recomp\u00f5e a bancada do Uni\u00e3o Brasil no Legislativo baiano.<\/p>\n","protected":false},"author":4,"featured_media":6338,"comment_status":"open","ping_status":"open","sticky":false,"template":"","format":"standard","meta":{"footnotes":""},"categories":[7,58,6],"tags":[],"class_list":["post-6314","post","type-post","status-publish","format-standard","has-post-thumbnail","hentry","category-bahia","category-eleicoes-2026","category-politica"],"yoast_head":"<!-- This site is optimized with the Yoast SEO plugin v26.5 - https:\/\/yoast.com\/wordpress\/plugins\/seo\/ -->\n<title>Ex-prefeito de Cacul\u00e9 vai assumir vaga na ALBA ap\u00f3s morte de Alan Sanches - Sudoesteacontece<\/title>\n<meta name=\"robots\" content=\"index, follow, max-snippet:-1, max-image-preview:large, max-video-preview:-1\" \/>\n<link rel=\"canonical\" href=\"https:\/\/sudoesteacontece.com.br\/?p=6314\" \/>\n<meta property=\"og:locale\" content=\"pt_BR\" \/>\n<meta property=\"og:type\" content=\"article\" \/>\n<meta property=\"og:title\" content=\"Ex-prefeito de Cacul\u00e9 vai assumir vaga na ALBA ap\u00f3s morte de Alan Sanches - Sudoesteacontece\" \/>\n<meta property=\"og:description\" content=\"Mudan\u00e7a na composi\u00e7\u00e3o da Assembleia Legislativa da Bahia ocorre ap\u00f3s a morte do deputado estadual Alan Sanches (Uni\u00e3o Brasil), aos 58 anos, na manh\u00e3 deste s\u00e1bado (17). A cadeira deixada pelo ex-l\u00edder da oposi\u00e7\u00e3o ser\u00e1 ocupada por Luciano Ribeiro, primeiro suplente do partido. Advogado formado pela Faculdade de Direito de Te\u00f3filo Otoni, Luciano Ribeiro construiu trajet\u00f3ria pol\u00edtica no sudoeste baiano. Ele comandou a Prefeitura de Cacul\u00e9 por dois mandatos, entre 2005 e 2012, e foi eleito deputado estadual em 2014, ent\u00e3o pelo Democratas. Em janeiro de 2023, o pol\u00edtico integrou a gest\u00e3o do prefeito de Salvador, Bruno Reis, ao assumir a Secretaria Municipal de Ordem P\u00fablica. A passagem pelo cargo durou cerca de cinco meses, per\u00edodo marcado por a\u00e7\u00f5es de reorganiza\u00e7\u00e3o da pasta. Nas elei\u00e7\u00f5es municipais de 2024, Luciano tentou retornar ao comando da Prefeitura de Cacul\u00e9. A disputa terminou com derrota para o prefeito Pedr\u00e3o, do PSB, que garantiu a reelei\u00e7\u00e3o. Com a vac\u00e2ncia aberta na ALBA, Luciano Ribeiro deve ser convocado nos pr\u00f3ximos dias para tomar posse. A mudan\u00e7a recomp\u00f5e a bancada do Uni\u00e3o Brasil no Legislativo baiano.\" \/>\n<meta property=\"og:url\" content=\"https:\/\/sudoesteacontece.com.br\/?p=6314\" \/>\n<meta property=\"og:site_name\" content=\"Sudoesteacontece\" \/>\n<meta property=\"article:publisher\" content=\"https:\/\/www.facebook.com\/sudoesteacontece\/?locale=pt_BR\" \/>\n<meta property=\"article:published_time\" content=\"2026-01-18T14:33:17+00:00\" \/>\n<meta property=\"article:modified_time\" content=\"2026-01-18T14:33:24+00:00\" \/>\n<meta property=\"og:image\" content=\"https:\/\/sudoesteacontece.com.br\/wp-content\/uploads\/2026\/01\/Ex-prefeito-de-Cacule-vai-assumir-vaga-na-ALBA-apos-morte-de-Alan-Sanches-sudoeste-acontece.jpg\" \/>\n\t<meta property=\"og:image:width\" content=\"900\" \/>\n\t<meta property=\"og:image:height\" content=\"600\" \/>\n\t<meta property=\"og:image:type\" content=\"image\/jpeg\" \/>\n<meta name=\"author\" content=\"Reda\u00e7\u00e3o\" \/>\n<meta name=\"twitter:card\" content=\"summary_large_image\" \/>\n<meta name=\"twitter:label1\" content=\"Escrito por\" \/>\n\t<meta name=\"twitter:data1\" content=\"Reda\u00e7\u00e3o\" \/>\n\t<meta name=\"twitter:label2\" content=\"Est. tempo de leitura\" \/>\n\t<meta name=\"twitter:data2\" content=\"2 minutos\" \/>\n<script type=\"application\/ld+json\" class=\"yoast-schema-graph\">{\"@context\":\"https:\/\/schema.org\",\"@graph\":[{\"@type\":\"Article\",\"@id\":\"https:\/\/sudoesteacontece.com.br\/?p=6314#article\",\"isPartOf\":{\"@id\":\"https:\/\/sudoesteacontece.com.br\/?p=6314\"},\"author\":{\"name\":\"Reda\u00e7\u00e3o\",\"@id\":\"https:\/\/sudoesteacontece.com.br\/#\/schema\/person\/a4f22429c1d0923ef8f7d43343f8dc38\"},\"headline\":\"Ex-prefeito de Cacul\u00e9 vai assumir vaga na ALBA ap\u00f3s morte de Alan Sanches\",\"datePublished\":\"2026-01-18T14:33:17+00:00\",\"dateModified\":\"2026-01-18T14:33:24+00:00\",\"mainEntityOfPage\":{\"@id\":\"https:\/\/sudoesteacontece.com.br\/?p=6314\"},\"wordCount\":212,\"commentCount\":0,\"publisher\":{\"@id\":\"https:\/\/sudoesteacontece.com.br\/#organization\"},\"image\":{\"@id\":\"https:\/\/sudoesteacontece.com.br\/?p=6314#primaryimage\"},\"thumbnailUrl\":\"https:\/\/sudoesteacontece.com.br\/wp-content\/uploads\/2026\/01\/Ex-prefeito-de-Cacule-vai-assumir-vaga-na-ALBA-apos-morte-de-Alan-Sanches-sudoeste-acontece.jpg\",\"articleSection\":[\"Bahia\",\"Elei\u00e7\u00f5es 2026\",\"Pol\u00edtica\"],\"inLanguage\":\"pt-BR\",\"potentialAction\":[{\"@type\":\"CommentAction\",\"name\":\"Comment\",\"target\":[\"https:\/\/sudoesteacontece.com.br\/?p=6314#respond\"]}]},{\"@type\":\"WebPage\",\"@id\":\"https:\/\/sudoesteacontece.com.br\/?p=6314\",\"url\":\"https:\/\/sudoesteacontece.com.br\/?p=6314\",\"name\":\"Ex-prefeito de Cacul\u00e9 vai assumir vaga na ALBA ap\u00f3s morte de Alan Sanches - Sudoesteacontece\",\"isPartOf\":{\"@id\":\"https:\/\/sudoesteacontece.com.br\/#website\"},\"primaryImageOfPage\":{\"@id\":\"https:\/\/sudoesteacontece.com.br\/?p=6314#primaryimage\"},\"image\":{\"@id\":\"https:\/\/sudoesteacontece.com.br\/?p=6314#primaryimage\"},\"thumbnailUrl\":\"https:\/\/sudoesteacontece.com.br\/wp-content\/uploads\/2026\/01\/Ex-prefeito-de-Cacule-vai-assumir-vaga-na-ALBA-apos-morte-de-Alan-Sanches-sudoeste-acontece.jpg\",\"datePublished\":\"2026-01-18T14:33:17+00:00\",\"dateModified\":\"2026-01-18T14:33:24+00:00\",\"breadcrumb\":{\"@id\":\"https:\/\/sudoesteacontece.com.br\/?p=6314#breadcrumb\"},\"inLanguage\":\"pt-BR\",\"potentialAction\":[{\"@type\":\"ReadAction\",\"target\":[\"https:\/\/sudoesteacontece.com.br\/?p=6314\"]}]},{\"@type\":\"ImageObject\",\"inLanguage\":\"pt-BR\",\"@id\":\"https:\/\/sudoesteacontece.com.br\/?p=6314#primaryimage\",\"url\":\"https:\/\/sudoesteacontece.com.br\/wp-content\/uploads\/2026\/01\/Ex-prefeito-de-Cacule-vai-assumir-vaga-na-ALBA-apos-morte-de-Alan-Sanches-sudoeste-acontece.jpg\",\"contentUrl\":\"https:\/\/sudoesteacontece.com.br\/wp-content\/uploads\/2026\/01\/Ex-prefeito-de-Cacule-vai-assumir-vaga-na-ALBA-apos-morte-de-Alan-Sanches-sudoeste-acontece.jpg\",\"width\":900,\"height\":600},{\"@type\":\"BreadcrumbList\",\"@id\":\"https:\/\/sudoesteacontece.com.br\/?p=6314#breadcrumb\",\"itemListElement\":[{\"@type\":\"ListItem\",\"position\":1,\"name\":\"In\u00edcio\",\"item\":\"https:\/\/sudoesteacontece.com.br\/\"},{\"@type\":\"ListItem\",\"position\":2,\"name\":\"Ex-prefeito de Cacul\u00e9 vai assumir vaga na ALBA ap\u00f3s morte de Alan Sanches\"}]},{\"@type\":\"WebSite\",\"@id\":\"https:\/\/sudoesteacontece.com.br\/#website\",\"url\":\"https:\/\/sudoesteacontece.com.br\/\",\"name\":\"Sudoesteacontece\",\"description\":\"\",\"publisher\":{\"@id\":\"https:\/\/sudoesteacontece.com.br\/#organization\"},\"potentialAction\":[{\"@type\":\"SearchAction\",\"target\":{\"@type\":\"EntryPoint\",\"urlTemplate\":\"https:\/\/sudoesteacontece.com.br\/?s={search_term_string}\"},\"query-input\":{\"@type\":\"PropertyValueSpecification\",\"valueRequired\":true,\"valueName\":\"search_term_string\"}}],\"inLanguage\":\"pt-BR\"},{\"@type\":\"Organization\",\"@id\":\"https:\/\/sudoesteacontece.com.br\/#organization\",\"name\":\"Sudoesteacontece\",\"url\":\"https:\/\/sudoesteacontece.com.br\/\",\"logo\":{\"@type\":\"ImageObject\",\"inLanguage\":\"pt-BR\",\"@id\":\"https:\/\/sudoesteacontece.com.br\/#\/schema\/logo\/image\/\",\"url\":\"https:\/\/sudoesteacontece.com.br\/wp-content\/uploads\/2025\/12\/cropped-logo-2-180x180-1.png\",\"contentUrl\":\"https:\/\/sudoesteacontece.com.br\/wp-content\/uploads\/2025\/12\/cropped-logo-2-180x180-1.png\",\"width\":180,\"height\":180,\"caption\":\"Sudoesteacontece\"},\"image\":{\"@id\":\"https:\/\/sudoesteacontece.com.br\/#\/schema\/logo\/image\/\"},\"sameAs\":[\"https:\/\/www.facebook.com\/sudoesteacontece\/?locale=pt_BR\"]},{\"@type\":\"Person\",\"@id\":\"https:\/\/sudoesteacontece.com.br\/#\/schema\/person\/a4f22429c1d0923ef8f7d43343f8dc38\",\"name\":\"Reda\u00e7\u00e3o\",\"image\":{\"@type\":\"ImageObject\",\"inLanguage\":\"pt-BR\",\"@id\":\"https:\/\/sudoesteacontece.com.br\/#\/schema\/person\/image\/\",\"url\":\"https:\/\/secure.gravatar.com\/avatar\/c3a5b3c93f268a709c25a2df414c629a96fb3b1b4bf97a94fb3f72e54ae76903?s=96&d=mm&r=g\",\"contentUrl\":\"https:\/\/secure.gravatar.com\/avatar\/c3a5b3c93f268a709c25a2df414c629a96fb3b1b4bf97a94fb3f72e54ae76903?s=96&d=mm&r=g\",\"caption\":\"Reda\u00e7\u00e3o\"},\"url\":\"https:\/\/sudoesteacontece.com.br\/?author=4\"}]}<\/script>\n<!-- \/ Yoast SEO plugin. -->","yoast_head_json":{"title":"Ex-prefeito de Cacul\u00e9 vai assumir vaga na ALBA ap\u00f3s morte de Alan Sanches - Sudoesteacontece","robots":{"index":"index","follow":"follow","max-snippet":"max-snippet:-1","max-image-preview":"max-image-preview:large","max-video-preview":"max-video-preview:-1"},"canonical":"https:\/\/sudoesteacontece.com.br\/?p=6314","og_locale":"pt_BR","og_type":"article","og_title":"Ex-prefeito de Cacul\u00e9 vai assumir vaga na ALBA ap\u00f3s morte de Alan Sanches - Sudoesteacontece","og_description":"Mudan\u00e7a na composi\u00e7\u00e3o da Assembleia Legislativa da Bahia ocorre ap\u00f3s a morte do deputado estadual Alan Sanches (Uni\u00e3o Brasil), aos 58 anos, na manh\u00e3 deste s\u00e1bado (17). A cadeira deixada pelo ex-l\u00edder da oposi\u00e7\u00e3o ser\u00e1 ocupada por Luciano Ribeiro, primeiro suplente do partido. Advogado formado pela Faculdade de Direito de Te\u00f3filo Otoni, Luciano Ribeiro construiu trajet\u00f3ria pol\u00edtica no sudoeste baiano. Ele comandou a Prefeitura de Cacul\u00e9 por dois mandatos, entre 2005 e 2012, e foi eleito deputado estadual em 2014, ent\u00e3o pelo Democratas. Em janeiro de 2023, o pol\u00edtico integrou a gest\u00e3o do prefeito de Salvador, Bruno Reis, ao assumir a Secretaria Municipal de Ordem P\u00fablica. A passagem pelo cargo durou cerca de cinco meses, per\u00edodo marcado por a\u00e7\u00f5es de reorganiza\u00e7\u00e3o da pasta. Nas elei\u00e7\u00f5es municipais de 2024, Luciano tentou retornar ao comando da Prefeitura de Cacul\u00e9. A disputa terminou com derrota para o prefeito Pedr\u00e3o, do PSB, que garantiu a reelei\u00e7\u00e3o. Com a vac\u00e2ncia aberta na ALBA, Luciano Ribeiro deve ser convocado nos pr\u00f3ximos dias para tomar posse. A mudan\u00e7a recomp\u00f5e a bancada do Uni\u00e3o Brasil no Legislativo baiano.","og_url":"https:\/\/sudoesteacontece.com.br\/?p=6314","og_site_name":"Sudoesteacontece","article_publisher":"https:\/\/www.facebook.com\/sudoesteacontece\/?locale=pt_BR","article_published_time":"2026-01-18T14:33:17+00:00","article_modified_time":"2026-01-18T14:33:24+00:00","og_image":[{"width":900,"height":600,"url":"https:\/\/sudoesteacontece.com.br\/wp-content\/uploads\/2026\/01\/Ex-prefeito-de-Cacule-vai-assumir-vaga-na-ALBA-apos-morte-de-Alan-Sanches-sudoeste-acontece.jpg","type":"image\/jpeg"}],"author":"Reda\u00e7\u00e3o","twitter_card":"summary_large_image","twitter_misc":{"Escrito por":"Reda\u00e7\u00e3o","Est. tempo de leitura":"2 minutos"},"schema":{"@context":"https:\/\/schema.org","@graph":[{"@type":"Article","@id":"https:\/\/sudoesteacontece.com.br\/?p=6314#article","isPartOf":{"@id":"https:\/\/sudoesteacontece.com.br\/?p=6314"},"author":{"name":"Reda\u00e7\u00e3o","@id":"https:\/\/sudoesteacontece.com.br\/#\/schema\/person\/a4f22429c1d0923ef8f7d43343f8dc38"},"headline":"Ex-prefeito de Cacul\u00e9 vai assumir vaga na ALBA ap\u00f3s morte de Alan Sanches","datePublished":"2026-01-18T14:33:17+00:00","dateModified":"2026-01-18T14:33:24+00:00","mainEntityOfPage":{"@id":"https:\/\/sudoesteacontece.com.br\/?p=6314"},"wordCount":212,"commentCount":0,"publisher":{"@id":"https:\/\/sudoesteacontece.com.br\/#organization"},"image":{"@id":"https:\/\/sudoesteacontece.com.br\/?p=6314#primaryimage"},"thumbnailUrl":"https:\/\/sudoesteacontece.com.br\/wp-content\/uploads\/2026\/01\/Ex-prefeito-de-Cacule-vai-assumir-vaga-na-ALBA-apos-morte-de-Alan-Sanches-sudoeste-acontece.jpg","articleSection":["Bahia","Elei\u00e7\u00f5es 2026","Pol\u00edtica"],"inLanguage":"pt-BR","potentialAction":[{"@type":"CommentAction","name":"Comment","target":["https:\/\/sudoesteacontece.com.br\/?p=6314#respond"]}]},{"@type":"WebPage","@id":"https:\/\/sudoesteacontece.com.br\/?p=6314","url":"https:\/\/sudoesteacontece.com.br\/?p=6314","name":"Ex-prefeito de Cacul\u00e9 vai assumir vaga na ALBA ap\u00f3s morte de Alan Sanches - Sudoesteacontece","isPartOf":{"@id":"https:\/\/sudoesteacontece.com.br\/#website"},"primaryImageOfPage":{"@id":"https:\/\/sudoesteacontece.com.br\/?p=6314#primaryimage"},"image":{"@id":"https:\/\/sudoesteacontece.com.br\/?p=6314#primaryimage"},"thumbnailUrl":"https:\/\/sudoesteacontece.com.br\/wp-content\/uploads\/2026\/01\/Ex-prefeito-de-Cacule-vai-assumir-vaga-na-ALBA-apos-morte-de-Alan-Sanches-sudoeste-acontece.jpg","datePublished":"2026-01-18T14:33:17+00:00","dateModified":"2026-01-18T14:33:24+00:00","breadcrumb":{"@id":"https:\/\/sudoesteacontece.com.br\/?p=6314#breadcrumb"},"inLanguage":"pt-BR","potentialAction":[{"@type":"ReadAction","target":["https:\/\/sudoesteacontece.com.br\/?p=6314"]}]},{"@type":"ImageObject","inLanguage":"pt-BR","@id":"https:\/\/sudoesteacontece.com.br\/?p=6314#primaryimage","url":"https:\/\/sudoesteacontece.com.br\/wp-content\/uploads\/2026\/01\/Ex-prefeito-de-Cacule-vai-assumir-vaga-na-ALBA-apos-morte-de-Alan-Sanches-sudoeste-acontece.jpg","contentUrl":"https:\/\/sudoesteacontece.com.br\/wp-content\/uploads\/2026\/01\/Ex-prefeito-de-Cacule-vai-assumir-vaga-na-ALBA-apos-morte-de-Alan-Sanches-sudoeste-acontece.jpg","width":900,"height":600},{"@type":"BreadcrumbList","@id":"https:\/\/sudoesteacontece.com.br\/?p=6314#breadcrumb","itemListElement":[{"@type":"ListItem","position":1,"name":"In\u00edcio","item":"https:\/\/sudoesteacontece.com.br\/"},{"@type":"ListItem","position":2,"name":"Ex-prefeito de Cacul\u00e9 vai assumir vaga na ALBA ap\u00f3s morte de Alan Sanches"}]},{"@type":"WebSite","@id":"https:\/\/sudoesteacontece.com.br\/#website","url":"https:\/\/sudoesteacontece.com.br\/","name":"Sudoesteacontece","description":"","publisher":{"@id":"https:\/\/sudoesteacontece.com.br\/#organization"},"potentialAction":[{"@type":"SearchAction","target":{"@type":"EntryPoint","urlTemplate":"https:\/\/sudoesteacontece.com.br\/?s={search_term_string}"},"query-input":{"@type":"PropertyValueSpecification","valueRequired":true,"valueName":"search_term_string"}}],"inLanguage":"pt-BR"},{"@type":"Organization","@id":"https:\/\/sudoesteacontece.com.br\/#organization","name":"Sudoesteacontece","url":"https:\/\/sudoesteacontece.com.br\/","logo":{"@type":"ImageObject","inLanguage":"pt-BR","@id":"https:\/\/sudoesteacontece.com.br\/#\/schema\/logo\/image\/","url":"https:\/\/sudoesteacontece.com.br\/wp-content\/uploads\/2025\/12\/cropped-logo-2-180x180-1.png","contentUrl":"https:\/\/sudoesteacontece.com.br\/wp-content\/uploads\/2025\/12\/cropped-logo-2-180x180-1.png","width":180,"height":180,"caption":"Sudoesteacontece"},"image":{"@id":"https:\/\/sudoesteacontece.com.br\/#\/schema\/logo\/image\/"},"sameAs":["https:\/\/www.facebook.com\/sudoesteacontece\/?locale=pt_BR"]},{"@type":"Person","@id":"https:\/\/sudoesteacontece.com.br\/#\/schema\/person\/a4f22429c1d0923ef8f7d43343f8dc38","name":"Reda\u00e7\u00e3o","image":{"@type":"ImageObject","inLanguage":"pt-BR","@id":"https:\/\/sudoesteacontece.com.br\/#\/schema\/person\/image\/","url":"https:\/\/secure.gravatar.com\/avatar\/c3a5b3c93f268a709c25a2df414c629a96fb3b1b4bf97a94fb3f72e54ae76903?s=96&d=mm&r=g","contentUrl":"https:\/\/secure.gravatar.com\/avatar\/c3a5b3c93f268a709c25a2df414c629a96fb3b1b4bf97a94fb3f72e54ae76903?s=96&d=mm&r=g","caption":"Reda\u00e7\u00e3o"},"url":"https:\/\/sudoesteacontece.com.br\/?author=4"}]}},"_links":{"self":[{"href":"https:\/\/sudoesteacontece.com.br\/index.php?rest_route=\/wp\/v2\/posts\/6314","targetHints":{"allow":["GET"]}}],"collection":[{"href":"https:\/\/sudoesteacontece.com.br\/index.php?rest_route=\/wp\/v2\/posts"}],"about":[{"href":"https:\/\/sudoesteacontece.com.br\/index.php?rest_route=\/wp\/v2\/types\/post"}],"author":[{"embeddable":true,"href":"https:\/\/sudoesteacontece.com.br\/index.php?rest_route=\/wp\/v2\/users\/4"}],"replies":[{"embeddable":true,"href":"https:\/\/sudoesteacontece.com.br\/index.php?rest_route=%2Fwp%2Fv2%2Fcomments&post=6314"}],"version-history":[{"count":0,"href":"https:\/\/sudoesteacontece.com.br\/index.php?rest_route=\/wp\/v2\/posts\/6314\/revisions"}],"wp:featuredmedia":[{"embeddable":true,"href":"https:\/\/sudoesteacontece.com.br\/index.php?rest_route=\/wp\/v2\/media\/6338"}],"wp:attachment":[{"href":"https:\/\/sudoesteacontece.com.br\/index.php?rest_route=%2Fwp%2Fv2%2Fmedia&parent=6314"}],"wp:term":[{"taxonomy":"category","embeddable":true,"href":"https:\/\/sudoesteacontece.com.br\/index.php?rest_route=%2Fwp%2Fv2%2Fcategories&post=6314"},{"taxonomy":"post_tag","embeddable":true,"href":"https:\/\/sudoesteacontece.com.br\/index.php?rest_route=%2Fwp%2Fv2%2Ftags&post=6314"}],"curies":[{"name":"wp","href":"https:\/\/api.w.org\/{rel}","templated":true}]}}