{"id":6342,"date":"2026-01-19T09:39:29","date_gmt":"2026-01-19T12:39:29","guid":{"rendered":"https:\/\/sudoesteacontece.com.br\/?p=6342"},"modified":"2026-01-19T09:39:35","modified_gmt":"2026-01-19T12:39:35","slug":"motociclista-fica-ferido-apos-colisao-em-avenida-movimentada-de-livramento","status":"publish","type":"post","link":"https:\/\/sudoesteacontece.com.br\/?p=6342","title":{"rendered":"Motociclista fica ferido ap\u00f3s colis\u00e3o em avenida movimentada de Livramento"},"content":{"rendered":"<div class=\"wp-block-image\">\n<figure class=\"aligncenter size-full\"><img fetchpriority=\"high\" decoding=\"async\" width=\"900\" height=\"600\" src=\"http:\/\/sudoesteacontece.com.br\/wp-content\/uploads\/2026\/01\/Motociclista-fica-ferido-apos-colisao-em-avenida-movimentada-de-Livramento-sudoeste-acontece.jpg\" alt=\"\" class=\"wp-image-6357\" srcset=\"https:\/\/sudoesteacontece.com.br\/wp-content\/uploads\/2026\/01\/Motociclista-fica-ferido-apos-colisao-em-avenida-movimentada-de-Livramento-sudoeste-acontece.jpg 900w, https:\/\/sudoesteacontece.com.br\/wp-content\/uploads\/2026\/01\/Motociclista-fica-ferido-apos-colisao-em-avenida-movimentada-de-Livramento-sudoeste-acontece-300x200.jpg 300w, https:\/\/sudoesteacontece.com.br\/wp-content\/uploads\/2026\/01\/Motociclista-fica-ferido-apos-colisao-em-avenida-movimentada-de-Livramento-sudoeste-acontece-768x512.jpg 768w\" sizes=\"(max-width: 900px) 100vw, 900px\" \/><\/figure>\n<\/div>\n\n\n<p>Um acidente de tr\u00e2nsito deixou um motociclista ferido na tarde deste s\u00e1bado (17), em Livramento de Nossa Senhora, no sudoeste da Bahia. A batida aconteceu na Avenida Presidente Vargas, principal corredor urbano da cidade, conhecida pelo fluxo intenso de ve\u00edculos ao longo do dia, o que aumenta o risco de ocorr\u00eancias graves.<\/p>\n\n\n\n<p>Segundo informa\u00e7\u00f5es apuradas no local, o motociclista, que seguia pela via a trabalho, conduzia uma moto preta quando colidiu com um autom\u00f3vel. O impacto lan\u00e7ou a v\u00edtima ao asfalto e provocou fraturas na perna, gerando preocupa\u00e7\u00e3o entre motoristas e pedestres que presenciaram o acidente.<\/p>\n\n\n\n<p>Rapidamente, equipes de socorro prestaram os primeiros atendimentos ainda na avenida. Em seguida, os profissionais encaminharam o motociclista para a Unidade de Pronto Atendimento (UPA 24 horas), onde ele permanece sob cuidados m\u00e9dicos. At\u00e9 o momento, n\u00e3o h\u00e1 atualiza\u00e7\u00e3o oficial sobre o estado de sa\u00fade da v\u00edtima.<\/p>\n\n\n\n<p>Enquanto isso, as circunst\u00e2ncias da colis\u00e3o seguem sem esclarecimento. O caso reacende o alerta sobre o n\u00famero de acidentes em Livramento de Nossa Senhora e refor\u00e7a a cobran\u00e7a por medidas que tornem o tr\u00e2nsito mais seguro, especialmente em vias de grande circula\u00e7\u00e3o, tanto para condutores quanto para pedestres.<\/p>\n","protected":false},"excerpt":{"rendered":"<p>Um acidente de tr\u00e2nsito deixou um motociclista ferido na tarde deste s\u00e1bado (17), em Livramento de Nossa Senhora, no sudoeste da Bahia. A batida aconteceu na Avenida Presidente Vargas, principal corredor urbano da cidade, conhecida pelo fluxo intenso de ve\u00edculos ao longo do dia, o que aumenta o risco de ocorr\u00eancias graves. Segundo informa\u00e7\u00f5es apuradas no local, o motociclista, que seguia pela via a trabalho, conduzia uma moto preta quando colidiu com um autom\u00f3vel. O impacto lan\u00e7ou a v\u00edtima ao asfalto e provocou fraturas na perna, gerando preocupa\u00e7\u00e3o entre motoristas e pedestres que presenciaram o acidente. Rapidamente, equipes de socorro prestaram os primeiros atendimentos ainda na avenida. Em seguida, os profissionais encaminharam o motociclista para a Unidade de Pronto Atendimento (UPA 24 horas), onde ele permanece sob cuidados m\u00e9dicos. At\u00e9 o momento, n\u00e3o h\u00e1 atualiza\u00e7\u00e3o oficial sobre o estado de sa\u00fade da v\u00edtima. Enquanto isso, as circunst\u00e2ncias da colis\u00e3o seguem sem esclarecimento. O caso reacende o alerta sobre o n\u00famero de acidentes em Livramento de Nossa Senhora e refor\u00e7a a cobran\u00e7a por medidas que tornem o tr\u00e2nsito mais seguro, especialmente em vias de grande circula\u00e7\u00e3o, tanto para condutores quanto para pedestres.<\/p>\n","protected":false},"author":4,"featured_media":6357,"comment_status":"open","ping_status":"open","sticky":false,"template":"","format":"standard","meta":{"footnotes":""},"categories":[5,18],"tags":[],"class_list":["post-6342","post","type-post","status-publish","format-standard","has-post-thumbnail","hentry","category-acidente","category-livramento"],"yoast_head":"<!-- This site is optimized with the Yoast SEO plugin v26.5 - https:\/\/yoast.com\/wordpress\/plugins\/seo\/ -->\n<title>Motociclista fica ferido ap\u00f3s colis\u00e3o em avenida movimentada de Livramento - Sudoesteacontece<\/title>\n<meta name=\"robots\" content=\"index, follow, max-snippet:-1, max-image-preview:large, max-video-preview:-1\" \/>\n<link rel=\"canonical\" href=\"https:\/\/sudoesteacontece.com.br\/?p=6342\" \/>\n<meta property=\"og:locale\" content=\"pt_BR\" \/>\n<meta property=\"og:type\" content=\"article\" \/>\n<meta property=\"og:title\" content=\"Motociclista fica ferido ap\u00f3s colis\u00e3o em avenida movimentada de Livramento - Sudoesteacontece\" \/>\n<meta property=\"og:description\" content=\"Um acidente de tr\u00e2nsito deixou um motociclista ferido na tarde deste s\u00e1bado (17), em Livramento de Nossa Senhora, no sudoeste da Bahia. A batida aconteceu na Avenida Presidente Vargas, principal corredor urbano da cidade, conhecida pelo fluxo intenso de ve\u00edculos ao longo do dia, o que aumenta o risco de ocorr\u00eancias graves. Segundo informa\u00e7\u00f5es apuradas no local, o motociclista, que seguia pela via a trabalho, conduzia uma moto preta quando colidiu com um autom\u00f3vel. O impacto lan\u00e7ou a v\u00edtima ao asfalto e provocou fraturas na perna, gerando preocupa\u00e7\u00e3o entre motoristas e pedestres que presenciaram o acidente. Rapidamente, equipes de socorro prestaram os primeiros atendimentos ainda na avenida. Em seguida, os profissionais encaminharam o motociclista para a Unidade de Pronto Atendimento (UPA 24 horas), onde ele permanece sob cuidados m\u00e9dicos. At\u00e9 o momento, n\u00e3o h\u00e1 atualiza\u00e7\u00e3o oficial sobre o estado de sa\u00fade da v\u00edtima. Enquanto isso, as circunst\u00e2ncias da colis\u00e3o seguem sem esclarecimento. O caso reacende o alerta sobre o n\u00famero de acidentes em Livramento de Nossa Senhora e refor\u00e7a a cobran\u00e7a por medidas que tornem o tr\u00e2nsito mais seguro, especialmente em vias de grande circula\u00e7\u00e3o, tanto para condutores quanto para pedestres.\" \/>\n<meta property=\"og:url\" content=\"https:\/\/sudoesteacontece.com.br\/?p=6342\" \/>\n<meta property=\"og:site_name\" content=\"Sudoesteacontece\" \/>\n<meta property=\"article:publisher\" content=\"https:\/\/www.facebook.com\/sudoesteacontece\/?locale=pt_BR\" \/>\n<meta property=\"article:published_time\" content=\"2026-01-19T12:39:29+00:00\" \/>\n<meta property=\"article:modified_time\" content=\"2026-01-19T12:39:35+00:00\" \/>\n<meta property=\"og:image\" content=\"https:\/\/sudoesteacontece.com.br\/wp-content\/uploads\/2026\/01\/Motociclista-fica-ferido-apos-colisao-em-avenida-movimentada-de-Livramento-sudoeste-acontece.jpg\" \/>\n\t<meta property=\"og:image:width\" content=\"900\" \/>\n\t<meta property=\"og:image:height\" content=\"600\" \/>\n\t<meta property=\"og:image:type\" content=\"image\/jpeg\" \/>\n<meta name=\"author\" content=\"Reda\u00e7\u00e3o\" \/>\n<meta name=\"twitter:card\" content=\"summary_large_image\" \/>\n<meta name=\"twitter:label1\" content=\"Escrito por\" \/>\n\t<meta name=\"twitter:data1\" content=\"Reda\u00e7\u00e3o\" \/>\n\t<meta name=\"twitter:label2\" content=\"Est. tempo de leitura\" \/>\n\t<meta name=\"twitter:data2\" content=\"2 minutos\" \/>\n<script type=\"application\/ld+json\" class=\"yoast-schema-graph\">{\"@context\":\"https:\/\/schema.org\",\"@graph\":[{\"@type\":\"Article\",\"@id\":\"https:\/\/sudoesteacontece.com.br\/?p=6342#article\",\"isPartOf\":{\"@id\":\"https:\/\/sudoesteacontece.com.br\/?p=6342\"},\"author\":{\"name\":\"Reda\u00e7\u00e3o\",\"@id\":\"https:\/\/sudoesteacontece.com.br\/#\/schema\/person\/a4f22429c1d0923ef8f7d43343f8dc38\"},\"headline\":\"Motociclista fica ferido ap\u00f3s colis\u00e3o em avenida movimentada de Livramento\",\"datePublished\":\"2026-01-19T12:39:29+00:00\",\"dateModified\":\"2026-01-19T12:39:35+00:00\",\"mainEntityOfPage\":{\"@id\":\"https:\/\/sudoesteacontece.com.br\/?p=6342\"},\"wordCount\":222,\"commentCount\":0,\"publisher\":{\"@id\":\"https:\/\/sudoesteacontece.com.br\/#organization\"},\"image\":{\"@id\":\"https:\/\/sudoesteacontece.com.br\/?p=6342#primaryimage\"},\"thumbnailUrl\":\"https:\/\/sudoesteacontece.com.br\/wp-content\/uploads\/2026\/01\/Motociclista-fica-ferido-apos-colisao-em-avenida-movimentada-de-Livramento-sudoeste-acontece.jpg\",\"articleSection\":[\"Acidente\",\"Livramento\"],\"inLanguage\":\"pt-BR\",\"potentialAction\":[{\"@type\":\"CommentAction\",\"name\":\"Comment\",\"target\":[\"https:\/\/sudoesteacontece.com.br\/?p=6342#respond\"]}]},{\"@type\":\"WebPage\",\"@id\":\"https:\/\/sudoesteacontece.com.br\/?p=6342\",\"url\":\"https:\/\/sudoesteacontece.com.br\/?p=6342\",\"name\":\"Motociclista fica ferido ap\u00f3s colis\u00e3o em avenida movimentada de Livramento - Sudoesteacontece\",\"isPartOf\":{\"@id\":\"https:\/\/sudoesteacontece.com.br\/#website\"},\"primaryImageOfPage\":{\"@id\":\"https:\/\/sudoesteacontece.com.br\/?p=6342#primaryimage\"},\"image\":{\"@id\":\"https:\/\/sudoesteacontece.com.br\/?p=6342#primaryimage\"},\"thumbnailUrl\":\"https:\/\/sudoesteacontece.com.br\/wp-content\/uploads\/2026\/01\/Motociclista-fica-ferido-apos-colisao-em-avenida-movimentada-de-Livramento-sudoeste-acontece.jpg\",\"datePublished\":\"2026-01-19T12:39:29+00:00\",\"dateModified\":\"2026-01-19T12:39:35+00:00\",\"breadcrumb\":{\"@id\":\"https:\/\/sudoesteacontece.com.br\/?p=6342#breadcrumb\"},\"inLanguage\":\"pt-BR\",\"potentialAction\":[{\"@type\":\"ReadAction\",\"target\":[\"https:\/\/sudoesteacontece.com.br\/?p=6342\"]}]},{\"@type\":\"ImageObject\",\"inLanguage\":\"pt-BR\",\"@id\":\"https:\/\/sudoesteacontece.com.br\/?p=6342#primaryimage\",\"url\":\"https:\/\/sudoesteacontece.com.br\/wp-content\/uploads\/2026\/01\/Motociclista-fica-ferido-apos-colisao-em-avenida-movimentada-de-Livramento-sudoeste-acontece.jpg\",\"contentUrl\":\"https:\/\/sudoesteacontece.com.br\/wp-content\/uploads\/2026\/01\/Motociclista-fica-ferido-apos-colisao-em-avenida-movimentada-de-Livramento-sudoeste-acontece.jpg\",\"width\":900,\"height\":600},{\"@type\":\"BreadcrumbList\",\"@id\":\"https:\/\/sudoesteacontece.com.br\/?p=6342#breadcrumb\",\"itemListElement\":[{\"@type\":\"ListItem\",\"position\":1,\"name\":\"In\u00edcio\",\"item\":\"https:\/\/sudoesteacontece.com.br\/\"},{\"@type\":\"ListItem\",\"position\":2,\"name\":\"Motociclista fica ferido ap\u00f3s colis\u00e3o em avenida movimentada de Livramento\"}]},{\"@type\":\"WebSite\",\"@id\":\"https:\/\/sudoesteacontece.com.br\/#website\",\"url\":\"https:\/\/sudoesteacontece.com.br\/\",\"name\":\"Sudoesteacontece\",\"description\":\"\",\"publisher\":{\"@id\":\"https:\/\/sudoesteacontece.com.br\/#organization\"},\"potentialAction\":[{\"@type\":\"SearchAction\",\"target\":{\"@type\":\"EntryPoint\",\"urlTemplate\":\"https:\/\/sudoesteacontece.com.br\/?s={search_term_string}\"},\"query-input\":{\"@type\":\"PropertyValueSpecification\",\"valueRequired\":true,\"valueName\":\"search_term_string\"}}],\"inLanguage\":\"pt-BR\"},{\"@type\":\"Organization\",\"@id\":\"https:\/\/sudoesteacontece.com.br\/#organization\",\"name\":\"Sudoesteacontece\",\"url\":\"https:\/\/sudoesteacontece.com.br\/\",\"logo\":{\"@type\":\"ImageObject\",\"inLanguage\":\"pt-BR\",\"@id\":\"https:\/\/sudoesteacontece.com.br\/#\/schema\/logo\/image\/\",\"url\":\"https:\/\/sudoesteacontece.com.br\/wp-content\/uploads\/2025\/12\/cropped-logo-2-180x180-1.png\",\"contentUrl\":\"https:\/\/sudoesteacontece.com.br\/wp-content\/uploads\/2025\/12\/cropped-logo-2-180x180-1.png\",\"width\":180,\"height\":180,\"caption\":\"Sudoesteacontece\"},\"image\":{\"@id\":\"https:\/\/sudoesteacontece.com.br\/#\/schema\/logo\/image\/\"},\"sameAs\":[\"https:\/\/www.facebook.com\/sudoesteacontece\/?locale=pt_BR\"]},{\"@type\":\"Person\",\"@id\":\"https:\/\/sudoesteacontece.com.br\/#\/schema\/person\/a4f22429c1d0923ef8f7d43343f8dc38\",\"name\":\"Reda\u00e7\u00e3o\",\"image\":{\"@type\":\"ImageObject\",\"inLanguage\":\"pt-BR\",\"@id\":\"https:\/\/sudoesteacontece.com.br\/#\/schema\/person\/image\/\",\"url\":\"https:\/\/secure.gravatar.com\/avatar\/c3a5b3c93f268a709c25a2df414c629a96fb3b1b4bf97a94fb3f72e54ae76903?s=96&d=mm&r=g\",\"contentUrl\":\"https:\/\/secure.gravatar.com\/avatar\/c3a5b3c93f268a709c25a2df414c629a96fb3b1b4bf97a94fb3f72e54ae76903?s=96&d=mm&r=g\",\"caption\":\"Reda\u00e7\u00e3o\"},\"url\":\"https:\/\/sudoesteacontece.com.br\/?author=4\"}]}<\/script>\n<!-- \/ Yoast SEO plugin. -->","yoast_head_json":{"title":"Motociclista fica ferido ap\u00f3s colis\u00e3o em avenida movimentada de Livramento - Sudoesteacontece","robots":{"index":"index","follow":"follow","max-snippet":"max-snippet:-1","max-image-preview":"max-image-preview:large","max-video-preview":"max-video-preview:-1"},"canonical":"https:\/\/sudoesteacontece.com.br\/?p=6342","og_locale":"pt_BR","og_type":"article","og_title":"Motociclista fica ferido ap\u00f3s colis\u00e3o em avenida movimentada de Livramento - Sudoesteacontece","og_description":"Um acidente de tr\u00e2nsito deixou um motociclista ferido na tarde deste s\u00e1bado (17), em Livramento de Nossa Senhora, no sudoeste da Bahia. A batida aconteceu na Avenida Presidente Vargas, principal corredor urbano da cidade, conhecida pelo fluxo intenso de ve\u00edculos ao longo do dia, o que aumenta o risco de ocorr\u00eancias graves. Segundo informa\u00e7\u00f5es apuradas no local, o motociclista, que seguia pela via a trabalho, conduzia uma moto preta quando colidiu com um autom\u00f3vel. O impacto lan\u00e7ou a v\u00edtima ao asfalto e provocou fraturas na perna, gerando preocupa\u00e7\u00e3o entre motoristas e pedestres que presenciaram o acidente. Rapidamente, equipes de socorro prestaram os primeiros atendimentos ainda na avenida. Em seguida, os profissionais encaminharam o motociclista para a Unidade de Pronto Atendimento (UPA 24 horas), onde ele permanece sob cuidados m\u00e9dicos. At\u00e9 o momento, n\u00e3o h\u00e1 atualiza\u00e7\u00e3o oficial sobre o estado de sa\u00fade da v\u00edtima. Enquanto isso, as circunst\u00e2ncias da colis\u00e3o seguem sem esclarecimento. O caso reacende o alerta sobre o n\u00famero de acidentes em Livramento de Nossa Senhora e refor\u00e7a a cobran\u00e7a por medidas que tornem o tr\u00e2nsito mais seguro, especialmente em vias de grande circula\u00e7\u00e3o, tanto para condutores quanto para pedestres.","og_url":"https:\/\/sudoesteacontece.com.br\/?p=6342","og_site_name":"Sudoesteacontece","article_publisher":"https:\/\/www.facebook.com\/sudoesteacontece\/?locale=pt_BR","article_published_time":"2026-01-19T12:39:29+00:00","article_modified_time":"2026-01-19T12:39:35+00:00","og_image":[{"width":900,"height":600,"url":"https:\/\/sudoesteacontece.com.br\/wp-content\/uploads\/2026\/01\/Motociclista-fica-ferido-apos-colisao-em-avenida-movimentada-de-Livramento-sudoeste-acontece.jpg","type":"image\/jpeg"}],"author":"Reda\u00e7\u00e3o","twitter_card":"summary_large_image","twitter_misc":{"Escrito por":"Reda\u00e7\u00e3o","Est. tempo de leitura":"2 minutos"},"schema":{"@context":"https:\/\/schema.org","@graph":[{"@type":"Article","@id":"https:\/\/sudoesteacontece.com.br\/?p=6342#article","isPartOf":{"@id":"https:\/\/sudoesteacontece.com.br\/?p=6342"},"author":{"name":"Reda\u00e7\u00e3o","@id":"https:\/\/sudoesteacontece.com.br\/#\/schema\/person\/a4f22429c1d0923ef8f7d43343f8dc38"},"headline":"Motociclista fica ferido ap\u00f3s colis\u00e3o em avenida movimentada de Livramento","datePublished":"2026-01-19T12:39:29+00:00","dateModified":"2026-01-19T12:39:35+00:00","mainEntityOfPage":{"@id":"https:\/\/sudoesteacontece.com.br\/?p=6342"},"wordCount":222,"commentCount":0,"publisher":{"@id":"https:\/\/sudoesteacontece.com.br\/#organization"},"image":{"@id":"https:\/\/sudoesteacontece.com.br\/?p=6342#primaryimage"},"thumbnailUrl":"https:\/\/sudoesteacontece.com.br\/wp-content\/uploads\/2026\/01\/Motociclista-fica-ferido-apos-colisao-em-avenida-movimentada-de-Livramento-sudoeste-acontece.jpg","articleSection":["Acidente","Livramento"],"inLanguage":"pt-BR","potentialAction":[{"@type":"CommentAction","name":"Comment","target":["https:\/\/sudoesteacontece.com.br\/?p=6342#respond"]}]},{"@type":"WebPage","@id":"https:\/\/sudoesteacontece.com.br\/?p=6342","url":"https:\/\/sudoesteacontece.com.br\/?p=6342","name":"Motociclista fica ferido ap\u00f3s colis\u00e3o em avenida movimentada de Livramento - Sudoesteacontece","isPartOf":{"@id":"https:\/\/sudoesteacontece.com.br\/#website"},"primaryImageOfPage":{"@id":"https:\/\/sudoesteacontece.com.br\/?p=6342#primaryimage"},"image":{"@id":"https:\/\/sudoesteacontece.com.br\/?p=6342#primaryimage"},"thumbnailUrl":"https:\/\/sudoesteacontece.com.br\/wp-content\/uploads\/2026\/01\/Motociclista-fica-ferido-apos-colisao-em-avenida-movimentada-de-Livramento-sudoeste-acontece.jpg","datePublished":"2026-01-19T12:39:29+00:00","dateModified":"2026-01-19T12:39:35+00:00","breadcrumb":{"@id":"https:\/\/sudoesteacontece.com.br\/?p=6342#breadcrumb"},"inLanguage":"pt-BR","potentialAction":[{"@type":"ReadAction","target":["https:\/\/sudoesteacontece.com.br\/?p=6342"]}]},{"@type":"ImageObject","inLanguage":"pt-BR","@id":"https:\/\/sudoesteacontece.com.br\/?p=6342#primaryimage","url":"https:\/\/sudoesteacontece.com.br\/wp-content\/uploads\/2026\/01\/Motociclista-fica-ferido-apos-colisao-em-avenida-movimentada-de-Livramento-sudoeste-acontece.jpg","contentUrl":"https:\/\/sudoesteacontece.com.br\/wp-content\/uploads\/2026\/01\/Motociclista-fica-ferido-apos-colisao-em-avenida-movimentada-de-Livramento-sudoeste-acontece.jpg","width":900,"height":600},{"@type":"BreadcrumbList","@id":"https:\/\/sudoesteacontece.com.br\/?p=6342#breadcrumb","itemListElement":[{"@type":"ListItem","position":1,"name":"In\u00edcio","item":"https:\/\/sudoesteacontece.com.br\/"},{"@type":"ListItem","position":2,"name":"Motociclista fica ferido ap\u00f3s colis\u00e3o em avenida movimentada de Livramento"}]},{"@type":"WebSite","@id":"https:\/\/sudoesteacontece.com.br\/#website","url":"https:\/\/sudoesteacontece.com.br\/","name":"Sudoesteacontece","description":"","publisher":{"@id":"https:\/\/sudoesteacontece.com.br\/#organization"},"potentialAction":[{"@type":"SearchAction","target":{"@type":"EntryPoint","urlTemplate":"https:\/\/sudoesteacontece.com.br\/?s={search_term_string}"},"query-input":{"@type":"PropertyValueSpecification","valueRequired":true,"valueName":"search_term_string"}}],"inLanguage":"pt-BR"},{"@type":"Organization","@id":"https:\/\/sudoesteacontece.com.br\/#organization","name":"Sudoesteacontece","url":"https:\/\/sudoesteacontece.com.br\/","logo":{"@type":"ImageObject","inLanguage":"pt-BR","@id":"https:\/\/sudoesteacontece.com.br\/#\/schema\/logo\/image\/","url":"https:\/\/sudoesteacontece.com.br\/wp-content\/uploads\/2025\/12\/cropped-logo-2-180x180-1.png","contentUrl":"https:\/\/sudoesteacontece.com.br\/wp-content\/uploads\/2025\/12\/cropped-logo-2-180x180-1.png","width":180,"height":180,"caption":"Sudoesteacontece"},"image":{"@id":"https:\/\/sudoesteacontece.com.br\/#\/schema\/logo\/image\/"},"sameAs":["https:\/\/www.facebook.com\/sudoesteacontece\/?locale=pt_BR"]},{"@type":"Person","@id":"https:\/\/sudoesteacontece.com.br\/#\/schema\/person\/a4f22429c1d0923ef8f7d43343f8dc38","name":"Reda\u00e7\u00e3o","image":{"@type":"ImageObject","inLanguage":"pt-BR","@id":"https:\/\/sudoesteacontece.com.br\/#\/schema\/person\/image\/","url":"https:\/\/secure.gravatar.com\/avatar\/c3a5b3c93f268a709c25a2df414c629a96fb3b1b4bf97a94fb3f72e54ae76903?s=96&d=mm&r=g","contentUrl":"https:\/\/secure.gravatar.com\/avatar\/c3a5b3c93f268a709c25a2df414c629a96fb3b1b4bf97a94fb3f72e54ae76903?s=96&d=mm&r=g","caption":"Reda\u00e7\u00e3o"},"url":"https:\/\/sudoesteacontece.com.br\/?author=4"}]}},"_links":{"self":[{"href":"https:\/\/sudoesteacontece.com.br\/index.php?rest_route=\/wp\/v2\/posts\/6342","targetHints":{"allow":["GET"]}}],"collection":[{"href":"https:\/\/sudoesteacontece.com.br\/index.php?rest_route=\/wp\/v2\/posts"}],"about":[{"href":"https:\/\/sudoesteacontece.com.br\/index.php?rest_route=\/wp\/v2\/types\/post"}],"author":[{"embeddable":true,"href":"https:\/\/sudoesteacontece.com.br\/index.php?rest_route=\/wp\/v2\/users\/4"}],"replies":[{"embeddable":true,"href":"https:\/\/sudoesteacontece.com.br\/index.php?rest_route=%2Fwp%2Fv2%2Fcomments&post=6342"}],"version-history":[{"count":0,"href":"https:\/\/sudoesteacontece.com.br\/index.php?rest_route=\/wp\/v2\/posts\/6342\/revisions"}],"wp:featuredmedia":[{"embeddable":true,"href":"https:\/\/sudoesteacontece.com.br\/index.php?rest_route=\/wp\/v2\/media\/6357"}],"wp:attachment":[{"href":"https:\/\/sudoesteacontece.com.br\/index.php?rest_route=%2Fwp%2Fv2%2Fmedia&parent=6342"}],"wp:term":[{"taxonomy":"category","embeddable":true,"href":"https:\/\/sudoesteacontece.com.br\/index.php?rest_route=%2Fwp%2Fv2%2Fcategories&post=6342"},{"taxonomy":"post_tag","embeddable":true,"href":"https:\/\/sudoesteacontece.com.br\/index.php?rest_route=%2Fwp%2Fv2%2Ftags&post=6342"}],"curies":[{"name":"wp","href":"https:\/\/api.w.org\/{rel}","templated":true}]}}