{"id":6344,"date":"2026-01-19T09:45:12","date_gmt":"2026-01-19T12:45:12","guid":{"rendered":"https:\/\/sudoesteacontece.com.br\/?p=6344"},"modified":"2026-01-19T09:45:19","modified_gmt":"2026-01-19T12:45:19","slug":"morre-valdete-souza-lopes-ex-prefeito-de-anage-e-referencia-politica","status":"publish","type":"post","link":"https:\/\/sudoesteacontece.com.br\/?p=6344","title":{"rendered":"Morre Valdete Souza Lopes, ex-prefeito de Anag\u00e9 e refer\u00eancia pol\u00edtica"},"content":{"rendered":"<div class=\"wp-block-image\">\n<figure class=\"aligncenter size-full\"><img fetchpriority=\"high\" decoding=\"async\" width=\"900\" height=\"600\" src=\"http:\/\/sudoesteacontece.com.br\/wp-content\/uploads\/2026\/01\/Morre-Valdete-Souza-Lopes-ex-prefeito-de-Anage-e-referencia-politica-sudoeste-acontece.jpg\" alt=\"\" class=\"wp-image-6361\" srcset=\"https:\/\/sudoesteacontece.com.br\/wp-content\/uploads\/2026\/01\/Morre-Valdete-Souza-Lopes-ex-prefeito-de-Anage-e-referencia-politica-sudoeste-acontece.jpg 900w, https:\/\/sudoesteacontece.com.br\/wp-content\/uploads\/2026\/01\/Morre-Valdete-Souza-Lopes-ex-prefeito-de-Anage-e-referencia-politica-sudoeste-acontece-300x200.jpg 300w, https:\/\/sudoesteacontece.com.br\/wp-content\/uploads\/2026\/01\/Morre-Valdete-Souza-Lopes-ex-prefeito-de-Anage-e-referencia-politica-sudoeste-acontece-768x512.jpg 768w\" sizes=\"(max-width: 900px) 100vw, 900px\" \/><\/figure>\n<\/div>\n\n\n<p>O Centro-Sul Baiano amanheceu de luto com a morte de Valdete Souza Lopes, ex-prefeito de Anag\u00e9, aos 83 anos. O ex-gestor morreu no Hospital S\u00e3o Vicente de Paulo, em Vit\u00f3ria da Conquista, ap\u00f3s complica\u00e7\u00f5es de sa\u00fade. Figura hist\u00f3rica da pol\u00edtica regional, ele comandou o munic\u00edpio por dois mandatos e construiu uma trajet\u00f3ria marcada pela proximidade com a popula\u00e7\u00e3o.<\/p>\n\n\n\n<p>Reconhecido pelo carisma e pela postura \u00e9tica, Valdete era conhecido como \u201cSeu Valdete\u201d entre amigos e eleitores. Segundo o sobrinho, o juiz de Direito Wander Cleuber Oliveira Lopes, o ex-prefeito sempre pautou a vida p\u00fablica pelo respeito, honestidade e aten\u00e7\u00e3o \u00e0s pessoas, valores que marcaram sua atua\u00e7\u00e3o pol\u00edtica e pessoal ao longo dos anos.<\/p>\n\n\n\n<p>Ao longo da carreira, Valdete Souza Lopes ajudou a moldar o desenvolvimento de Anag\u00e9. Sua lideran\u00e7a priorizou o di\u00e1logo e a escuta da comunidade, o que consolidou sua imagem como um gestor acess\u00edvel. Pai, av\u00f4 e esposo dedicado, ele deixa uma lacuna que ultrapassa o cen\u00e1rio pol\u00edtico e atinge diretamente a mem\u00f3ria afetiva dos moradores.<\/p>\n\n\n\n<p>A como\u00e7\u00e3o se espalhou pela chamada Joia do Sert\u00e3o Baiano e por cidades vizinhas. Lideran\u00e7as pol\u00edticas e comunit\u00e1rias destacam o ex-prefeito como exemplo de conduta \u00e9tica na vida p\u00fablica. O falecimento refor\u00e7a o reconhecimento de uma gera\u00e7\u00e3o de l\u00edderes que construiu a pol\u00edtica local com base na confian\u00e7a popular.<\/p>\n\n\n\n<p>O funeral acontece neste s\u00e1bado (17), no distrito de Lindo Horizonte, na zona rural de Anag\u00e9. Familiares, amigos e correligion\u00e1rios se re\u00fanem para as \u00faltimas homenagens. O sepultamento marca um momento de reflex\u00e3o sobre o legado deixado por Valdete Souza Lopes para o fortalecimento democr\u00e1tico da Terra do Rio Gavi\u00e3o.<\/p>\n","protected":false},"excerpt":{"rendered":"<p>O Centro-Sul Baiano amanheceu de luto com a morte de Valdete Souza Lopes, ex-prefeito de Anag\u00e9, aos 83 anos. O ex-gestor morreu no Hospital S\u00e3o Vicente de Paulo, em Vit\u00f3ria da Conquista, ap\u00f3s complica\u00e7\u00f5es de sa\u00fade. Figura hist\u00f3rica da pol\u00edtica regional, ele comandou o munic\u00edpio por dois mandatos e construiu uma trajet\u00f3ria marcada pela proximidade com a popula\u00e7\u00e3o. Reconhecido pelo carisma e pela postura \u00e9tica, Valdete era conhecido como \u201cSeu Valdete\u201d entre amigos e eleitores. Segundo o sobrinho, o juiz de Direito Wander Cleuber Oliveira Lopes, o ex-prefeito sempre pautou a vida p\u00fablica pelo respeito, honestidade e aten\u00e7\u00e3o \u00e0s pessoas, valores que marcaram sua atua\u00e7\u00e3o pol\u00edtica e pessoal ao longo dos anos. Ao longo da carreira, Valdete Souza Lopes ajudou a moldar o desenvolvimento de Anag\u00e9. Sua lideran\u00e7a priorizou o di\u00e1logo e a escuta da comunidade, o que consolidou sua imagem como um gestor acess\u00edvel. Pai, av\u00f4 e esposo dedicado, ele deixa uma lacuna que ultrapassa o cen\u00e1rio pol\u00edtico e atinge diretamente a mem\u00f3ria afetiva dos moradores. A como\u00e7\u00e3o se espalhou pela chamada Joia do Sert\u00e3o Baiano e por cidades vizinhas. Lideran\u00e7as pol\u00edticas e comunit\u00e1rias destacam o ex-prefeito como exemplo de conduta \u00e9tica na vida p\u00fablica. O falecimento refor\u00e7a o reconhecimento de uma gera\u00e7\u00e3o de l\u00edderes que construiu a pol\u00edtica local com base na confian\u00e7a popular. O funeral acontece neste s\u00e1bado (17), no distrito de Lindo Horizonte, na zona rural de Anag\u00e9. Familiares, amigos e correligion\u00e1rios se re\u00fanem para as \u00faltimas homenagens. O sepultamento marca um momento de reflex\u00e3o sobre o legado deixado por Valdete Souza Lopes para o fortalecimento democr\u00e1tico da Terra do Rio Gavi\u00e3o.<\/p>\n","protected":false},"author":4,"featured_media":6361,"comment_status":"open","ping_status":"open","sticky":false,"template":"","format":"standard","meta":{"footnotes":""},"categories":[12,4,6],"tags":[],"class_list":["post-6344","post","type-post","status-publish","format-standard","has-post-thumbnail","hentry","category-anage","category-cidades","category-politica"],"yoast_head":"<!-- This site is optimized with the Yoast SEO plugin v26.5 - https:\/\/yoast.com\/wordpress\/plugins\/seo\/ -->\n<title>Morre Valdete Souza Lopes, ex-prefeito de Anag\u00e9 e refer\u00eancia pol\u00edtica - Sudoesteacontece<\/title>\n<meta name=\"robots\" content=\"index, follow, max-snippet:-1, max-image-preview:large, max-video-preview:-1\" \/>\n<link rel=\"canonical\" href=\"https:\/\/sudoesteacontece.com.br\/?p=6344\" \/>\n<meta property=\"og:locale\" content=\"pt_BR\" \/>\n<meta property=\"og:type\" content=\"article\" \/>\n<meta property=\"og:title\" content=\"Morre Valdete Souza Lopes, ex-prefeito de Anag\u00e9 e refer\u00eancia pol\u00edtica - Sudoesteacontece\" \/>\n<meta property=\"og:description\" content=\"O Centro-Sul Baiano amanheceu de luto com a morte de Valdete Souza Lopes, ex-prefeito de Anag\u00e9, aos 83 anos. O ex-gestor morreu no Hospital S\u00e3o Vicente de Paulo, em Vit\u00f3ria da Conquista, ap\u00f3s complica\u00e7\u00f5es de sa\u00fade. Figura hist\u00f3rica da pol\u00edtica regional, ele comandou o munic\u00edpio por dois mandatos e construiu uma trajet\u00f3ria marcada pela proximidade com a popula\u00e7\u00e3o. Reconhecido pelo carisma e pela postura \u00e9tica, Valdete era conhecido como \u201cSeu Valdete\u201d entre amigos e eleitores. Segundo o sobrinho, o juiz de Direito Wander Cleuber Oliveira Lopes, o ex-prefeito sempre pautou a vida p\u00fablica pelo respeito, honestidade e aten\u00e7\u00e3o \u00e0s pessoas, valores que marcaram sua atua\u00e7\u00e3o pol\u00edtica e pessoal ao longo dos anos. Ao longo da carreira, Valdete Souza Lopes ajudou a moldar o desenvolvimento de Anag\u00e9. Sua lideran\u00e7a priorizou o di\u00e1logo e a escuta da comunidade, o que consolidou sua imagem como um gestor acess\u00edvel. Pai, av\u00f4 e esposo dedicado, ele deixa uma lacuna que ultrapassa o cen\u00e1rio pol\u00edtico e atinge diretamente a mem\u00f3ria afetiva dos moradores. A como\u00e7\u00e3o se espalhou pela chamada Joia do Sert\u00e3o Baiano e por cidades vizinhas. Lideran\u00e7as pol\u00edticas e comunit\u00e1rias destacam o ex-prefeito como exemplo de conduta \u00e9tica na vida p\u00fablica. O falecimento refor\u00e7a o reconhecimento de uma gera\u00e7\u00e3o de l\u00edderes que construiu a pol\u00edtica local com base na confian\u00e7a popular. O funeral acontece neste s\u00e1bado (17), no distrito de Lindo Horizonte, na zona rural de Anag\u00e9. Familiares, amigos e correligion\u00e1rios se re\u00fanem para as \u00faltimas homenagens. O sepultamento marca um momento de reflex\u00e3o sobre o legado deixado por Valdete Souza Lopes para o fortalecimento democr\u00e1tico da Terra do Rio Gavi\u00e3o.\" \/>\n<meta property=\"og:url\" content=\"https:\/\/sudoesteacontece.com.br\/?p=6344\" \/>\n<meta property=\"og:site_name\" content=\"Sudoesteacontece\" \/>\n<meta property=\"article:publisher\" content=\"https:\/\/www.facebook.com\/sudoesteacontece\/?locale=pt_BR\" \/>\n<meta property=\"article:published_time\" content=\"2026-01-19T12:45:12+00:00\" \/>\n<meta property=\"article:modified_time\" content=\"2026-01-19T12:45:19+00:00\" \/>\n<meta property=\"og:image\" content=\"https:\/\/sudoesteacontece.com.br\/wp-content\/uploads\/2026\/01\/Morre-Valdete-Souza-Lopes-ex-prefeito-de-Anage-e-referencia-politica-sudoeste-acontece.jpg\" \/>\n\t<meta property=\"og:image:width\" content=\"900\" \/>\n\t<meta property=\"og:image:height\" content=\"600\" \/>\n\t<meta property=\"og:image:type\" content=\"image\/jpeg\" \/>\n<meta name=\"author\" content=\"Reda\u00e7\u00e3o\" \/>\n<meta name=\"twitter:card\" content=\"summary_large_image\" \/>\n<meta name=\"twitter:label1\" content=\"Escrito por\" \/>\n\t<meta name=\"twitter:data1\" content=\"Reda\u00e7\u00e3o\" \/>\n\t<meta name=\"twitter:label2\" content=\"Est. tempo de leitura\" \/>\n\t<meta name=\"twitter:data2\" content=\"2 minutos\" \/>\n<script type=\"application\/ld+json\" class=\"yoast-schema-graph\">{\"@context\":\"https:\/\/schema.org\",\"@graph\":[{\"@type\":\"Article\",\"@id\":\"https:\/\/sudoesteacontece.com.br\/?p=6344#article\",\"isPartOf\":{\"@id\":\"https:\/\/sudoesteacontece.com.br\/?p=6344\"},\"author\":{\"name\":\"Reda\u00e7\u00e3o\",\"@id\":\"https:\/\/sudoesteacontece.com.br\/#\/schema\/person\/a4f22429c1d0923ef8f7d43343f8dc38\"},\"headline\":\"Morre Valdete Souza Lopes, ex-prefeito de Anag\u00e9 e refer\u00eancia pol\u00edtica\",\"datePublished\":\"2026-01-19T12:45:12+00:00\",\"dateModified\":\"2026-01-19T12:45:19+00:00\",\"mainEntityOfPage\":{\"@id\":\"https:\/\/sudoesteacontece.com.br\/?p=6344\"},\"wordCount\":313,\"commentCount\":0,\"publisher\":{\"@id\":\"https:\/\/sudoesteacontece.com.br\/#organization\"},\"image\":{\"@id\":\"https:\/\/sudoesteacontece.com.br\/?p=6344#primaryimage\"},\"thumbnailUrl\":\"https:\/\/sudoesteacontece.com.br\/wp-content\/uploads\/2026\/01\/Morre-Valdete-Souza-Lopes-ex-prefeito-de-Anage-e-referencia-politica-sudoeste-acontece.jpg\",\"articleSection\":[\"Anag\u00e9\",\"Cidades\",\"Pol\u00edtica\"],\"inLanguage\":\"pt-BR\",\"potentialAction\":[{\"@type\":\"CommentAction\",\"name\":\"Comment\",\"target\":[\"https:\/\/sudoesteacontece.com.br\/?p=6344#respond\"]}]},{\"@type\":\"WebPage\",\"@id\":\"https:\/\/sudoesteacontece.com.br\/?p=6344\",\"url\":\"https:\/\/sudoesteacontece.com.br\/?p=6344\",\"name\":\"Morre Valdete Souza Lopes, ex-prefeito de Anag\u00e9 e refer\u00eancia pol\u00edtica - Sudoesteacontece\",\"isPartOf\":{\"@id\":\"https:\/\/sudoesteacontece.com.br\/#website\"},\"primaryImageOfPage\":{\"@id\":\"https:\/\/sudoesteacontece.com.br\/?p=6344#primaryimage\"},\"image\":{\"@id\":\"https:\/\/sudoesteacontece.com.br\/?p=6344#primaryimage\"},\"thumbnailUrl\":\"https:\/\/sudoesteacontece.com.br\/wp-content\/uploads\/2026\/01\/Morre-Valdete-Souza-Lopes-ex-prefeito-de-Anage-e-referencia-politica-sudoeste-acontece.jpg\",\"datePublished\":\"2026-01-19T12:45:12+00:00\",\"dateModified\":\"2026-01-19T12:45:19+00:00\",\"breadcrumb\":{\"@id\":\"https:\/\/sudoesteacontece.com.br\/?p=6344#breadcrumb\"},\"inLanguage\":\"pt-BR\",\"potentialAction\":[{\"@type\":\"ReadAction\",\"target\":[\"https:\/\/sudoesteacontece.com.br\/?p=6344\"]}]},{\"@type\":\"ImageObject\",\"inLanguage\":\"pt-BR\",\"@id\":\"https:\/\/sudoesteacontece.com.br\/?p=6344#primaryimage\",\"url\":\"https:\/\/sudoesteacontece.com.br\/wp-content\/uploads\/2026\/01\/Morre-Valdete-Souza-Lopes-ex-prefeito-de-Anage-e-referencia-politica-sudoeste-acontece.jpg\",\"contentUrl\":\"https:\/\/sudoesteacontece.com.br\/wp-content\/uploads\/2026\/01\/Morre-Valdete-Souza-Lopes-ex-prefeito-de-Anage-e-referencia-politica-sudoeste-acontece.jpg\",\"width\":900,\"height\":600},{\"@type\":\"BreadcrumbList\",\"@id\":\"https:\/\/sudoesteacontece.com.br\/?p=6344#breadcrumb\",\"itemListElement\":[{\"@type\":\"ListItem\",\"position\":1,\"name\":\"In\u00edcio\",\"item\":\"https:\/\/sudoesteacontece.com.br\/\"},{\"@type\":\"ListItem\",\"position\":2,\"name\":\"Morre Valdete Souza Lopes, ex-prefeito de Anag\u00e9 e refer\u00eancia pol\u00edtica\"}]},{\"@type\":\"WebSite\",\"@id\":\"https:\/\/sudoesteacontece.com.br\/#website\",\"url\":\"https:\/\/sudoesteacontece.com.br\/\",\"name\":\"Sudoesteacontece\",\"description\":\"\",\"publisher\":{\"@id\":\"https:\/\/sudoesteacontece.com.br\/#organization\"},\"potentialAction\":[{\"@type\":\"SearchAction\",\"target\":{\"@type\":\"EntryPoint\",\"urlTemplate\":\"https:\/\/sudoesteacontece.com.br\/?s={search_term_string}\"},\"query-input\":{\"@type\":\"PropertyValueSpecification\",\"valueRequired\":true,\"valueName\":\"search_term_string\"}}],\"inLanguage\":\"pt-BR\"},{\"@type\":\"Organization\",\"@id\":\"https:\/\/sudoesteacontece.com.br\/#organization\",\"name\":\"Sudoesteacontece\",\"url\":\"https:\/\/sudoesteacontece.com.br\/\",\"logo\":{\"@type\":\"ImageObject\",\"inLanguage\":\"pt-BR\",\"@id\":\"https:\/\/sudoesteacontece.com.br\/#\/schema\/logo\/image\/\",\"url\":\"https:\/\/sudoesteacontece.com.br\/wp-content\/uploads\/2025\/12\/cropped-logo-2-180x180-1.png\",\"contentUrl\":\"https:\/\/sudoesteacontece.com.br\/wp-content\/uploads\/2025\/12\/cropped-logo-2-180x180-1.png\",\"width\":180,\"height\":180,\"caption\":\"Sudoesteacontece\"},\"image\":{\"@id\":\"https:\/\/sudoesteacontece.com.br\/#\/schema\/logo\/image\/\"},\"sameAs\":[\"https:\/\/www.facebook.com\/sudoesteacontece\/?locale=pt_BR\"]},{\"@type\":\"Person\",\"@id\":\"https:\/\/sudoesteacontece.com.br\/#\/schema\/person\/a4f22429c1d0923ef8f7d43343f8dc38\",\"name\":\"Reda\u00e7\u00e3o\",\"image\":{\"@type\":\"ImageObject\",\"inLanguage\":\"pt-BR\",\"@id\":\"https:\/\/sudoesteacontece.com.br\/#\/schema\/person\/image\/\",\"url\":\"https:\/\/secure.gravatar.com\/avatar\/c3a5b3c93f268a709c25a2df414c629a96fb3b1b4bf97a94fb3f72e54ae76903?s=96&d=mm&r=g\",\"contentUrl\":\"https:\/\/secure.gravatar.com\/avatar\/c3a5b3c93f268a709c25a2df414c629a96fb3b1b4bf97a94fb3f72e54ae76903?s=96&d=mm&r=g\",\"caption\":\"Reda\u00e7\u00e3o\"},\"url\":\"https:\/\/sudoesteacontece.com.br\/?author=4\"}]}<\/script>\n<!-- \/ Yoast SEO plugin. -->","yoast_head_json":{"title":"Morre Valdete Souza Lopes, ex-prefeito de Anag\u00e9 e refer\u00eancia pol\u00edtica - Sudoesteacontece","robots":{"index":"index","follow":"follow","max-snippet":"max-snippet:-1","max-image-preview":"max-image-preview:large","max-video-preview":"max-video-preview:-1"},"canonical":"https:\/\/sudoesteacontece.com.br\/?p=6344","og_locale":"pt_BR","og_type":"article","og_title":"Morre Valdete Souza Lopes, ex-prefeito de Anag\u00e9 e refer\u00eancia pol\u00edtica - Sudoesteacontece","og_description":"O Centro-Sul Baiano amanheceu de luto com a morte de Valdete Souza Lopes, ex-prefeito de Anag\u00e9, aos 83 anos. O ex-gestor morreu no Hospital S\u00e3o Vicente de Paulo, em Vit\u00f3ria da Conquista, ap\u00f3s complica\u00e7\u00f5es de sa\u00fade. Figura hist\u00f3rica da pol\u00edtica regional, ele comandou o munic\u00edpio por dois mandatos e construiu uma trajet\u00f3ria marcada pela proximidade com a popula\u00e7\u00e3o. Reconhecido pelo carisma e pela postura \u00e9tica, Valdete era conhecido como \u201cSeu Valdete\u201d entre amigos e eleitores. Segundo o sobrinho, o juiz de Direito Wander Cleuber Oliveira Lopes, o ex-prefeito sempre pautou a vida p\u00fablica pelo respeito, honestidade e aten\u00e7\u00e3o \u00e0s pessoas, valores que marcaram sua atua\u00e7\u00e3o pol\u00edtica e pessoal ao longo dos anos. Ao longo da carreira, Valdete Souza Lopes ajudou a moldar o desenvolvimento de Anag\u00e9. Sua lideran\u00e7a priorizou o di\u00e1logo e a escuta da comunidade, o que consolidou sua imagem como um gestor acess\u00edvel. Pai, av\u00f4 e esposo dedicado, ele deixa uma lacuna que ultrapassa o cen\u00e1rio pol\u00edtico e atinge diretamente a mem\u00f3ria afetiva dos moradores. A como\u00e7\u00e3o se espalhou pela chamada Joia do Sert\u00e3o Baiano e por cidades vizinhas. Lideran\u00e7as pol\u00edticas e comunit\u00e1rias destacam o ex-prefeito como exemplo de conduta \u00e9tica na vida p\u00fablica. O falecimento refor\u00e7a o reconhecimento de uma gera\u00e7\u00e3o de l\u00edderes que construiu a pol\u00edtica local com base na confian\u00e7a popular. O funeral acontece neste s\u00e1bado (17), no distrito de Lindo Horizonte, na zona rural de Anag\u00e9. Familiares, amigos e correligion\u00e1rios se re\u00fanem para as \u00faltimas homenagens. O sepultamento marca um momento de reflex\u00e3o sobre o legado deixado por Valdete Souza Lopes para o fortalecimento democr\u00e1tico da Terra do Rio Gavi\u00e3o.","og_url":"https:\/\/sudoesteacontece.com.br\/?p=6344","og_site_name":"Sudoesteacontece","article_publisher":"https:\/\/www.facebook.com\/sudoesteacontece\/?locale=pt_BR","article_published_time":"2026-01-19T12:45:12+00:00","article_modified_time":"2026-01-19T12:45:19+00:00","og_image":[{"width":900,"height":600,"url":"https:\/\/sudoesteacontece.com.br\/wp-content\/uploads\/2026\/01\/Morre-Valdete-Souza-Lopes-ex-prefeito-de-Anage-e-referencia-politica-sudoeste-acontece.jpg","type":"image\/jpeg"}],"author":"Reda\u00e7\u00e3o","twitter_card":"summary_large_image","twitter_misc":{"Escrito por":"Reda\u00e7\u00e3o","Est. tempo de leitura":"2 minutos"},"schema":{"@context":"https:\/\/schema.org","@graph":[{"@type":"Article","@id":"https:\/\/sudoesteacontece.com.br\/?p=6344#article","isPartOf":{"@id":"https:\/\/sudoesteacontece.com.br\/?p=6344"},"author":{"name":"Reda\u00e7\u00e3o","@id":"https:\/\/sudoesteacontece.com.br\/#\/schema\/person\/a4f22429c1d0923ef8f7d43343f8dc38"},"headline":"Morre Valdete Souza Lopes, ex-prefeito de Anag\u00e9 e refer\u00eancia pol\u00edtica","datePublished":"2026-01-19T12:45:12+00:00","dateModified":"2026-01-19T12:45:19+00:00","mainEntityOfPage":{"@id":"https:\/\/sudoesteacontece.com.br\/?p=6344"},"wordCount":313,"commentCount":0,"publisher":{"@id":"https:\/\/sudoesteacontece.com.br\/#organization"},"image":{"@id":"https:\/\/sudoesteacontece.com.br\/?p=6344#primaryimage"},"thumbnailUrl":"https:\/\/sudoesteacontece.com.br\/wp-content\/uploads\/2026\/01\/Morre-Valdete-Souza-Lopes-ex-prefeito-de-Anage-e-referencia-politica-sudoeste-acontece.jpg","articleSection":["Anag\u00e9","Cidades","Pol\u00edtica"],"inLanguage":"pt-BR","potentialAction":[{"@type":"CommentAction","name":"Comment","target":["https:\/\/sudoesteacontece.com.br\/?p=6344#respond"]}]},{"@type":"WebPage","@id":"https:\/\/sudoesteacontece.com.br\/?p=6344","url":"https:\/\/sudoesteacontece.com.br\/?p=6344","name":"Morre Valdete Souza Lopes, ex-prefeito de Anag\u00e9 e refer\u00eancia pol\u00edtica - Sudoesteacontece","isPartOf":{"@id":"https:\/\/sudoesteacontece.com.br\/#website"},"primaryImageOfPage":{"@id":"https:\/\/sudoesteacontece.com.br\/?p=6344#primaryimage"},"image":{"@id":"https:\/\/sudoesteacontece.com.br\/?p=6344#primaryimage"},"thumbnailUrl":"https:\/\/sudoesteacontece.com.br\/wp-content\/uploads\/2026\/01\/Morre-Valdete-Souza-Lopes-ex-prefeito-de-Anage-e-referencia-politica-sudoeste-acontece.jpg","datePublished":"2026-01-19T12:45:12+00:00","dateModified":"2026-01-19T12:45:19+00:00","breadcrumb":{"@id":"https:\/\/sudoesteacontece.com.br\/?p=6344#breadcrumb"},"inLanguage":"pt-BR","potentialAction":[{"@type":"ReadAction","target":["https:\/\/sudoesteacontece.com.br\/?p=6344"]}]},{"@type":"ImageObject","inLanguage":"pt-BR","@id":"https:\/\/sudoesteacontece.com.br\/?p=6344#primaryimage","url":"https:\/\/sudoesteacontece.com.br\/wp-content\/uploads\/2026\/01\/Morre-Valdete-Souza-Lopes-ex-prefeito-de-Anage-e-referencia-politica-sudoeste-acontece.jpg","contentUrl":"https:\/\/sudoesteacontece.com.br\/wp-content\/uploads\/2026\/01\/Morre-Valdete-Souza-Lopes-ex-prefeito-de-Anage-e-referencia-politica-sudoeste-acontece.jpg","width":900,"height":600},{"@type":"BreadcrumbList","@id":"https:\/\/sudoesteacontece.com.br\/?p=6344#breadcrumb","itemListElement":[{"@type":"ListItem","position":1,"name":"In\u00edcio","item":"https:\/\/sudoesteacontece.com.br\/"},{"@type":"ListItem","position":2,"name":"Morre Valdete Souza Lopes, ex-prefeito de Anag\u00e9 e refer\u00eancia pol\u00edtica"}]},{"@type":"WebSite","@id":"https:\/\/sudoesteacontece.com.br\/#website","url":"https:\/\/sudoesteacontece.com.br\/","name":"Sudoesteacontece","description":"","publisher":{"@id":"https:\/\/sudoesteacontece.com.br\/#organization"},"potentialAction":[{"@type":"SearchAction","target":{"@type":"EntryPoint","urlTemplate":"https:\/\/sudoesteacontece.com.br\/?s={search_term_string}"},"query-input":{"@type":"PropertyValueSpecification","valueRequired":true,"valueName":"search_term_string"}}],"inLanguage":"pt-BR"},{"@type":"Organization","@id":"https:\/\/sudoesteacontece.com.br\/#organization","name":"Sudoesteacontece","url":"https:\/\/sudoesteacontece.com.br\/","logo":{"@type":"ImageObject","inLanguage":"pt-BR","@id":"https:\/\/sudoesteacontece.com.br\/#\/schema\/logo\/image\/","url":"https:\/\/sudoesteacontece.com.br\/wp-content\/uploads\/2025\/12\/cropped-logo-2-180x180-1.png","contentUrl":"https:\/\/sudoesteacontece.com.br\/wp-content\/uploads\/2025\/12\/cropped-logo-2-180x180-1.png","width":180,"height":180,"caption":"Sudoesteacontece"},"image":{"@id":"https:\/\/sudoesteacontece.com.br\/#\/schema\/logo\/image\/"},"sameAs":["https:\/\/www.facebook.com\/sudoesteacontece\/?locale=pt_BR"]},{"@type":"Person","@id":"https:\/\/sudoesteacontece.com.br\/#\/schema\/person\/a4f22429c1d0923ef8f7d43343f8dc38","name":"Reda\u00e7\u00e3o","image":{"@type":"ImageObject","inLanguage":"pt-BR","@id":"https:\/\/sudoesteacontece.com.br\/#\/schema\/person\/image\/","url":"https:\/\/secure.gravatar.com\/avatar\/c3a5b3c93f268a709c25a2df414c629a96fb3b1b4bf97a94fb3f72e54ae76903?s=96&d=mm&r=g","contentUrl":"https:\/\/secure.gravatar.com\/avatar\/c3a5b3c93f268a709c25a2df414c629a96fb3b1b4bf97a94fb3f72e54ae76903?s=96&d=mm&r=g","caption":"Reda\u00e7\u00e3o"},"url":"https:\/\/sudoesteacontece.com.br\/?author=4"}]}},"_links":{"self":[{"href":"https:\/\/sudoesteacontece.com.br\/index.php?rest_route=\/wp\/v2\/posts\/6344","targetHints":{"allow":["GET"]}}],"collection":[{"href":"https:\/\/sudoesteacontece.com.br\/index.php?rest_route=\/wp\/v2\/posts"}],"about":[{"href":"https:\/\/sudoesteacontece.com.br\/index.php?rest_route=\/wp\/v2\/types\/post"}],"author":[{"embeddable":true,"href":"https:\/\/sudoesteacontece.com.br\/index.php?rest_route=\/wp\/v2\/users\/4"}],"replies":[{"embeddable":true,"href":"https:\/\/sudoesteacontece.com.br\/index.php?rest_route=%2Fwp%2Fv2%2Fcomments&post=6344"}],"version-history":[{"count":0,"href":"https:\/\/sudoesteacontece.com.br\/index.php?rest_route=\/wp\/v2\/posts\/6344\/revisions"}],"wp:featuredmedia":[{"embeddable":true,"href":"https:\/\/sudoesteacontece.com.br\/index.php?rest_route=\/wp\/v2\/media\/6361"}],"wp:attachment":[{"href":"https:\/\/sudoesteacontece.com.br\/index.php?rest_route=%2Fwp%2Fv2%2Fmedia&parent=6344"}],"wp:term":[{"taxonomy":"category","embeddable":true,"href":"https:\/\/sudoesteacontece.com.br\/index.php?rest_route=%2Fwp%2Fv2%2Fcategories&post=6344"},{"taxonomy":"post_tag","embeddable":true,"href":"https:\/\/sudoesteacontece.com.br\/index.php?rest_route=%2Fwp%2Fv2%2Ftags&post=6344"}],"curies":[{"name":"wp","href":"https:\/\/api.w.org\/{rel}","templated":true}]}}