{"id":6345,"date":"2026-01-19T09:48:37","date_gmt":"2026-01-19T12:48:37","guid":{"rendered":"https:\/\/sudoesteacontece.com.br\/?p=6345"},"modified":"2026-01-19T09:48:42","modified_gmt":"2026-01-19T12:48:42","slug":"escalada-da-violencia-assusta-ipiau-apos-sete-homicidios-em-menos-de-quatro-dias","status":"publish","type":"post","link":"https:\/\/sudoesteacontece.com.br\/?p=6345","title":{"rendered":"Escalada da viol\u00eancia assusta Ipia\u00fa ap\u00f3s sete homic\u00eddios em menos de quatro dias"},"content":{"rendered":"<div class=\"wp-block-image\">\n<figure class=\"aligncenter size-full\"><img fetchpriority=\"high\" decoding=\"async\" width=\"900\" height=\"600\" src=\"http:\/\/sudoesteacontece.com.br\/wp-content\/uploads\/2026\/01\/Escalada-da-violencia-assusta-Ipiau-apos-sete-homicidios-em-menos-de-quatro-dias-sudoeste-acontece.jpg\" alt=\"\" class=\"wp-image-6363\" srcset=\"https:\/\/sudoesteacontece.com.br\/wp-content\/uploads\/2026\/01\/Escalada-da-violencia-assusta-Ipiau-apos-sete-homicidios-em-menos-de-quatro-dias-sudoeste-acontece.jpg 900w, https:\/\/sudoesteacontece.com.br\/wp-content\/uploads\/2026\/01\/Escalada-da-violencia-assusta-Ipiau-apos-sete-homicidios-em-menos-de-quatro-dias-sudoeste-acontece-300x200.jpg 300w, https:\/\/sudoesteacontece.com.br\/wp-content\/uploads\/2026\/01\/Escalada-da-violencia-assusta-Ipiau-apos-sete-homicidios-em-menos-de-quatro-dias-sudoeste-acontece-768x512.jpg 768w\" sizes=\"(max-width: 900px) 100vw, 900px\" \/><\/figure>\n<\/div>\n\n\n<p>Nova semana come\u00e7a sob clima de medo em Ipia\u00fa, no Sudoeste da Bahia. A cidade registrou mais um assassinato na noite de domingo (18), quando um adolescente foi atingido por disparos de arma de fogo dentro da pr\u00f3pria casa, refor\u00e7ando a sensa\u00e7\u00e3o de inseguran\u00e7a entre moradores.<\/p>\n\n\n\n<p>Ao todo, sete homic\u00eddios foram contabilizados em menos de quatro dias no munic\u00edpio. A sequ\u00eancia de crimes chocou a comunidade, elevou o estado de alerta e reacendeu cobran\u00e7as por respostas r\u00e1pidas das for\u00e7as de seguran\u00e7a diante da escalada da viol\u00eancia.<\/p>\n\n\n\n<p>Diante do cen\u00e1rio, a Pol\u00edcia Militar informou, por meio de nota, que intensificou as fiscaliza\u00e7\u00f5es e o policiamento ostensivo em diferentes pontos da cidade. A corpora\u00e7\u00e3o afirma atuar para conter novos crimes e garantir a seguran\u00e7a da popula\u00e7\u00e3o.<\/p>\n\n\n\n<p>Enquanto isso, moradores acompanham com apreens\u00e3o os desdobramentos das investiga\u00e7\u00f5es. Os casos seguem sob apura\u00e7\u00e3o, e a expectativa \u00e9 por medidas eficazes que interrompam a onda de homic\u00eddios em Ipia\u00fa.<\/p>\n","protected":false},"excerpt":{"rendered":"<p>Nova semana come\u00e7a sob clima de medo em Ipia\u00fa, no Sudoeste da Bahia. A cidade registrou mais um assassinato na noite de domingo (18), quando um adolescente foi atingido por disparos de arma de fogo dentro da pr\u00f3pria casa, refor\u00e7ando a sensa\u00e7\u00e3o de inseguran\u00e7a entre moradores. Ao todo, sete homic\u00eddios foram contabilizados em menos de quatro dias no munic\u00edpio. A sequ\u00eancia de crimes chocou a comunidade, elevou o estado de alerta e reacendeu cobran\u00e7as por respostas r\u00e1pidas das for\u00e7as de seguran\u00e7a diante da escalada da viol\u00eancia. Diante do cen\u00e1rio, a Pol\u00edcia Militar informou, por meio de nota, que intensificou as fiscaliza\u00e7\u00f5es e o policiamento ostensivo em diferentes pontos da cidade. A corpora\u00e7\u00e3o afirma atuar para conter novos crimes e garantir a seguran\u00e7a da popula\u00e7\u00e3o. Enquanto isso, moradores acompanham com apreens\u00e3o os desdobramentos das investiga\u00e7\u00f5es. Os casos seguem sob apura\u00e7\u00e3o, e a expectativa \u00e9 por medidas eficazes que interrompam a onda de homic\u00eddios em Ipia\u00fa.<\/p>\n","protected":false},"author":4,"featured_media":6363,"comment_status":"open","ping_status":"open","sticky":false,"template":"","format":"standard","meta":{"footnotes":""},"categories":[4,3],"tags":[],"class_list":["post-6345","post","type-post","status-publish","format-standard","has-post-thumbnail","hentry","category-cidades","category-policia"],"yoast_head":"<!-- This site is optimized with the Yoast SEO plugin v26.5 - https:\/\/yoast.com\/wordpress\/plugins\/seo\/ -->\n<title>Escalada da viol\u00eancia assusta Ipia\u00fa ap\u00f3s sete homic\u00eddios em menos de quatro dias - Sudoesteacontece<\/title>\n<meta name=\"robots\" content=\"index, follow, max-snippet:-1, max-image-preview:large, max-video-preview:-1\" \/>\n<link rel=\"canonical\" href=\"https:\/\/sudoesteacontece.com.br\/?p=6345\" \/>\n<meta property=\"og:locale\" content=\"pt_BR\" \/>\n<meta property=\"og:type\" content=\"article\" \/>\n<meta property=\"og:title\" content=\"Escalada da viol\u00eancia assusta Ipia\u00fa ap\u00f3s sete homic\u00eddios em menos de quatro dias - Sudoesteacontece\" \/>\n<meta property=\"og:description\" content=\"Nova semana come\u00e7a sob clima de medo em Ipia\u00fa, no Sudoeste da Bahia. A cidade registrou mais um assassinato na noite de domingo (18), quando um adolescente foi atingido por disparos de arma de fogo dentro da pr\u00f3pria casa, refor\u00e7ando a sensa\u00e7\u00e3o de inseguran\u00e7a entre moradores. Ao todo, sete homic\u00eddios foram contabilizados em menos de quatro dias no munic\u00edpio. A sequ\u00eancia de crimes chocou a comunidade, elevou o estado de alerta e reacendeu cobran\u00e7as por respostas r\u00e1pidas das for\u00e7as de seguran\u00e7a diante da escalada da viol\u00eancia. Diante do cen\u00e1rio, a Pol\u00edcia Militar informou, por meio de nota, que intensificou as fiscaliza\u00e7\u00f5es e o policiamento ostensivo em diferentes pontos da cidade. A corpora\u00e7\u00e3o afirma atuar para conter novos crimes e garantir a seguran\u00e7a da popula\u00e7\u00e3o. Enquanto isso, moradores acompanham com apreens\u00e3o os desdobramentos das investiga\u00e7\u00f5es. Os casos seguem sob apura\u00e7\u00e3o, e a expectativa \u00e9 por medidas eficazes que interrompam a onda de homic\u00eddios em Ipia\u00fa.\" \/>\n<meta property=\"og:url\" content=\"https:\/\/sudoesteacontece.com.br\/?p=6345\" \/>\n<meta property=\"og:site_name\" content=\"Sudoesteacontece\" \/>\n<meta property=\"article:publisher\" content=\"https:\/\/www.facebook.com\/sudoesteacontece\/?locale=pt_BR\" \/>\n<meta property=\"article:published_time\" content=\"2026-01-19T12:48:37+00:00\" \/>\n<meta property=\"article:modified_time\" content=\"2026-01-19T12:48:42+00:00\" \/>\n<meta property=\"og:image\" content=\"https:\/\/sudoesteacontece.com.br\/wp-content\/uploads\/2026\/01\/Escalada-da-violencia-assusta-Ipiau-apos-sete-homicidios-em-menos-de-quatro-dias-sudoeste-acontece.jpg\" \/>\n\t<meta property=\"og:image:width\" content=\"900\" \/>\n\t<meta property=\"og:image:height\" content=\"600\" \/>\n\t<meta property=\"og:image:type\" content=\"image\/jpeg\" \/>\n<meta name=\"author\" content=\"Reda\u00e7\u00e3o\" \/>\n<meta name=\"twitter:card\" content=\"summary_large_image\" \/>\n<meta name=\"twitter:label1\" content=\"Escrito por\" \/>\n\t<meta name=\"twitter:data1\" content=\"Reda\u00e7\u00e3o\" \/>\n\t<meta name=\"twitter:label2\" content=\"Est. tempo de leitura\" \/>\n\t<meta name=\"twitter:data2\" content=\"2 minutos\" \/>\n<script type=\"application\/ld+json\" class=\"yoast-schema-graph\">{\"@context\":\"https:\/\/schema.org\",\"@graph\":[{\"@type\":\"Article\",\"@id\":\"https:\/\/sudoesteacontece.com.br\/?p=6345#article\",\"isPartOf\":{\"@id\":\"https:\/\/sudoesteacontece.com.br\/?p=6345\"},\"author\":{\"name\":\"Reda\u00e7\u00e3o\",\"@id\":\"https:\/\/sudoesteacontece.com.br\/#\/schema\/person\/a4f22429c1d0923ef8f7d43343f8dc38\"},\"headline\":\"Escalada da viol\u00eancia assusta Ipia\u00fa ap\u00f3s sete homic\u00eddios em menos de quatro dias\",\"datePublished\":\"2026-01-19T12:48:37+00:00\",\"dateModified\":\"2026-01-19T12:48:42+00:00\",\"mainEntityOfPage\":{\"@id\":\"https:\/\/sudoesteacontece.com.br\/?p=6345\"},\"wordCount\":191,\"commentCount\":0,\"publisher\":{\"@id\":\"https:\/\/sudoesteacontece.com.br\/#organization\"},\"image\":{\"@id\":\"https:\/\/sudoesteacontece.com.br\/?p=6345#primaryimage\"},\"thumbnailUrl\":\"https:\/\/sudoesteacontece.com.br\/wp-content\/uploads\/2026\/01\/Escalada-da-violencia-assusta-Ipiau-apos-sete-homicidios-em-menos-de-quatro-dias-sudoeste-acontece.jpg\",\"articleSection\":[\"Cidades\",\"Pol\u00edcia\"],\"inLanguage\":\"pt-BR\",\"potentialAction\":[{\"@type\":\"CommentAction\",\"name\":\"Comment\",\"target\":[\"https:\/\/sudoesteacontece.com.br\/?p=6345#respond\"]}]},{\"@type\":\"WebPage\",\"@id\":\"https:\/\/sudoesteacontece.com.br\/?p=6345\",\"url\":\"https:\/\/sudoesteacontece.com.br\/?p=6345\",\"name\":\"Escalada da viol\u00eancia assusta Ipia\u00fa ap\u00f3s sete homic\u00eddios em menos de quatro dias - Sudoesteacontece\",\"isPartOf\":{\"@id\":\"https:\/\/sudoesteacontece.com.br\/#website\"},\"primaryImageOfPage\":{\"@id\":\"https:\/\/sudoesteacontece.com.br\/?p=6345#primaryimage\"},\"image\":{\"@id\":\"https:\/\/sudoesteacontece.com.br\/?p=6345#primaryimage\"},\"thumbnailUrl\":\"https:\/\/sudoesteacontece.com.br\/wp-content\/uploads\/2026\/01\/Escalada-da-violencia-assusta-Ipiau-apos-sete-homicidios-em-menos-de-quatro-dias-sudoeste-acontece.jpg\",\"datePublished\":\"2026-01-19T12:48:37+00:00\",\"dateModified\":\"2026-01-19T12:48:42+00:00\",\"breadcrumb\":{\"@id\":\"https:\/\/sudoesteacontece.com.br\/?p=6345#breadcrumb\"},\"inLanguage\":\"pt-BR\",\"potentialAction\":[{\"@type\":\"ReadAction\",\"target\":[\"https:\/\/sudoesteacontece.com.br\/?p=6345\"]}]},{\"@type\":\"ImageObject\",\"inLanguage\":\"pt-BR\",\"@id\":\"https:\/\/sudoesteacontece.com.br\/?p=6345#primaryimage\",\"url\":\"https:\/\/sudoesteacontece.com.br\/wp-content\/uploads\/2026\/01\/Escalada-da-violencia-assusta-Ipiau-apos-sete-homicidios-em-menos-de-quatro-dias-sudoeste-acontece.jpg\",\"contentUrl\":\"https:\/\/sudoesteacontece.com.br\/wp-content\/uploads\/2026\/01\/Escalada-da-violencia-assusta-Ipiau-apos-sete-homicidios-em-menos-de-quatro-dias-sudoeste-acontece.jpg\",\"width\":900,\"height\":600},{\"@type\":\"BreadcrumbList\",\"@id\":\"https:\/\/sudoesteacontece.com.br\/?p=6345#breadcrumb\",\"itemListElement\":[{\"@type\":\"ListItem\",\"position\":1,\"name\":\"In\u00edcio\",\"item\":\"https:\/\/sudoesteacontece.com.br\/\"},{\"@type\":\"ListItem\",\"position\":2,\"name\":\"Escalada da viol\u00eancia assusta Ipia\u00fa ap\u00f3s sete homic\u00eddios em menos de quatro dias\"}]},{\"@type\":\"WebSite\",\"@id\":\"https:\/\/sudoesteacontece.com.br\/#website\",\"url\":\"https:\/\/sudoesteacontece.com.br\/\",\"name\":\"Sudoesteacontece\",\"description\":\"\",\"publisher\":{\"@id\":\"https:\/\/sudoesteacontece.com.br\/#organization\"},\"potentialAction\":[{\"@type\":\"SearchAction\",\"target\":{\"@type\":\"EntryPoint\",\"urlTemplate\":\"https:\/\/sudoesteacontece.com.br\/?s={search_term_string}\"},\"query-input\":{\"@type\":\"PropertyValueSpecification\",\"valueRequired\":true,\"valueName\":\"search_term_string\"}}],\"inLanguage\":\"pt-BR\"},{\"@type\":\"Organization\",\"@id\":\"https:\/\/sudoesteacontece.com.br\/#organization\",\"name\":\"Sudoesteacontece\",\"url\":\"https:\/\/sudoesteacontece.com.br\/\",\"logo\":{\"@type\":\"ImageObject\",\"inLanguage\":\"pt-BR\",\"@id\":\"https:\/\/sudoesteacontece.com.br\/#\/schema\/logo\/image\/\",\"url\":\"https:\/\/sudoesteacontece.com.br\/wp-content\/uploads\/2025\/12\/cropped-logo-2-180x180-1.png\",\"contentUrl\":\"https:\/\/sudoesteacontece.com.br\/wp-content\/uploads\/2025\/12\/cropped-logo-2-180x180-1.png\",\"width\":180,\"height\":180,\"caption\":\"Sudoesteacontece\"},\"image\":{\"@id\":\"https:\/\/sudoesteacontece.com.br\/#\/schema\/logo\/image\/\"},\"sameAs\":[\"https:\/\/www.facebook.com\/sudoesteacontece\/?locale=pt_BR\"]},{\"@type\":\"Person\",\"@id\":\"https:\/\/sudoesteacontece.com.br\/#\/schema\/person\/a4f22429c1d0923ef8f7d43343f8dc38\",\"name\":\"Reda\u00e7\u00e3o\",\"image\":{\"@type\":\"ImageObject\",\"inLanguage\":\"pt-BR\",\"@id\":\"https:\/\/sudoesteacontece.com.br\/#\/schema\/person\/image\/\",\"url\":\"https:\/\/secure.gravatar.com\/avatar\/c3a5b3c93f268a709c25a2df414c629a96fb3b1b4bf97a94fb3f72e54ae76903?s=96&d=mm&r=g\",\"contentUrl\":\"https:\/\/secure.gravatar.com\/avatar\/c3a5b3c93f268a709c25a2df414c629a96fb3b1b4bf97a94fb3f72e54ae76903?s=96&d=mm&r=g\",\"caption\":\"Reda\u00e7\u00e3o\"},\"url\":\"https:\/\/sudoesteacontece.com.br\/?author=4\"}]}<\/script>\n<!-- \/ Yoast SEO plugin. -->","yoast_head_json":{"title":"Escalada da viol\u00eancia assusta Ipia\u00fa ap\u00f3s sete homic\u00eddios em menos de quatro dias - Sudoesteacontece","robots":{"index":"index","follow":"follow","max-snippet":"max-snippet:-1","max-image-preview":"max-image-preview:large","max-video-preview":"max-video-preview:-1"},"canonical":"https:\/\/sudoesteacontece.com.br\/?p=6345","og_locale":"pt_BR","og_type":"article","og_title":"Escalada da viol\u00eancia assusta Ipia\u00fa ap\u00f3s sete homic\u00eddios em menos de quatro dias - Sudoesteacontece","og_description":"Nova semana come\u00e7a sob clima de medo em Ipia\u00fa, no Sudoeste da Bahia. A cidade registrou mais um assassinato na noite de domingo (18), quando um adolescente foi atingido por disparos de arma de fogo dentro da pr\u00f3pria casa, refor\u00e7ando a sensa\u00e7\u00e3o de inseguran\u00e7a entre moradores. Ao todo, sete homic\u00eddios foram contabilizados em menos de quatro dias no munic\u00edpio. A sequ\u00eancia de crimes chocou a comunidade, elevou o estado de alerta e reacendeu cobran\u00e7as por respostas r\u00e1pidas das for\u00e7as de seguran\u00e7a diante da escalada da viol\u00eancia. Diante do cen\u00e1rio, a Pol\u00edcia Militar informou, por meio de nota, que intensificou as fiscaliza\u00e7\u00f5es e o policiamento ostensivo em diferentes pontos da cidade. A corpora\u00e7\u00e3o afirma atuar para conter novos crimes e garantir a seguran\u00e7a da popula\u00e7\u00e3o. Enquanto isso, moradores acompanham com apreens\u00e3o os desdobramentos das investiga\u00e7\u00f5es. Os casos seguem sob apura\u00e7\u00e3o, e a expectativa \u00e9 por medidas eficazes que interrompam a onda de homic\u00eddios em Ipia\u00fa.","og_url":"https:\/\/sudoesteacontece.com.br\/?p=6345","og_site_name":"Sudoesteacontece","article_publisher":"https:\/\/www.facebook.com\/sudoesteacontece\/?locale=pt_BR","article_published_time":"2026-01-19T12:48:37+00:00","article_modified_time":"2026-01-19T12:48:42+00:00","og_image":[{"width":900,"height":600,"url":"https:\/\/sudoesteacontece.com.br\/wp-content\/uploads\/2026\/01\/Escalada-da-violencia-assusta-Ipiau-apos-sete-homicidios-em-menos-de-quatro-dias-sudoeste-acontece.jpg","type":"image\/jpeg"}],"author":"Reda\u00e7\u00e3o","twitter_card":"summary_large_image","twitter_misc":{"Escrito por":"Reda\u00e7\u00e3o","Est. tempo de leitura":"2 minutos"},"schema":{"@context":"https:\/\/schema.org","@graph":[{"@type":"Article","@id":"https:\/\/sudoesteacontece.com.br\/?p=6345#article","isPartOf":{"@id":"https:\/\/sudoesteacontece.com.br\/?p=6345"},"author":{"name":"Reda\u00e7\u00e3o","@id":"https:\/\/sudoesteacontece.com.br\/#\/schema\/person\/a4f22429c1d0923ef8f7d43343f8dc38"},"headline":"Escalada da viol\u00eancia assusta Ipia\u00fa ap\u00f3s sete homic\u00eddios em menos de quatro dias","datePublished":"2026-01-19T12:48:37+00:00","dateModified":"2026-01-19T12:48:42+00:00","mainEntityOfPage":{"@id":"https:\/\/sudoesteacontece.com.br\/?p=6345"},"wordCount":191,"commentCount":0,"publisher":{"@id":"https:\/\/sudoesteacontece.com.br\/#organization"},"image":{"@id":"https:\/\/sudoesteacontece.com.br\/?p=6345#primaryimage"},"thumbnailUrl":"https:\/\/sudoesteacontece.com.br\/wp-content\/uploads\/2026\/01\/Escalada-da-violencia-assusta-Ipiau-apos-sete-homicidios-em-menos-de-quatro-dias-sudoeste-acontece.jpg","articleSection":["Cidades","Pol\u00edcia"],"inLanguage":"pt-BR","potentialAction":[{"@type":"CommentAction","name":"Comment","target":["https:\/\/sudoesteacontece.com.br\/?p=6345#respond"]}]},{"@type":"WebPage","@id":"https:\/\/sudoesteacontece.com.br\/?p=6345","url":"https:\/\/sudoesteacontece.com.br\/?p=6345","name":"Escalada da viol\u00eancia assusta Ipia\u00fa ap\u00f3s sete homic\u00eddios em menos de quatro dias - Sudoesteacontece","isPartOf":{"@id":"https:\/\/sudoesteacontece.com.br\/#website"},"primaryImageOfPage":{"@id":"https:\/\/sudoesteacontece.com.br\/?p=6345#primaryimage"},"image":{"@id":"https:\/\/sudoesteacontece.com.br\/?p=6345#primaryimage"},"thumbnailUrl":"https:\/\/sudoesteacontece.com.br\/wp-content\/uploads\/2026\/01\/Escalada-da-violencia-assusta-Ipiau-apos-sete-homicidios-em-menos-de-quatro-dias-sudoeste-acontece.jpg","datePublished":"2026-01-19T12:48:37+00:00","dateModified":"2026-01-19T12:48:42+00:00","breadcrumb":{"@id":"https:\/\/sudoesteacontece.com.br\/?p=6345#breadcrumb"},"inLanguage":"pt-BR","potentialAction":[{"@type":"ReadAction","target":["https:\/\/sudoesteacontece.com.br\/?p=6345"]}]},{"@type":"ImageObject","inLanguage":"pt-BR","@id":"https:\/\/sudoesteacontece.com.br\/?p=6345#primaryimage","url":"https:\/\/sudoesteacontece.com.br\/wp-content\/uploads\/2026\/01\/Escalada-da-violencia-assusta-Ipiau-apos-sete-homicidios-em-menos-de-quatro-dias-sudoeste-acontece.jpg","contentUrl":"https:\/\/sudoesteacontece.com.br\/wp-content\/uploads\/2026\/01\/Escalada-da-violencia-assusta-Ipiau-apos-sete-homicidios-em-menos-de-quatro-dias-sudoeste-acontece.jpg","width":900,"height":600},{"@type":"BreadcrumbList","@id":"https:\/\/sudoesteacontece.com.br\/?p=6345#breadcrumb","itemListElement":[{"@type":"ListItem","position":1,"name":"In\u00edcio","item":"https:\/\/sudoesteacontece.com.br\/"},{"@type":"ListItem","position":2,"name":"Escalada da viol\u00eancia assusta Ipia\u00fa ap\u00f3s sete homic\u00eddios em menos de quatro dias"}]},{"@type":"WebSite","@id":"https:\/\/sudoesteacontece.com.br\/#website","url":"https:\/\/sudoesteacontece.com.br\/","name":"Sudoesteacontece","description":"","publisher":{"@id":"https:\/\/sudoesteacontece.com.br\/#organization"},"potentialAction":[{"@type":"SearchAction","target":{"@type":"EntryPoint","urlTemplate":"https:\/\/sudoesteacontece.com.br\/?s={search_term_string}"},"query-input":{"@type":"PropertyValueSpecification","valueRequired":true,"valueName":"search_term_string"}}],"inLanguage":"pt-BR"},{"@type":"Organization","@id":"https:\/\/sudoesteacontece.com.br\/#organization","name":"Sudoesteacontece","url":"https:\/\/sudoesteacontece.com.br\/","logo":{"@type":"ImageObject","inLanguage":"pt-BR","@id":"https:\/\/sudoesteacontece.com.br\/#\/schema\/logo\/image\/","url":"https:\/\/sudoesteacontece.com.br\/wp-content\/uploads\/2025\/12\/cropped-logo-2-180x180-1.png","contentUrl":"https:\/\/sudoesteacontece.com.br\/wp-content\/uploads\/2025\/12\/cropped-logo-2-180x180-1.png","width":180,"height":180,"caption":"Sudoesteacontece"},"image":{"@id":"https:\/\/sudoesteacontece.com.br\/#\/schema\/logo\/image\/"},"sameAs":["https:\/\/www.facebook.com\/sudoesteacontece\/?locale=pt_BR"]},{"@type":"Person","@id":"https:\/\/sudoesteacontece.com.br\/#\/schema\/person\/a4f22429c1d0923ef8f7d43343f8dc38","name":"Reda\u00e7\u00e3o","image":{"@type":"ImageObject","inLanguage":"pt-BR","@id":"https:\/\/sudoesteacontece.com.br\/#\/schema\/person\/image\/","url":"https:\/\/secure.gravatar.com\/avatar\/c3a5b3c93f268a709c25a2df414c629a96fb3b1b4bf97a94fb3f72e54ae76903?s=96&d=mm&r=g","contentUrl":"https:\/\/secure.gravatar.com\/avatar\/c3a5b3c93f268a709c25a2df414c629a96fb3b1b4bf97a94fb3f72e54ae76903?s=96&d=mm&r=g","caption":"Reda\u00e7\u00e3o"},"url":"https:\/\/sudoesteacontece.com.br\/?author=4"}]}},"_links":{"self":[{"href":"https:\/\/sudoesteacontece.com.br\/index.php?rest_route=\/wp\/v2\/posts\/6345","targetHints":{"allow":["GET"]}}],"collection":[{"href":"https:\/\/sudoesteacontece.com.br\/index.php?rest_route=\/wp\/v2\/posts"}],"about":[{"href":"https:\/\/sudoesteacontece.com.br\/index.php?rest_route=\/wp\/v2\/types\/post"}],"author":[{"embeddable":true,"href":"https:\/\/sudoesteacontece.com.br\/index.php?rest_route=\/wp\/v2\/users\/4"}],"replies":[{"embeddable":true,"href":"https:\/\/sudoesteacontece.com.br\/index.php?rest_route=%2Fwp%2Fv2%2Fcomments&post=6345"}],"version-history":[{"count":0,"href":"https:\/\/sudoesteacontece.com.br\/index.php?rest_route=\/wp\/v2\/posts\/6345\/revisions"}],"wp:featuredmedia":[{"embeddable":true,"href":"https:\/\/sudoesteacontece.com.br\/index.php?rest_route=\/wp\/v2\/media\/6363"}],"wp:attachment":[{"href":"https:\/\/sudoesteacontece.com.br\/index.php?rest_route=%2Fwp%2Fv2%2Fmedia&parent=6345"}],"wp:term":[{"taxonomy":"category","embeddable":true,"href":"https:\/\/sudoesteacontece.com.br\/index.php?rest_route=%2Fwp%2Fv2%2Fcategories&post=6345"},{"taxonomy":"post_tag","embeddable":true,"href":"https:\/\/sudoesteacontece.com.br\/index.php?rest_route=%2Fwp%2Fv2%2Ftags&post=6345"}],"curies":[{"name":"wp","href":"https:\/\/api.w.org\/{rel}","templated":true}]}}