{"id":6349,"date":"2026-01-19T09:58:10","date_gmt":"2026-01-19T12:58:10","guid":{"rendered":"https:\/\/sudoesteacontece.com.br\/?p=6349"},"modified":"2026-01-19T09:58:16","modified_gmt":"2026-01-19T12:58:16","slug":"preso-no-rj-suspeito-de-articular-fuga-em-massa-e-atentado-a-diretor-de-presidio-em-eunapolis","status":"publish","type":"post","link":"https:\/\/sudoesteacontece.com.br\/?p=6349","title":{"rendered":"Preso no RJ suspeito de articular fuga em massa e atentado a diretor de pres\u00eddio em Eun\u00e1polis"},"content":{"rendered":"<div class=\"wp-block-image\">\n<figure class=\"aligncenter size-full\"><img fetchpriority=\"high\" decoding=\"async\" width=\"900\" height=\"600\" src=\"http:\/\/sudoesteacontece.com.br\/wp-content\/uploads\/2026\/01\/Preso-no-RJ-suspeito-de-articular-fuga-em-massa-e-atentado-a-diretor-de-presidio-em-Eunapolis-sudoeste-acontece.jpg\" alt=\"\" class=\"wp-image-6370\" srcset=\"https:\/\/sudoesteacontece.com.br\/wp-content\/uploads\/2026\/01\/Preso-no-RJ-suspeito-de-articular-fuga-em-massa-e-atentado-a-diretor-de-presidio-em-Eunapolis-sudoeste-acontece.jpg 900w, https:\/\/sudoesteacontece.com.br\/wp-content\/uploads\/2026\/01\/Preso-no-RJ-suspeito-de-articular-fuga-em-massa-e-atentado-a-diretor-de-presidio-em-Eunapolis-sudoeste-acontece-300x200.jpg 300w, https:\/\/sudoesteacontece.com.br\/wp-content\/uploads\/2026\/01\/Preso-no-RJ-suspeito-de-articular-fuga-em-massa-e-atentado-a-diretor-de-presidio-em-Eunapolis-sudoeste-acontece-768x512.jpg 768w\" sizes=\"(max-width: 900px) 100vw, 900px\" \/><\/figure>\n<\/div>\n\n\n<p>A Pol\u00edcia prendeu neste domingo (18), em Ilha Grande, no Rio de Janeiro, Tiago da Silva Rocha, conhecido como \u201cTiba\u201d. Ele \u00e9 apontado como um dos principais articuladores da fuga em massa no Conjunto Penal de Eun\u00e1polis e do atentado contra o ent\u00e3o diretor da unidade, Jorge Magno Alves, crime que teve repercuss\u00e3o nacional.<\/p>\n\n\n\n<p>Segundo as investiga\u00e7\u00f5es, Tiba ocupa posi\u00e7\u00e3o estrat\u00e9gica em uma fac\u00e7\u00e3o criminosa com atua\u00e7\u00e3o em Eun\u00e1polis e em cidades do extremo sul da Bahia. Os investigadores o descrevem como l\u00edder log\u00edstico do grupo, respons\u00e1vel por coordenar envio de drogas, armas e outros materiais il\u00edcitos, al\u00e9m de organizar rotas, distribui\u00e7\u00e3o e pagamentos aos integrantes.<\/p>\n\n\n\n<p>A pris\u00e3o ocorreu ap\u00f3s uma opera\u00e7\u00e3o integrada que envolveu o Minist\u00e9rio P\u00fablico da Bahia, a Secretaria da Seguran\u00e7a P\u00fablica e as Pol\u00edcias Civis da Bahia e do Rio de Janeiro, al\u00e9m da Pol\u00edcia Militar fluminense. A a\u00e7\u00e3o permitiu mapear a estrutura da organiza\u00e7\u00e3o criminosa e reunir provas que ligam o suspeito diretamente \u00e0 fuga registrada em dezembro de 2024.<\/p>\n\n\n\n<p>Conforme apura\u00e7\u00e3o, al\u00e9m de participar do planejamento da evas\u00e3o dos presos, Tiba tamb\u00e9m teria envolvimento no atentado contra o ex-diretor do pres\u00eddio. O ataque aconteceu ap\u00f3s a fuga e aumentou a press\u00e3o das for\u00e7as de seguran\u00e7a para identificar os respons\u00e1veis pelo epis\u00f3dio.<\/p>\n\n\n\n<p>A fuga em massa ocorreu na noite de 12 de dezembro de 2024, quando 16 detentos escaparam do Conjunto Penal de Eun\u00e1polis ap\u00f3s a invas\u00e3o de homens armados. Houve intensa troca de tiros com a equipe de seguran\u00e7a, um c\u00e3o de guarda morreu e um fuzil calibre 5.56, al\u00e9m de muni\u00e7\u00f5es, foi abandonado no local.<\/p>\n\n\n\n<p>Mais de um ano ap\u00f3s o crime, apenas um dos foragidos foi recapturado. Outros dois morreram em confrontos com a pol\u00edcia, enquanto 13 continuam sendo procurados. As investiga\u00e7\u00f5es seguem para identificar novos envolvidos e localizar os presos que permanecem foragidos.<\/p>\n","protected":false},"excerpt":{"rendered":"<p>A Pol\u00edcia prendeu neste domingo (18), em Ilha Grande, no Rio de Janeiro, Tiago da Silva Rocha, conhecido como \u201cTiba\u201d. Ele \u00e9 apontado como um dos principais articuladores da fuga em massa no Conjunto Penal de Eun\u00e1polis e do atentado contra o ent\u00e3o diretor da unidade, Jorge Magno Alves, crime que teve repercuss\u00e3o nacional. Segundo as investiga\u00e7\u00f5es, Tiba ocupa posi\u00e7\u00e3o estrat\u00e9gica em uma fac\u00e7\u00e3o criminosa com atua\u00e7\u00e3o em Eun\u00e1polis e em cidades do extremo sul da Bahia. Os investigadores o descrevem como l\u00edder log\u00edstico do grupo, respons\u00e1vel por coordenar envio de drogas, armas e outros materiais il\u00edcitos, al\u00e9m de organizar rotas, distribui\u00e7\u00e3o e pagamentos aos integrantes. A pris\u00e3o ocorreu ap\u00f3s uma opera\u00e7\u00e3o integrada que envolveu o Minist\u00e9rio P\u00fablico da Bahia, a Secretaria da Seguran\u00e7a P\u00fablica e as Pol\u00edcias Civis da Bahia e do Rio de Janeiro, al\u00e9m da Pol\u00edcia Militar fluminense. A a\u00e7\u00e3o permitiu mapear a estrutura da organiza\u00e7\u00e3o criminosa e reunir provas que ligam o suspeito diretamente \u00e0 fuga registrada em dezembro de 2024. Conforme apura\u00e7\u00e3o, al\u00e9m de participar do planejamento da evas\u00e3o dos presos, Tiba tamb\u00e9m teria envolvimento no atentado contra o ex-diretor do pres\u00eddio. O ataque aconteceu ap\u00f3s a fuga e aumentou a press\u00e3o das for\u00e7as de seguran\u00e7a para identificar os respons\u00e1veis pelo epis\u00f3dio. A fuga em massa ocorreu na noite de 12 de dezembro de 2024, quando 16 detentos escaparam do Conjunto Penal de Eun\u00e1polis ap\u00f3s a invas\u00e3o de homens armados. Houve intensa troca de tiros com a equipe de seguran\u00e7a, um c\u00e3o de guarda morreu e um fuzil calibre 5.56, al\u00e9m de muni\u00e7\u00f5es, foi abandonado no local. Mais de um ano ap\u00f3s o crime, apenas um dos foragidos foi recapturado. Outros dois morreram em confrontos com a pol\u00edcia, enquanto 13 continuam sendo procurados. As investiga\u00e7\u00f5es seguem para identificar novos envolvidos e localizar os presos que permanecem foragidos.<\/p>\n","protected":false},"author":4,"featured_media":6370,"comment_status":"open","ping_status":"open","sticky":false,"template":"","format":"standard","meta":{"footnotes":""},"categories":[7,53,3],"tags":[],"class_list":["post-6349","post","type-post","status-publish","format-standard","has-post-thumbnail","hentry","category-bahia","category-brasil","category-policia"],"yoast_head":"<!-- This site is optimized with the Yoast SEO plugin v26.5 - https:\/\/yoast.com\/wordpress\/plugins\/seo\/ -->\n<title>Preso no RJ suspeito de articular fuga em massa e atentado a diretor de pres\u00eddio em Eun\u00e1polis - Sudoesteacontece<\/title>\n<meta name=\"robots\" content=\"index, follow, max-snippet:-1, max-image-preview:large, max-video-preview:-1\" \/>\n<link rel=\"canonical\" href=\"https:\/\/sudoesteacontece.com.br\/?p=6349\" \/>\n<meta property=\"og:locale\" content=\"pt_BR\" \/>\n<meta property=\"og:type\" content=\"article\" \/>\n<meta property=\"og:title\" content=\"Preso no RJ suspeito de articular fuga em massa e atentado a diretor de pres\u00eddio em Eun\u00e1polis - Sudoesteacontece\" \/>\n<meta property=\"og:description\" content=\"A Pol\u00edcia prendeu neste domingo (18), em Ilha Grande, no Rio de Janeiro, Tiago da Silva Rocha, conhecido como \u201cTiba\u201d. Ele \u00e9 apontado como um dos principais articuladores da fuga em massa no Conjunto Penal de Eun\u00e1polis e do atentado contra o ent\u00e3o diretor da unidade, Jorge Magno Alves, crime que teve repercuss\u00e3o nacional. Segundo as investiga\u00e7\u00f5es, Tiba ocupa posi\u00e7\u00e3o estrat\u00e9gica em uma fac\u00e7\u00e3o criminosa com atua\u00e7\u00e3o em Eun\u00e1polis e em cidades do extremo sul da Bahia. Os investigadores o descrevem como l\u00edder log\u00edstico do grupo, respons\u00e1vel por coordenar envio de drogas, armas e outros materiais il\u00edcitos, al\u00e9m de organizar rotas, distribui\u00e7\u00e3o e pagamentos aos integrantes. A pris\u00e3o ocorreu ap\u00f3s uma opera\u00e7\u00e3o integrada que envolveu o Minist\u00e9rio P\u00fablico da Bahia, a Secretaria da Seguran\u00e7a P\u00fablica e as Pol\u00edcias Civis da Bahia e do Rio de Janeiro, al\u00e9m da Pol\u00edcia Militar fluminense. A a\u00e7\u00e3o permitiu mapear a estrutura da organiza\u00e7\u00e3o criminosa e reunir provas que ligam o suspeito diretamente \u00e0 fuga registrada em dezembro de 2024. Conforme apura\u00e7\u00e3o, al\u00e9m de participar do planejamento da evas\u00e3o dos presos, Tiba tamb\u00e9m teria envolvimento no atentado contra o ex-diretor do pres\u00eddio. O ataque aconteceu ap\u00f3s a fuga e aumentou a press\u00e3o das for\u00e7as de seguran\u00e7a para identificar os respons\u00e1veis pelo epis\u00f3dio. A fuga em massa ocorreu na noite de 12 de dezembro de 2024, quando 16 detentos escaparam do Conjunto Penal de Eun\u00e1polis ap\u00f3s a invas\u00e3o de homens armados. Houve intensa troca de tiros com a equipe de seguran\u00e7a, um c\u00e3o de guarda morreu e um fuzil calibre 5.56, al\u00e9m de muni\u00e7\u00f5es, foi abandonado no local. Mais de um ano ap\u00f3s o crime, apenas um dos foragidos foi recapturado. Outros dois morreram em confrontos com a pol\u00edcia, enquanto 13 continuam sendo procurados. As investiga\u00e7\u00f5es seguem para identificar novos envolvidos e localizar os presos que permanecem foragidos.\" \/>\n<meta property=\"og:url\" content=\"https:\/\/sudoesteacontece.com.br\/?p=6349\" \/>\n<meta property=\"og:site_name\" content=\"Sudoesteacontece\" \/>\n<meta property=\"article:publisher\" content=\"https:\/\/www.facebook.com\/sudoesteacontece\/?locale=pt_BR\" \/>\n<meta property=\"article:published_time\" content=\"2026-01-19T12:58:10+00:00\" \/>\n<meta property=\"article:modified_time\" content=\"2026-01-19T12:58:16+00:00\" \/>\n<meta property=\"og:image\" content=\"https:\/\/sudoesteacontece.com.br\/wp-content\/uploads\/2026\/01\/Preso-no-RJ-suspeito-de-articular-fuga-em-massa-e-atentado-a-diretor-de-presidio-em-Eunapolis-sudoeste-acontece.jpg\" \/>\n\t<meta property=\"og:image:width\" content=\"900\" \/>\n\t<meta property=\"og:image:height\" content=\"600\" \/>\n\t<meta property=\"og:image:type\" content=\"image\/jpeg\" \/>\n<meta name=\"author\" content=\"Reda\u00e7\u00e3o\" \/>\n<meta name=\"twitter:card\" content=\"summary_large_image\" \/>\n<meta name=\"twitter:label1\" content=\"Escrito por\" \/>\n\t<meta name=\"twitter:data1\" content=\"Reda\u00e7\u00e3o\" \/>\n\t<meta name=\"twitter:label2\" content=\"Est. tempo de leitura\" \/>\n\t<meta name=\"twitter:data2\" content=\"3 minutos\" \/>\n<script type=\"application\/ld+json\" class=\"yoast-schema-graph\">{\"@context\":\"https:\/\/schema.org\",\"@graph\":[{\"@type\":\"Article\",\"@id\":\"https:\/\/sudoesteacontece.com.br\/?p=6349#article\",\"isPartOf\":{\"@id\":\"https:\/\/sudoesteacontece.com.br\/?p=6349\"},\"author\":{\"name\":\"Reda\u00e7\u00e3o\",\"@id\":\"https:\/\/sudoesteacontece.com.br\/#\/schema\/person\/a4f22429c1d0923ef8f7d43343f8dc38\"},\"headline\":\"Preso no RJ suspeito de articular fuga em massa e atentado a diretor de pres\u00eddio em Eun\u00e1polis\",\"datePublished\":\"2026-01-19T12:58:10+00:00\",\"dateModified\":\"2026-01-19T12:58:16+00:00\",\"mainEntityOfPage\":{\"@id\":\"https:\/\/sudoesteacontece.com.br\/?p=6349\"},\"wordCount\":361,\"commentCount\":0,\"publisher\":{\"@id\":\"https:\/\/sudoesteacontece.com.br\/#organization\"},\"image\":{\"@id\":\"https:\/\/sudoesteacontece.com.br\/?p=6349#primaryimage\"},\"thumbnailUrl\":\"https:\/\/sudoesteacontece.com.br\/wp-content\/uploads\/2026\/01\/Preso-no-RJ-suspeito-de-articular-fuga-em-massa-e-atentado-a-diretor-de-presidio-em-Eunapolis-sudoeste-acontece.jpg\",\"articleSection\":[\"Bahia\",\"Brasil\",\"Pol\u00edcia\"],\"inLanguage\":\"pt-BR\",\"potentialAction\":[{\"@type\":\"CommentAction\",\"name\":\"Comment\",\"target\":[\"https:\/\/sudoesteacontece.com.br\/?p=6349#respond\"]}]},{\"@type\":\"WebPage\",\"@id\":\"https:\/\/sudoesteacontece.com.br\/?p=6349\",\"url\":\"https:\/\/sudoesteacontece.com.br\/?p=6349\",\"name\":\"Preso no RJ suspeito de articular fuga em massa e atentado a diretor de pres\u00eddio em Eun\u00e1polis - Sudoesteacontece\",\"isPartOf\":{\"@id\":\"https:\/\/sudoesteacontece.com.br\/#website\"},\"primaryImageOfPage\":{\"@id\":\"https:\/\/sudoesteacontece.com.br\/?p=6349#primaryimage\"},\"image\":{\"@id\":\"https:\/\/sudoesteacontece.com.br\/?p=6349#primaryimage\"},\"thumbnailUrl\":\"https:\/\/sudoesteacontece.com.br\/wp-content\/uploads\/2026\/01\/Preso-no-RJ-suspeito-de-articular-fuga-em-massa-e-atentado-a-diretor-de-presidio-em-Eunapolis-sudoeste-acontece.jpg\",\"datePublished\":\"2026-01-19T12:58:10+00:00\",\"dateModified\":\"2026-01-19T12:58:16+00:00\",\"breadcrumb\":{\"@id\":\"https:\/\/sudoesteacontece.com.br\/?p=6349#breadcrumb\"},\"inLanguage\":\"pt-BR\",\"potentialAction\":[{\"@type\":\"ReadAction\",\"target\":[\"https:\/\/sudoesteacontece.com.br\/?p=6349\"]}]},{\"@type\":\"ImageObject\",\"inLanguage\":\"pt-BR\",\"@id\":\"https:\/\/sudoesteacontece.com.br\/?p=6349#primaryimage\",\"url\":\"https:\/\/sudoesteacontece.com.br\/wp-content\/uploads\/2026\/01\/Preso-no-RJ-suspeito-de-articular-fuga-em-massa-e-atentado-a-diretor-de-presidio-em-Eunapolis-sudoeste-acontece.jpg\",\"contentUrl\":\"https:\/\/sudoesteacontece.com.br\/wp-content\/uploads\/2026\/01\/Preso-no-RJ-suspeito-de-articular-fuga-em-massa-e-atentado-a-diretor-de-presidio-em-Eunapolis-sudoeste-acontece.jpg\",\"width\":900,\"height\":600},{\"@type\":\"BreadcrumbList\",\"@id\":\"https:\/\/sudoesteacontece.com.br\/?p=6349#breadcrumb\",\"itemListElement\":[{\"@type\":\"ListItem\",\"position\":1,\"name\":\"In\u00edcio\",\"item\":\"https:\/\/sudoesteacontece.com.br\/\"},{\"@type\":\"ListItem\",\"position\":2,\"name\":\"Preso no RJ suspeito de articular fuga em massa e atentado a diretor de pres\u00eddio em Eun\u00e1polis\"}]},{\"@type\":\"WebSite\",\"@id\":\"https:\/\/sudoesteacontece.com.br\/#website\",\"url\":\"https:\/\/sudoesteacontece.com.br\/\",\"name\":\"Sudoesteacontece\",\"description\":\"\",\"publisher\":{\"@id\":\"https:\/\/sudoesteacontece.com.br\/#organization\"},\"potentialAction\":[{\"@type\":\"SearchAction\",\"target\":{\"@type\":\"EntryPoint\",\"urlTemplate\":\"https:\/\/sudoesteacontece.com.br\/?s={search_term_string}\"},\"query-input\":{\"@type\":\"PropertyValueSpecification\",\"valueRequired\":true,\"valueName\":\"search_term_string\"}}],\"inLanguage\":\"pt-BR\"},{\"@type\":\"Organization\",\"@id\":\"https:\/\/sudoesteacontece.com.br\/#organization\",\"name\":\"Sudoesteacontece\",\"url\":\"https:\/\/sudoesteacontece.com.br\/\",\"logo\":{\"@type\":\"ImageObject\",\"inLanguage\":\"pt-BR\",\"@id\":\"https:\/\/sudoesteacontece.com.br\/#\/schema\/logo\/image\/\",\"url\":\"https:\/\/sudoesteacontece.com.br\/wp-content\/uploads\/2025\/12\/cropped-logo-2-180x180-1.png\",\"contentUrl\":\"https:\/\/sudoesteacontece.com.br\/wp-content\/uploads\/2025\/12\/cropped-logo-2-180x180-1.png\",\"width\":180,\"height\":180,\"caption\":\"Sudoesteacontece\"},\"image\":{\"@id\":\"https:\/\/sudoesteacontece.com.br\/#\/schema\/logo\/image\/\"},\"sameAs\":[\"https:\/\/www.facebook.com\/sudoesteacontece\/?locale=pt_BR\"]},{\"@type\":\"Person\",\"@id\":\"https:\/\/sudoesteacontece.com.br\/#\/schema\/person\/a4f22429c1d0923ef8f7d43343f8dc38\",\"name\":\"Reda\u00e7\u00e3o\",\"image\":{\"@type\":\"ImageObject\",\"inLanguage\":\"pt-BR\",\"@id\":\"https:\/\/sudoesteacontece.com.br\/#\/schema\/person\/image\/\",\"url\":\"https:\/\/secure.gravatar.com\/avatar\/c3a5b3c93f268a709c25a2df414c629a96fb3b1b4bf97a94fb3f72e54ae76903?s=96&d=mm&r=g\",\"contentUrl\":\"https:\/\/secure.gravatar.com\/avatar\/c3a5b3c93f268a709c25a2df414c629a96fb3b1b4bf97a94fb3f72e54ae76903?s=96&d=mm&r=g\",\"caption\":\"Reda\u00e7\u00e3o\"},\"url\":\"https:\/\/sudoesteacontece.com.br\/?author=4\"}]}<\/script>\n<!-- \/ Yoast SEO plugin. -->","yoast_head_json":{"title":"Preso no RJ suspeito de articular fuga em massa e atentado a diretor de pres\u00eddio em Eun\u00e1polis - Sudoesteacontece","robots":{"index":"index","follow":"follow","max-snippet":"max-snippet:-1","max-image-preview":"max-image-preview:large","max-video-preview":"max-video-preview:-1"},"canonical":"https:\/\/sudoesteacontece.com.br\/?p=6349","og_locale":"pt_BR","og_type":"article","og_title":"Preso no RJ suspeito de articular fuga em massa e atentado a diretor de pres\u00eddio em Eun\u00e1polis - Sudoesteacontece","og_description":"A Pol\u00edcia prendeu neste domingo (18), em Ilha Grande, no Rio de Janeiro, Tiago da Silva Rocha, conhecido como \u201cTiba\u201d. Ele \u00e9 apontado como um dos principais articuladores da fuga em massa no Conjunto Penal de Eun\u00e1polis e do atentado contra o ent\u00e3o diretor da unidade, Jorge Magno Alves, crime que teve repercuss\u00e3o nacional. Segundo as investiga\u00e7\u00f5es, Tiba ocupa posi\u00e7\u00e3o estrat\u00e9gica em uma fac\u00e7\u00e3o criminosa com atua\u00e7\u00e3o em Eun\u00e1polis e em cidades do extremo sul da Bahia. Os investigadores o descrevem como l\u00edder log\u00edstico do grupo, respons\u00e1vel por coordenar envio de drogas, armas e outros materiais il\u00edcitos, al\u00e9m de organizar rotas, distribui\u00e7\u00e3o e pagamentos aos integrantes. A pris\u00e3o ocorreu ap\u00f3s uma opera\u00e7\u00e3o integrada que envolveu o Minist\u00e9rio P\u00fablico da Bahia, a Secretaria da Seguran\u00e7a P\u00fablica e as Pol\u00edcias Civis da Bahia e do Rio de Janeiro, al\u00e9m da Pol\u00edcia Militar fluminense. A a\u00e7\u00e3o permitiu mapear a estrutura da organiza\u00e7\u00e3o criminosa e reunir provas que ligam o suspeito diretamente \u00e0 fuga registrada em dezembro de 2024. Conforme apura\u00e7\u00e3o, al\u00e9m de participar do planejamento da evas\u00e3o dos presos, Tiba tamb\u00e9m teria envolvimento no atentado contra o ex-diretor do pres\u00eddio. O ataque aconteceu ap\u00f3s a fuga e aumentou a press\u00e3o das for\u00e7as de seguran\u00e7a para identificar os respons\u00e1veis pelo epis\u00f3dio. A fuga em massa ocorreu na noite de 12 de dezembro de 2024, quando 16 detentos escaparam do Conjunto Penal de Eun\u00e1polis ap\u00f3s a invas\u00e3o de homens armados. Houve intensa troca de tiros com a equipe de seguran\u00e7a, um c\u00e3o de guarda morreu e um fuzil calibre 5.56, al\u00e9m de muni\u00e7\u00f5es, foi abandonado no local. Mais de um ano ap\u00f3s o crime, apenas um dos foragidos foi recapturado. Outros dois morreram em confrontos com a pol\u00edcia, enquanto 13 continuam sendo procurados. As investiga\u00e7\u00f5es seguem para identificar novos envolvidos e localizar os presos que permanecem foragidos.","og_url":"https:\/\/sudoesteacontece.com.br\/?p=6349","og_site_name":"Sudoesteacontece","article_publisher":"https:\/\/www.facebook.com\/sudoesteacontece\/?locale=pt_BR","article_published_time":"2026-01-19T12:58:10+00:00","article_modified_time":"2026-01-19T12:58:16+00:00","og_image":[{"width":900,"height":600,"url":"https:\/\/sudoesteacontece.com.br\/wp-content\/uploads\/2026\/01\/Preso-no-RJ-suspeito-de-articular-fuga-em-massa-e-atentado-a-diretor-de-presidio-em-Eunapolis-sudoeste-acontece.jpg","type":"image\/jpeg"}],"author":"Reda\u00e7\u00e3o","twitter_card":"summary_large_image","twitter_misc":{"Escrito por":"Reda\u00e7\u00e3o","Est. tempo de leitura":"3 minutos"},"schema":{"@context":"https:\/\/schema.org","@graph":[{"@type":"Article","@id":"https:\/\/sudoesteacontece.com.br\/?p=6349#article","isPartOf":{"@id":"https:\/\/sudoesteacontece.com.br\/?p=6349"},"author":{"name":"Reda\u00e7\u00e3o","@id":"https:\/\/sudoesteacontece.com.br\/#\/schema\/person\/a4f22429c1d0923ef8f7d43343f8dc38"},"headline":"Preso no RJ suspeito de articular fuga em massa e atentado a diretor de pres\u00eddio em Eun\u00e1polis","datePublished":"2026-01-19T12:58:10+00:00","dateModified":"2026-01-19T12:58:16+00:00","mainEntityOfPage":{"@id":"https:\/\/sudoesteacontece.com.br\/?p=6349"},"wordCount":361,"commentCount":0,"publisher":{"@id":"https:\/\/sudoesteacontece.com.br\/#organization"},"image":{"@id":"https:\/\/sudoesteacontece.com.br\/?p=6349#primaryimage"},"thumbnailUrl":"https:\/\/sudoesteacontece.com.br\/wp-content\/uploads\/2026\/01\/Preso-no-RJ-suspeito-de-articular-fuga-em-massa-e-atentado-a-diretor-de-presidio-em-Eunapolis-sudoeste-acontece.jpg","articleSection":["Bahia","Brasil","Pol\u00edcia"],"inLanguage":"pt-BR","potentialAction":[{"@type":"CommentAction","name":"Comment","target":["https:\/\/sudoesteacontece.com.br\/?p=6349#respond"]}]},{"@type":"WebPage","@id":"https:\/\/sudoesteacontece.com.br\/?p=6349","url":"https:\/\/sudoesteacontece.com.br\/?p=6349","name":"Preso no RJ suspeito de articular fuga em massa e atentado a diretor de pres\u00eddio em Eun\u00e1polis - Sudoesteacontece","isPartOf":{"@id":"https:\/\/sudoesteacontece.com.br\/#website"},"primaryImageOfPage":{"@id":"https:\/\/sudoesteacontece.com.br\/?p=6349#primaryimage"},"image":{"@id":"https:\/\/sudoesteacontece.com.br\/?p=6349#primaryimage"},"thumbnailUrl":"https:\/\/sudoesteacontece.com.br\/wp-content\/uploads\/2026\/01\/Preso-no-RJ-suspeito-de-articular-fuga-em-massa-e-atentado-a-diretor-de-presidio-em-Eunapolis-sudoeste-acontece.jpg","datePublished":"2026-01-19T12:58:10+00:00","dateModified":"2026-01-19T12:58:16+00:00","breadcrumb":{"@id":"https:\/\/sudoesteacontece.com.br\/?p=6349#breadcrumb"},"inLanguage":"pt-BR","potentialAction":[{"@type":"ReadAction","target":["https:\/\/sudoesteacontece.com.br\/?p=6349"]}]},{"@type":"ImageObject","inLanguage":"pt-BR","@id":"https:\/\/sudoesteacontece.com.br\/?p=6349#primaryimage","url":"https:\/\/sudoesteacontece.com.br\/wp-content\/uploads\/2026\/01\/Preso-no-RJ-suspeito-de-articular-fuga-em-massa-e-atentado-a-diretor-de-presidio-em-Eunapolis-sudoeste-acontece.jpg","contentUrl":"https:\/\/sudoesteacontece.com.br\/wp-content\/uploads\/2026\/01\/Preso-no-RJ-suspeito-de-articular-fuga-em-massa-e-atentado-a-diretor-de-presidio-em-Eunapolis-sudoeste-acontece.jpg","width":900,"height":600},{"@type":"BreadcrumbList","@id":"https:\/\/sudoesteacontece.com.br\/?p=6349#breadcrumb","itemListElement":[{"@type":"ListItem","position":1,"name":"In\u00edcio","item":"https:\/\/sudoesteacontece.com.br\/"},{"@type":"ListItem","position":2,"name":"Preso no RJ suspeito de articular fuga em massa e atentado a diretor de pres\u00eddio em Eun\u00e1polis"}]},{"@type":"WebSite","@id":"https:\/\/sudoesteacontece.com.br\/#website","url":"https:\/\/sudoesteacontece.com.br\/","name":"Sudoesteacontece","description":"","publisher":{"@id":"https:\/\/sudoesteacontece.com.br\/#organization"},"potentialAction":[{"@type":"SearchAction","target":{"@type":"EntryPoint","urlTemplate":"https:\/\/sudoesteacontece.com.br\/?s={search_term_string}"},"query-input":{"@type":"PropertyValueSpecification","valueRequired":true,"valueName":"search_term_string"}}],"inLanguage":"pt-BR"},{"@type":"Organization","@id":"https:\/\/sudoesteacontece.com.br\/#organization","name":"Sudoesteacontece","url":"https:\/\/sudoesteacontece.com.br\/","logo":{"@type":"ImageObject","inLanguage":"pt-BR","@id":"https:\/\/sudoesteacontece.com.br\/#\/schema\/logo\/image\/","url":"https:\/\/sudoesteacontece.com.br\/wp-content\/uploads\/2025\/12\/cropped-logo-2-180x180-1.png","contentUrl":"https:\/\/sudoesteacontece.com.br\/wp-content\/uploads\/2025\/12\/cropped-logo-2-180x180-1.png","width":180,"height":180,"caption":"Sudoesteacontece"},"image":{"@id":"https:\/\/sudoesteacontece.com.br\/#\/schema\/logo\/image\/"},"sameAs":["https:\/\/www.facebook.com\/sudoesteacontece\/?locale=pt_BR"]},{"@type":"Person","@id":"https:\/\/sudoesteacontece.com.br\/#\/schema\/person\/a4f22429c1d0923ef8f7d43343f8dc38","name":"Reda\u00e7\u00e3o","image":{"@type":"ImageObject","inLanguage":"pt-BR","@id":"https:\/\/sudoesteacontece.com.br\/#\/schema\/person\/image\/","url":"https:\/\/secure.gravatar.com\/avatar\/c3a5b3c93f268a709c25a2df414c629a96fb3b1b4bf97a94fb3f72e54ae76903?s=96&d=mm&r=g","contentUrl":"https:\/\/secure.gravatar.com\/avatar\/c3a5b3c93f268a709c25a2df414c629a96fb3b1b4bf97a94fb3f72e54ae76903?s=96&d=mm&r=g","caption":"Reda\u00e7\u00e3o"},"url":"https:\/\/sudoesteacontece.com.br\/?author=4"}]}},"_links":{"self":[{"href":"https:\/\/sudoesteacontece.com.br\/index.php?rest_route=\/wp\/v2\/posts\/6349","targetHints":{"allow":["GET"]}}],"collection":[{"href":"https:\/\/sudoesteacontece.com.br\/index.php?rest_route=\/wp\/v2\/posts"}],"about":[{"href":"https:\/\/sudoesteacontece.com.br\/index.php?rest_route=\/wp\/v2\/types\/post"}],"author":[{"embeddable":true,"href":"https:\/\/sudoesteacontece.com.br\/index.php?rest_route=\/wp\/v2\/users\/4"}],"replies":[{"embeddable":true,"href":"https:\/\/sudoesteacontece.com.br\/index.php?rest_route=%2Fwp%2Fv2%2Fcomments&post=6349"}],"version-history":[{"count":0,"href":"https:\/\/sudoesteacontece.com.br\/index.php?rest_route=\/wp\/v2\/posts\/6349\/revisions"}],"wp:featuredmedia":[{"embeddable":true,"href":"https:\/\/sudoesteacontece.com.br\/index.php?rest_route=\/wp\/v2\/media\/6370"}],"wp:attachment":[{"href":"https:\/\/sudoesteacontece.com.br\/index.php?rest_route=%2Fwp%2Fv2%2Fmedia&parent=6349"}],"wp:term":[{"taxonomy":"category","embeddable":true,"href":"https:\/\/sudoesteacontece.com.br\/index.php?rest_route=%2Fwp%2Fv2%2Fcategories&post=6349"},{"taxonomy":"post_tag","embeddable":true,"href":"https:\/\/sudoesteacontece.com.br\/index.php?rest_route=%2Fwp%2Fv2%2Ftags&post=6349"}],"curies":[{"name":"wp","href":"https:\/\/api.w.org\/{rel}","templated":true}]}}