{"id":6351,"date":"2026-01-19T10:03:50","date_gmt":"2026-01-19T13:03:50","guid":{"rendered":"https:\/\/sudoesteacontece.com.br\/?p=6351"},"modified":"2026-01-19T10:03:57","modified_gmt":"2026-01-19T13:03:57","slug":"grave-acidente-destroi-carro-e-mobiliza-resgate-no-anel-rodoviario-de-vitoria-da-conquista","status":"publish","type":"post","link":"https:\/\/sudoesteacontece.com.br\/?p=6351","title":{"rendered":"Grave acidente destr\u00f3i carro e mobiliza resgate no anel rodovi\u00e1rio de Vit\u00f3ria da Conquista"},"content":{"rendered":"<div class=\"wp-block-image\">\n<figure class=\"aligncenter size-full\"><img fetchpriority=\"high\" decoding=\"async\" width=\"900\" height=\"600\" src=\"http:\/\/sudoesteacontece.com.br\/wp-content\/uploads\/2026\/01\/Grave-acidente-destroi-carro-e-mobiliza-resgate-no-anel-rodoviario-de-Vitoria-da-Conquista-sudoeste-acontece.jpg\" alt=\"\" class=\"wp-image-6374\" srcset=\"https:\/\/sudoesteacontece.com.br\/wp-content\/uploads\/2026\/01\/Grave-acidente-destroi-carro-e-mobiliza-resgate-no-anel-rodoviario-de-Vitoria-da-Conquista-sudoeste-acontece.jpg 900w, https:\/\/sudoesteacontece.com.br\/wp-content\/uploads\/2026\/01\/Grave-acidente-destroi-carro-e-mobiliza-resgate-no-anel-rodoviario-de-Vitoria-da-Conquista-sudoeste-acontece-300x200.jpg 300w, https:\/\/sudoesteacontece.com.br\/wp-content\/uploads\/2026\/01\/Grave-acidente-destroi-carro-e-mobiliza-resgate-no-anel-rodoviario-de-Vitoria-da-Conquista-sudoeste-acontece-768x512.jpg 768w\" sizes=\"(max-width: 900px) 100vw, 900px\" \/><\/figure>\n<\/div>\n\n\n<p>Um grave acidente de tr\u00e2nsito foi registrado na tarde deste domingo (18) no anel rodovi\u00e1rio de Vit\u00f3ria da Conquista. A colis\u00e3o ocorreu em um trecho pr\u00f3ximo ao acesso ao munic\u00edpio de Barra do Cho\u00e7a e deixou um carro de passeio completamente destru\u00eddo, o que chamou a aten\u00e7\u00e3o de quem passava pelo local.<\/p>\n\n\n\n<p>Segundo relatos, o impacto causou danos severos ao ve\u00edculo, indicando a gravidade da ocorr\u00eancia. A cena mobilizou motoristas e pedestres que transitavam pela rodovia no momento do acidente, aumentando a tens\u00e3o na \u00e1rea. Rapidamente, equipes do SAMU foram acionadas e prestaram atendimento \u00e0s v\u00edtimas ainda no local.<\/p>\n\n\n\n<p> At\u00e9 a \u00faltima atualiza\u00e7\u00e3o, o estado de sa\u00fade dos envolvidos n\u00e3o havia sido divulgado pelas autoridades de sa\u00fade. Al\u00e9m do socorro, a Pol\u00edcia Rodovi\u00e1ria Federal se deslocou at\u00e9 o trecho para controlar o tr\u00e1fego e iniciar os procedimentos de apura\u00e7\u00e3o das causas do acidente. <\/p>\n","protected":false},"excerpt":{"rendered":"<p>Um grave acidente de tr\u00e2nsito foi registrado na tarde deste domingo (18) no anel rodovi\u00e1rio de Vit\u00f3ria da Conquista. A colis\u00e3o ocorreu em um trecho pr\u00f3ximo ao acesso ao munic\u00edpio de Barra do Cho\u00e7a e deixou um carro de passeio completamente destru\u00eddo, o que chamou a aten\u00e7\u00e3o de quem passava pelo local. Segundo relatos, o impacto causou danos severos ao ve\u00edculo, indicando a gravidade da ocorr\u00eancia. A cena mobilizou motoristas e pedestres que transitavam pela rodovia no momento do acidente, aumentando a tens\u00e3o na \u00e1rea. Rapidamente, equipes do SAMU foram acionadas e prestaram atendimento \u00e0s v\u00edtimas ainda no local. At\u00e9 a \u00faltima atualiza\u00e7\u00e3o, o estado de sa\u00fade dos envolvidos n\u00e3o havia sido divulgado pelas autoridades de sa\u00fade. Al\u00e9m do socorro, a Pol\u00edcia Rodovi\u00e1ria Federal se deslocou at\u00e9 o trecho para controlar o tr\u00e1fego e iniciar os procedimentos de apura\u00e7\u00e3o das causas do acidente.<\/p>\n","protected":false},"author":4,"featured_media":6374,"comment_status":"open","ping_status":"open","sticky":false,"template":"","format":"standard","meta":{"footnotes":""},"categories":[5],"tags":[],"class_list":["post-6351","post","type-post","status-publish","format-standard","has-post-thumbnail","hentry","category-acidente"],"yoast_head":"<!-- This site is optimized with the Yoast SEO plugin v26.5 - https:\/\/yoast.com\/wordpress\/plugins\/seo\/ -->\n<title>Grave acidente destr\u00f3i carro e mobiliza resgate no anel rodovi\u00e1rio de Vit\u00f3ria da Conquista - Sudoesteacontece<\/title>\n<meta name=\"robots\" content=\"index, follow, max-snippet:-1, max-image-preview:large, max-video-preview:-1\" \/>\n<link rel=\"canonical\" href=\"https:\/\/sudoesteacontece.com.br\/?p=6351\" \/>\n<meta property=\"og:locale\" content=\"pt_BR\" \/>\n<meta property=\"og:type\" content=\"article\" \/>\n<meta property=\"og:title\" content=\"Grave acidente destr\u00f3i carro e mobiliza resgate no anel rodovi\u00e1rio de Vit\u00f3ria da Conquista - Sudoesteacontece\" \/>\n<meta property=\"og:description\" content=\"Um grave acidente de tr\u00e2nsito foi registrado na tarde deste domingo (18) no anel rodovi\u00e1rio de Vit\u00f3ria da Conquista. A colis\u00e3o ocorreu em um trecho pr\u00f3ximo ao acesso ao munic\u00edpio de Barra do Cho\u00e7a e deixou um carro de passeio completamente destru\u00eddo, o que chamou a aten\u00e7\u00e3o de quem passava pelo local. Segundo relatos, o impacto causou danos severos ao ve\u00edculo, indicando a gravidade da ocorr\u00eancia. A cena mobilizou motoristas e pedestres que transitavam pela rodovia no momento do acidente, aumentando a tens\u00e3o na \u00e1rea. Rapidamente, equipes do SAMU foram acionadas e prestaram atendimento \u00e0s v\u00edtimas ainda no local. At\u00e9 a \u00faltima atualiza\u00e7\u00e3o, o estado de sa\u00fade dos envolvidos n\u00e3o havia sido divulgado pelas autoridades de sa\u00fade. Al\u00e9m do socorro, a Pol\u00edcia Rodovi\u00e1ria Federal se deslocou at\u00e9 o trecho para controlar o tr\u00e1fego e iniciar os procedimentos de apura\u00e7\u00e3o das causas do acidente.\" \/>\n<meta property=\"og:url\" content=\"https:\/\/sudoesteacontece.com.br\/?p=6351\" \/>\n<meta property=\"og:site_name\" content=\"Sudoesteacontece\" \/>\n<meta property=\"article:publisher\" content=\"https:\/\/www.facebook.com\/sudoesteacontece\/?locale=pt_BR\" \/>\n<meta property=\"article:published_time\" content=\"2026-01-19T13:03:50+00:00\" \/>\n<meta property=\"article:modified_time\" content=\"2026-01-19T13:03:57+00:00\" \/>\n<meta property=\"og:image\" content=\"https:\/\/sudoesteacontece.com.br\/wp-content\/uploads\/2026\/01\/Grave-acidente-destroi-carro-e-mobiliza-resgate-no-anel-rodoviario-de-Vitoria-da-Conquista-sudoeste-acontece.jpg\" \/>\n\t<meta property=\"og:image:width\" content=\"900\" \/>\n\t<meta property=\"og:image:height\" content=\"600\" \/>\n\t<meta property=\"og:image:type\" content=\"image\/jpeg\" \/>\n<meta name=\"author\" content=\"Reda\u00e7\u00e3o\" \/>\n<meta name=\"twitter:card\" content=\"summary_large_image\" \/>\n<meta name=\"twitter:label1\" content=\"Escrito por\" \/>\n\t<meta name=\"twitter:data1\" content=\"Reda\u00e7\u00e3o\" \/>\n\t<meta name=\"twitter:label2\" content=\"Est. tempo de leitura\" \/>\n\t<meta name=\"twitter:data2\" content=\"2 minutos\" \/>\n<script type=\"application\/ld+json\" class=\"yoast-schema-graph\">{\"@context\":\"https:\/\/schema.org\",\"@graph\":[{\"@type\":\"Article\",\"@id\":\"https:\/\/sudoesteacontece.com.br\/?p=6351#article\",\"isPartOf\":{\"@id\":\"https:\/\/sudoesteacontece.com.br\/?p=6351\"},\"author\":{\"name\":\"Reda\u00e7\u00e3o\",\"@id\":\"https:\/\/sudoesteacontece.com.br\/#\/schema\/person\/a4f22429c1d0923ef8f7d43343f8dc38\"},\"headline\":\"Grave acidente destr\u00f3i carro e mobiliza resgate no anel rodovi\u00e1rio de Vit\u00f3ria da Conquista\",\"datePublished\":\"2026-01-19T13:03:50+00:00\",\"dateModified\":\"2026-01-19T13:03:57+00:00\",\"mainEntityOfPage\":{\"@id\":\"https:\/\/sudoesteacontece.com.br\/?p=6351\"},\"wordCount\":181,\"commentCount\":0,\"publisher\":{\"@id\":\"https:\/\/sudoesteacontece.com.br\/#organization\"},\"image\":{\"@id\":\"https:\/\/sudoesteacontece.com.br\/?p=6351#primaryimage\"},\"thumbnailUrl\":\"https:\/\/sudoesteacontece.com.br\/wp-content\/uploads\/2026\/01\/Grave-acidente-destroi-carro-e-mobiliza-resgate-no-anel-rodoviario-de-Vitoria-da-Conquista-sudoeste-acontece.jpg\",\"articleSection\":[\"Acidente\"],\"inLanguage\":\"pt-BR\",\"potentialAction\":[{\"@type\":\"CommentAction\",\"name\":\"Comment\",\"target\":[\"https:\/\/sudoesteacontece.com.br\/?p=6351#respond\"]}]},{\"@type\":\"WebPage\",\"@id\":\"https:\/\/sudoesteacontece.com.br\/?p=6351\",\"url\":\"https:\/\/sudoesteacontece.com.br\/?p=6351\",\"name\":\"Grave acidente destr\u00f3i carro e mobiliza resgate no anel rodovi\u00e1rio de Vit\u00f3ria da Conquista - Sudoesteacontece\",\"isPartOf\":{\"@id\":\"https:\/\/sudoesteacontece.com.br\/#website\"},\"primaryImageOfPage\":{\"@id\":\"https:\/\/sudoesteacontece.com.br\/?p=6351#primaryimage\"},\"image\":{\"@id\":\"https:\/\/sudoesteacontece.com.br\/?p=6351#primaryimage\"},\"thumbnailUrl\":\"https:\/\/sudoesteacontece.com.br\/wp-content\/uploads\/2026\/01\/Grave-acidente-destroi-carro-e-mobiliza-resgate-no-anel-rodoviario-de-Vitoria-da-Conquista-sudoeste-acontece.jpg\",\"datePublished\":\"2026-01-19T13:03:50+00:00\",\"dateModified\":\"2026-01-19T13:03:57+00:00\",\"breadcrumb\":{\"@id\":\"https:\/\/sudoesteacontece.com.br\/?p=6351#breadcrumb\"},\"inLanguage\":\"pt-BR\",\"potentialAction\":[{\"@type\":\"ReadAction\",\"target\":[\"https:\/\/sudoesteacontece.com.br\/?p=6351\"]}]},{\"@type\":\"ImageObject\",\"inLanguage\":\"pt-BR\",\"@id\":\"https:\/\/sudoesteacontece.com.br\/?p=6351#primaryimage\",\"url\":\"https:\/\/sudoesteacontece.com.br\/wp-content\/uploads\/2026\/01\/Grave-acidente-destroi-carro-e-mobiliza-resgate-no-anel-rodoviario-de-Vitoria-da-Conquista-sudoeste-acontece.jpg\",\"contentUrl\":\"https:\/\/sudoesteacontece.com.br\/wp-content\/uploads\/2026\/01\/Grave-acidente-destroi-carro-e-mobiliza-resgate-no-anel-rodoviario-de-Vitoria-da-Conquista-sudoeste-acontece.jpg\",\"width\":900,\"height\":600},{\"@type\":\"BreadcrumbList\",\"@id\":\"https:\/\/sudoesteacontece.com.br\/?p=6351#breadcrumb\",\"itemListElement\":[{\"@type\":\"ListItem\",\"position\":1,\"name\":\"In\u00edcio\",\"item\":\"https:\/\/sudoesteacontece.com.br\/\"},{\"@type\":\"ListItem\",\"position\":2,\"name\":\"Grave acidente destr\u00f3i carro e mobiliza resgate no anel rodovi\u00e1rio de Vit\u00f3ria da Conquista\"}]},{\"@type\":\"WebSite\",\"@id\":\"https:\/\/sudoesteacontece.com.br\/#website\",\"url\":\"https:\/\/sudoesteacontece.com.br\/\",\"name\":\"Sudoesteacontece\",\"description\":\"\",\"publisher\":{\"@id\":\"https:\/\/sudoesteacontece.com.br\/#organization\"},\"potentialAction\":[{\"@type\":\"SearchAction\",\"target\":{\"@type\":\"EntryPoint\",\"urlTemplate\":\"https:\/\/sudoesteacontece.com.br\/?s={search_term_string}\"},\"query-input\":{\"@type\":\"PropertyValueSpecification\",\"valueRequired\":true,\"valueName\":\"search_term_string\"}}],\"inLanguage\":\"pt-BR\"},{\"@type\":\"Organization\",\"@id\":\"https:\/\/sudoesteacontece.com.br\/#organization\",\"name\":\"Sudoesteacontece\",\"url\":\"https:\/\/sudoesteacontece.com.br\/\",\"logo\":{\"@type\":\"ImageObject\",\"inLanguage\":\"pt-BR\",\"@id\":\"https:\/\/sudoesteacontece.com.br\/#\/schema\/logo\/image\/\",\"url\":\"https:\/\/sudoesteacontece.com.br\/wp-content\/uploads\/2025\/12\/cropped-logo-2-180x180-1.png\",\"contentUrl\":\"https:\/\/sudoesteacontece.com.br\/wp-content\/uploads\/2025\/12\/cropped-logo-2-180x180-1.png\",\"width\":180,\"height\":180,\"caption\":\"Sudoesteacontece\"},\"image\":{\"@id\":\"https:\/\/sudoesteacontece.com.br\/#\/schema\/logo\/image\/\"},\"sameAs\":[\"https:\/\/www.facebook.com\/sudoesteacontece\/?locale=pt_BR\"]},{\"@type\":\"Person\",\"@id\":\"https:\/\/sudoesteacontece.com.br\/#\/schema\/person\/a4f22429c1d0923ef8f7d43343f8dc38\",\"name\":\"Reda\u00e7\u00e3o\",\"image\":{\"@type\":\"ImageObject\",\"inLanguage\":\"pt-BR\",\"@id\":\"https:\/\/sudoesteacontece.com.br\/#\/schema\/person\/image\/\",\"url\":\"https:\/\/secure.gravatar.com\/avatar\/c3a5b3c93f268a709c25a2df414c629a96fb3b1b4bf97a94fb3f72e54ae76903?s=96&d=mm&r=g\",\"contentUrl\":\"https:\/\/secure.gravatar.com\/avatar\/c3a5b3c93f268a709c25a2df414c629a96fb3b1b4bf97a94fb3f72e54ae76903?s=96&d=mm&r=g\",\"caption\":\"Reda\u00e7\u00e3o\"},\"url\":\"https:\/\/sudoesteacontece.com.br\/?author=4\"}]}<\/script>\n<!-- \/ Yoast SEO plugin. -->","yoast_head_json":{"title":"Grave acidente destr\u00f3i carro e mobiliza resgate no anel rodovi\u00e1rio de Vit\u00f3ria da Conquista - Sudoesteacontece","robots":{"index":"index","follow":"follow","max-snippet":"max-snippet:-1","max-image-preview":"max-image-preview:large","max-video-preview":"max-video-preview:-1"},"canonical":"https:\/\/sudoesteacontece.com.br\/?p=6351","og_locale":"pt_BR","og_type":"article","og_title":"Grave acidente destr\u00f3i carro e mobiliza resgate no anel rodovi\u00e1rio de Vit\u00f3ria da Conquista - Sudoesteacontece","og_description":"Um grave acidente de tr\u00e2nsito foi registrado na tarde deste domingo (18) no anel rodovi\u00e1rio de Vit\u00f3ria da Conquista. A colis\u00e3o ocorreu em um trecho pr\u00f3ximo ao acesso ao munic\u00edpio de Barra do Cho\u00e7a e deixou um carro de passeio completamente destru\u00eddo, o que chamou a aten\u00e7\u00e3o de quem passava pelo local. Segundo relatos, o impacto causou danos severos ao ve\u00edculo, indicando a gravidade da ocorr\u00eancia. A cena mobilizou motoristas e pedestres que transitavam pela rodovia no momento do acidente, aumentando a tens\u00e3o na \u00e1rea. Rapidamente, equipes do SAMU foram acionadas e prestaram atendimento \u00e0s v\u00edtimas ainda no local. At\u00e9 a \u00faltima atualiza\u00e7\u00e3o, o estado de sa\u00fade dos envolvidos n\u00e3o havia sido divulgado pelas autoridades de sa\u00fade. Al\u00e9m do socorro, a Pol\u00edcia Rodovi\u00e1ria Federal se deslocou at\u00e9 o trecho para controlar o tr\u00e1fego e iniciar os procedimentos de apura\u00e7\u00e3o das causas do acidente.","og_url":"https:\/\/sudoesteacontece.com.br\/?p=6351","og_site_name":"Sudoesteacontece","article_publisher":"https:\/\/www.facebook.com\/sudoesteacontece\/?locale=pt_BR","article_published_time":"2026-01-19T13:03:50+00:00","article_modified_time":"2026-01-19T13:03:57+00:00","og_image":[{"width":900,"height":600,"url":"https:\/\/sudoesteacontece.com.br\/wp-content\/uploads\/2026\/01\/Grave-acidente-destroi-carro-e-mobiliza-resgate-no-anel-rodoviario-de-Vitoria-da-Conquista-sudoeste-acontece.jpg","type":"image\/jpeg"}],"author":"Reda\u00e7\u00e3o","twitter_card":"summary_large_image","twitter_misc":{"Escrito por":"Reda\u00e7\u00e3o","Est. tempo de leitura":"2 minutos"},"schema":{"@context":"https:\/\/schema.org","@graph":[{"@type":"Article","@id":"https:\/\/sudoesteacontece.com.br\/?p=6351#article","isPartOf":{"@id":"https:\/\/sudoesteacontece.com.br\/?p=6351"},"author":{"name":"Reda\u00e7\u00e3o","@id":"https:\/\/sudoesteacontece.com.br\/#\/schema\/person\/a4f22429c1d0923ef8f7d43343f8dc38"},"headline":"Grave acidente destr\u00f3i carro e mobiliza resgate no anel rodovi\u00e1rio de Vit\u00f3ria da Conquista","datePublished":"2026-01-19T13:03:50+00:00","dateModified":"2026-01-19T13:03:57+00:00","mainEntityOfPage":{"@id":"https:\/\/sudoesteacontece.com.br\/?p=6351"},"wordCount":181,"commentCount":0,"publisher":{"@id":"https:\/\/sudoesteacontece.com.br\/#organization"},"image":{"@id":"https:\/\/sudoesteacontece.com.br\/?p=6351#primaryimage"},"thumbnailUrl":"https:\/\/sudoesteacontece.com.br\/wp-content\/uploads\/2026\/01\/Grave-acidente-destroi-carro-e-mobiliza-resgate-no-anel-rodoviario-de-Vitoria-da-Conquista-sudoeste-acontece.jpg","articleSection":["Acidente"],"inLanguage":"pt-BR","potentialAction":[{"@type":"CommentAction","name":"Comment","target":["https:\/\/sudoesteacontece.com.br\/?p=6351#respond"]}]},{"@type":"WebPage","@id":"https:\/\/sudoesteacontece.com.br\/?p=6351","url":"https:\/\/sudoesteacontece.com.br\/?p=6351","name":"Grave acidente destr\u00f3i carro e mobiliza resgate no anel rodovi\u00e1rio de Vit\u00f3ria da Conquista - Sudoesteacontece","isPartOf":{"@id":"https:\/\/sudoesteacontece.com.br\/#website"},"primaryImageOfPage":{"@id":"https:\/\/sudoesteacontece.com.br\/?p=6351#primaryimage"},"image":{"@id":"https:\/\/sudoesteacontece.com.br\/?p=6351#primaryimage"},"thumbnailUrl":"https:\/\/sudoesteacontece.com.br\/wp-content\/uploads\/2026\/01\/Grave-acidente-destroi-carro-e-mobiliza-resgate-no-anel-rodoviario-de-Vitoria-da-Conquista-sudoeste-acontece.jpg","datePublished":"2026-01-19T13:03:50+00:00","dateModified":"2026-01-19T13:03:57+00:00","breadcrumb":{"@id":"https:\/\/sudoesteacontece.com.br\/?p=6351#breadcrumb"},"inLanguage":"pt-BR","potentialAction":[{"@type":"ReadAction","target":["https:\/\/sudoesteacontece.com.br\/?p=6351"]}]},{"@type":"ImageObject","inLanguage":"pt-BR","@id":"https:\/\/sudoesteacontece.com.br\/?p=6351#primaryimage","url":"https:\/\/sudoesteacontece.com.br\/wp-content\/uploads\/2026\/01\/Grave-acidente-destroi-carro-e-mobiliza-resgate-no-anel-rodoviario-de-Vitoria-da-Conquista-sudoeste-acontece.jpg","contentUrl":"https:\/\/sudoesteacontece.com.br\/wp-content\/uploads\/2026\/01\/Grave-acidente-destroi-carro-e-mobiliza-resgate-no-anel-rodoviario-de-Vitoria-da-Conquista-sudoeste-acontece.jpg","width":900,"height":600},{"@type":"BreadcrumbList","@id":"https:\/\/sudoesteacontece.com.br\/?p=6351#breadcrumb","itemListElement":[{"@type":"ListItem","position":1,"name":"In\u00edcio","item":"https:\/\/sudoesteacontece.com.br\/"},{"@type":"ListItem","position":2,"name":"Grave acidente destr\u00f3i carro e mobiliza resgate no anel rodovi\u00e1rio de Vit\u00f3ria da Conquista"}]},{"@type":"WebSite","@id":"https:\/\/sudoesteacontece.com.br\/#website","url":"https:\/\/sudoesteacontece.com.br\/","name":"Sudoesteacontece","description":"","publisher":{"@id":"https:\/\/sudoesteacontece.com.br\/#organization"},"potentialAction":[{"@type":"SearchAction","target":{"@type":"EntryPoint","urlTemplate":"https:\/\/sudoesteacontece.com.br\/?s={search_term_string}"},"query-input":{"@type":"PropertyValueSpecification","valueRequired":true,"valueName":"search_term_string"}}],"inLanguage":"pt-BR"},{"@type":"Organization","@id":"https:\/\/sudoesteacontece.com.br\/#organization","name":"Sudoesteacontece","url":"https:\/\/sudoesteacontece.com.br\/","logo":{"@type":"ImageObject","inLanguage":"pt-BR","@id":"https:\/\/sudoesteacontece.com.br\/#\/schema\/logo\/image\/","url":"https:\/\/sudoesteacontece.com.br\/wp-content\/uploads\/2025\/12\/cropped-logo-2-180x180-1.png","contentUrl":"https:\/\/sudoesteacontece.com.br\/wp-content\/uploads\/2025\/12\/cropped-logo-2-180x180-1.png","width":180,"height":180,"caption":"Sudoesteacontece"},"image":{"@id":"https:\/\/sudoesteacontece.com.br\/#\/schema\/logo\/image\/"},"sameAs":["https:\/\/www.facebook.com\/sudoesteacontece\/?locale=pt_BR"]},{"@type":"Person","@id":"https:\/\/sudoesteacontece.com.br\/#\/schema\/person\/a4f22429c1d0923ef8f7d43343f8dc38","name":"Reda\u00e7\u00e3o","image":{"@type":"ImageObject","inLanguage":"pt-BR","@id":"https:\/\/sudoesteacontece.com.br\/#\/schema\/person\/image\/","url":"https:\/\/secure.gravatar.com\/avatar\/c3a5b3c93f268a709c25a2df414c629a96fb3b1b4bf97a94fb3f72e54ae76903?s=96&d=mm&r=g","contentUrl":"https:\/\/secure.gravatar.com\/avatar\/c3a5b3c93f268a709c25a2df414c629a96fb3b1b4bf97a94fb3f72e54ae76903?s=96&d=mm&r=g","caption":"Reda\u00e7\u00e3o"},"url":"https:\/\/sudoesteacontece.com.br\/?author=4"}]}},"_links":{"self":[{"href":"https:\/\/sudoesteacontece.com.br\/index.php?rest_route=\/wp\/v2\/posts\/6351","targetHints":{"allow":["GET"]}}],"collection":[{"href":"https:\/\/sudoesteacontece.com.br\/index.php?rest_route=\/wp\/v2\/posts"}],"about":[{"href":"https:\/\/sudoesteacontece.com.br\/index.php?rest_route=\/wp\/v2\/types\/post"}],"author":[{"embeddable":true,"href":"https:\/\/sudoesteacontece.com.br\/index.php?rest_route=\/wp\/v2\/users\/4"}],"replies":[{"embeddable":true,"href":"https:\/\/sudoesteacontece.com.br\/index.php?rest_route=%2Fwp%2Fv2%2Fcomments&post=6351"}],"version-history":[{"count":0,"href":"https:\/\/sudoesteacontece.com.br\/index.php?rest_route=\/wp\/v2\/posts\/6351\/revisions"}],"wp:featuredmedia":[{"embeddable":true,"href":"https:\/\/sudoesteacontece.com.br\/index.php?rest_route=\/wp\/v2\/media\/6374"}],"wp:attachment":[{"href":"https:\/\/sudoesteacontece.com.br\/index.php?rest_route=%2Fwp%2Fv2%2Fmedia&parent=6351"}],"wp:term":[{"taxonomy":"category","embeddable":true,"href":"https:\/\/sudoesteacontece.com.br\/index.php?rest_route=%2Fwp%2Fv2%2Fcategories&post=6351"},{"taxonomy":"post_tag","embeddable":true,"href":"https:\/\/sudoesteacontece.com.br\/index.php?rest_route=%2Fwp%2Fv2%2Ftags&post=6351"}],"curies":[{"name":"wp","href":"https:\/\/api.w.org\/{rel}","templated":true}]}}