{"id":6354,"date":"2026-01-19T10:24:19","date_gmt":"2026-01-19T13:24:19","guid":{"rendered":"https:\/\/sudoesteacontece.com.br\/?p=6354"},"modified":"2026-01-19T10:24:24","modified_gmt":"2026-01-19T13:24:24","slug":"maior-programa-habitacional-da-historia-de-malhada-de-pedras-vai-atender-100-familias","status":"publish","type":"post","link":"https:\/\/sudoesteacontece.com.br\/?p=6354","title":{"rendered":"Maior programa habitacional da hist\u00f3ria de Malhada de Pedras vai atender 100 fam\u00edlias"},"content":{"rendered":"<div class=\"wp-block-image\">\n<figure class=\"aligncenter size-full\"><img fetchpriority=\"high\" decoding=\"async\" width=\"900\" height=\"600\" src=\"http:\/\/sudoesteacontece.com.br\/wp-content\/uploads\/2026\/01\/Maior-programa-habitacional-da-historia-de-Malhada-de-Pedras-vai-atender-100-familias.jpg\" alt=\"\" class=\"wp-image-6380\" srcset=\"https:\/\/sudoesteacontece.com.br\/wp-content\/uploads\/2026\/01\/Maior-programa-habitacional-da-historia-de-Malhada-de-Pedras-vai-atender-100-familias.jpg 900w, https:\/\/sudoesteacontece.com.br\/wp-content\/uploads\/2026\/01\/Maior-programa-habitacional-da-historia-de-Malhada-de-Pedras-vai-atender-100-familias-300x200.jpg 300w, https:\/\/sudoesteacontece.com.br\/wp-content\/uploads\/2026\/01\/Maior-programa-habitacional-da-historia-de-Malhada-de-Pedras-vai-atender-100-familias-768x512.jpg 768w\" sizes=\"(max-width: 900px) 100vw, 900px\" \/><\/figure>\n<\/div>\n\n\n<p>A Prefeitura de Malhada de Pedras deu in\u00edcio ao maior programa habitacional j\u00e1 realizado no munic\u00edpio. A a\u00e7\u00e3o, vinculada ao Minha Casa Minha Vida Rural, vai beneficiar diretamente 100 fam\u00edlias da zona rural, ampliando o acesso \u00e0 moradia digna e fortalecendo as pol\u00edticas sociais locais.<\/p>\n\n\n\n<p>Na \u00faltima ter\u00e7a-feira (14), a gest\u00e3o municipal promoveu uma reuni\u00e3o com os benefici\u00e1rios da etapa inicial do projeto. O encontro marcou oficialmente o come\u00e7o das obras e reuniu moradores contemplados, pedreiros, ajudantes e a equipe de infraestrutura respons\u00e1vel pela execu\u00e7\u00e3o dos servi\u00e7os.<\/p>\n\n\n\n<p>Durante a reuni\u00e3o, o prefeito Beto de Preto Neto (PSD) apresentou as diretrizes para a constru\u00e7\u00e3o das unidades habitacionais. As orienta\u00e7\u00f5es abordaram a organiza\u00e7\u00e3o dos trabalhos, os prazos e os crit\u00e9rios t\u00e9cnicos que ir\u00e3o nortear a execu\u00e7\u00e3o das obras nas comunidades atendidas.<\/p>\n\n\n\n<p>Ap\u00f3s as defini\u00e7\u00f5es, a Prefeitura iniciou os servi\u00e7os de constru\u00e7\u00e3o das casas. A primeira comunidade contemplada foi Bezerro Gordo e regi\u00f5es adjacentes, onde as equipes come\u00e7aram os trabalhos ainda nesta semana, dando forma ao projeto habitacional.<\/p>\n\n\n\n<p>Com a iniciativa, 100 fam\u00edlias da zona rural ser\u00e3o atendidas de forma direta. O programa representa um marco para Malhada de Pedras e refor\u00e7a o compromisso da gest\u00e3o municipal com a melhoria da qualidade de vida e a redu\u00e7\u00e3o do d\u00e9ficit habitacional no campo.<\/p>\n","protected":false},"excerpt":{"rendered":"<p>A Prefeitura de Malhada de Pedras deu in\u00edcio ao maior programa habitacional j\u00e1 realizado no munic\u00edpio. A a\u00e7\u00e3o, vinculada ao Minha Casa Minha Vida Rural, vai beneficiar diretamente 100 fam\u00edlias da zona rural, ampliando o acesso \u00e0 moradia digna e fortalecendo as pol\u00edticas sociais locais. Na \u00faltima ter\u00e7a-feira (14), a gest\u00e3o municipal promoveu uma reuni\u00e3o com os benefici\u00e1rios da etapa inicial do projeto. O encontro marcou oficialmente o come\u00e7o das obras e reuniu moradores contemplados, pedreiros, ajudantes e a equipe de infraestrutura respons\u00e1vel pela execu\u00e7\u00e3o dos servi\u00e7os. Durante a reuni\u00e3o, o prefeito Beto de Preto Neto (PSD) apresentou as diretrizes para a constru\u00e7\u00e3o das unidades habitacionais. As orienta\u00e7\u00f5es abordaram a organiza\u00e7\u00e3o dos trabalhos, os prazos e os crit\u00e9rios t\u00e9cnicos que ir\u00e3o nortear a execu\u00e7\u00e3o das obras nas comunidades atendidas. Ap\u00f3s as defini\u00e7\u00f5es, a Prefeitura iniciou os servi\u00e7os de constru\u00e7\u00e3o das casas. A primeira comunidade contemplada foi Bezerro Gordo e regi\u00f5es adjacentes, onde as equipes come\u00e7aram os trabalhos ainda nesta semana, dando forma ao projeto habitacional. Com a iniciativa, 100 fam\u00edlias da zona rural ser\u00e3o atendidas de forma direta. O programa representa um marco para Malhada de Pedras e refor\u00e7a o compromisso da gest\u00e3o municipal com a melhoria da qualidade de vida e a redu\u00e7\u00e3o do d\u00e9ficit habitacional no campo.<\/p>\n","protected":false},"author":4,"featured_media":6380,"comment_status":"open","ping_status":"open","sticky":false,"template":"","format":"standard","meta":{"footnotes":""},"categories":[4,60,6],"tags":[],"class_list":["post-6354","post","type-post","status-publish","format-standard","has-post-thumbnail","hentry","category-cidades","category-malhada-de-pedras","category-politica"],"yoast_head":"<!-- This site is optimized with the Yoast SEO plugin v26.5 - https:\/\/yoast.com\/wordpress\/plugins\/seo\/ -->\n<title>Maior programa habitacional da hist\u00f3ria de Malhada de Pedras vai atender 100 fam\u00edlias - Sudoesteacontece<\/title>\n<meta name=\"robots\" content=\"index, follow, max-snippet:-1, max-image-preview:large, max-video-preview:-1\" \/>\n<link rel=\"canonical\" href=\"https:\/\/sudoesteacontece.com.br\/?p=6354\" \/>\n<meta property=\"og:locale\" content=\"pt_BR\" \/>\n<meta property=\"og:type\" content=\"article\" \/>\n<meta property=\"og:title\" content=\"Maior programa habitacional da hist\u00f3ria de Malhada de Pedras vai atender 100 fam\u00edlias - Sudoesteacontece\" \/>\n<meta property=\"og:description\" content=\"A Prefeitura de Malhada de Pedras deu in\u00edcio ao maior programa habitacional j\u00e1 realizado no munic\u00edpio. A a\u00e7\u00e3o, vinculada ao Minha Casa Minha Vida Rural, vai beneficiar diretamente 100 fam\u00edlias da zona rural, ampliando o acesso \u00e0 moradia digna e fortalecendo as pol\u00edticas sociais locais. Na \u00faltima ter\u00e7a-feira (14), a gest\u00e3o municipal promoveu uma reuni\u00e3o com os benefici\u00e1rios da etapa inicial do projeto. O encontro marcou oficialmente o come\u00e7o das obras e reuniu moradores contemplados, pedreiros, ajudantes e a equipe de infraestrutura respons\u00e1vel pela execu\u00e7\u00e3o dos servi\u00e7os. Durante a reuni\u00e3o, o prefeito Beto de Preto Neto (PSD) apresentou as diretrizes para a constru\u00e7\u00e3o das unidades habitacionais. As orienta\u00e7\u00f5es abordaram a organiza\u00e7\u00e3o dos trabalhos, os prazos e os crit\u00e9rios t\u00e9cnicos que ir\u00e3o nortear a execu\u00e7\u00e3o das obras nas comunidades atendidas. Ap\u00f3s as defini\u00e7\u00f5es, a Prefeitura iniciou os servi\u00e7os de constru\u00e7\u00e3o das casas. A primeira comunidade contemplada foi Bezerro Gordo e regi\u00f5es adjacentes, onde as equipes come\u00e7aram os trabalhos ainda nesta semana, dando forma ao projeto habitacional. Com a iniciativa, 100 fam\u00edlias da zona rural ser\u00e3o atendidas de forma direta. O programa representa um marco para Malhada de Pedras e refor\u00e7a o compromisso da gest\u00e3o municipal com a melhoria da qualidade de vida e a redu\u00e7\u00e3o do d\u00e9ficit habitacional no campo.\" \/>\n<meta property=\"og:url\" content=\"https:\/\/sudoesteacontece.com.br\/?p=6354\" \/>\n<meta property=\"og:site_name\" content=\"Sudoesteacontece\" \/>\n<meta property=\"article:publisher\" content=\"https:\/\/www.facebook.com\/sudoesteacontece\/?locale=pt_BR\" \/>\n<meta property=\"article:published_time\" content=\"2026-01-19T13:24:19+00:00\" \/>\n<meta property=\"article:modified_time\" content=\"2026-01-19T13:24:24+00:00\" \/>\n<meta property=\"og:image\" content=\"https:\/\/sudoesteacontece.com.br\/wp-content\/uploads\/2026\/01\/Maior-programa-habitacional-da-historia-de-Malhada-de-Pedras-vai-atender-100-familias.jpg\" \/>\n\t<meta property=\"og:image:width\" content=\"900\" \/>\n\t<meta property=\"og:image:height\" content=\"600\" \/>\n\t<meta property=\"og:image:type\" content=\"image\/jpeg\" \/>\n<meta name=\"author\" content=\"Reda\u00e7\u00e3o\" \/>\n<meta name=\"twitter:card\" content=\"summary_large_image\" \/>\n<meta name=\"twitter:label1\" content=\"Escrito por\" \/>\n\t<meta name=\"twitter:data1\" content=\"Reda\u00e7\u00e3o\" \/>\n\t<meta name=\"twitter:label2\" content=\"Est. tempo de leitura\" \/>\n\t<meta name=\"twitter:data2\" content=\"2 minutos\" \/>\n<script type=\"application\/ld+json\" class=\"yoast-schema-graph\">{\"@context\":\"https:\/\/schema.org\",\"@graph\":[{\"@type\":\"Article\",\"@id\":\"https:\/\/sudoesteacontece.com.br\/?p=6354#article\",\"isPartOf\":{\"@id\":\"https:\/\/sudoesteacontece.com.br\/?p=6354\"},\"author\":{\"name\":\"Reda\u00e7\u00e3o\",\"@id\":\"https:\/\/sudoesteacontece.com.br\/#\/schema\/person\/a4f22429c1d0923ef8f7d43343f8dc38\"},\"headline\":\"Maior programa habitacional da hist\u00f3ria de Malhada de Pedras vai atender 100 fam\u00edlias\",\"datePublished\":\"2026-01-19T13:24:19+00:00\",\"dateModified\":\"2026-01-19T13:24:24+00:00\",\"mainEntityOfPage\":{\"@id\":\"https:\/\/sudoesteacontece.com.br\/?p=6354\"},\"wordCount\":252,\"commentCount\":0,\"publisher\":{\"@id\":\"https:\/\/sudoesteacontece.com.br\/#organization\"},\"image\":{\"@id\":\"https:\/\/sudoesteacontece.com.br\/?p=6354#primaryimage\"},\"thumbnailUrl\":\"https:\/\/sudoesteacontece.com.br\/wp-content\/uploads\/2026\/01\/Maior-programa-habitacional-da-historia-de-Malhada-de-Pedras-vai-atender-100-familias.jpg\",\"articleSection\":[\"Cidades\",\"Malhada de Pedras\",\"Pol\u00edtica\"],\"inLanguage\":\"pt-BR\",\"potentialAction\":[{\"@type\":\"CommentAction\",\"name\":\"Comment\",\"target\":[\"https:\/\/sudoesteacontece.com.br\/?p=6354#respond\"]}]},{\"@type\":\"WebPage\",\"@id\":\"https:\/\/sudoesteacontece.com.br\/?p=6354\",\"url\":\"https:\/\/sudoesteacontece.com.br\/?p=6354\",\"name\":\"Maior programa habitacional da hist\u00f3ria de Malhada de Pedras vai atender 100 fam\u00edlias - Sudoesteacontece\",\"isPartOf\":{\"@id\":\"https:\/\/sudoesteacontece.com.br\/#website\"},\"primaryImageOfPage\":{\"@id\":\"https:\/\/sudoesteacontece.com.br\/?p=6354#primaryimage\"},\"image\":{\"@id\":\"https:\/\/sudoesteacontece.com.br\/?p=6354#primaryimage\"},\"thumbnailUrl\":\"https:\/\/sudoesteacontece.com.br\/wp-content\/uploads\/2026\/01\/Maior-programa-habitacional-da-historia-de-Malhada-de-Pedras-vai-atender-100-familias.jpg\",\"datePublished\":\"2026-01-19T13:24:19+00:00\",\"dateModified\":\"2026-01-19T13:24:24+00:00\",\"breadcrumb\":{\"@id\":\"https:\/\/sudoesteacontece.com.br\/?p=6354#breadcrumb\"},\"inLanguage\":\"pt-BR\",\"potentialAction\":[{\"@type\":\"ReadAction\",\"target\":[\"https:\/\/sudoesteacontece.com.br\/?p=6354\"]}]},{\"@type\":\"ImageObject\",\"inLanguage\":\"pt-BR\",\"@id\":\"https:\/\/sudoesteacontece.com.br\/?p=6354#primaryimage\",\"url\":\"https:\/\/sudoesteacontece.com.br\/wp-content\/uploads\/2026\/01\/Maior-programa-habitacional-da-historia-de-Malhada-de-Pedras-vai-atender-100-familias.jpg\",\"contentUrl\":\"https:\/\/sudoesteacontece.com.br\/wp-content\/uploads\/2026\/01\/Maior-programa-habitacional-da-historia-de-Malhada-de-Pedras-vai-atender-100-familias.jpg\",\"width\":900,\"height\":600},{\"@type\":\"BreadcrumbList\",\"@id\":\"https:\/\/sudoesteacontece.com.br\/?p=6354#breadcrumb\",\"itemListElement\":[{\"@type\":\"ListItem\",\"position\":1,\"name\":\"In\u00edcio\",\"item\":\"https:\/\/sudoesteacontece.com.br\/\"},{\"@type\":\"ListItem\",\"position\":2,\"name\":\"Maior programa habitacional da hist\u00f3ria de Malhada de Pedras vai atender 100 fam\u00edlias\"}]},{\"@type\":\"WebSite\",\"@id\":\"https:\/\/sudoesteacontece.com.br\/#website\",\"url\":\"https:\/\/sudoesteacontece.com.br\/\",\"name\":\"Sudoesteacontece\",\"description\":\"\",\"publisher\":{\"@id\":\"https:\/\/sudoesteacontece.com.br\/#organization\"},\"potentialAction\":[{\"@type\":\"SearchAction\",\"target\":{\"@type\":\"EntryPoint\",\"urlTemplate\":\"https:\/\/sudoesteacontece.com.br\/?s={search_term_string}\"},\"query-input\":{\"@type\":\"PropertyValueSpecification\",\"valueRequired\":true,\"valueName\":\"search_term_string\"}}],\"inLanguage\":\"pt-BR\"},{\"@type\":\"Organization\",\"@id\":\"https:\/\/sudoesteacontece.com.br\/#organization\",\"name\":\"Sudoesteacontece\",\"url\":\"https:\/\/sudoesteacontece.com.br\/\",\"logo\":{\"@type\":\"ImageObject\",\"inLanguage\":\"pt-BR\",\"@id\":\"https:\/\/sudoesteacontece.com.br\/#\/schema\/logo\/image\/\",\"url\":\"https:\/\/sudoesteacontece.com.br\/wp-content\/uploads\/2025\/12\/cropped-logo-2-180x180-1.png\",\"contentUrl\":\"https:\/\/sudoesteacontece.com.br\/wp-content\/uploads\/2025\/12\/cropped-logo-2-180x180-1.png\",\"width\":180,\"height\":180,\"caption\":\"Sudoesteacontece\"},\"image\":{\"@id\":\"https:\/\/sudoesteacontece.com.br\/#\/schema\/logo\/image\/\"},\"sameAs\":[\"https:\/\/www.facebook.com\/sudoesteacontece\/?locale=pt_BR\"]},{\"@type\":\"Person\",\"@id\":\"https:\/\/sudoesteacontece.com.br\/#\/schema\/person\/a4f22429c1d0923ef8f7d43343f8dc38\",\"name\":\"Reda\u00e7\u00e3o\",\"image\":{\"@type\":\"ImageObject\",\"inLanguage\":\"pt-BR\",\"@id\":\"https:\/\/sudoesteacontece.com.br\/#\/schema\/person\/image\/\",\"url\":\"https:\/\/secure.gravatar.com\/avatar\/c3a5b3c93f268a709c25a2df414c629a96fb3b1b4bf97a94fb3f72e54ae76903?s=96&d=mm&r=g\",\"contentUrl\":\"https:\/\/secure.gravatar.com\/avatar\/c3a5b3c93f268a709c25a2df414c629a96fb3b1b4bf97a94fb3f72e54ae76903?s=96&d=mm&r=g\",\"caption\":\"Reda\u00e7\u00e3o\"},\"url\":\"https:\/\/sudoesteacontece.com.br\/?author=4\"}]}<\/script>\n<!-- \/ Yoast SEO plugin. -->","yoast_head_json":{"title":"Maior programa habitacional da hist\u00f3ria de Malhada de Pedras vai atender 100 fam\u00edlias - Sudoesteacontece","robots":{"index":"index","follow":"follow","max-snippet":"max-snippet:-1","max-image-preview":"max-image-preview:large","max-video-preview":"max-video-preview:-1"},"canonical":"https:\/\/sudoesteacontece.com.br\/?p=6354","og_locale":"pt_BR","og_type":"article","og_title":"Maior programa habitacional da hist\u00f3ria de Malhada de Pedras vai atender 100 fam\u00edlias - Sudoesteacontece","og_description":"A Prefeitura de Malhada de Pedras deu in\u00edcio ao maior programa habitacional j\u00e1 realizado no munic\u00edpio. A a\u00e7\u00e3o, vinculada ao Minha Casa Minha Vida Rural, vai beneficiar diretamente 100 fam\u00edlias da zona rural, ampliando o acesso \u00e0 moradia digna e fortalecendo as pol\u00edticas sociais locais. Na \u00faltima ter\u00e7a-feira (14), a gest\u00e3o municipal promoveu uma reuni\u00e3o com os benefici\u00e1rios da etapa inicial do projeto. O encontro marcou oficialmente o come\u00e7o das obras e reuniu moradores contemplados, pedreiros, ajudantes e a equipe de infraestrutura respons\u00e1vel pela execu\u00e7\u00e3o dos servi\u00e7os. Durante a reuni\u00e3o, o prefeito Beto de Preto Neto (PSD) apresentou as diretrizes para a constru\u00e7\u00e3o das unidades habitacionais. As orienta\u00e7\u00f5es abordaram a organiza\u00e7\u00e3o dos trabalhos, os prazos e os crit\u00e9rios t\u00e9cnicos que ir\u00e3o nortear a execu\u00e7\u00e3o das obras nas comunidades atendidas. Ap\u00f3s as defini\u00e7\u00f5es, a Prefeitura iniciou os servi\u00e7os de constru\u00e7\u00e3o das casas. A primeira comunidade contemplada foi Bezerro Gordo e regi\u00f5es adjacentes, onde as equipes come\u00e7aram os trabalhos ainda nesta semana, dando forma ao projeto habitacional. Com a iniciativa, 100 fam\u00edlias da zona rural ser\u00e3o atendidas de forma direta. O programa representa um marco para Malhada de Pedras e refor\u00e7a o compromisso da gest\u00e3o municipal com a melhoria da qualidade de vida e a redu\u00e7\u00e3o do d\u00e9ficit habitacional no campo.","og_url":"https:\/\/sudoesteacontece.com.br\/?p=6354","og_site_name":"Sudoesteacontece","article_publisher":"https:\/\/www.facebook.com\/sudoesteacontece\/?locale=pt_BR","article_published_time":"2026-01-19T13:24:19+00:00","article_modified_time":"2026-01-19T13:24:24+00:00","og_image":[{"width":900,"height":600,"url":"https:\/\/sudoesteacontece.com.br\/wp-content\/uploads\/2026\/01\/Maior-programa-habitacional-da-historia-de-Malhada-de-Pedras-vai-atender-100-familias.jpg","type":"image\/jpeg"}],"author":"Reda\u00e7\u00e3o","twitter_card":"summary_large_image","twitter_misc":{"Escrito por":"Reda\u00e7\u00e3o","Est. tempo de leitura":"2 minutos"},"schema":{"@context":"https:\/\/schema.org","@graph":[{"@type":"Article","@id":"https:\/\/sudoesteacontece.com.br\/?p=6354#article","isPartOf":{"@id":"https:\/\/sudoesteacontece.com.br\/?p=6354"},"author":{"name":"Reda\u00e7\u00e3o","@id":"https:\/\/sudoesteacontece.com.br\/#\/schema\/person\/a4f22429c1d0923ef8f7d43343f8dc38"},"headline":"Maior programa habitacional da hist\u00f3ria de Malhada de Pedras vai atender 100 fam\u00edlias","datePublished":"2026-01-19T13:24:19+00:00","dateModified":"2026-01-19T13:24:24+00:00","mainEntityOfPage":{"@id":"https:\/\/sudoesteacontece.com.br\/?p=6354"},"wordCount":252,"commentCount":0,"publisher":{"@id":"https:\/\/sudoesteacontece.com.br\/#organization"},"image":{"@id":"https:\/\/sudoesteacontece.com.br\/?p=6354#primaryimage"},"thumbnailUrl":"https:\/\/sudoesteacontece.com.br\/wp-content\/uploads\/2026\/01\/Maior-programa-habitacional-da-historia-de-Malhada-de-Pedras-vai-atender-100-familias.jpg","articleSection":["Cidades","Malhada de Pedras","Pol\u00edtica"],"inLanguage":"pt-BR","potentialAction":[{"@type":"CommentAction","name":"Comment","target":["https:\/\/sudoesteacontece.com.br\/?p=6354#respond"]}]},{"@type":"WebPage","@id":"https:\/\/sudoesteacontece.com.br\/?p=6354","url":"https:\/\/sudoesteacontece.com.br\/?p=6354","name":"Maior programa habitacional da hist\u00f3ria de Malhada de Pedras vai atender 100 fam\u00edlias - Sudoesteacontece","isPartOf":{"@id":"https:\/\/sudoesteacontece.com.br\/#website"},"primaryImageOfPage":{"@id":"https:\/\/sudoesteacontece.com.br\/?p=6354#primaryimage"},"image":{"@id":"https:\/\/sudoesteacontece.com.br\/?p=6354#primaryimage"},"thumbnailUrl":"https:\/\/sudoesteacontece.com.br\/wp-content\/uploads\/2026\/01\/Maior-programa-habitacional-da-historia-de-Malhada-de-Pedras-vai-atender-100-familias.jpg","datePublished":"2026-01-19T13:24:19+00:00","dateModified":"2026-01-19T13:24:24+00:00","breadcrumb":{"@id":"https:\/\/sudoesteacontece.com.br\/?p=6354#breadcrumb"},"inLanguage":"pt-BR","potentialAction":[{"@type":"ReadAction","target":["https:\/\/sudoesteacontece.com.br\/?p=6354"]}]},{"@type":"ImageObject","inLanguage":"pt-BR","@id":"https:\/\/sudoesteacontece.com.br\/?p=6354#primaryimage","url":"https:\/\/sudoesteacontece.com.br\/wp-content\/uploads\/2026\/01\/Maior-programa-habitacional-da-historia-de-Malhada-de-Pedras-vai-atender-100-familias.jpg","contentUrl":"https:\/\/sudoesteacontece.com.br\/wp-content\/uploads\/2026\/01\/Maior-programa-habitacional-da-historia-de-Malhada-de-Pedras-vai-atender-100-familias.jpg","width":900,"height":600},{"@type":"BreadcrumbList","@id":"https:\/\/sudoesteacontece.com.br\/?p=6354#breadcrumb","itemListElement":[{"@type":"ListItem","position":1,"name":"In\u00edcio","item":"https:\/\/sudoesteacontece.com.br\/"},{"@type":"ListItem","position":2,"name":"Maior programa habitacional da hist\u00f3ria de Malhada de Pedras vai atender 100 fam\u00edlias"}]},{"@type":"WebSite","@id":"https:\/\/sudoesteacontece.com.br\/#website","url":"https:\/\/sudoesteacontece.com.br\/","name":"Sudoesteacontece","description":"","publisher":{"@id":"https:\/\/sudoesteacontece.com.br\/#organization"},"potentialAction":[{"@type":"SearchAction","target":{"@type":"EntryPoint","urlTemplate":"https:\/\/sudoesteacontece.com.br\/?s={search_term_string}"},"query-input":{"@type":"PropertyValueSpecification","valueRequired":true,"valueName":"search_term_string"}}],"inLanguage":"pt-BR"},{"@type":"Organization","@id":"https:\/\/sudoesteacontece.com.br\/#organization","name":"Sudoesteacontece","url":"https:\/\/sudoesteacontece.com.br\/","logo":{"@type":"ImageObject","inLanguage":"pt-BR","@id":"https:\/\/sudoesteacontece.com.br\/#\/schema\/logo\/image\/","url":"https:\/\/sudoesteacontece.com.br\/wp-content\/uploads\/2025\/12\/cropped-logo-2-180x180-1.png","contentUrl":"https:\/\/sudoesteacontece.com.br\/wp-content\/uploads\/2025\/12\/cropped-logo-2-180x180-1.png","width":180,"height":180,"caption":"Sudoesteacontece"},"image":{"@id":"https:\/\/sudoesteacontece.com.br\/#\/schema\/logo\/image\/"},"sameAs":["https:\/\/www.facebook.com\/sudoesteacontece\/?locale=pt_BR"]},{"@type":"Person","@id":"https:\/\/sudoesteacontece.com.br\/#\/schema\/person\/a4f22429c1d0923ef8f7d43343f8dc38","name":"Reda\u00e7\u00e3o","image":{"@type":"ImageObject","inLanguage":"pt-BR","@id":"https:\/\/sudoesteacontece.com.br\/#\/schema\/person\/image\/","url":"https:\/\/secure.gravatar.com\/avatar\/c3a5b3c93f268a709c25a2df414c629a96fb3b1b4bf97a94fb3f72e54ae76903?s=96&d=mm&r=g","contentUrl":"https:\/\/secure.gravatar.com\/avatar\/c3a5b3c93f268a709c25a2df414c629a96fb3b1b4bf97a94fb3f72e54ae76903?s=96&d=mm&r=g","caption":"Reda\u00e7\u00e3o"},"url":"https:\/\/sudoesteacontece.com.br\/?author=4"}]}},"_links":{"self":[{"href":"https:\/\/sudoesteacontece.com.br\/index.php?rest_route=\/wp\/v2\/posts\/6354","targetHints":{"allow":["GET"]}}],"collection":[{"href":"https:\/\/sudoesteacontece.com.br\/index.php?rest_route=\/wp\/v2\/posts"}],"about":[{"href":"https:\/\/sudoesteacontece.com.br\/index.php?rest_route=\/wp\/v2\/types\/post"}],"author":[{"embeddable":true,"href":"https:\/\/sudoesteacontece.com.br\/index.php?rest_route=\/wp\/v2\/users\/4"}],"replies":[{"embeddable":true,"href":"https:\/\/sudoesteacontece.com.br\/index.php?rest_route=%2Fwp%2Fv2%2Fcomments&post=6354"}],"version-history":[{"count":0,"href":"https:\/\/sudoesteacontece.com.br\/index.php?rest_route=\/wp\/v2\/posts\/6354\/revisions"}],"wp:featuredmedia":[{"embeddable":true,"href":"https:\/\/sudoesteacontece.com.br\/index.php?rest_route=\/wp\/v2\/media\/6380"}],"wp:attachment":[{"href":"https:\/\/sudoesteacontece.com.br\/index.php?rest_route=%2Fwp%2Fv2%2Fmedia&parent=6354"}],"wp:term":[{"taxonomy":"category","embeddable":true,"href":"https:\/\/sudoesteacontece.com.br\/index.php?rest_route=%2Fwp%2Fv2%2Fcategories&post=6354"},{"taxonomy":"post_tag","embeddable":true,"href":"https:\/\/sudoesteacontece.com.br\/index.php?rest_route=%2Fwp%2Fv2%2Ftags&post=6354"}],"curies":[{"name":"wp","href":"https:\/\/api.w.org\/{rel}","templated":true}]}}