{"id":6355,"date":"2026-01-19T10:26:06","date_gmt":"2026-01-19T13:26:06","guid":{"rendered":"https:\/\/sudoesteacontece.com.br\/?p=6355"},"modified":"2026-01-19T10:26:11","modified_gmt":"2026-01-19T13:26:11","slug":"brumado-volta-a-sorrir-diz-prefeito-ao-celebrar-sucesso-da-1a-cavalgada-dos-santos-reis","status":"publish","type":"post","link":"https:\/\/sudoesteacontece.com.br\/?p=6355","title":{"rendered":"\u2018Brumado volta a sorrir\u2019, diz prefeito ao celebrar sucesso da 1\u00aa Cavalgada dos Santos Reis"},"content":{"rendered":"<div class=\"wp-block-image\">\n<figure class=\"aligncenter size-full\"><img fetchpriority=\"high\" decoding=\"async\" width=\"900\" height=\"600\" src=\"http:\/\/sudoesteacontece.com.br\/wp-content\/uploads\/2026\/01\/\u2018Brumado-volta-a-sorrir-diz-prefeito-ao-celebrar-sucesso-da-1a-Cavalgada-dos-Santos-Reis-SUDOESTE-ACONTECE.jpg\" alt=\"\" class=\"wp-image-6382\" srcset=\"https:\/\/sudoesteacontece.com.br\/wp-content\/uploads\/2026\/01\/\u2018Brumado-volta-a-sorrir-diz-prefeito-ao-celebrar-sucesso-da-1a-Cavalgada-dos-Santos-Reis-SUDOESTE-ACONTECE.jpg 900w, https:\/\/sudoesteacontece.com.br\/wp-content\/uploads\/2026\/01\/\u2018Brumado-volta-a-sorrir-diz-prefeito-ao-celebrar-sucesso-da-1a-Cavalgada-dos-Santos-Reis-SUDOESTE-ACONTECE-300x200.jpg 300w, https:\/\/sudoesteacontece.com.br\/wp-content\/uploads\/2026\/01\/\u2018Brumado-volta-a-sorrir-diz-prefeito-ao-celebrar-sucesso-da-1a-Cavalgada-dos-Santos-Reis-SUDOESTE-ACONTECE-768x512.jpg 768w\" sizes=\"(max-width: 900px) 100vw, 900px\" \/><\/figure>\n<\/div>\n\n\n<p>Brumado viveu um domingo hist\u00f3rico com a realiza\u00e7\u00e3o da 1\u00aa Cavalgada dos Santos Reis. O evento resgatou tradi\u00e7\u00f5es culturais, reuniu grande p\u00fablico e marcou uma nova fase de valoriza\u00e7\u00e3o da identidade local, segundo o prefeito Fabr\u00edcio Abrantes, que destacou o clima de alegria e participa\u00e7\u00e3o popular.<\/p>\n\n\n\n<p>Durante a cavalgada, Fabr\u00edcio Abrantes exaltou o envolvimento da popula\u00e7\u00e3o, dos organizadores e de lideran\u00e7as pol\u00edticas da regi\u00e3o. O prefeito afirmou que a for\u00e7a do evento mostra a capacidade do munic\u00edpio de promover festas feitas para o povo, fortalecendo a cultura regional e o sentimento de pertencimento.<\/p>\n\n\n\n<p>Mesmo em sua primeira edi\u00e7\u00e3o, a cavalgada j\u00e1 se consolidou como sucesso, avaliou o gestor. A presen\u00e7a de prefeitos e lideran\u00e7as regionais refor\u00e7ou a import\u00e2ncia da iniciativa e ampliou a visibilidade de Brumado no cen\u00e1rio cultural do sudoeste baiano.<\/p>\n\n\n\n<p>Ao agradecer os gestores presentes e tamb\u00e9m os que colaboraram \u00e0 dist\u00e2ncia, Abrantes destacou que a festa pertence \u00e0 popula\u00e7\u00e3o. Segundo ele, a uni\u00e3o de esfor\u00e7os permitiu a realiza\u00e7\u00e3o de um evento marcado pela organiza\u00e7\u00e3o, pela seguran\u00e7a e pela forte ades\u00e3o popular.<\/p>\n\n\n\n<p>Por fim, o prefeito ressaltou o impacto econ\u00f4mico da cultura. Ele citou a movimenta\u00e7\u00e3o no com\u00e9rcio local, o fortalecimento da cadeia ligada \u00e0 cria\u00e7\u00e3o de cavalos e a ocupa\u00e7\u00e3o do Parque de Exposi\u00e7\u00f5es, que voltou a ficar cheio e simbolizou um reencontro de Brumado com sua hist\u00f3ria e alegria.<\/p>\n","protected":false},"excerpt":{"rendered":"<p>Brumado viveu um domingo hist\u00f3rico com a realiza\u00e7\u00e3o da 1\u00aa Cavalgada dos Santos Reis. O evento resgatou tradi\u00e7\u00f5es culturais, reuniu grande p\u00fablico e marcou uma nova fase de valoriza\u00e7\u00e3o da identidade local, segundo o prefeito Fabr\u00edcio Abrantes, que destacou o clima de alegria e participa\u00e7\u00e3o popular. Durante a cavalgada, Fabr\u00edcio Abrantes exaltou o envolvimento da popula\u00e7\u00e3o, dos organizadores e de lideran\u00e7as pol\u00edticas da regi\u00e3o. O prefeito afirmou que a for\u00e7a do evento mostra a capacidade do munic\u00edpio de promover festas feitas para o povo, fortalecendo a cultura regional e o sentimento de pertencimento. Mesmo em sua primeira edi\u00e7\u00e3o, a cavalgada j\u00e1 se consolidou como sucesso, avaliou o gestor. A presen\u00e7a de prefeitos e lideran\u00e7as regionais refor\u00e7ou a import\u00e2ncia da iniciativa e ampliou a visibilidade de Brumado no cen\u00e1rio cultural do sudoeste baiano. Ao agradecer os gestores presentes e tamb\u00e9m os que colaboraram \u00e0 dist\u00e2ncia, Abrantes destacou que a festa pertence \u00e0 popula\u00e7\u00e3o. Segundo ele, a uni\u00e3o de esfor\u00e7os permitiu a realiza\u00e7\u00e3o de um evento marcado pela organiza\u00e7\u00e3o, pela seguran\u00e7a e pela forte ades\u00e3o popular. Por fim, o prefeito ressaltou o impacto econ\u00f4mico da cultura. Ele citou a movimenta\u00e7\u00e3o no com\u00e9rcio local, o fortalecimento da cadeia ligada \u00e0 cria\u00e7\u00e3o de cavalos e a ocupa\u00e7\u00e3o do Parque de Exposi\u00e7\u00f5es, que voltou a ficar cheio e simbolizou um reencontro de Brumado com sua hist\u00f3ria e alegria.<\/p>\n","protected":false},"author":4,"featured_media":6382,"comment_status":"open","ping_status":"open","sticky":false,"template":"","format":"standard","meta":{"footnotes":""},"categories":[10,4,6],"tags":[],"class_list":["post-6355","post","type-post","status-publish","format-standard","has-post-thumbnail","hentry","category-brumado","category-cidades","category-politica"],"yoast_head":"<!-- This site is optimized with the Yoast SEO plugin v26.5 - https:\/\/yoast.com\/wordpress\/plugins\/seo\/ -->\n<title>\u2018Brumado volta a sorrir\u2019, diz prefeito ao celebrar sucesso da 1\u00aa Cavalgada dos Santos Reis - Sudoesteacontece<\/title>\n<meta name=\"robots\" content=\"index, follow, max-snippet:-1, max-image-preview:large, max-video-preview:-1\" \/>\n<link rel=\"canonical\" href=\"https:\/\/sudoesteacontece.com.br\/?p=6355\" \/>\n<meta property=\"og:locale\" content=\"pt_BR\" \/>\n<meta property=\"og:type\" content=\"article\" \/>\n<meta property=\"og:title\" content=\"\u2018Brumado volta a sorrir\u2019, diz prefeito ao celebrar sucesso da 1\u00aa Cavalgada dos Santos Reis - Sudoesteacontece\" \/>\n<meta property=\"og:description\" content=\"Brumado viveu um domingo hist\u00f3rico com a realiza\u00e7\u00e3o da 1\u00aa Cavalgada dos Santos Reis. O evento resgatou tradi\u00e7\u00f5es culturais, reuniu grande p\u00fablico e marcou uma nova fase de valoriza\u00e7\u00e3o da identidade local, segundo o prefeito Fabr\u00edcio Abrantes, que destacou o clima de alegria e participa\u00e7\u00e3o popular. Durante a cavalgada, Fabr\u00edcio Abrantes exaltou o envolvimento da popula\u00e7\u00e3o, dos organizadores e de lideran\u00e7as pol\u00edticas da regi\u00e3o. O prefeito afirmou que a for\u00e7a do evento mostra a capacidade do munic\u00edpio de promover festas feitas para o povo, fortalecendo a cultura regional e o sentimento de pertencimento. Mesmo em sua primeira edi\u00e7\u00e3o, a cavalgada j\u00e1 se consolidou como sucesso, avaliou o gestor. A presen\u00e7a de prefeitos e lideran\u00e7as regionais refor\u00e7ou a import\u00e2ncia da iniciativa e ampliou a visibilidade de Brumado no cen\u00e1rio cultural do sudoeste baiano. Ao agradecer os gestores presentes e tamb\u00e9m os que colaboraram \u00e0 dist\u00e2ncia, Abrantes destacou que a festa pertence \u00e0 popula\u00e7\u00e3o. Segundo ele, a uni\u00e3o de esfor\u00e7os permitiu a realiza\u00e7\u00e3o de um evento marcado pela organiza\u00e7\u00e3o, pela seguran\u00e7a e pela forte ades\u00e3o popular. Por fim, o prefeito ressaltou o impacto econ\u00f4mico da cultura. Ele citou a movimenta\u00e7\u00e3o no com\u00e9rcio local, o fortalecimento da cadeia ligada \u00e0 cria\u00e7\u00e3o de cavalos e a ocupa\u00e7\u00e3o do Parque de Exposi\u00e7\u00f5es, que voltou a ficar cheio e simbolizou um reencontro de Brumado com sua hist\u00f3ria e alegria.\" \/>\n<meta property=\"og:url\" content=\"https:\/\/sudoesteacontece.com.br\/?p=6355\" \/>\n<meta property=\"og:site_name\" content=\"Sudoesteacontece\" \/>\n<meta property=\"article:publisher\" content=\"https:\/\/www.facebook.com\/sudoesteacontece\/?locale=pt_BR\" \/>\n<meta property=\"article:published_time\" content=\"2026-01-19T13:26:06+00:00\" \/>\n<meta property=\"article:modified_time\" content=\"2026-01-19T13:26:11+00:00\" \/>\n<meta property=\"og:image\" content=\"https:\/\/sudoesteacontece.com.br\/wp-content\/uploads\/2026\/01\/\u2018Brumado-volta-a-sorrir-diz-prefeito-ao-celebrar-sucesso-da-1a-Cavalgada-dos-Santos-Reis-SUDOESTE-ACONTECE.jpg\" \/>\n\t<meta property=\"og:image:width\" content=\"900\" \/>\n\t<meta property=\"og:image:height\" content=\"600\" \/>\n\t<meta property=\"og:image:type\" content=\"image\/jpeg\" \/>\n<meta name=\"author\" content=\"Reda\u00e7\u00e3o\" \/>\n<meta name=\"twitter:card\" content=\"summary_large_image\" \/>\n<meta name=\"twitter:label1\" content=\"Escrito por\" \/>\n\t<meta name=\"twitter:data1\" content=\"Reda\u00e7\u00e3o\" \/>\n\t<meta name=\"twitter:label2\" content=\"Est. tempo de leitura\" \/>\n\t<meta name=\"twitter:data2\" content=\"2 minutos\" \/>\n<script type=\"application\/ld+json\" class=\"yoast-schema-graph\">{\"@context\":\"https:\/\/schema.org\",\"@graph\":[{\"@type\":\"Article\",\"@id\":\"https:\/\/sudoesteacontece.com.br\/?p=6355#article\",\"isPartOf\":{\"@id\":\"https:\/\/sudoesteacontece.com.br\/?p=6355\"},\"author\":{\"name\":\"Reda\u00e7\u00e3o\",\"@id\":\"https:\/\/sudoesteacontece.com.br\/#\/schema\/person\/a4f22429c1d0923ef8f7d43343f8dc38\"},\"headline\":\"\u2018Brumado volta a sorrir\u2019, diz prefeito ao celebrar sucesso da 1\u00aa Cavalgada dos Santos Reis\",\"datePublished\":\"2026-01-19T13:26:06+00:00\",\"dateModified\":\"2026-01-19T13:26:11+00:00\",\"mainEntityOfPage\":{\"@id\":\"https:\/\/sudoesteacontece.com.br\/?p=6355\"},\"wordCount\":269,\"commentCount\":0,\"publisher\":{\"@id\":\"https:\/\/sudoesteacontece.com.br\/#organization\"},\"image\":{\"@id\":\"https:\/\/sudoesteacontece.com.br\/?p=6355#primaryimage\"},\"thumbnailUrl\":\"https:\/\/sudoesteacontece.com.br\/wp-content\/uploads\/2026\/01\/\u2018Brumado-volta-a-sorrir-diz-prefeito-ao-celebrar-sucesso-da-1a-Cavalgada-dos-Santos-Reis-SUDOESTE-ACONTECE.jpg\",\"articleSection\":[\"Brumado\",\"Cidades\",\"Pol\u00edtica\"],\"inLanguage\":\"pt-BR\",\"potentialAction\":[{\"@type\":\"CommentAction\",\"name\":\"Comment\",\"target\":[\"https:\/\/sudoesteacontece.com.br\/?p=6355#respond\"]}]},{\"@type\":\"WebPage\",\"@id\":\"https:\/\/sudoesteacontece.com.br\/?p=6355\",\"url\":\"https:\/\/sudoesteacontece.com.br\/?p=6355\",\"name\":\"\u2018Brumado volta a sorrir\u2019, diz prefeito ao celebrar sucesso da 1\u00aa Cavalgada dos Santos Reis - Sudoesteacontece\",\"isPartOf\":{\"@id\":\"https:\/\/sudoesteacontece.com.br\/#website\"},\"primaryImageOfPage\":{\"@id\":\"https:\/\/sudoesteacontece.com.br\/?p=6355#primaryimage\"},\"image\":{\"@id\":\"https:\/\/sudoesteacontece.com.br\/?p=6355#primaryimage\"},\"thumbnailUrl\":\"https:\/\/sudoesteacontece.com.br\/wp-content\/uploads\/2026\/01\/\u2018Brumado-volta-a-sorrir-diz-prefeito-ao-celebrar-sucesso-da-1a-Cavalgada-dos-Santos-Reis-SUDOESTE-ACONTECE.jpg\",\"datePublished\":\"2026-01-19T13:26:06+00:00\",\"dateModified\":\"2026-01-19T13:26:11+00:00\",\"breadcrumb\":{\"@id\":\"https:\/\/sudoesteacontece.com.br\/?p=6355#breadcrumb\"},\"inLanguage\":\"pt-BR\",\"potentialAction\":[{\"@type\":\"ReadAction\",\"target\":[\"https:\/\/sudoesteacontece.com.br\/?p=6355\"]}]},{\"@type\":\"ImageObject\",\"inLanguage\":\"pt-BR\",\"@id\":\"https:\/\/sudoesteacontece.com.br\/?p=6355#primaryimage\",\"url\":\"https:\/\/sudoesteacontece.com.br\/wp-content\/uploads\/2026\/01\/\u2018Brumado-volta-a-sorrir-diz-prefeito-ao-celebrar-sucesso-da-1a-Cavalgada-dos-Santos-Reis-SUDOESTE-ACONTECE.jpg\",\"contentUrl\":\"https:\/\/sudoesteacontece.com.br\/wp-content\/uploads\/2026\/01\/\u2018Brumado-volta-a-sorrir-diz-prefeito-ao-celebrar-sucesso-da-1a-Cavalgada-dos-Santos-Reis-SUDOESTE-ACONTECE.jpg\",\"width\":900,\"height\":600},{\"@type\":\"BreadcrumbList\",\"@id\":\"https:\/\/sudoesteacontece.com.br\/?p=6355#breadcrumb\",\"itemListElement\":[{\"@type\":\"ListItem\",\"position\":1,\"name\":\"In\u00edcio\",\"item\":\"https:\/\/sudoesteacontece.com.br\/\"},{\"@type\":\"ListItem\",\"position\":2,\"name\":\"\u2018Brumado volta a sorrir\u2019, diz prefeito ao celebrar sucesso da 1\u00aa Cavalgada dos Santos Reis\"}]},{\"@type\":\"WebSite\",\"@id\":\"https:\/\/sudoesteacontece.com.br\/#website\",\"url\":\"https:\/\/sudoesteacontece.com.br\/\",\"name\":\"Sudoesteacontece\",\"description\":\"\",\"publisher\":{\"@id\":\"https:\/\/sudoesteacontece.com.br\/#organization\"},\"potentialAction\":[{\"@type\":\"SearchAction\",\"target\":{\"@type\":\"EntryPoint\",\"urlTemplate\":\"https:\/\/sudoesteacontece.com.br\/?s={search_term_string}\"},\"query-input\":{\"@type\":\"PropertyValueSpecification\",\"valueRequired\":true,\"valueName\":\"search_term_string\"}}],\"inLanguage\":\"pt-BR\"},{\"@type\":\"Organization\",\"@id\":\"https:\/\/sudoesteacontece.com.br\/#organization\",\"name\":\"Sudoesteacontece\",\"url\":\"https:\/\/sudoesteacontece.com.br\/\",\"logo\":{\"@type\":\"ImageObject\",\"inLanguage\":\"pt-BR\",\"@id\":\"https:\/\/sudoesteacontece.com.br\/#\/schema\/logo\/image\/\",\"url\":\"https:\/\/sudoesteacontece.com.br\/wp-content\/uploads\/2025\/12\/cropped-logo-2-180x180-1.png\",\"contentUrl\":\"https:\/\/sudoesteacontece.com.br\/wp-content\/uploads\/2025\/12\/cropped-logo-2-180x180-1.png\",\"width\":180,\"height\":180,\"caption\":\"Sudoesteacontece\"},\"image\":{\"@id\":\"https:\/\/sudoesteacontece.com.br\/#\/schema\/logo\/image\/\"},\"sameAs\":[\"https:\/\/www.facebook.com\/sudoesteacontece\/?locale=pt_BR\"]},{\"@type\":\"Person\",\"@id\":\"https:\/\/sudoesteacontece.com.br\/#\/schema\/person\/a4f22429c1d0923ef8f7d43343f8dc38\",\"name\":\"Reda\u00e7\u00e3o\",\"image\":{\"@type\":\"ImageObject\",\"inLanguage\":\"pt-BR\",\"@id\":\"https:\/\/sudoesteacontece.com.br\/#\/schema\/person\/image\/\",\"url\":\"https:\/\/secure.gravatar.com\/avatar\/c3a5b3c93f268a709c25a2df414c629a96fb3b1b4bf97a94fb3f72e54ae76903?s=96&d=mm&r=g\",\"contentUrl\":\"https:\/\/secure.gravatar.com\/avatar\/c3a5b3c93f268a709c25a2df414c629a96fb3b1b4bf97a94fb3f72e54ae76903?s=96&d=mm&r=g\",\"caption\":\"Reda\u00e7\u00e3o\"},\"url\":\"https:\/\/sudoesteacontece.com.br\/?author=4\"}]}<\/script>\n<!-- \/ Yoast SEO plugin. -->","yoast_head_json":{"title":"\u2018Brumado volta a sorrir\u2019, diz prefeito ao celebrar sucesso da 1\u00aa Cavalgada dos Santos Reis - Sudoesteacontece","robots":{"index":"index","follow":"follow","max-snippet":"max-snippet:-1","max-image-preview":"max-image-preview:large","max-video-preview":"max-video-preview:-1"},"canonical":"https:\/\/sudoesteacontece.com.br\/?p=6355","og_locale":"pt_BR","og_type":"article","og_title":"\u2018Brumado volta a sorrir\u2019, diz prefeito ao celebrar sucesso da 1\u00aa Cavalgada dos Santos Reis - Sudoesteacontece","og_description":"Brumado viveu um domingo hist\u00f3rico com a realiza\u00e7\u00e3o da 1\u00aa Cavalgada dos Santos Reis. O evento resgatou tradi\u00e7\u00f5es culturais, reuniu grande p\u00fablico e marcou uma nova fase de valoriza\u00e7\u00e3o da identidade local, segundo o prefeito Fabr\u00edcio Abrantes, que destacou o clima de alegria e participa\u00e7\u00e3o popular. Durante a cavalgada, Fabr\u00edcio Abrantes exaltou o envolvimento da popula\u00e7\u00e3o, dos organizadores e de lideran\u00e7as pol\u00edticas da regi\u00e3o. O prefeito afirmou que a for\u00e7a do evento mostra a capacidade do munic\u00edpio de promover festas feitas para o povo, fortalecendo a cultura regional e o sentimento de pertencimento. Mesmo em sua primeira edi\u00e7\u00e3o, a cavalgada j\u00e1 se consolidou como sucesso, avaliou o gestor. A presen\u00e7a de prefeitos e lideran\u00e7as regionais refor\u00e7ou a import\u00e2ncia da iniciativa e ampliou a visibilidade de Brumado no cen\u00e1rio cultural do sudoeste baiano. Ao agradecer os gestores presentes e tamb\u00e9m os que colaboraram \u00e0 dist\u00e2ncia, Abrantes destacou que a festa pertence \u00e0 popula\u00e7\u00e3o. Segundo ele, a uni\u00e3o de esfor\u00e7os permitiu a realiza\u00e7\u00e3o de um evento marcado pela organiza\u00e7\u00e3o, pela seguran\u00e7a e pela forte ades\u00e3o popular. Por fim, o prefeito ressaltou o impacto econ\u00f4mico da cultura. Ele citou a movimenta\u00e7\u00e3o no com\u00e9rcio local, o fortalecimento da cadeia ligada \u00e0 cria\u00e7\u00e3o de cavalos e a ocupa\u00e7\u00e3o do Parque de Exposi\u00e7\u00f5es, que voltou a ficar cheio e simbolizou um reencontro de Brumado com sua hist\u00f3ria e alegria.","og_url":"https:\/\/sudoesteacontece.com.br\/?p=6355","og_site_name":"Sudoesteacontece","article_publisher":"https:\/\/www.facebook.com\/sudoesteacontece\/?locale=pt_BR","article_published_time":"2026-01-19T13:26:06+00:00","article_modified_time":"2026-01-19T13:26:11+00:00","og_image":[{"width":900,"height":600,"url":"https:\/\/sudoesteacontece.com.br\/wp-content\/uploads\/2026\/01\/\u2018Brumado-volta-a-sorrir-diz-prefeito-ao-celebrar-sucesso-da-1a-Cavalgada-dos-Santos-Reis-SUDOESTE-ACONTECE.jpg","type":"image\/jpeg"}],"author":"Reda\u00e7\u00e3o","twitter_card":"summary_large_image","twitter_misc":{"Escrito por":"Reda\u00e7\u00e3o","Est. tempo de leitura":"2 minutos"},"schema":{"@context":"https:\/\/schema.org","@graph":[{"@type":"Article","@id":"https:\/\/sudoesteacontece.com.br\/?p=6355#article","isPartOf":{"@id":"https:\/\/sudoesteacontece.com.br\/?p=6355"},"author":{"name":"Reda\u00e7\u00e3o","@id":"https:\/\/sudoesteacontece.com.br\/#\/schema\/person\/a4f22429c1d0923ef8f7d43343f8dc38"},"headline":"\u2018Brumado volta a sorrir\u2019, diz prefeito ao celebrar sucesso da 1\u00aa Cavalgada dos Santos Reis","datePublished":"2026-01-19T13:26:06+00:00","dateModified":"2026-01-19T13:26:11+00:00","mainEntityOfPage":{"@id":"https:\/\/sudoesteacontece.com.br\/?p=6355"},"wordCount":269,"commentCount":0,"publisher":{"@id":"https:\/\/sudoesteacontece.com.br\/#organization"},"image":{"@id":"https:\/\/sudoesteacontece.com.br\/?p=6355#primaryimage"},"thumbnailUrl":"https:\/\/sudoesteacontece.com.br\/wp-content\/uploads\/2026\/01\/\u2018Brumado-volta-a-sorrir-diz-prefeito-ao-celebrar-sucesso-da-1a-Cavalgada-dos-Santos-Reis-SUDOESTE-ACONTECE.jpg","articleSection":["Brumado","Cidades","Pol\u00edtica"],"inLanguage":"pt-BR","potentialAction":[{"@type":"CommentAction","name":"Comment","target":["https:\/\/sudoesteacontece.com.br\/?p=6355#respond"]}]},{"@type":"WebPage","@id":"https:\/\/sudoesteacontece.com.br\/?p=6355","url":"https:\/\/sudoesteacontece.com.br\/?p=6355","name":"\u2018Brumado volta a sorrir\u2019, diz prefeito ao celebrar sucesso da 1\u00aa Cavalgada dos Santos Reis - Sudoesteacontece","isPartOf":{"@id":"https:\/\/sudoesteacontece.com.br\/#website"},"primaryImageOfPage":{"@id":"https:\/\/sudoesteacontece.com.br\/?p=6355#primaryimage"},"image":{"@id":"https:\/\/sudoesteacontece.com.br\/?p=6355#primaryimage"},"thumbnailUrl":"https:\/\/sudoesteacontece.com.br\/wp-content\/uploads\/2026\/01\/\u2018Brumado-volta-a-sorrir-diz-prefeito-ao-celebrar-sucesso-da-1a-Cavalgada-dos-Santos-Reis-SUDOESTE-ACONTECE.jpg","datePublished":"2026-01-19T13:26:06+00:00","dateModified":"2026-01-19T13:26:11+00:00","breadcrumb":{"@id":"https:\/\/sudoesteacontece.com.br\/?p=6355#breadcrumb"},"inLanguage":"pt-BR","potentialAction":[{"@type":"ReadAction","target":["https:\/\/sudoesteacontece.com.br\/?p=6355"]}]},{"@type":"ImageObject","inLanguage":"pt-BR","@id":"https:\/\/sudoesteacontece.com.br\/?p=6355#primaryimage","url":"https:\/\/sudoesteacontece.com.br\/wp-content\/uploads\/2026\/01\/\u2018Brumado-volta-a-sorrir-diz-prefeito-ao-celebrar-sucesso-da-1a-Cavalgada-dos-Santos-Reis-SUDOESTE-ACONTECE.jpg","contentUrl":"https:\/\/sudoesteacontece.com.br\/wp-content\/uploads\/2026\/01\/\u2018Brumado-volta-a-sorrir-diz-prefeito-ao-celebrar-sucesso-da-1a-Cavalgada-dos-Santos-Reis-SUDOESTE-ACONTECE.jpg","width":900,"height":600},{"@type":"BreadcrumbList","@id":"https:\/\/sudoesteacontece.com.br\/?p=6355#breadcrumb","itemListElement":[{"@type":"ListItem","position":1,"name":"In\u00edcio","item":"https:\/\/sudoesteacontece.com.br\/"},{"@type":"ListItem","position":2,"name":"\u2018Brumado volta a sorrir\u2019, diz prefeito ao celebrar sucesso da 1\u00aa Cavalgada dos Santos Reis"}]},{"@type":"WebSite","@id":"https:\/\/sudoesteacontece.com.br\/#website","url":"https:\/\/sudoesteacontece.com.br\/","name":"Sudoesteacontece","description":"","publisher":{"@id":"https:\/\/sudoesteacontece.com.br\/#organization"},"potentialAction":[{"@type":"SearchAction","target":{"@type":"EntryPoint","urlTemplate":"https:\/\/sudoesteacontece.com.br\/?s={search_term_string}"},"query-input":{"@type":"PropertyValueSpecification","valueRequired":true,"valueName":"search_term_string"}}],"inLanguage":"pt-BR"},{"@type":"Organization","@id":"https:\/\/sudoesteacontece.com.br\/#organization","name":"Sudoesteacontece","url":"https:\/\/sudoesteacontece.com.br\/","logo":{"@type":"ImageObject","inLanguage":"pt-BR","@id":"https:\/\/sudoesteacontece.com.br\/#\/schema\/logo\/image\/","url":"https:\/\/sudoesteacontece.com.br\/wp-content\/uploads\/2025\/12\/cropped-logo-2-180x180-1.png","contentUrl":"https:\/\/sudoesteacontece.com.br\/wp-content\/uploads\/2025\/12\/cropped-logo-2-180x180-1.png","width":180,"height":180,"caption":"Sudoesteacontece"},"image":{"@id":"https:\/\/sudoesteacontece.com.br\/#\/schema\/logo\/image\/"},"sameAs":["https:\/\/www.facebook.com\/sudoesteacontece\/?locale=pt_BR"]},{"@type":"Person","@id":"https:\/\/sudoesteacontece.com.br\/#\/schema\/person\/a4f22429c1d0923ef8f7d43343f8dc38","name":"Reda\u00e7\u00e3o","image":{"@type":"ImageObject","inLanguage":"pt-BR","@id":"https:\/\/sudoesteacontece.com.br\/#\/schema\/person\/image\/","url":"https:\/\/secure.gravatar.com\/avatar\/c3a5b3c93f268a709c25a2df414c629a96fb3b1b4bf97a94fb3f72e54ae76903?s=96&d=mm&r=g","contentUrl":"https:\/\/secure.gravatar.com\/avatar\/c3a5b3c93f268a709c25a2df414c629a96fb3b1b4bf97a94fb3f72e54ae76903?s=96&d=mm&r=g","caption":"Reda\u00e7\u00e3o"},"url":"https:\/\/sudoesteacontece.com.br\/?author=4"}]}},"_links":{"self":[{"href":"https:\/\/sudoesteacontece.com.br\/index.php?rest_route=\/wp\/v2\/posts\/6355","targetHints":{"allow":["GET"]}}],"collection":[{"href":"https:\/\/sudoesteacontece.com.br\/index.php?rest_route=\/wp\/v2\/posts"}],"about":[{"href":"https:\/\/sudoesteacontece.com.br\/index.php?rest_route=\/wp\/v2\/types\/post"}],"author":[{"embeddable":true,"href":"https:\/\/sudoesteacontece.com.br\/index.php?rest_route=\/wp\/v2\/users\/4"}],"replies":[{"embeddable":true,"href":"https:\/\/sudoesteacontece.com.br\/index.php?rest_route=%2Fwp%2Fv2%2Fcomments&post=6355"}],"version-history":[{"count":0,"href":"https:\/\/sudoesteacontece.com.br\/index.php?rest_route=\/wp\/v2\/posts\/6355\/revisions"}],"wp:featuredmedia":[{"embeddable":true,"href":"https:\/\/sudoesteacontece.com.br\/index.php?rest_route=\/wp\/v2\/media\/6382"}],"wp:attachment":[{"href":"https:\/\/sudoesteacontece.com.br\/index.php?rest_route=%2Fwp%2Fv2%2Fmedia&parent=6355"}],"wp:term":[{"taxonomy":"category","embeddable":true,"href":"https:\/\/sudoesteacontece.com.br\/index.php?rest_route=%2Fwp%2Fv2%2Fcategories&post=6355"},{"taxonomy":"post_tag","embeddable":true,"href":"https:\/\/sudoesteacontece.com.br\/index.php?rest_route=%2Fwp%2Fv2%2Ftags&post=6355"}],"curies":[{"name":"wp","href":"https:\/\/api.w.org\/{rel}","templated":true}]}}