{"id":6356,"date":"2026-01-19T10:27:27","date_gmt":"2026-01-19T13:27:27","guid":{"rendered":"https:\/\/sudoesteacontece.com.br\/?p=6356"},"modified":"2026-01-19T10:27:33","modified_gmt":"2026-01-19T13:27:33","slug":"incendio-atinge-area-nos-fundos-da-prefeitura-de-macaubas-e-mobiliza-atencao-na-madrugada","status":"publish","type":"post","link":"https:\/\/sudoesteacontece.com.br\/?p=6356","title":{"rendered":"Inc\u00eandio atinge \u00e1rea nos fundos da Prefeitura de Maca\u00fabas e mobiliza aten\u00e7\u00e3o na madrugada"},"content":{"rendered":"<div class=\"wp-block-image\">\n<figure class=\"aligncenter size-full\"><img fetchpriority=\"high\" decoding=\"async\" width=\"900\" height=\"600\" src=\"http:\/\/sudoesteacontece.com.br\/wp-content\/uploads\/2026\/01\/Incendio-atinge-area-nos-fundos-da-Prefeitura-de-Macaubas-e-mobiliza-atencao-na-madrugada-sudoeste-acontece.jpg\" alt=\"\" class=\"wp-image-6384\" srcset=\"https:\/\/sudoesteacontece.com.br\/wp-content\/uploads\/2026\/01\/Incendio-atinge-area-nos-fundos-da-Prefeitura-de-Macaubas-e-mobiliza-atencao-na-madrugada-sudoeste-acontece.jpg 900w, https:\/\/sudoesteacontece.com.br\/wp-content\/uploads\/2026\/01\/Incendio-atinge-area-nos-fundos-da-Prefeitura-de-Macaubas-e-mobiliza-atencao-na-madrugada-sudoeste-acontece-300x200.jpg 300w, https:\/\/sudoesteacontece.com.br\/wp-content\/uploads\/2026\/01\/Incendio-atinge-area-nos-fundos-da-Prefeitura-de-Macaubas-e-mobiliza-atencao-na-madrugada-sudoeste-acontece-768x512.jpg 768w\" sizes=\"(max-width: 900px) 100vw, 900px\" \/><\/figure>\n<\/div>\n\n\n<p>Um inc\u00eandio foi registrado na madrugada deste s\u00e1bado (17) em uma \u00e1rea localizada nos fundos da Prefeitura de Maca\u00fabas, nas proximidades da pra\u00e7a matriz. Apesar do susto, as chamas n\u00e3o atingiram o pr\u00e9dio principal do Executivo Municipal, segundo informa\u00e7\u00f5es apuradas no local.<\/p>\n\n\n\n<p>O fogo alcan\u00e7ou um im\u00f3vel situado atr\u00e1s da sede da Prefeitura, em um trecho pr\u00f3ximo \u00e0 Coco Gesso, na rua de acesso ao CETEP. As chamas come\u00e7aram por volta da meia-noite e se espalharam durante a madrugada, chamando a aten\u00e7\u00e3o de moradores pela intensidade do inc\u00eandio.<\/p>\n\n\n\n<p>Relatos iniciais apontam que o fogo pode ter come\u00e7ado ap\u00f3s a queima de lixo e pequeno entulho deixados na via p\u00fablica. A informa\u00e7\u00e3o, no entanto, ainda n\u00e3o foi confirmada oficialmente. Pela manh\u00e3, por volta das 6h30, a reportagem constatou vest\u00edgios de queima de res\u00edduos na cal\u00e7ada e em \u00e1rea de mato.<\/p>\n\n\n\n<p>Esse cen\u00e1rio pode ter contribu\u00eddo para que o inc\u00eandio se alastrasse, atingindo o muro e a \u00e1rea externa do pr\u00e9dio localizado nos fundos da Prefeitura. O local apresentava sinais de pequena destrui\u00e7\u00e3o, principalmente fora das edifica\u00e7\u00f5es, mas o risco foi considerado elevado devido \u00e0 proximidade com pr\u00e9dios p\u00fablicos e com\u00e9rcios.<\/p>\n\n\n\n<p>Felizmente, as chamas perderam intensidade antes de provocar danos maiores. N\u00e3o houve registro de feridos, nem preju\u00edzos estruturais \u00e0 sede do Executivo Municipal, evitando consequ\u00eancias mais graves para a \u00e1rea central da cidade.<\/p>\n\n\n\n<p>Moradores relataram preocupa\u00e7\u00e3o com o ac\u00famulo de lixo, entulho e mato no local, al\u00e9m de cobrarem mais aten\u00e7\u00e3o \u00e0 limpeza urbana. A legisla\u00e7\u00e3o municipal prev\u00ea que o descarte correto de res\u00edduos \u00e9 responsabilidade da popula\u00e7\u00e3o, mas o epis\u00f3dio reacende o debate sobre preven\u00e7\u00e3o e fiscaliza\u00e7\u00e3o.<\/p>\n\n\n\n<p>Independentemente da causa oficial, o inc\u00eandio serve de alerta para os riscos da queima de lixo ou vegeta\u00e7\u00e3o em \u00e1reas urbanas. A pr\u00e1tica \u00e9 perigosa, facilita a propaga\u00e7\u00e3o do fogo e pode colocar em risco patrim\u00f4nios p\u00fablicos, resid\u00eancias e vidas.<\/p>\n\n\n\n<p>As autoridades devem apurar as circunst\u00e2ncias do caso. A orienta\u00e7\u00e3o \u00e9 para que a popula\u00e7\u00e3o evite qualquer tipo de queima irregular, fa\u00e7a o descarte correto dos res\u00edduos e denuncie situa\u00e7\u00f5es de risco para prevenir novos inc\u00eandios em Maca\u00fabas.<\/p>\n","protected":false},"excerpt":{"rendered":"<p>Um inc\u00eandio foi registrado na madrugada deste s\u00e1bado (17) em uma \u00e1rea localizada nos fundos da Prefeitura de Maca\u00fabas, nas proximidades da pra\u00e7a matriz. Apesar do susto, as chamas n\u00e3o atingiram o pr\u00e9dio principal do Executivo Municipal, segundo informa\u00e7\u00f5es apuradas no local. O fogo alcan\u00e7ou um im\u00f3vel situado atr\u00e1s da sede da Prefeitura, em um trecho pr\u00f3ximo \u00e0 Coco Gesso, na rua de acesso ao CETEP. As chamas come\u00e7aram por volta da meia-noite e se espalharam durante a madrugada, chamando a aten\u00e7\u00e3o de moradores pela intensidade do inc\u00eandio. Relatos iniciais apontam que o fogo pode ter come\u00e7ado ap\u00f3s a queima de lixo e pequeno entulho deixados na via p\u00fablica. A informa\u00e7\u00e3o, no entanto, ainda n\u00e3o foi confirmada oficialmente. Pela manh\u00e3, por volta das 6h30, a reportagem constatou vest\u00edgios de queima de res\u00edduos na cal\u00e7ada e em \u00e1rea de mato. Esse cen\u00e1rio pode ter contribu\u00eddo para que o inc\u00eandio se alastrasse, atingindo o muro e a \u00e1rea externa do pr\u00e9dio localizado nos fundos da Prefeitura. O local apresentava sinais de pequena destrui\u00e7\u00e3o, principalmente fora das edifica\u00e7\u00f5es, mas o risco foi considerado elevado devido \u00e0 proximidade com pr\u00e9dios p\u00fablicos e com\u00e9rcios. Felizmente, as chamas perderam intensidade antes de provocar danos maiores. N\u00e3o houve registro de feridos, nem preju\u00edzos estruturais \u00e0 sede do Executivo Municipal, evitando consequ\u00eancias mais graves para a \u00e1rea central da cidade. Moradores relataram preocupa\u00e7\u00e3o com o ac\u00famulo de lixo, entulho e mato no local, al\u00e9m de cobrarem mais aten\u00e7\u00e3o \u00e0 limpeza urbana. A legisla\u00e7\u00e3o municipal prev\u00ea que o descarte correto de res\u00edduos \u00e9 responsabilidade da popula\u00e7\u00e3o, mas o epis\u00f3dio reacende o debate sobre preven\u00e7\u00e3o e fiscaliza\u00e7\u00e3o. Independentemente da causa oficial, o inc\u00eandio serve de alerta para os riscos da queima de lixo ou vegeta\u00e7\u00e3o em \u00e1reas urbanas. A pr\u00e1tica \u00e9 perigosa, facilita a propaga\u00e7\u00e3o do fogo e pode colocar em risco patrim\u00f4nios p\u00fablicos, resid\u00eancias e vidas. As autoridades devem apurar as circunst\u00e2ncias do caso. A orienta\u00e7\u00e3o \u00e9 para que a popula\u00e7\u00e3o evite qualquer tipo de queima irregular, fa\u00e7a o descarte correto dos res\u00edduos e denuncie situa\u00e7\u00f5es de risco para prevenir novos inc\u00eandios em Maca\u00fabas.<\/p>\n","protected":false},"author":1,"featured_media":6384,"comment_status":"open","ping_status":"open","sticky":false,"template":"","format":"standard","meta":{"footnotes":""},"categories":[4,46],"tags":[],"class_list":["post-6356","post","type-post","status-publish","format-standard","has-post-thumbnail","hentry","category-cidades","category-macaubas"],"yoast_head":"<!-- This site is optimized with the Yoast SEO plugin v26.5 - https:\/\/yoast.com\/wordpress\/plugins\/seo\/ -->\n<title>Inc\u00eandio atinge \u00e1rea nos fundos da Prefeitura de Maca\u00fabas e mobiliza aten\u00e7\u00e3o na madrugada - Sudoesteacontece<\/title>\n<meta name=\"robots\" content=\"index, follow, max-snippet:-1, max-image-preview:large, max-video-preview:-1\" \/>\n<link rel=\"canonical\" href=\"https:\/\/sudoesteacontece.com.br\/?p=6356\" \/>\n<meta property=\"og:locale\" content=\"pt_BR\" \/>\n<meta property=\"og:type\" content=\"article\" \/>\n<meta property=\"og:title\" content=\"Inc\u00eandio atinge \u00e1rea nos fundos da Prefeitura de Maca\u00fabas e mobiliza aten\u00e7\u00e3o na madrugada - Sudoesteacontece\" \/>\n<meta property=\"og:description\" content=\"Um inc\u00eandio foi registrado na madrugada deste s\u00e1bado (17) em uma \u00e1rea localizada nos fundos da Prefeitura de Maca\u00fabas, nas proximidades da pra\u00e7a matriz. Apesar do susto, as chamas n\u00e3o atingiram o pr\u00e9dio principal do Executivo Municipal, segundo informa\u00e7\u00f5es apuradas no local. O fogo alcan\u00e7ou um im\u00f3vel situado atr\u00e1s da sede da Prefeitura, em um trecho pr\u00f3ximo \u00e0 Coco Gesso, na rua de acesso ao CETEP. As chamas come\u00e7aram por volta da meia-noite e se espalharam durante a madrugada, chamando a aten\u00e7\u00e3o de moradores pela intensidade do inc\u00eandio. Relatos iniciais apontam que o fogo pode ter come\u00e7ado ap\u00f3s a queima de lixo e pequeno entulho deixados na via p\u00fablica. A informa\u00e7\u00e3o, no entanto, ainda n\u00e3o foi confirmada oficialmente. Pela manh\u00e3, por volta das 6h30, a reportagem constatou vest\u00edgios de queima de res\u00edduos na cal\u00e7ada e em \u00e1rea de mato. Esse cen\u00e1rio pode ter contribu\u00eddo para que o inc\u00eandio se alastrasse, atingindo o muro e a \u00e1rea externa do pr\u00e9dio localizado nos fundos da Prefeitura. O local apresentava sinais de pequena destrui\u00e7\u00e3o, principalmente fora das edifica\u00e7\u00f5es, mas o risco foi considerado elevado devido \u00e0 proximidade com pr\u00e9dios p\u00fablicos e com\u00e9rcios. Felizmente, as chamas perderam intensidade antes de provocar danos maiores. N\u00e3o houve registro de feridos, nem preju\u00edzos estruturais \u00e0 sede do Executivo Municipal, evitando consequ\u00eancias mais graves para a \u00e1rea central da cidade. Moradores relataram preocupa\u00e7\u00e3o com o ac\u00famulo de lixo, entulho e mato no local, al\u00e9m de cobrarem mais aten\u00e7\u00e3o \u00e0 limpeza urbana. A legisla\u00e7\u00e3o municipal prev\u00ea que o descarte correto de res\u00edduos \u00e9 responsabilidade da popula\u00e7\u00e3o, mas o epis\u00f3dio reacende o debate sobre preven\u00e7\u00e3o e fiscaliza\u00e7\u00e3o. Independentemente da causa oficial, o inc\u00eandio serve de alerta para os riscos da queima de lixo ou vegeta\u00e7\u00e3o em \u00e1reas urbanas. A pr\u00e1tica \u00e9 perigosa, facilita a propaga\u00e7\u00e3o do fogo e pode colocar em risco patrim\u00f4nios p\u00fablicos, resid\u00eancias e vidas. As autoridades devem apurar as circunst\u00e2ncias do caso. A orienta\u00e7\u00e3o \u00e9 para que a popula\u00e7\u00e3o evite qualquer tipo de queima irregular, fa\u00e7a o descarte correto dos res\u00edduos e denuncie situa\u00e7\u00f5es de risco para prevenir novos inc\u00eandios em Maca\u00fabas.\" \/>\n<meta property=\"og:url\" content=\"https:\/\/sudoesteacontece.com.br\/?p=6356\" \/>\n<meta property=\"og:site_name\" content=\"Sudoesteacontece\" \/>\n<meta property=\"article:publisher\" content=\"https:\/\/www.facebook.com\/sudoesteacontece\/?locale=pt_BR\" \/>\n<meta property=\"article:published_time\" content=\"2026-01-19T13:27:27+00:00\" \/>\n<meta property=\"article:modified_time\" content=\"2026-01-19T13:27:33+00:00\" \/>\n<meta property=\"og:image\" content=\"https:\/\/sudoesteacontece.com.br\/wp-content\/uploads\/2026\/01\/Incendio-atinge-area-nos-fundos-da-Prefeitura-de-Macaubas-e-mobiliza-atencao-na-madrugada-sudoeste-acontece.jpg\" \/>\n\t<meta property=\"og:image:width\" content=\"900\" \/>\n\t<meta property=\"og:image:height\" content=\"600\" \/>\n\t<meta property=\"og:image:type\" content=\"image\/jpeg\" \/>\n<meta name=\"author\" content=\"sudoesteacontece\" \/>\n<meta name=\"twitter:card\" content=\"summary_large_image\" \/>\n<meta name=\"twitter:label1\" content=\"Escrito por\" \/>\n\t<meta name=\"twitter:data1\" content=\"sudoesteacontece\" \/>\n\t<meta name=\"twitter:label2\" content=\"Est. tempo de leitura\" \/>\n\t<meta name=\"twitter:data2\" content=\"3 minutos\" \/>\n<script type=\"application\/ld+json\" class=\"yoast-schema-graph\">{\"@context\":\"https:\/\/schema.org\",\"@graph\":[{\"@type\":\"Article\",\"@id\":\"https:\/\/sudoesteacontece.com.br\/?p=6356#article\",\"isPartOf\":{\"@id\":\"https:\/\/sudoesteacontece.com.br\/?p=6356\"},\"author\":{\"name\":\"sudoesteacontece\",\"@id\":\"https:\/\/sudoesteacontece.com.br\/#\/schema\/person\/f4b00cd0a26ac17646f19707cdceb2ce\"},\"headline\":\"Inc\u00eandio atinge \u00e1rea nos fundos da Prefeitura de Maca\u00fabas e mobiliza aten\u00e7\u00e3o na madrugada\",\"datePublished\":\"2026-01-19T13:27:27+00:00\",\"dateModified\":\"2026-01-19T13:27:33+00:00\",\"mainEntityOfPage\":{\"@id\":\"https:\/\/sudoesteacontece.com.br\/?p=6356\"},\"wordCount\":413,\"commentCount\":0,\"publisher\":{\"@id\":\"https:\/\/sudoesteacontece.com.br\/#organization\"},\"image\":{\"@id\":\"https:\/\/sudoesteacontece.com.br\/?p=6356#primaryimage\"},\"thumbnailUrl\":\"https:\/\/sudoesteacontece.com.br\/wp-content\/uploads\/2026\/01\/Incendio-atinge-area-nos-fundos-da-Prefeitura-de-Macaubas-e-mobiliza-atencao-na-madrugada-sudoeste-acontece.jpg\",\"articleSection\":[\"Cidades\",\"Maca\u00fabas\"],\"inLanguage\":\"pt-BR\",\"potentialAction\":[{\"@type\":\"CommentAction\",\"name\":\"Comment\",\"target\":[\"https:\/\/sudoesteacontece.com.br\/?p=6356#respond\"]}]},{\"@type\":\"WebPage\",\"@id\":\"https:\/\/sudoesteacontece.com.br\/?p=6356\",\"url\":\"https:\/\/sudoesteacontece.com.br\/?p=6356\",\"name\":\"Inc\u00eandio atinge \u00e1rea nos fundos da Prefeitura de Maca\u00fabas e mobiliza aten\u00e7\u00e3o na madrugada - Sudoesteacontece\",\"isPartOf\":{\"@id\":\"https:\/\/sudoesteacontece.com.br\/#website\"},\"primaryImageOfPage\":{\"@id\":\"https:\/\/sudoesteacontece.com.br\/?p=6356#primaryimage\"},\"image\":{\"@id\":\"https:\/\/sudoesteacontece.com.br\/?p=6356#primaryimage\"},\"thumbnailUrl\":\"https:\/\/sudoesteacontece.com.br\/wp-content\/uploads\/2026\/01\/Incendio-atinge-area-nos-fundos-da-Prefeitura-de-Macaubas-e-mobiliza-atencao-na-madrugada-sudoeste-acontece.jpg\",\"datePublished\":\"2026-01-19T13:27:27+00:00\",\"dateModified\":\"2026-01-19T13:27:33+00:00\",\"breadcrumb\":{\"@id\":\"https:\/\/sudoesteacontece.com.br\/?p=6356#breadcrumb\"},\"inLanguage\":\"pt-BR\",\"potentialAction\":[{\"@type\":\"ReadAction\",\"target\":[\"https:\/\/sudoesteacontece.com.br\/?p=6356\"]}]},{\"@type\":\"ImageObject\",\"inLanguage\":\"pt-BR\",\"@id\":\"https:\/\/sudoesteacontece.com.br\/?p=6356#primaryimage\",\"url\":\"https:\/\/sudoesteacontece.com.br\/wp-content\/uploads\/2026\/01\/Incendio-atinge-area-nos-fundos-da-Prefeitura-de-Macaubas-e-mobiliza-atencao-na-madrugada-sudoeste-acontece.jpg\",\"contentUrl\":\"https:\/\/sudoesteacontece.com.br\/wp-content\/uploads\/2026\/01\/Incendio-atinge-area-nos-fundos-da-Prefeitura-de-Macaubas-e-mobiliza-atencao-na-madrugada-sudoeste-acontece.jpg\",\"width\":900,\"height\":600},{\"@type\":\"BreadcrumbList\",\"@id\":\"https:\/\/sudoesteacontece.com.br\/?p=6356#breadcrumb\",\"itemListElement\":[{\"@type\":\"ListItem\",\"position\":1,\"name\":\"In\u00edcio\",\"item\":\"https:\/\/sudoesteacontece.com.br\/\"},{\"@type\":\"ListItem\",\"position\":2,\"name\":\"Inc\u00eandio atinge \u00e1rea nos fundos da Prefeitura de Maca\u00fabas e mobiliza aten\u00e7\u00e3o na madrugada\"}]},{\"@type\":\"WebSite\",\"@id\":\"https:\/\/sudoesteacontece.com.br\/#website\",\"url\":\"https:\/\/sudoesteacontece.com.br\/\",\"name\":\"Sudoesteacontece\",\"description\":\"\",\"publisher\":{\"@id\":\"https:\/\/sudoesteacontece.com.br\/#organization\"},\"potentialAction\":[{\"@type\":\"SearchAction\",\"target\":{\"@type\":\"EntryPoint\",\"urlTemplate\":\"https:\/\/sudoesteacontece.com.br\/?s={search_term_string}\"},\"query-input\":{\"@type\":\"PropertyValueSpecification\",\"valueRequired\":true,\"valueName\":\"search_term_string\"}}],\"inLanguage\":\"pt-BR\"},{\"@type\":\"Organization\",\"@id\":\"https:\/\/sudoesteacontece.com.br\/#organization\",\"name\":\"Sudoesteacontece\",\"url\":\"https:\/\/sudoesteacontece.com.br\/\",\"logo\":{\"@type\":\"ImageObject\",\"inLanguage\":\"pt-BR\",\"@id\":\"https:\/\/sudoesteacontece.com.br\/#\/schema\/logo\/image\/\",\"url\":\"https:\/\/sudoesteacontece.com.br\/wp-content\/uploads\/2025\/12\/cropped-logo-2-180x180-1.png\",\"contentUrl\":\"https:\/\/sudoesteacontece.com.br\/wp-content\/uploads\/2025\/12\/cropped-logo-2-180x180-1.png\",\"width\":180,\"height\":180,\"caption\":\"Sudoesteacontece\"},\"image\":{\"@id\":\"https:\/\/sudoesteacontece.com.br\/#\/schema\/logo\/image\/\"},\"sameAs\":[\"https:\/\/www.facebook.com\/sudoesteacontece\/?locale=pt_BR\"]},{\"@type\":\"Person\",\"@id\":\"https:\/\/sudoesteacontece.com.br\/#\/schema\/person\/f4b00cd0a26ac17646f19707cdceb2ce\",\"name\":\"sudoesteacontece\",\"image\":{\"@type\":\"ImageObject\",\"inLanguage\":\"pt-BR\",\"@id\":\"https:\/\/sudoesteacontece.com.br\/#\/schema\/person\/image\/\",\"url\":\"https:\/\/secure.gravatar.com\/avatar\/704557d1f79b454f041f9e5935f2b0e8393614e97e537fc508d1d628292cacfd?s=96&d=mm&r=g\",\"contentUrl\":\"https:\/\/secure.gravatar.com\/avatar\/704557d1f79b454f041f9e5935f2b0e8393614e97e537fc508d1d628292cacfd?s=96&d=mm&r=g\",\"caption\":\"sudoesteacontece\"},\"sameAs\":[\"http:\/\/sudoesteacontece.com.br\"],\"url\":\"https:\/\/sudoesteacontece.com.br\/?author=1\"}]}<\/script>\n<!-- \/ Yoast SEO plugin. -->","yoast_head_json":{"title":"Inc\u00eandio atinge \u00e1rea nos fundos da Prefeitura de Maca\u00fabas e mobiliza aten\u00e7\u00e3o na madrugada - Sudoesteacontece","robots":{"index":"index","follow":"follow","max-snippet":"max-snippet:-1","max-image-preview":"max-image-preview:large","max-video-preview":"max-video-preview:-1"},"canonical":"https:\/\/sudoesteacontece.com.br\/?p=6356","og_locale":"pt_BR","og_type":"article","og_title":"Inc\u00eandio atinge \u00e1rea nos fundos da Prefeitura de Maca\u00fabas e mobiliza aten\u00e7\u00e3o na madrugada - Sudoesteacontece","og_description":"Um inc\u00eandio foi registrado na madrugada deste s\u00e1bado (17) em uma \u00e1rea localizada nos fundos da Prefeitura de Maca\u00fabas, nas proximidades da pra\u00e7a matriz. Apesar do susto, as chamas n\u00e3o atingiram o pr\u00e9dio principal do Executivo Municipal, segundo informa\u00e7\u00f5es apuradas no local. O fogo alcan\u00e7ou um im\u00f3vel situado atr\u00e1s da sede da Prefeitura, em um trecho pr\u00f3ximo \u00e0 Coco Gesso, na rua de acesso ao CETEP. As chamas come\u00e7aram por volta da meia-noite e se espalharam durante a madrugada, chamando a aten\u00e7\u00e3o de moradores pela intensidade do inc\u00eandio. Relatos iniciais apontam que o fogo pode ter come\u00e7ado ap\u00f3s a queima de lixo e pequeno entulho deixados na via p\u00fablica. A informa\u00e7\u00e3o, no entanto, ainda n\u00e3o foi confirmada oficialmente. Pela manh\u00e3, por volta das 6h30, a reportagem constatou vest\u00edgios de queima de res\u00edduos na cal\u00e7ada e em \u00e1rea de mato. Esse cen\u00e1rio pode ter contribu\u00eddo para que o inc\u00eandio se alastrasse, atingindo o muro e a \u00e1rea externa do pr\u00e9dio localizado nos fundos da Prefeitura. O local apresentava sinais de pequena destrui\u00e7\u00e3o, principalmente fora das edifica\u00e7\u00f5es, mas o risco foi considerado elevado devido \u00e0 proximidade com pr\u00e9dios p\u00fablicos e com\u00e9rcios. Felizmente, as chamas perderam intensidade antes de provocar danos maiores. N\u00e3o houve registro de feridos, nem preju\u00edzos estruturais \u00e0 sede do Executivo Municipal, evitando consequ\u00eancias mais graves para a \u00e1rea central da cidade. Moradores relataram preocupa\u00e7\u00e3o com o ac\u00famulo de lixo, entulho e mato no local, al\u00e9m de cobrarem mais aten\u00e7\u00e3o \u00e0 limpeza urbana. A legisla\u00e7\u00e3o municipal prev\u00ea que o descarte correto de res\u00edduos \u00e9 responsabilidade da popula\u00e7\u00e3o, mas o epis\u00f3dio reacende o debate sobre preven\u00e7\u00e3o e fiscaliza\u00e7\u00e3o. Independentemente da causa oficial, o inc\u00eandio serve de alerta para os riscos da queima de lixo ou vegeta\u00e7\u00e3o em \u00e1reas urbanas. A pr\u00e1tica \u00e9 perigosa, facilita a propaga\u00e7\u00e3o do fogo e pode colocar em risco patrim\u00f4nios p\u00fablicos, resid\u00eancias e vidas. As autoridades devem apurar as circunst\u00e2ncias do caso. A orienta\u00e7\u00e3o \u00e9 para que a popula\u00e7\u00e3o evite qualquer tipo de queima irregular, fa\u00e7a o descarte correto dos res\u00edduos e denuncie situa\u00e7\u00f5es de risco para prevenir novos inc\u00eandios em Maca\u00fabas.","og_url":"https:\/\/sudoesteacontece.com.br\/?p=6356","og_site_name":"Sudoesteacontece","article_publisher":"https:\/\/www.facebook.com\/sudoesteacontece\/?locale=pt_BR","article_published_time":"2026-01-19T13:27:27+00:00","article_modified_time":"2026-01-19T13:27:33+00:00","og_image":[{"width":900,"height":600,"url":"https:\/\/sudoesteacontece.com.br\/wp-content\/uploads\/2026\/01\/Incendio-atinge-area-nos-fundos-da-Prefeitura-de-Macaubas-e-mobiliza-atencao-na-madrugada-sudoeste-acontece.jpg","type":"image\/jpeg"}],"author":"sudoesteacontece","twitter_card":"summary_large_image","twitter_misc":{"Escrito por":"sudoesteacontece","Est. tempo de leitura":"3 minutos"},"schema":{"@context":"https:\/\/schema.org","@graph":[{"@type":"Article","@id":"https:\/\/sudoesteacontece.com.br\/?p=6356#article","isPartOf":{"@id":"https:\/\/sudoesteacontece.com.br\/?p=6356"},"author":{"name":"sudoesteacontece","@id":"https:\/\/sudoesteacontece.com.br\/#\/schema\/person\/f4b00cd0a26ac17646f19707cdceb2ce"},"headline":"Inc\u00eandio atinge \u00e1rea nos fundos da Prefeitura de Maca\u00fabas e mobiliza aten\u00e7\u00e3o na madrugada","datePublished":"2026-01-19T13:27:27+00:00","dateModified":"2026-01-19T13:27:33+00:00","mainEntityOfPage":{"@id":"https:\/\/sudoesteacontece.com.br\/?p=6356"},"wordCount":413,"commentCount":0,"publisher":{"@id":"https:\/\/sudoesteacontece.com.br\/#organization"},"image":{"@id":"https:\/\/sudoesteacontece.com.br\/?p=6356#primaryimage"},"thumbnailUrl":"https:\/\/sudoesteacontece.com.br\/wp-content\/uploads\/2026\/01\/Incendio-atinge-area-nos-fundos-da-Prefeitura-de-Macaubas-e-mobiliza-atencao-na-madrugada-sudoeste-acontece.jpg","articleSection":["Cidades","Maca\u00fabas"],"inLanguage":"pt-BR","potentialAction":[{"@type":"CommentAction","name":"Comment","target":["https:\/\/sudoesteacontece.com.br\/?p=6356#respond"]}]},{"@type":"WebPage","@id":"https:\/\/sudoesteacontece.com.br\/?p=6356","url":"https:\/\/sudoesteacontece.com.br\/?p=6356","name":"Inc\u00eandio atinge \u00e1rea nos fundos da Prefeitura de Maca\u00fabas e mobiliza aten\u00e7\u00e3o na madrugada - Sudoesteacontece","isPartOf":{"@id":"https:\/\/sudoesteacontece.com.br\/#website"},"primaryImageOfPage":{"@id":"https:\/\/sudoesteacontece.com.br\/?p=6356#primaryimage"},"image":{"@id":"https:\/\/sudoesteacontece.com.br\/?p=6356#primaryimage"},"thumbnailUrl":"https:\/\/sudoesteacontece.com.br\/wp-content\/uploads\/2026\/01\/Incendio-atinge-area-nos-fundos-da-Prefeitura-de-Macaubas-e-mobiliza-atencao-na-madrugada-sudoeste-acontece.jpg","datePublished":"2026-01-19T13:27:27+00:00","dateModified":"2026-01-19T13:27:33+00:00","breadcrumb":{"@id":"https:\/\/sudoesteacontece.com.br\/?p=6356#breadcrumb"},"inLanguage":"pt-BR","potentialAction":[{"@type":"ReadAction","target":["https:\/\/sudoesteacontece.com.br\/?p=6356"]}]},{"@type":"ImageObject","inLanguage":"pt-BR","@id":"https:\/\/sudoesteacontece.com.br\/?p=6356#primaryimage","url":"https:\/\/sudoesteacontece.com.br\/wp-content\/uploads\/2026\/01\/Incendio-atinge-area-nos-fundos-da-Prefeitura-de-Macaubas-e-mobiliza-atencao-na-madrugada-sudoeste-acontece.jpg","contentUrl":"https:\/\/sudoesteacontece.com.br\/wp-content\/uploads\/2026\/01\/Incendio-atinge-area-nos-fundos-da-Prefeitura-de-Macaubas-e-mobiliza-atencao-na-madrugada-sudoeste-acontece.jpg","width":900,"height":600},{"@type":"BreadcrumbList","@id":"https:\/\/sudoesteacontece.com.br\/?p=6356#breadcrumb","itemListElement":[{"@type":"ListItem","position":1,"name":"In\u00edcio","item":"https:\/\/sudoesteacontece.com.br\/"},{"@type":"ListItem","position":2,"name":"Inc\u00eandio atinge \u00e1rea nos fundos da Prefeitura de Maca\u00fabas e mobiliza aten\u00e7\u00e3o na madrugada"}]},{"@type":"WebSite","@id":"https:\/\/sudoesteacontece.com.br\/#website","url":"https:\/\/sudoesteacontece.com.br\/","name":"Sudoesteacontece","description":"","publisher":{"@id":"https:\/\/sudoesteacontece.com.br\/#organization"},"potentialAction":[{"@type":"SearchAction","target":{"@type":"EntryPoint","urlTemplate":"https:\/\/sudoesteacontece.com.br\/?s={search_term_string}"},"query-input":{"@type":"PropertyValueSpecification","valueRequired":true,"valueName":"search_term_string"}}],"inLanguage":"pt-BR"},{"@type":"Organization","@id":"https:\/\/sudoesteacontece.com.br\/#organization","name":"Sudoesteacontece","url":"https:\/\/sudoesteacontece.com.br\/","logo":{"@type":"ImageObject","inLanguage":"pt-BR","@id":"https:\/\/sudoesteacontece.com.br\/#\/schema\/logo\/image\/","url":"https:\/\/sudoesteacontece.com.br\/wp-content\/uploads\/2025\/12\/cropped-logo-2-180x180-1.png","contentUrl":"https:\/\/sudoesteacontece.com.br\/wp-content\/uploads\/2025\/12\/cropped-logo-2-180x180-1.png","width":180,"height":180,"caption":"Sudoesteacontece"},"image":{"@id":"https:\/\/sudoesteacontece.com.br\/#\/schema\/logo\/image\/"},"sameAs":["https:\/\/www.facebook.com\/sudoesteacontece\/?locale=pt_BR"]},{"@type":"Person","@id":"https:\/\/sudoesteacontece.com.br\/#\/schema\/person\/f4b00cd0a26ac17646f19707cdceb2ce","name":"sudoesteacontece","image":{"@type":"ImageObject","inLanguage":"pt-BR","@id":"https:\/\/sudoesteacontece.com.br\/#\/schema\/person\/image\/","url":"https:\/\/secure.gravatar.com\/avatar\/704557d1f79b454f041f9e5935f2b0e8393614e97e537fc508d1d628292cacfd?s=96&d=mm&r=g","contentUrl":"https:\/\/secure.gravatar.com\/avatar\/704557d1f79b454f041f9e5935f2b0e8393614e97e537fc508d1d628292cacfd?s=96&d=mm&r=g","caption":"sudoesteacontece"},"sameAs":["http:\/\/sudoesteacontece.com.br"],"url":"https:\/\/sudoesteacontece.com.br\/?author=1"}]}},"_links":{"self":[{"href":"https:\/\/sudoesteacontece.com.br\/index.php?rest_route=\/wp\/v2\/posts\/6356","targetHints":{"allow":["GET"]}}],"collection":[{"href":"https:\/\/sudoesteacontece.com.br\/index.php?rest_route=\/wp\/v2\/posts"}],"about":[{"href":"https:\/\/sudoesteacontece.com.br\/index.php?rest_route=\/wp\/v2\/types\/post"}],"author":[{"embeddable":true,"href":"https:\/\/sudoesteacontece.com.br\/index.php?rest_route=\/wp\/v2\/users\/1"}],"replies":[{"embeddable":true,"href":"https:\/\/sudoesteacontece.com.br\/index.php?rest_route=%2Fwp%2Fv2%2Fcomments&post=6356"}],"version-history":[{"count":0,"href":"https:\/\/sudoesteacontece.com.br\/index.php?rest_route=\/wp\/v2\/posts\/6356\/revisions"}],"wp:featuredmedia":[{"embeddable":true,"href":"https:\/\/sudoesteacontece.com.br\/index.php?rest_route=\/wp\/v2\/media\/6384"}],"wp:attachment":[{"href":"https:\/\/sudoesteacontece.com.br\/index.php?rest_route=%2Fwp%2Fv2%2Fmedia&parent=6356"}],"wp:term":[{"taxonomy":"category","embeddable":true,"href":"https:\/\/sudoesteacontece.com.br\/index.php?rest_route=%2Fwp%2Fv2%2Fcategories&post=6356"},{"taxonomy":"post_tag","embeddable":true,"href":"https:\/\/sudoesteacontece.com.br\/index.php?rest_route=%2Fwp%2Fv2%2Ftags&post=6356"}],"curies":[{"name":"wp","href":"https:\/\/api.w.org\/{rel}","templated":true}]}}