{"id":6387,"date":"2026-01-19T15:21:57","date_gmt":"2026-01-19T18:21:57","guid":{"rendered":"https:\/\/sudoesteacontece.com.br\/?p=6387"},"modified":"2026-01-19T15:22:03","modified_gmt":"2026-01-19T18:22:03","slug":"capotamento-na-br-122-em-candiba-deixa-tres-ilesos-e-causa-apenas-danos-materiais","status":"publish","type":"post","link":"https:\/\/sudoesteacontece.com.br\/?p=6387","title":{"rendered":"Capotamento na BR-122 em Candiba deixa tr\u00eas ilesos e causa apenas danos materiais"},"content":{"rendered":"<div class=\"wp-block-image\">\n<figure class=\"aligncenter size-full\"><img fetchpriority=\"high\" decoding=\"async\" width=\"900\" height=\"600\" src=\"http:\/\/sudoesteacontece.com.br\/wp-content\/uploads\/2026\/01\/Capotamento-na-BR-122-em-Candiba-deixa-tres-ilesos-e-causa-apenas-danos-materiais.jpg\" alt=\"\" class=\"wp-image-6398\" srcset=\"https:\/\/sudoesteacontece.com.br\/wp-content\/uploads\/2026\/01\/Capotamento-na-BR-122-em-Candiba-deixa-tres-ilesos-e-causa-apenas-danos-materiais.jpg 900w, https:\/\/sudoesteacontece.com.br\/wp-content\/uploads\/2026\/01\/Capotamento-na-BR-122-em-Candiba-deixa-tres-ilesos-e-causa-apenas-danos-materiais-300x200.jpg 300w, https:\/\/sudoesteacontece.com.br\/wp-content\/uploads\/2026\/01\/Capotamento-na-BR-122-em-Candiba-deixa-tres-ilesos-e-causa-apenas-danos-materiais-768x512.jpg 768w\" sizes=\"(max-width: 900px) 100vw, 900px\" \/><\/figure>\n<\/div>\n\n\n<p>Um capotamento foi registrado na manh\u00e3 de s\u00e1bado (17) na BR-122, na zona rural de Candiba, no sudoeste da Bahia. O acidente aconteceu em frente \u00e0 entrada do O\u00e1sis Park e, apesar do impacto, n\u00e3o deixou feridos, apenas danos materiais.<\/p>\n\n\n\n<p>De acordo com as informa\u00e7\u00f5es, o caso ocorreu por volta das 11h e envolveu um Chevrolet Classic LS, de cor preta. O ve\u00edculo era conduzido por uma mulher de 36 anos, que seguia pela rodovia acompanhada de familiares no momento do acidente.<\/p>\n\n\n\n<p>Segundo relato da condutora, uma carreta ba\u00fa branca, com placa n\u00e3o identificada, teria fechado o carro. Para evitar a colis\u00e3o, ela saiu da pista, perdeu o controle da dire\u00e7\u00e3o e acabou capotando \u00e0s margens da rodovia.<\/p>\n\n\n\n<p>Apesar do susto, os tr\u00eas ocupantes do ve\u00edculo, uma mulher de 36 anos, outra de 58 e uma crian\u00e7a de 2 anos, sa\u00edram ilesos. Nenhuma das v\u00edtimas precisou de atendimento m\u00e9dico, sendo registrados apenas preju\u00edzos materiais.<\/p>\n\n\n\n<p>Ap\u00f3s o ocorrido, a via foi sinalizada para garantir a seguran\u00e7a dos demais motoristas. O carro foi removido por um guincho acionado pela pr\u00f3pria condutora, e o tr\u00e1fego seguiu normalmente no trecho.<\/p>\n","protected":false},"excerpt":{"rendered":"<p>Um capotamento foi registrado na manh\u00e3 de s\u00e1bado (17) na BR-122, na zona rural de Candiba, no sudoeste da Bahia. O acidente aconteceu em frente \u00e0 entrada do O\u00e1sis Park e, apesar do impacto, n\u00e3o deixou feridos, apenas danos materiais. De acordo com as informa\u00e7\u00f5es, o caso ocorreu por volta das 11h e envolveu um Chevrolet Classic LS, de cor preta. O ve\u00edculo era conduzido por uma mulher de 36 anos, que seguia pela rodovia acompanhada de familiares no momento do acidente. Segundo relato da condutora, uma carreta ba\u00fa branca, com placa n\u00e3o identificada, teria fechado o carro. Para evitar a colis\u00e3o, ela saiu da pista, perdeu o controle da dire\u00e7\u00e3o e acabou capotando \u00e0s margens da rodovia. Apesar do susto, os tr\u00eas ocupantes do ve\u00edculo, uma mulher de 36 anos, outra de 58 e uma crian\u00e7a de 2 anos, sa\u00edram ilesos. Nenhuma das v\u00edtimas precisou de atendimento m\u00e9dico, sendo registrados apenas preju\u00edzos materiais. Ap\u00f3s o ocorrido, a via foi sinalizada para garantir a seguran\u00e7a dos demais motoristas. O carro foi removido por um guincho acionado pela pr\u00f3pria condutora, e o tr\u00e1fego seguiu normalmente no trecho.<\/p>\n","protected":false},"author":4,"featured_media":6398,"comment_status":"open","ping_status":"open","sticky":false,"template":"","format":"standard","meta":{"footnotes":""},"categories":[5,84],"tags":[],"class_list":["post-6387","post","type-post","status-publish","format-standard","has-post-thumbnail","hentry","category-acidente","category-candiba"],"yoast_head":"<!-- This site is optimized with the Yoast SEO plugin v26.5 - https:\/\/yoast.com\/wordpress\/plugins\/seo\/ -->\n<title>Capotamento na BR-122 em Candiba deixa tr\u00eas ilesos e causa apenas danos materiais - Sudoesteacontece<\/title>\n<meta name=\"robots\" content=\"index, follow, max-snippet:-1, max-image-preview:large, max-video-preview:-1\" \/>\n<link rel=\"canonical\" href=\"https:\/\/sudoesteacontece.com.br\/?p=6387\" \/>\n<meta property=\"og:locale\" content=\"pt_BR\" \/>\n<meta property=\"og:type\" content=\"article\" \/>\n<meta property=\"og:title\" content=\"Capotamento na BR-122 em Candiba deixa tr\u00eas ilesos e causa apenas danos materiais - Sudoesteacontece\" \/>\n<meta property=\"og:description\" content=\"Um capotamento foi registrado na manh\u00e3 de s\u00e1bado (17) na BR-122, na zona rural de Candiba, no sudoeste da Bahia. O acidente aconteceu em frente \u00e0 entrada do O\u00e1sis Park e, apesar do impacto, n\u00e3o deixou feridos, apenas danos materiais. De acordo com as informa\u00e7\u00f5es, o caso ocorreu por volta das 11h e envolveu um Chevrolet Classic LS, de cor preta. O ve\u00edculo era conduzido por uma mulher de 36 anos, que seguia pela rodovia acompanhada de familiares no momento do acidente. Segundo relato da condutora, uma carreta ba\u00fa branca, com placa n\u00e3o identificada, teria fechado o carro. Para evitar a colis\u00e3o, ela saiu da pista, perdeu o controle da dire\u00e7\u00e3o e acabou capotando \u00e0s margens da rodovia. Apesar do susto, os tr\u00eas ocupantes do ve\u00edculo, uma mulher de 36 anos, outra de 58 e uma crian\u00e7a de 2 anos, sa\u00edram ilesos. Nenhuma das v\u00edtimas precisou de atendimento m\u00e9dico, sendo registrados apenas preju\u00edzos materiais. Ap\u00f3s o ocorrido, a via foi sinalizada para garantir a seguran\u00e7a dos demais motoristas. O carro foi removido por um guincho acionado pela pr\u00f3pria condutora, e o tr\u00e1fego seguiu normalmente no trecho.\" \/>\n<meta property=\"og:url\" content=\"https:\/\/sudoesteacontece.com.br\/?p=6387\" \/>\n<meta property=\"og:site_name\" content=\"Sudoesteacontece\" \/>\n<meta property=\"article:publisher\" content=\"https:\/\/www.facebook.com\/sudoesteacontece\/?locale=pt_BR\" \/>\n<meta property=\"article:published_time\" content=\"2026-01-19T18:21:57+00:00\" \/>\n<meta property=\"article:modified_time\" content=\"2026-01-19T18:22:03+00:00\" \/>\n<meta property=\"og:image\" content=\"https:\/\/sudoesteacontece.com.br\/wp-content\/uploads\/2026\/01\/Capotamento-na-BR-122-em-Candiba-deixa-tres-ilesos-e-causa-apenas-danos-materiais.jpg\" \/>\n\t<meta property=\"og:image:width\" content=\"900\" \/>\n\t<meta property=\"og:image:height\" content=\"600\" \/>\n\t<meta property=\"og:image:type\" content=\"image\/jpeg\" \/>\n<meta name=\"author\" content=\"Reda\u00e7\u00e3o\" \/>\n<meta name=\"twitter:card\" content=\"summary_large_image\" \/>\n<meta name=\"twitter:label1\" content=\"Escrito por\" \/>\n\t<meta name=\"twitter:data1\" content=\"Reda\u00e7\u00e3o\" \/>\n\t<meta name=\"twitter:label2\" content=\"Est. tempo de leitura\" \/>\n\t<meta name=\"twitter:data2\" content=\"2 minutos\" \/>\n<script type=\"application\/ld+json\" class=\"yoast-schema-graph\">{\"@context\":\"https:\/\/schema.org\",\"@graph\":[{\"@type\":\"Article\",\"@id\":\"https:\/\/sudoesteacontece.com.br\/?p=6387#article\",\"isPartOf\":{\"@id\":\"https:\/\/sudoesteacontece.com.br\/?p=6387\"},\"author\":{\"name\":\"Reda\u00e7\u00e3o\",\"@id\":\"https:\/\/sudoesteacontece.com.br\/#\/schema\/person\/a4f22429c1d0923ef8f7d43343f8dc38\"},\"headline\":\"Capotamento na BR-122 em Candiba deixa tr\u00eas ilesos e causa apenas danos materiais\",\"datePublished\":\"2026-01-19T18:21:57+00:00\",\"dateModified\":\"2026-01-19T18:22:03+00:00\",\"mainEntityOfPage\":{\"@id\":\"https:\/\/sudoesteacontece.com.br\/?p=6387\"},\"wordCount\":213,\"commentCount\":0,\"publisher\":{\"@id\":\"https:\/\/sudoesteacontece.com.br\/#organization\"},\"image\":{\"@id\":\"https:\/\/sudoesteacontece.com.br\/?p=6387#primaryimage\"},\"thumbnailUrl\":\"https:\/\/sudoesteacontece.com.br\/wp-content\/uploads\/2026\/01\/Capotamento-na-BR-122-em-Candiba-deixa-tres-ilesos-e-causa-apenas-danos-materiais.jpg\",\"articleSection\":[\"Acidente\",\"Candiba\"],\"inLanguage\":\"pt-BR\",\"potentialAction\":[{\"@type\":\"CommentAction\",\"name\":\"Comment\",\"target\":[\"https:\/\/sudoesteacontece.com.br\/?p=6387#respond\"]}]},{\"@type\":\"WebPage\",\"@id\":\"https:\/\/sudoesteacontece.com.br\/?p=6387\",\"url\":\"https:\/\/sudoesteacontece.com.br\/?p=6387\",\"name\":\"Capotamento na BR-122 em Candiba deixa tr\u00eas ilesos e causa apenas danos materiais - Sudoesteacontece\",\"isPartOf\":{\"@id\":\"https:\/\/sudoesteacontece.com.br\/#website\"},\"primaryImageOfPage\":{\"@id\":\"https:\/\/sudoesteacontece.com.br\/?p=6387#primaryimage\"},\"image\":{\"@id\":\"https:\/\/sudoesteacontece.com.br\/?p=6387#primaryimage\"},\"thumbnailUrl\":\"https:\/\/sudoesteacontece.com.br\/wp-content\/uploads\/2026\/01\/Capotamento-na-BR-122-em-Candiba-deixa-tres-ilesos-e-causa-apenas-danos-materiais.jpg\",\"datePublished\":\"2026-01-19T18:21:57+00:00\",\"dateModified\":\"2026-01-19T18:22:03+00:00\",\"breadcrumb\":{\"@id\":\"https:\/\/sudoesteacontece.com.br\/?p=6387#breadcrumb\"},\"inLanguage\":\"pt-BR\",\"potentialAction\":[{\"@type\":\"ReadAction\",\"target\":[\"https:\/\/sudoesteacontece.com.br\/?p=6387\"]}]},{\"@type\":\"ImageObject\",\"inLanguage\":\"pt-BR\",\"@id\":\"https:\/\/sudoesteacontece.com.br\/?p=6387#primaryimage\",\"url\":\"https:\/\/sudoesteacontece.com.br\/wp-content\/uploads\/2026\/01\/Capotamento-na-BR-122-em-Candiba-deixa-tres-ilesos-e-causa-apenas-danos-materiais.jpg\",\"contentUrl\":\"https:\/\/sudoesteacontece.com.br\/wp-content\/uploads\/2026\/01\/Capotamento-na-BR-122-em-Candiba-deixa-tres-ilesos-e-causa-apenas-danos-materiais.jpg\",\"width\":900,\"height\":600},{\"@type\":\"BreadcrumbList\",\"@id\":\"https:\/\/sudoesteacontece.com.br\/?p=6387#breadcrumb\",\"itemListElement\":[{\"@type\":\"ListItem\",\"position\":1,\"name\":\"In\u00edcio\",\"item\":\"https:\/\/sudoesteacontece.com.br\/\"},{\"@type\":\"ListItem\",\"position\":2,\"name\":\"Capotamento na BR-122 em Candiba deixa tr\u00eas ilesos e causa apenas danos materiais\"}]},{\"@type\":\"WebSite\",\"@id\":\"https:\/\/sudoesteacontece.com.br\/#website\",\"url\":\"https:\/\/sudoesteacontece.com.br\/\",\"name\":\"Sudoesteacontece\",\"description\":\"\",\"publisher\":{\"@id\":\"https:\/\/sudoesteacontece.com.br\/#organization\"},\"potentialAction\":[{\"@type\":\"SearchAction\",\"target\":{\"@type\":\"EntryPoint\",\"urlTemplate\":\"https:\/\/sudoesteacontece.com.br\/?s={search_term_string}\"},\"query-input\":{\"@type\":\"PropertyValueSpecification\",\"valueRequired\":true,\"valueName\":\"search_term_string\"}}],\"inLanguage\":\"pt-BR\"},{\"@type\":\"Organization\",\"@id\":\"https:\/\/sudoesteacontece.com.br\/#organization\",\"name\":\"Sudoesteacontece\",\"url\":\"https:\/\/sudoesteacontece.com.br\/\",\"logo\":{\"@type\":\"ImageObject\",\"inLanguage\":\"pt-BR\",\"@id\":\"https:\/\/sudoesteacontece.com.br\/#\/schema\/logo\/image\/\",\"url\":\"https:\/\/sudoesteacontece.com.br\/wp-content\/uploads\/2025\/12\/cropped-logo-2-180x180-1.png\",\"contentUrl\":\"https:\/\/sudoesteacontece.com.br\/wp-content\/uploads\/2025\/12\/cropped-logo-2-180x180-1.png\",\"width\":180,\"height\":180,\"caption\":\"Sudoesteacontece\"},\"image\":{\"@id\":\"https:\/\/sudoesteacontece.com.br\/#\/schema\/logo\/image\/\"},\"sameAs\":[\"https:\/\/www.facebook.com\/sudoesteacontece\/?locale=pt_BR\"]},{\"@type\":\"Person\",\"@id\":\"https:\/\/sudoesteacontece.com.br\/#\/schema\/person\/a4f22429c1d0923ef8f7d43343f8dc38\",\"name\":\"Reda\u00e7\u00e3o\",\"image\":{\"@type\":\"ImageObject\",\"inLanguage\":\"pt-BR\",\"@id\":\"https:\/\/sudoesteacontece.com.br\/#\/schema\/person\/image\/\",\"url\":\"https:\/\/secure.gravatar.com\/avatar\/c3a5b3c93f268a709c25a2df414c629a96fb3b1b4bf97a94fb3f72e54ae76903?s=96&d=mm&r=g\",\"contentUrl\":\"https:\/\/secure.gravatar.com\/avatar\/c3a5b3c93f268a709c25a2df414c629a96fb3b1b4bf97a94fb3f72e54ae76903?s=96&d=mm&r=g\",\"caption\":\"Reda\u00e7\u00e3o\"},\"url\":\"https:\/\/sudoesteacontece.com.br\/?author=4\"}]}<\/script>\n<!-- \/ Yoast SEO plugin. -->","yoast_head_json":{"title":"Capotamento na BR-122 em Candiba deixa tr\u00eas ilesos e causa apenas danos materiais - Sudoesteacontece","robots":{"index":"index","follow":"follow","max-snippet":"max-snippet:-1","max-image-preview":"max-image-preview:large","max-video-preview":"max-video-preview:-1"},"canonical":"https:\/\/sudoesteacontece.com.br\/?p=6387","og_locale":"pt_BR","og_type":"article","og_title":"Capotamento na BR-122 em Candiba deixa tr\u00eas ilesos e causa apenas danos materiais - Sudoesteacontece","og_description":"Um capotamento foi registrado na manh\u00e3 de s\u00e1bado (17) na BR-122, na zona rural de Candiba, no sudoeste da Bahia. O acidente aconteceu em frente \u00e0 entrada do O\u00e1sis Park e, apesar do impacto, n\u00e3o deixou feridos, apenas danos materiais. De acordo com as informa\u00e7\u00f5es, o caso ocorreu por volta das 11h e envolveu um Chevrolet Classic LS, de cor preta. O ve\u00edculo era conduzido por uma mulher de 36 anos, que seguia pela rodovia acompanhada de familiares no momento do acidente. Segundo relato da condutora, uma carreta ba\u00fa branca, com placa n\u00e3o identificada, teria fechado o carro. Para evitar a colis\u00e3o, ela saiu da pista, perdeu o controle da dire\u00e7\u00e3o e acabou capotando \u00e0s margens da rodovia. Apesar do susto, os tr\u00eas ocupantes do ve\u00edculo, uma mulher de 36 anos, outra de 58 e uma crian\u00e7a de 2 anos, sa\u00edram ilesos. Nenhuma das v\u00edtimas precisou de atendimento m\u00e9dico, sendo registrados apenas preju\u00edzos materiais. Ap\u00f3s o ocorrido, a via foi sinalizada para garantir a seguran\u00e7a dos demais motoristas. O carro foi removido por um guincho acionado pela pr\u00f3pria condutora, e o tr\u00e1fego seguiu normalmente no trecho.","og_url":"https:\/\/sudoesteacontece.com.br\/?p=6387","og_site_name":"Sudoesteacontece","article_publisher":"https:\/\/www.facebook.com\/sudoesteacontece\/?locale=pt_BR","article_published_time":"2026-01-19T18:21:57+00:00","article_modified_time":"2026-01-19T18:22:03+00:00","og_image":[{"width":900,"height":600,"url":"https:\/\/sudoesteacontece.com.br\/wp-content\/uploads\/2026\/01\/Capotamento-na-BR-122-em-Candiba-deixa-tres-ilesos-e-causa-apenas-danos-materiais.jpg","type":"image\/jpeg"}],"author":"Reda\u00e7\u00e3o","twitter_card":"summary_large_image","twitter_misc":{"Escrito por":"Reda\u00e7\u00e3o","Est. tempo de leitura":"2 minutos"},"schema":{"@context":"https:\/\/schema.org","@graph":[{"@type":"Article","@id":"https:\/\/sudoesteacontece.com.br\/?p=6387#article","isPartOf":{"@id":"https:\/\/sudoesteacontece.com.br\/?p=6387"},"author":{"name":"Reda\u00e7\u00e3o","@id":"https:\/\/sudoesteacontece.com.br\/#\/schema\/person\/a4f22429c1d0923ef8f7d43343f8dc38"},"headline":"Capotamento na BR-122 em Candiba deixa tr\u00eas ilesos e causa apenas danos materiais","datePublished":"2026-01-19T18:21:57+00:00","dateModified":"2026-01-19T18:22:03+00:00","mainEntityOfPage":{"@id":"https:\/\/sudoesteacontece.com.br\/?p=6387"},"wordCount":213,"commentCount":0,"publisher":{"@id":"https:\/\/sudoesteacontece.com.br\/#organization"},"image":{"@id":"https:\/\/sudoesteacontece.com.br\/?p=6387#primaryimage"},"thumbnailUrl":"https:\/\/sudoesteacontece.com.br\/wp-content\/uploads\/2026\/01\/Capotamento-na-BR-122-em-Candiba-deixa-tres-ilesos-e-causa-apenas-danos-materiais.jpg","articleSection":["Acidente","Candiba"],"inLanguage":"pt-BR","potentialAction":[{"@type":"CommentAction","name":"Comment","target":["https:\/\/sudoesteacontece.com.br\/?p=6387#respond"]}]},{"@type":"WebPage","@id":"https:\/\/sudoesteacontece.com.br\/?p=6387","url":"https:\/\/sudoesteacontece.com.br\/?p=6387","name":"Capotamento na BR-122 em Candiba deixa tr\u00eas ilesos e causa apenas danos materiais - Sudoesteacontece","isPartOf":{"@id":"https:\/\/sudoesteacontece.com.br\/#website"},"primaryImageOfPage":{"@id":"https:\/\/sudoesteacontece.com.br\/?p=6387#primaryimage"},"image":{"@id":"https:\/\/sudoesteacontece.com.br\/?p=6387#primaryimage"},"thumbnailUrl":"https:\/\/sudoesteacontece.com.br\/wp-content\/uploads\/2026\/01\/Capotamento-na-BR-122-em-Candiba-deixa-tres-ilesos-e-causa-apenas-danos-materiais.jpg","datePublished":"2026-01-19T18:21:57+00:00","dateModified":"2026-01-19T18:22:03+00:00","breadcrumb":{"@id":"https:\/\/sudoesteacontece.com.br\/?p=6387#breadcrumb"},"inLanguage":"pt-BR","potentialAction":[{"@type":"ReadAction","target":["https:\/\/sudoesteacontece.com.br\/?p=6387"]}]},{"@type":"ImageObject","inLanguage":"pt-BR","@id":"https:\/\/sudoesteacontece.com.br\/?p=6387#primaryimage","url":"https:\/\/sudoesteacontece.com.br\/wp-content\/uploads\/2026\/01\/Capotamento-na-BR-122-em-Candiba-deixa-tres-ilesos-e-causa-apenas-danos-materiais.jpg","contentUrl":"https:\/\/sudoesteacontece.com.br\/wp-content\/uploads\/2026\/01\/Capotamento-na-BR-122-em-Candiba-deixa-tres-ilesos-e-causa-apenas-danos-materiais.jpg","width":900,"height":600},{"@type":"BreadcrumbList","@id":"https:\/\/sudoesteacontece.com.br\/?p=6387#breadcrumb","itemListElement":[{"@type":"ListItem","position":1,"name":"In\u00edcio","item":"https:\/\/sudoesteacontece.com.br\/"},{"@type":"ListItem","position":2,"name":"Capotamento na BR-122 em Candiba deixa tr\u00eas ilesos e causa apenas danos materiais"}]},{"@type":"WebSite","@id":"https:\/\/sudoesteacontece.com.br\/#website","url":"https:\/\/sudoesteacontece.com.br\/","name":"Sudoesteacontece","description":"","publisher":{"@id":"https:\/\/sudoesteacontece.com.br\/#organization"},"potentialAction":[{"@type":"SearchAction","target":{"@type":"EntryPoint","urlTemplate":"https:\/\/sudoesteacontece.com.br\/?s={search_term_string}"},"query-input":{"@type":"PropertyValueSpecification","valueRequired":true,"valueName":"search_term_string"}}],"inLanguage":"pt-BR"},{"@type":"Organization","@id":"https:\/\/sudoesteacontece.com.br\/#organization","name":"Sudoesteacontece","url":"https:\/\/sudoesteacontece.com.br\/","logo":{"@type":"ImageObject","inLanguage":"pt-BR","@id":"https:\/\/sudoesteacontece.com.br\/#\/schema\/logo\/image\/","url":"https:\/\/sudoesteacontece.com.br\/wp-content\/uploads\/2025\/12\/cropped-logo-2-180x180-1.png","contentUrl":"https:\/\/sudoesteacontece.com.br\/wp-content\/uploads\/2025\/12\/cropped-logo-2-180x180-1.png","width":180,"height":180,"caption":"Sudoesteacontece"},"image":{"@id":"https:\/\/sudoesteacontece.com.br\/#\/schema\/logo\/image\/"},"sameAs":["https:\/\/www.facebook.com\/sudoesteacontece\/?locale=pt_BR"]},{"@type":"Person","@id":"https:\/\/sudoesteacontece.com.br\/#\/schema\/person\/a4f22429c1d0923ef8f7d43343f8dc38","name":"Reda\u00e7\u00e3o","image":{"@type":"ImageObject","inLanguage":"pt-BR","@id":"https:\/\/sudoesteacontece.com.br\/#\/schema\/person\/image\/","url":"https:\/\/secure.gravatar.com\/avatar\/c3a5b3c93f268a709c25a2df414c629a96fb3b1b4bf97a94fb3f72e54ae76903?s=96&d=mm&r=g","contentUrl":"https:\/\/secure.gravatar.com\/avatar\/c3a5b3c93f268a709c25a2df414c629a96fb3b1b4bf97a94fb3f72e54ae76903?s=96&d=mm&r=g","caption":"Reda\u00e7\u00e3o"},"url":"https:\/\/sudoesteacontece.com.br\/?author=4"}]}},"_links":{"self":[{"href":"https:\/\/sudoesteacontece.com.br\/index.php?rest_route=\/wp\/v2\/posts\/6387","targetHints":{"allow":["GET"]}}],"collection":[{"href":"https:\/\/sudoesteacontece.com.br\/index.php?rest_route=\/wp\/v2\/posts"}],"about":[{"href":"https:\/\/sudoesteacontece.com.br\/index.php?rest_route=\/wp\/v2\/types\/post"}],"author":[{"embeddable":true,"href":"https:\/\/sudoesteacontece.com.br\/index.php?rest_route=\/wp\/v2\/users\/4"}],"replies":[{"embeddable":true,"href":"https:\/\/sudoesteacontece.com.br\/index.php?rest_route=%2Fwp%2Fv2%2Fcomments&post=6387"}],"version-history":[{"count":0,"href":"https:\/\/sudoesteacontece.com.br\/index.php?rest_route=\/wp\/v2\/posts\/6387\/revisions"}],"wp:featuredmedia":[{"embeddable":true,"href":"https:\/\/sudoesteacontece.com.br\/index.php?rest_route=\/wp\/v2\/media\/6398"}],"wp:attachment":[{"href":"https:\/\/sudoesteacontece.com.br\/index.php?rest_route=%2Fwp%2Fv2%2Fmedia&parent=6387"}],"wp:term":[{"taxonomy":"category","embeddable":true,"href":"https:\/\/sudoesteacontece.com.br\/index.php?rest_route=%2Fwp%2Fv2%2Fcategories&post=6387"},{"taxonomy":"post_tag","embeddable":true,"href":"https:\/\/sudoesteacontece.com.br\/index.php?rest_route=%2Fwp%2Fv2%2Ftags&post=6387"}],"curies":[{"name":"wp","href":"https:\/\/api.w.org\/{rel}","templated":true}]}}