{"id":6441,"date":"2026-01-20T18:12:12","date_gmt":"2026-01-20T21:12:12","guid":{"rendered":"https:\/\/sudoesteacontece.com.br\/?p=6441"},"modified":"2026-01-20T18:12:21","modified_gmt":"2026-01-20T21:12:21","slug":"deputado-da-bahia-adere-a-marcha-de-nikolas-ferreira-rumo-a-brasilia-e-fala-em-defesa-da-liberdade","status":"publish","type":"post","link":"https:\/\/sudoesteacontece.com.br\/?p=6441","title":{"rendered":"Deputado da Bahia adere \u00e0 marcha de Nikolas Ferreira rumo a Bras\u00edlia e fala em defesa da liberdade"},"content":{"rendered":"<div class=\"wp-block-image\">\n<figure class=\"aligncenter size-full\"><img fetchpriority=\"high\" decoding=\"async\" width=\"900\" height=\"600\" src=\"http:\/\/sudoesteacontece.com.br\/wp-content\/uploads\/2026\/01\/Deputado-da-Bahia-adere-a-marcha-de-Nikolas-Ferreira-rumo-a-Brasilia-e-fala-em-defesa-da-liberdade-sudoeste-acontece.jpg\" alt=\"\" class=\"wp-image-6470\" srcset=\"https:\/\/sudoesteacontece.com.br\/wp-content\/uploads\/2026\/01\/Deputado-da-Bahia-adere-a-marcha-de-Nikolas-Ferreira-rumo-a-Brasilia-e-fala-em-defesa-da-liberdade-sudoeste-acontece.jpg 900w, https:\/\/sudoesteacontece.com.br\/wp-content\/uploads\/2026\/01\/Deputado-da-Bahia-adere-a-marcha-de-Nikolas-Ferreira-rumo-a-Brasilia-e-fala-em-defesa-da-liberdade-sudoeste-acontece-300x200.jpg 300w, https:\/\/sudoesteacontece.com.br\/wp-content\/uploads\/2026\/01\/Deputado-da-Bahia-adere-a-marcha-de-Nikolas-Ferreira-rumo-a-Brasilia-e-fala-em-defesa-da-liberdade-sudoeste-acontece-768x512.jpg 768w\" sizes=\"(max-width: 900px) 100vw, 900px\" \/><\/figure>\n<\/div>\n\n\n<p>Salvador entrou no roteiro da mobiliza\u00e7\u00e3o pol\u00edtica ap\u00f3s o deputado estadual Leandro de Jesus (PL) anunciar ades\u00e3o \u00e0 chamada \u201cmarcha pela liberdade\u201d, liderada pelo deputado federal Nikolas Ferreira (PL-MG). A caminhada come\u00e7ou em Paracatu, em Minas Gerais, e prev\u00ea cerca de 240 quil\u00f4metros at\u00e9 Bras\u00edlia, com chegada estimada para o pr\u00f3ximo domingo (25).<\/p>\n\n\n\n<p>Segundo Nikolas Ferreira, o ato busca reunir parlamentares e apoiadores contr\u00e1rios ao que classifica como pris\u00f5es injustas de manifestantes do dia 8 de Janeiro e do ex-presidente Jair Bolsonaro. O deputado mineiro afirma que a mobiliza\u00e7\u00e3o tem car\u00e1ter simb\u00f3lico e pretende chamar aten\u00e7\u00e3o nacional para o debate sobre liberdade e justi\u00e7a.<\/p>\n\n\n\n<p>Primeiro parlamentar baiano a confirmar participa\u00e7\u00e3o, Leandro de Jesus usou as redes sociais para mostrar os preparativos e refor\u00e7ar o apoio \u00e0 iniciativa. O deputado afirmou que a caminhada representa um gesto coletivo e destacou a import\u00e2ncia da presen\u00e7a de lideran\u00e7as pol\u00edticas ao longo do trajeto at\u00e9 a capital federal.<\/p>\n\n\n\n<p>Em publica\u00e7\u00e3o, Leandro declarou que a marcha simboliza uni\u00e3o e resist\u00eancia. Segundo ele, o ato envia uma mensagem ao Brasil e ao mundo, defendendo justi\u00e7a e o que chamou de resgate da democracia. A mobiliza\u00e7\u00e3o deve ganhar refor\u00e7o de apoiadores ao longo do percurso at\u00e9 Bras\u00edlia.<\/p>\n","protected":false},"excerpt":{"rendered":"<p>Salvador entrou no roteiro da mobiliza\u00e7\u00e3o pol\u00edtica ap\u00f3s o deputado estadual Leandro de Jesus (PL) anunciar ades\u00e3o \u00e0 chamada \u201cmarcha pela liberdade\u201d, liderada pelo deputado federal Nikolas Ferreira (PL-MG). A caminhada come\u00e7ou em Paracatu, em Minas Gerais, e prev\u00ea cerca de 240 quil\u00f4metros at\u00e9 Bras\u00edlia, com chegada estimada para o pr\u00f3ximo domingo (25). Segundo Nikolas Ferreira, o ato busca reunir parlamentares e apoiadores contr\u00e1rios ao que classifica como pris\u00f5es injustas de manifestantes do dia 8 de Janeiro e do ex-presidente Jair Bolsonaro. O deputado mineiro afirma que a mobiliza\u00e7\u00e3o tem car\u00e1ter simb\u00f3lico e pretende chamar aten\u00e7\u00e3o nacional para o debate sobre liberdade e justi\u00e7a. Primeiro parlamentar baiano a confirmar participa\u00e7\u00e3o, Leandro de Jesus usou as redes sociais para mostrar os preparativos e refor\u00e7ar o apoio \u00e0 iniciativa. O deputado afirmou que a caminhada representa um gesto coletivo e destacou a import\u00e2ncia da presen\u00e7a de lideran\u00e7as pol\u00edticas ao longo do trajeto at\u00e9 a capital federal. Em publica\u00e7\u00e3o, Leandro declarou que a marcha simboliza uni\u00e3o e resist\u00eancia. Segundo ele, o ato envia uma mensagem ao Brasil e ao mundo, defendendo justi\u00e7a e o que chamou de resgate da democracia. A mobiliza\u00e7\u00e3o deve ganhar refor\u00e7o de apoiadores ao longo do percurso at\u00e9 Bras\u00edlia.<\/p>\n","protected":false},"author":4,"featured_media":6470,"comment_status":"open","ping_status":"open","sticky":false,"template":"","format":"standard","meta":{"footnotes":""},"categories":[7,53,58,6],"tags":[],"class_list":["post-6441","post","type-post","status-publish","format-standard","has-post-thumbnail","hentry","category-bahia","category-brasil","category-eleicoes-2026","category-politica"],"yoast_head":"<!-- This site is optimized with the Yoast SEO plugin v26.5 - https:\/\/yoast.com\/wordpress\/plugins\/seo\/ -->\n<title>Deputado da Bahia adere \u00e0 marcha de Nikolas Ferreira rumo a Bras\u00edlia e fala em defesa da liberdade - Sudoesteacontece<\/title>\n<meta name=\"robots\" content=\"index, follow, max-snippet:-1, max-image-preview:large, max-video-preview:-1\" \/>\n<link rel=\"canonical\" href=\"https:\/\/sudoesteacontece.com.br\/?p=6441\" \/>\n<meta property=\"og:locale\" content=\"pt_BR\" \/>\n<meta property=\"og:type\" content=\"article\" \/>\n<meta property=\"og:title\" content=\"Deputado da Bahia adere \u00e0 marcha de Nikolas Ferreira rumo a Bras\u00edlia e fala em defesa da liberdade - Sudoesteacontece\" \/>\n<meta property=\"og:description\" content=\"Salvador entrou no roteiro da mobiliza\u00e7\u00e3o pol\u00edtica ap\u00f3s o deputado estadual Leandro de Jesus (PL) anunciar ades\u00e3o \u00e0 chamada \u201cmarcha pela liberdade\u201d, liderada pelo deputado federal Nikolas Ferreira (PL-MG). A caminhada come\u00e7ou em Paracatu, em Minas Gerais, e prev\u00ea cerca de 240 quil\u00f4metros at\u00e9 Bras\u00edlia, com chegada estimada para o pr\u00f3ximo domingo (25). Segundo Nikolas Ferreira, o ato busca reunir parlamentares e apoiadores contr\u00e1rios ao que classifica como pris\u00f5es injustas de manifestantes do dia 8 de Janeiro e do ex-presidente Jair Bolsonaro. O deputado mineiro afirma que a mobiliza\u00e7\u00e3o tem car\u00e1ter simb\u00f3lico e pretende chamar aten\u00e7\u00e3o nacional para o debate sobre liberdade e justi\u00e7a. Primeiro parlamentar baiano a confirmar participa\u00e7\u00e3o, Leandro de Jesus usou as redes sociais para mostrar os preparativos e refor\u00e7ar o apoio \u00e0 iniciativa. O deputado afirmou que a caminhada representa um gesto coletivo e destacou a import\u00e2ncia da presen\u00e7a de lideran\u00e7as pol\u00edticas ao longo do trajeto at\u00e9 a capital federal. Em publica\u00e7\u00e3o, Leandro declarou que a marcha simboliza uni\u00e3o e resist\u00eancia. Segundo ele, o ato envia uma mensagem ao Brasil e ao mundo, defendendo justi\u00e7a e o que chamou de resgate da democracia. A mobiliza\u00e7\u00e3o deve ganhar refor\u00e7o de apoiadores ao longo do percurso at\u00e9 Bras\u00edlia.\" \/>\n<meta property=\"og:url\" content=\"https:\/\/sudoesteacontece.com.br\/?p=6441\" \/>\n<meta property=\"og:site_name\" content=\"Sudoesteacontece\" \/>\n<meta property=\"article:publisher\" content=\"https:\/\/www.facebook.com\/sudoesteacontece\/?locale=pt_BR\" \/>\n<meta property=\"article:published_time\" content=\"2026-01-20T21:12:12+00:00\" \/>\n<meta property=\"article:modified_time\" content=\"2026-01-20T21:12:21+00:00\" \/>\n<meta property=\"og:image\" content=\"https:\/\/sudoesteacontece.com.br\/wp-content\/uploads\/2026\/01\/Deputado-da-Bahia-adere-a-marcha-de-Nikolas-Ferreira-rumo-a-Brasilia-e-fala-em-defesa-da-liberdade-sudoeste-acontece.jpg\" \/>\n\t<meta property=\"og:image:width\" content=\"900\" \/>\n\t<meta property=\"og:image:height\" content=\"600\" \/>\n\t<meta property=\"og:image:type\" content=\"image\/jpeg\" \/>\n<meta name=\"author\" content=\"Reda\u00e7\u00e3o\" \/>\n<meta name=\"twitter:card\" content=\"summary_large_image\" \/>\n<meta name=\"twitter:label1\" content=\"Escrito por\" \/>\n\t<meta name=\"twitter:data1\" content=\"Reda\u00e7\u00e3o\" \/>\n\t<meta name=\"twitter:label2\" content=\"Est. tempo de leitura\" \/>\n\t<meta name=\"twitter:data2\" content=\"2 minutos\" \/>\n<script type=\"application\/ld+json\" class=\"yoast-schema-graph\">{\"@context\":\"https:\/\/schema.org\",\"@graph\":[{\"@type\":\"Article\",\"@id\":\"https:\/\/sudoesteacontece.com.br\/?p=6441#article\",\"isPartOf\":{\"@id\":\"https:\/\/sudoesteacontece.com.br\/?p=6441\"},\"author\":{\"name\":\"Reda\u00e7\u00e3o\",\"@id\":\"https:\/\/sudoesteacontece.com.br\/#\/schema\/person\/a4f22429c1d0923ef8f7d43343f8dc38\"},\"headline\":\"Deputado da Bahia adere \u00e0 marcha de Nikolas Ferreira rumo a Bras\u00edlia e fala em defesa da liberdade\",\"datePublished\":\"2026-01-20T21:12:12+00:00\",\"dateModified\":\"2026-01-20T21:12:21+00:00\",\"mainEntityOfPage\":{\"@id\":\"https:\/\/sudoesteacontece.com.br\/?p=6441\"},\"wordCount\":241,\"commentCount\":0,\"publisher\":{\"@id\":\"https:\/\/sudoesteacontece.com.br\/#organization\"},\"image\":{\"@id\":\"https:\/\/sudoesteacontece.com.br\/?p=6441#primaryimage\"},\"thumbnailUrl\":\"https:\/\/sudoesteacontece.com.br\/wp-content\/uploads\/2026\/01\/Deputado-da-Bahia-adere-a-marcha-de-Nikolas-Ferreira-rumo-a-Brasilia-e-fala-em-defesa-da-liberdade-sudoeste-acontece.jpg\",\"articleSection\":[\"Bahia\",\"Brasil\",\"Elei\u00e7\u00f5es 2026\",\"Pol\u00edtica\"],\"inLanguage\":\"pt-BR\",\"potentialAction\":[{\"@type\":\"CommentAction\",\"name\":\"Comment\",\"target\":[\"https:\/\/sudoesteacontece.com.br\/?p=6441#respond\"]}]},{\"@type\":\"WebPage\",\"@id\":\"https:\/\/sudoesteacontece.com.br\/?p=6441\",\"url\":\"https:\/\/sudoesteacontece.com.br\/?p=6441\",\"name\":\"Deputado da Bahia adere \u00e0 marcha de Nikolas Ferreira rumo a Bras\u00edlia e fala em defesa da liberdade - Sudoesteacontece\",\"isPartOf\":{\"@id\":\"https:\/\/sudoesteacontece.com.br\/#website\"},\"primaryImageOfPage\":{\"@id\":\"https:\/\/sudoesteacontece.com.br\/?p=6441#primaryimage\"},\"image\":{\"@id\":\"https:\/\/sudoesteacontece.com.br\/?p=6441#primaryimage\"},\"thumbnailUrl\":\"https:\/\/sudoesteacontece.com.br\/wp-content\/uploads\/2026\/01\/Deputado-da-Bahia-adere-a-marcha-de-Nikolas-Ferreira-rumo-a-Brasilia-e-fala-em-defesa-da-liberdade-sudoeste-acontece.jpg\",\"datePublished\":\"2026-01-20T21:12:12+00:00\",\"dateModified\":\"2026-01-20T21:12:21+00:00\",\"breadcrumb\":{\"@id\":\"https:\/\/sudoesteacontece.com.br\/?p=6441#breadcrumb\"},\"inLanguage\":\"pt-BR\",\"potentialAction\":[{\"@type\":\"ReadAction\",\"target\":[\"https:\/\/sudoesteacontece.com.br\/?p=6441\"]}]},{\"@type\":\"ImageObject\",\"inLanguage\":\"pt-BR\",\"@id\":\"https:\/\/sudoesteacontece.com.br\/?p=6441#primaryimage\",\"url\":\"https:\/\/sudoesteacontece.com.br\/wp-content\/uploads\/2026\/01\/Deputado-da-Bahia-adere-a-marcha-de-Nikolas-Ferreira-rumo-a-Brasilia-e-fala-em-defesa-da-liberdade-sudoeste-acontece.jpg\",\"contentUrl\":\"https:\/\/sudoesteacontece.com.br\/wp-content\/uploads\/2026\/01\/Deputado-da-Bahia-adere-a-marcha-de-Nikolas-Ferreira-rumo-a-Brasilia-e-fala-em-defesa-da-liberdade-sudoeste-acontece.jpg\",\"width\":900,\"height\":600},{\"@type\":\"BreadcrumbList\",\"@id\":\"https:\/\/sudoesteacontece.com.br\/?p=6441#breadcrumb\",\"itemListElement\":[{\"@type\":\"ListItem\",\"position\":1,\"name\":\"In\u00edcio\",\"item\":\"https:\/\/sudoesteacontece.com.br\/\"},{\"@type\":\"ListItem\",\"position\":2,\"name\":\"Deputado da Bahia adere \u00e0 marcha de Nikolas Ferreira rumo a Bras\u00edlia e fala em defesa da liberdade\"}]},{\"@type\":\"WebSite\",\"@id\":\"https:\/\/sudoesteacontece.com.br\/#website\",\"url\":\"https:\/\/sudoesteacontece.com.br\/\",\"name\":\"Sudoesteacontece\",\"description\":\"\",\"publisher\":{\"@id\":\"https:\/\/sudoesteacontece.com.br\/#organization\"},\"potentialAction\":[{\"@type\":\"SearchAction\",\"target\":{\"@type\":\"EntryPoint\",\"urlTemplate\":\"https:\/\/sudoesteacontece.com.br\/?s={search_term_string}\"},\"query-input\":{\"@type\":\"PropertyValueSpecification\",\"valueRequired\":true,\"valueName\":\"search_term_string\"}}],\"inLanguage\":\"pt-BR\"},{\"@type\":\"Organization\",\"@id\":\"https:\/\/sudoesteacontece.com.br\/#organization\",\"name\":\"Sudoesteacontece\",\"url\":\"https:\/\/sudoesteacontece.com.br\/\",\"logo\":{\"@type\":\"ImageObject\",\"inLanguage\":\"pt-BR\",\"@id\":\"https:\/\/sudoesteacontece.com.br\/#\/schema\/logo\/image\/\",\"url\":\"https:\/\/sudoesteacontece.com.br\/wp-content\/uploads\/2025\/12\/cropped-logo-2-180x180-1.png\",\"contentUrl\":\"https:\/\/sudoesteacontece.com.br\/wp-content\/uploads\/2025\/12\/cropped-logo-2-180x180-1.png\",\"width\":180,\"height\":180,\"caption\":\"Sudoesteacontece\"},\"image\":{\"@id\":\"https:\/\/sudoesteacontece.com.br\/#\/schema\/logo\/image\/\"},\"sameAs\":[\"https:\/\/www.facebook.com\/sudoesteacontece\/?locale=pt_BR\"]},{\"@type\":\"Person\",\"@id\":\"https:\/\/sudoesteacontece.com.br\/#\/schema\/person\/a4f22429c1d0923ef8f7d43343f8dc38\",\"name\":\"Reda\u00e7\u00e3o\",\"image\":{\"@type\":\"ImageObject\",\"inLanguage\":\"pt-BR\",\"@id\":\"https:\/\/sudoesteacontece.com.br\/#\/schema\/person\/image\/\",\"url\":\"https:\/\/secure.gravatar.com\/avatar\/c3a5b3c93f268a709c25a2df414c629a96fb3b1b4bf97a94fb3f72e54ae76903?s=96&d=mm&r=g\",\"contentUrl\":\"https:\/\/secure.gravatar.com\/avatar\/c3a5b3c93f268a709c25a2df414c629a96fb3b1b4bf97a94fb3f72e54ae76903?s=96&d=mm&r=g\",\"caption\":\"Reda\u00e7\u00e3o\"},\"url\":\"https:\/\/sudoesteacontece.com.br\/?author=4\"}]}<\/script>\n<!-- \/ Yoast SEO plugin. -->","yoast_head_json":{"title":"Deputado da Bahia adere \u00e0 marcha de Nikolas Ferreira rumo a Bras\u00edlia e fala em defesa da liberdade - Sudoesteacontece","robots":{"index":"index","follow":"follow","max-snippet":"max-snippet:-1","max-image-preview":"max-image-preview:large","max-video-preview":"max-video-preview:-1"},"canonical":"https:\/\/sudoesteacontece.com.br\/?p=6441","og_locale":"pt_BR","og_type":"article","og_title":"Deputado da Bahia adere \u00e0 marcha de Nikolas Ferreira rumo a Bras\u00edlia e fala em defesa da liberdade - Sudoesteacontece","og_description":"Salvador entrou no roteiro da mobiliza\u00e7\u00e3o pol\u00edtica ap\u00f3s o deputado estadual Leandro de Jesus (PL) anunciar ades\u00e3o \u00e0 chamada \u201cmarcha pela liberdade\u201d, liderada pelo deputado federal Nikolas Ferreira (PL-MG). A caminhada come\u00e7ou em Paracatu, em Minas Gerais, e prev\u00ea cerca de 240 quil\u00f4metros at\u00e9 Bras\u00edlia, com chegada estimada para o pr\u00f3ximo domingo (25). Segundo Nikolas Ferreira, o ato busca reunir parlamentares e apoiadores contr\u00e1rios ao que classifica como pris\u00f5es injustas de manifestantes do dia 8 de Janeiro e do ex-presidente Jair Bolsonaro. O deputado mineiro afirma que a mobiliza\u00e7\u00e3o tem car\u00e1ter simb\u00f3lico e pretende chamar aten\u00e7\u00e3o nacional para o debate sobre liberdade e justi\u00e7a. Primeiro parlamentar baiano a confirmar participa\u00e7\u00e3o, Leandro de Jesus usou as redes sociais para mostrar os preparativos e refor\u00e7ar o apoio \u00e0 iniciativa. O deputado afirmou que a caminhada representa um gesto coletivo e destacou a import\u00e2ncia da presen\u00e7a de lideran\u00e7as pol\u00edticas ao longo do trajeto at\u00e9 a capital federal. Em publica\u00e7\u00e3o, Leandro declarou que a marcha simboliza uni\u00e3o e resist\u00eancia. Segundo ele, o ato envia uma mensagem ao Brasil e ao mundo, defendendo justi\u00e7a e o que chamou de resgate da democracia. A mobiliza\u00e7\u00e3o deve ganhar refor\u00e7o de apoiadores ao longo do percurso at\u00e9 Bras\u00edlia.","og_url":"https:\/\/sudoesteacontece.com.br\/?p=6441","og_site_name":"Sudoesteacontece","article_publisher":"https:\/\/www.facebook.com\/sudoesteacontece\/?locale=pt_BR","article_published_time":"2026-01-20T21:12:12+00:00","article_modified_time":"2026-01-20T21:12:21+00:00","og_image":[{"width":900,"height":600,"url":"https:\/\/sudoesteacontece.com.br\/wp-content\/uploads\/2026\/01\/Deputado-da-Bahia-adere-a-marcha-de-Nikolas-Ferreira-rumo-a-Brasilia-e-fala-em-defesa-da-liberdade-sudoeste-acontece.jpg","type":"image\/jpeg"}],"author":"Reda\u00e7\u00e3o","twitter_card":"summary_large_image","twitter_misc":{"Escrito por":"Reda\u00e7\u00e3o","Est. tempo de leitura":"2 minutos"},"schema":{"@context":"https:\/\/schema.org","@graph":[{"@type":"Article","@id":"https:\/\/sudoesteacontece.com.br\/?p=6441#article","isPartOf":{"@id":"https:\/\/sudoesteacontece.com.br\/?p=6441"},"author":{"name":"Reda\u00e7\u00e3o","@id":"https:\/\/sudoesteacontece.com.br\/#\/schema\/person\/a4f22429c1d0923ef8f7d43343f8dc38"},"headline":"Deputado da Bahia adere \u00e0 marcha de Nikolas Ferreira rumo a Bras\u00edlia e fala em defesa da liberdade","datePublished":"2026-01-20T21:12:12+00:00","dateModified":"2026-01-20T21:12:21+00:00","mainEntityOfPage":{"@id":"https:\/\/sudoesteacontece.com.br\/?p=6441"},"wordCount":241,"commentCount":0,"publisher":{"@id":"https:\/\/sudoesteacontece.com.br\/#organization"},"image":{"@id":"https:\/\/sudoesteacontece.com.br\/?p=6441#primaryimage"},"thumbnailUrl":"https:\/\/sudoesteacontece.com.br\/wp-content\/uploads\/2026\/01\/Deputado-da-Bahia-adere-a-marcha-de-Nikolas-Ferreira-rumo-a-Brasilia-e-fala-em-defesa-da-liberdade-sudoeste-acontece.jpg","articleSection":["Bahia","Brasil","Elei\u00e7\u00f5es 2026","Pol\u00edtica"],"inLanguage":"pt-BR","potentialAction":[{"@type":"CommentAction","name":"Comment","target":["https:\/\/sudoesteacontece.com.br\/?p=6441#respond"]}]},{"@type":"WebPage","@id":"https:\/\/sudoesteacontece.com.br\/?p=6441","url":"https:\/\/sudoesteacontece.com.br\/?p=6441","name":"Deputado da Bahia adere \u00e0 marcha de Nikolas Ferreira rumo a Bras\u00edlia e fala em defesa da liberdade - Sudoesteacontece","isPartOf":{"@id":"https:\/\/sudoesteacontece.com.br\/#website"},"primaryImageOfPage":{"@id":"https:\/\/sudoesteacontece.com.br\/?p=6441#primaryimage"},"image":{"@id":"https:\/\/sudoesteacontece.com.br\/?p=6441#primaryimage"},"thumbnailUrl":"https:\/\/sudoesteacontece.com.br\/wp-content\/uploads\/2026\/01\/Deputado-da-Bahia-adere-a-marcha-de-Nikolas-Ferreira-rumo-a-Brasilia-e-fala-em-defesa-da-liberdade-sudoeste-acontece.jpg","datePublished":"2026-01-20T21:12:12+00:00","dateModified":"2026-01-20T21:12:21+00:00","breadcrumb":{"@id":"https:\/\/sudoesteacontece.com.br\/?p=6441#breadcrumb"},"inLanguage":"pt-BR","potentialAction":[{"@type":"ReadAction","target":["https:\/\/sudoesteacontece.com.br\/?p=6441"]}]},{"@type":"ImageObject","inLanguage":"pt-BR","@id":"https:\/\/sudoesteacontece.com.br\/?p=6441#primaryimage","url":"https:\/\/sudoesteacontece.com.br\/wp-content\/uploads\/2026\/01\/Deputado-da-Bahia-adere-a-marcha-de-Nikolas-Ferreira-rumo-a-Brasilia-e-fala-em-defesa-da-liberdade-sudoeste-acontece.jpg","contentUrl":"https:\/\/sudoesteacontece.com.br\/wp-content\/uploads\/2026\/01\/Deputado-da-Bahia-adere-a-marcha-de-Nikolas-Ferreira-rumo-a-Brasilia-e-fala-em-defesa-da-liberdade-sudoeste-acontece.jpg","width":900,"height":600},{"@type":"BreadcrumbList","@id":"https:\/\/sudoesteacontece.com.br\/?p=6441#breadcrumb","itemListElement":[{"@type":"ListItem","position":1,"name":"In\u00edcio","item":"https:\/\/sudoesteacontece.com.br\/"},{"@type":"ListItem","position":2,"name":"Deputado da Bahia adere \u00e0 marcha de Nikolas Ferreira rumo a Bras\u00edlia e fala em defesa da liberdade"}]},{"@type":"WebSite","@id":"https:\/\/sudoesteacontece.com.br\/#website","url":"https:\/\/sudoesteacontece.com.br\/","name":"Sudoesteacontece","description":"","publisher":{"@id":"https:\/\/sudoesteacontece.com.br\/#organization"},"potentialAction":[{"@type":"SearchAction","target":{"@type":"EntryPoint","urlTemplate":"https:\/\/sudoesteacontece.com.br\/?s={search_term_string}"},"query-input":{"@type":"PropertyValueSpecification","valueRequired":true,"valueName":"search_term_string"}}],"inLanguage":"pt-BR"},{"@type":"Organization","@id":"https:\/\/sudoesteacontece.com.br\/#organization","name":"Sudoesteacontece","url":"https:\/\/sudoesteacontece.com.br\/","logo":{"@type":"ImageObject","inLanguage":"pt-BR","@id":"https:\/\/sudoesteacontece.com.br\/#\/schema\/logo\/image\/","url":"https:\/\/sudoesteacontece.com.br\/wp-content\/uploads\/2025\/12\/cropped-logo-2-180x180-1.png","contentUrl":"https:\/\/sudoesteacontece.com.br\/wp-content\/uploads\/2025\/12\/cropped-logo-2-180x180-1.png","width":180,"height":180,"caption":"Sudoesteacontece"},"image":{"@id":"https:\/\/sudoesteacontece.com.br\/#\/schema\/logo\/image\/"},"sameAs":["https:\/\/www.facebook.com\/sudoesteacontece\/?locale=pt_BR"]},{"@type":"Person","@id":"https:\/\/sudoesteacontece.com.br\/#\/schema\/person\/a4f22429c1d0923ef8f7d43343f8dc38","name":"Reda\u00e7\u00e3o","image":{"@type":"ImageObject","inLanguage":"pt-BR","@id":"https:\/\/sudoesteacontece.com.br\/#\/schema\/person\/image\/","url":"https:\/\/secure.gravatar.com\/avatar\/c3a5b3c93f268a709c25a2df414c629a96fb3b1b4bf97a94fb3f72e54ae76903?s=96&d=mm&r=g","contentUrl":"https:\/\/secure.gravatar.com\/avatar\/c3a5b3c93f268a709c25a2df414c629a96fb3b1b4bf97a94fb3f72e54ae76903?s=96&d=mm&r=g","caption":"Reda\u00e7\u00e3o"},"url":"https:\/\/sudoesteacontece.com.br\/?author=4"}]}},"_links":{"self":[{"href":"https:\/\/sudoesteacontece.com.br\/index.php?rest_route=\/wp\/v2\/posts\/6441","targetHints":{"allow":["GET"]}}],"collection":[{"href":"https:\/\/sudoesteacontece.com.br\/index.php?rest_route=\/wp\/v2\/posts"}],"about":[{"href":"https:\/\/sudoesteacontece.com.br\/index.php?rest_route=\/wp\/v2\/types\/post"}],"author":[{"embeddable":true,"href":"https:\/\/sudoesteacontece.com.br\/index.php?rest_route=\/wp\/v2\/users\/4"}],"replies":[{"embeddable":true,"href":"https:\/\/sudoesteacontece.com.br\/index.php?rest_route=%2Fwp%2Fv2%2Fcomments&post=6441"}],"version-history":[{"count":0,"href":"https:\/\/sudoesteacontece.com.br\/index.php?rest_route=\/wp\/v2\/posts\/6441\/revisions"}],"wp:featuredmedia":[{"embeddable":true,"href":"https:\/\/sudoesteacontece.com.br\/index.php?rest_route=\/wp\/v2\/media\/6470"}],"wp:attachment":[{"href":"https:\/\/sudoesteacontece.com.br\/index.php?rest_route=%2Fwp%2Fv2%2Fmedia&parent=6441"}],"wp:term":[{"taxonomy":"category","embeddable":true,"href":"https:\/\/sudoesteacontece.com.br\/index.php?rest_route=%2Fwp%2Fv2%2Fcategories&post=6441"},{"taxonomy":"post_tag","embeddable":true,"href":"https:\/\/sudoesteacontece.com.br\/index.php?rest_route=%2Fwp%2Fv2%2Ftags&post=6441"}],"curies":[{"name":"wp","href":"https:\/\/api.w.org\/{rel}","templated":true}]}}