{"id":6476,"date":"2026-01-21T09:44:48","date_gmt":"2026-01-21T12:44:48","guid":{"rendered":"https:\/\/sudoesteacontece.com.br\/?p=6476"},"modified":"2026-01-21T09:44:53","modified_gmt":"2026-01-21T12:44:53","slug":"governo-federal-reconhece-emergencia-por-estiagem-em-duas-cidades-do-sudoeste-da-bahia","status":"publish","type":"post","link":"https:\/\/sudoesteacontece.com.br\/?p=6476","title":{"rendered":"Governo federal reconhece emerg\u00eancia por estiagem em duas cidades do sudoeste da Bahia"},"content":{"rendered":"<div class=\"wp-block-image\">\n<figure class=\"aligncenter size-full\"><img fetchpriority=\"high\" decoding=\"async\" width=\"900\" height=\"600\" src=\"http:\/\/sudoesteacontece.com.br\/wp-content\/uploads\/2026\/01\/Governo-federal-reconhece-emergencia-por-estiagem-em-duas-cidades-do-sudoeste-da-Bahia.jpg\" alt=\"\" class=\"wp-image-6496\" srcset=\"https:\/\/sudoesteacontece.com.br\/wp-content\/uploads\/2026\/01\/Governo-federal-reconhece-emergencia-por-estiagem-em-duas-cidades-do-sudoeste-da-Bahia.jpg 900w, https:\/\/sudoesteacontece.com.br\/wp-content\/uploads\/2026\/01\/Governo-federal-reconhece-emergencia-por-estiagem-em-duas-cidades-do-sudoeste-da-Bahia-300x200.jpg 300w, https:\/\/sudoesteacontece.com.br\/wp-content\/uploads\/2026\/01\/Governo-federal-reconhece-emergencia-por-estiagem-em-duas-cidades-do-sudoeste-da-Bahia-768x512.jpg 768w\" sizes=\"(max-width: 900px) 100vw, 900px\" \/><\/figure>\n<\/div>\n\n\n<p>Reconhecimento oficial publicado nesta ter\u00e7a-feira (20) no Di\u00e1rio Oficial da Uni\u00e3o confirma situa\u00e7\u00e3o de emerg\u00eancia em Presidente J\u00e2nio Quadros e Tanha\u00e7u, no sudoeste baiano. A decis\u00e3o do Governo Federal ocorre ap\u00f3s avalia\u00e7\u00e3o da Defesa Civil Nacional e leva em conta os impactos da estiagem prolongada que atinge a regi\u00e3o e compromete o abastecimento e a rotina da popula\u00e7\u00e3o.<\/p>\n\n\n\n<p>Com a medida, as prefeituras passam a ter acesso a recursos federais para a\u00e7\u00f5es emergenciais de defesa civil. Entre as iniciativas previstas est\u00e3o a compra de cestas b\u00e1sicas, \u00e1gua mineral, refei\u00e7\u00f5es para trabalhadores e volunt\u00e1rios, al\u00e9m de kits de higiene, limpeza e dormit\u00f3rio destinados \u00e0s fam\u00edlias mais afetadas pela seca.<\/p>\n\n\n\n<p>Segundo o Minist\u00e9rio da Integra\u00e7\u00e3o e do Desenvolvimento Regional, os pedidos de apoio financeiro devem ser enviados pelas administra\u00e7\u00f5es municipais por meio do Sistema Integrado de Informa\u00e7\u00f5es sobre Desastres. Cada solicita\u00e7\u00e3o precisa apresentar um plano de trabalho detalhando as a\u00e7\u00f5es e os valores necess\u00e1rios.<\/p>\n\n\n\n<p>Ap\u00f3s o envio, t\u00e9cnicos da Defesa Civil Nacional analisam as propostas, avaliam metas e custos e, em caso de aprova\u00e7\u00e3o, autorizam a libera\u00e7\u00e3o dos recursos. O processo \u00e9 finalizado com a publica\u00e7\u00e3o de uma nova portaria no Di\u00e1rio Oficial da Uni\u00e3o, formalizando o repasse e permitindo o in\u00edcio das a\u00e7\u00f5es de enfrentamento \u00e0 estiagem.<\/p>\n","protected":false},"excerpt":{"rendered":"<p>Reconhecimento oficial publicado nesta ter\u00e7a-feira (20) no Di\u00e1rio Oficial da Uni\u00e3o confirma situa\u00e7\u00e3o de emerg\u00eancia em Presidente J\u00e2nio Quadros e Tanha\u00e7u, no sudoeste baiano. A decis\u00e3o do Governo Federal ocorre ap\u00f3s avalia\u00e7\u00e3o da Defesa Civil Nacional e leva em conta os impactos da estiagem prolongada que atinge a regi\u00e3o e compromete o abastecimento e a rotina da popula\u00e7\u00e3o. Com a medida, as prefeituras passam a ter acesso a recursos federais para a\u00e7\u00f5es emergenciais de defesa civil. Entre as iniciativas previstas est\u00e3o a compra de cestas b\u00e1sicas, \u00e1gua mineral, refei\u00e7\u00f5es para trabalhadores e volunt\u00e1rios, al\u00e9m de kits de higiene, limpeza e dormit\u00f3rio destinados \u00e0s fam\u00edlias mais afetadas pela seca. Segundo o Minist\u00e9rio da Integra\u00e7\u00e3o e do Desenvolvimento Regional, os pedidos de apoio financeiro devem ser enviados pelas administra\u00e7\u00f5es municipais por meio do Sistema Integrado de Informa\u00e7\u00f5es sobre Desastres. Cada solicita\u00e7\u00e3o precisa apresentar um plano de trabalho detalhando as a\u00e7\u00f5es e os valores necess\u00e1rios. Ap\u00f3s o envio, t\u00e9cnicos da Defesa Civil Nacional analisam as propostas, avaliam metas e custos e, em caso de aprova\u00e7\u00e3o, autorizam a libera\u00e7\u00e3o dos recursos. O processo \u00e9 finalizado com a publica\u00e7\u00e3o de uma nova portaria no Di\u00e1rio Oficial da Uni\u00e3o, formalizando o repasse e permitindo o in\u00edcio das a\u00e7\u00f5es de enfrentamento \u00e0 estiagem.<\/p>\n","protected":false},"author":4,"featured_media":6496,"comment_status":"open","ping_status":"open","sticky":false,"template":"","format":"standard","meta":{"footnotes":""},"categories":[7,4,89,41],"tags":[],"class_list":["post-6476","post","type-post","status-publish","format-standard","has-post-thumbnail","hentry","category-bahia","category-cidades","category-presidente-janio-quadros","category-tanhacu"],"yoast_head":"<!-- This site is optimized with the Yoast SEO plugin v26.5 - https:\/\/yoast.com\/wordpress\/plugins\/seo\/ -->\n<title>Governo federal reconhece emerg\u00eancia por estiagem em duas cidades do sudoeste da Bahia - Sudoesteacontece<\/title>\n<meta name=\"robots\" content=\"index, follow, max-snippet:-1, max-image-preview:large, max-video-preview:-1\" \/>\n<link rel=\"canonical\" href=\"https:\/\/sudoesteacontece.com.br\/?p=6476\" \/>\n<meta property=\"og:locale\" content=\"pt_BR\" \/>\n<meta property=\"og:type\" content=\"article\" \/>\n<meta property=\"og:title\" content=\"Governo federal reconhece emerg\u00eancia por estiagem em duas cidades do sudoeste da Bahia - Sudoesteacontece\" \/>\n<meta property=\"og:description\" content=\"Reconhecimento oficial publicado nesta ter\u00e7a-feira (20) no Di\u00e1rio Oficial da Uni\u00e3o confirma situa\u00e7\u00e3o de emerg\u00eancia em Presidente J\u00e2nio Quadros e Tanha\u00e7u, no sudoeste baiano. A decis\u00e3o do Governo Federal ocorre ap\u00f3s avalia\u00e7\u00e3o da Defesa Civil Nacional e leva em conta os impactos da estiagem prolongada que atinge a regi\u00e3o e compromete o abastecimento e a rotina da popula\u00e7\u00e3o. Com a medida, as prefeituras passam a ter acesso a recursos federais para a\u00e7\u00f5es emergenciais de defesa civil. Entre as iniciativas previstas est\u00e3o a compra de cestas b\u00e1sicas, \u00e1gua mineral, refei\u00e7\u00f5es para trabalhadores e volunt\u00e1rios, al\u00e9m de kits de higiene, limpeza e dormit\u00f3rio destinados \u00e0s fam\u00edlias mais afetadas pela seca. Segundo o Minist\u00e9rio da Integra\u00e7\u00e3o e do Desenvolvimento Regional, os pedidos de apoio financeiro devem ser enviados pelas administra\u00e7\u00f5es municipais por meio do Sistema Integrado de Informa\u00e7\u00f5es sobre Desastres. Cada solicita\u00e7\u00e3o precisa apresentar um plano de trabalho detalhando as a\u00e7\u00f5es e os valores necess\u00e1rios. Ap\u00f3s o envio, t\u00e9cnicos da Defesa Civil Nacional analisam as propostas, avaliam metas e custos e, em caso de aprova\u00e7\u00e3o, autorizam a libera\u00e7\u00e3o dos recursos. O processo \u00e9 finalizado com a publica\u00e7\u00e3o de uma nova portaria no Di\u00e1rio Oficial da Uni\u00e3o, formalizando o repasse e permitindo o in\u00edcio das a\u00e7\u00f5es de enfrentamento \u00e0 estiagem.\" \/>\n<meta property=\"og:url\" content=\"https:\/\/sudoesteacontece.com.br\/?p=6476\" \/>\n<meta property=\"og:site_name\" content=\"Sudoesteacontece\" \/>\n<meta property=\"article:publisher\" content=\"https:\/\/www.facebook.com\/sudoesteacontece\/?locale=pt_BR\" \/>\n<meta property=\"article:published_time\" content=\"2026-01-21T12:44:48+00:00\" \/>\n<meta property=\"article:modified_time\" content=\"2026-01-21T12:44:53+00:00\" \/>\n<meta property=\"og:image\" content=\"https:\/\/sudoesteacontece.com.br\/wp-content\/uploads\/2026\/01\/Governo-federal-reconhece-emergencia-por-estiagem-em-duas-cidades-do-sudoeste-da-Bahia.jpg\" \/>\n\t<meta property=\"og:image:width\" content=\"900\" \/>\n\t<meta property=\"og:image:height\" content=\"600\" \/>\n\t<meta property=\"og:image:type\" content=\"image\/jpeg\" \/>\n<meta name=\"author\" content=\"Reda\u00e7\u00e3o\" \/>\n<meta name=\"twitter:card\" content=\"summary_large_image\" \/>\n<meta name=\"twitter:label1\" content=\"Escrito por\" \/>\n\t<meta name=\"twitter:data1\" content=\"Reda\u00e7\u00e3o\" \/>\n\t<meta name=\"twitter:label2\" content=\"Est. tempo de leitura\" \/>\n\t<meta name=\"twitter:data2\" content=\"2 minutos\" \/>\n<script type=\"application\/ld+json\" class=\"yoast-schema-graph\">{\"@context\":\"https:\/\/schema.org\",\"@graph\":[{\"@type\":\"Article\",\"@id\":\"https:\/\/sudoesteacontece.com.br\/?p=6476#article\",\"isPartOf\":{\"@id\":\"https:\/\/sudoesteacontece.com.br\/?p=6476\"},\"author\":{\"name\":\"Reda\u00e7\u00e3o\",\"@id\":\"https:\/\/sudoesteacontece.com.br\/#\/schema\/person\/a4f22429c1d0923ef8f7d43343f8dc38\"},\"headline\":\"Governo federal reconhece emerg\u00eancia por estiagem em duas cidades do sudoeste da Bahia\",\"datePublished\":\"2026-01-21T12:44:48+00:00\",\"dateModified\":\"2026-01-21T12:44:53+00:00\",\"mainEntityOfPage\":{\"@id\":\"https:\/\/sudoesteacontece.com.br\/?p=6476\"},\"wordCount\":253,\"commentCount\":0,\"publisher\":{\"@id\":\"https:\/\/sudoesteacontece.com.br\/#organization\"},\"image\":{\"@id\":\"https:\/\/sudoesteacontece.com.br\/?p=6476#primaryimage\"},\"thumbnailUrl\":\"https:\/\/sudoesteacontece.com.br\/wp-content\/uploads\/2026\/01\/Governo-federal-reconhece-emergencia-por-estiagem-em-duas-cidades-do-sudoeste-da-Bahia.jpg\",\"articleSection\":[\"Bahia\",\"Cidades\",\"Presidente J\u00e2nio Quadros\",\"Tanha\u00e7u\"],\"inLanguage\":\"pt-BR\",\"potentialAction\":[{\"@type\":\"CommentAction\",\"name\":\"Comment\",\"target\":[\"https:\/\/sudoesteacontece.com.br\/?p=6476#respond\"]}]},{\"@type\":\"WebPage\",\"@id\":\"https:\/\/sudoesteacontece.com.br\/?p=6476\",\"url\":\"https:\/\/sudoesteacontece.com.br\/?p=6476\",\"name\":\"Governo federal reconhece emerg\u00eancia por estiagem em duas cidades do sudoeste da Bahia - Sudoesteacontece\",\"isPartOf\":{\"@id\":\"https:\/\/sudoesteacontece.com.br\/#website\"},\"primaryImageOfPage\":{\"@id\":\"https:\/\/sudoesteacontece.com.br\/?p=6476#primaryimage\"},\"image\":{\"@id\":\"https:\/\/sudoesteacontece.com.br\/?p=6476#primaryimage\"},\"thumbnailUrl\":\"https:\/\/sudoesteacontece.com.br\/wp-content\/uploads\/2026\/01\/Governo-federal-reconhece-emergencia-por-estiagem-em-duas-cidades-do-sudoeste-da-Bahia.jpg\",\"datePublished\":\"2026-01-21T12:44:48+00:00\",\"dateModified\":\"2026-01-21T12:44:53+00:00\",\"breadcrumb\":{\"@id\":\"https:\/\/sudoesteacontece.com.br\/?p=6476#breadcrumb\"},\"inLanguage\":\"pt-BR\",\"potentialAction\":[{\"@type\":\"ReadAction\",\"target\":[\"https:\/\/sudoesteacontece.com.br\/?p=6476\"]}]},{\"@type\":\"ImageObject\",\"inLanguage\":\"pt-BR\",\"@id\":\"https:\/\/sudoesteacontece.com.br\/?p=6476#primaryimage\",\"url\":\"https:\/\/sudoesteacontece.com.br\/wp-content\/uploads\/2026\/01\/Governo-federal-reconhece-emergencia-por-estiagem-em-duas-cidades-do-sudoeste-da-Bahia.jpg\",\"contentUrl\":\"https:\/\/sudoesteacontece.com.br\/wp-content\/uploads\/2026\/01\/Governo-federal-reconhece-emergencia-por-estiagem-em-duas-cidades-do-sudoeste-da-Bahia.jpg\",\"width\":900,\"height\":600},{\"@type\":\"BreadcrumbList\",\"@id\":\"https:\/\/sudoesteacontece.com.br\/?p=6476#breadcrumb\",\"itemListElement\":[{\"@type\":\"ListItem\",\"position\":1,\"name\":\"In\u00edcio\",\"item\":\"https:\/\/sudoesteacontece.com.br\/\"},{\"@type\":\"ListItem\",\"position\":2,\"name\":\"Governo federal reconhece emerg\u00eancia por estiagem em duas cidades do sudoeste da Bahia\"}]},{\"@type\":\"WebSite\",\"@id\":\"https:\/\/sudoesteacontece.com.br\/#website\",\"url\":\"https:\/\/sudoesteacontece.com.br\/\",\"name\":\"Sudoesteacontece\",\"description\":\"\",\"publisher\":{\"@id\":\"https:\/\/sudoesteacontece.com.br\/#organization\"},\"potentialAction\":[{\"@type\":\"SearchAction\",\"target\":{\"@type\":\"EntryPoint\",\"urlTemplate\":\"https:\/\/sudoesteacontece.com.br\/?s={search_term_string}\"},\"query-input\":{\"@type\":\"PropertyValueSpecification\",\"valueRequired\":true,\"valueName\":\"search_term_string\"}}],\"inLanguage\":\"pt-BR\"},{\"@type\":\"Organization\",\"@id\":\"https:\/\/sudoesteacontece.com.br\/#organization\",\"name\":\"Sudoesteacontece\",\"url\":\"https:\/\/sudoesteacontece.com.br\/\",\"logo\":{\"@type\":\"ImageObject\",\"inLanguage\":\"pt-BR\",\"@id\":\"https:\/\/sudoesteacontece.com.br\/#\/schema\/logo\/image\/\",\"url\":\"https:\/\/sudoesteacontece.com.br\/wp-content\/uploads\/2025\/12\/cropped-logo-2-180x180-1.png\",\"contentUrl\":\"https:\/\/sudoesteacontece.com.br\/wp-content\/uploads\/2025\/12\/cropped-logo-2-180x180-1.png\",\"width\":180,\"height\":180,\"caption\":\"Sudoesteacontece\"},\"image\":{\"@id\":\"https:\/\/sudoesteacontece.com.br\/#\/schema\/logo\/image\/\"},\"sameAs\":[\"https:\/\/www.facebook.com\/sudoesteacontece\/?locale=pt_BR\"]},{\"@type\":\"Person\",\"@id\":\"https:\/\/sudoesteacontece.com.br\/#\/schema\/person\/a4f22429c1d0923ef8f7d43343f8dc38\",\"name\":\"Reda\u00e7\u00e3o\",\"image\":{\"@type\":\"ImageObject\",\"inLanguage\":\"pt-BR\",\"@id\":\"https:\/\/sudoesteacontece.com.br\/#\/schema\/person\/image\/\",\"url\":\"https:\/\/secure.gravatar.com\/avatar\/c3a5b3c93f268a709c25a2df414c629a96fb3b1b4bf97a94fb3f72e54ae76903?s=96&d=mm&r=g\",\"contentUrl\":\"https:\/\/secure.gravatar.com\/avatar\/c3a5b3c93f268a709c25a2df414c629a96fb3b1b4bf97a94fb3f72e54ae76903?s=96&d=mm&r=g\",\"caption\":\"Reda\u00e7\u00e3o\"},\"url\":\"https:\/\/sudoesteacontece.com.br\/?author=4\"}]}<\/script>\n<!-- \/ Yoast SEO plugin. -->","yoast_head_json":{"title":"Governo federal reconhece emerg\u00eancia por estiagem em duas cidades do sudoeste da Bahia - Sudoesteacontece","robots":{"index":"index","follow":"follow","max-snippet":"max-snippet:-1","max-image-preview":"max-image-preview:large","max-video-preview":"max-video-preview:-1"},"canonical":"https:\/\/sudoesteacontece.com.br\/?p=6476","og_locale":"pt_BR","og_type":"article","og_title":"Governo federal reconhece emerg\u00eancia por estiagem em duas cidades do sudoeste da Bahia - Sudoesteacontece","og_description":"Reconhecimento oficial publicado nesta ter\u00e7a-feira (20) no Di\u00e1rio Oficial da Uni\u00e3o confirma situa\u00e7\u00e3o de emerg\u00eancia em Presidente J\u00e2nio Quadros e Tanha\u00e7u, no sudoeste baiano. A decis\u00e3o do Governo Federal ocorre ap\u00f3s avalia\u00e7\u00e3o da Defesa Civil Nacional e leva em conta os impactos da estiagem prolongada que atinge a regi\u00e3o e compromete o abastecimento e a rotina da popula\u00e7\u00e3o. Com a medida, as prefeituras passam a ter acesso a recursos federais para a\u00e7\u00f5es emergenciais de defesa civil. Entre as iniciativas previstas est\u00e3o a compra de cestas b\u00e1sicas, \u00e1gua mineral, refei\u00e7\u00f5es para trabalhadores e volunt\u00e1rios, al\u00e9m de kits de higiene, limpeza e dormit\u00f3rio destinados \u00e0s fam\u00edlias mais afetadas pela seca. Segundo o Minist\u00e9rio da Integra\u00e7\u00e3o e do Desenvolvimento Regional, os pedidos de apoio financeiro devem ser enviados pelas administra\u00e7\u00f5es municipais por meio do Sistema Integrado de Informa\u00e7\u00f5es sobre Desastres. Cada solicita\u00e7\u00e3o precisa apresentar um plano de trabalho detalhando as a\u00e7\u00f5es e os valores necess\u00e1rios. Ap\u00f3s o envio, t\u00e9cnicos da Defesa Civil Nacional analisam as propostas, avaliam metas e custos e, em caso de aprova\u00e7\u00e3o, autorizam a libera\u00e7\u00e3o dos recursos. O processo \u00e9 finalizado com a publica\u00e7\u00e3o de uma nova portaria no Di\u00e1rio Oficial da Uni\u00e3o, formalizando o repasse e permitindo o in\u00edcio das a\u00e7\u00f5es de enfrentamento \u00e0 estiagem.","og_url":"https:\/\/sudoesteacontece.com.br\/?p=6476","og_site_name":"Sudoesteacontece","article_publisher":"https:\/\/www.facebook.com\/sudoesteacontece\/?locale=pt_BR","article_published_time":"2026-01-21T12:44:48+00:00","article_modified_time":"2026-01-21T12:44:53+00:00","og_image":[{"width":900,"height":600,"url":"https:\/\/sudoesteacontece.com.br\/wp-content\/uploads\/2026\/01\/Governo-federal-reconhece-emergencia-por-estiagem-em-duas-cidades-do-sudoeste-da-Bahia.jpg","type":"image\/jpeg"}],"author":"Reda\u00e7\u00e3o","twitter_card":"summary_large_image","twitter_misc":{"Escrito por":"Reda\u00e7\u00e3o","Est. tempo de leitura":"2 minutos"},"schema":{"@context":"https:\/\/schema.org","@graph":[{"@type":"Article","@id":"https:\/\/sudoesteacontece.com.br\/?p=6476#article","isPartOf":{"@id":"https:\/\/sudoesteacontece.com.br\/?p=6476"},"author":{"name":"Reda\u00e7\u00e3o","@id":"https:\/\/sudoesteacontece.com.br\/#\/schema\/person\/a4f22429c1d0923ef8f7d43343f8dc38"},"headline":"Governo federal reconhece emerg\u00eancia por estiagem em duas cidades do sudoeste da Bahia","datePublished":"2026-01-21T12:44:48+00:00","dateModified":"2026-01-21T12:44:53+00:00","mainEntityOfPage":{"@id":"https:\/\/sudoesteacontece.com.br\/?p=6476"},"wordCount":253,"commentCount":0,"publisher":{"@id":"https:\/\/sudoesteacontece.com.br\/#organization"},"image":{"@id":"https:\/\/sudoesteacontece.com.br\/?p=6476#primaryimage"},"thumbnailUrl":"https:\/\/sudoesteacontece.com.br\/wp-content\/uploads\/2026\/01\/Governo-federal-reconhece-emergencia-por-estiagem-em-duas-cidades-do-sudoeste-da-Bahia.jpg","articleSection":["Bahia","Cidades","Presidente J\u00e2nio Quadros","Tanha\u00e7u"],"inLanguage":"pt-BR","potentialAction":[{"@type":"CommentAction","name":"Comment","target":["https:\/\/sudoesteacontece.com.br\/?p=6476#respond"]}]},{"@type":"WebPage","@id":"https:\/\/sudoesteacontece.com.br\/?p=6476","url":"https:\/\/sudoesteacontece.com.br\/?p=6476","name":"Governo federal reconhece emerg\u00eancia por estiagem em duas cidades do sudoeste da Bahia - Sudoesteacontece","isPartOf":{"@id":"https:\/\/sudoesteacontece.com.br\/#website"},"primaryImageOfPage":{"@id":"https:\/\/sudoesteacontece.com.br\/?p=6476#primaryimage"},"image":{"@id":"https:\/\/sudoesteacontece.com.br\/?p=6476#primaryimage"},"thumbnailUrl":"https:\/\/sudoesteacontece.com.br\/wp-content\/uploads\/2026\/01\/Governo-federal-reconhece-emergencia-por-estiagem-em-duas-cidades-do-sudoeste-da-Bahia.jpg","datePublished":"2026-01-21T12:44:48+00:00","dateModified":"2026-01-21T12:44:53+00:00","breadcrumb":{"@id":"https:\/\/sudoesteacontece.com.br\/?p=6476#breadcrumb"},"inLanguage":"pt-BR","potentialAction":[{"@type":"ReadAction","target":["https:\/\/sudoesteacontece.com.br\/?p=6476"]}]},{"@type":"ImageObject","inLanguage":"pt-BR","@id":"https:\/\/sudoesteacontece.com.br\/?p=6476#primaryimage","url":"https:\/\/sudoesteacontece.com.br\/wp-content\/uploads\/2026\/01\/Governo-federal-reconhece-emergencia-por-estiagem-em-duas-cidades-do-sudoeste-da-Bahia.jpg","contentUrl":"https:\/\/sudoesteacontece.com.br\/wp-content\/uploads\/2026\/01\/Governo-federal-reconhece-emergencia-por-estiagem-em-duas-cidades-do-sudoeste-da-Bahia.jpg","width":900,"height":600},{"@type":"BreadcrumbList","@id":"https:\/\/sudoesteacontece.com.br\/?p=6476#breadcrumb","itemListElement":[{"@type":"ListItem","position":1,"name":"In\u00edcio","item":"https:\/\/sudoesteacontece.com.br\/"},{"@type":"ListItem","position":2,"name":"Governo federal reconhece emerg\u00eancia por estiagem em duas cidades do sudoeste da Bahia"}]},{"@type":"WebSite","@id":"https:\/\/sudoesteacontece.com.br\/#website","url":"https:\/\/sudoesteacontece.com.br\/","name":"Sudoesteacontece","description":"","publisher":{"@id":"https:\/\/sudoesteacontece.com.br\/#organization"},"potentialAction":[{"@type":"SearchAction","target":{"@type":"EntryPoint","urlTemplate":"https:\/\/sudoesteacontece.com.br\/?s={search_term_string}"},"query-input":{"@type":"PropertyValueSpecification","valueRequired":true,"valueName":"search_term_string"}}],"inLanguage":"pt-BR"},{"@type":"Organization","@id":"https:\/\/sudoesteacontece.com.br\/#organization","name":"Sudoesteacontece","url":"https:\/\/sudoesteacontece.com.br\/","logo":{"@type":"ImageObject","inLanguage":"pt-BR","@id":"https:\/\/sudoesteacontece.com.br\/#\/schema\/logo\/image\/","url":"https:\/\/sudoesteacontece.com.br\/wp-content\/uploads\/2025\/12\/cropped-logo-2-180x180-1.png","contentUrl":"https:\/\/sudoesteacontece.com.br\/wp-content\/uploads\/2025\/12\/cropped-logo-2-180x180-1.png","width":180,"height":180,"caption":"Sudoesteacontece"},"image":{"@id":"https:\/\/sudoesteacontece.com.br\/#\/schema\/logo\/image\/"},"sameAs":["https:\/\/www.facebook.com\/sudoesteacontece\/?locale=pt_BR"]},{"@type":"Person","@id":"https:\/\/sudoesteacontece.com.br\/#\/schema\/person\/a4f22429c1d0923ef8f7d43343f8dc38","name":"Reda\u00e7\u00e3o","image":{"@type":"ImageObject","inLanguage":"pt-BR","@id":"https:\/\/sudoesteacontece.com.br\/#\/schema\/person\/image\/","url":"https:\/\/secure.gravatar.com\/avatar\/c3a5b3c93f268a709c25a2df414c629a96fb3b1b4bf97a94fb3f72e54ae76903?s=96&d=mm&r=g","contentUrl":"https:\/\/secure.gravatar.com\/avatar\/c3a5b3c93f268a709c25a2df414c629a96fb3b1b4bf97a94fb3f72e54ae76903?s=96&d=mm&r=g","caption":"Reda\u00e7\u00e3o"},"url":"https:\/\/sudoesteacontece.com.br\/?author=4"}]}},"_links":{"self":[{"href":"https:\/\/sudoesteacontece.com.br\/index.php?rest_route=\/wp\/v2\/posts\/6476","targetHints":{"allow":["GET"]}}],"collection":[{"href":"https:\/\/sudoesteacontece.com.br\/index.php?rest_route=\/wp\/v2\/posts"}],"about":[{"href":"https:\/\/sudoesteacontece.com.br\/index.php?rest_route=\/wp\/v2\/types\/post"}],"author":[{"embeddable":true,"href":"https:\/\/sudoesteacontece.com.br\/index.php?rest_route=\/wp\/v2\/users\/4"}],"replies":[{"embeddable":true,"href":"https:\/\/sudoesteacontece.com.br\/index.php?rest_route=%2Fwp%2Fv2%2Fcomments&post=6476"}],"version-history":[{"count":0,"href":"https:\/\/sudoesteacontece.com.br\/index.php?rest_route=\/wp\/v2\/posts\/6476\/revisions"}],"wp:featuredmedia":[{"embeddable":true,"href":"https:\/\/sudoesteacontece.com.br\/index.php?rest_route=\/wp\/v2\/media\/6496"}],"wp:attachment":[{"href":"https:\/\/sudoesteacontece.com.br\/index.php?rest_route=%2Fwp%2Fv2%2Fmedia&parent=6476"}],"wp:term":[{"taxonomy":"category","embeddable":true,"href":"https:\/\/sudoesteacontece.com.br\/index.php?rest_route=%2Fwp%2Fv2%2Fcategories&post=6476"},{"taxonomy":"post_tag","embeddable":true,"href":"https:\/\/sudoesteacontece.com.br\/index.php?rest_route=%2Fwp%2Fv2%2Ftags&post=6476"}],"curies":[{"name":"wp","href":"https:\/\/api.w.org\/{rel}","templated":true}]}}