{"id":6477,"date":"2026-01-21T09:49:13","date_gmt":"2026-01-21T12:49:13","guid":{"rendered":"https:\/\/sudoesteacontece.com.br\/?p=6477"},"modified":"2026-01-21T09:49:19","modified_gmt":"2026-01-21T12:49:19","slug":"geddel-se-aproxima-de-ze-ronaldo-e-sinaliza-reacao-do-mdb-a-possivel-perda-da-vice-de-jeronimo","status":"publish","type":"post","link":"https:\/\/sudoesteacontece.com.br\/?p=6477","title":{"rendered":"Geddel se aproxima de Z\u00e9 Ronaldo e sinaliza rea\u00e7\u00e3o do MDB \u00e0 poss\u00edvel perda da vice de Jer\u00f4nimo"},"content":{"rendered":"<div class=\"wp-block-image\">\n<figure class=\"aligncenter size-full\"><img fetchpriority=\"high\" decoding=\"async\" width=\"900\" height=\"600\" src=\"http:\/\/sudoesteacontece.com.br\/wp-content\/uploads\/2026\/01\/Geddel-se-aproxima-de-Ze-Ronaldo-e-sinaliza-reacao-do-MDB-a-possivel-perda-da-vice-de-Jeronimo-sudoeste-acontece.jpg\" alt=\"\" class=\"wp-image-6498\" srcset=\"https:\/\/sudoesteacontece.com.br\/wp-content\/uploads\/2026\/01\/Geddel-se-aproxima-de-Ze-Ronaldo-e-sinaliza-reacao-do-MDB-a-possivel-perda-da-vice-de-Jeronimo-sudoeste-acontece.jpg 900w, https:\/\/sudoesteacontece.com.br\/wp-content\/uploads\/2026\/01\/Geddel-se-aproxima-de-Ze-Ronaldo-e-sinaliza-reacao-do-MDB-a-possivel-perda-da-vice-de-Jeronimo-sudoeste-acontece-300x200.jpg 300w, https:\/\/sudoesteacontece.com.br\/wp-content\/uploads\/2026\/01\/Geddel-se-aproxima-de-Ze-Ronaldo-e-sinaliza-reacao-do-MDB-a-possivel-perda-da-vice-de-Jeronimo-sudoeste-acontece-768x512.jpg 768w\" sizes=\"(max-width: 900px) 100vw, 900px\" \/><\/figure>\n<\/div>\n\n\n<p>Publica\u00e7\u00e3o do ex-ministro Geddel Vieira Lima (MDB) movimentou o xadrez pol\u00edtico baiano nesta ter\u00e7a-feira (20). Ele revelou ter recebido em Salvador o prefeito de Feira de Santana, Jos\u00e9 Ronaldo (Uni\u00e3o Brasil), para uma longa conversa sobre cen\u00e1rios da Bahia e do Brasil, gesto interpretado como sinal de articula\u00e7\u00e3o estrat\u00e9gica.<\/p>\n\n\n\n<p>Nas redes sociais, Geddel elogiou o aliado e destacou a disposi\u00e7\u00e3o para novas conversas. Disse que sempre h\u00e1 espa\u00e7o para marchar juntos na defesa da Bahia e classificou Jos\u00e9 Ronaldo como pol\u00edtico experiente, habilidoso e um grande baiano, sem detalhar os temas tratados no encontro.<\/p>\n\n\n\n<p>Embora discreto no conte\u00fado, o gesto refor\u00e7ou rumores de reaproxima\u00e7\u00e3o. Jos\u00e9 Ronaldo voltou a ser cotado para compor a chapa de ACM Neto (Uni\u00e3o Brasil) como vice, movimento que recoloca o MDB no centro do debate pr\u00e9-eleitoral e amplia as possibilidades de rearranjos na oposi\u00e7\u00e3o.<\/p>\n\n\n\n<p>Nos bastidores, a leitura \u00e9 que Geddel enviou um recado direto ao PT. A aposta em uma chapa puro-sangue, com tr\u00eas governadores, pode empurrar o MDB para fora da vice de Jer\u00f4nimo Rodrigues, hoje ocupada por Geraldo J\u00fanior, nome indicado em 2022 e agora tratado como descart\u00e1vel.<\/p>\n\n\n\n<p>Caso avance, a manobra redesenharia o tabuleiro estadual. O MDB se aproximaria do principal l\u00edder da oposi\u00e7\u00e3o, enquanto Jos\u00e9 Ronaldo ganharia protagonismo como pe\u00e7a-chave na disputa pelo governo, elevando a press\u00e3o sobre aliados e advers\u00e1rios.<\/p>\n\n\n\n<p>Outra hip\u00f3tese, considerada menos prov\u00e1vel, prev\u00ea o MDB tentando manter espa\u00e7o na chapa governista. Nesse cen\u00e1rio, o partido indicaria Jos\u00e9 Ronaldo para a vice de Jer\u00f4nimo, solu\u00e7\u00e3o vista como improv\u00e1vel, mas que evidencia o grau de incerteza e disputa nos bastidores.<\/p>\n","protected":false},"excerpt":{"rendered":"<p>Publica\u00e7\u00e3o do ex-ministro Geddel Vieira Lima (MDB) movimentou o xadrez pol\u00edtico baiano nesta ter\u00e7a-feira (20). Ele revelou ter recebido em Salvador o prefeito de Feira de Santana, Jos\u00e9 Ronaldo (Uni\u00e3o Brasil), para uma longa conversa sobre cen\u00e1rios da Bahia e do Brasil, gesto interpretado como sinal de articula\u00e7\u00e3o estrat\u00e9gica. Nas redes sociais, Geddel elogiou o aliado e destacou a disposi\u00e7\u00e3o para novas conversas. Disse que sempre h\u00e1 espa\u00e7o para marchar juntos na defesa da Bahia e classificou Jos\u00e9 Ronaldo como pol\u00edtico experiente, habilidoso e um grande baiano, sem detalhar os temas tratados no encontro. Embora discreto no conte\u00fado, o gesto refor\u00e7ou rumores de reaproxima\u00e7\u00e3o. Jos\u00e9 Ronaldo voltou a ser cotado para compor a chapa de ACM Neto (Uni\u00e3o Brasil) como vice, movimento que recoloca o MDB no centro do debate pr\u00e9-eleitoral e amplia as possibilidades de rearranjos na oposi\u00e7\u00e3o. Nos bastidores, a leitura \u00e9 que Geddel enviou um recado direto ao PT. A aposta em uma chapa puro-sangue, com tr\u00eas governadores, pode empurrar o MDB para fora da vice de Jer\u00f4nimo Rodrigues, hoje ocupada por Geraldo J\u00fanior, nome indicado em 2022 e agora tratado como descart\u00e1vel. Caso avance, a manobra redesenharia o tabuleiro estadual. O MDB se aproximaria do principal l\u00edder da oposi\u00e7\u00e3o, enquanto Jos\u00e9 Ronaldo ganharia protagonismo como pe\u00e7a-chave na disputa pelo governo, elevando a press\u00e3o sobre aliados e advers\u00e1rios. Outra hip\u00f3tese, considerada menos prov\u00e1vel, prev\u00ea o MDB tentando manter espa\u00e7o na chapa governista. Nesse cen\u00e1rio, o partido indicaria Jos\u00e9 Ronaldo para a vice de Jer\u00f4nimo, solu\u00e7\u00e3o vista como improv\u00e1vel, mas que evidencia o grau de incerteza e disputa nos bastidores.<\/p>\n","protected":false},"author":4,"featured_media":6498,"comment_status":"open","ping_status":"open","sticky":false,"template":"","format":"standard","meta":{"footnotes":""},"categories":[7,58,6],"tags":[],"class_list":["post-6477","post","type-post","status-publish","format-standard","has-post-thumbnail","hentry","category-bahia","category-eleicoes-2026","category-politica"],"yoast_head":"<!-- This site is optimized with the Yoast SEO plugin v26.5 - https:\/\/yoast.com\/wordpress\/plugins\/seo\/ -->\n<title>Geddel se aproxima de Z\u00e9 Ronaldo e sinaliza rea\u00e7\u00e3o do MDB \u00e0 poss\u00edvel perda da vice de Jer\u00f4nimo - Sudoesteacontece<\/title>\n<meta name=\"robots\" content=\"index, follow, max-snippet:-1, max-image-preview:large, max-video-preview:-1\" \/>\n<link rel=\"canonical\" href=\"https:\/\/sudoesteacontece.com.br\/?p=6477\" \/>\n<meta property=\"og:locale\" content=\"pt_BR\" \/>\n<meta property=\"og:type\" content=\"article\" \/>\n<meta property=\"og:title\" content=\"Geddel se aproxima de Z\u00e9 Ronaldo e sinaliza rea\u00e7\u00e3o do MDB \u00e0 poss\u00edvel perda da vice de Jer\u00f4nimo - Sudoesteacontece\" \/>\n<meta property=\"og:description\" content=\"Publica\u00e7\u00e3o do ex-ministro Geddel Vieira Lima (MDB) movimentou o xadrez pol\u00edtico baiano nesta ter\u00e7a-feira (20). Ele revelou ter recebido em Salvador o prefeito de Feira de Santana, Jos\u00e9 Ronaldo (Uni\u00e3o Brasil), para uma longa conversa sobre cen\u00e1rios da Bahia e do Brasil, gesto interpretado como sinal de articula\u00e7\u00e3o estrat\u00e9gica. Nas redes sociais, Geddel elogiou o aliado e destacou a disposi\u00e7\u00e3o para novas conversas. Disse que sempre h\u00e1 espa\u00e7o para marchar juntos na defesa da Bahia e classificou Jos\u00e9 Ronaldo como pol\u00edtico experiente, habilidoso e um grande baiano, sem detalhar os temas tratados no encontro. Embora discreto no conte\u00fado, o gesto refor\u00e7ou rumores de reaproxima\u00e7\u00e3o. Jos\u00e9 Ronaldo voltou a ser cotado para compor a chapa de ACM Neto (Uni\u00e3o Brasil) como vice, movimento que recoloca o MDB no centro do debate pr\u00e9-eleitoral e amplia as possibilidades de rearranjos na oposi\u00e7\u00e3o. Nos bastidores, a leitura \u00e9 que Geddel enviou um recado direto ao PT. A aposta em uma chapa puro-sangue, com tr\u00eas governadores, pode empurrar o MDB para fora da vice de Jer\u00f4nimo Rodrigues, hoje ocupada por Geraldo J\u00fanior, nome indicado em 2022 e agora tratado como descart\u00e1vel. Caso avance, a manobra redesenharia o tabuleiro estadual. O MDB se aproximaria do principal l\u00edder da oposi\u00e7\u00e3o, enquanto Jos\u00e9 Ronaldo ganharia protagonismo como pe\u00e7a-chave na disputa pelo governo, elevando a press\u00e3o sobre aliados e advers\u00e1rios. Outra hip\u00f3tese, considerada menos prov\u00e1vel, prev\u00ea o MDB tentando manter espa\u00e7o na chapa governista. Nesse cen\u00e1rio, o partido indicaria Jos\u00e9 Ronaldo para a vice de Jer\u00f4nimo, solu\u00e7\u00e3o vista como improv\u00e1vel, mas que evidencia o grau de incerteza e disputa nos bastidores.\" \/>\n<meta property=\"og:url\" content=\"https:\/\/sudoesteacontece.com.br\/?p=6477\" \/>\n<meta property=\"og:site_name\" content=\"Sudoesteacontece\" \/>\n<meta property=\"article:publisher\" content=\"https:\/\/www.facebook.com\/sudoesteacontece\/?locale=pt_BR\" \/>\n<meta property=\"article:published_time\" content=\"2026-01-21T12:49:13+00:00\" \/>\n<meta property=\"article:modified_time\" content=\"2026-01-21T12:49:19+00:00\" \/>\n<meta property=\"og:image\" content=\"https:\/\/sudoesteacontece.com.br\/wp-content\/uploads\/2026\/01\/Geddel-se-aproxima-de-Ze-Ronaldo-e-sinaliza-reacao-do-MDB-a-possivel-perda-da-vice-de-Jeronimo-sudoeste-acontece.jpg\" \/>\n\t<meta property=\"og:image:width\" content=\"900\" \/>\n\t<meta property=\"og:image:height\" content=\"600\" \/>\n\t<meta property=\"og:image:type\" content=\"image\/jpeg\" \/>\n<meta name=\"author\" content=\"Reda\u00e7\u00e3o\" \/>\n<meta name=\"twitter:card\" content=\"summary_large_image\" \/>\n<meta name=\"twitter:label1\" content=\"Escrito por\" \/>\n\t<meta name=\"twitter:data1\" content=\"Reda\u00e7\u00e3o\" \/>\n\t<meta name=\"twitter:label2\" content=\"Est. tempo de leitura\" \/>\n\t<meta name=\"twitter:data2\" content=\"2 minutos\" \/>\n<script type=\"application\/ld+json\" class=\"yoast-schema-graph\">{\"@context\":\"https:\/\/schema.org\",\"@graph\":[{\"@type\":\"Article\",\"@id\":\"https:\/\/sudoesteacontece.com.br\/?p=6477#article\",\"isPartOf\":{\"@id\":\"https:\/\/sudoesteacontece.com.br\/?p=6477\"},\"author\":{\"name\":\"Reda\u00e7\u00e3o\",\"@id\":\"https:\/\/sudoesteacontece.com.br\/#\/schema\/person\/a4f22429c1d0923ef8f7d43343f8dc38\"},\"headline\":\"Geddel se aproxima de Z\u00e9 Ronaldo e sinaliza rea\u00e7\u00e3o do MDB \u00e0 poss\u00edvel perda da vice de Jer\u00f4nimo\",\"datePublished\":\"2026-01-21T12:49:13+00:00\",\"dateModified\":\"2026-01-21T12:49:19+00:00\",\"mainEntityOfPage\":{\"@id\":\"https:\/\/sudoesteacontece.com.br\/?p=6477\"},\"wordCount\":311,\"commentCount\":0,\"publisher\":{\"@id\":\"https:\/\/sudoesteacontece.com.br\/#organization\"},\"image\":{\"@id\":\"https:\/\/sudoesteacontece.com.br\/?p=6477#primaryimage\"},\"thumbnailUrl\":\"https:\/\/sudoesteacontece.com.br\/wp-content\/uploads\/2026\/01\/Geddel-se-aproxima-de-Ze-Ronaldo-e-sinaliza-reacao-do-MDB-a-possivel-perda-da-vice-de-Jeronimo-sudoeste-acontece.jpg\",\"articleSection\":[\"Bahia\",\"Elei\u00e7\u00f5es 2026\",\"Pol\u00edtica\"],\"inLanguage\":\"pt-BR\",\"potentialAction\":[{\"@type\":\"CommentAction\",\"name\":\"Comment\",\"target\":[\"https:\/\/sudoesteacontece.com.br\/?p=6477#respond\"]}]},{\"@type\":\"WebPage\",\"@id\":\"https:\/\/sudoesteacontece.com.br\/?p=6477\",\"url\":\"https:\/\/sudoesteacontece.com.br\/?p=6477\",\"name\":\"Geddel se aproxima de Z\u00e9 Ronaldo e sinaliza rea\u00e7\u00e3o do MDB \u00e0 poss\u00edvel perda da vice de Jer\u00f4nimo - Sudoesteacontece\",\"isPartOf\":{\"@id\":\"https:\/\/sudoesteacontece.com.br\/#website\"},\"primaryImageOfPage\":{\"@id\":\"https:\/\/sudoesteacontece.com.br\/?p=6477#primaryimage\"},\"image\":{\"@id\":\"https:\/\/sudoesteacontece.com.br\/?p=6477#primaryimage\"},\"thumbnailUrl\":\"https:\/\/sudoesteacontece.com.br\/wp-content\/uploads\/2026\/01\/Geddel-se-aproxima-de-Ze-Ronaldo-e-sinaliza-reacao-do-MDB-a-possivel-perda-da-vice-de-Jeronimo-sudoeste-acontece.jpg\",\"datePublished\":\"2026-01-21T12:49:13+00:00\",\"dateModified\":\"2026-01-21T12:49:19+00:00\",\"breadcrumb\":{\"@id\":\"https:\/\/sudoesteacontece.com.br\/?p=6477#breadcrumb\"},\"inLanguage\":\"pt-BR\",\"potentialAction\":[{\"@type\":\"ReadAction\",\"target\":[\"https:\/\/sudoesteacontece.com.br\/?p=6477\"]}]},{\"@type\":\"ImageObject\",\"inLanguage\":\"pt-BR\",\"@id\":\"https:\/\/sudoesteacontece.com.br\/?p=6477#primaryimage\",\"url\":\"https:\/\/sudoesteacontece.com.br\/wp-content\/uploads\/2026\/01\/Geddel-se-aproxima-de-Ze-Ronaldo-e-sinaliza-reacao-do-MDB-a-possivel-perda-da-vice-de-Jeronimo-sudoeste-acontece.jpg\",\"contentUrl\":\"https:\/\/sudoesteacontece.com.br\/wp-content\/uploads\/2026\/01\/Geddel-se-aproxima-de-Ze-Ronaldo-e-sinaliza-reacao-do-MDB-a-possivel-perda-da-vice-de-Jeronimo-sudoeste-acontece.jpg\",\"width\":900,\"height\":600},{\"@type\":\"BreadcrumbList\",\"@id\":\"https:\/\/sudoesteacontece.com.br\/?p=6477#breadcrumb\",\"itemListElement\":[{\"@type\":\"ListItem\",\"position\":1,\"name\":\"In\u00edcio\",\"item\":\"https:\/\/sudoesteacontece.com.br\/\"},{\"@type\":\"ListItem\",\"position\":2,\"name\":\"Geddel se aproxima de Z\u00e9 Ronaldo e sinaliza rea\u00e7\u00e3o do MDB \u00e0 poss\u00edvel perda da vice de Jer\u00f4nimo\"}]},{\"@type\":\"WebSite\",\"@id\":\"https:\/\/sudoesteacontece.com.br\/#website\",\"url\":\"https:\/\/sudoesteacontece.com.br\/\",\"name\":\"Sudoesteacontece\",\"description\":\"\",\"publisher\":{\"@id\":\"https:\/\/sudoesteacontece.com.br\/#organization\"},\"potentialAction\":[{\"@type\":\"SearchAction\",\"target\":{\"@type\":\"EntryPoint\",\"urlTemplate\":\"https:\/\/sudoesteacontece.com.br\/?s={search_term_string}\"},\"query-input\":{\"@type\":\"PropertyValueSpecification\",\"valueRequired\":true,\"valueName\":\"search_term_string\"}}],\"inLanguage\":\"pt-BR\"},{\"@type\":\"Organization\",\"@id\":\"https:\/\/sudoesteacontece.com.br\/#organization\",\"name\":\"Sudoesteacontece\",\"url\":\"https:\/\/sudoesteacontece.com.br\/\",\"logo\":{\"@type\":\"ImageObject\",\"inLanguage\":\"pt-BR\",\"@id\":\"https:\/\/sudoesteacontece.com.br\/#\/schema\/logo\/image\/\",\"url\":\"https:\/\/sudoesteacontece.com.br\/wp-content\/uploads\/2025\/12\/cropped-logo-2-180x180-1.png\",\"contentUrl\":\"https:\/\/sudoesteacontece.com.br\/wp-content\/uploads\/2025\/12\/cropped-logo-2-180x180-1.png\",\"width\":180,\"height\":180,\"caption\":\"Sudoesteacontece\"},\"image\":{\"@id\":\"https:\/\/sudoesteacontece.com.br\/#\/schema\/logo\/image\/\"},\"sameAs\":[\"https:\/\/www.facebook.com\/sudoesteacontece\/?locale=pt_BR\"]},{\"@type\":\"Person\",\"@id\":\"https:\/\/sudoesteacontece.com.br\/#\/schema\/person\/a4f22429c1d0923ef8f7d43343f8dc38\",\"name\":\"Reda\u00e7\u00e3o\",\"image\":{\"@type\":\"ImageObject\",\"inLanguage\":\"pt-BR\",\"@id\":\"https:\/\/sudoesteacontece.com.br\/#\/schema\/person\/image\/\",\"url\":\"https:\/\/secure.gravatar.com\/avatar\/c3a5b3c93f268a709c25a2df414c629a96fb3b1b4bf97a94fb3f72e54ae76903?s=96&d=mm&r=g\",\"contentUrl\":\"https:\/\/secure.gravatar.com\/avatar\/c3a5b3c93f268a709c25a2df414c629a96fb3b1b4bf97a94fb3f72e54ae76903?s=96&d=mm&r=g\",\"caption\":\"Reda\u00e7\u00e3o\"},\"url\":\"https:\/\/sudoesteacontece.com.br\/?author=4\"}]}<\/script>\n<!-- \/ Yoast SEO plugin. -->","yoast_head_json":{"title":"Geddel se aproxima de Z\u00e9 Ronaldo e sinaliza rea\u00e7\u00e3o do MDB \u00e0 poss\u00edvel perda da vice de Jer\u00f4nimo - Sudoesteacontece","robots":{"index":"index","follow":"follow","max-snippet":"max-snippet:-1","max-image-preview":"max-image-preview:large","max-video-preview":"max-video-preview:-1"},"canonical":"https:\/\/sudoesteacontece.com.br\/?p=6477","og_locale":"pt_BR","og_type":"article","og_title":"Geddel se aproxima de Z\u00e9 Ronaldo e sinaliza rea\u00e7\u00e3o do MDB \u00e0 poss\u00edvel perda da vice de Jer\u00f4nimo - Sudoesteacontece","og_description":"Publica\u00e7\u00e3o do ex-ministro Geddel Vieira Lima (MDB) movimentou o xadrez pol\u00edtico baiano nesta ter\u00e7a-feira (20). Ele revelou ter recebido em Salvador o prefeito de Feira de Santana, Jos\u00e9 Ronaldo (Uni\u00e3o Brasil), para uma longa conversa sobre cen\u00e1rios da Bahia e do Brasil, gesto interpretado como sinal de articula\u00e7\u00e3o estrat\u00e9gica. Nas redes sociais, Geddel elogiou o aliado e destacou a disposi\u00e7\u00e3o para novas conversas. Disse que sempre h\u00e1 espa\u00e7o para marchar juntos na defesa da Bahia e classificou Jos\u00e9 Ronaldo como pol\u00edtico experiente, habilidoso e um grande baiano, sem detalhar os temas tratados no encontro. Embora discreto no conte\u00fado, o gesto refor\u00e7ou rumores de reaproxima\u00e7\u00e3o. Jos\u00e9 Ronaldo voltou a ser cotado para compor a chapa de ACM Neto (Uni\u00e3o Brasil) como vice, movimento que recoloca o MDB no centro do debate pr\u00e9-eleitoral e amplia as possibilidades de rearranjos na oposi\u00e7\u00e3o. Nos bastidores, a leitura \u00e9 que Geddel enviou um recado direto ao PT. A aposta em uma chapa puro-sangue, com tr\u00eas governadores, pode empurrar o MDB para fora da vice de Jer\u00f4nimo Rodrigues, hoje ocupada por Geraldo J\u00fanior, nome indicado em 2022 e agora tratado como descart\u00e1vel. Caso avance, a manobra redesenharia o tabuleiro estadual. O MDB se aproximaria do principal l\u00edder da oposi\u00e7\u00e3o, enquanto Jos\u00e9 Ronaldo ganharia protagonismo como pe\u00e7a-chave na disputa pelo governo, elevando a press\u00e3o sobre aliados e advers\u00e1rios. Outra hip\u00f3tese, considerada menos prov\u00e1vel, prev\u00ea o MDB tentando manter espa\u00e7o na chapa governista. Nesse cen\u00e1rio, o partido indicaria Jos\u00e9 Ronaldo para a vice de Jer\u00f4nimo, solu\u00e7\u00e3o vista como improv\u00e1vel, mas que evidencia o grau de incerteza e disputa nos bastidores.","og_url":"https:\/\/sudoesteacontece.com.br\/?p=6477","og_site_name":"Sudoesteacontece","article_publisher":"https:\/\/www.facebook.com\/sudoesteacontece\/?locale=pt_BR","article_published_time":"2026-01-21T12:49:13+00:00","article_modified_time":"2026-01-21T12:49:19+00:00","og_image":[{"width":900,"height":600,"url":"https:\/\/sudoesteacontece.com.br\/wp-content\/uploads\/2026\/01\/Geddel-se-aproxima-de-Ze-Ronaldo-e-sinaliza-reacao-do-MDB-a-possivel-perda-da-vice-de-Jeronimo-sudoeste-acontece.jpg","type":"image\/jpeg"}],"author":"Reda\u00e7\u00e3o","twitter_card":"summary_large_image","twitter_misc":{"Escrito por":"Reda\u00e7\u00e3o","Est. tempo de leitura":"2 minutos"},"schema":{"@context":"https:\/\/schema.org","@graph":[{"@type":"Article","@id":"https:\/\/sudoesteacontece.com.br\/?p=6477#article","isPartOf":{"@id":"https:\/\/sudoesteacontece.com.br\/?p=6477"},"author":{"name":"Reda\u00e7\u00e3o","@id":"https:\/\/sudoesteacontece.com.br\/#\/schema\/person\/a4f22429c1d0923ef8f7d43343f8dc38"},"headline":"Geddel se aproxima de Z\u00e9 Ronaldo e sinaliza rea\u00e7\u00e3o do MDB \u00e0 poss\u00edvel perda da vice de Jer\u00f4nimo","datePublished":"2026-01-21T12:49:13+00:00","dateModified":"2026-01-21T12:49:19+00:00","mainEntityOfPage":{"@id":"https:\/\/sudoesteacontece.com.br\/?p=6477"},"wordCount":311,"commentCount":0,"publisher":{"@id":"https:\/\/sudoesteacontece.com.br\/#organization"},"image":{"@id":"https:\/\/sudoesteacontece.com.br\/?p=6477#primaryimage"},"thumbnailUrl":"https:\/\/sudoesteacontece.com.br\/wp-content\/uploads\/2026\/01\/Geddel-se-aproxima-de-Ze-Ronaldo-e-sinaliza-reacao-do-MDB-a-possivel-perda-da-vice-de-Jeronimo-sudoeste-acontece.jpg","articleSection":["Bahia","Elei\u00e7\u00f5es 2026","Pol\u00edtica"],"inLanguage":"pt-BR","potentialAction":[{"@type":"CommentAction","name":"Comment","target":["https:\/\/sudoesteacontece.com.br\/?p=6477#respond"]}]},{"@type":"WebPage","@id":"https:\/\/sudoesteacontece.com.br\/?p=6477","url":"https:\/\/sudoesteacontece.com.br\/?p=6477","name":"Geddel se aproxima de Z\u00e9 Ronaldo e sinaliza rea\u00e7\u00e3o do MDB \u00e0 poss\u00edvel perda da vice de Jer\u00f4nimo - Sudoesteacontece","isPartOf":{"@id":"https:\/\/sudoesteacontece.com.br\/#website"},"primaryImageOfPage":{"@id":"https:\/\/sudoesteacontece.com.br\/?p=6477#primaryimage"},"image":{"@id":"https:\/\/sudoesteacontece.com.br\/?p=6477#primaryimage"},"thumbnailUrl":"https:\/\/sudoesteacontece.com.br\/wp-content\/uploads\/2026\/01\/Geddel-se-aproxima-de-Ze-Ronaldo-e-sinaliza-reacao-do-MDB-a-possivel-perda-da-vice-de-Jeronimo-sudoeste-acontece.jpg","datePublished":"2026-01-21T12:49:13+00:00","dateModified":"2026-01-21T12:49:19+00:00","breadcrumb":{"@id":"https:\/\/sudoesteacontece.com.br\/?p=6477#breadcrumb"},"inLanguage":"pt-BR","potentialAction":[{"@type":"ReadAction","target":["https:\/\/sudoesteacontece.com.br\/?p=6477"]}]},{"@type":"ImageObject","inLanguage":"pt-BR","@id":"https:\/\/sudoesteacontece.com.br\/?p=6477#primaryimage","url":"https:\/\/sudoesteacontece.com.br\/wp-content\/uploads\/2026\/01\/Geddel-se-aproxima-de-Ze-Ronaldo-e-sinaliza-reacao-do-MDB-a-possivel-perda-da-vice-de-Jeronimo-sudoeste-acontece.jpg","contentUrl":"https:\/\/sudoesteacontece.com.br\/wp-content\/uploads\/2026\/01\/Geddel-se-aproxima-de-Ze-Ronaldo-e-sinaliza-reacao-do-MDB-a-possivel-perda-da-vice-de-Jeronimo-sudoeste-acontece.jpg","width":900,"height":600},{"@type":"BreadcrumbList","@id":"https:\/\/sudoesteacontece.com.br\/?p=6477#breadcrumb","itemListElement":[{"@type":"ListItem","position":1,"name":"In\u00edcio","item":"https:\/\/sudoesteacontece.com.br\/"},{"@type":"ListItem","position":2,"name":"Geddel se aproxima de Z\u00e9 Ronaldo e sinaliza rea\u00e7\u00e3o do MDB \u00e0 poss\u00edvel perda da vice de Jer\u00f4nimo"}]},{"@type":"WebSite","@id":"https:\/\/sudoesteacontece.com.br\/#website","url":"https:\/\/sudoesteacontece.com.br\/","name":"Sudoesteacontece","description":"","publisher":{"@id":"https:\/\/sudoesteacontece.com.br\/#organization"},"potentialAction":[{"@type":"SearchAction","target":{"@type":"EntryPoint","urlTemplate":"https:\/\/sudoesteacontece.com.br\/?s={search_term_string}"},"query-input":{"@type":"PropertyValueSpecification","valueRequired":true,"valueName":"search_term_string"}}],"inLanguage":"pt-BR"},{"@type":"Organization","@id":"https:\/\/sudoesteacontece.com.br\/#organization","name":"Sudoesteacontece","url":"https:\/\/sudoesteacontece.com.br\/","logo":{"@type":"ImageObject","inLanguage":"pt-BR","@id":"https:\/\/sudoesteacontece.com.br\/#\/schema\/logo\/image\/","url":"https:\/\/sudoesteacontece.com.br\/wp-content\/uploads\/2025\/12\/cropped-logo-2-180x180-1.png","contentUrl":"https:\/\/sudoesteacontece.com.br\/wp-content\/uploads\/2025\/12\/cropped-logo-2-180x180-1.png","width":180,"height":180,"caption":"Sudoesteacontece"},"image":{"@id":"https:\/\/sudoesteacontece.com.br\/#\/schema\/logo\/image\/"},"sameAs":["https:\/\/www.facebook.com\/sudoesteacontece\/?locale=pt_BR"]},{"@type":"Person","@id":"https:\/\/sudoesteacontece.com.br\/#\/schema\/person\/a4f22429c1d0923ef8f7d43343f8dc38","name":"Reda\u00e7\u00e3o","image":{"@type":"ImageObject","inLanguage":"pt-BR","@id":"https:\/\/sudoesteacontece.com.br\/#\/schema\/person\/image\/","url":"https:\/\/secure.gravatar.com\/avatar\/c3a5b3c93f268a709c25a2df414c629a96fb3b1b4bf97a94fb3f72e54ae76903?s=96&d=mm&r=g","contentUrl":"https:\/\/secure.gravatar.com\/avatar\/c3a5b3c93f268a709c25a2df414c629a96fb3b1b4bf97a94fb3f72e54ae76903?s=96&d=mm&r=g","caption":"Reda\u00e7\u00e3o"},"url":"https:\/\/sudoesteacontece.com.br\/?author=4"}]}},"_links":{"self":[{"href":"https:\/\/sudoesteacontece.com.br\/index.php?rest_route=\/wp\/v2\/posts\/6477","targetHints":{"allow":["GET"]}}],"collection":[{"href":"https:\/\/sudoesteacontece.com.br\/index.php?rest_route=\/wp\/v2\/posts"}],"about":[{"href":"https:\/\/sudoesteacontece.com.br\/index.php?rest_route=\/wp\/v2\/types\/post"}],"author":[{"embeddable":true,"href":"https:\/\/sudoesteacontece.com.br\/index.php?rest_route=\/wp\/v2\/users\/4"}],"replies":[{"embeddable":true,"href":"https:\/\/sudoesteacontece.com.br\/index.php?rest_route=%2Fwp%2Fv2%2Fcomments&post=6477"}],"version-history":[{"count":0,"href":"https:\/\/sudoesteacontece.com.br\/index.php?rest_route=\/wp\/v2\/posts\/6477\/revisions"}],"wp:featuredmedia":[{"embeddable":true,"href":"https:\/\/sudoesteacontece.com.br\/index.php?rest_route=\/wp\/v2\/media\/6498"}],"wp:attachment":[{"href":"https:\/\/sudoesteacontece.com.br\/index.php?rest_route=%2Fwp%2Fv2%2Fmedia&parent=6477"}],"wp:term":[{"taxonomy":"category","embeddable":true,"href":"https:\/\/sudoesteacontece.com.br\/index.php?rest_route=%2Fwp%2Fv2%2Fcategories&post=6477"},{"taxonomy":"post_tag","embeddable":true,"href":"https:\/\/sudoesteacontece.com.br\/index.php?rest_route=%2Fwp%2Fv2%2Ftags&post=6477"}],"curies":[{"name":"wp","href":"https:\/\/api.w.org\/{rel}","templated":true}]}}