{"id":6482,"date":"2026-01-21T10:01:13","date_gmt":"2026-01-21T13:01:13","guid":{"rendered":"https:\/\/sudoesteacontece.com.br\/?p=6482"},"modified":"2026-01-21T10:01:18","modified_gmt":"2026-01-21T13:01:18","slug":"capacitacao-em-macaubas-reforca-controle-social-e-destaca-papel-do-sus-na-vida-da-populacao","status":"publish","type":"post","link":"https:\/\/sudoesteacontece.com.br\/?p=6482","title":{"rendered":"Capacita\u00e7\u00e3o em Maca\u00fabas refor\u00e7a controle social e destaca papel do SUS na vida da popula\u00e7\u00e3o"},"content":{"rendered":"<div class=\"wp-block-image\">\n<figure class=\"aligncenter size-full\"><img fetchpriority=\"high\" decoding=\"async\" width=\"900\" height=\"600\" src=\"http:\/\/sudoesteacontece.com.br\/wp-content\/uploads\/2026\/01\/Capacitacao-em-Macaubas-reforca-controle-social-e-destaca-papel-do-SUS-na-vida-da-populacao-sudoeste-acontece.jpg\" alt=\"\" class=\"wp-image-6506\" srcset=\"https:\/\/sudoesteacontece.com.br\/wp-content\/uploads\/2026\/01\/Capacitacao-em-Macaubas-reforca-controle-social-e-destaca-papel-do-SUS-na-vida-da-populacao-sudoeste-acontece.jpg 900w, https:\/\/sudoesteacontece.com.br\/wp-content\/uploads\/2026\/01\/Capacitacao-em-Macaubas-reforca-controle-social-e-destaca-papel-do-SUS-na-vida-da-populacao-sudoeste-acontece-300x200.jpg 300w, https:\/\/sudoesteacontece.com.br\/wp-content\/uploads\/2026\/01\/Capacitacao-em-Macaubas-reforca-controle-social-e-destaca-papel-do-SUS-na-vida-da-populacao-sudoeste-acontece-768x512.jpg 768w\" sizes=\"(max-width: 900px) 100vw, 900px\" \/><\/figure>\n<\/div>\n\n\n<p>Capacita\u00e7\u00e3o realizada em Maca\u00fabas reuniu, nos dias 19 e 20 de janeiro, conselheiros, profissionais de sa\u00fade e moradores para debater controle social e fortalecer a participa\u00e7\u00e3o popular no SUS. A forma\u00e7\u00e3o ocorreu no Centro Cultural Jos\u00e9 Benedito do Amaral e contou com apoio do Conselho Estadual de Sa\u00fade da Bahia e da Secretaria Municipal de Sa\u00fade.<\/p>\n\n\n\n<p>Evento aberto ao p\u00fablico atraiu usu\u00e1rios do SUS, representantes da sociedade civil organizada e cidad\u00e3os interessados em compreender como funcionam as pol\u00edticas p\u00fablicas de sa\u00fade. A iniciativa refor\u00e7ou um dos pilares do sistema, que \u00e9 garantir a participa\u00e7\u00e3o direta da popula\u00e7\u00e3o nas decis\u00f5es que impactam o atendimento e a qualidade de vida.<\/p>\n\n\n\n<p>Participaram dos debates a presidente do Conselho Municipal de Sa\u00fade de Maca\u00fabas, Nilzinha Batista, o presidente do Conselho Estadual de Sa\u00fade da Bahia, Marcos G\u00eameos, e a secret\u00e1ria executiva do CES-BA, Zirlene Matos. Os tr\u00eas conduziram exposi\u00e7\u00f5es, reflex\u00f5es e di\u00e1logos ao longo dos dois dias de capacita\u00e7\u00e3o.<\/p>\n\n\n\n<p>Discuss\u00f5es destacaram que o SUS vai muito al\u00e9m de consultas, hospitais ou unidades de pronto atendimento. Criado pela Constitui\u00e7\u00e3o de 1988, o sistema garante atendimento universal, integral e gratuito e envolve a\u00e7\u00f5es de saneamento, alimenta\u00e7\u00e3o, sa\u00fade mental, atividade f\u00edsica, meio ambiente equilibrado e promo\u00e7\u00e3o do bem-estar social.<\/p>\n\n\n\n<p>Debate refor\u00e7ou que a aus\u00eancia de doen\u00e7as est\u00e1 diretamente ligada a h\u00e1bitos saud\u00e1veis e pol\u00edticas p\u00fablicas eficientes. Nesse contexto, os participantes foram estimulados a compreender que todas essas a\u00e7\u00f5es fazem parte do SUS e dependem da fiscaliza\u00e7\u00e3o e do acompanhamento da sociedade para funcionar plenamente.<\/p>\n\n\n\n<p>Durante a capacita\u00e7\u00e3o, Marcos G\u00eameos ressaltou que, apesar dos desafios di\u00e1rios, o Brasil possui um sistema p\u00fablico de sa\u00fade \u00fanico no mundo. Ele afirmou que defender o SUS \u00e9 defender a vida, cobrando melhorias sem ignorar a import\u00e2ncia hist\u00f3rica e social do sistema para milh\u00f5es de brasileiros.<\/p>\n\n\n\n<p>Forma\u00e7\u00e3o tamb\u00e9m esclareceu o papel dos Conselhos de Sa\u00fade, \u00f3rg\u00e3os permanentes, deliberativos e fiscalizadores, respons\u00e1veis por acompanhar e influenciar as pol\u00edticas p\u00fablicas do setor. Os conselhos atuam nos n\u00edveis municipal, estadual e nacional e t\u00eam exist\u00eancia garantida por lei.<\/p>\n\n\n\n<p>Composi\u00e7\u00e3o parit\u00e1ria foi explicada aos participantes, com metade das vagas ocupadas por usu\u00e1rios do SUS, enquanto trabalhadores da sa\u00fade e gestores dividem o restante. Nos conselhos, s\u00e3o discutidos or\u00e7amento, aplica\u00e7\u00e3o de recursos, qualidade dos servi\u00e7os e demandas apresentadas diretamente pela popula\u00e7\u00e3o.<\/p>\n\n\n\n<p>Encontros enfatizaram que o conselho n\u00e3o atua contra a gest\u00e3o p\u00fablica, mas como parceiro cr\u00edtico. A fun\u00e7\u00e3o \u00e9 fiscalizar, sugerir melhorias e garantir que o dinheiro p\u00fablico seja aplicado de forma correta, atendendo \u00e0s reais necessidades da popula\u00e7\u00e3o.<\/p>\n\n\n\n<p>Outro ponto central foi o est\u00edmulo \u00e0 participa\u00e7\u00e3o cidad\u00e3. A capacita\u00e7\u00e3o mostrou que qualquer pessoa pode acompanhar reuni\u00f5es, confer\u00eancias, audi\u00eancias p\u00fablicas e a\u00e7\u00f5es da sa\u00fade, fortalecendo a democracia, ampliando a transpar\u00eancia e contribuindo para servi\u00e7os mais eficientes.<\/p>\n\n\n\n<p>Troca de experi\u00eancias marcou os dois dias de atividades, criando um ambiente de di\u00e1logo e constru\u00e7\u00e3o coletiva. Ao final, participantes receberam certificados, refor\u00e7ando a import\u00e2ncia da forma\u00e7\u00e3o continuada para quem atua ou deseja atuar no controle social da sa\u00fade.<\/p>\n\n\n\n<p>Encerramento contou ainda com entrevista de representantes do CES-BA e do Conselho Municipal de Sa\u00fade \u00e0 R\u00e1dio Maca\u00fabas FM. Na conversa, eles destacaram a necessidade de defender, fortalecer e participar ativamente do SUS como forma de garantir direitos.<\/p>\n\n\n\n<p>Mensagem final deixada pela capacita\u00e7\u00e3o foi clara. O SUS \u00e9 uma conquista do povo brasileiro e os conselhos de sa\u00fade s\u00e3o ferramentas essenciais para assegurar equidade, qualidade e justi\u00e7a social. Participar, fiscalizar e propor solu\u00e7\u00f5es \u00e9 fundamental para manter o sistema vivo e eficiente.<\/p>\n","protected":false},"excerpt":{"rendered":"<p>Capacita\u00e7\u00e3o realizada em Maca\u00fabas reuniu, nos dias 19 e 20 de janeiro, conselheiros, profissionais de sa\u00fade e moradores para debater controle social e fortalecer a participa\u00e7\u00e3o popular no SUS. A forma\u00e7\u00e3o ocorreu no Centro Cultural Jos\u00e9 Benedito do Amaral e contou com apoio do Conselho Estadual de Sa\u00fade da Bahia e da Secretaria Municipal de Sa\u00fade. Evento aberto ao p\u00fablico atraiu usu\u00e1rios do SUS, representantes da sociedade civil organizada e cidad\u00e3os interessados em compreender como funcionam as pol\u00edticas p\u00fablicas de sa\u00fade. A iniciativa refor\u00e7ou um dos pilares do sistema, que \u00e9 garantir a participa\u00e7\u00e3o direta da popula\u00e7\u00e3o nas decis\u00f5es que impactam o atendimento e a qualidade de vida. Participaram dos debates a presidente do Conselho Municipal de Sa\u00fade de Maca\u00fabas, Nilzinha Batista, o presidente do Conselho Estadual de Sa\u00fade da Bahia, Marcos G\u00eameos, e a secret\u00e1ria executiva do CES-BA, Zirlene Matos. Os tr\u00eas conduziram exposi\u00e7\u00f5es, reflex\u00f5es e di\u00e1logos ao longo dos dois dias de capacita\u00e7\u00e3o. Discuss\u00f5es destacaram que o SUS vai muito al\u00e9m de consultas, hospitais ou unidades de pronto atendimento. Criado pela Constitui\u00e7\u00e3o de 1988, o sistema garante atendimento universal, integral e gratuito e envolve a\u00e7\u00f5es de saneamento, alimenta\u00e7\u00e3o, sa\u00fade mental, atividade f\u00edsica, meio ambiente equilibrado e promo\u00e7\u00e3o do bem-estar social. Debate refor\u00e7ou que a aus\u00eancia de doen\u00e7as est\u00e1 diretamente ligada a h\u00e1bitos saud\u00e1veis e pol\u00edticas p\u00fablicas eficientes. Nesse contexto, os participantes foram estimulados a compreender que todas essas a\u00e7\u00f5es fazem parte do SUS e dependem da fiscaliza\u00e7\u00e3o e do acompanhamento da sociedade para funcionar plenamente. Durante a capacita\u00e7\u00e3o, Marcos G\u00eameos ressaltou que, apesar dos desafios di\u00e1rios, o Brasil possui um sistema p\u00fablico de sa\u00fade \u00fanico no mundo. Ele afirmou que defender o SUS \u00e9 defender a vida, cobrando melhorias sem ignorar a import\u00e2ncia hist\u00f3rica e social do sistema para milh\u00f5es de brasileiros. Forma\u00e7\u00e3o tamb\u00e9m esclareceu o papel dos Conselhos de Sa\u00fade, \u00f3rg\u00e3os permanentes, deliberativos e fiscalizadores, respons\u00e1veis por acompanhar e influenciar as pol\u00edticas p\u00fablicas do setor. Os conselhos atuam nos n\u00edveis municipal, estadual e nacional e t\u00eam exist\u00eancia garantida por lei. Composi\u00e7\u00e3o parit\u00e1ria foi explicada aos participantes, com metade das vagas ocupadas por usu\u00e1rios do SUS, enquanto trabalhadores da sa\u00fade e gestores dividem o restante. Nos conselhos, s\u00e3o discutidos or\u00e7amento, aplica\u00e7\u00e3o de recursos, qualidade dos servi\u00e7os e demandas apresentadas diretamente pela popula\u00e7\u00e3o. Encontros enfatizaram que o conselho n\u00e3o atua contra a gest\u00e3o p\u00fablica, mas como parceiro cr\u00edtico. A fun\u00e7\u00e3o \u00e9 fiscalizar, sugerir melhorias e garantir que o dinheiro p\u00fablico seja aplicado de forma correta, atendendo \u00e0s reais necessidades da popula\u00e7\u00e3o. Outro ponto central foi o est\u00edmulo \u00e0 participa\u00e7\u00e3o cidad\u00e3. A capacita\u00e7\u00e3o mostrou que qualquer pessoa pode acompanhar reuni\u00f5es, confer\u00eancias, audi\u00eancias p\u00fablicas e a\u00e7\u00f5es da sa\u00fade, fortalecendo a democracia, ampliando a transpar\u00eancia e contribuindo para servi\u00e7os mais eficientes. Troca de experi\u00eancias marcou os dois dias de atividades, criando um ambiente de di\u00e1logo e constru\u00e7\u00e3o coletiva. Ao final, participantes receberam certificados, refor\u00e7ando a import\u00e2ncia da forma\u00e7\u00e3o continuada para quem atua ou deseja atuar no controle social da sa\u00fade. Encerramento contou ainda com entrevista de representantes do CES-BA e do Conselho Municipal de Sa\u00fade \u00e0 R\u00e1dio Maca\u00fabas FM. Na conversa, eles destacaram a necessidade de defender, fortalecer e participar ativamente do SUS como forma de garantir direitos. Mensagem final deixada pela capacita\u00e7\u00e3o foi clara. O SUS \u00e9 uma conquista do povo brasileiro e os conselhos de sa\u00fade s\u00e3o ferramentas essenciais para assegurar equidade, qualidade e justi\u00e7a social. Participar, fiscalizar e propor solu\u00e7\u00f5es \u00e9 fundamental para manter o sistema vivo e eficiente.<\/p>\n","protected":false},"author":4,"featured_media":6506,"comment_status":"open","ping_status":"open","sticky":false,"template":"","format":"standard","meta":{"footnotes":""},"categories":[46],"tags":[],"class_list":["post-6482","post","type-post","status-publish","format-standard","has-post-thumbnail","hentry","category-macaubas"],"yoast_head":"<!-- This site is optimized with the Yoast SEO plugin v26.5 - https:\/\/yoast.com\/wordpress\/plugins\/seo\/ -->\n<title>Capacita\u00e7\u00e3o em Maca\u00fabas refor\u00e7a controle social e destaca papel do SUS na vida da popula\u00e7\u00e3o - Sudoesteacontece<\/title>\n<meta name=\"robots\" content=\"index, follow, max-snippet:-1, max-image-preview:large, max-video-preview:-1\" \/>\n<link rel=\"canonical\" href=\"https:\/\/sudoesteacontece.com.br\/?p=6482\" \/>\n<meta property=\"og:locale\" content=\"pt_BR\" \/>\n<meta property=\"og:type\" content=\"article\" \/>\n<meta property=\"og:title\" content=\"Capacita\u00e7\u00e3o em Maca\u00fabas refor\u00e7a controle social e destaca papel do SUS na vida da popula\u00e7\u00e3o - Sudoesteacontece\" \/>\n<meta property=\"og:description\" content=\"Capacita\u00e7\u00e3o realizada em Maca\u00fabas reuniu, nos dias 19 e 20 de janeiro, conselheiros, profissionais de sa\u00fade e moradores para debater controle social e fortalecer a participa\u00e7\u00e3o popular no SUS. A forma\u00e7\u00e3o ocorreu no Centro Cultural Jos\u00e9 Benedito do Amaral e contou com apoio do Conselho Estadual de Sa\u00fade da Bahia e da Secretaria Municipal de Sa\u00fade. Evento aberto ao p\u00fablico atraiu usu\u00e1rios do SUS, representantes da sociedade civil organizada e cidad\u00e3os interessados em compreender como funcionam as pol\u00edticas p\u00fablicas de sa\u00fade. A iniciativa refor\u00e7ou um dos pilares do sistema, que \u00e9 garantir a participa\u00e7\u00e3o direta da popula\u00e7\u00e3o nas decis\u00f5es que impactam o atendimento e a qualidade de vida. Participaram dos debates a presidente do Conselho Municipal de Sa\u00fade de Maca\u00fabas, Nilzinha Batista, o presidente do Conselho Estadual de Sa\u00fade da Bahia, Marcos G\u00eameos, e a secret\u00e1ria executiva do CES-BA, Zirlene Matos. Os tr\u00eas conduziram exposi\u00e7\u00f5es, reflex\u00f5es e di\u00e1logos ao longo dos dois dias de capacita\u00e7\u00e3o. Discuss\u00f5es destacaram que o SUS vai muito al\u00e9m de consultas, hospitais ou unidades de pronto atendimento. Criado pela Constitui\u00e7\u00e3o de 1988, o sistema garante atendimento universal, integral e gratuito e envolve a\u00e7\u00f5es de saneamento, alimenta\u00e7\u00e3o, sa\u00fade mental, atividade f\u00edsica, meio ambiente equilibrado e promo\u00e7\u00e3o do bem-estar social. Debate refor\u00e7ou que a aus\u00eancia de doen\u00e7as est\u00e1 diretamente ligada a h\u00e1bitos saud\u00e1veis e pol\u00edticas p\u00fablicas eficientes. Nesse contexto, os participantes foram estimulados a compreender que todas essas a\u00e7\u00f5es fazem parte do SUS e dependem da fiscaliza\u00e7\u00e3o e do acompanhamento da sociedade para funcionar plenamente. Durante a capacita\u00e7\u00e3o, Marcos G\u00eameos ressaltou que, apesar dos desafios di\u00e1rios, o Brasil possui um sistema p\u00fablico de sa\u00fade \u00fanico no mundo. Ele afirmou que defender o SUS \u00e9 defender a vida, cobrando melhorias sem ignorar a import\u00e2ncia hist\u00f3rica e social do sistema para milh\u00f5es de brasileiros. Forma\u00e7\u00e3o tamb\u00e9m esclareceu o papel dos Conselhos de Sa\u00fade, \u00f3rg\u00e3os permanentes, deliberativos e fiscalizadores, respons\u00e1veis por acompanhar e influenciar as pol\u00edticas p\u00fablicas do setor. Os conselhos atuam nos n\u00edveis municipal, estadual e nacional e t\u00eam exist\u00eancia garantida por lei. Composi\u00e7\u00e3o parit\u00e1ria foi explicada aos participantes, com metade das vagas ocupadas por usu\u00e1rios do SUS, enquanto trabalhadores da sa\u00fade e gestores dividem o restante. Nos conselhos, s\u00e3o discutidos or\u00e7amento, aplica\u00e7\u00e3o de recursos, qualidade dos servi\u00e7os e demandas apresentadas diretamente pela popula\u00e7\u00e3o. Encontros enfatizaram que o conselho n\u00e3o atua contra a gest\u00e3o p\u00fablica, mas como parceiro cr\u00edtico. A fun\u00e7\u00e3o \u00e9 fiscalizar, sugerir melhorias e garantir que o dinheiro p\u00fablico seja aplicado de forma correta, atendendo \u00e0s reais necessidades da popula\u00e7\u00e3o. Outro ponto central foi o est\u00edmulo \u00e0 participa\u00e7\u00e3o cidad\u00e3. A capacita\u00e7\u00e3o mostrou que qualquer pessoa pode acompanhar reuni\u00f5es, confer\u00eancias, audi\u00eancias p\u00fablicas e a\u00e7\u00f5es da sa\u00fade, fortalecendo a democracia, ampliando a transpar\u00eancia e contribuindo para servi\u00e7os mais eficientes. Troca de experi\u00eancias marcou os dois dias de atividades, criando um ambiente de di\u00e1logo e constru\u00e7\u00e3o coletiva. Ao final, participantes receberam certificados, refor\u00e7ando a import\u00e2ncia da forma\u00e7\u00e3o continuada para quem atua ou deseja atuar no controle social da sa\u00fade. Encerramento contou ainda com entrevista de representantes do CES-BA e do Conselho Municipal de Sa\u00fade \u00e0 R\u00e1dio Maca\u00fabas FM. Na conversa, eles destacaram a necessidade de defender, fortalecer e participar ativamente do SUS como forma de garantir direitos. Mensagem final deixada pela capacita\u00e7\u00e3o foi clara. O SUS \u00e9 uma conquista do povo brasileiro e os conselhos de sa\u00fade s\u00e3o ferramentas essenciais para assegurar equidade, qualidade e justi\u00e7a social. Participar, fiscalizar e propor solu\u00e7\u00f5es \u00e9 fundamental para manter o sistema vivo e eficiente.\" \/>\n<meta property=\"og:url\" content=\"https:\/\/sudoesteacontece.com.br\/?p=6482\" \/>\n<meta property=\"og:site_name\" content=\"Sudoesteacontece\" \/>\n<meta property=\"article:publisher\" content=\"https:\/\/www.facebook.com\/sudoesteacontece\/?locale=pt_BR\" \/>\n<meta property=\"article:published_time\" content=\"2026-01-21T13:01:13+00:00\" \/>\n<meta property=\"article:modified_time\" content=\"2026-01-21T13:01:18+00:00\" \/>\n<meta property=\"og:image\" content=\"https:\/\/sudoesteacontece.com.br\/wp-content\/uploads\/2026\/01\/Capacitacao-em-Macaubas-reforca-controle-social-e-destaca-papel-do-SUS-na-vida-da-populacao-sudoeste-acontece.jpg\" \/>\n\t<meta property=\"og:image:width\" content=\"900\" \/>\n\t<meta property=\"og:image:height\" content=\"600\" \/>\n\t<meta property=\"og:image:type\" content=\"image\/jpeg\" \/>\n<meta name=\"author\" content=\"Reda\u00e7\u00e3o\" \/>\n<meta name=\"twitter:card\" content=\"summary_large_image\" \/>\n<meta name=\"twitter:label1\" content=\"Escrito por\" \/>\n\t<meta name=\"twitter:data1\" content=\"Reda\u00e7\u00e3o\" \/>\n\t<meta name=\"twitter:label2\" content=\"Est. tempo de leitura\" \/>\n\t<meta name=\"twitter:data2\" content=\"4 minutos\" \/>\n<script type=\"application\/ld+json\" class=\"yoast-schema-graph\">{\"@context\":\"https:\/\/schema.org\",\"@graph\":[{\"@type\":\"Article\",\"@id\":\"https:\/\/sudoesteacontece.com.br\/?p=6482#article\",\"isPartOf\":{\"@id\":\"https:\/\/sudoesteacontece.com.br\/?p=6482\"},\"author\":{\"name\":\"Reda\u00e7\u00e3o\",\"@id\":\"https:\/\/sudoesteacontece.com.br\/#\/schema\/person\/a4f22429c1d0923ef8f7d43343f8dc38\"},\"headline\":\"Capacita\u00e7\u00e3o em Maca\u00fabas refor\u00e7a controle social e destaca papel do SUS na vida da popula\u00e7\u00e3o\",\"datePublished\":\"2026-01-21T13:01:13+00:00\",\"dateModified\":\"2026-01-21T13:01:18+00:00\",\"mainEntityOfPage\":{\"@id\":\"https:\/\/sudoesteacontece.com.br\/?p=6482\"},\"wordCount\":683,\"commentCount\":0,\"publisher\":{\"@id\":\"https:\/\/sudoesteacontece.com.br\/#organization\"},\"image\":{\"@id\":\"https:\/\/sudoesteacontece.com.br\/?p=6482#primaryimage\"},\"thumbnailUrl\":\"https:\/\/sudoesteacontece.com.br\/wp-content\/uploads\/2026\/01\/Capacitacao-em-Macaubas-reforca-controle-social-e-destaca-papel-do-SUS-na-vida-da-populacao-sudoeste-acontece.jpg\",\"articleSection\":[\"Maca\u00fabas\"],\"inLanguage\":\"pt-BR\",\"potentialAction\":[{\"@type\":\"CommentAction\",\"name\":\"Comment\",\"target\":[\"https:\/\/sudoesteacontece.com.br\/?p=6482#respond\"]}]},{\"@type\":\"WebPage\",\"@id\":\"https:\/\/sudoesteacontece.com.br\/?p=6482\",\"url\":\"https:\/\/sudoesteacontece.com.br\/?p=6482\",\"name\":\"Capacita\u00e7\u00e3o em Maca\u00fabas refor\u00e7a controle social e destaca papel do SUS na vida da popula\u00e7\u00e3o - Sudoesteacontece\",\"isPartOf\":{\"@id\":\"https:\/\/sudoesteacontece.com.br\/#website\"},\"primaryImageOfPage\":{\"@id\":\"https:\/\/sudoesteacontece.com.br\/?p=6482#primaryimage\"},\"image\":{\"@id\":\"https:\/\/sudoesteacontece.com.br\/?p=6482#primaryimage\"},\"thumbnailUrl\":\"https:\/\/sudoesteacontece.com.br\/wp-content\/uploads\/2026\/01\/Capacitacao-em-Macaubas-reforca-controle-social-e-destaca-papel-do-SUS-na-vida-da-populacao-sudoeste-acontece.jpg\",\"datePublished\":\"2026-01-21T13:01:13+00:00\",\"dateModified\":\"2026-01-21T13:01:18+00:00\",\"breadcrumb\":{\"@id\":\"https:\/\/sudoesteacontece.com.br\/?p=6482#breadcrumb\"},\"inLanguage\":\"pt-BR\",\"potentialAction\":[{\"@type\":\"ReadAction\",\"target\":[\"https:\/\/sudoesteacontece.com.br\/?p=6482\"]}]},{\"@type\":\"ImageObject\",\"inLanguage\":\"pt-BR\",\"@id\":\"https:\/\/sudoesteacontece.com.br\/?p=6482#primaryimage\",\"url\":\"https:\/\/sudoesteacontece.com.br\/wp-content\/uploads\/2026\/01\/Capacitacao-em-Macaubas-reforca-controle-social-e-destaca-papel-do-SUS-na-vida-da-populacao-sudoeste-acontece.jpg\",\"contentUrl\":\"https:\/\/sudoesteacontece.com.br\/wp-content\/uploads\/2026\/01\/Capacitacao-em-Macaubas-reforca-controle-social-e-destaca-papel-do-SUS-na-vida-da-populacao-sudoeste-acontece.jpg\",\"width\":900,\"height\":600},{\"@type\":\"BreadcrumbList\",\"@id\":\"https:\/\/sudoesteacontece.com.br\/?p=6482#breadcrumb\",\"itemListElement\":[{\"@type\":\"ListItem\",\"position\":1,\"name\":\"In\u00edcio\",\"item\":\"https:\/\/sudoesteacontece.com.br\/\"},{\"@type\":\"ListItem\",\"position\":2,\"name\":\"Capacita\u00e7\u00e3o em Maca\u00fabas refor\u00e7a controle social e destaca papel do SUS na vida da popula\u00e7\u00e3o\"}]},{\"@type\":\"WebSite\",\"@id\":\"https:\/\/sudoesteacontece.com.br\/#website\",\"url\":\"https:\/\/sudoesteacontece.com.br\/\",\"name\":\"Sudoesteacontece\",\"description\":\"\",\"publisher\":{\"@id\":\"https:\/\/sudoesteacontece.com.br\/#organization\"},\"potentialAction\":[{\"@type\":\"SearchAction\",\"target\":{\"@type\":\"EntryPoint\",\"urlTemplate\":\"https:\/\/sudoesteacontece.com.br\/?s={search_term_string}\"},\"query-input\":{\"@type\":\"PropertyValueSpecification\",\"valueRequired\":true,\"valueName\":\"search_term_string\"}}],\"inLanguage\":\"pt-BR\"},{\"@type\":\"Organization\",\"@id\":\"https:\/\/sudoesteacontece.com.br\/#organization\",\"name\":\"Sudoesteacontece\",\"url\":\"https:\/\/sudoesteacontece.com.br\/\",\"logo\":{\"@type\":\"ImageObject\",\"inLanguage\":\"pt-BR\",\"@id\":\"https:\/\/sudoesteacontece.com.br\/#\/schema\/logo\/image\/\",\"url\":\"https:\/\/sudoesteacontece.com.br\/wp-content\/uploads\/2025\/12\/cropped-logo-2-180x180-1.png\",\"contentUrl\":\"https:\/\/sudoesteacontece.com.br\/wp-content\/uploads\/2025\/12\/cropped-logo-2-180x180-1.png\",\"width\":180,\"height\":180,\"caption\":\"Sudoesteacontece\"},\"image\":{\"@id\":\"https:\/\/sudoesteacontece.com.br\/#\/schema\/logo\/image\/\"},\"sameAs\":[\"https:\/\/www.facebook.com\/sudoesteacontece\/?locale=pt_BR\"]},{\"@type\":\"Person\",\"@id\":\"https:\/\/sudoesteacontece.com.br\/#\/schema\/person\/a4f22429c1d0923ef8f7d43343f8dc38\",\"name\":\"Reda\u00e7\u00e3o\",\"image\":{\"@type\":\"ImageObject\",\"inLanguage\":\"pt-BR\",\"@id\":\"https:\/\/sudoesteacontece.com.br\/#\/schema\/person\/image\/\",\"url\":\"https:\/\/secure.gravatar.com\/avatar\/c3a5b3c93f268a709c25a2df414c629a96fb3b1b4bf97a94fb3f72e54ae76903?s=96&d=mm&r=g\",\"contentUrl\":\"https:\/\/secure.gravatar.com\/avatar\/c3a5b3c93f268a709c25a2df414c629a96fb3b1b4bf97a94fb3f72e54ae76903?s=96&d=mm&r=g\",\"caption\":\"Reda\u00e7\u00e3o\"},\"url\":\"https:\/\/sudoesteacontece.com.br\/?author=4\"}]}<\/script>\n<!-- \/ Yoast SEO plugin. -->","yoast_head_json":{"title":"Capacita\u00e7\u00e3o em Maca\u00fabas refor\u00e7a controle social e destaca papel do SUS na vida da popula\u00e7\u00e3o - Sudoesteacontece","robots":{"index":"index","follow":"follow","max-snippet":"max-snippet:-1","max-image-preview":"max-image-preview:large","max-video-preview":"max-video-preview:-1"},"canonical":"https:\/\/sudoesteacontece.com.br\/?p=6482","og_locale":"pt_BR","og_type":"article","og_title":"Capacita\u00e7\u00e3o em Maca\u00fabas refor\u00e7a controle social e destaca papel do SUS na vida da popula\u00e7\u00e3o - Sudoesteacontece","og_description":"Capacita\u00e7\u00e3o realizada em Maca\u00fabas reuniu, nos dias 19 e 20 de janeiro, conselheiros, profissionais de sa\u00fade e moradores para debater controle social e fortalecer a participa\u00e7\u00e3o popular no SUS. A forma\u00e7\u00e3o ocorreu no Centro Cultural Jos\u00e9 Benedito do Amaral e contou com apoio do Conselho Estadual de Sa\u00fade da Bahia e da Secretaria Municipal de Sa\u00fade. Evento aberto ao p\u00fablico atraiu usu\u00e1rios do SUS, representantes da sociedade civil organizada e cidad\u00e3os interessados em compreender como funcionam as pol\u00edticas p\u00fablicas de sa\u00fade. A iniciativa refor\u00e7ou um dos pilares do sistema, que \u00e9 garantir a participa\u00e7\u00e3o direta da popula\u00e7\u00e3o nas decis\u00f5es que impactam o atendimento e a qualidade de vida. Participaram dos debates a presidente do Conselho Municipal de Sa\u00fade de Maca\u00fabas, Nilzinha Batista, o presidente do Conselho Estadual de Sa\u00fade da Bahia, Marcos G\u00eameos, e a secret\u00e1ria executiva do CES-BA, Zirlene Matos. Os tr\u00eas conduziram exposi\u00e7\u00f5es, reflex\u00f5es e di\u00e1logos ao longo dos dois dias de capacita\u00e7\u00e3o. Discuss\u00f5es destacaram que o SUS vai muito al\u00e9m de consultas, hospitais ou unidades de pronto atendimento. Criado pela Constitui\u00e7\u00e3o de 1988, o sistema garante atendimento universal, integral e gratuito e envolve a\u00e7\u00f5es de saneamento, alimenta\u00e7\u00e3o, sa\u00fade mental, atividade f\u00edsica, meio ambiente equilibrado e promo\u00e7\u00e3o do bem-estar social. Debate refor\u00e7ou que a aus\u00eancia de doen\u00e7as est\u00e1 diretamente ligada a h\u00e1bitos saud\u00e1veis e pol\u00edticas p\u00fablicas eficientes. Nesse contexto, os participantes foram estimulados a compreender que todas essas a\u00e7\u00f5es fazem parte do SUS e dependem da fiscaliza\u00e7\u00e3o e do acompanhamento da sociedade para funcionar plenamente. Durante a capacita\u00e7\u00e3o, Marcos G\u00eameos ressaltou que, apesar dos desafios di\u00e1rios, o Brasil possui um sistema p\u00fablico de sa\u00fade \u00fanico no mundo. Ele afirmou que defender o SUS \u00e9 defender a vida, cobrando melhorias sem ignorar a import\u00e2ncia hist\u00f3rica e social do sistema para milh\u00f5es de brasileiros. Forma\u00e7\u00e3o tamb\u00e9m esclareceu o papel dos Conselhos de Sa\u00fade, \u00f3rg\u00e3os permanentes, deliberativos e fiscalizadores, respons\u00e1veis por acompanhar e influenciar as pol\u00edticas p\u00fablicas do setor. Os conselhos atuam nos n\u00edveis municipal, estadual e nacional e t\u00eam exist\u00eancia garantida por lei. Composi\u00e7\u00e3o parit\u00e1ria foi explicada aos participantes, com metade das vagas ocupadas por usu\u00e1rios do SUS, enquanto trabalhadores da sa\u00fade e gestores dividem o restante. Nos conselhos, s\u00e3o discutidos or\u00e7amento, aplica\u00e7\u00e3o de recursos, qualidade dos servi\u00e7os e demandas apresentadas diretamente pela popula\u00e7\u00e3o. Encontros enfatizaram que o conselho n\u00e3o atua contra a gest\u00e3o p\u00fablica, mas como parceiro cr\u00edtico. A fun\u00e7\u00e3o \u00e9 fiscalizar, sugerir melhorias e garantir que o dinheiro p\u00fablico seja aplicado de forma correta, atendendo \u00e0s reais necessidades da popula\u00e7\u00e3o. Outro ponto central foi o est\u00edmulo \u00e0 participa\u00e7\u00e3o cidad\u00e3. A capacita\u00e7\u00e3o mostrou que qualquer pessoa pode acompanhar reuni\u00f5es, confer\u00eancias, audi\u00eancias p\u00fablicas e a\u00e7\u00f5es da sa\u00fade, fortalecendo a democracia, ampliando a transpar\u00eancia e contribuindo para servi\u00e7os mais eficientes. Troca de experi\u00eancias marcou os dois dias de atividades, criando um ambiente de di\u00e1logo e constru\u00e7\u00e3o coletiva. Ao final, participantes receberam certificados, refor\u00e7ando a import\u00e2ncia da forma\u00e7\u00e3o continuada para quem atua ou deseja atuar no controle social da sa\u00fade. Encerramento contou ainda com entrevista de representantes do CES-BA e do Conselho Municipal de Sa\u00fade \u00e0 R\u00e1dio Maca\u00fabas FM. Na conversa, eles destacaram a necessidade de defender, fortalecer e participar ativamente do SUS como forma de garantir direitos. Mensagem final deixada pela capacita\u00e7\u00e3o foi clara. O SUS \u00e9 uma conquista do povo brasileiro e os conselhos de sa\u00fade s\u00e3o ferramentas essenciais para assegurar equidade, qualidade e justi\u00e7a social. Participar, fiscalizar e propor solu\u00e7\u00f5es \u00e9 fundamental para manter o sistema vivo e eficiente.","og_url":"https:\/\/sudoesteacontece.com.br\/?p=6482","og_site_name":"Sudoesteacontece","article_publisher":"https:\/\/www.facebook.com\/sudoesteacontece\/?locale=pt_BR","article_published_time":"2026-01-21T13:01:13+00:00","article_modified_time":"2026-01-21T13:01:18+00:00","og_image":[{"width":900,"height":600,"url":"https:\/\/sudoesteacontece.com.br\/wp-content\/uploads\/2026\/01\/Capacitacao-em-Macaubas-reforca-controle-social-e-destaca-papel-do-SUS-na-vida-da-populacao-sudoeste-acontece.jpg","type":"image\/jpeg"}],"author":"Reda\u00e7\u00e3o","twitter_card":"summary_large_image","twitter_misc":{"Escrito por":"Reda\u00e7\u00e3o","Est. tempo de leitura":"4 minutos"},"schema":{"@context":"https:\/\/schema.org","@graph":[{"@type":"Article","@id":"https:\/\/sudoesteacontece.com.br\/?p=6482#article","isPartOf":{"@id":"https:\/\/sudoesteacontece.com.br\/?p=6482"},"author":{"name":"Reda\u00e7\u00e3o","@id":"https:\/\/sudoesteacontece.com.br\/#\/schema\/person\/a4f22429c1d0923ef8f7d43343f8dc38"},"headline":"Capacita\u00e7\u00e3o em Maca\u00fabas refor\u00e7a controle social e destaca papel do SUS na vida da popula\u00e7\u00e3o","datePublished":"2026-01-21T13:01:13+00:00","dateModified":"2026-01-21T13:01:18+00:00","mainEntityOfPage":{"@id":"https:\/\/sudoesteacontece.com.br\/?p=6482"},"wordCount":683,"commentCount":0,"publisher":{"@id":"https:\/\/sudoesteacontece.com.br\/#organization"},"image":{"@id":"https:\/\/sudoesteacontece.com.br\/?p=6482#primaryimage"},"thumbnailUrl":"https:\/\/sudoesteacontece.com.br\/wp-content\/uploads\/2026\/01\/Capacitacao-em-Macaubas-reforca-controle-social-e-destaca-papel-do-SUS-na-vida-da-populacao-sudoeste-acontece.jpg","articleSection":["Maca\u00fabas"],"inLanguage":"pt-BR","potentialAction":[{"@type":"CommentAction","name":"Comment","target":["https:\/\/sudoesteacontece.com.br\/?p=6482#respond"]}]},{"@type":"WebPage","@id":"https:\/\/sudoesteacontece.com.br\/?p=6482","url":"https:\/\/sudoesteacontece.com.br\/?p=6482","name":"Capacita\u00e7\u00e3o em Maca\u00fabas refor\u00e7a controle social e destaca papel do SUS na vida da popula\u00e7\u00e3o - Sudoesteacontece","isPartOf":{"@id":"https:\/\/sudoesteacontece.com.br\/#website"},"primaryImageOfPage":{"@id":"https:\/\/sudoesteacontece.com.br\/?p=6482#primaryimage"},"image":{"@id":"https:\/\/sudoesteacontece.com.br\/?p=6482#primaryimage"},"thumbnailUrl":"https:\/\/sudoesteacontece.com.br\/wp-content\/uploads\/2026\/01\/Capacitacao-em-Macaubas-reforca-controle-social-e-destaca-papel-do-SUS-na-vida-da-populacao-sudoeste-acontece.jpg","datePublished":"2026-01-21T13:01:13+00:00","dateModified":"2026-01-21T13:01:18+00:00","breadcrumb":{"@id":"https:\/\/sudoesteacontece.com.br\/?p=6482#breadcrumb"},"inLanguage":"pt-BR","potentialAction":[{"@type":"ReadAction","target":["https:\/\/sudoesteacontece.com.br\/?p=6482"]}]},{"@type":"ImageObject","inLanguage":"pt-BR","@id":"https:\/\/sudoesteacontece.com.br\/?p=6482#primaryimage","url":"https:\/\/sudoesteacontece.com.br\/wp-content\/uploads\/2026\/01\/Capacitacao-em-Macaubas-reforca-controle-social-e-destaca-papel-do-SUS-na-vida-da-populacao-sudoeste-acontece.jpg","contentUrl":"https:\/\/sudoesteacontece.com.br\/wp-content\/uploads\/2026\/01\/Capacitacao-em-Macaubas-reforca-controle-social-e-destaca-papel-do-SUS-na-vida-da-populacao-sudoeste-acontece.jpg","width":900,"height":600},{"@type":"BreadcrumbList","@id":"https:\/\/sudoesteacontece.com.br\/?p=6482#breadcrumb","itemListElement":[{"@type":"ListItem","position":1,"name":"In\u00edcio","item":"https:\/\/sudoesteacontece.com.br\/"},{"@type":"ListItem","position":2,"name":"Capacita\u00e7\u00e3o em Maca\u00fabas refor\u00e7a controle social e destaca papel do SUS na vida da popula\u00e7\u00e3o"}]},{"@type":"WebSite","@id":"https:\/\/sudoesteacontece.com.br\/#website","url":"https:\/\/sudoesteacontece.com.br\/","name":"Sudoesteacontece","description":"","publisher":{"@id":"https:\/\/sudoesteacontece.com.br\/#organization"},"potentialAction":[{"@type":"SearchAction","target":{"@type":"EntryPoint","urlTemplate":"https:\/\/sudoesteacontece.com.br\/?s={search_term_string}"},"query-input":{"@type":"PropertyValueSpecification","valueRequired":true,"valueName":"search_term_string"}}],"inLanguage":"pt-BR"},{"@type":"Organization","@id":"https:\/\/sudoesteacontece.com.br\/#organization","name":"Sudoesteacontece","url":"https:\/\/sudoesteacontece.com.br\/","logo":{"@type":"ImageObject","inLanguage":"pt-BR","@id":"https:\/\/sudoesteacontece.com.br\/#\/schema\/logo\/image\/","url":"https:\/\/sudoesteacontece.com.br\/wp-content\/uploads\/2025\/12\/cropped-logo-2-180x180-1.png","contentUrl":"https:\/\/sudoesteacontece.com.br\/wp-content\/uploads\/2025\/12\/cropped-logo-2-180x180-1.png","width":180,"height":180,"caption":"Sudoesteacontece"},"image":{"@id":"https:\/\/sudoesteacontece.com.br\/#\/schema\/logo\/image\/"},"sameAs":["https:\/\/www.facebook.com\/sudoesteacontece\/?locale=pt_BR"]},{"@type":"Person","@id":"https:\/\/sudoesteacontece.com.br\/#\/schema\/person\/a4f22429c1d0923ef8f7d43343f8dc38","name":"Reda\u00e7\u00e3o","image":{"@type":"ImageObject","inLanguage":"pt-BR","@id":"https:\/\/sudoesteacontece.com.br\/#\/schema\/person\/image\/","url":"https:\/\/secure.gravatar.com\/avatar\/c3a5b3c93f268a709c25a2df414c629a96fb3b1b4bf97a94fb3f72e54ae76903?s=96&d=mm&r=g","contentUrl":"https:\/\/secure.gravatar.com\/avatar\/c3a5b3c93f268a709c25a2df414c629a96fb3b1b4bf97a94fb3f72e54ae76903?s=96&d=mm&r=g","caption":"Reda\u00e7\u00e3o"},"url":"https:\/\/sudoesteacontece.com.br\/?author=4"}]}},"_links":{"self":[{"href":"https:\/\/sudoesteacontece.com.br\/index.php?rest_route=\/wp\/v2\/posts\/6482","targetHints":{"allow":["GET"]}}],"collection":[{"href":"https:\/\/sudoesteacontece.com.br\/index.php?rest_route=\/wp\/v2\/posts"}],"about":[{"href":"https:\/\/sudoesteacontece.com.br\/index.php?rest_route=\/wp\/v2\/types\/post"}],"author":[{"embeddable":true,"href":"https:\/\/sudoesteacontece.com.br\/index.php?rest_route=\/wp\/v2\/users\/4"}],"replies":[{"embeddable":true,"href":"https:\/\/sudoesteacontece.com.br\/index.php?rest_route=%2Fwp%2Fv2%2Fcomments&post=6482"}],"version-history":[{"count":0,"href":"https:\/\/sudoesteacontece.com.br\/index.php?rest_route=\/wp\/v2\/posts\/6482\/revisions"}],"wp:featuredmedia":[{"embeddable":true,"href":"https:\/\/sudoesteacontece.com.br\/index.php?rest_route=\/wp\/v2\/media\/6506"}],"wp:attachment":[{"href":"https:\/\/sudoesteacontece.com.br\/index.php?rest_route=%2Fwp%2Fv2%2Fmedia&parent=6482"}],"wp:term":[{"taxonomy":"category","embeddable":true,"href":"https:\/\/sudoesteacontece.com.br\/index.php?rest_route=%2Fwp%2Fv2%2Fcategories&post=6482"},{"taxonomy":"post_tag","embeddable":true,"href":"https:\/\/sudoesteacontece.com.br\/index.php?rest_route=%2Fwp%2Fv2%2Ftags&post=6482"}],"curies":[{"name":"wp","href":"https:\/\/api.w.org\/{rel}","templated":true}]}}