{"id":6523,"date":"2026-01-21T17:25:20","date_gmt":"2026-01-21T20:25:20","guid":{"rendered":"https:\/\/sudoesteacontece.com.br\/?p=6523"},"modified":"2026-01-21T17:25:26","modified_gmt":"2026-01-21T20:25:26","slug":"lacen-de-brumado-conquista-certificado-de-proficiencia-2025-e-vira-referencia-em-qualidade-e-agilidade-nos-exames","status":"publish","type":"post","link":"https:\/\/sudoesteacontece.com.br\/?p=6523","title":{"rendered":"LACEN de Brumado conquista Certificado de Profici\u00eancia 2025 e vira refer\u00eancia em qualidade e agilidade nos exames"},"content":{"rendered":"<div class=\"wp-block-image\">\n<figure class=\"aligncenter size-full\"><img fetchpriority=\"high\" decoding=\"async\" width=\"900\" height=\"600\" src=\"http:\/\/sudoesteacontece.com.br\/wp-content\/uploads\/2026\/01\/LACEN-de-Brumado-conquista-Certificado-de-Proficiencia-2025-e-vira-referencia-em-qualidade-e-agilidade-nos-exames-sudoeste-acontece.jpg\" alt=\"\" class=\"wp-image-6534\" srcset=\"https:\/\/sudoesteacontece.com.br\/wp-content\/uploads\/2026\/01\/LACEN-de-Brumado-conquista-Certificado-de-Proficiencia-2025-e-vira-referencia-em-qualidade-e-agilidade-nos-exames-sudoeste-acontece.jpg 900w, https:\/\/sudoesteacontece.com.br\/wp-content\/uploads\/2026\/01\/LACEN-de-Brumado-conquista-Certificado-de-Proficiencia-2025-e-vira-referencia-em-qualidade-e-agilidade-nos-exames-sudoeste-acontece-300x200.jpg 300w, https:\/\/sudoesteacontece.com.br\/wp-content\/uploads\/2026\/01\/LACEN-de-Brumado-conquista-Certificado-de-Proficiencia-2025-e-vira-referencia-em-qualidade-e-agilidade-nos-exames-sudoeste-acontece-768x512.jpg 768w\" sizes=\"(max-width: 900px) 100vw, 900px\" \/><\/figure>\n<\/div>\n\n\n<p>Reconhecimento estadual colocou o Laborat\u00f3rio Central de Sa\u00fade P\u00fablica (LACEN) de Brumado em posi\u00e7\u00e3o de destaque ap\u00f3s a unidade receber o Certificado de Profici\u00eancia 2025. A certifica\u00e7\u00e3o atesta a qualidade, a precis\u00e3o e a confiabilidade dos exames realizados, confirmando que os procedimentos t\u00e9cnicos seguem padr\u00f5es rigorosos exigidos pelos \u00f3rg\u00e3os de controle.<\/p>\n\n\n\n<p>Conquista alcan\u00e7ada reflete um trabalho integrado entre coordena\u00e7\u00e3o, profissionais capacitados e investimentos constantes em tecnologia e equipamentos. A estrutura fortalecida garante mais efici\u00eancia nos processos laboratoriais e maior seguran\u00e7a nos diagn\u00f3sticos, impactando diretamente a qualidade do atendimento prestado \u00e0 popula\u00e7\u00e3o brumadense.<\/p>\n\n\n\n<p>Al\u00e9m da excel\u00eancia t\u00e9cnica comprovada pela certifica\u00e7\u00e3o, o LACEN de Brumado tamb\u00e9m se destacou pela rapidez na libera\u00e7\u00e3o dos resultados. A unidade recebeu o selo verde, a melhor avalia\u00e7\u00e3o do Estado no tempo de entrega dos exames, fator essencial para diagn\u00f3sticos mais \u00e1geis e decis\u00f5es m\u00e9dicas mais eficazes.<\/p>\n\n\n\n<p>Com a otimiza\u00e7\u00e3o dos prazos, o laborat\u00f3rio contribui de forma direta para o fortalecimento da rede p\u00fablica de sa\u00fade, reduzindo a espera dos pacientes e ampliando a capacidade de resposta do sistema, especialmente em situa\u00e7\u00f5es que exigem rapidez no tratamento e no acompanhamento cl\u00ednico.<\/p>\n\n\n\n<p>Por fim, o reconhecimento refor\u00e7a o compromisso da gest\u00e3o municipal com a melhoria cont\u00ednua dos servi\u00e7os p\u00fablicos de sa\u00fade. A iniciativa prioriza um atendimento mais eficiente, seguro e humanizado, consolidando o LACEN de Brumado como refer\u00eancia regional em qualidade laboratorial.<\/p>\n","protected":false},"excerpt":{"rendered":"<p>Reconhecimento estadual colocou o Laborat\u00f3rio Central de Sa\u00fade P\u00fablica (LACEN) de Brumado em posi\u00e7\u00e3o de destaque ap\u00f3s a unidade receber o Certificado de Profici\u00eancia 2025. A certifica\u00e7\u00e3o atesta a qualidade, a precis\u00e3o e a confiabilidade dos exames realizados, confirmando que os procedimentos t\u00e9cnicos seguem padr\u00f5es rigorosos exigidos pelos \u00f3rg\u00e3os de controle. Conquista alcan\u00e7ada reflete um trabalho integrado entre coordena\u00e7\u00e3o, profissionais capacitados e investimentos constantes em tecnologia e equipamentos. A estrutura fortalecida garante mais efici\u00eancia nos processos laboratoriais e maior seguran\u00e7a nos diagn\u00f3sticos, impactando diretamente a qualidade do atendimento prestado \u00e0 popula\u00e7\u00e3o brumadense. Al\u00e9m da excel\u00eancia t\u00e9cnica comprovada pela certifica\u00e7\u00e3o, o LACEN de Brumado tamb\u00e9m se destacou pela rapidez na libera\u00e7\u00e3o dos resultados. A unidade recebeu o selo verde, a melhor avalia\u00e7\u00e3o do Estado no tempo de entrega dos exames, fator essencial para diagn\u00f3sticos mais \u00e1geis e decis\u00f5es m\u00e9dicas mais eficazes. Com a otimiza\u00e7\u00e3o dos prazos, o laborat\u00f3rio contribui de forma direta para o fortalecimento da rede p\u00fablica de sa\u00fade, reduzindo a espera dos pacientes e ampliando a capacidade de resposta do sistema, especialmente em situa\u00e7\u00f5es que exigem rapidez no tratamento e no acompanhamento cl\u00ednico. Por fim, o reconhecimento refor\u00e7a o compromisso da gest\u00e3o municipal com a melhoria cont\u00ednua dos servi\u00e7os p\u00fablicos de sa\u00fade. A iniciativa prioriza um atendimento mais eficiente, seguro e humanizado, consolidando o LACEN de Brumado como refer\u00eancia regional em qualidade laboratorial.<\/p>\n","protected":false},"author":4,"featured_media":6534,"comment_status":"open","ping_status":"open","sticky":false,"template":"","format":"standard","meta":{"footnotes":""},"categories":[10,6,45],"tags":[],"class_list":["post-6523","post","type-post","status-publish","format-standard","has-post-thumbnail","hentry","category-brumado","category-politica","category-saude"],"yoast_head":"<!-- This site is optimized with the Yoast SEO plugin v26.5 - https:\/\/yoast.com\/wordpress\/plugins\/seo\/ -->\n<title>LACEN de Brumado conquista Certificado de Profici\u00eancia 2025 e vira refer\u00eancia em qualidade e agilidade nos exames - Sudoesteacontece<\/title>\n<meta name=\"robots\" content=\"index, follow, max-snippet:-1, max-image-preview:large, max-video-preview:-1\" \/>\n<link rel=\"canonical\" href=\"https:\/\/sudoesteacontece.com.br\/?p=6523\" \/>\n<meta property=\"og:locale\" content=\"pt_BR\" \/>\n<meta property=\"og:type\" content=\"article\" \/>\n<meta property=\"og:title\" content=\"LACEN de Brumado conquista Certificado de Profici\u00eancia 2025 e vira refer\u00eancia em qualidade e agilidade nos exames - Sudoesteacontece\" \/>\n<meta property=\"og:description\" content=\"Reconhecimento estadual colocou o Laborat\u00f3rio Central de Sa\u00fade P\u00fablica (LACEN) de Brumado em posi\u00e7\u00e3o de destaque ap\u00f3s a unidade receber o Certificado de Profici\u00eancia 2025. A certifica\u00e7\u00e3o atesta a qualidade, a precis\u00e3o e a confiabilidade dos exames realizados, confirmando que os procedimentos t\u00e9cnicos seguem padr\u00f5es rigorosos exigidos pelos \u00f3rg\u00e3os de controle. Conquista alcan\u00e7ada reflete um trabalho integrado entre coordena\u00e7\u00e3o, profissionais capacitados e investimentos constantes em tecnologia e equipamentos. A estrutura fortalecida garante mais efici\u00eancia nos processos laboratoriais e maior seguran\u00e7a nos diagn\u00f3sticos, impactando diretamente a qualidade do atendimento prestado \u00e0 popula\u00e7\u00e3o brumadense. Al\u00e9m da excel\u00eancia t\u00e9cnica comprovada pela certifica\u00e7\u00e3o, o LACEN de Brumado tamb\u00e9m se destacou pela rapidez na libera\u00e7\u00e3o dos resultados. A unidade recebeu o selo verde, a melhor avalia\u00e7\u00e3o do Estado no tempo de entrega dos exames, fator essencial para diagn\u00f3sticos mais \u00e1geis e decis\u00f5es m\u00e9dicas mais eficazes. Com a otimiza\u00e7\u00e3o dos prazos, o laborat\u00f3rio contribui de forma direta para o fortalecimento da rede p\u00fablica de sa\u00fade, reduzindo a espera dos pacientes e ampliando a capacidade de resposta do sistema, especialmente em situa\u00e7\u00f5es que exigem rapidez no tratamento e no acompanhamento cl\u00ednico. Por fim, o reconhecimento refor\u00e7a o compromisso da gest\u00e3o municipal com a melhoria cont\u00ednua dos servi\u00e7os p\u00fablicos de sa\u00fade. A iniciativa prioriza um atendimento mais eficiente, seguro e humanizado, consolidando o LACEN de Brumado como refer\u00eancia regional em qualidade laboratorial.\" \/>\n<meta property=\"og:url\" content=\"https:\/\/sudoesteacontece.com.br\/?p=6523\" \/>\n<meta property=\"og:site_name\" content=\"Sudoesteacontece\" \/>\n<meta property=\"article:publisher\" content=\"https:\/\/www.facebook.com\/sudoesteacontece\/?locale=pt_BR\" \/>\n<meta property=\"article:published_time\" content=\"2026-01-21T20:25:20+00:00\" \/>\n<meta property=\"article:modified_time\" content=\"2026-01-21T20:25:26+00:00\" \/>\n<meta property=\"og:image\" content=\"https:\/\/sudoesteacontece.com.br\/wp-content\/uploads\/2026\/01\/LACEN-de-Brumado-conquista-Certificado-de-Proficiencia-2025-e-vira-referencia-em-qualidade-e-agilidade-nos-exames-sudoeste-acontece.jpg\" \/>\n\t<meta property=\"og:image:width\" content=\"900\" \/>\n\t<meta property=\"og:image:height\" content=\"600\" \/>\n\t<meta property=\"og:image:type\" content=\"image\/jpeg\" \/>\n<meta name=\"author\" content=\"Reda\u00e7\u00e3o\" \/>\n<meta name=\"twitter:card\" content=\"summary_large_image\" \/>\n<meta name=\"twitter:label1\" content=\"Escrito por\" \/>\n\t<meta name=\"twitter:data1\" content=\"Reda\u00e7\u00e3o\" \/>\n\t<meta name=\"twitter:label2\" content=\"Est. tempo de leitura\" \/>\n\t<meta name=\"twitter:data2\" content=\"2 minutos\" \/>\n<script type=\"application\/ld+json\" class=\"yoast-schema-graph\">{\"@context\":\"https:\/\/schema.org\",\"@graph\":[{\"@type\":\"Article\",\"@id\":\"https:\/\/sudoesteacontece.com.br\/?p=6523#article\",\"isPartOf\":{\"@id\":\"https:\/\/sudoesteacontece.com.br\/?p=6523\"},\"author\":{\"name\":\"Reda\u00e7\u00e3o\",\"@id\":\"https:\/\/sudoesteacontece.com.br\/#\/schema\/person\/a4f22429c1d0923ef8f7d43343f8dc38\"},\"headline\":\"LACEN de Brumado conquista Certificado de Profici\u00eancia 2025 e vira refer\u00eancia em qualidade e agilidade nos exames\",\"datePublished\":\"2026-01-21T20:25:20+00:00\",\"dateModified\":\"2026-01-21T20:25:26+00:00\",\"mainEntityOfPage\":{\"@id\":\"https:\/\/sudoesteacontece.com.br\/?p=6523\"},\"wordCount\":280,\"commentCount\":0,\"publisher\":{\"@id\":\"https:\/\/sudoesteacontece.com.br\/#organization\"},\"image\":{\"@id\":\"https:\/\/sudoesteacontece.com.br\/?p=6523#primaryimage\"},\"thumbnailUrl\":\"https:\/\/sudoesteacontece.com.br\/wp-content\/uploads\/2026\/01\/LACEN-de-Brumado-conquista-Certificado-de-Proficiencia-2025-e-vira-referencia-em-qualidade-e-agilidade-nos-exames-sudoeste-acontece.jpg\",\"articleSection\":[\"Brumado\",\"Pol\u00edtica\",\"Sa\u00fade\"],\"inLanguage\":\"pt-BR\",\"potentialAction\":[{\"@type\":\"CommentAction\",\"name\":\"Comment\",\"target\":[\"https:\/\/sudoesteacontece.com.br\/?p=6523#respond\"]}]},{\"@type\":\"WebPage\",\"@id\":\"https:\/\/sudoesteacontece.com.br\/?p=6523\",\"url\":\"https:\/\/sudoesteacontece.com.br\/?p=6523\",\"name\":\"LACEN de Brumado conquista Certificado de Profici\u00eancia 2025 e vira refer\u00eancia em qualidade e agilidade nos exames - Sudoesteacontece\",\"isPartOf\":{\"@id\":\"https:\/\/sudoesteacontece.com.br\/#website\"},\"primaryImageOfPage\":{\"@id\":\"https:\/\/sudoesteacontece.com.br\/?p=6523#primaryimage\"},\"image\":{\"@id\":\"https:\/\/sudoesteacontece.com.br\/?p=6523#primaryimage\"},\"thumbnailUrl\":\"https:\/\/sudoesteacontece.com.br\/wp-content\/uploads\/2026\/01\/LACEN-de-Brumado-conquista-Certificado-de-Proficiencia-2025-e-vira-referencia-em-qualidade-e-agilidade-nos-exames-sudoeste-acontece.jpg\",\"datePublished\":\"2026-01-21T20:25:20+00:00\",\"dateModified\":\"2026-01-21T20:25:26+00:00\",\"breadcrumb\":{\"@id\":\"https:\/\/sudoesteacontece.com.br\/?p=6523#breadcrumb\"},\"inLanguage\":\"pt-BR\",\"potentialAction\":[{\"@type\":\"ReadAction\",\"target\":[\"https:\/\/sudoesteacontece.com.br\/?p=6523\"]}]},{\"@type\":\"ImageObject\",\"inLanguage\":\"pt-BR\",\"@id\":\"https:\/\/sudoesteacontece.com.br\/?p=6523#primaryimage\",\"url\":\"https:\/\/sudoesteacontece.com.br\/wp-content\/uploads\/2026\/01\/LACEN-de-Brumado-conquista-Certificado-de-Proficiencia-2025-e-vira-referencia-em-qualidade-e-agilidade-nos-exames-sudoeste-acontece.jpg\",\"contentUrl\":\"https:\/\/sudoesteacontece.com.br\/wp-content\/uploads\/2026\/01\/LACEN-de-Brumado-conquista-Certificado-de-Proficiencia-2025-e-vira-referencia-em-qualidade-e-agilidade-nos-exames-sudoeste-acontece.jpg\",\"width\":900,\"height\":600},{\"@type\":\"BreadcrumbList\",\"@id\":\"https:\/\/sudoesteacontece.com.br\/?p=6523#breadcrumb\",\"itemListElement\":[{\"@type\":\"ListItem\",\"position\":1,\"name\":\"In\u00edcio\",\"item\":\"https:\/\/sudoesteacontece.com.br\/\"},{\"@type\":\"ListItem\",\"position\":2,\"name\":\"LACEN de Brumado conquista Certificado de Profici\u00eancia 2025 e vira refer\u00eancia em qualidade e agilidade nos exames\"}]},{\"@type\":\"WebSite\",\"@id\":\"https:\/\/sudoesteacontece.com.br\/#website\",\"url\":\"https:\/\/sudoesteacontece.com.br\/\",\"name\":\"Sudoesteacontece\",\"description\":\"\",\"publisher\":{\"@id\":\"https:\/\/sudoesteacontece.com.br\/#organization\"},\"potentialAction\":[{\"@type\":\"SearchAction\",\"target\":{\"@type\":\"EntryPoint\",\"urlTemplate\":\"https:\/\/sudoesteacontece.com.br\/?s={search_term_string}\"},\"query-input\":{\"@type\":\"PropertyValueSpecification\",\"valueRequired\":true,\"valueName\":\"search_term_string\"}}],\"inLanguage\":\"pt-BR\"},{\"@type\":\"Organization\",\"@id\":\"https:\/\/sudoesteacontece.com.br\/#organization\",\"name\":\"Sudoesteacontece\",\"url\":\"https:\/\/sudoesteacontece.com.br\/\",\"logo\":{\"@type\":\"ImageObject\",\"inLanguage\":\"pt-BR\",\"@id\":\"https:\/\/sudoesteacontece.com.br\/#\/schema\/logo\/image\/\",\"url\":\"https:\/\/sudoesteacontece.com.br\/wp-content\/uploads\/2025\/12\/cropped-logo-2-180x180-1.png\",\"contentUrl\":\"https:\/\/sudoesteacontece.com.br\/wp-content\/uploads\/2025\/12\/cropped-logo-2-180x180-1.png\",\"width\":180,\"height\":180,\"caption\":\"Sudoesteacontece\"},\"image\":{\"@id\":\"https:\/\/sudoesteacontece.com.br\/#\/schema\/logo\/image\/\"},\"sameAs\":[\"https:\/\/www.facebook.com\/sudoesteacontece\/?locale=pt_BR\"]},{\"@type\":\"Person\",\"@id\":\"https:\/\/sudoesteacontece.com.br\/#\/schema\/person\/a4f22429c1d0923ef8f7d43343f8dc38\",\"name\":\"Reda\u00e7\u00e3o\",\"image\":{\"@type\":\"ImageObject\",\"inLanguage\":\"pt-BR\",\"@id\":\"https:\/\/sudoesteacontece.com.br\/#\/schema\/person\/image\/\",\"url\":\"https:\/\/secure.gravatar.com\/avatar\/c3a5b3c93f268a709c25a2df414c629a96fb3b1b4bf97a94fb3f72e54ae76903?s=96&d=mm&r=g\",\"contentUrl\":\"https:\/\/secure.gravatar.com\/avatar\/c3a5b3c93f268a709c25a2df414c629a96fb3b1b4bf97a94fb3f72e54ae76903?s=96&d=mm&r=g\",\"caption\":\"Reda\u00e7\u00e3o\"},\"url\":\"https:\/\/sudoesteacontece.com.br\/?author=4\"}]}<\/script>\n<!-- \/ Yoast SEO plugin. -->","yoast_head_json":{"title":"LACEN de Brumado conquista Certificado de Profici\u00eancia 2025 e vira refer\u00eancia em qualidade e agilidade nos exames - Sudoesteacontece","robots":{"index":"index","follow":"follow","max-snippet":"max-snippet:-1","max-image-preview":"max-image-preview:large","max-video-preview":"max-video-preview:-1"},"canonical":"https:\/\/sudoesteacontece.com.br\/?p=6523","og_locale":"pt_BR","og_type":"article","og_title":"LACEN de Brumado conquista Certificado de Profici\u00eancia 2025 e vira refer\u00eancia em qualidade e agilidade nos exames - Sudoesteacontece","og_description":"Reconhecimento estadual colocou o Laborat\u00f3rio Central de Sa\u00fade P\u00fablica (LACEN) de Brumado em posi\u00e7\u00e3o de destaque ap\u00f3s a unidade receber o Certificado de Profici\u00eancia 2025. A certifica\u00e7\u00e3o atesta a qualidade, a precis\u00e3o e a confiabilidade dos exames realizados, confirmando que os procedimentos t\u00e9cnicos seguem padr\u00f5es rigorosos exigidos pelos \u00f3rg\u00e3os de controle. Conquista alcan\u00e7ada reflete um trabalho integrado entre coordena\u00e7\u00e3o, profissionais capacitados e investimentos constantes em tecnologia e equipamentos. A estrutura fortalecida garante mais efici\u00eancia nos processos laboratoriais e maior seguran\u00e7a nos diagn\u00f3sticos, impactando diretamente a qualidade do atendimento prestado \u00e0 popula\u00e7\u00e3o brumadense. Al\u00e9m da excel\u00eancia t\u00e9cnica comprovada pela certifica\u00e7\u00e3o, o LACEN de Brumado tamb\u00e9m se destacou pela rapidez na libera\u00e7\u00e3o dos resultados. A unidade recebeu o selo verde, a melhor avalia\u00e7\u00e3o do Estado no tempo de entrega dos exames, fator essencial para diagn\u00f3sticos mais \u00e1geis e decis\u00f5es m\u00e9dicas mais eficazes. Com a otimiza\u00e7\u00e3o dos prazos, o laborat\u00f3rio contribui de forma direta para o fortalecimento da rede p\u00fablica de sa\u00fade, reduzindo a espera dos pacientes e ampliando a capacidade de resposta do sistema, especialmente em situa\u00e7\u00f5es que exigem rapidez no tratamento e no acompanhamento cl\u00ednico. Por fim, o reconhecimento refor\u00e7a o compromisso da gest\u00e3o municipal com a melhoria cont\u00ednua dos servi\u00e7os p\u00fablicos de sa\u00fade. A iniciativa prioriza um atendimento mais eficiente, seguro e humanizado, consolidando o LACEN de Brumado como refer\u00eancia regional em qualidade laboratorial.","og_url":"https:\/\/sudoesteacontece.com.br\/?p=6523","og_site_name":"Sudoesteacontece","article_publisher":"https:\/\/www.facebook.com\/sudoesteacontece\/?locale=pt_BR","article_published_time":"2026-01-21T20:25:20+00:00","article_modified_time":"2026-01-21T20:25:26+00:00","og_image":[{"width":900,"height":600,"url":"https:\/\/sudoesteacontece.com.br\/wp-content\/uploads\/2026\/01\/LACEN-de-Brumado-conquista-Certificado-de-Proficiencia-2025-e-vira-referencia-em-qualidade-e-agilidade-nos-exames-sudoeste-acontece.jpg","type":"image\/jpeg"}],"author":"Reda\u00e7\u00e3o","twitter_card":"summary_large_image","twitter_misc":{"Escrito por":"Reda\u00e7\u00e3o","Est. tempo de leitura":"2 minutos"},"schema":{"@context":"https:\/\/schema.org","@graph":[{"@type":"Article","@id":"https:\/\/sudoesteacontece.com.br\/?p=6523#article","isPartOf":{"@id":"https:\/\/sudoesteacontece.com.br\/?p=6523"},"author":{"name":"Reda\u00e7\u00e3o","@id":"https:\/\/sudoesteacontece.com.br\/#\/schema\/person\/a4f22429c1d0923ef8f7d43343f8dc38"},"headline":"LACEN de Brumado conquista Certificado de Profici\u00eancia 2025 e vira refer\u00eancia em qualidade e agilidade nos exames","datePublished":"2026-01-21T20:25:20+00:00","dateModified":"2026-01-21T20:25:26+00:00","mainEntityOfPage":{"@id":"https:\/\/sudoesteacontece.com.br\/?p=6523"},"wordCount":280,"commentCount":0,"publisher":{"@id":"https:\/\/sudoesteacontece.com.br\/#organization"},"image":{"@id":"https:\/\/sudoesteacontece.com.br\/?p=6523#primaryimage"},"thumbnailUrl":"https:\/\/sudoesteacontece.com.br\/wp-content\/uploads\/2026\/01\/LACEN-de-Brumado-conquista-Certificado-de-Proficiencia-2025-e-vira-referencia-em-qualidade-e-agilidade-nos-exames-sudoeste-acontece.jpg","articleSection":["Brumado","Pol\u00edtica","Sa\u00fade"],"inLanguage":"pt-BR","potentialAction":[{"@type":"CommentAction","name":"Comment","target":["https:\/\/sudoesteacontece.com.br\/?p=6523#respond"]}]},{"@type":"WebPage","@id":"https:\/\/sudoesteacontece.com.br\/?p=6523","url":"https:\/\/sudoesteacontece.com.br\/?p=6523","name":"LACEN de Brumado conquista Certificado de Profici\u00eancia 2025 e vira refer\u00eancia em qualidade e agilidade nos exames - Sudoesteacontece","isPartOf":{"@id":"https:\/\/sudoesteacontece.com.br\/#website"},"primaryImageOfPage":{"@id":"https:\/\/sudoesteacontece.com.br\/?p=6523#primaryimage"},"image":{"@id":"https:\/\/sudoesteacontece.com.br\/?p=6523#primaryimage"},"thumbnailUrl":"https:\/\/sudoesteacontece.com.br\/wp-content\/uploads\/2026\/01\/LACEN-de-Brumado-conquista-Certificado-de-Proficiencia-2025-e-vira-referencia-em-qualidade-e-agilidade-nos-exames-sudoeste-acontece.jpg","datePublished":"2026-01-21T20:25:20+00:00","dateModified":"2026-01-21T20:25:26+00:00","breadcrumb":{"@id":"https:\/\/sudoesteacontece.com.br\/?p=6523#breadcrumb"},"inLanguage":"pt-BR","potentialAction":[{"@type":"ReadAction","target":["https:\/\/sudoesteacontece.com.br\/?p=6523"]}]},{"@type":"ImageObject","inLanguage":"pt-BR","@id":"https:\/\/sudoesteacontece.com.br\/?p=6523#primaryimage","url":"https:\/\/sudoesteacontece.com.br\/wp-content\/uploads\/2026\/01\/LACEN-de-Brumado-conquista-Certificado-de-Proficiencia-2025-e-vira-referencia-em-qualidade-e-agilidade-nos-exames-sudoeste-acontece.jpg","contentUrl":"https:\/\/sudoesteacontece.com.br\/wp-content\/uploads\/2026\/01\/LACEN-de-Brumado-conquista-Certificado-de-Proficiencia-2025-e-vira-referencia-em-qualidade-e-agilidade-nos-exames-sudoeste-acontece.jpg","width":900,"height":600},{"@type":"BreadcrumbList","@id":"https:\/\/sudoesteacontece.com.br\/?p=6523#breadcrumb","itemListElement":[{"@type":"ListItem","position":1,"name":"In\u00edcio","item":"https:\/\/sudoesteacontece.com.br\/"},{"@type":"ListItem","position":2,"name":"LACEN de Brumado conquista Certificado de Profici\u00eancia 2025 e vira refer\u00eancia em qualidade e agilidade nos exames"}]},{"@type":"WebSite","@id":"https:\/\/sudoesteacontece.com.br\/#website","url":"https:\/\/sudoesteacontece.com.br\/","name":"Sudoesteacontece","description":"","publisher":{"@id":"https:\/\/sudoesteacontece.com.br\/#organization"},"potentialAction":[{"@type":"SearchAction","target":{"@type":"EntryPoint","urlTemplate":"https:\/\/sudoesteacontece.com.br\/?s={search_term_string}"},"query-input":{"@type":"PropertyValueSpecification","valueRequired":true,"valueName":"search_term_string"}}],"inLanguage":"pt-BR"},{"@type":"Organization","@id":"https:\/\/sudoesteacontece.com.br\/#organization","name":"Sudoesteacontece","url":"https:\/\/sudoesteacontece.com.br\/","logo":{"@type":"ImageObject","inLanguage":"pt-BR","@id":"https:\/\/sudoesteacontece.com.br\/#\/schema\/logo\/image\/","url":"https:\/\/sudoesteacontece.com.br\/wp-content\/uploads\/2025\/12\/cropped-logo-2-180x180-1.png","contentUrl":"https:\/\/sudoesteacontece.com.br\/wp-content\/uploads\/2025\/12\/cropped-logo-2-180x180-1.png","width":180,"height":180,"caption":"Sudoesteacontece"},"image":{"@id":"https:\/\/sudoesteacontece.com.br\/#\/schema\/logo\/image\/"},"sameAs":["https:\/\/www.facebook.com\/sudoesteacontece\/?locale=pt_BR"]},{"@type":"Person","@id":"https:\/\/sudoesteacontece.com.br\/#\/schema\/person\/a4f22429c1d0923ef8f7d43343f8dc38","name":"Reda\u00e7\u00e3o","image":{"@type":"ImageObject","inLanguage":"pt-BR","@id":"https:\/\/sudoesteacontece.com.br\/#\/schema\/person\/image\/","url":"https:\/\/secure.gravatar.com\/avatar\/c3a5b3c93f268a709c25a2df414c629a96fb3b1b4bf97a94fb3f72e54ae76903?s=96&d=mm&r=g","contentUrl":"https:\/\/secure.gravatar.com\/avatar\/c3a5b3c93f268a709c25a2df414c629a96fb3b1b4bf97a94fb3f72e54ae76903?s=96&d=mm&r=g","caption":"Reda\u00e7\u00e3o"},"url":"https:\/\/sudoesteacontece.com.br\/?author=4"}]}},"_links":{"self":[{"href":"https:\/\/sudoesteacontece.com.br\/index.php?rest_route=\/wp\/v2\/posts\/6523","targetHints":{"allow":["GET"]}}],"collection":[{"href":"https:\/\/sudoesteacontece.com.br\/index.php?rest_route=\/wp\/v2\/posts"}],"about":[{"href":"https:\/\/sudoesteacontece.com.br\/index.php?rest_route=\/wp\/v2\/types\/post"}],"author":[{"embeddable":true,"href":"https:\/\/sudoesteacontece.com.br\/index.php?rest_route=\/wp\/v2\/users\/4"}],"replies":[{"embeddable":true,"href":"https:\/\/sudoesteacontece.com.br\/index.php?rest_route=%2Fwp%2Fv2%2Fcomments&post=6523"}],"version-history":[{"count":0,"href":"https:\/\/sudoesteacontece.com.br\/index.php?rest_route=\/wp\/v2\/posts\/6523\/revisions"}],"wp:featuredmedia":[{"embeddable":true,"href":"https:\/\/sudoesteacontece.com.br\/index.php?rest_route=\/wp\/v2\/media\/6534"}],"wp:attachment":[{"href":"https:\/\/sudoesteacontece.com.br\/index.php?rest_route=%2Fwp%2Fv2%2Fmedia&parent=6523"}],"wp:term":[{"taxonomy":"category","embeddable":true,"href":"https:\/\/sudoesteacontece.com.br\/index.php?rest_route=%2Fwp%2Fv2%2Fcategories&post=6523"},{"taxonomy":"post_tag","embeddable":true,"href":"https:\/\/sudoesteacontece.com.br\/index.php?rest_route=%2Fwp%2Fv2%2Ftags&post=6523"}],"curies":[{"name":"wp","href":"https:\/\/api.w.org\/{rel}","templated":true}]}}