{"id":6526,"date":"2026-01-21T17:29:06","date_gmt":"2026-01-21T20:29:06","guid":{"rendered":"https:\/\/sudoesteacontece.com.br\/?p=6526"},"modified":"2026-01-21T17:29:11","modified_gmt":"2026-01-21T20:29:11","slug":"deputado-baiano-relata-ameacas-de-morte-apos-se-unir-a-nikolas-ferreira-em-caminhada-rumo-a-brasilia","status":"publish","type":"post","link":"https:\/\/sudoesteacontece.com.br\/?p=6526","title":{"rendered":"Deputado baiano relata amea\u00e7as de morte ap\u00f3s se unir a Nikolas Ferreira em caminhada rumo a Bras\u00edlia"},"content":{"rendered":"<div class=\"wp-block-image\">\n<figure class=\"aligncenter size-full\"><img fetchpriority=\"high\" decoding=\"async\" width=\"900\" height=\"600\" src=\"http:\/\/sudoesteacontece.com.br\/wp-content\/uploads\/2026\/01\/Deputado-baiano-relata-ameacas-de-morte-apos-se-unir-a-Nikolas-Ferreira-em-caminhada-rumo-a-Brasilia-sudoeste-acontece.jpg\" alt=\"\" class=\"wp-image-6538\" srcset=\"https:\/\/sudoesteacontece.com.br\/wp-content\/uploads\/2026\/01\/Deputado-baiano-relata-ameacas-de-morte-apos-se-unir-a-Nikolas-Ferreira-em-caminhada-rumo-a-Brasilia-sudoeste-acontece.jpg 900w, https:\/\/sudoesteacontece.com.br\/wp-content\/uploads\/2026\/01\/Deputado-baiano-relata-ameacas-de-morte-apos-se-unir-a-Nikolas-Ferreira-em-caminhada-rumo-a-Brasilia-sudoeste-acontece-300x200.jpg 300w, https:\/\/sudoesteacontece.com.br\/wp-content\/uploads\/2026\/01\/Deputado-baiano-relata-ameacas-de-morte-apos-se-unir-a-Nikolas-Ferreira-em-caminhada-rumo-a-Brasilia-sudoeste-acontece-768x512.jpg 768w\" sizes=\"(max-width: 900px) 100vw, 900px\" \/><\/figure>\n<\/div>\n\n\n<p>Den\u00fancia feita pelo deputado estadual Leandro de Jesus (PL) exp\u00f4s uma s\u00e9rie de amea\u00e7as recebidas nas redes sociais ap\u00f3s ele anunciar participa\u00e7\u00e3o na caminhada pela liberdade ao lado do deputado federal Nikolas Ferreira (PL-MG). O parlamentar afirmou que passou a ser alvo de mensagens violentas depois de confirmar presen\u00e7a no ato, que deve chegar a Bras\u00edlia no domingo (25).<\/p>\n\n\n\n<p>Segundo Leandro, apesar do grande volume de manifesta\u00e7\u00f5es de apoio, parte das mensagens traz amea\u00e7as diretas. O deputado informou que os autores j\u00e1 foram identificados e que medidas judiciais est\u00e3o em andamento. A equipe jur\u00eddica do parlamentar atua para responsabilizar os envolvidos, enquanto o caso amplia o debate sobre viol\u00eancia pol\u00edtica no ambiente digital.<\/p>\n\n\n\n<p>Entre as mensagens divulgadas, uma faz refer\u00eancia a Ad\u00e9lio Bispo, autor do atentado contra o ex-presidente Jair Bolsonaro em 2018. Outra sugere risco durante o trajeto da caminhada e uma terceira pede a localiza\u00e7\u00e3o do grupo. As publica\u00e7\u00f5es foram classificadas por Leandro como graves e inaceit\u00e1veis.<\/p>\n\n\n\n<p>Em resposta, o deputado criticou o que chamou de discurso contradit\u00f3rio de advers\u00e1rios pol\u00edticos. Ele afirmou que os ataques partem de pessoas que se dizem defensoras da democracia e do amor, mas recorrem \u00e0 intimida\u00e7\u00e3o quando confrontadas por mobiliza\u00e7\u00f5es pol\u00edticas contr\u00e1rias \u00e0s suas ideias.<\/p>\n\n\n\n<p>\u00danico parlamentar baiano confirmado at\u00e9 o momento na caminhada liderada por Nikolas Ferreira, Leandro de Jesus disse que seguir\u00e1 no ato at\u00e9 Bras\u00edlia. A chegada est\u00e1 prevista para domingo, quando um grande protesto deve ser realizado, reunindo apoiadores de diversas regi\u00f5es do pa\u00eds.<\/p>\n","protected":false},"excerpt":{"rendered":"<p>Den\u00fancia feita pelo deputado estadual Leandro de Jesus (PL) exp\u00f4s uma s\u00e9rie de amea\u00e7as recebidas nas redes sociais ap\u00f3s ele anunciar participa\u00e7\u00e3o na caminhada pela liberdade ao lado do deputado federal Nikolas Ferreira (PL-MG). O parlamentar afirmou que passou a ser alvo de mensagens violentas depois de confirmar presen\u00e7a no ato, que deve chegar a Bras\u00edlia no domingo (25). Segundo Leandro, apesar do grande volume de manifesta\u00e7\u00f5es de apoio, parte das mensagens traz amea\u00e7as diretas. O deputado informou que os autores j\u00e1 foram identificados e que medidas judiciais est\u00e3o em andamento. A equipe jur\u00eddica do parlamentar atua para responsabilizar os envolvidos, enquanto o caso amplia o debate sobre viol\u00eancia pol\u00edtica no ambiente digital. Entre as mensagens divulgadas, uma faz refer\u00eancia a Ad\u00e9lio Bispo, autor do atentado contra o ex-presidente Jair Bolsonaro em 2018. Outra sugere risco durante o trajeto da caminhada e uma terceira pede a localiza\u00e7\u00e3o do grupo. As publica\u00e7\u00f5es foram classificadas por Leandro como graves e inaceit\u00e1veis. Em resposta, o deputado criticou o que chamou de discurso contradit\u00f3rio de advers\u00e1rios pol\u00edticos. Ele afirmou que os ataques partem de pessoas que se dizem defensoras da democracia e do amor, mas recorrem \u00e0 intimida\u00e7\u00e3o quando confrontadas por mobiliza\u00e7\u00f5es pol\u00edticas contr\u00e1rias \u00e0s suas ideias. \u00danico parlamentar baiano confirmado at\u00e9 o momento na caminhada liderada por Nikolas Ferreira, Leandro de Jesus disse que seguir\u00e1 no ato at\u00e9 Bras\u00edlia. A chegada est\u00e1 prevista para domingo, quando um grande protesto deve ser realizado, reunindo apoiadores de diversas regi\u00f5es do pa\u00eds.<\/p>\n","protected":false},"author":4,"featured_media":6538,"comment_status":"open","ping_status":"open","sticky":false,"template":"","format":"standard","meta":{"footnotes":""},"categories":[7,53,6],"tags":[],"class_list":["post-6526","post","type-post","status-publish","format-standard","has-post-thumbnail","hentry","category-bahia","category-brasil","category-politica"],"yoast_head":"<!-- This site is optimized with the Yoast SEO plugin v26.5 - https:\/\/yoast.com\/wordpress\/plugins\/seo\/ -->\n<title>Deputado baiano relata amea\u00e7as de morte ap\u00f3s se unir a Nikolas Ferreira em caminhada rumo a Bras\u00edlia - Sudoesteacontece<\/title>\n<meta name=\"robots\" content=\"index, follow, max-snippet:-1, max-image-preview:large, max-video-preview:-1\" \/>\n<link rel=\"canonical\" href=\"https:\/\/sudoesteacontece.com.br\/?p=6526\" \/>\n<meta property=\"og:locale\" content=\"pt_BR\" \/>\n<meta property=\"og:type\" content=\"article\" \/>\n<meta property=\"og:title\" content=\"Deputado baiano relata amea\u00e7as de morte ap\u00f3s se unir a Nikolas Ferreira em caminhada rumo a Bras\u00edlia - Sudoesteacontece\" \/>\n<meta property=\"og:description\" content=\"Den\u00fancia feita pelo deputado estadual Leandro de Jesus (PL) exp\u00f4s uma s\u00e9rie de amea\u00e7as recebidas nas redes sociais ap\u00f3s ele anunciar participa\u00e7\u00e3o na caminhada pela liberdade ao lado do deputado federal Nikolas Ferreira (PL-MG). O parlamentar afirmou que passou a ser alvo de mensagens violentas depois de confirmar presen\u00e7a no ato, que deve chegar a Bras\u00edlia no domingo (25). Segundo Leandro, apesar do grande volume de manifesta\u00e7\u00f5es de apoio, parte das mensagens traz amea\u00e7as diretas. O deputado informou que os autores j\u00e1 foram identificados e que medidas judiciais est\u00e3o em andamento. A equipe jur\u00eddica do parlamentar atua para responsabilizar os envolvidos, enquanto o caso amplia o debate sobre viol\u00eancia pol\u00edtica no ambiente digital. Entre as mensagens divulgadas, uma faz refer\u00eancia a Ad\u00e9lio Bispo, autor do atentado contra o ex-presidente Jair Bolsonaro em 2018. Outra sugere risco durante o trajeto da caminhada e uma terceira pede a localiza\u00e7\u00e3o do grupo. As publica\u00e7\u00f5es foram classificadas por Leandro como graves e inaceit\u00e1veis. Em resposta, o deputado criticou o que chamou de discurso contradit\u00f3rio de advers\u00e1rios pol\u00edticos. Ele afirmou que os ataques partem de pessoas que se dizem defensoras da democracia e do amor, mas recorrem \u00e0 intimida\u00e7\u00e3o quando confrontadas por mobiliza\u00e7\u00f5es pol\u00edticas contr\u00e1rias \u00e0s suas ideias. \u00danico parlamentar baiano confirmado at\u00e9 o momento na caminhada liderada por Nikolas Ferreira, Leandro de Jesus disse que seguir\u00e1 no ato at\u00e9 Bras\u00edlia. A chegada est\u00e1 prevista para domingo, quando um grande protesto deve ser realizado, reunindo apoiadores de diversas regi\u00f5es do pa\u00eds.\" \/>\n<meta property=\"og:url\" content=\"https:\/\/sudoesteacontece.com.br\/?p=6526\" \/>\n<meta property=\"og:site_name\" content=\"Sudoesteacontece\" \/>\n<meta property=\"article:publisher\" content=\"https:\/\/www.facebook.com\/sudoesteacontece\/?locale=pt_BR\" \/>\n<meta property=\"article:published_time\" content=\"2026-01-21T20:29:06+00:00\" \/>\n<meta property=\"article:modified_time\" content=\"2026-01-21T20:29:11+00:00\" \/>\n<meta property=\"og:image\" content=\"https:\/\/sudoesteacontece.com.br\/wp-content\/uploads\/2026\/01\/Deputado-baiano-relata-ameacas-de-morte-apos-se-unir-a-Nikolas-Ferreira-em-caminhada-rumo-a-Brasilia-sudoeste-acontece.jpg\" \/>\n\t<meta property=\"og:image:width\" content=\"900\" \/>\n\t<meta property=\"og:image:height\" content=\"600\" \/>\n\t<meta property=\"og:image:type\" content=\"image\/jpeg\" \/>\n<meta name=\"author\" content=\"Reda\u00e7\u00e3o\" \/>\n<meta name=\"twitter:card\" content=\"summary_large_image\" \/>\n<meta name=\"twitter:label1\" content=\"Escrito por\" \/>\n\t<meta name=\"twitter:data1\" content=\"Reda\u00e7\u00e3o\" \/>\n\t<meta name=\"twitter:label2\" content=\"Est. tempo de leitura\" \/>\n\t<meta name=\"twitter:data2\" content=\"2 minutos\" \/>\n<script type=\"application\/ld+json\" class=\"yoast-schema-graph\">{\"@context\":\"https:\/\/schema.org\",\"@graph\":[{\"@type\":\"Article\",\"@id\":\"https:\/\/sudoesteacontece.com.br\/?p=6526#article\",\"isPartOf\":{\"@id\":\"https:\/\/sudoesteacontece.com.br\/?p=6526\"},\"author\":{\"name\":\"Reda\u00e7\u00e3o\",\"@id\":\"https:\/\/sudoesteacontece.com.br\/#\/schema\/person\/a4f22429c1d0923ef8f7d43343f8dc38\"},\"headline\":\"Deputado baiano relata amea\u00e7as de morte ap\u00f3s se unir a Nikolas Ferreira em caminhada rumo a Bras\u00edlia\",\"datePublished\":\"2026-01-21T20:29:06+00:00\",\"dateModified\":\"2026-01-21T20:29:11+00:00\",\"mainEntityOfPage\":{\"@id\":\"https:\/\/sudoesteacontece.com.br\/?p=6526\"},\"wordCount\":292,\"commentCount\":0,\"publisher\":{\"@id\":\"https:\/\/sudoesteacontece.com.br\/#organization\"},\"image\":{\"@id\":\"https:\/\/sudoesteacontece.com.br\/?p=6526#primaryimage\"},\"thumbnailUrl\":\"https:\/\/sudoesteacontece.com.br\/wp-content\/uploads\/2026\/01\/Deputado-baiano-relata-ameacas-de-morte-apos-se-unir-a-Nikolas-Ferreira-em-caminhada-rumo-a-Brasilia-sudoeste-acontece.jpg\",\"articleSection\":[\"Bahia\",\"Brasil\",\"Pol\u00edtica\"],\"inLanguage\":\"pt-BR\",\"potentialAction\":[{\"@type\":\"CommentAction\",\"name\":\"Comment\",\"target\":[\"https:\/\/sudoesteacontece.com.br\/?p=6526#respond\"]}]},{\"@type\":\"WebPage\",\"@id\":\"https:\/\/sudoesteacontece.com.br\/?p=6526\",\"url\":\"https:\/\/sudoesteacontece.com.br\/?p=6526\",\"name\":\"Deputado baiano relata amea\u00e7as de morte ap\u00f3s se unir a Nikolas Ferreira em caminhada rumo a Bras\u00edlia - Sudoesteacontece\",\"isPartOf\":{\"@id\":\"https:\/\/sudoesteacontece.com.br\/#website\"},\"primaryImageOfPage\":{\"@id\":\"https:\/\/sudoesteacontece.com.br\/?p=6526#primaryimage\"},\"image\":{\"@id\":\"https:\/\/sudoesteacontece.com.br\/?p=6526#primaryimage\"},\"thumbnailUrl\":\"https:\/\/sudoesteacontece.com.br\/wp-content\/uploads\/2026\/01\/Deputado-baiano-relata-ameacas-de-morte-apos-se-unir-a-Nikolas-Ferreira-em-caminhada-rumo-a-Brasilia-sudoeste-acontece.jpg\",\"datePublished\":\"2026-01-21T20:29:06+00:00\",\"dateModified\":\"2026-01-21T20:29:11+00:00\",\"breadcrumb\":{\"@id\":\"https:\/\/sudoesteacontece.com.br\/?p=6526#breadcrumb\"},\"inLanguage\":\"pt-BR\",\"potentialAction\":[{\"@type\":\"ReadAction\",\"target\":[\"https:\/\/sudoesteacontece.com.br\/?p=6526\"]}]},{\"@type\":\"ImageObject\",\"inLanguage\":\"pt-BR\",\"@id\":\"https:\/\/sudoesteacontece.com.br\/?p=6526#primaryimage\",\"url\":\"https:\/\/sudoesteacontece.com.br\/wp-content\/uploads\/2026\/01\/Deputado-baiano-relata-ameacas-de-morte-apos-se-unir-a-Nikolas-Ferreira-em-caminhada-rumo-a-Brasilia-sudoeste-acontece.jpg\",\"contentUrl\":\"https:\/\/sudoesteacontece.com.br\/wp-content\/uploads\/2026\/01\/Deputado-baiano-relata-ameacas-de-morte-apos-se-unir-a-Nikolas-Ferreira-em-caminhada-rumo-a-Brasilia-sudoeste-acontece.jpg\",\"width\":900,\"height\":600},{\"@type\":\"BreadcrumbList\",\"@id\":\"https:\/\/sudoesteacontece.com.br\/?p=6526#breadcrumb\",\"itemListElement\":[{\"@type\":\"ListItem\",\"position\":1,\"name\":\"In\u00edcio\",\"item\":\"https:\/\/sudoesteacontece.com.br\/\"},{\"@type\":\"ListItem\",\"position\":2,\"name\":\"Deputado baiano relata amea\u00e7as de morte ap\u00f3s se unir a Nikolas Ferreira em caminhada rumo a Bras\u00edlia\"}]},{\"@type\":\"WebSite\",\"@id\":\"https:\/\/sudoesteacontece.com.br\/#website\",\"url\":\"https:\/\/sudoesteacontece.com.br\/\",\"name\":\"Sudoesteacontece\",\"description\":\"\",\"publisher\":{\"@id\":\"https:\/\/sudoesteacontece.com.br\/#organization\"},\"potentialAction\":[{\"@type\":\"SearchAction\",\"target\":{\"@type\":\"EntryPoint\",\"urlTemplate\":\"https:\/\/sudoesteacontece.com.br\/?s={search_term_string}\"},\"query-input\":{\"@type\":\"PropertyValueSpecification\",\"valueRequired\":true,\"valueName\":\"search_term_string\"}}],\"inLanguage\":\"pt-BR\"},{\"@type\":\"Organization\",\"@id\":\"https:\/\/sudoesteacontece.com.br\/#organization\",\"name\":\"Sudoesteacontece\",\"url\":\"https:\/\/sudoesteacontece.com.br\/\",\"logo\":{\"@type\":\"ImageObject\",\"inLanguage\":\"pt-BR\",\"@id\":\"https:\/\/sudoesteacontece.com.br\/#\/schema\/logo\/image\/\",\"url\":\"https:\/\/sudoesteacontece.com.br\/wp-content\/uploads\/2025\/12\/cropped-logo-2-180x180-1.png\",\"contentUrl\":\"https:\/\/sudoesteacontece.com.br\/wp-content\/uploads\/2025\/12\/cropped-logo-2-180x180-1.png\",\"width\":180,\"height\":180,\"caption\":\"Sudoesteacontece\"},\"image\":{\"@id\":\"https:\/\/sudoesteacontece.com.br\/#\/schema\/logo\/image\/\"},\"sameAs\":[\"https:\/\/www.facebook.com\/sudoesteacontece\/?locale=pt_BR\"]},{\"@type\":\"Person\",\"@id\":\"https:\/\/sudoesteacontece.com.br\/#\/schema\/person\/a4f22429c1d0923ef8f7d43343f8dc38\",\"name\":\"Reda\u00e7\u00e3o\",\"image\":{\"@type\":\"ImageObject\",\"inLanguage\":\"pt-BR\",\"@id\":\"https:\/\/sudoesteacontece.com.br\/#\/schema\/person\/image\/\",\"url\":\"https:\/\/secure.gravatar.com\/avatar\/c3a5b3c93f268a709c25a2df414c629a96fb3b1b4bf97a94fb3f72e54ae76903?s=96&d=mm&r=g\",\"contentUrl\":\"https:\/\/secure.gravatar.com\/avatar\/c3a5b3c93f268a709c25a2df414c629a96fb3b1b4bf97a94fb3f72e54ae76903?s=96&d=mm&r=g\",\"caption\":\"Reda\u00e7\u00e3o\"},\"url\":\"https:\/\/sudoesteacontece.com.br\/?author=4\"}]}<\/script>\n<!-- \/ Yoast SEO plugin. -->","yoast_head_json":{"title":"Deputado baiano relata amea\u00e7as de morte ap\u00f3s se unir a Nikolas Ferreira em caminhada rumo a Bras\u00edlia - Sudoesteacontece","robots":{"index":"index","follow":"follow","max-snippet":"max-snippet:-1","max-image-preview":"max-image-preview:large","max-video-preview":"max-video-preview:-1"},"canonical":"https:\/\/sudoesteacontece.com.br\/?p=6526","og_locale":"pt_BR","og_type":"article","og_title":"Deputado baiano relata amea\u00e7as de morte ap\u00f3s se unir a Nikolas Ferreira em caminhada rumo a Bras\u00edlia - Sudoesteacontece","og_description":"Den\u00fancia feita pelo deputado estadual Leandro de Jesus (PL) exp\u00f4s uma s\u00e9rie de amea\u00e7as recebidas nas redes sociais ap\u00f3s ele anunciar participa\u00e7\u00e3o na caminhada pela liberdade ao lado do deputado federal Nikolas Ferreira (PL-MG). O parlamentar afirmou que passou a ser alvo de mensagens violentas depois de confirmar presen\u00e7a no ato, que deve chegar a Bras\u00edlia no domingo (25). Segundo Leandro, apesar do grande volume de manifesta\u00e7\u00f5es de apoio, parte das mensagens traz amea\u00e7as diretas. O deputado informou que os autores j\u00e1 foram identificados e que medidas judiciais est\u00e3o em andamento. A equipe jur\u00eddica do parlamentar atua para responsabilizar os envolvidos, enquanto o caso amplia o debate sobre viol\u00eancia pol\u00edtica no ambiente digital. Entre as mensagens divulgadas, uma faz refer\u00eancia a Ad\u00e9lio Bispo, autor do atentado contra o ex-presidente Jair Bolsonaro em 2018. Outra sugere risco durante o trajeto da caminhada e uma terceira pede a localiza\u00e7\u00e3o do grupo. As publica\u00e7\u00f5es foram classificadas por Leandro como graves e inaceit\u00e1veis. Em resposta, o deputado criticou o que chamou de discurso contradit\u00f3rio de advers\u00e1rios pol\u00edticos. Ele afirmou que os ataques partem de pessoas que se dizem defensoras da democracia e do amor, mas recorrem \u00e0 intimida\u00e7\u00e3o quando confrontadas por mobiliza\u00e7\u00f5es pol\u00edticas contr\u00e1rias \u00e0s suas ideias. \u00danico parlamentar baiano confirmado at\u00e9 o momento na caminhada liderada por Nikolas Ferreira, Leandro de Jesus disse que seguir\u00e1 no ato at\u00e9 Bras\u00edlia. A chegada est\u00e1 prevista para domingo, quando um grande protesto deve ser realizado, reunindo apoiadores de diversas regi\u00f5es do pa\u00eds.","og_url":"https:\/\/sudoesteacontece.com.br\/?p=6526","og_site_name":"Sudoesteacontece","article_publisher":"https:\/\/www.facebook.com\/sudoesteacontece\/?locale=pt_BR","article_published_time":"2026-01-21T20:29:06+00:00","article_modified_time":"2026-01-21T20:29:11+00:00","og_image":[{"width":900,"height":600,"url":"https:\/\/sudoesteacontece.com.br\/wp-content\/uploads\/2026\/01\/Deputado-baiano-relata-ameacas-de-morte-apos-se-unir-a-Nikolas-Ferreira-em-caminhada-rumo-a-Brasilia-sudoeste-acontece.jpg","type":"image\/jpeg"}],"author":"Reda\u00e7\u00e3o","twitter_card":"summary_large_image","twitter_misc":{"Escrito por":"Reda\u00e7\u00e3o","Est. tempo de leitura":"2 minutos"},"schema":{"@context":"https:\/\/schema.org","@graph":[{"@type":"Article","@id":"https:\/\/sudoesteacontece.com.br\/?p=6526#article","isPartOf":{"@id":"https:\/\/sudoesteacontece.com.br\/?p=6526"},"author":{"name":"Reda\u00e7\u00e3o","@id":"https:\/\/sudoesteacontece.com.br\/#\/schema\/person\/a4f22429c1d0923ef8f7d43343f8dc38"},"headline":"Deputado baiano relata amea\u00e7as de morte ap\u00f3s se unir a Nikolas Ferreira em caminhada rumo a Bras\u00edlia","datePublished":"2026-01-21T20:29:06+00:00","dateModified":"2026-01-21T20:29:11+00:00","mainEntityOfPage":{"@id":"https:\/\/sudoesteacontece.com.br\/?p=6526"},"wordCount":292,"commentCount":0,"publisher":{"@id":"https:\/\/sudoesteacontece.com.br\/#organization"},"image":{"@id":"https:\/\/sudoesteacontece.com.br\/?p=6526#primaryimage"},"thumbnailUrl":"https:\/\/sudoesteacontece.com.br\/wp-content\/uploads\/2026\/01\/Deputado-baiano-relata-ameacas-de-morte-apos-se-unir-a-Nikolas-Ferreira-em-caminhada-rumo-a-Brasilia-sudoeste-acontece.jpg","articleSection":["Bahia","Brasil","Pol\u00edtica"],"inLanguage":"pt-BR","potentialAction":[{"@type":"CommentAction","name":"Comment","target":["https:\/\/sudoesteacontece.com.br\/?p=6526#respond"]}]},{"@type":"WebPage","@id":"https:\/\/sudoesteacontece.com.br\/?p=6526","url":"https:\/\/sudoesteacontece.com.br\/?p=6526","name":"Deputado baiano relata amea\u00e7as de morte ap\u00f3s se unir a Nikolas Ferreira em caminhada rumo a Bras\u00edlia - Sudoesteacontece","isPartOf":{"@id":"https:\/\/sudoesteacontece.com.br\/#website"},"primaryImageOfPage":{"@id":"https:\/\/sudoesteacontece.com.br\/?p=6526#primaryimage"},"image":{"@id":"https:\/\/sudoesteacontece.com.br\/?p=6526#primaryimage"},"thumbnailUrl":"https:\/\/sudoesteacontece.com.br\/wp-content\/uploads\/2026\/01\/Deputado-baiano-relata-ameacas-de-morte-apos-se-unir-a-Nikolas-Ferreira-em-caminhada-rumo-a-Brasilia-sudoeste-acontece.jpg","datePublished":"2026-01-21T20:29:06+00:00","dateModified":"2026-01-21T20:29:11+00:00","breadcrumb":{"@id":"https:\/\/sudoesteacontece.com.br\/?p=6526#breadcrumb"},"inLanguage":"pt-BR","potentialAction":[{"@type":"ReadAction","target":["https:\/\/sudoesteacontece.com.br\/?p=6526"]}]},{"@type":"ImageObject","inLanguage":"pt-BR","@id":"https:\/\/sudoesteacontece.com.br\/?p=6526#primaryimage","url":"https:\/\/sudoesteacontece.com.br\/wp-content\/uploads\/2026\/01\/Deputado-baiano-relata-ameacas-de-morte-apos-se-unir-a-Nikolas-Ferreira-em-caminhada-rumo-a-Brasilia-sudoeste-acontece.jpg","contentUrl":"https:\/\/sudoesteacontece.com.br\/wp-content\/uploads\/2026\/01\/Deputado-baiano-relata-ameacas-de-morte-apos-se-unir-a-Nikolas-Ferreira-em-caminhada-rumo-a-Brasilia-sudoeste-acontece.jpg","width":900,"height":600},{"@type":"BreadcrumbList","@id":"https:\/\/sudoesteacontece.com.br\/?p=6526#breadcrumb","itemListElement":[{"@type":"ListItem","position":1,"name":"In\u00edcio","item":"https:\/\/sudoesteacontece.com.br\/"},{"@type":"ListItem","position":2,"name":"Deputado baiano relata amea\u00e7as de morte ap\u00f3s se unir a Nikolas Ferreira em caminhada rumo a Bras\u00edlia"}]},{"@type":"WebSite","@id":"https:\/\/sudoesteacontece.com.br\/#website","url":"https:\/\/sudoesteacontece.com.br\/","name":"Sudoesteacontece","description":"","publisher":{"@id":"https:\/\/sudoesteacontece.com.br\/#organization"},"potentialAction":[{"@type":"SearchAction","target":{"@type":"EntryPoint","urlTemplate":"https:\/\/sudoesteacontece.com.br\/?s={search_term_string}"},"query-input":{"@type":"PropertyValueSpecification","valueRequired":true,"valueName":"search_term_string"}}],"inLanguage":"pt-BR"},{"@type":"Organization","@id":"https:\/\/sudoesteacontece.com.br\/#organization","name":"Sudoesteacontece","url":"https:\/\/sudoesteacontece.com.br\/","logo":{"@type":"ImageObject","inLanguage":"pt-BR","@id":"https:\/\/sudoesteacontece.com.br\/#\/schema\/logo\/image\/","url":"https:\/\/sudoesteacontece.com.br\/wp-content\/uploads\/2025\/12\/cropped-logo-2-180x180-1.png","contentUrl":"https:\/\/sudoesteacontece.com.br\/wp-content\/uploads\/2025\/12\/cropped-logo-2-180x180-1.png","width":180,"height":180,"caption":"Sudoesteacontece"},"image":{"@id":"https:\/\/sudoesteacontece.com.br\/#\/schema\/logo\/image\/"},"sameAs":["https:\/\/www.facebook.com\/sudoesteacontece\/?locale=pt_BR"]},{"@type":"Person","@id":"https:\/\/sudoesteacontece.com.br\/#\/schema\/person\/a4f22429c1d0923ef8f7d43343f8dc38","name":"Reda\u00e7\u00e3o","image":{"@type":"ImageObject","inLanguage":"pt-BR","@id":"https:\/\/sudoesteacontece.com.br\/#\/schema\/person\/image\/","url":"https:\/\/secure.gravatar.com\/avatar\/c3a5b3c93f268a709c25a2df414c629a96fb3b1b4bf97a94fb3f72e54ae76903?s=96&d=mm&r=g","contentUrl":"https:\/\/secure.gravatar.com\/avatar\/c3a5b3c93f268a709c25a2df414c629a96fb3b1b4bf97a94fb3f72e54ae76903?s=96&d=mm&r=g","caption":"Reda\u00e7\u00e3o"},"url":"https:\/\/sudoesteacontece.com.br\/?author=4"}]}},"_links":{"self":[{"href":"https:\/\/sudoesteacontece.com.br\/index.php?rest_route=\/wp\/v2\/posts\/6526","targetHints":{"allow":["GET"]}}],"collection":[{"href":"https:\/\/sudoesteacontece.com.br\/index.php?rest_route=\/wp\/v2\/posts"}],"about":[{"href":"https:\/\/sudoesteacontece.com.br\/index.php?rest_route=\/wp\/v2\/types\/post"}],"author":[{"embeddable":true,"href":"https:\/\/sudoesteacontece.com.br\/index.php?rest_route=\/wp\/v2\/users\/4"}],"replies":[{"embeddable":true,"href":"https:\/\/sudoesteacontece.com.br\/index.php?rest_route=%2Fwp%2Fv2%2Fcomments&post=6526"}],"version-history":[{"count":0,"href":"https:\/\/sudoesteacontece.com.br\/index.php?rest_route=\/wp\/v2\/posts\/6526\/revisions"}],"wp:featuredmedia":[{"embeddable":true,"href":"https:\/\/sudoesteacontece.com.br\/index.php?rest_route=\/wp\/v2\/media\/6538"}],"wp:attachment":[{"href":"https:\/\/sudoesteacontece.com.br\/index.php?rest_route=%2Fwp%2Fv2%2Fmedia&parent=6526"}],"wp:term":[{"taxonomy":"category","embeddable":true,"href":"https:\/\/sudoesteacontece.com.br\/index.php?rest_route=%2Fwp%2Fv2%2Fcategories&post=6526"},{"taxonomy":"post_tag","embeddable":true,"href":"https:\/\/sudoesteacontece.com.br\/index.php?rest_route=%2Fwp%2Fv2%2Ftags&post=6526"}],"curies":[{"name":"wp","href":"https:\/\/api.w.org\/{rel}","templated":true}]}}