{"id":6530,"date":"2026-01-21T17:22:21","date_gmt":"2026-01-21T20:22:21","guid":{"rendered":"https:\/\/sudoesteacontece.com.br\/?p=6530"},"modified":"2026-01-21T17:22:27","modified_gmt":"2026-01-21T20:22:27","slug":"tragedia-na-br-116-caminhoneiro-de-brumado-morre-em-engavetamento-com-onibus-em-itatim","status":"publish","type":"post","link":"https:\/\/sudoesteacontece.com.br\/?p=6530","title":{"rendered":"Trag\u00e9dia na BR-116: caminhoneiro de Brumado morre em engavetamento com \u00f4nibus em Itatim"},"content":{"rendered":"<div class=\"wp-block-image\">\n<figure class=\"aligncenter size-full\"><img fetchpriority=\"high\" decoding=\"async\" width=\"900\" height=\"600\" src=\"http:\/\/sudoesteacontece.com.br\/wp-content\/uploads\/2026\/01\/Tragedia-na-BR-116-caminhoneiro-de-Brumado-morre-em-engavetamento-com-onibus-em-Itatim-sudoeste-acontece.jpg\" alt=\"\" class=\"wp-image-6532\" srcset=\"https:\/\/sudoesteacontece.com.br\/wp-content\/uploads\/2026\/01\/Tragedia-na-BR-116-caminhoneiro-de-Brumado-morre-em-engavetamento-com-onibus-em-Itatim-sudoeste-acontece.jpg 900w, https:\/\/sudoesteacontece.com.br\/wp-content\/uploads\/2026\/01\/Tragedia-na-BR-116-caminhoneiro-de-Brumado-morre-em-engavetamento-com-onibus-em-Itatim-sudoeste-acontece-300x200.jpg 300w, https:\/\/sudoesteacontece.com.br\/wp-content\/uploads\/2026\/01\/Tragedia-na-BR-116-caminhoneiro-de-Brumado-morre-em-engavetamento-com-onibus-em-Itatim-sudoeste-acontece-768x512.jpg 768w\" sizes=\"(max-width: 900px) 100vw, 900px\" \/><\/figure>\n<\/div>\n\n\n<p>Trag\u00e9dia marcou a noite de ter\u00e7a-feira (20) na BR-116, ap\u00f3s um grave engavetamento envolvendo tr\u00eas caminh\u00f5es e um \u00f4nibus, no trecho do munic\u00edpio de Itatim, interior da Bahia. O caminhoneiro Reginaldo dos Santos Pereira, natural de Brumado e conhecido por trabalhar com transporte de mudan\u00e7as, morreu no local, segundo confirmou a Pol\u00edcia Rodovi\u00e1ria Federal.<\/p>\n\n\n\n<p>Identificado, Reginaldo conduzia um dos caminh\u00f5es envolvidos na colis\u00e3o, registrada por volta das 20h40, no km 527 da rodovia. O impacto foi forte e mobilizou equipes de resgate, al\u00e9m de causar como\u00e7\u00e3o entre colegas de estrada e moradores da regi\u00e3o, acostumados ao fluxo intenso de ve\u00edculos pesados no trecho.<\/p>\n\n\n\n<p>Segundo a PRF, o acidente foi provocado por um engavetamento em sequ\u00eancia. Um passageiro que estava no caminh\u00e3o dirigido por Reginaldo tamb\u00e9m morreu, mas o nome ainda n\u00e3o havia sido divulgado at\u00e9 a \u00faltima atualiza\u00e7\u00e3o da ocorr\u00eancia. As circunst\u00e2ncias exatas da colis\u00e3o ainda ser\u00e3o analisadas pelas autoridades.<\/p>\n\n\n\n<p>Outro caminhoneiro ficou ferido e precisou ser socorrido para o Hospital Geral Cl\u00e9riston Andrade, em Feira de Santana. N\u00e3o h\u00e1 informa\u00e7\u00f5es oficiais sobre o estado de sa\u00fade da v\u00edtima. O atendimento m\u00e9dico foi feito em meio \u00e0 interdi\u00e7\u00e3o parcial da pista, que exigiu controle rigoroso do tr\u00e1fego.<\/p>\n\n\n\n<p>J\u00e1 os 46 passageiros do \u00f4nibus, que seguia viagem com destino ao estado de Santa Catarina, n\u00e3o sofreram ferimentos. Os ocupantes do terceiro caminh\u00e3o tamb\u00e9m sa\u00edram ilesos, conforme informou a PRF. Apesar disso, o susto foi grande e o tr\u00e2nsito ficou lento por v\u00e1rias horas.<\/p>\n\n\n\n<p>Ap\u00f3s a retirada dos ve\u00edculos e a conclus\u00e3o do atendimento, a BR-116 foi totalmente liberada por volta das 23h20. A Pol\u00edcia Rodovi\u00e1ria Federal informou que vai investigar as causas do acidente, que volta a acender o alerta sobre os riscos de engavetamentos em rodovias federais durante o per\u00edodo noturno.<\/p>\n","protected":false},"excerpt":{"rendered":"<p>Trag\u00e9dia marcou a noite de ter\u00e7a-feira (20) na BR-116, ap\u00f3s um grave engavetamento envolvendo tr\u00eas caminh\u00f5es e um \u00f4nibus, no trecho do munic\u00edpio de Itatim, interior da Bahia. O caminhoneiro Reginaldo dos Santos Pereira, natural de Brumado e conhecido por trabalhar com transporte de mudan\u00e7as, morreu no local, segundo confirmou a Pol\u00edcia Rodovi\u00e1ria Federal. Identificado, Reginaldo conduzia um dos caminh\u00f5es envolvidos na colis\u00e3o, registrada por volta das 20h40, no km 527 da rodovia. O impacto foi forte e mobilizou equipes de resgate, al\u00e9m de causar como\u00e7\u00e3o entre colegas de estrada e moradores da regi\u00e3o, acostumados ao fluxo intenso de ve\u00edculos pesados no trecho. Segundo a PRF, o acidente foi provocado por um engavetamento em sequ\u00eancia. Um passageiro que estava no caminh\u00e3o dirigido por Reginaldo tamb\u00e9m morreu, mas o nome ainda n\u00e3o havia sido divulgado at\u00e9 a \u00faltima atualiza\u00e7\u00e3o da ocorr\u00eancia. As circunst\u00e2ncias exatas da colis\u00e3o ainda ser\u00e3o analisadas pelas autoridades. Outro caminhoneiro ficou ferido e precisou ser socorrido para o Hospital Geral Cl\u00e9riston Andrade, em Feira de Santana. N\u00e3o h\u00e1 informa\u00e7\u00f5es oficiais sobre o estado de sa\u00fade da v\u00edtima. O atendimento m\u00e9dico foi feito em meio \u00e0 interdi\u00e7\u00e3o parcial da pista, que exigiu controle rigoroso do tr\u00e1fego. J\u00e1 os 46 passageiros do \u00f4nibus, que seguia viagem com destino ao estado de Santa Catarina, n\u00e3o sofreram ferimentos. Os ocupantes do terceiro caminh\u00e3o tamb\u00e9m sa\u00edram ilesos, conforme informou a PRF. Apesar disso, o susto foi grande e o tr\u00e2nsito ficou lento por v\u00e1rias horas. Ap\u00f3s a retirada dos ve\u00edculos e a conclus\u00e3o do atendimento, a BR-116 foi totalmente liberada por volta das 23h20. A Pol\u00edcia Rodovi\u00e1ria Federal informou que vai investigar as causas do acidente, que volta a acender o alerta sobre os riscos de engavetamentos em rodovias federais durante o per\u00edodo noturno.<\/p>\n","protected":false},"author":4,"featured_media":6532,"comment_status":"open","ping_status":"open","sticky":false,"template":"","format":"standard","meta":{"footnotes":""},"categories":[5,10,4],"tags":[],"class_list":["post-6530","post","type-post","status-publish","format-standard","has-post-thumbnail","hentry","category-acidente","category-brumado","category-cidades"],"yoast_head":"<!-- This site is optimized with the Yoast SEO plugin v26.5 - https:\/\/yoast.com\/wordpress\/plugins\/seo\/ -->\n<title>Trag\u00e9dia na BR-116: caminhoneiro de Brumado morre em engavetamento com \u00f4nibus em Itatim - Sudoesteacontece<\/title>\n<meta name=\"robots\" content=\"index, follow, max-snippet:-1, max-image-preview:large, max-video-preview:-1\" \/>\n<link rel=\"canonical\" href=\"https:\/\/sudoesteacontece.com.br\/?p=6530\" \/>\n<meta property=\"og:locale\" content=\"pt_BR\" \/>\n<meta property=\"og:type\" content=\"article\" \/>\n<meta property=\"og:title\" content=\"Trag\u00e9dia na BR-116: caminhoneiro de Brumado morre em engavetamento com \u00f4nibus em Itatim - Sudoesteacontece\" \/>\n<meta property=\"og:description\" content=\"Trag\u00e9dia marcou a noite de ter\u00e7a-feira (20) na BR-116, ap\u00f3s um grave engavetamento envolvendo tr\u00eas caminh\u00f5es e um \u00f4nibus, no trecho do munic\u00edpio de Itatim, interior da Bahia. O caminhoneiro Reginaldo dos Santos Pereira, natural de Brumado e conhecido por trabalhar com transporte de mudan\u00e7as, morreu no local, segundo confirmou a Pol\u00edcia Rodovi\u00e1ria Federal. Identificado, Reginaldo conduzia um dos caminh\u00f5es envolvidos na colis\u00e3o, registrada por volta das 20h40, no km 527 da rodovia. O impacto foi forte e mobilizou equipes de resgate, al\u00e9m de causar como\u00e7\u00e3o entre colegas de estrada e moradores da regi\u00e3o, acostumados ao fluxo intenso de ve\u00edculos pesados no trecho. Segundo a PRF, o acidente foi provocado por um engavetamento em sequ\u00eancia. Um passageiro que estava no caminh\u00e3o dirigido por Reginaldo tamb\u00e9m morreu, mas o nome ainda n\u00e3o havia sido divulgado at\u00e9 a \u00faltima atualiza\u00e7\u00e3o da ocorr\u00eancia. As circunst\u00e2ncias exatas da colis\u00e3o ainda ser\u00e3o analisadas pelas autoridades. Outro caminhoneiro ficou ferido e precisou ser socorrido para o Hospital Geral Cl\u00e9riston Andrade, em Feira de Santana. N\u00e3o h\u00e1 informa\u00e7\u00f5es oficiais sobre o estado de sa\u00fade da v\u00edtima. O atendimento m\u00e9dico foi feito em meio \u00e0 interdi\u00e7\u00e3o parcial da pista, que exigiu controle rigoroso do tr\u00e1fego. J\u00e1 os 46 passageiros do \u00f4nibus, que seguia viagem com destino ao estado de Santa Catarina, n\u00e3o sofreram ferimentos. Os ocupantes do terceiro caminh\u00e3o tamb\u00e9m sa\u00edram ilesos, conforme informou a PRF. Apesar disso, o susto foi grande e o tr\u00e2nsito ficou lento por v\u00e1rias horas. Ap\u00f3s a retirada dos ve\u00edculos e a conclus\u00e3o do atendimento, a BR-116 foi totalmente liberada por volta das 23h20. A Pol\u00edcia Rodovi\u00e1ria Federal informou que vai investigar as causas do acidente, que volta a acender o alerta sobre os riscos de engavetamentos em rodovias federais durante o per\u00edodo noturno.\" \/>\n<meta property=\"og:url\" content=\"https:\/\/sudoesteacontece.com.br\/?p=6530\" \/>\n<meta property=\"og:site_name\" content=\"Sudoesteacontece\" \/>\n<meta property=\"article:publisher\" content=\"https:\/\/www.facebook.com\/sudoesteacontece\/?locale=pt_BR\" \/>\n<meta property=\"article:published_time\" content=\"2026-01-21T20:22:21+00:00\" \/>\n<meta property=\"article:modified_time\" content=\"2026-01-21T20:22:27+00:00\" \/>\n<meta property=\"og:image\" content=\"https:\/\/sudoesteacontece.com.br\/wp-content\/uploads\/2026\/01\/Tragedia-na-BR-116-caminhoneiro-de-Brumado-morre-em-engavetamento-com-onibus-em-Itatim-sudoeste-acontece.jpg\" \/>\n\t<meta property=\"og:image:width\" content=\"900\" \/>\n\t<meta property=\"og:image:height\" content=\"600\" \/>\n\t<meta property=\"og:image:type\" content=\"image\/jpeg\" \/>\n<meta name=\"author\" content=\"Reda\u00e7\u00e3o\" \/>\n<meta name=\"twitter:card\" content=\"summary_large_image\" \/>\n<meta name=\"twitter:label1\" content=\"Escrito por\" \/>\n\t<meta name=\"twitter:data1\" content=\"Reda\u00e7\u00e3o\" \/>\n\t<meta name=\"twitter:label2\" content=\"Est. tempo de leitura\" \/>\n\t<meta name=\"twitter:data2\" content=\"3 minutos\" \/>\n<script type=\"application\/ld+json\" class=\"yoast-schema-graph\">{\"@context\":\"https:\/\/schema.org\",\"@graph\":[{\"@type\":\"Article\",\"@id\":\"https:\/\/sudoesteacontece.com.br\/?p=6530#article\",\"isPartOf\":{\"@id\":\"https:\/\/sudoesteacontece.com.br\/?p=6530\"},\"author\":{\"name\":\"Reda\u00e7\u00e3o\",\"@id\":\"https:\/\/sudoesteacontece.com.br\/#\/schema\/person\/a4f22429c1d0923ef8f7d43343f8dc38\"},\"headline\":\"Trag\u00e9dia na BR-116: caminhoneiro de Brumado morre em engavetamento com \u00f4nibus em Itatim\",\"datePublished\":\"2026-01-21T20:22:21+00:00\",\"dateModified\":\"2026-01-21T20:22:27+00:00\",\"mainEntityOfPage\":{\"@id\":\"https:\/\/sudoesteacontece.com.br\/?p=6530\"},\"wordCount\":345,\"commentCount\":0,\"publisher\":{\"@id\":\"https:\/\/sudoesteacontece.com.br\/#organization\"},\"image\":{\"@id\":\"https:\/\/sudoesteacontece.com.br\/?p=6530#primaryimage\"},\"thumbnailUrl\":\"https:\/\/sudoesteacontece.com.br\/wp-content\/uploads\/2026\/01\/Tragedia-na-BR-116-caminhoneiro-de-Brumado-morre-em-engavetamento-com-onibus-em-Itatim-sudoeste-acontece.jpg\",\"articleSection\":[\"Acidente\",\"Brumado\",\"Cidades\"],\"inLanguage\":\"pt-BR\",\"potentialAction\":[{\"@type\":\"CommentAction\",\"name\":\"Comment\",\"target\":[\"https:\/\/sudoesteacontece.com.br\/?p=6530#respond\"]}]},{\"@type\":\"WebPage\",\"@id\":\"https:\/\/sudoesteacontece.com.br\/?p=6530\",\"url\":\"https:\/\/sudoesteacontece.com.br\/?p=6530\",\"name\":\"Trag\u00e9dia na BR-116: caminhoneiro de Brumado morre em engavetamento com \u00f4nibus em Itatim - Sudoesteacontece\",\"isPartOf\":{\"@id\":\"https:\/\/sudoesteacontece.com.br\/#website\"},\"primaryImageOfPage\":{\"@id\":\"https:\/\/sudoesteacontece.com.br\/?p=6530#primaryimage\"},\"image\":{\"@id\":\"https:\/\/sudoesteacontece.com.br\/?p=6530#primaryimage\"},\"thumbnailUrl\":\"https:\/\/sudoesteacontece.com.br\/wp-content\/uploads\/2026\/01\/Tragedia-na-BR-116-caminhoneiro-de-Brumado-morre-em-engavetamento-com-onibus-em-Itatim-sudoeste-acontece.jpg\",\"datePublished\":\"2026-01-21T20:22:21+00:00\",\"dateModified\":\"2026-01-21T20:22:27+00:00\",\"breadcrumb\":{\"@id\":\"https:\/\/sudoesteacontece.com.br\/?p=6530#breadcrumb\"},\"inLanguage\":\"pt-BR\",\"potentialAction\":[{\"@type\":\"ReadAction\",\"target\":[\"https:\/\/sudoesteacontece.com.br\/?p=6530\"]}]},{\"@type\":\"ImageObject\",\"inLanguage\":\"pt-BR\",\"@id\":\"https:\/\/sudoesteacontece.com.br\/?p=6530#primaryimage\",\"url\":\"https:\/\/sudoesteacontece.com.br\/wp-content\/uploads\/2026\/01\/Tragedia-na-BR-116-caminhoneiro-de-Brumado-morre-em-engavetamento-com-onibus-em-Itatim-sudoeste-acontece.jpg\",\"contentUrl\":\"https:\/\/sudoesteacontece.com.br\/wp-content\/uploads\/2026\/01\/Tragedia-na-BR-116-caminhoneiro-de-Brumado-morre-em-engavetamento-com-onibus-em-Itatim-sudoeste-acontece.jpg\",\"width\":900,\"height\":600},{\"@type\":\"BreadcrumbList\",\"@id\":\"https:\/\/sudoesteacontece.com.br\/?p=6530#breadcrumb\",\"itemListElement\":[{\"@type\":\"ListItem\",\"position\":1,\"name\":\"In\u00edcio\",\"item\":\"https:\/\/sudoesteacontece.com.br\/\"},{\"@type\":\"ListItem\",\"position\":2,\"name\":\"Trag\u00e9dia na BR-116: caminhoneiro de Brumado morre em engavetamento com \u00f4nibus em Itatim\"}]},{\"@type\":\"WebSite\",\"@id\":\"https:\/\/sudoesteacontece.com.br\/#website\",\"url\":\"https:\/\/sudoesteacontece.com.br\/\",\"name\":\"Sudoesteacontece\",\"description\":\"\",\"publisher\":{\"@id\":\"https:\/\/sudoesteacontece.com.br\/#organization\"},\"potentialAction\":[{\"@type\":\"SearchAction\",\"target\":{\"@type\":\"EntryPoint\",\"urlTemplate\":\"https:\/\/sudoesteacontece.com.br\/?s={search_term_string}\"},\"query-input\":{\"@type\":\"PropertyValueSpecification\",\"valueRequired\":true,\"valueName\":\"search_term_string\"}}],\"inLanguage\":\"pt-BR\"},{\"@type\":\"Organization\",\"@id\":\"https:\/\/sudoesteacontece.com.br\/#organization\",\"name\":\"Sudoesteacontece\",\"url\":\"https:\/\/sudoesteacontece.com.br\/\",\"logo\":{\"@type\":\"ImageObject\",\"inLanguage\":\"pt-BR\",\"@id\":\"https:\/\/sudoesteacontece.com.br\/#\/schema\/logo\/image\/\",\"url\":\"https:\/\/sudoesteacontece.com.br\/wp-content\/uploads\/2025\/12\/cropped-logo-2-180x180-1.png\",\"contentUrl\":\"https:\/\/sudoesteacontece.com.br\/wp-content\/uploads\/2025\/12\/cropped-logo-2-180x180-1.png\",\"width\":180,\"height\":180,\"caption\":\"Sudoesteacontece\"},\"image\":{\"@id\":\"https:\/\/sudoesteacontece.com.br\/#\/schema\/logo\/image\/\"},\"sameAs\":[\"https:\/\/www.facebook.com\/sudoesteacontece\/?locale=pt_BR\"]},{\"@type\":\"Person\",\"@id\":\"https:\/\/sudoesteacontece.com.br\/#\/schema\/person\/a4f22429c1d0923ef8f7d43343f8dc38\",\"name\":\"Reda\u00e7\u00e3o\",\"image\":{\"@type\":\"ImageObject\",\"inLanguage\":\"pt-BR\",\"@id\":\"https:\/\/sudoesteacontece.com.br\/#\/schema\/person\/image\/\",\"url\":\"https:\/\/secure.gravatar.com\/avatar\/c3a5b3c93f268a709c25a2df414c629a96fb3b1b4bf97a94fb3f72e54ae76903?s=96&d=mm&r=g\",\"contentUrl\":\"https:\/\/secure.gravatar.com\/avatar\/c3a5b3c93f268a709c25a2df414c629a96fb3b1b4bf97a94fb3f72e54ae76903?s=96&d=mm&r=g\",\"caption\":\"Reda\u00e7\u00e3o\"},\"url\":\"https:\/\/sudoesteacontece.com.br\/?author=4\"}]}<\/script>\n<!-- \/ Yoast SEO plugin. -->","yoast_head_json":{"title":"Trag\u00e9dia na BR-116: caminhoneiro de Brumado morre em engavetamento com \u00f4nibus em Itatim - Sudoesteacontece","robots":{"index":"index","follow":"follow","max-snippet":"max-snippet:-1","max-image-preview":"max-image-preview:large","max-video-preview":"max-video-preview:-1"},"canonical":"https:\/\/sudoesteacontece.com.br\/?p=6530","og_locale":"pt_BR","og_type":"article","og_title":"Trag\u00e9dia na BR-116: caminhoneiro de Brumado morre em engavetamento com \u00f4nibus em Itatim - Sudoesteacontece","og_description":"Trag\u00e9dia marcou a noite de ter\u00e7a-feira (20) na BR-116, ap\u00f3s um grave engavetamento envolvendo tr\u00eas caminh\u00f5es e um \u00f4nibus, no trecho do munic\u00edpio de Itatim, interior da Bahia. O caminhoneiro Reginaldo dos Santos Pereira, natural de Brumado e conhecido por trabalhar com transporte de mudan\u00e7as, morreu no local, segundo confirmou a Pol\u00edcia Rodovi\u00e1ria Federal. Identificado, Reginaldo conduzia um dos caminh\u00f5es envolvidos na colis\u00e3o, registrada por volta das 20h40, no km 527 da rodovia. O impacto foi forte e mobilizou equipes de resgate, al\u00e9m de causar como\u00e7\u00e3o entre colegas de estrada e moradores da regi\u00e3o, acostumados ao fluxo intenso de ve\u00edculos pesados no trecho. Segundo a PRF, o acidente foi provocado por um engavetamento em sequ\u00eancia. Um passageiro que estava no caminh\u00e3o dirigido por Reginaldo tamb\u00e9m morreu, mas o nome ainda n\u00e3o havia sido divulgado at\u00e9 a \u00faltima atualiza\u00e7\u00e3o da ocorr\u00eancia. As circunst\u00e2ncias exatas da colis\u00e3o ainda ser\u00e3o analisadas pelas autoridades. Outro caminhoneiro ficou ferido e precisou ser socorrido para o Hospital Geral Cl\u00e9riston Andrade, em Feira de Santana. N\u00e3o h\u00e1 informa\u00e7\u00f5es oficiais sobre o estado de sa\u00fade da v\u00edtima. O atendimento m\u00e9dico foi feito em meio \u00e0 interdi\u00e7\u00e3o parcial da pista, que exigiu controle rigoroso do tr\u00e1fego. J\u00e1 os 46 passageiros do \u00f4nibus, que seguia viagem com destino ao estado de Santa Catarina, n\u00e3o sofreram ferimentos. Os ocupantes do terceiro caminh\u00e3o tamb\u00e9m sa\u00edram ilesos, conforme informou a PRF. Apesar disso, o susto foi grande e o tr\u00e2nsito ficou lento por v\u00e1rias horas. Ap\u00f3s a retirada dos ve\u00edculos e a conclus\u00e3o do atendimento, a BR-116 foi totalmente liberada por volta das 23h20. A Pol\u00edcia Rodovi\u00e1ria Federal informou que vai investigar as causas do acidente, que volta a acender o alerta sobre os riscos de engavetamentos em rodovias federais durante o per\u00edodo noturno.","og_url":"https:\/\/sudoesteacontece.com.br\/?p=6530","og_site_name":"Sudoesteacontece","article_publisher":"https:\/\/www.facebook.com\/sudoesteacontece\/?locale=pt_BR","article_published_time":"2026-01-21T20:22:21+00:00","article_modified_time":"2026-01-21T20:22:27+00:00","og_image":[{"width":900,"height":600,"url":"https:\/\/sudoesteacontece.com.br\/wp-content\/uploads\/2026\/01\/Tragedia-na-BR-116-caminhoneiro-de-Brumado-morre-em-engavetamento-com-onibus-em-Itatim-sudoeste-acontece.jpg","type":"image\/jpeg"}],"author":"Reda\u00e7\u00e3o","twitter_card":"summary_large_image","twitter_misc":{"Escrito por":"Reda\u00e7\u00e3o","Est. tempo de leitura":"3 minutos"},"schema":{"@context":"https:\/\/schema.org","@graph":[{"@type":"Article","@id":"https:\/\/sudoesteacontece.com.br\/?p=6530#article","isPartOf":{"@id":"https:\/\/sudoesteacontece.com.br\/?p=6530"},"author":{"name":"Reda\u00e7\u00e3o","@id":"https:\/\/sudoesteacontece.com.br\/#\/schema\/person\/a4f22429c1d0923ef8f7d43343f8dc38"},"headline":"Trag\u00e9dia na BR-116: caminhoneiro de Brumado morre em engavetamento com \u00f4nibus em Itatim","datePublished":"2026-01-21T20:22:21+00:00","dateModified":"2026-01-21T20:22:27+00:00","mainEntityOfPage":{"@id":"https:\/\/sudoesteacontece.com.br\/?p=6530"},"wordCount":345,"commentCount":0,"publisher":{"@id":"https:\/\/sudoesteacontece.com.br\/#organization"},"image":{"@id":"https:\/\/sudoesteacontece.com.br\/?p=6530#primaryimage"},"thumbnailUrl":"https:\/\/sudoesteacontece.com.br\/wp-content\/uploads\/2026\/01\/Tragedia-na-BR-116-caminhoneiro-de-Brumado-morre-em-engavetamento-com-onibus-em-Itatim-sudoeste-acontece.jpg","articleSection":["Acidente","Brumado","Cidades"],"inLanguage":"pt-BR","potentialAction":[{"@type":"CommentAction","name":"Comment","target":["https:\/\/sudoesteacontece.com.br\/?p=6530#respond"]}]},{"@type":"WebPage","@id":"https:\/\/sudoesteacontece.com.br\/?p=6530","url":"https:\/\/sudoesteacontece.com.br\/?p=6530","name":"Trag\u00e9dia na BR-116: caminhoneiro de Brumado morre em engavetamento com \u00f4nibus em Itatim - Sudoesteacontece","isPartOf":{"@id":"https:\/\/sudoesteacontece.com.br\/#website"},"primaryImageOfPage":{"@id":"https:\/\/sudoesteacontece.com.br\/?p=6530#primaryimage"},"image":{"@id":"https:\/\/sudoesteacontece.com.br\/?p=6530#primaryimage"},"thumbnailUrl":"https:\/\/sudoesteacontece.com.br\/wp-content\/uploads\/2026\/01\/Tragedia-na-BR-116-caminhoneiro-de-Brumado-morre-em-engavetamento-com-onibus-em-Itatim-sudoeste-acontece.jpg","datePublished":"2026-01-21T20:22:21+00:00","dateModified":"2026-01-21T20:22:27+00:00","breadcrumb":{"@id":"https:\/\/sudoesteacontece.com.br\/?p=6530#breadcrumb"},"inLanguage":"pt-BR","potentialAction":[{"@type":"ReadAction","target":["https:\/\/sudoesteacontece.com.br\/?p=6530"]}]},{"@type":"ImageObject","inLanguage":"pt-BR","@id":"https:\/\/sudoesteacontece.com.br\/?p=6530#primaryimage","url":"https:\/\/sudoesteacontece.com.br\/wp-content\/uploads\/2026\/01\/Tragedia-na-BR-116-caminhoneiro-de-Brumado-morre-em-engavetamento-com-onibus-em-Itatim-sudoeste-acontece.jpg","contentUrl":"https:\/\/sudoesteacontece.com.br\/wp-content\/uploads\/2026\/01\/Tragedia-na-BR-116-caminhoneiro-de-Brumado-morre-em-engavetamento-com-onibus-em-Itatim-sudoeste-acontece.jpg","width":900,"height":600},{"@type":"BreadcrumbList","@id":"https:\/\/sudoesteacontece.com.br\/?p=6530#breadcrumb","itemListElement":[{"@type":"ListItem","position":1,"name":"In\u00edcio","item":"https:\/\/sudoesteacontece.com.br\/"},{"@type":"ListItem","position":2,"name":"Trag\u00e9dia na BR-116: caminhoneiro de Brumado morre em engavetamento com \u00f4nibus em Itatim"}]},{"@type":"WebSite","@id":"https:\/\/sudoesteacontece.com.br\/#website","url":"https:\/\/sudoesteacontece.com.br\/","name":"Sudoesteacontece","description":"","publisher":{"@id":"https:\/\/sudoesteacontece.com.br\/#organization"},"potentialAction":[{"@type":"SearchAction","target":{"@type":"EntryPoint","urlTemplate":"https:\/\/sudoesteacontece.com.br\/?s={search_term_string}"},"query-input":{"@type":"PropertyValueSpecification","valueRequired":true,"valueName":"search_term_string"}}],"inLanguage":"pt-BR"},{"@type":"Organization","@id":"https:\/\/sudoesteacontece.com.br\/#organization","name":"Sudoesteacontece","url":"https:\/\/sudoesteacontece.com.br\/","logo":{"@type":"ImageObject","inLanguage":"pt-BR","@id":"https:\/\/sudoesteacontece.com.br\/#\/schema\/logo\/image\/","url":"https:\/\/sudoesteacontece.com.br\/wp-content\/uploads\/2025\/12\/cropped-logo-2-180x180-1.png","contentUrl":"https:\/\/sudoesteacontece.com.br\/wp-content\/uploads\/2025\/12\/cropped-logo-2-180x180-1.png","width":180,"height":180,"caption":"Sudoesteacontece"},"image":{"@id":"https:\/\/sudoesteacontece.com.br\/#\/schema\/logo\/image\/"},"sameAs":["https:\/\/www.facebook.com\/sudoesteacontece\/?locale=pt_BR"]},{"@type":"Person","@id":"https:\/\/sudoesteacontece.com.br\/#\/schema\/person\/a4f22429c1d0923ef8f7d43343f8dc38","name":"Reda\u00e7\u00e3o","image":{"@type":"ImageObject","inLanguage":"pt-BR","@id":"https:\/\/sudoesteacontece.com.br\/#\/schema\/person\/image\/","url":"https:\/\/secure.gravatar.com\/avatar\/c3a5b3c93f268a709c25a2df414c629a96fb3b1b4bf97a94fb3f72e54ae76903?s=96&d=mm&r=g","contentUrl":"https:\/\/secure.gravatar.com\/avatar\/c3a5b3c93f268a709c25a2df414c629a96fb3b1b4bf97a94fb3f72e54ae76903?s=96&d=mm&r=g","caption":"Reda\u00e7\u00e3o"},"url":"https:\/\/sudoesteacontece.com.br\/?author=4"}]}},"_links":{"self":[{"href":"https:\/\/sudoesteacontece.com.br\/index.php?rest_route=\/wp\/v2\/posts\/6530","targetHints":{"allow":["GET"]}}],"collection":[{"href":"https:\/\/sudoesteacontece.com.br\/index.php?rest_route=\/wp\/v2\/posts"}],"about":[{"href":"https:\/\/sudoesteacontece.com.br\/index.php?rest_route=\/wp\/v2\/types\/post"}],"author":[{"embeddable":true,"href":"https:\/\/sudoesteacontece.com.br\/index.php?rest_route=\/wp\/v2\/users\/4"}],"replies":[{"embeddable":true,"href":"https:\/\/sudoesteacontece.com.br\/index.php?rest_route=%2Fwp%2Fv2%2Fcomments&post=6530"}],"version-history":[{"count":0,"href":"https:\/\/sudoesteacontece.com.br\/index.php?rest_route=\/wp\/v2\/posts\/6530\/revisions"}],"wp:featuredmedia":[{"embeddable":true,"href":"https:\/\/sudoesteacontece.com.br\/index.php?rest_route=\/wp\/v2\/media\/6532"}],"wp:attachment":[{"href":"https:\/\/sudoesteacontece.com.br\/index.php?rest_route=%2Fwp%2Fv2%2Fmedia&parent=6530"}],"wp:term":[{"taxonomy":"category","embeddable":true,"href":"https:\/\/sudoesteacontece.com.br\/index.php?rest_route=%2Fwp%2Fv2%2Fcategories&post=6530"},{"taxonomy":"post_tag","embeddable":true,"href":"https:\/\/sudoesteacontece.com.br\/index.php?rest_route=%2Fwp%2Fv2%2Ftags&post=6530"}],"curies":[{"name":"wp","href":"https:\/\/api.w.org\/{rel}","templated":true}]}}