{"id":6547,"date":"2026-01-22T08:34:11","date_gmt":"2026-01-22T11:34:11","guid":{"rendered":"https:\/\/sudoesteacontece.com.br\/?p=6547"},"modified":"2026-01-22T08:34:20","modified_gmt":"2026-01-22T11:34:20","slug":"filho-do-sertao-escritor-lanca-livro-que-resgata-memorias-e-riquezas-ocultas-de-brejinho-das-ametistas","status":"publish","type":"post","link":"https:\/\/sudoesteacontece.com.br\/?p=6547","title":{"rendered":"Filho do sert\u00e3o, escritor lan\u00e7a livro que resgata mem\u00f3rias e riquezas ocultas de Brejinho das Ametistas"},"content":{"rendered":"<div class=\"wp-block-image\">\n<figure class=\"aligncenter size-full\"><img fetchpriority=\"high\" decoding=\"async\" width=\"900\" height=\"600\" src=\"http:\/\/sudoesteacontece.com.br\/wp-content\/uploads\/2026\/01\/Filho-do-sertao-escritor-lanca-livro-que-resgata-memorias-e-riquezas-ocultas-de-Brejinho-das-Ametistas-sudoeste-acontece.jpg\" alt=\"\" class=\"wp-image-6568\" srcset=\"https:\/\/sudoesteacontece.com.br\/wp-content\/uploads\/2026\/01\/Filho-do-sertao-escritor-lanca-livro-que-resgata-memorias-e-riquezas-ocultas-de-Brejinho-das-Ametistas-sudoeste-acontece.jpg 900w, https:\/\/sudoesteacontece.com.br\/wp-content\/uploads\/2026\/01\/Filho-do-sertao-escritor-lanca-livro-que-resgata-memorias-e-riquezas-ocultas-de-Brejinho-das-Ametistas-sudoeste-acontece-300x200.jpg 300w, https:\/\/sudoesteacontece.com.br\/wp-content\/uploads\/2026\/01\/Filho-do-sertao-escritor-lanca-livro-que-resgata-memorias-e-riquezas-ocultas-de-Brejinho-das-Ametistas-sudoeste-acontece-768x512.jpg 768w\" sizes=\"(max-width: 900px) 100vw, 900px\" \/><\/figure>\n<\/div>\n\n\n<p>Nascido no cora\u00e7\u00e3o do Alto Sert\u00e3o Baiano, Jorge Couto Pimentel estreia na literatura com uma obra que mistura mem\u00f3ria, pesquisa e identidade. O livro \u201cA incr\u00edvel expedi\u00e7\u00e3o a Brejinho das Amethystas\u201d ser\u00e1 lan\u00e7ado no dia 31, \u00e0s 19h, em frente \u00e0 Igreja Nossa Senhora D\u2019Ajuda, na comunidade onde o autor nasceu, no munic\u00edpio de Caetit\u00e9, reunindo moradores, autoridades e convidados.<\/p>\n\n\n\n<p>Inspirado pela frase \u201colhei da esquina da casa que nasci e vi a hist\u00f3ria do Brasil\u201d, o autor conduz o leitor por um sert\u00e3o marcado pelo garimpo de ametistas, imigra\u00e7\u00e3o e mist\u00e9rios. A narrativa conecta lembran\u00e7as pessoais, entrevistas e documentos para revelar singularidades de Brejinho das Ametistas, local moldado pela minera\u00e7\u00e3o e pela resist\u00eancia cultural de um povo pouco retratado.<\/p>\n\n\n\n<p>Ao longo do livro, Jorge reconstr\u00f3i sua rela\u00e7\u00e3o com a terra natal ao revisitar personagens, moradas e vers\u00f5es da hist\u00f3ria local. A jornalista Chiara Quint\u00e3o, que acompanhou todo o processo, destaca que o autor \u201clapida pedras brutas da mem\u00f3ria\u201d e transforma oralidade e registros em um mosaico que amplia a compreens\u00e3o sobre as origens e o Brasil profundo.<\/p>\n\n\n\n<p>Para o autor, o sert\u00e3o onde nasceu reflete muitos outros interiores do pa\u00eds marcados pelo apagamento hist\u00f3rico. Ainda assim, ele aponta a for\u00e7a cultural que resiste como pedra lapidada. Ao revisitar a pr\u00f3pria ancestralidade, Jorge prop\u00f5e uma reflex\u00e3o sobre pertencimento, identidade e a capacidade de ressignificar hist\u00f3rias a partir de onde se vem.<\/p>\n\n\n\n<p>Durante o lan\u00e7amento, o escritor pretende devolver a obra \u00e0 comunidade que a inspirou. O evento reunir\u00e1 personagens do livro, moradores locais, vereadores e o prefeito Valt\u00e9cio Aguiar, al\u00e9m de convidados de outros estados. A proposta \u00e9 transformar o encontro em celebra\u00e7\u00e3o do patrim\u00f4nio cultural sertanejo e da mem\u00f3ria coletiva de Brejinho.<\/p>\n\n\n\n<p>Formado em Medicina Veterin\u00e1ria, Jorge Couto Pimentel vive em S\u00e3o Paulo, onde atua como executivo do setor farmac\u00eautico veterin\u00e1rio e mentor em desenvolvimento humano. Filho de garimpeiro e costureira, ele nunca rompeu os la\u00e7os com o Alto Sert\u00e3o Baiano e encontrou na pesquisa hist\u00f3rica o caminho para eternizar a for\u00e7a e a identidade de sua origem.<\/p>\n","protected":false},"excerpt":{"rendered":"<p>Nascido no cora\u00e7\u00e3o do Alto Sert\u00e3o Baiano, Jorge Couto Pimentel estreia na literatura com uma obra que mistura mem\u00f3ria, pesquisa e identidade. O livro \u201cA incr\u00edvel expedi\u00e7\u00e3o a Brejinho das Amethystas\u201d ser\u00e1 lan\u00e7ado no dia 31, \u00e0s 19h, em frente \u00e0 Igreja Nossa Senhora D\u2019Ajuda, na comunidade onde o autor nasceu, no munic\u00edpio de Caetit\u00e9, reunindo moradores, autoridades e convidados. Inspirado pela frase \u201colhei da esquina da casa que nasci e vi a hist\u00f3ria do Brasil\u201d, o autor conduz o leitor por um sert\u00e3o marcado pelo garimpo de ametistas, imigra\u00e7\u00e3o e mist\u00e9rios. A narrativa conecta lembran\u00e7as pessoais, entrevistas e documentos para revelar singularidades de Brejinho das Ametistas, local moldado pela minera\u00e7\u00e3o e pela resist\u00eancia cultural de um povo pouco retratado. Ao longo do livro, Jorge reconstr\u00f3i sua rela\u00e7\u00e3o com a terra natal ao revisitar personagens, moradas e vers\u00f5es da hist\u00f3ria local. A jornalista Chiara Quint\u00e3o, que acompanhou todo o processo, destaca que o autor \u201clapida pedras brutas da mem\u00f3ria\u201d e transforma oralidade e registros em um mosaico que amplia a compreens\u00e3o sobre as origens e o Brasil profundo. Para o autor, o sert\u00e3o onde nasceu reflete muitos outros interiores do pa\u00eds marcados pelo apagamento hist\u00f3rico. Ainda assim, ele aponta a for\u00e7a cultural que resiste como pedra lapidada. Ao revisitar a pr\u00f3pria ancestralidade, Jorge prop\u00f5e uma reflex\u00e3o sobre pertencimento, identidade e a capacidade de ressignificar hist\u00f3rias a partir de onde se vem. Durante o lan\u00e7amento, o escritor pretende devolver a obra \u00e0 comunidade que a inspirou. O evento reunir\u00e1 personagens do livro, moradores locais, vereadores e o prefeito Valt\u00e9cio Aguiar, al\u00e9m de convidados de outros estados. A proposta \u00e9 transformar o encontro em celebra\u00e7\u00e3o do patrim\u00f4nio cultural sertanejo e da mem\u00f3ria coletiva de Brejinho. Formado em Medicina Veterin\u00e1ria, Jorge Couto Pimentel vive em S\u00e3o Paulo, onde atua como executivo do setor farmac\u00eautico veterin\u00e1rio e mentor em desenvolvimento humano. Filho de garimpeiro e costureira, ele nunca rompeu os la\u00e7os com o Alto Sert\u00e3o Baiano e encontrou na pesquisa hist\u00f3rica o caminho para eternizar a for\u00e7a e a identidade de sua origem.<\/p>\n","protected":false},"author":4,"featured_media":6568,"comment_status":"open","ping_status":"open","sticky":false,"template":"","format":"standard","meta":{"footnotes":""},"categories":[49,4,16],"tags":[],"class_list":["post-6547","post","type-post","status-publish","format-standard","has-post-thumbnail","hentry","category-caetite","category-cidades","category-tv-radio-e-cinema"],"yoast_head":"<!-- This site is optimized with the Yoast SEO plugin v26.5 - https:\/\/yoast.com\/wordpress\/plugins\/seo\/ -->\n<title>Filho do sert\u00e3o, escritor lan\u00e7a livro que resgata mem\u00f3rias e riquezas ocultas de Brejinho das Ametistas - Sudoesteacontece<\/title>\n<meta name=\"robots\" content=\"index, follow, max-snippet:-1, max-image-preview:large, max-video-preview:-1\" \/>\n<link rel=\"canonical\" href=\"https:\/\/sudoesteacontece.com.br\/?p=6547\" \/>\n<meta property=\"og:locale\" content=\"pt_BR\" \/>\n<meta property=\"og:type\" content=\"article\" \/>\n<meta property=\"og:title\" content=\"Filho do sert\u00e3o, escritor lan\u00e7a livro que resgata mem\u00f3rias e riquezas ocultas de Brejinho das Ametistas - Sudoesteacontece\" \/>\n<meta property=\"og:description\" content=\"Nascido no cora\u00e7\u00e3o do Alto Sert\u00e3o Baiano, Jorge Couto Pimentel estreia na literatura com uma obra que mistura mem\u00f3ria, pesquisa e identidade. O livro \u201cA incr\u00edvel expedi\u00e7\u00e3o a Brejinho das Amethystas\u201d ser\u00e1 lan\u00e7ado no dia 31, \u00e0s 19h, em frente \u00e0 Igreja Nossa Senhora D\u2019Ajuda, na comunidade onde o autor nasceu, no munic\u00edpio de Caetit\u00e9, reunindo moradores, autoridades e convidados. Inspirado pela frase \u201colhei da esquina da casa que nasci e vi a hist\u00f3ria do Brasil\u201d, o autor conduz o leitor por um sert\u00e3o marcado pelo garimpo de ametistas, imigra\u00e7\u00e3o e mist\u00e9rios. A narrativa conecta lembran\u00e7as pessoais, entrevistas e documentos para revelar singularidades de Brejinho das Ametistas, local moldado pela minera\u00e7\u00e3o e pela resist\u00eancia cultural de um povo pouco retratado. Ao longo do livro, Jorge reconstr\u00f3i sua rela\u00e7\u00e3o com a terra natal ao revisitar personagens, moradas e vers\u00f5es da hist\u00f3ria local. A jornalista Chiara Quint\u00e3o, que acompanhou todo o processo, destaca que o autor \u201clapida pedras brutas da mem\u00f3ria\u201d e transforma oralidade e registros em um mosaico que amplia a compreens\u00e3o sobre as origens e o Brasil profundo. Para o autor, o sert\u00e3o onde nasceu reflete muitos outros interiores do pa\u00eds marcados pelo apagamento hist\u00f3rico. Ainda assim, ele aponta a for\u00e7a cultural que resiste como pedra lapidada. Ao revisitar a pr\u00f3pria ancestralidade, Jorge prop\u00f5e uma reflex\u00e3o sobre pertencimento, identidade e a capacidade de ressignificar hist\u00f3rias a partir de onde se vem. Durante o lan\u00e7amento, o escritor pretende devolver a obra \u00e0 comunidade que a inspirou. O evento reunir\u00e1 personagens do livro, moradores locais, vereadores e o prefeito Valt\u00e9cio Aguiar, al\u00e9m de convidados de outros estados. A proposta \u00e9 transformar o encontro em celebra\u00e7\u00e3o do patrim\u00f4nio cultural sertanejo e da mem\u00f3ria coletiva de Brejinho. Formado em Medicina Veterin\u00e1ria, Jorge Couto Pimentel vive em S\u00e3o Paulo, onde atua como executivo do setor farmac\u00eautico veterin\u00e1rio e mentor em desenvolvimento humano. Filho de garimpeiro e costureira, ele nunca rompeu os la\u00e7os com o Alto Sert\u00e3o Baiano e encontrou na pesquisa hist\u00f3rica o caminho para eternizar a for\u00e7a e a identidade de sua origem.\" \/>\n<meta property=\"og:url\" content=\"https:\/\/sudoesteacontece.com.br\/?p=6547\" \/>\n<meta property=\"og:site_name\" content=\"Sudoesteacontece\" \/>\n<meta property=\"article:publisher\" content=\"https:\/\/www.facebook.com\/sudoesteacontece\/?locale=pt_BR\" \/>\n<meta property=\"article:published_time\" content=\"2026-01-22T11:34:11+00:00\" \/>\n<meta property=\"article:modified_time\" content=\"2026-01-22T11:34:20+00:00\" \/>\n<meta property=\"og:image\" content=\"https:\/\/sudoesteacontece.com.br\/wp-content\/uploads\/2026\/01\/Filho-do-sertao-escritor-lanca-livro-que-resgata-memorias-e-riquezas-ocultas-de-Brejinho-das-Ametistas-sudoeste-acontece.jpg\" \/>\n\t<meta property=\"og:image:width\" content=\"900\" \/>\n\t<meta property=\"og:image:height\" content=\"600\" \/>\n\t<meta property=\"og:image:type\" content=\"image\/jpeg\" \/>\n<meta name=\"author\" content=\"Reda\u00e7\u00e3o\" \/>\n<meta name=\"twitter:card\" content=\"summary_large_image\" \/>\n<meta name=\"twitter:label1\" content=\"Escrito por\" \/>\n\t<meta name=\"twitter:data1\" content=\"Reda\u00e7\u00e3o\" \/>\n\t<meta name=\"twitter:label2\" content=\"Est. tempo de leitura\" \/>\n\t<meta name=\"twitter:data2\" content=\"3 minutos\" \/>\n<script type=\"application\/ld+json\" class=\"yoast-schema-graph\">{\"@context\":\"https:\/\/schema.org\",\"@graph\":[{\"@type\":\"Article\",\"@id\":\"https:\/\/sudoesteacontece.com.br\/?p=6547#article\",\"isPartOf\":{\"@id\":\"https:\/\/sudoesteacontece.com.br\/?p=6547\"},\"author\":{\"name\":\"Reda\u00e7\u00e3o\",\"@id\":\"https:\/\/sudoesteacontece.com.br\/#\/schema\/person\/a4f22429c1d0923ef8f7d43343f8dc38\"},\"headline\":\"Filho do sert\u00e3o, escritor lan\u00e7a livro que resgata mem\u00f3rias e riquezas ocultas de Brejinho das Ametistas\",\"datePublished\":\"2026-01-22T11:34:11+00:00\",\"dateModified\":\"2026-01-22T11:34:20+00:00\",\"mainEntityOfPage\":{\"@id\":\"https:\/\/sudoesteacontece.com.br\/?p=6547\"},\"wordCount\":398,\"commentCount\":0,\"publisher\":{\"@id\":\"https:\/\/sudoesteacontece.com.br\/#organization\"},\"image\":{\"@id\":\"https:\/\/sudoesteacontece.com.br\/?p=6547#primaryimage\"},\"thumbnailUrl\":\"https:\/\/sudoesteacontece.com.br\/wp-content\/uploads\/2026\/01\/Filho-do-sertao-escritor-lanca-livro-que-resgata-memorias-e-riquezas-ocultas-de-Brejinho-das-Ametistas-sudoeste-acontece.jpg\",\"articleSection\":[\"Caetit\u00e9\",\"Cidades\",\"TV, R\u00e1dio e Cinema\"],\"inLanguage\":\"pt-BR\",\"potentialAction\":[{\"@type\":\"CommentAction\",\"name\":\"Comment\",\"target\":[\"https:\/\/sudoesteacontece.com.br\/?p=6547#respond\"]}]},{\"@type\":\"WebPage\",\"@id\":\"https:\/\/sudoesteacontece.com.br\/?p=6547\",\"url\":\"https:\/\/sudoesteacontece.com.br\/?p=6547\",\"name\":\"Filho do sert\u00e3o, escritor lan\u00e7a livro que resgata mem\u00f3rias e riquezas ocultas de Brejinho das Ametistas - Sudoesteacontece\",\"isPartOf\":{\"@id\":\"https:\/\/sudoesteacontece.com.br\/#website\"},\"primaryImageOfPage\":{\"@id\":\"https:\/\/sudoesteacontece.com.br\/?p=6547#primaryimage\"},\"image\":{\"@id\":\"https:\/\/sudoesteacontece.com.br\/?p=6547#primaryimage\"},\"thumbnailUrl\":\"https:\/\/sudoesteacontece.com.br\/wp-content\/uploads\/2026\/01\/Filho-do-sertao-escritor-lanca-livro-que-resgata-memorias-e-riquezas-ocultas-de-Brejinho-das-Ametistas-sudoeste-acontece.jpg\",\"datePublished\":\"2026-01-22T11:34:11+00:00\",\"dateModified\":\"2026-01-22T11:34:20+00:00\",\"breadcrumb\":{\"@id\":\"https:\/\/sudoesteacontece.com.br\/?p=6547#breadcrumb\"},\"inLanguage\":\"pt-BR\",\"potentialAction\":[{\"@type\":\"ReadAction\",\"target\":[\"https:\/\/sudoesteacontece.com.br\/?p=6547\"]}]},{\"@type\":\"ImageObject\",\"inLanguage\":\"pt-BR\",\"@id\":\"https:\/\/sudoesteacontece.com.br\/?p=6547#primaryimage\",\"url\":\"https:\/\/sudoesteacontece.com.br\/wp-content\/uploads\/2026\/01\/Filho-do-sertao-escritor-lanca-livro-que-resgata-memorias-e-riquezas-ocultas-de-Brejinho-das-Ametistas-sudoeste-acontece.jpg\",\"contentUrl\":\"https:\/\/sudoesteacontece.com.br\/wp-content\/uploads\/2026\/01\/Filho-do-sertao-escritor-lanca-livro-que-resgata-memorias-e-riquezas-ocultas-de-Brejinho-das-Ametistas-sudoeste-acontece.jpg\",\"width\":900,\"height\":600},{\"@type\":\"BreadcrumbList\",\"@id\":\"https:\/\/sudoesteacontece.com.br\/?p=6547#breadcrumb\",\"itemListElement\":[{\"@type\":\"ListItem\",\"position\":1,\"name\":\"In\u00edcio\",\"item\":\"https:\/\/sudoesteacontece.com.br\/\"},{\"@type\":\"ListItem\",\"position\":2,\"name\":\"Filho do sert\u00e3o, escritor lan\u00e7a livro que resgata mem\u00f3rias e riquezas ocultas de Brejinho das Ametistas\"}]},{\"@type\":\"WebSite\",\"@id\":\"https:\/\/sudoesteacontece.com.br\/#website\",\"url\":\"https:\/\/sudoesteacontece.com.br\/\",\"name\":\"Sudoesteacontece\",\"description\":\"\",\"publisher\":{\"@id\":\"https:\/\/sudoesteacontece.com.br\/#organization\"},\"potentialAction\":[{\"@type\":\"SearchAction\",\"target\":{\"@type\":\"EntryPoint\",\"urlTemplate\":\"https:\/\/sudoesteacontece.com.br\/?s={search_term_string}\"},\"query-input\":{\"@type\":\"PropertyValueSpecification\",\"valueRequired\":true,\"valueName\":\"search_term_string\"}}],\"inLanguage\":\"pt-BR\"},{\"@type\":\"Organization\",\"@id\":\"https:\/\/sudoesteacontece.com.br\/#organization\",\"name\":\"Sudoesteacontece\",\"url\":\"https:\/\/sudoesteacontece.com.br\/\",\"logo\":{\"@type\":\"ImageObject\",\"inLanguage\":\"pt-BR\",\"@id\":\"https:\/\/sudoesteacontece.com.br\/#\/schema\/logo\/image\/\",\"url\":\"https:\/\/sudoesteacontece.com.br\/wp-content\/uploads\/2025\/12\/cropped-logo-2-180x180-1.png\",\"contentUrl\":\"https:\/\/sudoesteacontece.com.br\/wp-content\/uploads\/2025\/12\/cropped-logo-2-180x180-1.png\",\"width\":180,\"height\":180,\"caption\":\"Sudoesteacontece\"},\"image\":{\"@id\":\"https:\/\/sudoesteacontece.com.br\/#\/schema\/logo\/image\/\"},\"sameAs\":[\"https:\/\/www.facebook.com\/sudoesteacontece\/?locale=pt_BR\"]},{\"@type\":\"Person\",\"@id\":\"https:\/\/sudoesteacontece.com.br\/#\/schema\/person\/a4f22429c1d0923ef8f7d43343f8dc38\",\"name\":\"Reda\u00e7\u00e3o\",\"image\":{\"@type\":\"ImageObject\",\"inLanguage\":\"pt-BR\",\"@id\":\"https:\/\/sudoesteacontece.com.br\/#\/schema\/person\/image\/\",\"url\":\"https:\/\/secure.gravatar.com\/avatar\/c3a5b3c93f268a709c25a2df414c629a96fb3b1b4bf97a94fb3f72e54ae76903?s=96&d=mm&r=g\",\"contentUrl\":\"https:\/\/secure.gravatar.com\/avatar\/c3a5b3c93f268a709c25a2df414c629a96fb3b1b4bf97a94fb3f72e54ae76903?s=96&d=mm&r=g\",\"caption\":\"Reda\u00e7\u00e3o\"},\"url\":\"https:\/\/sudoesteacontece.com.br\/?author=4\"}]}<\/script>\n<!-- \/ Yoast SEO plugin. -->","yoast_head_json":{"title":"Filho do sert\u00e3o, escritor lan\u00e7a livro que resgata mem\u00f3rias e riquezas ocultas de Brejinho das Ametistas - Sudoesteacontece","robots":{"index":"index","follow":"follow","max-snippet":"max-snippet:-1","max-image-preview":"max-image-preview:large","max-video-preview":"max-video-preview:-1"},"canonical":"https:\/\/sudoesteacontece.com.br\/?p=6547","og_locale":"pt_BR","og_type":"article","og_title":"Filho do sert\u00e3o, escritor lan\u00e7a livro que resgata mem\u00f3rias e riquezas ocultas de Brejinho das Ametistas - Sudoesteacontece","og_description":"Nascido no cora\u00e7\u00e3o do Alto Sert\u00e3o Baiano, Jorge Couto Pimentel estreia na literatura com uma obra que mistura mem\u00f3ria, pesquisa e identidade. O livro \u201cA incr\u00edvel expedi\u00e7\u00e3o a Brejinho das Amethystas\u201d ser\u00e1 lan\u00e7ado no dia 31, \u00e0s 19h, em frente \u00e0 Igreja Nossa Senhora D\u2019Ajuda, na comunidade onde o autor nasceu, no munic\u00edpio de Caetit\u00e9, reunindo moradores, autoridades e convidados. Inspirado pela frase \u201colhei da esquina da casa que nasci e vi a hist\u00f3ria do Brasil\u201d, o autor conduz o leitor por um sert\u00e3o marcado pelo garimpo de ametistas, imigra\u00e7\u00e3o e mist\u00e9rios. A narrativa conecta lembran\u00e7as pessoais, entrevistas e documentos para revelar singularidades de Brejinho das Ametistas, local moldado pela minera\u00e7\u00e3o e pela resist\u00eancia cultural de um povo pouco retratado. Ao longo do livro, Jorge reconstr\u00f3i sua rela\u00e7\u00e3o com a terra natal ao revisitar personagens, moradas e vers\u00f5es da hist\u00f3ria local. A jornalista Chiara Quint\u00e3o, que acompanhou todo o processo, destaca que o autor \u201clapida pedras brutas da mem\u00f3ria\u201d e transforma oralidade e registros em um mosaico que amplia a compreens\u00e3o sobre as origens e o Brasil profundo. Para o autor, o sert\u00e3o onde nasceu reflete muitos outros interiores do pa\u00eds marcados pelo apagamento hist\u00f3rico. Ainda assim, ele aponta a for\u00e7a cultural que resiste como pedra lapidada. Ao revisitar a pr\u00f3pria ancestralidade, Jorge prop\u00f5e uma reflex\u00e3o sobre pertencimento, identidade e a capacidade de ressignificar hist\u00f3rias a partir de onde se vem. Durante o lan\u00e7amento, o escritor pretende devolver a obra \u00e0 comunidade que a inspirou. O evento reunir\u00e1 personagens do livro, moradores locais, vereadores e o prefeito Valt\u00e9cio Aguiar, al\u00e9m de convidados de outros estados. A proposta \u00e9 transformar o encontro em celebra\u00e7\u00e3o do patrim\u00f4nio cultural sertanejo e da mem\u00f3ria coletiva de Brejinho. Formado em Medicina Veterin\u00e1ria, Jorge Couto Pimentel vive em S\u00e3o Paulo, onde atua como executivo do setor farmac\u00eautico veterin\u00e1rio e mentor em desenvolvimento humano. Filho de garimpeiro e costureira, ele nunca rompeu os la\u00e7os com o Alto Sert\u00e3o Baiano e encontrou na pesquisa hist\u00f3rica o caminho para eternizar a for\u00e7a e a identidade de sua origem.","og_url":"https:\/\/sudoesteacontece.com.br\/?p=6547","og_site_name":"Sudoesteacontece","article_publisher":"https:\/\/www.facebook.com\/sudoesteacontece\/?locale=pt_BR","article_published_time":"2026-01-22T11:34:11+00:00","article_modified_time":"2026-01-22T11:34:20+00:00","og_image":[{"width":900,"height":600,"url":"https:\/\/sudoesteacontece.com.br\/wp-content\/uploads\/2026\/01\/Filho-do-sertao-escritor-lanca-livro-que-resgata-memorias-e-riquezas-ocultas-de-Brejinho-das-Ametistas-sudoeste-acontece.jpg","type":"image\/jpeg"}],"author":"Reda\u00e7\u00e3o","twitter_card":"summary_large_image","twitter_misc":{"Escrito por":"Reda\u00e7\u00e3o","Est. tempo de leitura":"3 minutos"},"schema":{"@context":"https:\/\/schema.org","@graph":[{"@type":"Article","@id":"https:\/\/sudoesteacontece.com.br\/?p=6547#article","isPartOf":{"@id":"https:\/\/sudoesteacontece.com.br\/?p=6547"},"author":{"name":"Reda\u00e7\u00e3o","@id":"https:\/\/sudoesteacontece.com.br\/#\/schema\/person\/a4f22429c1d0923ef8f7d43343f8dc38"},"headline":"Filho do sert\u00e3o, escritor lan\u00e7a livro que resgata mem\u00f3rias e riquezas ocultas de Brejinho das Ametistas","datePublished":"2026-01-22T11:34:11+00:00","dateModified":"2026-01-22T11:34:20+00:00","mainEntityOfPage":{"@id":"https:\/\/sudoesteacontece.com.br\/?p=6547"},"wordCount":398,"commentCount":0,"publisher":{"@id":"https:\/\/sudoesteacontece.com.br\/#organization"},"image":{"@id":"https:\/\/sudoesteacontece.com.br\/?p=6547#primaryimage"},"thumbnailUrl":"https:\/\/sudoesteacontece.com.br\/wp-content\/uploads\/2026\/01\/Filho-do-sertao-escritor-lanca-livro-que-resgata-memorias-e-riquezas-ocultas-de-Brejinho-das-Ametistas-sudoeste-acontece.jpg","articleSection":["Caetit\u00e9","Cidades","TV, R\u00e1dio e Cinema"],"inLanguage":"pt-BR","potentialAction":[{"@type":"CommentAction","name":"Comment","target":["https:\/\/sudoesteacontece.com.br\/?p=6547#respond"]}]},{"@type":"WebPage","@id":"https:\/\/sudoesteacontece.com.br\/?p=6547","url":"https:\/\/sudoesteacontece.com.br\/?p=6547","name":"Filho do sert\u00e3o, escritor lan\u00e7a livro que resgata mem\u00f3rias e riquezas ocultas de Brejinho das Ametistas - Sudoesteacontece","isPartOf":{"@id":"https:\/\/sudoesteacontece.com.br\/#website"},"primaryImageOfPage":{"@id":"https:\/\/sudoesteacontece.com.br\/?p=6547#primaryimage"},"image":{"@id":"https:\/\/sudoesteacontece.com.br\/?p=6547#primaryimage"},"thumbnailUrl":"https:\/\/sudoesteacontece.com.br\/wp-content\/uploads\/2026\/01\/Filho-do-sertao-escritor-lanca-livro-que-resgata-memorias-e-riquezas-ocultas-de-Brejinho-das-Ametistas-sudoeste-acontece.jpg","datePublished":"2026-01-22T11:34:11+00:00","dateModified":"2026-01-22T11:34:20+00:00","breadcrumb":{"@id":"https:\/\/sudoesteacontece.com.br\/?p=6547#breadcrumb"},"inLanguage":"pt-BR","potentialAction":[{"@type":"ReadAction","target":["https:\/\/sudoesteacontece.com.br\/?p=6547"]}]},{"@type":"ImageObject","inLanguage":"pt-BR","@id":"https:\/\/sudoesteacontece.com.br\/?p=6547#primaryimage","url":"https:\/\/sudoesteacontece.com.br\/wp-content\/uploads\/2026\/01\/Filho-do-sertao-escritor-lanca-livro-que-resgata-memorias-e-riquezas-ocultas-de-Brejinho-das-Ametistas-sudoeste-acontece.jpg","contentUrl":"https:\/\/sudoesteacontece.com.br\/wp-content\/uploads\/2026\/01\/Filho-do-sertao-escritor-lanca-livro-que-resgata-memorias-e-riquezas-ocultas-de-Brejinho-das-Ametistas-sudoeste-acontece.jpg","width":900,"height":600},{"@type":"BreadcrumbList","@id":"https:\/\/sudoesteacontece.com.br\/?p=6547#breadcrumb","itemListElement":[{"@type":"ListItem","position":1,"name":"In\u00edcio","item":"https:\/\/sudoesteacontece.com.br\/"},{"@type":"ListItem","position":2,"name":"Filho do sert\u00e3o, escritor lan\u00e7a livro que resgata mem\u00f3rias e riquezas ocultas de Brejinho das Ametistas"}]},{"@type":"WebSite","@id":"https:\/\/sudoesteacontece.com.br\/#website","url":"https:\/\/sudoesteacontece.com.br\/","name":"Sudoesteacontece","description":"","publisher":{"@id":"https:\/\/sudoesteacontece.com.br\/#organization"},"potentialAction":[{"@type":"SearchAction","target":{"@type":"EntryPoint","urlTemplate":"https:\/\/sudoesteacontece.com.br\/?s={search_term_string}"},"query-input":{"@type":"PropertyValueSpecification","valueRequired":true,"valueName":"search_term_string"}}],"inLanguage":"pt-BR"},{"@type":"Organization","@id":"https:\/\/sudoesteacontece.com.br\/#organization","name":"Sudoesteacontece","url":"https:\/\/sudoesteacontece.com.br\/","logo":{"@type":"ImageObject","inLanguage":"pt-BR","@id":"https:\/\/sudoesteacontece.com.br\/#\/schema\/logo\/image\/","url":"https:\/\/sudoesteacontece.com.br\/wp-content\/uploads\/2025\/12\/cropped-logo-2-180x180-1.png","contentUrl":"https:\/\/sudoesteacontece.com.br\/wp-content\/uploads\/2025\/12\/cropped-logo-2-180x180-1.png","width":180,"height":180,"caption":"Sudoesteacontece"},"image":{"@id":"https:\/\/sudoesteacontece.com.br\/#\/schema\/logo\/image\/"},"sameAs":["https:\/\/www.facebook.com\/sudoesteacontece\/?locale=pt_BR"]},{"@type":"Person","@id":"https:\/\/sudoesteacontece.com.br\/#\/schema\/person\/a4f22429c1d0923ef8f7d43343f8dc38","name":"Reda\u00e7\u00e3o","image":{"@type":"ImageObject","inLanguage":"pt-BR","@id":"https:\/\/sudoesteacontece.com.br\/#\/schema\/person\/image\/","url":"https:\/\/secure.gravatar.com\/avatar\/c3a5b3c93f268a709c25a2df414c629a96fb3b1b4bf97a94fb3f72e54ae76903?s=96&d=mm&r=g","contentUrl":"https:\/\/secure.gravatar.com\/avatar\/c3a5b3c93f268a709c25a2df414c629a96fb3b1b4bf97a94fb3f72e54ae76903?s=96&d=mm&r=g","caption":"Reda\u00e7\u00e3o"},"url":"https:\/\/sudoesteacontece.com.br\/?author=4"}]}},"_links":{"self":[{"href":"https:\/\/sudoesteacontece.com.br\/index.php?rest_route=\/wp\/v2\/posts\/6547","targetHints":{"allow":["GET"]}}],"collection":[{"href":"https:\/\/sudoesteacontece.com.br\/index.php?rest_route=\/wp\/v2\/posts"}],"about":[{"href":"https:\/\/sudoesteacontece.com.br\/index.php?rest_route=\/wp\/v2\/types\/post"}],"author":[{"embeddable":true,"href":"https:\/\/sudoesteacontece.com.br\/index.php?rest_route=\/wp\/v2\/users\/4"}],"replies":[{"embeddable":true,"href":"https:\/\/sudoesteacontece.com.br\/index.php?rest_route=%2Fwp%2Fv2%2Fcomments&post=6547"}],"version-history":[{"count":0,"href":"https:\/\/sudoesteacontece.com.br\/index.php?rest_route=\/wp\/v2\/posts\/6547\/revisions"}],"wp:featuredmedia":[{"embeddable":true,"href":"https:\/\/sudoesteacontece.com.br\/index.php?rest_route=\/wp\/v2\/media\/6568"}],"wp:attachment":[{"href":"https:\/\/sudoesteacontece.com.br\/index.php?rest_route=%2Fwp%2Fv2%2Fmedia&parent=6547"}],"wp:term":[{"taxonomy":"category","embeddable":true,"href":"https:\/\/sudoesteacontece.com.br\/index.php?rest_route=%2Fwp%2Fv2%2Fcategories&post=6547"},{"taxonomy":"post_tag","embeddable":true,"href":"https:\/\/sudoesteacontece.com.br\/index.php?rest_route=%2Fwp%2Fv2%2Ftags&post=6547"}],"curies":[{"name":"wp","href":"https:\/\/api.w.org\/{rel}","templated":true}]}}