{"id":6549,"date":"2026-01-22T08:41:01","date_gmt":"2026-01-22T11:41:01","guid":{"rendered":"https:\/\/sudoesteacontece.com.br\/?p=6549"},"modified":"2026-01-22T08:41:08","modified_gmt":"2026-01-22T11:41:08","slug":"sem-lula-no-pareo-haddad-lidera-corrida-presidencial-em-2026-aponta-atlasintel","status":"publish","type":"post","link":"https:\/\/sudoesteacontece.com.br\/?p=6549","title":{"rendered":"Sem Lula no p\u00e1reo, Haddad lidera corrida presidencial em 2026, aponta AtlasIntel"},"content":{"rendered":"<div class=\"wp-block-image\">\n<figure class=\"aligncenter size-full\"><img fetchpriority=\"high\" decoding=\"async\" width=\"900\" height=\"600\" src=\"http:\/\/sudoesteacontece.com.br\/wp-content\/uploads\/2026\/01\/Sem-Lula-no-pareo-Haddad-lidera-corrida-presidencial-em-2026-aponta-AtlasIntel-sudoeste-acontece.jpg\" alt=\"\" class=\"wp-image-6573\" srcset=\"https:\/\/sudoesteacontece.com.br\/wp-content\/uploads\/2026\/01\/Sem-Lula-no-pareo-Haddad-lidera-corrida-presidencial-em-2026-aponta-AtlasIntel-sudoeste-acontece.jpg 900w, https:\/\/sudoesteacontece.com.br\/wp-content\/uploads\/2026\/01\/Sem-Lula-no-pareo-Haddad-lidera-corrida-presidencial-em-2026-aponta-AtlasIntel-sudoeste-acontece-300x200.jpg 300w, https:\/\/sudoesteacontece.com.br\/wp-content\/uploads\/2026\/01\/Sem-Lula-no-pareo-Haddad-lidera-corrida-presidencial-em-2026-aponta-AtlasIntel-sudoeste-acontece-768x512.jpg 768w\" sizes=\"(max-width: 900px) 100vw, 900px\" \/><\/figure>\n<\/div>\n\n\n<p>Pesquisa AtlasIntel\/Bloomberg divulgada nesta quarta-feira (21) mostra o ministro da Fazenda, Fernando Haddad (PT), na lideran\u00e7a das inten\u00e7\u00f5es de voto para a Presid\u00eancia da Rep\u00fablica em 2026 quando o presidente Luiz In\u00e1cio Lula da Silva (PT) fica fora do cen\u00e1rio. O levantamento indica vantagem do petista sobre nomes da direita em simula\u00e7\u00f5es de primeiro turno.<\/p>\n\n\n\n<p>Nos cen\u00e1rios testados, Haddad aparece \u00e0 frente do senador Fl\u00e1vio Bolsonaro (PL-RJ) e do governador de S\u00e3o Paulo, Tarc\u00edsio de Freitas (Republicanos), dois dos principais cotados para a disputa. Os n\u00fameros revelam um cen\u00e1rio competitivo, com fragmenta\u00e7\u00e3o do eleitorado e espa\u00e7o relevante para votos brancos e nulos.<\/p>\n\n\n\n<p>No primeiro cen\u00e1rio, Haddad soma 41,5% das inten\u00e7\u00f5es de voto, contra 35,4% de Fl\u00e1vio Bolsonaro. O governador de Goi\u00e1s, Ronaldo Caiado (Uni\u00e3o Brasil), surge em terceiro, com 5,2%. Na sequ\u00eancia, aparecem Renan Santos, do movimento Miss\u00e3o, com 3,4%, e Romeu Zema (Novo), governador de Minas Gerais, com 3,3%.<\/p>\n\n\n\n<p>Ainda nesse quadro, o governador ga\u00facho Eduardo Leite (PSD) registra 2,6%, enquanto o ex-ministro Aldo Rebelo (DC) marca 1,1%. Os votos brancos ou nulos somam 6,3%, e 1,1% dos entrevistados disseram n\u00e3o saber em quem votar, sinalizando indecis\u00e3o relevante a mais de um ano do pleito.<\/p>\n\n\n\n<p>J\u00e1 no segundo cen\u00e1rio, Haddad amplia levemente a vantagem e alcan\u00e7a 42,0% das inten\u00e7\u00f5es de voto, enquanto Tarc\u00edsio de Freitas aparece com 28,9%. Ronaldo Caiado mant\u00e9m desempenho semelhante, com 5,0%, seguido pelo governador do Paran\u00e1, Ratinho Jr. (PSD), que registra 4,9%.<\/p>\n\n\n\n<p>Nesse recorte, Renan Santos pontua 3,6%, e Aldo Rebelo fica com 0,7%. O percentual de votos brancos e nulos cresce e chega a 9,5%, enquanto 1,6% dos entrevistados n\u00e3o souberam responder, refor\u00e7ando o peso da indefini\u00e7\u00e3o no cen\u00e1rio eleitoral sem Lula.<\/p>\n\n\n\n<p>Segundo a metodologia, o levantamento ouviu 5.418 pessoas entre os dias 15 e 20 de janeiro, por meio de recrutamento digital aleat\u00f3rio. A margem de erro \u00e9 de um ponto percentual, para mais ou para menos, com n\u00edvel de confian\u00e7a de 95%. A pesquisa est\u00e1 registrada no TSE sob o protocolo BR-02804\/2026.<\/p>\n\n\n\n<p>Apesar da lideran\u00e7a nos cen\u00e1rios testados, Haddad afirmou no in\u00edcio da semana que n\u00e3o pretende disputar a Presid\u00eancia em 2026. Em entrevista, o ministro disse que seu foco \u00e9 \u201cdiscutir um projeto de pa\u00eds no cen\u00e1rio internacional\u201d, declara\u00e7\u00e3o que adiciona incerteza ao tabuleiro pol\u00edtico e mant\u00e9m o debate sucess\u00f3rio em aberto.<\/p>\n","protected":false},"excerpt":{"rendered":"<p>Pesquisa AtlasIntel\/Bloomberg divulgada nesta quarta-feira (21) mostra o ministro da Fazenda, Fernando Haddad (PT), na lideran\u00e7a das inten\u00e7\u00f5es de voto para a Presid\u00eancia da Rep\u00fablica em 2026 quando o presidente Luiz In\u00e1cio Lula da Silva (PT) fica fora do cen\u00e1rio. O levantamento indica vantagem do petista sobre nomes da direita em simula\u00e7\u00f5es de primeiro turno. Nos cen\u00e1rios testados, Haddad aparece \u00e0 frente do senador Fl\u00e1vio Bolsonaro (PL-RJ) e do governador de S\u00e3o Paulo, Tarc\u00edsio de Freitas (Republicanos), dois dos principais cotados para a disputa. Os n\u00fameros revelam um cen\u00e1rio competitivo, com fragmenta\u00e7\u00e3o do eleitorado e espa\u00e7o relevante para votos brancos e nulos. No primeiro cen\u00e1rio, Haddad soma 41,5% das inten\u00e7\u00f5es de voto, contra 35,4% de Fl\u00e1vio Bolsonaro. O governador de Goi\u00e1s, Ronaldo Caiado (Uni\u00e3o Brasil), surge em terceiro, com 5,2%. Na sequ\u00eancia, aparecem Renan Santos, do movimento Miss\u00e3o, com 3,4%, e Romeu Zema (Novo), governador de Minas Gerais, com 3,3%. Ainda nesse quadro, o governador ga\u00facho Eduardo Leite (PSD) registra 2,6%, enquanto o ex-ministro Aldo Rebelo (DC) marca 1,1%. Os votos brancos ou nulos somam 6,3%, e 1,1% dos entrevistados disseram n\u00e3o saber em quem votar, sinalizando indecis\u00e3o relevante a mais de um ano do pleito. J\u00e1 no segundo cen\u00e1rio, Haddad amplia levemente a vantagem e alcan\u00e7a 42,0% das inten\u00e7\u00f5es de voto, enquanto Tarc\u00edsio de Freitas aparece com 28,9%. Ronaldo Caiado mant\u00e9m desempenho semelhante, com 5,0%, seguido pelo governador do Paran\u00e1, Ratinho Jr. (PSD), que registra 4,9%. Nesse recorte, Renan Santos pontua 3,6%, e Aldo Rebelo fica com 0,7%. O percentual de votos brancos e nulos cresce e chega a 9,5%, enquanto 1,6% dos entrevistados n\u00e3o souberam responder, refor\u00e7ando o peso da indefini\u00e7\u00e3o no cen\u00e1rio eleitoral sem Lula. Segundo a metodologia, o levantamento ouviu 5.418 pessoas entre os dias 15 e 20 de janeiro, por meio de recrutamento digital aleat\u00f3rio. A margem de erro \u00e9 de um ponto percentual, para mais ou para menos, com n\u00edvel de confian\u00e7a de 95%. A pesquisa est\u00e1 registrada no TSE sob o protocolo BR-02804\/2026. Apesar da lideran\u00e7a nos cen\u00e1rios testados, Haddad afirmou no in\u00edcio da semana que n\u00e3o pretende disputar a Presid\u00eancia em 2026. Em entrevista, o ministro disse que seu foco \u00e9 \u201cdiscutir um projeto de pa\u00eds no cen\u00e1rio internacional\u201d, declara\u00e7\u00e3o que adiciona incerteza ao tabuleiro pol\u00edtico e mant\u00e9m o debate sucess\u00f3rio em aberto.<\/p>\n","protected":false},"author":4,"featured_media":6573,"comment_status":"open","ping_status":"open","sticky":false,"template":"","format":"standard","meta":{"footnotes":""},"categories":[53,58,6],"tags":[],"class_list":["post-6549","post","type-post","status-publish","format-standard","has-post-thumbnail","hentry","category-brasil","category-eleicoes-2026","category-politica"],"yoast_head":"<!-- This site is optimized with the Yoast SEO plugin v26.5 - https:\/\/yoast.com\/wordpress\/plugins\/seo\/ -->\n<title>Sem Lula no p\u00e1reo, Haddad lidera corrida presidencial em 2026, aponta AtlasIntel - Sudoesteacontece<\/title>\n<meta name=\"robots\" content=\"index, follow, max-snippet:-1, max-image-preview:large, max-video-preview:-1\" \/>\n<link rel=\"canonical\" href=\"https:\/\/sudoesteacontece.com.br\/?p=6549\" \/>\n<meta property=\"og:locale\" content=\"pt_BR\" \/>\n<meta property=\"og:type\" content=\"article\" \/>\n<meta property=\"og:title\" content=\"Sem Lula no p\u00e1reo, Haddad lidera corrida presidencial em 2026, aponta AtlasIntel - Sudoesteacontece\" \/>\n<meta property=\"og:description\" content=\"Pesquisa AtlasIntel\/Bloomberg divulgada nesta quarta-feira (21) mostra o ministro da Fazenda, Fernando Haddad (PT), na lideran\u00e7a das inten\u00e7\u00f5es de voto para a Presid\u00eancia da Rep\u00fablica em 2026 quando o presidente Luiz In\u00e1cio Lula da Silva (PT) fica fora do cen\u00e1rio. O levantamento indica vantagem do petista sobre nomes da direita em simula\u00e7\u00f5es de primeiro turno. Nos cen\u00e1rios testados, Haddad aparece \u00e0 frente do senador Fl\u00e1vio Bolsonaro (PL-RJ) e do governador de S\u00e3o Paulo, Tarc\u00edsio de Freitas (Republicanos), dois dos principais cotados para a disputa. Os n\u00fameros revelam um cen\u00e1rio competitivo, com fragmenta\u00e7\u00e3o do eleitorado e espa\u00e7o relevante para votos brancos e nulos. No primeiro cen\u00e1rio, Haddad soma 41,5% das inten\u00e7\u00f5es de voto, contra 35,4% de Fl\u00e1vio Bolsonaro. O governador de Goi\u00e1s, Ronaldo Caiado (Uni\u00e3o Brasil), surge em terceiro, com 5,2%. Na sequ\u00eancia, aparecem Renan Santos, do movimento Miss\u00e3o, com 3,4%, e Romeu Zema (Novo), governador de Minas Gerais, com 3,3%. Ainda nesse quadro, o governador ga\u00facho Eduardo Leite (PSD) registra 2,6%, enquanto o ex-ministro Aldo Rebelo (DC) marca 1,1%. Os votos brancos ou nulos somam 6,3%, e 1,1% dos entrevistados disseram n\u00e3o saber em quem votar, sinalizando indecis\u00e3o relevante a mais de um ano do pleito. J\u00e1 no segundo cen\u00e1rio, Haddad amplia levemente a vantagem e alcan\u00e7a 42,0% das inten\u00e7\u00f5es de voto, enquanto Tarc\u00edsio de Freitas aparece com 28,9%. Ronaldo Caiado mant\u00e9m desempenho semelhante, com 5,0%, seguido pelo governador do Paran\u00e1, Ratinho Jr. (PSD), que registra 4,9%. Nesse recorte, Renan Santos pontua 3,6%, e Aldo Rebelo fica com 0,7%. O percentual de votos brancos e nulos cresce e chega a 9,5%, enquanto 1,6% dos entrevistados n\u00e3o souberam responder, refor\u00e7ando o peso da indefini\u00e7\u00e3o no cen\u00e1rio eleitoral sem Lula. Segundo a metodologia, o levantamento ouviu 5.418 pessoas entre os dias 15 e 20 de janeiro, por meio de recrutamento digital aleat\u00f3rio. A margem de erro \u00e9 de um ponto percentual, para mais ou para menos, com n\u00edvel de confian\u00e7a de 95%. A pesquisa est\u00e1 registrada no TSE sob o protocolo BR-02804\/2026. Apesar da lideran\u00e7a nos cen\u00e1rios testados, Haddad afirmou no in\u00edcio da semana que n\u00e3o pretende disputar a Presid\u00eancia em 2026. Em entrevista, o ministro disse que seu foco \u00e9 \u201cdiscutir um projeto de pa\u00eds no cen\u00e1rio internacional\u201d, declara\u00e7\u00e3o que adiciona incerteza ao tabuleiro pol\u00edtico e mant\u00e9m o debate sucess\u00f3rio em aberto.\" \/>\n<meta property=\"og:url\" content=\"https:\/\/sudoesteacontece.com.br\/?p=6549\" \/>\n<meta property=\"og:site_name\" content=\"Sudoesteacontece\" \/>\n<meta property=\"article:publisher\" content=\"https:\/\/www.facebook.com\/sudoesteacontece\/?locale=pt_BR\" \/>\n<meta property=\"article:published_time\" content=\"2026-01-22T11:41:01+00:00\" \/>\n<meta property=\"article:modified_time\" content=\"2026-01-22T11:41:08+00:00\" \/>\n<meta property=\"og:image\" content=\"https:\/\/sudoesteacontece.com.br\/wp-content\/uploads\/2026\/01\/Sem-Lula-no-pareo-Haddad-lidera-corrida-presidencial-em-2026-aponta-AtlasIntel-sudoeste-acontece.jpg\" \/>\n\t<meta property=\"og:image:width\" content=\"900\" \/>\n\t<meta property=\"og:image:height\" content=\"600\" \/>\n\t<meta property=\"og:image:type\" content=\"image\/jpeg\" \/>\n<meta name=\"author\" content=\"Reda\u00e7\u00e3o\" \/>\n<meta name=\"twitter:card\" content=\"summary_large_image\" \/>\n<meta name=\"twitter:label1\" content=\"Escrito por\" \/>\n\t<meta name=\"twitter:data1\" content=\"Reda\u00e7\u00e3o\" \/>\n\t<meta name=\"twitter:label2\" content=\"Est. tempo de leitura\" \/>\n\t<meta name=\"twitter:data2\" content=\"3 minutos\" \/>\n<script type=\"application\/ld+json\" class=\"yoast-schema-graph\">{\"@context\":\"https:\/\/schema.org\",\"@graph\":[{\"@type\":\"Article\",\"@id\":\"https:\/\/sudoesteacontece.com.br\/?p=6549#article\",\"isPartOf\":{\"@id\":\"https:\/\/sudoesteacontece.com.br\/?p=6549\"},\"author\":{\"name\":\"Reda\u00e7\u00e3o\",\"@id\":\"https:\/\/sudoesteacontece.com.br\/#\/schema\/person\/a4f22429c1d0923ef8f7d43343f8dc38\"},\"headline\":\"Sem Lula no p\u00e1reo, Haddad lidera corrida presidencial em 2026, aponta AtlasIntel\",\"datePublished\":\"2026-01-22T11:41:01+00:00\",\"dateModified\":\"2026-01-22T11:41:08+00:00\",\"mainEntityOfPage\":{\"@id\":\"https:\/\/sudoesteacontece.com.br\/?p=6549\"},\"wordCount\":415,\"commentCount\":0,\"publisher\":{\"@id\":\"https:\/\/sudoesteacontece.com.br\/#organization\"},\"image\":{\"@id\":\"https:\/\/sudoesteacontece.com.br\/?p=6549#primaryimage\"},\"thumbnailUrl\":\"https:\/\/sudoesteacontece.com.br\/wp-content\/uploads\/2026\/01\/Sem-Lula-no-pareo-Haddad-lidera-corrida-presidencial-em-2026-aponta-AtlasIntel-sudoeste-acontece.jpg\",\"articleSection\":[\"Brasil\",\"Elei\u00e7\u00f5es 2026\",\"Pol\u00edtica\"],\"inLanguage\":\"pt-BR\",\"potentialAction\":[{\"@type\":\"CommentAction\",\"name\":\"Comment\",\"target\":[\"https:\/\/sudoesteacontece.com.br\/?p=6549#respond\"]}]},{\"@type\":\"WebPage\",\"@id\":\"https:\/\/sudoesteacontece.com.br\/?p=6549\",\"url\":\"https:\/\/sudoesteacontece.com.br\/?p=6549\",\"name\":\"Sem Lula no p\u00e1reo, Haddad lidera corrida presidencial em 2026, aponta AtlasIntel - Sudoesteacontece\",\"isPartOf\":{\"@id\":\"https:\/\/sudoesteacontece.com.br\/#website\"},\"primaryImageOfPage\":{\"@id\":\"https:\/\/sudoesteacontece.com.br\/?p=6549#primaryimage\"},\"image\":{\"@id\":\"https:\/\/sudoesteacontece.com.br\/?p=6549#primaryimage\"},\"thumbnailUrl\":\"https:\/\/sudoesteacontece.com.br\/wp-content\/uploads\/2026\/01\/Sem-Lula-no-pareo-Haddad-lidera-corrida-presidencial-em-2026-aponta-AtlasIntel-sudoeste-acontece.jpg\",\"datePublished\":\"2026-01-22T11:41:01+00:00\",\"dateModified\":\"2026-01-22T11:41:08+00:00\",\"breadcrumb\":{\"@id\":\"https:\/\/sudoesteacontece.com.br\/?p=6549#breadcrumb\"},\"inLanguage\":\"pt-BR\",\"potentialAction\":[{\"@type\":\"ReadAction\",\"target\":[\"https:\/\/sudoesteacontece.com.br\/?p=6549\"]}]},{\"@type\":\"ImageObject\",\"inLanguage\":\"pt-BR\",\"@id\":\"https:\/\/sudoesteacontece.com.br\/?p=6549#primaryimage\",\"url\":\"https:\/\/sudoesteacontece.com.br\/wp-content\/uploads\/2026\/01\/Sem-Lula-no-pareo-Haddad-lidera-corrida-presidencial-em-2026-aponta-AtlasIntel-sudoeste-acontece.jpg\",\"contentUrl\":\"https:\/\/sudoesteacontece.com.br\/wp-content\/uploads\/2026\/01\/Sem-Lula-no-pareo-Haddad-lidera-corrida-presidencial-em-2026-aponta-AtlasIntel-sudoeste-acontece.jpg\",\"width\":900,\"height\":600},{\"@type\":\"BreadcrumbList\",\"@id\":\"https:\/\/sudoesteacontece.com.br\/?p=6549#breadcrumb\",\"itemListElement\":[{\"@type\":\"ListItem\",\"position\":1,\"name\":\"In\u00edcio\",\"item\":\"https:\/\/sudoesteacontece.com.br\/\"},{\"@type\":\"ListItem\",\"position\":2,\"name\":\"Sem Lula no p\u00e1reo, Haddad lidera corrida presidencial em 2026, aponta AtlasIntel\"}]},{\"@type\":\"WebSite\",\"@id\":\"https:\/\/sudoesteacontece.com.br\/#website\",\"url\":\"https:\/\/sudoesteacontece.com.br\/\",\"name\":\"Sudoesteacontece\",\"description\":\"\",\"publisher\":{\"@id\":\"https:\/\/sudoesteacontece.com.br\/#organization\"},\"potentialAction\":[{\"@type\":\"SearchAction\",\"target\":{\"@type\":\"EntryPoint\",\"urlTemplate\":\"https:\/\/sudoesteacontece.com.br\/?s={search_term_string}\"},\"query-input\":{\"@type\":\"PropertyValueSpecification\",\"valueRequired\":true,\"valueName\":\"search_term_string\"}}],\"inLanguage\":\"pt-BR\"},{\"@type\":\"Organization\",\"@id\":\"https:\/\/sudoesteacontece.com.br\/#organization\",\"name\":\"Sudoesteacontece\",\"url\":\"https:\/\/sudoesteacontece.com.br\/\",\"logo\":{\"@type\":\"ImageObject\",\"inLanguage\":\"pt-BR\",\"@id\":\"https:\/\/sudoesteacontece.com.br\/#\/schema\/logo\/image\/\",\"url\":\"https:\/\/sudoesteacontece.com.br\/wp-content\/uploads\/2025\/12\/cropped-logo-2-180x180-1.png\",\"contentUrl\":\"https:\/\/sudoesteacontece.com.br\/wp-content\/uploads\/2025\/12\/cropped-logo-2-180x180-1.png\",\"width\":180,\"height\":180,\"caption\":\"Sudoesteacontece\"},\"image\":{\"@id\":\"https:\/\/sudoesteacontece.com.br\/#\/schema\/logo\/image\/\"},\"sameAs\":[\"https:\/\/www.facebook.com\/sudoesteacontece\/?locale=pt_BR\"]},{\"@type\":\"Person\",\"@id\":\"https:\/\/sudoesteacontece.com.br\/#\/schema\/person\/a4f22429c1d0923ef8f7d43343f8dc38\",\"name\":\"Reda\u00e7\u00e3o\",\"image\":{\"@type\":\"ImageObject\",\"inLanguage\":\"pt-BR\",\"@id\":\"https:\/\/sudoesteacontece.com.br\/#\/schema\/person\/image\/\",\"url\":\"https:\/\/secure.gravatar.com\/avatar\/c3a5b3c93f268a709c25a2df414c629a96fb3b1b4bf97a94fb3f72e54ae76903?s=96&d=mm&r=g\",\"contentUrl\":\"https:\/\/secure.gravatar.com\/avatar\/c3a5b3c93f268a709c25a2df414c629a96fb3b1b4bf97a94fb3f72e54ae76903?s=96&d=mm&r=g\",\"caption\":\"Reda\u00e7\u00e3o\"},\"url\":\"https:\/\/sudoesteacontece.com.br\/?author=4\"}]}<\/script>\n<!-- \/ Yoast SEO plugin. -->","yoast_head_json":{"title":"Sem Lula no p\u00e1reo, Haddad lidera corrida presidencial em 2026, aponta AtlasIntel - Sudoesteacontece","robots":{"index":"index","follow":"follow","max-snippet":"max-snippet:-1","max-image-preview":"max-image-preview:large","max-video-preview":"max-video-preview:-1"},"canonical":"https:\/\/sudoesteacontece.com.br\/?p=6549","og_locale":"pt_BR","og_type":"article","og_title":"Sem Lula no p\u00e1reo, Haddad lidera corrida presidencial em 2026, aponta AtlasIntel - Sudoesteacontece","og_description":"Pesquisa AtlasIntel\/Bloomberg divulgada nesta quarta-feira (21) mostra o ministro da Fazenda, Fernando Haddad (PT), na lideran\u00e7a das inten\u00e7\u00f5es de voto para a Presid\u00eancia da Rep\u00fablica em 2026 quando o presidente Luiz In\u00e1cio Lula da Silva (PT) fica fora do cen\u00e1rio. O levantamento indica vantagem do petista sobre nomes da direita em simula\u00e7\u00f5es de primeiro turno. Nos cen\u00e1rios testados, Haddad aparece \u00e0 frente do senador Fl\u00e1vio Bolsonaro (PL-RJ) e do governador de S\u00e3o Paulo, Tarc\u00edsio de Freitas (Republicanos), dois dos principais cotados para a disputa. Os n\u00fameros revelam um cen\u00e1rio competitivo, com fragmenta\u00e7\u00e3o do eleitorado e espa\u00e7o relevante para votos brancos e nulos. No primeiro cen\u00e1rio, Haddad soma 41,5% das inten\u00e7\u00f5es de voto, contra 35,4% de Fl\u00e1vio Bolsonaro. O governador de Goi\u00e1s, Ronaldo Caiado (Uni\u00e3o Brasil), surge em terceiro, com 5,2%. Na sequ\u00eancia, aparecem Renan Santos, do movimento Miss\u00e3o, com 3,4%, e Romeu Zema (Novo), governador de Minas Gerais, com 3,3%. Ainda nesse quadro, o governador ga\u00facho Eduardo Leite (PSD) registra 2,6%, enquanto o ex-ministro Aldo Rebelo (DC) marca 1,1%. Os votos brancos ou nulos somam 6,3%, e 1,1% dos entrevistados disseram n\u00e3o saber em quem votar, sinalizando indecis\u00e3o relevante a mais de um ano do pleito. J\u00e1 no segundo cen\u00e1rio, Haddad amplia levemente a vantagem e alcan\u00e7a 42,0% das inten\u00e7\u00f5es de voto, enquanto Tarc\u00edsio de Freitas aparece com 28,9%. Ronaldo Caiado mant\u00e9m desempenho semelhante, com 5,0%, seguido pelo governador do Paran\u00e1, Ratinho Jr. (PSD), que registra 4,9%. Nesse recorte, Renan Santos pontua 3,6%, e Aldo Rebelo fica com 0,7%. O percentual de votos brancos e nulos cresce e chega a 9,5%, enquanto 1,6% dos entrevistados n\u00e3o souberam responder, refor\u00e7ando o peso da indefini\u00e7\u00e3o no cen\u00e1rio eleitoral sem Lula. Segundo a metodologia, o levantamento ouviu 5.418 pessoas entre os dias 15 e 20 de janeiro, por meio de recrutamento digital aleat\u00f3rio. A margem de erro \u00e9 de um ponto percentual, para mais ou para menos, com n\u00edvel de confian\u00e7a de 95%. A pesquisa est\u00e1 registrada no TSE sob o protocolo BR-02804\/2026. Apesar da lideran\u00e7a nos cen\u00e1rios testados, Haddad afirmou no in\u00edcio da semana que n\u00e3o pretende disputar a Presid\u00eancia em 2026. Em entrevista, o ministro disse que seu foco \u00e9 \u201cdiscutir um projeto de pa\u00eds no cen\u00e1rio internacional\u201d, declara\u00e7\u00e3o que adiciona incerteza ao tabuleiro pol\u00edtico e mant\u00e9m o debate sucess\u00f3rio em aberto.","og_url":"https:\/\/sudoesteacontece.com.br\/?p=6549","og_site_name":"Sudoesteacontece","article_publisher":"https:\/\/www.facebook.com\/sudoesteacontece\/?locale=pt_BR","article_published_time":"2026-01-22T11:41:01+00:00","article_modified_time":"2026-01-22T11:41:08+00:00","og_image":[{"width":900,"height":600,"url":"https:\/\/sudoesteacontece.com.br\/wp-content\/uploads\/2026\/01\/Sem-Lula-no-pareo-Haddad-lidera-corrida-presidencial-em-2026-aponta-AtlasIntel-sudoeste-acontece.jpg","type":"image\/jpeg"}],"author":"Reda\u00e7\u00e3o","twitter_card":"summary_large_image","twitter_misc":{"Escrito por":"Reda\u00e7\u00e3o","Est. tempo de leitura":"3 minutos"},"schema":{"@context":"https:\/\/schema.org","@graph":[{"@type":"Article","@id":"https:\/\/sudoesteacontece.com.br\/?p=6549#article","isPartOf":{"@id":"https:\/\/sudoesteacontece.com.br\/?p=6549"},"author":{"name":"Reda\u00e7\u00e3o","@id":"https:\/\/sudoesteacontece.com.br\/#\/schema\/person\/a4f22429c1d0923ef8f7d43343f8dc38"},"headline":"Sem Lula no p\u00e1reo, Haddad lidera corrida presidencial em 2026, aponta AtlasIntel","datePublished":"2026-01-22T11:41:01+00:00","dateModified":"2026-01-22T11:41:08+00:00","mainEntityOfPage":{"@id":"https:\/\/sudoesteacontece.com.br\/?p=6549"},"wordCount":415,"commentCount":0,"publisher":{"@id":"https:\/\/sudoesteacontece.com.br\/#organization"},"image":{"@id":"https:\/\/sudoesteacontece.com.br\/?p=6549#primaryimage"},"thumbnailUrl":"https:\/\/sudoesteacontece.com.br\/wp-content\/uploads\/2026\/01\/Sem-Lula-no-pareo-Haddad-lidera-corrida-presidencial-em-2026-aponta-AtlasIntel-sudoeste-acontece.jpg","articleSection":["Brasil","Elei\u00e7\u00f5es 2026","Pol\u00edtica"],"inLanguage":"pt-BR","potentialAction":[{"@type":"CommentAction","name":"Comment","target":["https:\/\/sudoesteacontece.com.br\/?p=6549#respond"]}]},{"@type":"WebPage","@id":"https:\/\/sudoesteacontece.com.br\/?p=6549","url":"https:\/\/sudoesteacontece.com.br\/?p=6549","name":"Sem Lula no p\u00e1reo, Haddad lidera corrida presidencial em 2026, aponta AtlasIntel - Sudoesteacontece","isPartOf":{"@id":"https:\/\/sudoesteacontece.com.br\/#website"},"primaryImageOfPage":{"@id":"https:\/\/sudoesteacontece.com.br\/?p=6549#primaryimage"},"image":{"@id":"https:\/\/sudoesteacontece.com.br\/?p=6549#primaryimage"},"thumbnailUrl":"https:\/\/sudoesteacontece.com.br\/wp-content\/uploads\/2026\/01\/Sem-Lula-no-pareo-Haddad-lidera-corrida-presidencial-em-2026-aponta-AtlasIntel-sudoeste-acontece.jpg","datePublished":"2026-01-22T11:41:01+00:00","dateModified":"2026-01-22T11:41:08+00:00","breadcrumb":{"@id":"https:\/\/sudoesteacontece.com.br\/?p=6549#breadcrumb"},"inLanguage":"pt-BR","potentialAction":[{"@type":"ReadAction","target":["https:\/\/sudoesteacontece.com.br\/?p=6549"]}]},{"@type":"ImageObject","inLanguage":"pt-BR","@id":"https:\/\/sudoesteacontece.com.br\/?p=6549#primaryimage","url":"https:\/\/sudoesteacontece.com.br\/wp-content\/uploads\/2026\/01\/Sem-Lula-no-pareo-Haddad-lidera-corrida-presidencial-em-2026-aponta-AtlasIntel-sudoeste-acontece.jpg","contentUrl":"https:\/\/sudoesteacontece.com.br\/wp-content\/uploads\/2026\/01\/Sem-Lula-no-pareo-Haddad-lidera-corrida-presidencial-em-2026-aponta-AtlasIntel-sudoeste-acontece.jpg","width":900,"height":600},{"@type":"BreadcrumbList","@id":"https:\/\/sudoesteacontece.com.br\/?p=6549#breadcrumb","itemListElement":[{"@type":"ListItem","position":1,"name":"In\u00edcio","item":"https:\/\/sudoesteacontece.com.br\/"},{"@type":"ListItem","position":2,"name":"Sem Lula no p\u00e1reo, Haddad lidera corrida presidencial em 2026, aponta AtlasIntel"}]},{"@type":"WebSite","@id":"https:\/\/sudoesteacontece.com.br\/#website","url":"https:\/\/sudoesteacontece.com.br\/","name":"Sudoesteacontece","description":"","publisher":{"@id":"https:\/\/sudoesteacontece.com.br\/#organization"},"potentialAction":[{"@type":"SearchAction","target":{"@type":"EntryPoint","urlTemplate":"https:\/\/sudoesteacontece.com.br\/?s={search_term_string}"},"query-input":{"@type":"PropertyValueSpecification","valueRequired":true,"valueName":"search_term_string"}}],"inLanguage":"pt-BR"},{"@type":"Organization","@id":"https:\/\/sudoesteacontece.com.br\/#organization","name":"Sudoesteacontece","url":"https:\/\/sudoesteacontece.com.br\/","logo":{"@type":"ImageObject","inLanguage":"pt-BR","@id":"https:\/\/sudoesteacontece.com.br\/#\/schema\/logo\/image\/","url":"https:\/\/sudoesteacontece.com.br\/wp-content\/uploads\/2025\/12\/cropped-logo-2-180x180-1.png","contentUrl":"https:\/\/sudoesteacontece.com.br\/wp-content\/uploads\/2025\/12\/cropped-logo-2-180x180-1.png","width":180,"height":180,"caption":"Sudoesteacontece"},"image":{"@id":"https:\/\/sudoesteacontece.com.br\/#\/schema\/logo\/image\/"},"sameAs":["https:\/\/www.facebook.com\/sudoesteacontece\/?locale=pt_BR"]},{"@type":"Person","@id":"https:\/\/sudoesteacontece.com.br\/#\/schema\/person\/a4f22429c1d0923ef8f7d43343f8dc38","name":"Reda\u00e7\u00e3o","image":{"@type":"ImageObject","inLanguage":"pt-BR","@id":"https:\/\/sudoesteacontece.com.br\/#\/schema\/person\/image\/","url":"https:\/\/secure.gravatar.com\/avatar\/c3a5b3c93f268a709c25a2df414c629a96fb3b1b4bf97a94fb3f72e54ae76903?s=96&d=mm&r=g","contentUrl":"https:\/\/secure.gravatar.com\/avatar\/c3a5b3c93f268a709c25a2df414c629a96fb3b1b4bf97a94fb3f72e54ae76903?s=96&d=mm&r=g","caption":"Reda\u00e7\u00e3o"},"url":"https:\/\/sudoesteacontece.com.br\/?author=4"}]}},"_links":{"self":[{"href":"https:\/\/sudoesteacontece.com.br\/index.php?rest_route=\/wp\/v2\/posts\/6549","targetHints":{"allow":["GET"]}}],"collection":[{"href":"https:\/\/sudoesteacontece.com.br\/index.php?rest_route=\/wp\/v2\/posts"}],"about":[{"href":"https:\/\/sudoesteacontece.com.br\/index.php?rest_route=\/wp\/v2\/types\/post"}],"author":[{"embeddable":true,"href":"https:\/\/sudoesteacontece.com.br\/index.php?rest_route=\/wp\/v2\/users\/4"}],"replies":[{"embeddable":true,"href":"https:\/\/sudoesteacontece.com.br\/index.php?rest_route=%2Fwp%2Fv2%2Fcomments&post=6549"}],"version-history":[{"count":0,"href":"https:\/\/sudoesteacontece.com.br\/index.php?rest_route=\/wp\/v2\/posts\/6549\/revisions"}],"wp:featuredmedia":[{"embeddable":true,"href":"https:\/\/sudoesteacontece.com.br\/index.php?rest_route=\/wp\/v2\/media\/6573"}],"wp:attachment":[{"href":"https:\/\/sudoesteacontece.com.br\/index.php?rest_route=%2Fwp%2Fv2%2Fmedia&parent=6549"}],"wp:term":[{"taxonomy":"category","embeddable":true,"href":"https:\/\/sudoesteacontece.com.br\/index.php?rest_route=%2Fwp%2Fv2%2Fcategories&post=6549"},{"taxonomy":"post_tag","embeddable":true,"href":"https:\/\/sudoesteacontece.com.br\/index.php?rest_route=%2Fwp%2Fv2%2Ftags&post=6549"}],"curies":[{"name":"wp","href":"https:\/\/api.w.org\/{rel}","templated":true}]}}