{"id":6551,"date":"2026-01-22T08:42:11","date_gmt":"2026-01-22T11:42:11","guid":{"rendered":"https:\/\/sudoesteacontece.com.br\/?p=6551"},"modified":"2026-01-22T08:42:23","modified_gmt":"2026-01-22T11:42:23","slug":"pf-identifica-passageiro-de-cacule-que-causou-bafafa-em-voo-da-gol-para-vitoria-da-conquista","status":"publish","type":"post","link":"https:\/\/sudoesteacontece.com.br\/?p=6551","title":{"rendered":"PF identifica passageiro de Cacul\u00e9 que causou \u2018bafaf\u00e1\u2019 em voo da Gol para Vit\u00f3ria da Conquista"},"content":{"rendered":"<div class=\"wp-block-image\">\n<figure class=\"aligncenter size-full\"><img fetchpriority=\"high\" decoding=\"async\" width=\"900\" height=\"600\" src=\"http:\/\/sudoesteacontece.com.br\/wp-content\/uploads\/2026\/01\/Voo-para-Vitoria-da-Conquista-e-esvaziado-apos-passageiro-danificar-saida-de-emergencia-em-aviao-da-Gol-sudoeste-acontece.jpg\" alt=\"\" class=\"wp-image-6536\" srcset=\"https:\/\/sudoesteacontece.com.br\/wp-content\/uploads\/2026\/01\/Voo-para-Vitoria-da-Conquista-e-esvaziado-apos-passageiro-danificar-saida-de-emergencia-em-aviao-da-Gol-sudoeste-acontece.jpg 900w, https:\/\/sudoesteacontece.com.br\/wp-content\/uploads\/2026\/01\/Voo-para-Vitoria-da-Conquista-e-esvaziado-apos-passageiro-danificar-saida-de-emergencia-em-aviao-da-Gol-sudoeste-acontece-300x200.jpg 300w, https:\/\/sudoesteacontece.com.br\/wp-content\/uploads\/2026\/01\/Voo-para-Vitoria-da-Conquista-e-esvaziado-apos-passageiro-danificar-saida-de-emergencia-em-aviao-da-Gol-sudoeste-acontece-768x512.jpg 768w\" sizes=\"(max-width: 900px) 100vw, 900px\" \/><\/figure>\n<\/div>\n\n\n<p>Respons\u00e1vel pela confus\u00e3o que interrompeu a decolagem de um voo da Gol para Vit\u00f3ria da Conquista, um passageiro natural de Cacul\u00e9, no sudoeste da Bahia, foi retirado da aeronave pela Pol\u00edcia Federal. O caso ocorreu na noite de segunda-feira, no Aeroporto Internacional de Guarulhos, em S\u00e3o Paulo, e provocou atraso superior a duas horas.<\/p>\n\n\n\n<p>Conforme apurado, o homem ocupava uma poltrona pr\u00f3xima a uma das sa\u00eddas de emerg\u00eancia. Durante o embarque, ele teria manipulado indevidamente o mecanismo de seguran\u00e7a, causando a viola\u00e7\u00e3o de uma das janelas do avi\u00e3o. A atitude gerou tens\u00e3o a bordo e levou a tripula\u00e7\u00e3o a acionar imediatamente o comandante.<\/p>\n\n\n\n<p>Diante do risco \u00e0 seguran\u00e7a, o comandante determinou o desembarque de todos os passageiros, seguindo os protocolos da avia\u00e7\u00e3o. A situa\u00e7\u00e3o chamou a aten\u00e7\u00e3o no terminal e mobilizou agentes da Pol\u00edcia Federal, que conduziram o passageiro para fora da aeronave ainda no p\u00e1tio.<\/p>\n\n\n\n<p>Testemunhas relataram que o homem apresentava sinais vis\u00edveis de embriaguez no momento do ocorrido. A identidade dele n\u00e3o foi oficialmente divulgada pelas autoridades, nem houve confirma\u00e7\u00e3o sobre autua\u00e7\u00e3o ou encaminhamento posterior, segundo informa\u00e7\u00f5es repassadas \u00e0 imprensa.<\/p>\n\n\n\n<p>Ap\u00f3s a retirada do passageiro e a substitui\u00e7\u00e3o da aeronave, o voo foi retomado. A chegada a Vit\u00f3ria da Conquista ocorreu por volta das 2h, com atraso significativo em rela\u00e7\u00e3o ao hor\u00e1rio previsto, afetando passageiros que seguiam para compromissos na regi\u00e3o sudoeste da Bahia.<\/p>\n","protected":false},"excerpt":{"rendered":"<p>Respons\u00e1vel pela confus\u00e3o que interrompeu a decolagem de um voo da Gol para Vit\u00f3ria da Conquista, um passageiro natural de Cacul\u00e9, no sudoeste da Bahia, foi retirado da aeronave pela Pol\u00edcia Federal. O caso ocorreu na noite de segunda-feira, no Aeroporto Internacional de Guarulhos, em S\u00e3o Paulo, e provocou atraso superior a duas horas. Conforme apurado, o homem ocupava uma poltrona pr\u00f3xima a uma das sa\u00eddas de emerg\u00eancia. Durante o embarque, ele teria manipulado indevidamente o mecanismo de seguran\u00e7a, causando a viola\u00e7\u00e3o de uma das janelas do avi\u00e3o. A atitude gerou tens\u00e3o a bordo e levou a tripula\u00e7\u00e3o a acionar imediatamente o comandante. Diante do risco \u00e0 seguran\u00e7a, o comandante determinou o desembarque de todos os passageiros, seguindo os protocolos da avia\u00e7\u00e3o. A situa\u00e7\u00e3o chamou a aten\u00e7\u00e3o no terminal e mobilizou agentes da Pol\u00edcia Federal, que conduziram o passageiro para fora da aeronave ainda no p\u00e1tio. Testemunhas relataram que o homem apresentava sinais vis\u00edveis de embriaguez no momento do ocorrido. A identidade dele n\u00e3o foi oficialmente divulgada pelas autoridades, nem houve confirma\u00e7\u00e3o sobre autua\u00e7\u00e3o ou encaminhamento posterior, segundo informa\u00e7\u00f5es repassadas \u00e0 imprensa. Ap\u00f3s a retirada do passageiro e a substitui\u00e7\u00e3o da aeronave, o voo foi retomado. A chegada a Vit\u00f3ria da Conquista ocorreu por volta das 2h, com atraso significativo em rela\u00e7\u00e3o ao hor\u00e1rio previsto, afetando passageiros que seguiam para compromissos na regi\u00e3o sudoeste da Bahia.<\/p>\n","protected":false},"author":4,"featured_media":6536,"comment_status":"open","ping_status":"open","sticky":false,"template":"","format":"standard","meta":{"footnotes":""},"categories":[3,8],"tags":[],"class_list":["post-6551","post","type-post","status-publish","format-standard","has-post-thumbnail","hentry","category-policia","category-vitoria-da-conquista"],"yoast_head":"<!-- This site is optimized with the Yoast SEO plugin v26.5 - https:\/\/yoast.com\/wordpress\/plugins\/seo\/ -->\n<title>PF identifica passageiro de Cacul\u00e9 que causou \u2018bafaf\u00e1\u2019 em voo da Gol para Vit\u00f3ria da Conquista - Sudoesteacontece<\/title>\n<meta name=\"robots\" content=\"index, follow, max-snippet:-1, max-image-preview:large, max-video-preview:-1\" \/>\n<link rel=\"canonical\" href=\"http:\/\/sudoesteacontece.com.br\/?p=6551\" \/>\n<meta property=\"og:locale\" content=\"pt_BR\" \/>\n<meta property=\"og:type\" content=\"article\" \/>\n<meta property=\"og:title\" content=\"PF identifica passageiro de Cacul\u00e9 que causou \u2018bafaf\u00e1\u2019 em voo da Gol para Vit\u00f3ria da Conquista - Sudoesteacontece\" \/>\n<meta property=\"og:description\" content=\"Respons\u00e1vel pela confus\u00e3o que interrompeu a decolagem de um voo da Gol para Vit\u00f3ria da Conquista, um passageiro natural de Cacul\u00e9, no sudoeste da Bahia, foi retirado da aeronave pela Pol\u00edcia Federal. O caso ocorreu na noite de segunda-feira, no Aeroporto Internacional de Guarulhos, em S\u00e3o Paulo, e provocou atraso superior a duas horas. Conforme apurado, o homem ocupava uma poltrona pr\u00f3xima a uma das sa\u00eddas de emerg\u00eancia. Durante o embarque, ele teria manipulado indevidamente o mecanismo de seguran\u00e7a, causando a viola\u00e7\u00e3o de uma das janelas do avi\u00e3o. A atitude gerou tens\u00e3o a bordo e levou a tripula\u00e7\u00e3o a acionar imediatamente o comandante. Diante do risco \u00e0 seguran\u00e7a, o comandante determinou o desembarque de todos os passageiros, seguindo os protocolos da avia\u00e7\u00e3o. A situa\u00e7\u00e3o chamou a aten\u00e7\u00e3o no terminal e mobilizou agentes da Pol\u00edcia Federal, que conduziram o passageiro para fora da aeronave ainda no p\u00e1tio. Testemunhas relataram que o homem apresentava sinais vis\u00edveis de embriaguez no momento do ocorrido. A identidade dele n\u00e3o foi oficialmente divulgada pelas autoridades, nem houve confirma\u00e7\u00e3o sobre autua\u00e7\u00e3o ou encaminhamento posterior, segundo informa\u00e7\u00f5es repassadas \u00e0 imprensa. Ap\u00f3s a retirada do passageiro e a substitui\u00e7\u00e3o da aeronave, o voo foi retomado. A chegada a Vit\u00f3ria da Conquista ocorreu por volta das 2h, com atraso significativo em rela\u00e7\u00e3o ao hor\u00e1rio previsto, afetando passageiros que seguiam para compromissos na regi\u00e3o sudoeste da Bahia.\" \/>\n<meta property=\"og:url\" content=\"http:\/\/sudoesteacontece.com.br\/?p=6551\" \/>\n<meta property=\"og:site_name\" content=\"Sudoesteacontece\" \/>\n<meta property=\"article:publisher\" content=\"https:\/\/www.facebook.com\/sudoesteacontece\/?locale=pt_BR\" \/>\n<meta property=\"article:published_time\" content=\"2026-01-22T11:42:11+00:00\" \/>\n<meta property=\"article:modified_time\" content=\"2026-01-22T11:42:23+00:00\" \/>\n<meta property=\"og:image\" content=\"http:\/\/sudoesteacontece.com.br\/wp-content\/uploads\/2026\/01\/Voo-para-Vitoria-da-Conquista-e-esvaziado-apos-passageiro-danificar-saida-de-emergencia-em-aviao-da-Gol-sudoeste-acontece.jpg\" \/>\n\t<meta property=\"og:image:width\" content=\"900\" \/>\n\t<meta property=\"og:image:height\" content=\"600\" \/>\n\t<meta property=\"og:image:type\" content=\"image\/jpeg\" \/>\n<meta name=\"author\" content=\"Reda\u00e7\u00e3o\" \/>\n<meta name=\"twitter:card\" content=\"summary_large_image\" \/>\n<meta name=\"twitter:label1\" content=\"Escrito por\" \/>\n\t<meta name=\"twitter:data1\" content=\"Reda\u00e7\u00e3o\" \/>\n\t<meta name=\"twitter:label2\" content=\"Est. tempo de leitura\" \/>\n\t<meta name=\"twitter:data2\" content=\"2 minutos\" \/>\n<script type=\"application\/ld+json\" class=\"yoast-schema-graph\">{\"@context\":\"https:\/\/schema.org\",\"@graph\":[{\"@type\":\"Article\",\"@id\":\"http:\/\/sudoesteacontece.com.br\/?p=6551#article\",\"isPartOf\":{\"@id\":\"http:\/\/sudoesteacontece.com.br\/?p=6551\"},\"author\":{\"name\":\"Reda\u00e7\u00e3o\",\"@id\":\"https:\/\/sudoesteacontece.com.br\/#\/schema\/person\/a4f22429c1d0923ef8f7d43343f8dc38\"},\"headline\":\"PF identifica passageiro de Cacul\u00e9 que causou \u2018bafaf\u00e1\u2019 em voo da Gol para Vit\u00f3ria da Conquista\",\"datePublished\":\"2026-01-22T11:42:11+00:00\",\"dateModified\":\"2026-01-22T11:42:23+00:00\",\"mainEntityOfPage\":{\"@id\":\"http:\/\/sudoesteacontece.com.br\/?p=6551\"},\"wordCount\":271,\"commentCount\":0,\"publisher\":{\"@id\":\"https:\/\/sudoesteacontece.com.br\/#organization\"},\"image\":{\"@id\":\"http:\/\/sudoesteacontece.com.br\/?p=6551#primaryimage\"},\"thumbnailUrl\":\"https:\/\/sudoesteacontece.com.br\/wp-content\/uploads\/2026\/01\/Voo-para-Vitoria-da-Conquista-e-esvaziado-apos-passageiro-danificar-saida-de-emergencia-em-aviao-da-Gol-sudoeste-acontece.jpg\",\"articleSection\":[\"Pol\u00edcia\",\"Vit\u00f3ria da Conquista\"],\"inLanguage\":\"pt-BR\",\"potentialAction\":[{\"@type\":\"CommentAction\",\"name\":\"Comment\",\"target\":[\"http:\/\/sudoesteacontece.com.br\/?p=6551#respond\"]}]},{\"@type\":\"WebPage\",\"@id\":\"http:\/\/sudoesteacontece.com.br\/?p=6551\",\"url\":\"http:\/\/sudoesteacontece.com.br\/?p=6551\",\"name\":\"PF identifica passageiro de Cacul\u00e9 que causou \u2018bafaf\u00e1\u2019 em voo da Gol para Vit\u00f3ria da Conquista - Sudoesteacontece\",\"isPartOf\":{\"@id\":\"https:\/\/sudoesteacontece.com.br\/#website\"},\"primaryImageOfPage\":{\"@id\":\"http:\/\/sudoesteacontece.com.br\/?p=6551#primaryimage\"},\"image\":{\"@id\":\"http:\/\/sudoesteacontece.com.br\/?p=6551#primaryimage\"},\"thumbnailUrl\":\"https:\/\/sudoesteacontece.com.br\/wp-content\/uploads\/2026\/01\/Voo-para-Vitoria-da-Conquista-e-esvaziado-apos-passageiro-danificar-saida-de-emergencia-em-aviao-da-Gol-sudoeste-acontece.jpg\",\"datePublished\":\"2026-01-22T11:42:11+00:00\",\"dateModified\":\"2026-01-22T11:42:23+00:00\",\"breadcrumb\":{\"@id\":\"http:\/\/sudoesteacontece.com.br\/?p=6551#breadcrumb\"},\"inLanguage\":\"pt-BR\",\"potentialAction\":[{\"@type\":\"ReadAction\",\"target\":[\"http:\/\/sudoesteacontece.com.br\/?p=6551\"]}]},{\"@type\":\"ImageObject\",\"inLanguage\":\"pt-BR\",\"@id\":\"http:\/\/sudoesteacontece.com.br\/?p=6551#primaryimage\",\"url\":\"https:\/\/sudoesteacontece.com.br\/wp-content\/uploads\/2026\/01\/Voo-para-Vitoria-da-Conquista-e-esvaziado-apos-passageiro-danificar-saida-de-emergencia-em-aviao-da-Gol-sudoeste-acontece.jpg\",\"contentUrl\":\"https:\/\/sudoesteacontece.com.br\/wp-content\/uploads\/2026\/01\/Voo-para-Vitoria-da-Conquista-e-esvaziado-apos-passageiro-danificar-saida-de-emergencia-em-aviao-da-Gol-sudoeste-acontece.jpg\",\"width\":900,\"height\":600},{\"@type\":\"BreadcrumbList\",\"@id\":\"http:\/\/sudoesteacontece.com.br\/?p=6551#breadcrumb\",\"itemListElement\":[{\"@type\":\"ListItem\",\"position\":1,\"name\":\"In\u00edcio\",\"item\":\"https:\/\/sudoesteacontece.com.br\/\"},{\"@type\":\"ListItem\",\"position\":2,\"name\":\"PF identifica passageiro de Cacul\u00e9 que causou \u2018bafaf\u00e1\u2019 em voo da Gol para Vit\u00f3ria da Conquista\"}]},{\"@type\":\"WebSite\",\"@id\":\"https:\/\/sudoesteacontece.com.br\/#website\",\"url\":\"https:\/\/sudoesteacontece.com.br\/\",\"name\":\"Sudoesteacontece\",\"description\":\"\",\"publisher\":{\"@id\":\"https:\/\/sudoesteacontece.com.br\/#organization\"},\"potentialAction\":[{\"@type\":\"SearchAction\",\"target\":{\"@type\":\"EntryPoint\",\"urlTemplate\":\"https:\/\/sudoesteacontece.com.br\/?s={search_term_string}\"},\"query-input\":{\"@type\":\"PropertyValueSpecification\",\"valueRequired\":true,\"valueName\":\"search_term_string\"}}],\"inLanguage\":\"pt-BR\"},{\"@type\":\"Organization\",\"@id\":\"https:\/\/sudoesteacontece.com.br\/#organization\",\"name\":\"Sudoesteacontece\",\"url\":\"https:\/\/sudoesteacontece.com.br\/\",\"logo\":{\"@type\":\"ImageObject\",\"inLanguage\":\"pt-BR\",\"@id\":\"https:\/\/sudoesteacontece.com.br\/#\/schema\/logo\/image\/\",\"url\":\"https:\/\/sudoesteacontece.com.br\/wp-content\/uploads\/2025\/12\/cropped-logo-2-180x180-1.png\",\"contentUrl\":\"https:\/\/sudoesteacontece.com.br\/wp-content\/uploads\/2025\/12\/cropped-logo-2-180x180-1.png\",\"width\":180,\"height\":180,\"caption\":\"Sudoesteacontece\"},\"image\":{\"@id\":\"https:\/\/sudoesteacontece.com.br\/#\/schema\/logo\/image\/\"},\"sameAs\":[\"https:\/\/www.facebook.com\/sudoesteacontece\/?locale=pt_BR\"]},{\"@type\":\"Person\",\"@id\":\"https:\/\/sudoesteacontece.com.br\/#\/schema\/person\/a4f22429c1d0923ef8f7d43343f8dc38\",\"name\":\"Reda\u00e7\u00e3o\",\"image\":{\"@type\":\"ImageObject\",\"inLanguage\":\"pt-BR\",\"@id\":\"https:\/\/sudoesteacontece.com.br\/#\/schema\/person\/image\/\",\"url\":\"https:\/\/secure.gravatar.com\/avatar\/c3a5b3c93f268a709c25a2df414c629a96fb3b1b4bf97a94fb3f72e54ae76903?s=96&d=mm&r=g\",\"contentUrl\":\"https:\/\/secure.gravatar.com\/avatar\/c3a5b3c93f268a709c25a2df414c629a96fb3b1b4bf97a94fb3f72e54ae76903?s=96&d=mm&r=g\",\"caption\":\"Reda\u00e7\u00e3o\"},\"url\":\"https:\/\/sudoesteacontece.com.br\/?author=4\"}]}<\/script>\n<!-- \/ Yoast SEO plugin. -->","yoast_head_json":{"title":"PF identifica passageiro de Cacul\u00e9 que causou \u2018bafaf\u00e1\u2019 em voo da Gol para Vit\u00f3ria da Conquista - Sudoesteacontece","robots":{"index":"index","follow":"follow","max-snippet":"max-snippet:-1","max-image-preview":"max-image-preview:large","max-video-preview":"max-video-preview:-1"},"canonical":"http:\/\/sudoesteacontece.com.br\/?p=6551","og_locale":"pt_BR","og_type":"article","og_title":"PF identifica passageiro de Cacul\u00e9 que causou \u2018bafaf\u00e1\u2019 em voo da Gol para Vit\u00f3ria da Conquista - Sudoesteacontece","og_description":"Respons\u00e1vel pela confus\u00e3o que interrompeu a decolagem de um voo da Gol para Vit\u00f3ria da Conquista, um passageiro natural de Cacul\u00e9, no sudoeste da Bahia, foi retirado da aeronave pela Pol\u00edcia Federal. O caso ocorreu na noite de segunda-feira, no Aeroporto Internacional de Guarulhos, em S\u00e3o Paulo, e provocou atraso superior a duas horas. Conforme apurado, o homem ocupava uma poltrona pr\u00f3xima a uma das sa\u00eddas de emerg\u00eancia. Durante o embarque, ele teria manipulado indevidamente o mecanismo de seguran\u00e7a, causando a viola\u00e7\u00e3o de uma das janelas do avi\u00e3o. A atitude gerou tens\u00e3o a bordo e levou a tripula\u00e7\u00e3o a acionar imediatamente o comandante. Diante do risco \u00e0 seguran\u00e7a, o comandante determinou o desembarque de todos os passageiros, seguindo os protocolos da avia\u00e7\u00e3o. A situa\u00e7\u00e3o chamou a aten\u00e7\u00e3o no terminal e mobilizou agentes da Pol\u00edcia Federal, que conduziram o passageiro para fora da aeronave ainda no p\u00e1tio. Testemunhas relataram que o homem apresentava sinais vis\u00edveis de embriaguez no momento do ocorrido. A identidade dele n\u00e3o foi oficialmente divulgada pelas autoridades, nem houve confirma\u00e7\u00e3o sobre autua\u00e7\u00e3o ou encaminhamento posterior, segundo informa\u00e7\u00f5es repassadas \u00e0 imprensa. Ap\u00f3s a retirada do passageiro e a substitui\u00e7\u00e3o da aeronave, o voo foi retomado. A chegada a Vit\u00f3ria da Conquista ocorreu por volta das 2h, com atraso significativo em rela\u00e7\u00e3o ao hor\u00e1rio previsto, afetando passageiros que seguiam para compromissos na regi\u00e3o sudoeste da Bahia.","og_url":"http:\/\/sudoesteacontece.com.br\/?p=6551","og_site_name":"Sudoesteacontece","article_publisher":"https:\/\/www.facebook.com\/sudoesteacontece\/?locale=pt_BR","article_published_time":"2026-01-22T11:42:11+00:00","article_modified_time":"2026-01-22T11:42:23+00:00","og_image":[{"width":900,"height":600,"url":"http:\/\/sudoesteacontece.com.br\/wp-content\/uploads\/2026\/01\/Voo-para-Vitoria-da-Conquista-e-esvaziado-apos-passageiro-danificar-saida-de-emergencia-em-aviao-da-Gol-sudoeste-acontece.jpg","type":"image\/jpeg"}],"author":"Reda\u00e7\u00e3o","twitter_card":"summary_large_image","twitter_misc":{"Escrito por":"Reda\u00e7\u00e3o","Est. tempo de leitura":"2 minutos"},"schema":{"@context":"https:\/\/schema.org","@graph":[{"@type":"Article","@id":"http:\/\/sudoesteacontece.com.br\/?p=6551#article","isPartOf":{"@id":"http:\/\/sudoesteacontece.com.br\/?p=6551"},"author":{"name":"Reda\u00e7\u00e3o","@id":"https:\/\/sudoesteacontece.com.br\/#\/schema\/person\/a4f22429c1d0923ef8f7d43343f8dc38"},"headline":"PF identifica passageiro de Cacul\u00e9 que causou \u2018bafaf\u00e1\u2019 em voo da Gol para Vit\u00f3ria da Conquista","datePublished":"2026-01-22T11:42:11+00:00","dateModified":"2026-01-22T11:42:23+00:00","mainEntityOfPage":{"@id":"http:\/\/sudoesteacontece.com.br\/?p=6551"},"wordCount":271,"commentCount":0,"publisher":{"@id":"https:\/\/sudoesteacontece.com.br\/#organization"},"image":{"@id":"http:\/\/sudoesteacontece.com.br\/?p=6551#primaryimage"},"thumbnailUrl":"https:\/\/sudoesteacontece.com.br\/wp-content\/uploads\/2026\/01\/Voo-para-Vitoria-da-Conquista-e-esvaziado-apos-passageiro-danificar-saida-de-emergencia-em-aviao-da-Gol-sudoeste-acontece.jpg","articleSection":["Pol\u00edcia","Vit\u00f3ria da Conquista"],"inLanguage":"pt-BR","potentialAction":[{"@type":"CommentAction","name":"Comment","target":["http:\/\/sudoesteacontece.com.br\/?p=6551#respond"]}]},{"@type":"WebPage","@id":"http:\/\/sudoesteacontece.com.br\/?p=6551","url":"http:\/\/sudoesteacontece.com.br\/?p=6551","name":"PF identifica passageiro de Cacul\u00e9 que causou \u2018bafaf\u00e1\u2019 em voo da Gol para Vit\u00f3ria da Conquista - Sudoesteacontece","isPartOf":{"@id":"https:\/\/sudoesteacontece.com.br\/#website"},"primaryImageOfPage":{"@id":"http:\/\/sudoesteacontece.com.br\/?p=6551#primaryimage"},"image":{"@id":"http:\/\/sudoesteacontece.com.br\/?p=6551#primaryimage"},"thumbnailUrl":"https:\/\/sudoesteacontece.com.br\/wp-content\/uploads\/2026\/01\/Voo-para-Vitoria-da-Conquista-e-esvaziado-apos-passageiro-danificar-saida-de-emergencia-em-aviao-da-Gol-sudoeste-acontece.jpg","datePublished":"2026-01-22T11:42:11+00:00","dateModified":"2026-01-22T11:42:23+00:00","breadcrumb":{"@id":"http:\/\/sudoesteacontece.com.br\/?p=6551#breadcrumb"},"inLanguage":"pt-BR","potentialAction":[{"@type":"ReadAction","target":["http:\/\/sudoesteacontece.com.br\/?p=6551"]}]},{"@type":"ImageObject","inLanguage":"pt-BR","@id":"http:\/\/sudoesteacontece.com.br\/?p=6551#primaryimage","url":"https:\/\/sudoesteacontece.com.br\/wp-content\/uploads\/2026\/01\/Voo-para-Vitoria-da-Conquista-e-esvaziado-apos-passageiro-danificar-saida-de-emergencia-em-aviao-da-Gol-sudoeste-acontece.jpg","contentUrl":"https:\/\/sudoesteacontece.com.br\/wp-content\/uploads\/2026\/01\/Voo-para-Vitoria-da-Conquista-e-esvaziado-apos-passageiro-danificar-saida-de-emergencia-em-aviao-da-Gol-sudoeste-acontece.jpg","width":900,"height":600},{"@type":"BreadcrumbList","@id":"http:\/\/sudoesteacontece.com.br\/?p=6551#breadcrumb","itemListElement":[{"@type":"ListItem","position":1,"name":"In\u00edcio","item":"https:\/\/sudoesteacontece.com.br\/"},{"@type":"ListItem","position":2,"name":"PF identifica passageiro de Cacul\u00e9 que causou \u2018bafaf\u00e1\u2019 em voo da Gol para Vit\u00f3ria da Conquista"}]},{"@type":"WebSite","@id":"https:\/\/sudoesteacontece.com.br\/#website","url":"https:\/\/sudoesteacontece.com.br\/","name":"Sudoesteacontece","description":"","publisher":{"@id":"https:\/\/sudoesteacontece.com.br\/#organization"},"potentialAction":[{"@type":"SearchAction","target":{"@type":"EntryPoint","urlTemplate":"https:\/\/sudoesteacontece.com.br\/?s={search_term_string}"},"query-input":{"@type":"PropertyValueSpecification","valueRequired":true,"valueName":"search_term_string"}}],"inLanguage":"pt-BR"},{"@type":"Organization","@id":"https:\/\/sudoesteacontece.com.br\/#organization","name":"Sudoesteacontece","url":"https:\/\/sudoesteacontece.com.br\/","logo":{"@type":"ImageObject","inLanguage":"pt-BR","@id":"https:\/\/sudoesteacontece.com.br\/#\/schema\/logo\/image\/","url":"https:\/\/sudoesteacontece.com.br\/wp-content\/uploads\/2025\/12\/cropped-logo-2-180x180-1.png","contentUrl":"https:\/\/sudoesteacontece.com.br\/wp-content\/uploads\/2025\/12\/cropped-logo-2-180x180-1.png","width":180,"height":180,"caption":"Sudoesteacontece"},"image":{"@id":"https:\/\/sudoesteacontece.com.br\/#\/schema\/logo\/image\/"},"sameAs":["https:\/\/www.facebook.com\/sudoesteacontece\/?locale=pt_BR"]},{"@type":"Person","@id":"https:\/\/sudoesteacontece.com.br\/#\/schema\/person\/a4f22429c1d0923ef8f7d43343f8dc38","name":"Reda\u00e7\u00e3o","image":{"@type":"ImageObject","inLanguage":"pt-BR","@id":"https:\/\/sudoesteacontece.com.br\/#\/schema\/person\/image\/","url":"https:\/\/secure.gravatar.com\/avatar\/c3a5b3c93f268a709c25a2df414c629a96fb3b1b4bf97a94fb3f72e54ae76903?s=96&d=mm&r=g","contentUrl":"https:\/\/secure.gravatar.com\/avatar\/c3a5b3c93f268a709c25a2df414c629a96fb3b1b4bf97a94fb3f72e54ae76903?s=96&d=mm&r=g","caption":"Reda\u00e7\u00e3o"},"url":"https:\/\/sudoesteacontece.com.br\/?author=4"}]}},"_links":{"self":[{"href":"https:\/\/sudoesteacontece.com.br\/index.php?rest_route=\/wp\/v2\/posts\/6551","targetHints":{"allow":["GET"]}}],"collection":[{"href":"https:\/\/sudoesteacontece.com.br\/index.php?rest_route=\/wp\/v2\/posts"}],"about":[{"href":"https:\/\/sudoesteacontece.com.br\/index.php?rest_route=\/wp\/v2\/types\/post"}],"author":[{"embeddable":true,"href":"https:\/\/sudoesteacontece.com.br\/index.php?rest_route=\/wp\/v2\/users\/4"}],"replies":[{"embeddable":true,"href":"https:\/\/sudoesteacontece.com.br\/index.php?rest_route=%2Fwp%2Fv2%2Fcomments&post=6551"}],"version-history":[{"count":0,"href":"https:\/\/sudoesteacontece.com.br\/index.php?rest_route=\/wp\/v2\/posts\/6551\/revisions"}],"wp:featuredmedia":[{"embeddable":true,"href":"https:\/\/sudoesteacontece.com.br\/index.php?rest_route=\/wp\/v2\/media\/6536"}],"wp:attachment":[{"href":"https:\/\/sudoesteacontece.com.br\/index.php?rest_route=%2Fwp%2Fv2%2Fmedia&parent=6551"}],"wp:term":[{"taxonomy":"category","embeddable":true,"href":"https:\/\/sudoesteacontece.com.br\/index.php?rest_route=%2Fwp%2Fv2%2Fcategories&post=6551"},{"taxonomy":"post_tag","embeddable":true,"href":"https:\/\/sudoesteacontece.com.br\/index.php?rest_route=%2Fwp%2Fv2%2Ftags&post=6551"}],"curies":[{"name":"wp","href":"https:\/\/api.w.org\/{rel}","templated":true}]}}