{"id":6554,"date":"2026-01-22T08:45:27","date_gmt":"2026-01-22T11:45:27","guid":{"rendered":"https:\/\/sudoesteacontece.com.br\/?p=6554"},"modified":"2026-01-22T08:45:34","modified_gmt":"2026-01-22T11:45:34","slug":"prefeito-fabricio-abrantes-anuncia-pacote-historico-e-confirma-reforma-de-sete-ubss-em-brumado","status":"publish","type":"post","link":"https:\/\/sudoesteacontece.com.br\/?p=6554","title":{"rendered":"Prefeito Fabr\u00edcio Abrantes anuncia pacote hist\u00f3rico e confirma reforma de sete UBSs em Brumado"},"content":{"rendered":"<div class=\"wp-block-image\">\n<figure class=\"aligncenter size-full\"><img fetchpriority=\"high\" decoding=\"async\" width=\"900\" height=\"600\" src=\"http:\/\/sudoesteacontece.com.br\/wp-content\/uploads\/2026\/01\/Prefeito-Fabricio-Abrantes-anuncia-pacote-historico-e-confirma-reforma-de-sete-UBSs-em-Brumado-sudoeste-acontece.jpg\" alt=\"\" class=\"wp-image-6576\" srcset=\"https:\/\/sudoesteacontece.com.br\/wp-content\/uploads\/2026\/01\/Prefeito-Fabricio-Abrantes-anuncia-pacote-historico-e-confirma-reforma-de-sete-UBSs-em-Brumado-sudoeste-acontece.jpg 900w, https:\/\/sudoesteacontece.com.br\/wp-content\/uploads\/2026\/01\/Prefeito-Fabricio-Abrantes-anuncia-pacote-historico-e-confirma-reforma-de-sete-UBSs-em-Brumado-sudoeste-acontece-300x200.jpg 300w, https:\/\/sudoesteacontece.com.br\/wp-content\/uploads\/2026\/01\/Prefeito-Fabricio-Abrantes-anuncia-pacote-historico-e-confirma-reforma-de-sete-UBSs-em-Brumado-sudoeste-acontece-768x512.jpg 768w\" sizes=\"(max-width: 900px) 100vw, 900px\" \/><\/figure>\n<\/div>\n\n\n<p>An\u00fancio feito pelo prefeito Fabr\u00edcio Abrantes (Avante) confirma a reforma e moderniza\u00e7\u00e3o de sete Unidades B\u00e1sicas de Sa\u00fade em Brumado. As interven\u00e7\u00f5es v\u00e3o alcan\u00e7ar a sede e a zona rural e prometem melhorar a assist\u00eancia, ampliar o acesso e elevar a qualidade do atendimento prestado \u00e0 popula\u00e7\u00e3o pelo sistema p\u00fablico.<\/p>\n\n\n\n<p>Segundo o gestor, as obras s\u00f3 foram viabilizadas gra\u00e7as \u00e0 parceria com o Governo do Estado, que garantiu os recursos necess\u00e1rios para dar in\u00edcio aos trabalhos. A iniciativa marca uma das maiores a\u00e7\u00f5es estruturais da atual gest\u00e3o na \u00e1rea da sa\u00fade b\u00e1sica do munic\u00edpio.<\/p>\n\n\n\n<p>Entre as unidades contempladas est\u00e3o as UBSs Liziane Alves, no Jardim Brasil, Keila Teixeira, no bairro S\u00e3o Jorge, Joaquim Donato, no Irm\u00e3 Dulce, Wilson Tibo, na Vila Presidente Vargas, Raimundo Fernandes, em Ubira\u00e7aba, e Fernando Trindade, no bairro S\u00e3o Jos\u00e9. A UBS Jos\u00e9 Clemente, no S\u00e3o F\u00e9lix, j\u00e1 est\u00e1 em fase final de conclus\u00e3o.<\/p>\n\n\n\n<p>Durante entrevista, Abrantes ressaltou que encontrou as unidades em situa\u00e7\u00e3o cr\u00edtica no in\u00edcio do mandato. O prefeito afirmou que muitas UBSs estavam deterioradas e praticamente abandonadas, o que tornava urgente a recupera\u00e7\u00e3o dos espa\u00e7os para garantir dignidade aos usu\u00e1rios e melhores condi\u00e7\u00f5es de trabalho aos profissionais de sa\u00fade.<\/p>\n\n\n\n<p>Al\u00e9m das reformas, a gest\u00e3o municipal pretende ampliar e fortalecer a aten\u00e7\u00e3o b\u00e1sica. De acordo com o prefeito, unidades bem estruturadas ajudam a reduzir a sobrecarga do Hospital Municipal Professor Magalh\u00e3es Neto, permitindo um atendimento mais eficiente e organizado em toda a rede de sa\u00fade.<\/p>\n\n\n\n<p>Ainda conforme Abrantes, o segundo ano de gest\u00e3o ser\u00e1 marcado por foco intenso na sa\u00fade, com novos investimentos em diferentes \u00e1reas do setor. A previs\u00e3o da prefeitura \u00e9 que, nos pr\u00f3ximos 30 dias, todas as obras nas UBSs anunciadas sejam oficialmente iniciadas.<\/p>\n","protected":false},"excerpt":{"rendered":"<p>An\u00fancio feito pelo prefeito Fabr\u00edcio Abrantes (Avante) confirma a reforma e moderniza\u00e7\u00e3o de sete Unidades B\u00e1sicas de Sa\u00fade em Brumado. As interven\u00e7\u00f5es v\u00e3o alcan\u00e7ar a sede e a zona rural e prometem melhorar a assist\u00eancia, ampliar o acesso e elevar a qualidade do atendimento prestado \u00e0 popula\u00e7\u00e3o pelo sistema p\u00fablico. Segundo o gestor, as obras s\u00f3 foram viabilizadas gra\u00e7as \u00e0 parceria com o Governo do Estado, que garantiu os recursos necess\u00e1rios para dar in\u00edcio aos trabalhos. A iniciativa marca uma das maiores a\u00e7\u00f5es estruturais da atual gest\u00e3o na \u00e1rea da sa\u00fade b\u00e1sica do munic\u00edpio. Entre as unidades contempladas est\u00e3o as UBSs Liziane Alves, no Jardim Brasil, Keila Teixeira, no bairro S\u00e3o Jorge, Joaquim Donato, no Irm\u00e3 Dulce, Wilson Tibo, na Vila Presidente Vargas, Raimundo Fernandes, em Ubira\u00e7aba, e Fernando Trindade, no bairro S\u00e3o Jos\u00e9. A UBS Jos\u00e9 Clemente, no S\u00e3o F\u00e9lix, j\u00e1 est\u00e1 em fase final de conclus\u00e3o. Durante entrevista, Abrantes ressaltou que encontrou as unidades em situa\u00e7\u00e3o cr\u00edtica no in\u00edcio do mandato. O prefeito afirmou que muitas UBSs estavam deterioradas e praticamente abandonadas, o que tornava urgente a recupera\u00e7\u00e3o dos espa\u00e7os para garantir dignidade aos usu\u00e1rios e melhores condi\u00e7\u00f5es de trabalho aos profissionais de sa\u00fade. Al\u00e9m das reformas, a gest\u00e3o municipal pretende ampliar e fortalecer a aten\u00e7\u00e3o b\u00e1sica. De acordo com o prefeito, unidades bem estruturadas ajudam a reduzir a sobrecarga do Hospital Municipal Professor Magalh\u00e3es Neto, permitindo um atendimento mais eficiente e organizado em toda a rede de sa\u00fade. Ainda conforme Abrantes, o segundo ano de gest\u00e3o ser\u00e1 marcado por foco intenso na sa\u00fade, com novos investimentos em diferentes \u00e1reas do setor. A previs\u00e3o da prefeitura \u00e9 que, nos pr\u00f3ximos 30 dias, todas as obras nas UBSs anunciadas sejam oficialmente iniciadas.<\/p>\n","protected":false},"author":4,"featured_media":6576,"comment_status":"open","ping_status":"open","sticky":false,"template":"","format":"standard","meta":{"footnotes":""},"categories":[10,6,45],"tags":[],"class_list":["post-6554","post","type-post","status-publish","format-standard","has-post-thumbnail","hentry","category-brumado","category-politica","category-saude"],"yoast_head":"<!-- This site is optimized with the Yoast SEO plugin v26.5 - https:\/\/yoast.com\/wordpress\/plugins\/seo\/ -->\n<title>Prefeito Fabr\u00edcio Abrantes anuncia pacote hist\u00f3rico e confirma reforma de sete UBSs em Brumado - Sudoesteacontece<\/title>\n<meta name=\"robots\" content=\"index, follow, max-snippet:-1, max-image-preview:large, max-video-preview:-1\" \/>\n<link rel=\"canonical\" href=\"https:\/\/sudoesteacontece.com.br\/?p=6554\" \/>\n<meta property=\"og:locale\" content=\"pt_BR\" \/>\n<meta property=\"og:type\" content=\"article\" \/>\n<meta property=\"og:title\" content=\"Prefeito Fabr\u00edcio Abrantes anuncia pacote hist\u00f3rico e confirma reforma de sete UBSs em Brumado - Sudoesteacontece\" \/>\n<meta property=\"og:description\" content=\"An\u00fancio feito pelo prefeito Fabr\u00edcio Abrantes (Avante) confirma a reforma e moderniza\u00e7\u00e3o de sete Unidades B\u00e1sicas de Sa\u00fade em Brumado. As interven\u00e7\u00f5es v\u00e3o alcan\u00e7ar a sede e a zona rural e prometem melhorar a assist\u00eancia, ampliar o acesso e elevar a qualidade do atendimento prestado \u00e0 popula\u00e7\u00e3o pelo sistema p\u00fablico. Segundo o gestor, as obras s\u00f3 foram viabilizadas gra\u00e7as \u00e0 parceria com o Governo do Estado, que garantiu os recursos necess\u00e1rios para dar in\u00edcio aos trabalhos. A iniciativa marca uma das maiores a\u00e7\u00f5es estruturais da atual gest\u00e3o na \u00e1rea da sa\u00fade b\u00e1sica do munic\u00edpio. Entre as unidades contempladas est\u00e3o as UBSs Liziane Alves, no Jardim Brasil, Keila Teixeira, no bairro S\u00e3o Jorge, Joaquim Donato, no Irm\u00e3 Dulce, Wilson Tibo, na Vila Presidente Vargas, Raimundo Fernandes, em Ubira\u00e7aba, e Fernando Trindade, no bairro S\u00e3o Jos\u00e9. A UBS Jos\u00e9 Clemente, no S\u00e3o F\u00e9lix, j\u00e1 est\u00e1 em fase final de conclus\u00e3o. Durante entrevista, Abrantes ressaltou que encontrou as unidades em situa\u00e7\u00e3o cr\u00edtica no in\u00edcio do mandato. O prefeito afirmou que muitas UBSs estavam deterioradas e praticamente abandonadas, o que tornava urgente a recupera\u00e7\u00e3o dos espa\u00e7os para garantir dignidade aos usu\u00e1rios e melhores condi\u00e7\u00f5es de trabalho aos profissionais de sa\u00fade. Al\u00e9m das reformas, a gest\u00e3o municipal pretende ampliar e fortalecer a aten\u00e7\u00e3o b\u00e1sica. De acordo com o prefeito, unidades bem estruturadas ajudam a reduzir a sobrecarga do Hospital Municipal Professor Magalh\u00e3es Neto, permitindo um atendimento mais eficiente e organizado em toda a rede de sa\u00fade. Ainda conforme Abrantes, o segundo ano de gest\u00e3o ser\u00e1 marcado por foco intenso na sa\u00fade, com novos investimentos em diferentes \u00e1reas do setor. A previs\u00e3o da prefeitura \u00e9 que, nos pr\u00f3ximos 30 dias, todas as obras nas UBSs anunciadas sejam oficialmente iniciadas.\" \/>\n<meta property=\"og:url\" content=\"https:\/\/sudoesteacontece.com.br\/?p=6554\" \/>\n<meta property=\"og:site_name\" content=\"Sudoesteacontece\" \/>\n<meta property=\"article:publisher\" content=\"https:\/\/www.facebook.com\/sudoesteacontece\/?locale=pt_BR\" \/>\n<meta property=\"article:published_time\" content=\"2026-01-22T11:45:27+00:00\" \/>\n<meta property=\"article:modified_time\" content=\"2026-01-22T11:45:34+00:00\" \/>\n<meta property=\"og:image\" content=\"https:\/\/sudoesteacontece.com.br\/wp-content\/uploads\/2026\/01\/Prefeito-Fabricio-Abrantes-anuncia-pacote-historico-e-confirma-reforma-de-sete-UBSs-em-Brumado-sudoeste-acontece.jpg\" \/>\n\t<meta property=\"og:image:width\" content=\"900\" \/>\n\t<meta property=\"og:image:height\" content=\"600\" \/>\n\t<meta property=\"og:image:type\" content=\"image\/jpeg\" \/>\n<meta name=\"author\" content=\"Reda\u00e7\u00e3o\" \/>\n<meta name=\"twitter:card\" content=\"summary_large_image\" \/>\n<meta name=\"twitter:label1\" content=\"Escrito por\" \/>\n\t<meta name=\"twitter:data1\" content=\"Reda\u00e7\u00e3o\" \/>\n\t<meta name=\"twitter:label2\" content=\"Est. tempo de leitura\" \/>\n\t<meta name=\"twitter:data2\" content=\"2 minutos\" \/>\n<script type=\"application\/ld+json\" class=\"yoast-schema-graph\">{\"@context\":\"https:\/\/schema.org\",\"@graph\":[{\"@type\":\"Article\",\"@id\":\"https:\/\/sudoesteacontece.com.br\/?p=6554#article\",\"isPartOf\":{\"@id\":\"https:\/\/sudoesteacontece.com.br\/?p=6554\"},\"author\":{\"name\":\"Reda\u00e7\u00e3o\",\"@id\":\"https:\/\/sudoesteacontece.com.br\/#\/schema\/person\/a4f22429c1d0923ef8f7d43343f8dc38\"},\"headline\":\"Prefeito Fabr\u00edcio Abrantes anuncia pacote hist\u00f3rico e confirma reforma de sete UBSs em Brumado\",\"datePublished\":\"2026-01-22T11:45:27+00:00\",\"dateModified\":\"2026-01-22T11:45:34+00:00\",\"mainEntityOfPage\":{\"@id\":\"https:\/\/sudoesteacontece.com.br\/?p=6554\"},\"wordCount\":339,\"commentCount\":0,\"publisher\":{\"@id\":\"https:\/\/sudoesteacontece.com.br\/#organization\"},\"image\":{\"@id\":\"https:\/\/sudoesteacontece.com.br\/?p=6554#primaryimage\"},\"thumbnailUrl\":\"https:\/\/sudoesteacontece.com.br\/wp-content\/uploads\/2026\/01\/Prefeito-Fabricio-Abrantes-anuncia-pacote-historico-e-confirma-reforma-de-sete-UBSs-em-Brumado-sudoeste-acontece.jpg\",\"articleSection\":[\"Brumado\",\"Pol\u00edtica\",\"Sa\u00fade\"],\"inLanguage\":\"pt-BR\",\"potentialAction\":[{\"@type\":\"CommentAction\",\"name\":\"Comment\",\"target\":[\"https:\/\/sudoesteacontece.com.br\/?p=6554#respond\"]}]},{\"@type\":\"WebPage\",\"@id\":\"https:\/\/sudoesteacontece.com.br\/?p=6554\",\"url\":\"https:\/\/sudoesteacontece.com.br\/?p=6554\",\"name\":\"Prefeito Fabr\u00edcio Abrantes anuncia pacote hist\u00f3rico e confirma reforma de sete UBSs em Brumado - Sudoesteacontece\",\"isPartOf\":{\"@id\":\"https:\/\/sudoesteacontece.com.br\/#website\"},\"primaryImageOfPage\":{\"@id\":\"https:\/\/sudoesteacontece.com.br\/?p=6554#primaryimage\"},\"image\":{\"@id\":\"https:\/\/sudoesteacontece.com.br\/?p=6554#primaryimage\"},\"thumbnailUrl\":\"https:\/\/sudoesteacontece.com.br\/wp-content\/uploads\/2026\/01\/Prefeito-Fabricio-Abrantes-anuncia-pacote-historico-e-confirma-reforma-de-sete-UBSs-em-Brumado-sudoeste-acontece.jpg\",\"datePublished\":\"2026-01-22T11:45:27+00:00\",\"dateModified\":\"2026-01-22T11:45:34+00:00\",\"breadcrumb\":{\"@id\":\"https:\/\/sudoesteacontece.com.br\/?p=6554#breadcrumb\"},\"inLanguage\":\"pt-BR\",\"potentialAction\":[{\"@type\":\"ReadAction\",\"target\":[\"https:\/\/sudoesteacontece.com.br\/?p=6554\"]}]},{\"@type\":\"ImageObject\",\"inLanguage\":\"pt-BR\",\"@id\":\"https:\/\/sudoesteacontece.com.br\/?p=6554#primaryimage\",\"url\":\"https:\/\/sudoesteacontece.com.br\/wp-content\/uploads\/2026\/01\/Prefeito-Fabricio-Abrantes-anuncia-pacote-historico-e-confirma-reforma-de-sete-UBSs-em-Brumado-sudoeste-acontece.jpg\",\"contentUrl\":\"https:\/\/sudoesteacontece.com.br\/wp-content\/uploads\/2026\/01\/Prefeito-Fabricio-Abrantes-anuncia-pacote-historico-e-confirma-reforma-de-sete-UBSs-em-Brumado-sudoeste-acontece.jpg\",\"width\":900,\"height\":600},{\"@type\":\"BreadcrumbList\",\"@id\":\"https:\/\/sudoesteacontece.com.br\/?p=6554#breadcrumb\",\"itemListElement\":[{\"@type\":\"ListItem\",\"position\":1,\"name\":\"In\u00edcio\",\"item\":\"https:\/\/sudoesteacontece.com.br\/\"},{\"@type\":\"ListItem\",\"position\":2,\"name\":\"Prefeito Fabr\u00edcio Abrantes anuncia pacote hist\u00f3rico e confirma reforma de sete UBSs em Brumado\"}]},{\"@type\":\"WebSite\",\"@id\":\"https:\/\/sudoesteacontece.com.br\/#website\",\"url\":\"https:\/\/sudoesteacontece.com.br\/\",\"name\":\"Sudoesteacontece\",\"description\":\"\",\"publisher\":{\"@id\":\"https:\/\/sudoesteacontece.com.br\/#organization\"},\"potentialAction\":[{\"@type\":\"SearchAction\",\"target\":{\"@type\":\"EntryPoint\",\"urlTemplate\":\"https:\/\/sudoesteacontece.com.br\/?s={search_term_string}\"},\"query-input\":{\"@type\":\"PropertyValueSpecification\",\"valueRequired\":true,\"valueName\":\"search_term_string\"}}],\"inLanguage\":\"pt-BR\"},{\"@type\":\"Organization\",\"@id\":\"https:\/\/sudoesteacontece.com.br\/#organization\",\"name\":\"Sudoesteacontece\",\"url\":\"https:\/\/sudoesteacontece.com.br\/\",\"logo\":{\"@type\":\"ImageObject\",\"inLanguage\":\"pt-BR\",\"@id\":\"https:\/\/sudoesteacontece.com.br\/#\/schema\/logo\/image\/\",\"url\":\"https:\/\/sudoesteacontece.com.br\/wp-content\/uploads\/2025\/12\/cropped-logo-2-180x180-1.png\",\"contentUrl\":\"https:\/\/sudoesteacontece.com.br\/wp-content\/uploads\/2025\/12\/cropped-logo-2-180x180-1.png\",\"width\":180,\"height\":180,\"caption\":\"Sudoesteacontece\"},\"image\":{\"@id\":\"https:\/\/sudoesteacontece.com.br\/#\/schema\/logo\/image\/\"},\"sameAs\":[\"https:\/\/www.facebook.com\/sudoesteacontece\/?locale=pt_BR\"]},{\"@type\":\"Person\",\"@id\":\"https:\/\/sudoesteacontece.com.br\/#\/schema\/person\/a4f22429c1d0923ef8f7d43343f8dc38\",\"name\":\"Reda\u00e7\u00e3o\",\"image\":{\"@type\":\"ImageObject\",\"inLanguage\":\"pt-BR\",\"@id\":\"https:\/\/sudoesteacontece.com.br\/#\/schema\/person\/image\/\",\"url\":\"https:\/\/secure.gravatar.com\/avatar\/c3a5b3c93f268a709c25a2df414c629a96fb3b1b4bf97a94fb3f72e54ae76903?s=96&d=mm&r=g\",\"contentUrl\":\"https:\/\/secure.gravatar.com\/avatar\/c3a5b3c93f268a709c25a2df414c629a96fb3b1b4bf97a94fb3f72e54ae76903?s=96&d=mm&r=g\",\"caption\":\"Reda\u00e7\u00e3o\"},\"url\":\"https:\/\/sudoesteacontece.com.br\/?author=4\"}]}<\/script>\n<!-- \/ Yoast SEO plugin. -->","yoast_head_json":{"title":"Prefeito Fabr\u00edcio Abrantes anuncia pacote hist\u00f3rico e confirma reforma de sete UBSs em Brumado - Sudoesteacontece","robots":{"index":"index","follow":"follow","max-snippet":"max-snippet:-1","max-image-preview":"max-image-preview:large","max-video-preview":"max-video-preview:-1"},"canonical":"https:\/\/sudoesteacontece.com.br\/?p=6554","og_locale":"pt_BR","og_type":"article","og_title":"Prefeito Fabr\u00edcio Abrantes anuncia pacote hist\u00f3rico e confirma reforma de sete UBSs em Brumado - Sudoesteacontece","og_description":"An\u00fancio feito pelo prefeito Fabr\u00edcio Abrantes (Avante) confirma a reforma e moderniza\u00e7\u00e3o de sete Unidades B\u00e1sicas de Sa\u00fade em Brumado. As interven\u00e7\u00f5es v\u00e3o alcan\u00e7ar a sede e a zona rural e prometem melhorar a assist\u00eancia, ampliar o acesso e elevar a qualidade do atendimento prestado \u00e0 popula\u00e7\u00e3o pelo sistema p\u00fablico. Segundo o gestor, as obras s\u00f3 foram viabilizadas gra\u00e7as \u00e0 parceria com o Governo do Estado, que garantiu os recursos necess\u00e1rios para dar in\u00edcio aos trabalhos. A iniciativa marca uma das maiores a\u00e7\u00f5es estruturais da atual gest\u00e3o na \u00e1rea da sa\u00fade b\u00e1sica do munic\u00edpio. Entre as unidades contempladas est\u00e3o as UBSs Liziane Alves, no Jardim Brasil, Keila Teixeira, no bairro S\u00e3o Jorge, Joaquim Donato, no Irm\u00e3 Dulce, Wilson Tibo, na Vila Presidente Vargas, Raimundo Fernandes, em Ubira\u00e7aba, e Fernando Trindade, no bairro S\u00e3o Jos\u00e9. A UBS Jos\u00e9 Clemente, no S\u00e3o F\u00e9lix, j\u00e1 est\u00e1 em fase final de conclus\u00e3o. Durante entrevista, Abrantes ressaltou que encontrou as unidades em situa\u00e7\u00e3o cr\u00edtica no in\u00edcio do mandato. O prefeito afirmou que muitas UBSs estavam deterioradas e praticamente abandonadas, o que tornava urgente a recupera\u00e7\u00e3o dos espa\u00e7os para garantir dignidade aos usu\u00e1rios e melhores condi\u00e7\u00f5es de trabalho aos profissionais de sa\u00fade. Al\u00e9m das reformas, a gest\u00e3o municipal pretende ampliar e fortalecer a aten\u00e7\u00e3o b\u00e1sica. De acordo com o prefeito, unidades bem estruturadas ajudam a reduzir a sobrecarga do Hospital Municipal Professor Magalh\u00e3es Neto, permitindo um atendimento mais eficiente e organizado em toda a rede de sa\u00fade. Ainda conforme Abrantes, o segundo ano de gest\u00e3o ser\u00e1 marcado por foco intenso na sa\u00fade, com novos investimentos em diferentes \u00e1reas do setor. A previs\u00e3o da prefeitura \u00e9 que, nos pr\u00f3ximos 30 dias, todas as obras nas UBSs anunciadas sejam oficialmente iniciadas.","og_url":"https:\/\/sudoesteacontece.com.br\/?p=6554","og_site_name":"Sudoesteacontece","article_publisher":"https:\/\/www.facebook.com\/sudoesteacontece\/?locale=pt_BR","article_published_time":"2026-01-22T11:45:27+00:00","article_modified_time":"2026-01-22T11:45:34+00:00","og_image":[{"width":900,"height":600,"url":"https:\/\/sudoesteacontece.com.br\/wp-content\/uploads\/2026\/01\/Prefeito-Fabricio-Abrantes-anuncia-pacote-historico-e-confirma-reforma-de-sete-UBSs-em-Brumado-sudoeste-acontece.jpg","type":"image\/jpeg"}],"author":"Reda\u00e7\u00e3o","twitter_card":"summary_large_image","twitter_misc":{"Escrito por":"Reda\u00e7\u00e3o","Est. tempo de leitura":"2 minutos"},"schema":{"@context":"https:\/\/schema.org","@graph":[{"@type":"Article","@id":"https:\/\/sudoesteacontece.com.br\/?p=6554#article","isPartOf":{"@id":"https:\/\/sudoesteacontece.com.br\/?p=6554"},"author":{"name":"Reda\u00e7\u00e3o","@id":"https:\/\/sudoesteacontece.com.br\/#\/schema\/person\/a4f22429c1d0923ef8f7d43343f8dc38"},"headline":"Prefeito Fabr\u00edcio Abrantes anuncia pacote hist\u00f3rico e confirma reforma de sete UBSs em Brumado","datePublished":"2026-01-22T11:45:27+00:00","dateModified":"2026-01-22T11:45:34+00:00","mainEntityOfPage":{"@id":"https:\/\/sudoesteacontece.com.br\/?p=6554"},"wordCount":339,"commentCount":0,"publisher":{"@id":"https:\/\/sudoesteacontece.com.br\/#organization"},"image":{"@id":"https:\/\/sudoesteacontece.com.br\/?p=6554#primaryimage"},"thumbnailUrl":"https:\/\/sudoesteacontece.com.br\/wp-content\/uploads\/2026\/01\/Prefeito-Fabricio-Abrantes-anuncia-pacote-historico-e-confirma-reforma-de-sete-UBSs-em-Brumado-sudoeste-acontece.jpg","articleSection":["Brumado","Pol\u00edtica","Sa\u00fade"],"inLanguage":"pt-BR","potentialAction":[{"@type":"CommentAction","name":"Comment","target":["https:\/\/sudoesteacontece.com.br\/?p=6554#respond"]}]},{"@type":"WebPage","@id":"https:\/\/sudoesteacontece.com.br\/?p=6554","url":"https:\/\/sudoesteacontece.com.br\/?p=6554","name":"Prefeito Fabr\u00edcio Abrantes anuncia pacote hist\u00f3rico e confirma reforma de sete UBSs em Brumado - Sudoesteacontece","isPartOf":{"@id":"https:\/\/sudoesteacontece.com.br\/#website"},"primaryImageOfPage":{"@id":"https:\/\/sudoesteacontece.com.br\/?p=6554#primaryimage"},"image":{"@id":"https:\/\/sudoesteacontece.com.br\/?p=6554#primaryimage"},"thumbnailUrl":"https:\/\/sudoesteacontece.com.br\/wp-content\/uploads\/2026\/01\/Prefeito-Fabricio-Abrantes-anuncia-pacote-historico-e-confirma-reforma-de-sete-UBSs-em-Brumado-sudoeste-acontece.jpg","datePublished":"2026-01-22T11:45:27+00:00","dateModified":"2026-01-22T11:45:34+00:00","breadcrumb":{"@id":"https:\/\/sudoesteacontece.com.br\/?p=6554#breadcrumb"},"inLanguage":"pt-BR","potentialAction":[{"@type":"ReadAction","target":["https:\/\/sudoesteacontece.com.br\/?p=6554"]}]},{"@type":"ImageObject","inLanguage":"pt-BR","@id":"https:\/\/sudoesteacontece.com.br\/?p=6554#primaryimage","url":"https:\/\/sudoesteacontece.com.br\/wp-content\/uploads\/2026\/01\/Prefeito-Fabricio-Abrantes-anuncia-pacote-historico-e-confirma-reforma-de-sete-UBSs-em-Brumado-sudoeste-acontece.jpg","contentUrl":"https:\/\/sudoesteacontece.com.br\/wp-content\/uploads\/2026\/01\/Prefeito-Fabricio-Abrantes-anuncia-pacote-historico-e-confirma-reforma-de-sete-UBSs-em-Brumado-sudoeste-acontece.jpg","width":900,"height":600},{"@type":"BreadcrumbList","@id":"https:\/\/sudoesteacontece.com.br\/?p=6554#breadcrumb","itemListElement":[{"@type":"ListItem","position":1,"name":"In\u00edcio","item":"https:\/\/sudoesteacontece.com.br\/"},{"@type":"ListItem","position":2,"name":"Prefeito Fabr\u00edcio Abrantes anuncia pacote hist\u00f3rico e confirma reforma de sete UBSs em Brumado"}]},{"@type":"WebSite","@id":"https:\/\/sudoesteacontece.com.br\/#website","url":"https:\/\/sudoesteacontece.com.br\/","name":"Sudoesteacontece","description":"","publisher":{"@id":"https:\/\/sudoesteacontece.com.br\/#organization"},"potentialAction":[{"@type":"SearchAction","target":{"@type":"EntryPoint","urlTemplate":"https:\/\/sudoesteacontece.com.br\/?s={search_term_string}"},"query-input":{"@type":"PropertyValueSpecification","valueRequired":true,"valueName":"search_term_string"}}],"inLanguage":"pt-BR"},{"@type":"Organization","@id":"https:\/\/sudoesteacontece.com.br\/#organization","name":"Sudoesteacontece","url":"https:\/\/sudoesteacontece.com.br\/","logo":{"@type":"ImageObject","inLanguage":"pt-BR","@id":"https:\/\/sudoesteacontece.com.br\/#\/schema\/logo\/image\/","url":"https:\/\/sudoesteacontece.com.br\/wp-content\/uploads\/2025\/12\/cropped-logo-2-180x180-1.png","contentUrl":"https:\/\/sudoesteacontece.com.br\/wp-content\/uploads\/2025\/12\/cropped-logo-2-180x180-1.png","width":180,"height":180,"caption":"Sudoesteacontece"},"image":{"@id":"https:\/\/sudoesteacontece.com.br\/#\/schema\/logo\/image\/"},"sameAs":["https:\/\/www.facebook.com\/sudoesteacontece\/?locale=pt_BR"]},{"@type":"Person","@id":"https:\/\/sudoesteacontece.com.br\/#\/schema\/person\/a4f22429c1d0923ef8f7d43343f8dc38","name":"Reda\u00e7\u00e3o","image":{"@type":"ImageObject","inLanguage":"pt-BR","@id":"https:\/\/sudoesteacontece.com.br\/#\/schema\/person\/image\/","url":"https:\/\/secure.gravatar.com\/avatar\/c3a5b3c93f268a709c25a2df414c629a96fb3b1b4bf97a94fb3f72e54ae76903?s=96&d=mm&r=g","contentUrl":"https:\/\/secure.gravatar.com\/avatar\/c3a5b3c93f268a709c25a2df414c629a96fb3b1b4bf97a94fb3f72e54ae76903?s=96&d=mm&r=g","caption":"Reda\u00e7\u00e3o"},"url":"https:\/\/sudoesteacontece.com.br\/?author=4"}]}},"_links":{"self":[{"href":"https:\/\/sudoesteacontece.com.br\/index.php?rest_route=\/wp\/v2\/posts\/6554","targetHints":{"allow":["GET"]}}],"collection":[{"href":"https:\/\/sudoesteacontece.com.br\/index.php?rest_route=\/wp\/v2\/posts"}],"about":[{"href":"https:\/\/sudoesteacontece.com.br\/index.php?rest_route=\/wp\/v2\/types\/post"}],"author":[{"embeddable":true,"href":"https:\/\/sudoesteacontece.com.br\/index.php?rest_route=\/wp\/v2\/users\/4"}],"replies":[{"embeddable":true,"href":"https:\/\/sudoesteacontece.com.br\/index.php?rest_route=%2Fwp%2Fv2%2Fcomments&post=6554"}],"version-history":[{"count":0,"href":"https:\/\/sudoesteacontece.com.br\/index.php?rest_route=\/wp\/v2\/posts\/6554\/revisions"}],"wp:featuredmedia":[{"embeddable":true,"href":"https:\/\/sudoesteacontece.com.br\/index.php?rest_route=\/wp\/v2\/media\/6576"}],"wp:attachment":[{"href":"https:\/\/sudoesteacontece.com.br\/index.php?rest_route=%2Fwp%2Fv2%2Fmedia&parent=6554"}],"wp:term":[{"taxonomy":"category","embeddable":true,"href":"https:\/\/sudoesteacontece.com.br\/index.php?rest_route=%2Fwp%2Fv2%2Fcategories&post=6554"},{"taxonomy":"post_tag","embeddable":true,"href":"https:\/\/sudoesteacontece.com.br\/index.php?rest_route=%2Fwp%2Fv2%2Ftags&post=6554"}],"curies":[{"name":"wp","href":"https:\/\/api.w.org\/{rel}","templated":true}]}}