{"id":6560,"date":"2026-01-22T08:51:43","date_gmt":"2026-01-22T11:51:43","guid":{"rendered":"https:\/\/sudoesteacontece.com.br\/?p=6560"},"modified":"2026-01-22T08:51:49","modified_gmt":"2026-01-22T11:51:49","slug":"brumado-celebra-fe-e-cultura-com-apresentacoes-dos-ternos-de-reis-na-praca-zeca-leite","status":"publish","type":"post","link":"https:\/\/sudoesteacontece.com.br\/?p=6560","title":{"rendered":"Brumado celebra f\u00e9 e cultura com apresenta\u00e7\u00f5es dos Ternos de Reis na Pra\u00e7a Zeca Leite"},"content":{"rendered":"<div class=\"wp-block-image\">\n<figure class=\"aligncenter size-full\"><img fetchpriority=\"high\" decoding=\"async\" width=\"900\" height=\"600\" src=\"http:\/\/sudoesteacontece.com.br\/wp-content\/uploads\/2026\/01\/Brumado-celebra-fe-e-cultura-com-apresentacoes-dos-Ternos-de-Reis-na-Praca-Zeca-Leite-sudoeste-acontece.jpg\" alt=\"\" class=\"wp-image-6582\" srcset=\"https:\/\/sudoesteacontece.com.br\/wp-content\/uploads\/2026\/01\/Brumado-celebra-fe-e-cultura-com-apresentacoes-dos-Ternos-de-Reis-na-Praca-Zeca-Leite-sudoeste-acontece.jpg 900w, https:\/\/sudoesteacontece.com.br\/wp-content\/uploads\/2026\/01\/Brumado-celebra-fe-e-cultura-com-apresentacoes-dos-Ternos-de-Reis-na-Praca-Zeca-Leite-sudoeste-acontece-300x200.jpg 300w, https:\/\/sudoesteacontece.com.br\/wp-content\/uploads\/2026\/01\/Brumado-celebra-fe-e-cultura-com-apresentacoes-dos-Ternos-de-Reis-na-Praca-Zeca-Leite-sudoeste-acontece-768x512.jpg 768w\" sizes=\"(max-width: 900px) 100vw, 900px\" \/><\/figure>\n<\/div>\n\n\n<p>Depois da abertura das celebra\u00e7\u00f5es com a Cavalgada dos Santos Reis, Brumado refor\u00e7a o compromisso com a cultura popular e mant\u00e9m viva uma de suas tradi\u00e7\u00f5es mais simb\u00f3licas. As apresenta\u00e7\u00f5es dos Ternos de Reis seguem como destaque do calend\u00e1rio cultural, levando f\u00e9, m\u00fasica e identidade ao centro da cidade e reunindo moradores em momentos de devo\u00e7\u00e3o e mem\u00f3ria coletiva.<\/p>\n\n\n\n<p>Programadas para os dias 23, 24, 30 e 31, as apresenta\u00e7\u00f5es acontecem sempre a partir das 19h, na Pra\u00e7a Coronel Zeca Leite. O espa\u00e7o se transforma em ponto de encontro entre gera\u00e7\u00f5es, onde cantos, instrumentos e encena\u00e7\u00f5es preservam costumes que atravessam d\u00e9cadas e fortalecem os la\u00e7os culturais da comunidade brumadense.<\/p>\n\n\n\n<p>Integrada ao calend\u00e1rio oficial do munic\u00edpio, a iniciativa convida moradores e visitantes a prestigiarem de perto uma das mais fortes express\u00f5es da religiosidade popular local. A a\u00e7\u00e3o \u00e9 realizada pela Secretaria de Cultura, em parceria com a Prefeitura de Brumado, e reafirma o compromisso da gest\u00e3o com a valoriza\u00e7\u00e3o e preserva\u00e7\u00e3o das tradi\u00e7\u00f5es que marcam a identidade do munic\u00edpio.<\/p>\n","protected":false},"excerpt":{"rendered":"<p>Depois da abertura das celebra\u00e7\u00f5es com a Cavalgada dos Santos Reis, Brumado refor\u00e7a o compromisso com a cultura popular e mant\u00e9m viva uma de suas tradi\u00e7\u00f5es mais simb\u00f3licas. As apresenta\u00e7\u00f5es dos Ternos de Reis seguem como destaque do calend\u00e1rio cultural, levando f\u00e9, m\u00fasica e identidade ao centro da cidade e reunindo moradores em momentos de devo\u00e7\u00e3o e mem\u00f3ria coletiva. Programadas para os dias 23, 24, 30 e 31, as apresenta\u00e7\u00f5es acontecem sempre a partir das 19h, na Pra\u00e7a Coronel Zeca Leite. O espa\u00e7o se transforma em ponto de encontro entre gera\u00e7\u00f5es, onde cantos, instrumentos e encena\u00e7\u00f5es preservam costumes que atravessam d\u00e9cadas e fortalecem os la\u00e7os culturais da comunidade brumadense. Integrada ao calend\u00e1rio oficial do munic\u00edpio, a iniciativa convida moradores e visitantes a prestigiarem de perto uma das mais fortes express\u00f5es da religiosidade popular local. A a\u00e7\u00e3o \u00e9 realizada pela Secretaria de Cultura, em parceria com a Prefeitura de Brumado, e reafirma o compromisso da gest\u00e3o com a valoriza\u00e7\u00e3o e preserva\u00e7\u00e3o das tradi\u00e7\u00f5es que marcam a identidade do munic\u00edpio.<\/p>\n","protected":false},"author":4,"featured_media":6582,"comment_status":"open","ping_status":"open","sticky":false,"template":"","format":"standard","meta":{"footnotes":""},"categories":[53,6,61],"tags":[],"class_list":["post-6560","post","type-post","status-publish","format-standard","has-post-thumbnail","hentry","category-brasil","category-politica","category-religiao"],"yoast_head":"<!-- This site is optimized with the Yoast SEO plugin v26.5 - https:\/\/yoast.com\/wordpress\/plugins\/seo\/ -->\n<title>Brumado celebra f\u00e9 e cultura com apresenta\u00e7\u00f5es dos Ternos de Reis na Pra\u00e7a Zeca Leite - Sudoesteacontece<\/title>\n<meta name=\"robots\" content=\"index, follow, max-snippet:-1, max-image-preview:large, max-video-preview:-1\" \/>\n<link rel=\"canonical\" href=\"https:\/\/sudoesteacontece.com.br\/?p=6560\" \/>\n<meta property=\"og:locale\" content=\"pt_BR\" \/>\n<meta property=\"og:type\" content=\"article\" \/>\n<meta property=\"og:title\" content=\"Brumado celebra f\u00e9 e cultura com apresenta\u00e7\u00f5es dos Ternos de Reis na Pra\u00e7a Zeca Leite - Sudoesteacontece\" \/>\n<meta property=\"og:description\" content=\"Depois da abertura das celebra\u00e7\u00f5es com a Cavalgada dos Santos Reis, Brumado refor\u00e7a o compromisso com a cultura popular e mant\u00e9m viva uma de suas tradi\u00e7\u00f5es mais simb\u00f3licas. As apresenta\u00e7\u00f5es dos Ternos de Reis seguem como destaque do calend\u00e1rio cultural, levando f\u00e9, m\u00fasica e identidade ao centro da cidade e reunindo moradores em momentos de devo\u00e7\u00e3o e mem\u00f3ria coletiva. Programadas para os dias 23, 24, 30 e 31, as apresenta\u00e7\u00f5es acontecem sempre a partir das 19h, na Pra\u00e7a Coronel Zeca Leite. O espa\u00e7o se transforma em ponto de encontro entre gera\u00e7\u00f5es, onde cantos, instrumentos e encena\u00e7\u00f5es preservam costumes que atravessam d\u00e9cadas e fortalecem os la\u00e7os culturais da comunidade brumadense. Integrada ao calend\u00e1rio oficial do munic\u00edpio, a iniciativa convida moradores e visitantes a prestigiarem de perto uma das mais fortes express\u00f5es da religiosidade popular local. A a\u00e7\u00e3o \u00e9 realizada pela Secretaria de Cultura, em parceria com a Prefeitura de Brumado, e reafirma o compromisso da gest\u00e3o com a valoriza\u00e7\u00e3o e preserva\u00e7\u00e3o das tradi\u00e7\u00f5es que marcam a identidade do munic\u00edpio.\" \/>\n<meta property=\"og:url\" content=\"https:\/\/sudoesteacontece.com.br\/?p=6560\" \/>\n<meta property=\"og:site_name\" content=\"Sudoesteacontece\" \/>\n<meta property=\"article:publisher\" content=\"https:\/\/www.facebook.com\/sudoesteacontece\/?locale=pt_BR\" \/>\n<meta property=\"article:published_time\" content=\"2026-01-22T11:51:43+00:00\" \/>\n<meta property=\"article:modified_time\" content=\"2026-01-22T11:51:49+00:00\" \/>\n<meta property=\"og:image\" content=\"https:\/\/sudoesteacontece.com.br\/wp-content\/uploads\/2026\/01\/Brumado-celebra-fe-e-cultura-com-apresentacoes-dos-Ternos-de-Reis-na-Praca-Zeca-Leite-sudoeste-acontece.jpg\" \/>\n\t<meta property=\"og:image:width\" content=\"900\" \/>\n\t<meta property=\"og:image:height\" content=\"600\" \/>\n\t<meta property=\"og:image:type\" content=\"image\/jpeg\" \/>\n<meta name=\"author\" content=\"Reda\u00e7\u00e3o\" \/>\n<meta name=\"twitter:card\" content=\"summary_large_image\" \/>\n<meta name=\"twitter:label1\" content=\"Escrito por\" \/>\n\t<meta name=\"twitter:data1\" content=\"Reda\u00e7\u00e3o\" \/>\n\t<meta name=\"twitter:label2\" content=\"Est. tempo de leitura\" \/>\n\t<meta name=\"twitter:data2\" content=\"2 minutos\" \/>\n<script type=\"application\/ld+json\" class=\"yoast-schema-graph\">{\"@context\":\"https:\/\/schema.org\",\"@graph\":[{\"@type\":\"Article\",\"@id\":\"https:\/\/sudoesteacontece.com.br\/?p=6560#article\",\"isPartOf\":{\"@id\":\"https:\/\/sudoesteacontece.com.br\/?p=6560\"},\"author\":{\"name\":\"Reda\u00e7\u00e3o\",\"@id\":\"https:\/\/sudoesteacontece.com.br\/#\/schema\/person\/a4f22429c1d0923ef8f7d43343f8dc38\"},\"headline\":\"Brumado celebra f\u00e9 e cultura com apresenta\u00e7\u00f5es dos Ternos de Reis na Pra\u00e7a Zeca Leite\",\"datePublished\":\"2026-01-22T11:51:43+00:00\",\"dateModified\":\"2026-01-22T11:51:49+00:00\",\"mainEntityOfPage\":{\"@id\":\"https:\/\/sudoesteacontece.com.br\/?p=6560\"},\"wordCount\":206,\"commentCount\":0,\"publisher\":{\"@id\":\"https:\/\/sudoesteacontece.com.br\/#organization\"},\"image\":{\"@id\":\"https:\/\/sudoesteacontece.com.br\/?p=6560#primaryimage\"},\"thumbnailUrl\":\"https:\/\/sudoesteacontece.com.br\/wp-content\/uploads\/2026\/01\/Brumado-celebra-fe-e-cultura-com-apresentacoes-dos-Ternos-de-Reis-na-Praca-Zeca-Leite-sudoeste-acontece.jpg\",\"articleSection\":[\"Brasil\",\"Pol\u00edtica\",\"Religi\u00e3o\"],\"inLanguage\":\"pt-BR\",\"potentialAction\":[{\"@type\":\"CommentAction\",\"name\":\"Comment\",\"target\":[\"https:\/\/sudoesteacontece.com.br\/?p=6560#respond\"]}]},{\"@type\":\"WebPage\",\"@id\":\"https:\/\/sudoesteacontece.com.br\/?p=6560\",\"url\":\"https:\/\/sudoesteacontece.com.br\/?p=6560\",\"name\":\"Brumado celebra f\u00e9 e cultura com apresenta\u00e7\u00f5es dos Ternos de Reis na Pra\u00e7a Zeca Leite - Sudoesteacontece\",\"isPartOf\":{\"@id\":\"https:\/\/sudoesteacontece.com.br\/#website\"},\"primaryImageOfPage\":{\"@id\":\"https:\/\/sudoesteacontece.com.br\/?p=6560#primaryimage\"},\"image\":{\"@id\":\"https:\/\/sudoesteacontece.com.br\/?p=6560#primaryimage\"},\"thumbnailUrl\":\"https:\/\/sudoesteacontece.com.br\/wp-content\/uploads\/2026\/01\/Brumado-celebra-fe-e-cultura-com-apresentacoes-dos-Ternos-de-Reis-na-Praca-Zeca-Leite-sudoeste-acontece.jpg\",\"datePublished\":\"2026-01-22T11:51:43+00:00\",\"dateModified\":\"2026-01-22T11:51:49+00:00\",\"breadcrumb\":{\"@id\":\"https:\/\/sudoesteacontece.com.br\/?p=6560#breadcrumb\"},\"inLanguage\":\"pt-BR\",\"potentialAction\":[{\"@type\":\"ReadAction\",\"target\":[\"https:\/\/sudoesteacontece.com.br\/?p=6560\"]}]},{\"@type\":\"ImageObject\",\"inLanguage\":\"pt-BR\",\"@id\":\"https:\/\/sudoesteacontece.com.br\/?p=6560#primaryimage\",\"url\":\"https:\/\/sudoesteacontece.com.br\/wp-content\/uploads\/2026\/01\/Brumado-celebra-fe-e-cultura-com-apresentacoes-dos-Ternos-de-Reis-na-Praca-Zeca-Leite-sudoeste-acontece.jpg\",\"contentUrl\":\"https:\/\/sudoesteacontece.com.br\/wp-content\/uploads\/2026\/01\/Brumado-celebra-fe-e-cultura-com-apresentacoes-dos-Ternos-de-Reis-na-Praca-Zeca-Leite-sudoeste-acontece.jpg\",\"width\":900,\"height\":600},{\"@type\":\"BreadcrumbList\",\"@id\":\"https:\/\/sudoesteacontece.com.br\/?p=6560#breadcrumb\",\"itemListElement\":[{\"@type\":\"ListItem\",\"position\":1,\"name\":\"In\u00edcio\",\"item\":\"https:\/\/sudoesteacontece.com.br\/\"},{\"@type\":\"ListItem\",\"position\":2,\"name\":\"Brumado celebra f\u00e9 e cultura com apresenta\u00e7\u00f5es dos Ternos de Reis na Pra\u00e7a Zeca Leite\"}]},{\"@type\":\"WebSite\",\"@id\":\"https:\/\/sudoesteacontece.com.br\/#website\",\"url\":\"https:\/\/sudoesteacontece.com.br\/\",\"name\":\"Sudoesteacontece\",\"description\":\"\",\"publisher\":{\"@id\":\"https:\/\/sudoesteacontece.com.br\/#organization\"},\"potentialAction\":[{\"@type\":\"SearchAction\",\"target\":{\"@type\":\"EntryPoint\",\"urlTemplate\":\"https:\/\/sudoesteacontece.com.br\/?s={search_term_string}\"},\"query-input\":{\"@type\":\"PropertyValueSpecification\",\"valueRequired\":true,\"valueName\":\"search_term_string\"}}],\"inLanguage\":\"pt-BR\"},{\"@type\":\"Organization\",\"@id\":\"https:\/\/sudoesteacontece.com.br\/#organization\",\"name\":\"Sudoesteacontece\",\"url\":\"https:\/\/sudoesteacontece.com.br\/\",\"logo\":{\"@type\":\"ImageObject\",\"inLanguage\":\"pt-BR\",\"@id\":\"https:\/\/sudoesteacontece.com.br\/#\/schema\/logo\/image\/\",\"url\":\"https:\/\/sudoesteacontece.com.br\/wp-content\/uploads\/2025\/12\/cropped-logo-2-180x180-1.png\",\"contentUrl\":\"https:\/\/sudoesteacontece.com.br\/wp-content\/uploads\/2025\/12\/cropped-logo-2-180x180-1.png\",\"width\":180,\"height\":180,\"caption\":\"Sudoesteacontece\"},\"image\":{\"@id\":\"https:\/\/sudoesteacontece.com.br\/#\/schema\/logo\/image\/\"},\"sameAs\":[\"https:\/\/www.facebook.com\/sudoesteacontece\/?locale=pt_BR\"]},{\"@type\":\"Person\",\"@id\":\"https:\/\/sudoesteacontece.com.br\/#\/schema\/person\/a4f22429c1d0923ef8f7d43343f8dc38\",\"name\":\"Reda\u00e7\u00e3o\",\"image\":{\"@type\":\"ImageObject\",\"inLanguage\":\"pt-BR\",\"@id\":\"https:\/\/sudoesteacontece.com.br\/#\/schema\/person\/image\/\",\"url\":\"https:\/\/secure.gravatar.com\/avatar\/c3a5b3c93f268a709c25a2df414c629a96fb3b1b4bf97a94fb3f72e54ae76903?s=96&d=mm&r=g\",\"contentUrl\":\"https:\/\/secure.gravatar.com\/avatar\/c3a5b3c93f268a709c25a2df414c629a96fb3b1b4bf97a94fb3f72e54ae76903?s=96&d=mm&r=g\",\"caption\":\"Reda\u00e7\u00e3o\"},\"url\":\"https:\/\/sudoesteacontece.com.br\/?author=4\"}]}<\/script>\n<!-- \/ Yoast SEO plugin. -->","yoast_head_json":{"title":"Brumado celebra f\u00e9 e cultura com apresenta\u00e7\u00f5es dos Ternos de Reis na Pra\u00e7a Zeca Leite - Sudoesteacontece","robots":{"index":"index","follow":"follow","max-snippet":"max-snippet:-1","max-image-preview":"max-image-preview:large","max-video-preview":"max-video-preview:-1"},"canonical":"https:\/\/sudoesteacontece.com.br\/?p=6560","og_locale":"pt_BR","og_type":"article","og_title":"Brumado celebra f\u00e9 e cultura com apresenta\u00e7\u00f5es dos Ternos de Reis na Pra\u00e7a Zeca Leite - Sudoesteacontece","og_description":"Depois da abertura das celebra\u00e7\u00f5es com a Cavalgada dos Santos Reis, Brumado refor\u00e7a o compromisso com a cultura popular e mant\u00e9m viva uma de suas tradi\u00e7\u00f5es mais simb\u00f3licas. As apresenta\u00e7\u00f5es dos Ternos de Reis seguem como destaque do calend\u00e1rio cultural, levando f\u00e9, m\u00fasica e identidade ao centro da cidade e reunindo moradores em momentos de devo\u00e7\u00e3o e mem\u00f3ria coletiva. Programadas para os dias 23, 24, 30 e 31, as apresenta\u00e7\u00f5es acontecem sempre a partir das 19h, na Pra\u00e7a Coronel Zeca Leite. O espa\u00e7o se transforma em ponto de encontro entre gera\u00e7\u00f5es, onde cantos, instrumentos e encena\u00e7\u00f5es preservam costumes que atravessam d\u00e9cadas e fortalecem os la\u00e7os culturais da comunidade brumadense. Integrada ao calend\u00e1rio oficial do munic\u00edpio, a iniciativa convida moradores e visitantes a prestigiarem de perto uma das mais fortes express\u00f5es da religiosidade popular local. A a\u00e7\u00e3o \u00e9 realizada pela Secretaria de Cultura, em parceria com a Prefeitura de Brumado, e reafirma o compromisso da gest\u00e3o com a valoriza\u00e7\u00e3o e preserva\u00e7\u00e3o das tradi\u00e7\u00f5es que marcam a identidade do munic\u00edpio.","og_url":"https:\/\/sudoesteacontece.com.br\/?p=6560","og_site_name":"Sudoesteacontece","article_publisher":"https:\/\/www.facebook.com\/sudoesteacontece\/?locale=pt_BR","article_published_time":"2026-01-22T11:51:43+00:00","article_modified_time":"2026-01-22T11:51:49+00:00","og_image":[{"width":900,"height":600,"url":"https:\/\/sudoesteacontece.com.br\/wp-content\/uploads\/2026\/01\/Brumado-celebra-fe-e-cultura-com-apresentacoes-dos-Ternos-de-Reis-na-Praca-Zeca-Leite-sudoeste-acontece.jpg","type":"image\/jpeg"}],"author":"Reda\u00e7\u00e3o","twitter_card":"summary_large_image","twitter_misc":{"Escrito por":"Reda\u00e7\u00e3o","Est. tempo de leitura":"2 minutos"},"schema":{"@context":"https:\/\/schema.org","@graph":[{"@type":"Article","@id":"https:\/\/sudoesteacontece.com.br\/?p=6560#article","isPartOf":{"@id":"https:\/\/sudoesteacontece.com.br\/?p=6560"},"author":{"name":"Reda\u00e7\u00e3o","@id":"https:\/\/sudoesteacontece.com.br\/#\/schema\/person\/a4f22429c1d0923ef8f7d43343f8dc38"},"headline":"Brumado celebra f\u00e9 e cultura com apresenta\u00e7\u00f5es dos Ternos de Reis na Pra\u00e7a Zeca Leite","datePublished":"2026-01-22T11:51:43+00:00","dateModified":"2026-01-22T11:51:49+00:00","mainEntityOfPage":{"@id":"https:\/\/sudoesteacontece.com.br\/?p=6560"},"wordCount":206,"commentCount":0,"publisher":{"@id":"https:\/\/sudoesteacontece.com.br\/#organization"},"image":{"@id":"https:\/\/sudoesteacontece.com.br\/?p=6560#primaryimage"},"thumbnailUrl":"https:\/\/sudoesteacontece.com.br\/wp-content\/uploads\/2026\/01\/Brumado-celebra-fe-e-cultura-com-apresentacoes-dos-Ternos-de-Reis-na-Praca-Zeca-Leite-sudoeste-acontece.jpg","articleSection":["Brasil","Pol\u00edtica","Religi\u00e3o"],"inLanguage":"pt-BR","potentialAction":[{"@type":"CommentAction","name":"Comment","target":["https:\/\/sudoesteacontece.com.br\/?p=6560#respond"]}]},{"@type":"WebPage","@id":"https:\/\/sudoesteacontece.com.br\/?p=6560","url":"https:\/\/sudoesteacontece.com.br\/?p=6560","name":"Brumado celebra f\u00e9 e cultura com apresenta\u00e7\u00f5es dos Ternos de Reis na Pra\u00e7a Zeca Leite - Sudoesteacontece","isPartOf":{"@id":"https:\/\/sudoesteacontece.com.br\/#website"},"primaryImageOfPage":{"@id":"https:\/\/sudoesteacontece.com.br\/?p=6560#primaryimage"},"image":{"@id":"https:\/\/sudoesteacontece.com.br\/?p=6560#primaryimage"},"thumbnailUrl":"https:\/\/sudoesteacontece.com.br\/wp-content\/uploads\/2026\/01\/Brumado-celebra-fe-e-cultura-com-apresentacoes-dos-Ternos-de-Reis-na-Praca-Zeca-Leite-sudoeste-acontece.jpg","datePublished":"2026-01-22T11:51:43+00:00","dateModified":"2026-01-22T11:51:49+00:00","breadcrumb":{"@id":"https:\/\/sudoesteacontece.com.br\/?p=6560#breadcrumb"},"inLanguage":"pt-BR","potentialAction":[{"@type":"ReadAction","target":["https:\/\/sudoesteacontece.com.br\/?p=6560"]}]},{"@type":"ImageObject","inLanguage":"pt-BR","@id":"https:\/\/sudoesteacontece.com.br\/?p=6560#primaryimage","url":"https:\/\/sudoesteacontece.com.br\/wp-content\/uploads\/2026\/01\/Brumado-celebra-fe-e-cultura-com-apresentacoes-dos-Ternos-de-Reis-na-Praca-Zeca-Leite-sudoeste-acontece.jpg","contentUrl":"https:\/\/sudoesteacontece.com.br\/wp-content\/uploads\/2026\/01\/Brumado-celebra-fe-e-cultura-com-apresentacoes-dos-Ternos-de-Reis-na-Praca-Zeca-Leite-sudoeste-acontece.jpg","width":900,"height":600},{"@type":"BreadcrumbList","@id":"https:\/\/sudoesteacontece.com.br\/?p=6560#breadcrumb","itemListElement":[{"@type":"ListItem","position":1,"name":"In\u00edcio","item":"https:\/\/sudoesteacontece.com.br\/"},{"@type":"ListItem","position":2,"name":"Brumado celebra f\u00e9 e cultura com apresenta\u00e7\u00f5es dos Ternos de Reis na Pra\u00e7a Zeca Leite"}]},{"@type":"WebSite","@id":"https:\/\/sudoesteacontece.com.br\/#website","url":"https:\/\/sudoesteacontece.com.br\/","name":"Sudoesteacontece","description":"","publisher":{"@id":"https:\/\/sudoesteacontece.com.br\/#organization"},"potentialAction":[{"@type":"SearchAction","target":{"@type":"EntryPoint","urlTemplate":"https:\/\/sudoesteacontece.com.br\/?s={search_term_string}"},"query-input":{"@type":"PropertyValueSpecification","valueRequired":true,"valueName":"search_term_string"}}],"inLanguage":"pt-BR"},{"@type":"Organization","@id":"https:\/\/sudoesteacontece.com.br\/#organization","name":"Sudoesteacontece","url":"https:\/\/sudoesteacontece.com.br\/","logo":{"@type":"ImageObject","inLanguage":"pt-BR","@id":"https:\/\/sudoesteacontece.com.br\/#\/schema\/logo\/image\/","url":"https:\/\/sudoesteacontece.com.br\/wp-content\/uploads\/2025\/12\/cropped-logo-2-180x180-1.png","contentUrl":"https:\/\/sudoesteacontece.com.br\/wp-content\/uploads\/2025\/12\/cropped-logo-2-180x180-1.png","width":180,"height":180,"caption":"Sudoesteacontece"},"image":{"@id":"https:\/\/sudoesteacontece.com.br\/#\/schema\/logo\/image\/"},"sameAs":["https:\/\/www.facebook.com\/sudoesteacontece\/?locale=pt_BR"]},{"@type":"Person","@id":"https:\/\/sudoesteacontece.com.br\/#\/schema\/person\/a4f22429c1d0923ef8f7d43343f8dc38","name":"Reda\u00e7\u00e3o","image":{"@type":"ImageObject","inLanguage":"pt-BR","@id":"https:\/\/sudoesteacontece.com.br\/#\/schema\/person\/image\/","url":"https:\/\/secure.gravatar.com\/avatar\/c3a5b3c93f268a709c25a2df414c629a96fb3b1b4bf97a94fb3f72e54ae76903?s=96&d=mm&r=g","contentUrl":"https:\/\/secure.gravatar.com\/avatar\/c3a5b3c93f268a709c25a2df414c629a96fb3b1b4bf97a94fb3f72e54ae76903?s=96&d=mm&r=g","caption":"Reda\u00e7\u00e3o"},"url":"https:\/\/sudoesteacontece.com.br\/?author=4"}]}},"_links":{"self":[{"href":"https:\/\/sudoesteacontece.com.br\/index.php?rest_route=\/wp\/v2\/posts\/6560","targetHints":{"allow":["GET"]}}],"collection":[{"href":"https:\/\/sudoesteacontece.com.br\/index.php?rest_route=\/wp\/v2\/posts"}],"about":[{"href":"https:\/\/sudoesteacontece.com.br\/index.php?rest_route=\/wp\/v2\/types\/post"}],"author":[{"embeddable":true,"href":"https:\/\/sudoesteacontece.com.br\/index.php?rest_route=\/wp\/v2\/users\/4"}],"replies":[{"embeddable":true,"href":"https:\/\/sudoesteacontece.com.br\/index.php?rest_route=%2Fwp%2Fv2%2Fcomments&post=6560"}],"version-history":[{"count":0,"href":"https:\/\/sudoesteacontece.com.br\/index.php?rest_route=\/wp\/v2\/posts\/6560\/revisions"}],"wp:featuredmedia":[{"embeddable":true,"href":"https:\/\/sudoesteacontece.com.br\/index.php?rest_route=\/wp\/v2\/media\/6582"}],"wp:attachment":[{"href":"https:\/\/sudoesteacontece.com.br\/index.php?rest_route=%2Fwp%2Fv2%2Fmedia&parent=6560"}],"wp:term":[{"taxonomy":"category","embeddable":true,"href":"https:\/\/sudoesteacontece.com.br\/index.php?rest_route=%2Fwp%2Fv2%2Fcategories&post=6560"},{"taxonomy":"post_tag","embeddable":true,"href":"https:\/\/sudoesteacontece.com.br\/index.php?rest_route=%2Fwp%2Fv2%2Ftags&post=6560"}],"curies":[{"name":"wp","href":"https:\/\/api.w.org\/{rel}","templated":true}]}}