{"id":6561,"date":"2026-01-22T08:55:35","date_gmt":"2026-01-22T11:55:35","guid":{"rendered":"https:\/\/sudoesteacontece.com.br\/?p=6561"},"modified":"2026-01-22T08:55:41","modified_gmt":"2026-01-22T11:55:41","slug":"nelson-leal-aciona-justica-contra-jaques-wagner-por-divulgacao-de-pesquisa-falsa","status":"publish","type":"post","link":"https:\/\/sudoesteacontece.com.br\/?p=6561","title":{"rendered":"Nelson Leal aciona Justi\u00e7a contra Jaques Wagner por divulga\u00e7\u00e3o de pesquisa falsa"},"content":{"rendered":"<div class=\"wp-block-image\">\n<figure class=\"aligncenter size-full\"><img fetchpriority=\"high\" decoding=\"async\" width=\"900\" height=\"600\" src=\"http:\/\/sudoesteacontece.com.br\/wp-content\/uploads\/2026\/01\/Nelson-Leal-aciona-Justica-contra-Jaques-Wagner-por-divulgacao-de-pesquisa-falsa-sudoeste-acontece.jpg\" alt=\"\" class=\"wp-image-6584\" srcset=\"https:\/\/sudoesteacontece.com.br\/wp-content\/uploads\/2026\/01\/Nelson-Leal-aciona-Justica-contra-Jaques-Wagner-por-divulgacao-de-pesquisa-falsa-sudoeste-acontece.jpg 900w, https:\/\/sudoesteacontece.com.br\/wp-content\/uploads\/2026\/01\/Nelson-Leal-aciona-Justica-contra-Jaques-Wagner-por-divulgacao-de-pesquisa-falsa-sudoeste-acontece-300x200.jpg 300w, https:\/\/sudoesteacontece.com.br\/wp-content\/uploads\/2026\/01\/Nelson-Leal-aciona-Justica-contra-Jaques-Wagner-por-divulgacao-de-pesquisa-falsa-sudoeste-acontece-768x512.jpg 768w\" sizes=\"(max-width: 900px) 100vw, 900px\" \/><\/figure>\n<\/div>\n\n\n<p>A\u00e7\u00e3o judicial foi movida pelo deputado estadual Nelson Leal (PP) contra o senador Jaques Wagner (PT) ap\u00f3s a divulga\u00e7\u00e3o do que o parlamentar classificou como pesquisa eleitoral falsa sobre o Governo da Bahia. O caso ganhou repercuss\u00e3o nesta quarta-feira (21) e elevou a tens\u00e3o entre aliados e opositores no cen\u00e1rio pol\u00edtico estadual.<\/p>\n\n\n\n<p>Durante entrevista \u00e0 TV Baiana, Wagner afirmou que o instituto AtlasIntel teria realizado um levantamento recente indicando vit\u00f3ria do governador Jer\u00f4nimo Rodrigues ainda no primeiro turno, com 54% dos votos. A declara\u00e7\u00e3o foi feita como se o dado tivesse respaldo t\u00e9cnico e metodol\u00f3gico do instituto citado.<\/p>\n\n\n\n<p>No entanto, a AtlasIntel negou a exist\u00eancia da pesquisa. Em declara\u00e7\u00e3o ao jornal Correio, o chefe de Risco Pol\u00edtico e An\u00e1lise Pol\u00edtica do instituto, Yuri Sanches, afirmou que nenhum levantamento com esse conte\u00fado foi produzido, contrariando diretamente a fala do senador petista.<\/p>\n\n\n\n<p>Diante da negativa oficial, Nelson Leal reagiu e anunciou que recorreu \u00e0 Justi\u00e7a contra Jaques Wagner. O deputado classificou o epis\u00f3dio como grave e acusou o senador de agir com irresponsabilidade ao divulgar uma informa\u00e7\u00e3o que n\u00e3o corresponde \u00e0 realidade.<\/p>\n\n\n\n<p>Para Leal, o caso ganha contornos ainda mais s\u00e9rios pelo cargo ocupado por Wagner. Segundo o deputado, espalhar fake news \u00e9 crime, sobretudo quando parte de um senador da Rep\u00fablica e l\u00edder do governo no Senado, algu\u00e9m que deveria zelar pela veracidade das informa\u00e7\u00f5es p\u00fablicas.<\/p>\n\n\n\n<p>Al\u00e9m das cr\u00edticas pol\u00edticas, Leal destacou que a legisla\u00e7\u00e3o prev\u00ea puni\u00e7\u00f5es para quem divulga informa\u00e7\u00f5es falsas. Ele afirmou que pessoas com mandato eletivo podem responder por crimes contra a honra e at\u00e9 por crime de responsabilidade, a depender da gravidade e dos impactos da conduta.<\/p>\n\n\n\n<p>Com a judicializa\u00e7\u00e3o do epis\u00f3dio, o caso deve avan\u00e7ar para an\u00e1lise do Judici\u00e1rio e promete ampliar o debate sobre desinforma\u00e7\u00e3o, responsabilidade institucional e o uso pol\u00edtico de pesquisas eleitorais no per\u00edodo pr\u00e9-eleitoral.<\/p>\n","protected":false},"excerpt":{"rendered":"<p>A\u00e7\u00e3o judicial foi movida pelo deputado estadual Nelson Leal (PP) contra o senador Jaques Wagner (PT) ap\u00f3s a divulga\u00e7\u00e3o do que o parlamentar classificou como pesquisa eleitoral falsa sobre o Governo da Bahia. O caso ganhou repercuss\u00e3o nesta quarta-feira (21) e elevou a tens\u00e3o entre aliados e opositores no cen\u00e1rio pol\u00edtico estadual. Durante entrevista \u00e0 TV Baiana, Wagner afirmou que o instituto AtlasIntel teria realizado um levantamento recente indicando vit\u00f3ria do governador Jer\u00f4nimo Rodrigues ainda no primeiro turno, com 54% dos votos. A declara\u00e7\u00e3o foi feita como se o dado tivesse respaldo t\u00e9cnico e metodol\u00f3gico do instituto citado. No entanto, a AtlasIntel negou a exist\u00eancia da pesquisa. Em declara\u00e7\u00e3o ao jornal Correio, o chefe de Risco Pol\u00edtico e An\u00e1lise Pol\u00edtica do instituto, Yuri Sanches, afirmou que nenhum levantamento com esse conte\u00fado foi produzido, contrariando diretamente a fala do senador petista. Diante da negativa oficial, Nelson Leal reagiu e anunciou que recorreu \u00e0 Justi\u00e7a contra Jaques Wagner. O deputado classificou o epis\u00f3dio como grave e acusou o senador de agir com irresponsabilidade ao divulgar uma informa\u00e7\u00e3o que n\u00e3o corresponde \u00e0 realidade. Para Leal, o caso ganha contornos ainda mais s\u00e9rios pelo cargo ocupado por Wagner. Segundo o deputado, espalhar fake news \u00e9 crime, sobretudo quando parte de um senador da Rep\u00fablica e l\u00edder do governo no Senado, algu\u00e9m que deveria zelar pela veracidade das informa\u00e7\u00f5es p\u00fablicas. Al\u00e9m das cr\u00edticas pol\u00edticas, Leal destacou que a legisla\u00e7\u00e3o prev\u00ea puni\u00e7\u00f5es para quem divulga informa\u00e7\u00f5es falsas. Ele afirmou que pessoas com mandato eletivo podem responder por crimes contra a honra e at\u00e9 por crime de responsabilidade, a depender da gravidade e dos impactos da conduta. Com a judicializa\u00e7\u00e3o do epis\u00f3dio, o caso deve avan\u00e7ar para an\u00e1lise do Judici\u00e1rio e promete ampliar o debate sobre desinforma\u00e7\u00e3o, responsabilidade institucional e o uso pol\u00edtico de pesquisas eleitorais no per\u00edodo pr\u00e9-eleitoral.<\/p>\n","protected":false},"author":4,"featured_media":6584,"comment_status":"open","ping_status":"open","sticky":false,"template":"","format":"standard","meta":{"footnotes":""},"categories":[7,58,6],"tags":[],"class_list":["post-6561","post","type-post","status-publish","format-standard","has-post-thumbnail","hentry","category-bahia","category-eleicoes-2026","category-politica"],"yoast_head":"<!-- This site is optimized with the Yoast SEO plugin v26.5 - https:\/\/yoast.com\/wordpress\/plugins\/seo\/ -->\n<title>Nelson Leal aciona Justi\u00e7a contra Jaques Wagner por divulga\u00e7\u00e3o de pesquisa falsa - Sudoesteacontece<\/title>\n<meta name=\"robots\" content=\"index, follow, max-snippet:-1, max-image-preview:large, max-video-preview:-1\" \/>\n<link rel=\"canonical\" href=\"https:\/\/sudoesteacontece.com.br\/?p=6561\" \/>\n<meta property=\"og:locale\" content=\"pt_BR\" \/>\n<meta property=\"og:type\" content=\"article\" \/>\n<meta property=\"og:title\" content=\"Nelson Leal aciona Justi\u00e7a contra Jaques Wagner por divulga\u00e7\u00e3o de pesquisa falsa - Sudoesteacontece\" \/>\n<meta property=\"og:description\" content=\"A\u00e7\u00e3o judicial foi movida pelo deputado estadual Nelson Leal (PP) contra o senador Jaques Wagner (PT) ap\u00f3s a divulga\u00e7\u00e3o do que o parlamentar classificou como pesquisa eleitoral falsa sobre o Governo da Bahia. O caso ganhou repercuss\u00e3o nesta quarta-feira (21) e elevou a tens\u00e3o entre aliados e opositores no cen\u00e1rio pol\u00edtico estadual. Durante entrevista \u00e0 TV Baiana, Wagner afirmou que o instituto AtlasIntel teria realizado um levantamento recente indicando vit\u00f3ria do governador Jer\u00f4nimo Rodrigues ainda no primeiro turno, com 54% dos votos. A declara\u00e7\u00e3o foi feita como se o dado tivesse respaldo t\u00e9cnico e metodol\u00f3gico do instituto citado. No entanto, a AtlasIntel negou a exist\u00eancia da pesquisa. Em declara\u00e7\u00e3o ao jornal Correio, o chefe de Risco Pol\u00edtico e An\u00e1lise Pol\u00edtica do instituto, Yuri Sanches, afirmou que nenhum levantamento com esse conte\u00fado foi produzido, contrariando diretamente a fala do senador petista. Diante da negativa oficial, Nelson Leal reagiu e anunciou que recorreu \u00e0 Justi\u00e7a contra Jaques Wagner. O deputado classificou o epis\u00f3dio como grave e acusou o senador de agir com irresponsabilidade ao divulgar uma informa\u00e7\u00e3o que n\u00e3o corresponde \u00e0 realidade. Para Leal, o caso ganha contornos ainda mais s\u00e9rios pelo cargo ocupado por Wagner. Segundo o deputado, espalhar fake news \u00e9 crime, sobretudo quando parte de um senador da Rep\u00fablica e l\u00edder do governo no Senado, algu\u00e9m que deveria zelar pela veracidade das informa\u00e7\u00f5es p\u00fablicas. Al\u00e9m das cr\u00edticas pol\u00edticas, Leal destacou que a legisla\u00e7\u00e3o prev\u00ea puni\u00e7\u00f5es para quem divulga informa\u00e7\u00f5es falsas. Ele afirmou que pessoas com mandato eletivo podem responder por crimes contra a honra e at\u00e9 por crime de responsabilidade, a depender da gravidade e dos impactos da conduta. Com a judicializa\u00e7\u00e3o do epis\u00f3dio, o caso deve avan\u00e7ar para an\u00e1lise do Judici\u00e1rio e promete ampliar o debate sobre desinforma\u00e7\u00e3o, responsabilidade institucional e o uso pol\u00edtico de pesquisas eleitorais no per\u00edodo pr\u00e9-eleitoral.\" \/>\n<meta property=\"og:url\" content=\"https:\/\/sudoesteacontece.com.br\/?p=6561\" \/>\n<meta property=\"og:site_name\" content=\"Sudoesteacontece\" \/>\n<meta property=\"article:publisher\" content=\"https:\/\/www.facebook.com\/sudoesteacontece\/?locale=pt_BR\" \/>\n<meta property=\"article:published_time\" content=\"2026-01-22T11:55:35+00:00\" \/>\n<meta property=\"article:modified_time\" content=\"2026-01-22T11:55:41+00:00\" \/>\n<meta property=\"og:image\" content=\"https:\/\/sudoesteacontece.com.br\/wp-content\/uploads\/2026\/01\/Nelson-Leal-aciona-Justica-contra-Jaques-Wagner-por-divulgacao-de-pesquisa-falsa-sudoeste-acontece.jpg\" \/>\n\t<meta property=\"og:image:width\" content=\"900\" \/>\n\t<meta property=\"og:image:height\" content=\"600\" \/>\n\t<meta property=\"og:image:type\" content=\"image\/jpeg\" \/>\n<meta name=\"author\" content=\"Reda\u00e7\u00e3o\" \/>\n<meta name=\"twitter:card\" content=\"summary_large_image\" \/>\n<meta name=\"twitter:label1\" content=\"Escrito por\" \/>\n\t<meta name=\"twitter:data1\" content=\"Reda\u00e7\u00e3o\" \/>\n\t<meta name=\"twitter:label2\" content=\"Est. tempo de leitura\" \/>\n\t<meta name=\"twitter:data2\" content=\"3 minutos\" \/>\n<script type=\"application\/ld+json\" class=\"yoast-schema-graph\">{\"@context\":\"https:\/\/schema.org\",\"@graph\":[{\"@type\":\"Article\",\"@id\":\"https:\/\/sudoesteacontece.com.br\/?p=6561#article\",\"isPartOf\":{\"@id\":\"https:\/\/sudoesteacontece.com.br\/?p=6561\"},\"author\":{\"name\":\"Reda\u00e7\u00e3o\",\"@id\":\"https:\/\/sudoesteacontece.com.br\/#\/schema\/person\/a4f22429c1d0923ef8f7d43343f8dc38\"},\"headline\":\"Nelson Leal aciona Justi\u00e7a contra Jaques Wagner por divulga\u00e7\u00e3o de pesquisa falsa\",\"datePublished\":\"2026-01-22T11:55:35+00:00\",\"dateModified\":\"2026-01-22T11:55:41+00:00\",\"mainEntityOfPage\":{\"@id\":\"https:\/\/sudoesteacontece.com.br\/?p=6561\"},\"wordCount\":353,\"commentCount\":0,\"publisher\":{\"@id\":\"https:\/\/sudoesteacontece.com.br\/#organization\"},\"image\":{\"@id\":\"https:\/\/sudoesteacontece.com.br\/?p=6561#primaryimage\"},\"thumbnailUrl\":\"https:\/\/sudoesteacontece.com.br\/wp-content\/uploads\/2026\/01\/Nelson-Leal-aciona-Justica-contra-Jaques-Wagner-por-divulgacao-de-pesquisa-falsa-sudoeste-acontece.jpg\",\"articleSection\":[\"Bahia\",\"Elei\u00e7\u00f5es 2026\",\"Pol\u00edtica\"],\"inLanguage\":\"pt-BR\",\"potentialAction\":[{\"@type\":\"CommentAction\",\"name\":\"Comment\",\"target\":[\"https:\/\/sudoesteacontece.com.br\/?p=6561#respond\"]}]},{\"@type\":\"WebPage\",\"@id\":\"https:\/\/sudoesteacontece.com.br\/?p=6561\",\"url\":\"https:\/\/sudoesteacontece.com.br\/?p=6561\",\"name\":\"Nelson Leal aciona Justi\u00e7a contra Jaques Wagner por divulga\u00e7\u00e3o de pesquisa falsa - Sudoesteacontece\",\"isPartOf\":{\"@id\":\"https:\/\/sudoesteacontece.com.br\/#website\"},\"primaryImageOfPage\":{\"@id\":\"https:\/\/sudoesteacontece.com.br\/?p=6561#primaryimage\"},\"image\":{\"@id\":\"https:\/\/sudoesteacontece.com.br\/?p=6561#primaryimage\"},\"thumbnailUrl\":\"https:\/\/sudoesteacontece.com.br\/wp-content\/uploads\/2026\/01\/Nelson-Leal-aciona-Justica-contra-Jaques-Wagner-por-divulgacao-de-pesquisa-falsa-sudoeste-acontece.jpg\",\"datePublished\":\"2026-01-22T11:55:35+00:00\",\"dateModified\":\"2026-01-22T11:55:41+00:00\",\"breadcrumb\":{\"@id\":\"https:\/\/sudoesteacontece.com.br\/?p=6561#breadcrumb\"},\"inLanguage\":\"pt-BR\",\"potentialAction\":[{\"@type\":\"ReadAction\",\"target\":[\"https:\/\/sudoesteacontece.com.br\/?p=6561\"]}]},{\"@type\":\"ImageObject\",\"inLanguage\":\"pt-BR\",\"@id\":\"https:\/\/sudoesteacontece.com.br\/?p=6561#primaryimage\",\"url\":\"https:\/\/sudoesteacontece.com.br\/wp-content\/uploads\/2026\/01\/Nelson-Leal-aciona-Justica-contra-Jaques-Wagner-por-divulgacao-de-pesquisa-falsa-sudoeste-acontece.jpg\",\"contentUrl\":\"https:\/\/sudoesteacontece.com.br\/wp-content\/uploads\/2026\/01\/Nelson-Leal-aciona-Justica-contra-Jaques-Wagner-por-divulgacao-de-pesquisa-falsa-sudoeste-acontece.jpg\",\"width\":900,\"height\":600},{\"@type\":\"BreadcrumbList\",\"@id\":\"https:\/\/sudoesteacontece.com.br\/?p=6561#breadcrumb\",\"itemListElement\":[{\"@type\":\"ListItem\",\"position\":1,\"name\":\"In\u00edcio\",\"item\":\"https:\/\/sudoesteacontece.com.br\/\"},{\"@type\":\"ListItem\",\"position\":2,\"name\":\"Nelson Leal aciona Justi\u00e7a contra Jaques Wagner por divulga\u00e7\u00e3o de pesquisa falsa\"}]},{\"@type\":\"WebSite\",\"@id\":\"https:\/\/sudoesteacontece.com.br\/#website\",\"url\":\"https:\/\/sudoesteacontece.com.br\/\",\"name\":\"Sudoesteacontece\",\"description\":\"\",\"publisher\":{\"@id\":\"https:\/\/sudoesteacontece.com.br\/#organization\"},\"potentialAction\":[{\"@type\":\"SearchAction\",\"target\":{\"@type\":\"EntryPoint\",\"urlTemplate\":\"https:\/\/sudoesteacontece.com.br\/?s={search_term_string}\"},\"query-input\":{\"@type\":\"PropertyValueSpecification\",\"valueRequired\":true,\"valueName\":\"search_term_string\"}}],\"inLanguage\":\"pt-BR\"},{\"@type\":\"Organization\",\"@id\":\"https:\/\/sudoesteacontece.com.br\/#organization\",\"name\":\"Sudoesteacontece\",\"url\":\"https:\/\/sudoesteacontece.com.br\/\",\"logo\":{\"@type\":\"ImageObject\",\"inLanguage\":\"pt-BR\",\"@id\":\"https:\/\/sudoesteacontece.com.br\/#\/schema\/logo\/image\/\",\"url\":\"https:\/\/sudoesteacontece.com.br\/wp-content\/uploads\/2025\/12\/cropped-logo-2-180x180-1.png\",\"contentUrl\":\"https:\/\/sudoesteacontece.com.br\/wp-content\/uploads\/2025\/12\/cropped-logo-2-180x180-1.png\",\"width\":180,\"height\":180,\"caption\":\"Sudoesteacontece\"},\"image\":{\"@id\":\"https:\/\/sudoesteacontece.com.br\/#\/schema\/logo\/image\/\"},\"sameAs\":[\"https:\/\/www.facebook.com\/sudoesteacontece\/?locale=pt_BR\"]},{\"@type\":\"Person\",\"@id\":\"https:\/\/sudoesteacontece.com.br\/#\/schema\/person\/a4f22429c1d0923ef8f7d43343f8dc38\",\"name\":\"Reda\u00e7\u00e3o\",\"image\":{\"@type\":\"ImageObject\",\"inLanguage\":\"pt-BR\",\"@id\":\"https:\/\/sudoesteacontece.com.br\/#\/schema\/person\/image\/\",\"url\":\"https:\/\/secure.gravatar.com\/avatar\/c3a5b3c93f268a709c25a2df414c629a96fb3b1b4bf97a94fb3f72e54ae76903?s=96&d=mm&r=g\",\"contentUrl\":\"https:\/\/secure.gravatar.com\/avatar\/c3a5b3c93f268a709c25a2df414c629a96fb3b1b4bf97a94fb3f72e54ae76903?s=96&d=mm&r=g\",\"caption\":\"Reda\u00e7\u00e3o\"},\"url\":\"https:\/\/sudoesteacontece.com.br\/?author=4\"}]}<\/script>\n<!-- \/ Yoast SEO plugin. -->","yoast_head_json":{"title":"Nelson Leal aciona Justi\u00e7a contra Jaques Wagner por divulga\u00e7\u00e3o de pesquisa falsa - Sudoesteacontece","robots":{"index":"index","follow":"follow","max-snippet":"max-snippet:-1","max-image-preview":"max-image-preview:large","max-video-preview":"max-video-preview:-1"},"canonical":"https:\/\/sudoesteacontece.com.br\/?p=6561","og_locale":"pt_BR","og_type":"article","og_title":"Nelson Leal aciona Justi\u00e7a contra Jaques Wagner por divulga\u00e7\u00e3o de pesquisa falsa - Sudoesteacontece","og_description":"A\u00e7\u00e3o judicial foi movida pelo deputado estadual Nelson Leal (PP) contra o senador Jaques Wagner (PT) ap\u00f3s a divulga\u00e7\u00e3o do que o parlamentar classificou como pesquisa eleitoral falsa sobre o Governo da Bahia. O caso ganhou repercuss\u00e3o nesta quarta-feira (21) e elevou a tens\u00e3o entre aliados e opositores no cen\u00e1rio pol\u00edtico estadual. Durante entrevista \u00e0 TV Baiana, Wagner afirmou que o instituto AtlasIntel teria realizado um levantamento recente indicando vit\u00f3ria do governador Jer\u00f4nimo Rodrigues ainda no primeiro turno, com 54% dos votos. A declara\u00e7\u00e3o foi feita como se o dado tivesse respaldo t\u00e9cnico e metodol\u00f3gico do instituto citado. No entanto, a AtlasIntel negou a exist\u00eancia da pesquisa. Em declara\u00e7\u00e3o ao jornal Correio, o chefe de Risco Pol\u00edtico e An\u00e1lise Pol\u00edtica do instituto, Yuri Sanches, afirmou que nenhum levantamento com esse conte\u00fado foi produzido, contrariando diretamente a fala do senador petista. Diante da negativa oficial, Nelson Leal reagiu e anunciou que recorreu \u00e0 Justi\u00e7a contra Jaques Wagner. O deputado classificou o epis\u00f3dio como grave e acusou o senador de agir com irresponsabilidade ao divulgar uma informa\u00e7\u00e3o que n\u00e3o corresponde \u00e0 realidade. Para Leal, o caso ganha contornos ainda mais s\u00e9rios pelo cargo ocupado por Wagner. Segundo o deputado, espalhar fake news \u00e9 crime, sobretudo quando parte de um senador da Rep\u00fablica e l\u00edder do governo no Senado, algu\u00e9m que deveria zelar pela veracidade das informa\u00e7\u00f5es p\u00fablicas. Al\u00e9m das cr\u00edticas pol\u00edticas, Leal destacou que a legisla\u00e7\u00e3o prev\u00ea puni\u00e7\u00f5es para quem divulga informa\u00e7\u00f5es falsas. Ele afirmou que pessoas com mandato eletivo podem responder por crimes contra a honra e at\u00e9 por crime de responsabilidade, a depender da gravidade e dos impactos da conduta. Com a judicializa\u00e7\u00e3o do epis\u00f3dio, o caso deve avan\u00e7ar para an\u00e1lise do Judici\u00e1rio e promete ampliar o debate sobre desinforma\u00e7\u00e3o, responsabilidade institucional e o uso pol\u00edtico de pesquisas eleitorais no per\u00edodo pr\u00e9-eleitoral.","og_url":"https:\/\/sudoesteacontece.com.br\/?p=6561","og_site_name":"Sudoesteacontece","article_publisher":"https:\/\/www.facebook.com\/sudoesteacontece\/?locale=pt_BR","article_published_time":"2026-01-22T11:55:35+00:00","article_modified_time":"2026-01-22T11:55:41+00:00","og_image":[{"width":900,"height":600,"url":"https:\/\/sudoesteacontece.com.br\/wp-content\/uploads\/2026\/01\/Nelson-Leal-aciona-Justica-contra-Jaques-Wagner-por-divulgacao-de-pesquisa-falsa-sudoeste-acontece.jpg","type":"image\/jpeg"}],"author":"Reda\u00e7\u00e3o","twitter_card":"summary_large_image","twitter_misc":{"Escrito por":"Reda\u00e7\u00e3o","Est. tempo de leitura":"3 minutos"},"schema":{"@context":"https:\/\/schema.org","@graph":[{"@type":"Article","@id":"https:\/\/sudoesteacontece.com.br\/?p=6561#article","isPartOf":{"@id":"https:\/\/sudoesteacontece.com.br\/?p=6561"},"author":{"name":"Reda\u00e7\u00e3o","@id":"https:\/\/sudoesteacontece.com.br\/#\/schema\/person\/a4f22429c1d0923ef8f7d43343f8dc38"},"headline":"Nelson Leal aciona Justi\u00e7a contra Jaques Wagner por divulga\u00e7\u00e3o de pesquisa falsa","datePublished":"2026-01-22T11:55:35+00:00","dateModified":"2026-01-22T11:55:41+00:00","mainEntityOfPage":{"@id":"https:\/\/sudoesteacontece.com.br\/?p=6561"},"wordCount":353,"commentCount":0,"publisher":{"@id":"https:\/\/sudoesteacontece.com.br\/#organization"},"image":{"@id":"https:\/\/sudoesteacontece.com.br\/?p=6561#primaryimage"},"thumbnailUrl":"https:\/\/sudoesteacontece.com.br\/wp-content\/uploads\/2026\/01\/Nelson-Leal-aciona-Justica-contra-Jaques-Wagner-por-divulgacao-de-pesquisa-falsa-sudoeste-acontece.jpg","articleSection":["Bahia","Elei\u00e7\u00f5es 2026","Pol\u00edtica"],"inLanguage":"pt-BR","potentialAction":[{"@type":"CommentAction","name":"Comment","target":["https:\/\/sudoesteacontece.com.br\/?p=6561#respond"]}]},{"@type":"WebPage","@id":"https:\/\/sudoesteacontece.com.br\/?p=6561","url":"https:\/\/sudoesteacontece.com.br\/?p=6561","name":"Nelson Leal aciona Justi\u00e7a contra Jaques Wagner por divulga\u00e7\u00e3o de pesquisa falsa - Sudoesteacontece","isPartOf":{"@id":"https:\/\/sudoesteacontece.com.br\/#website"},"primaryImageOfPage":{"@id":"https:\/\/sudoesteacontece.com.br\/?p=6561#primaryimage"},"image":{"@id":"https:\/\/sudoesteacontece.com.br\/?p=6561#primaryimage"},"thumbnailUrl":"https:\/\/sudoesteacontece.com.br\/wp-content\/uploads\/2026\/01\/Nelson-Leal-aciona-Justica-contra-Jaques-Wagner-por-divulgacao-de-pesquisa-falsa-sudoeste-acontece.jpg","datePublished":"2026-01-22T11:55:35+00:00","dateModified":"2026-01-22T11:55:41+00:00","breadcrumb":{"@id":"https:\/\/sudoesteacontece.com.br\/?p=6561#breadcrumb"},"inLanguage":"pt-BR","potentialAction":[{"@type":"ReadAction","target":["https:\/\/sudoesteacontece.com.br\/?p=6561"]}]},{"@type":"ImageObject","inLanguage":"pt-BR","@id":"https:\/\/sudoesteacontece.com.br\/?p=6561#primaryimage","url":"https:\/\/sudoesteacontece.com.br\/wp-content\/uploads\/2026\/01\/Nelson-Leal-aciona-Justica-contra-Jaques-Wagner-por-divulgacao-de-pesquisa-falsa-sudoeste-acontece.jpg","contentUrl":"https:\/\/sudoesteacontece.com.br\/wp-content\/uploads\/2026\/01\/Nelson-Leal-aciona-Justica-contra-Jaques-Wagner-por-divulgacao-de-pesquisa-falsa-sudoeste-acontece.jpg","width":900,"height":600},{"@type":"BreadcrumbList","@id":"https:\/\/sudoesteacontece.com.br\/?p=6561#breadcrumb","itemListElement":[{"@type":"ListItem","position":1,"name":"In\u00edcio","item":"https:\/\/sudoesteacontece.com.br\/"},{"@type":"ListItem","position":2,"name":"Nelson Leal aciona Justi\u00e7a contra Jaques Wagner por divulga\u00e7\u00e3o de pesquisa falsa"}]},{"@type":"WebSite","@id":"https:\/\/sudoesteacontece.com.br\/#website","url":"https:\/\/sudoesteacontece.com.br\/","name":"Sudoesteacontece","description":"","publisher":{"@id":"https:\/\/sudoesteacontece.com.br\/#organization"},"potentialAction":[{"@type":"SearchAction","target":{"@type":"EntryPoint","urlTemplate":"https:\/\/sudoesteacontece.com.br\/?s={search_term_string}"},"query-input":{"@type":"PropertyValueSpecification","valueRequired":true,"valueName":"search_term_string"}}],"inLanguage":"pt-BR"},{"@type":"Organization","@id":"https:\/\/sudoesteacontece.com.br\/#organization","name":"Sudoesteacontece","url":"https:\/\/sudoesteacontece.com.br\/","logo":{"@type":"ImageObject","inLanguage":"pt-BR","@id":"https:\/\/sudoesteacontece.com.br\/#\/schema\/logo\/image\/","url":"https:\/\/sudoesteacontece.com.br\/wp-content\/uploads\/2025\/12\/cropped-logo-2-180x180-1.png","contentUrl":"https:\/\/sudoesteacontece.com.br\/wp-content\/uploads\/2025\/12\/cropped-logo-2-180x180-1.png","width":180,"height":180,"caption":"Sudoesteacontece"},"image":{"@id":"https:\/\/sudoesteacontece.com.br\/#\/schema\/logo\/image\/"},"sameAs":["https:\/\/www.facebook.com\/sudoesteacontece\/?locale=pt_BR"]},{"@type":"Person","@id":"https:\/\/sudoesteacontece.com.br\/#\/schema\/person\/a4f22429c1d0923ef8f7d43343f8dc38","name":"Reda\u00e7\u00e3o","image":{"@type":"ImageObject","inLanguage":"pt-BR","@id":"https:\/\/sudoesteacontece.com.br\/#\/schema\/person\/image\/","url":"https:\/\/secure.gravatar.com\/avatar\/c3a5b3c93f268a709c25a2df414c629a96fb3b1b4bf97a94fb3f72e54ae76903?s=96&d=mm&r=g","contentUrl":"https:\/\/secure.gravatar.com\/avatar\/c3a5b3c93f268a709c25a2df414c629a96fb3b1b4bf97a94fb3f72e54ae76903?s=96&d=mm&r=g","caption":"Reda\u00e7\u00e3o"},"url":"https:\/\/sudoesteacontece.com.br\/?author=4"}]}},"_links":{"self":[{"href":"https:\/\/sudoesteacontece.com.br\/index.php?rest_route=\/wp\/v2\/posts\/6561","targetHints":{"allow":["GET"]}}],"collection":[{"href":"https:\/\/sudoesteacontece.com.br\/index.php?rest_route=\/wp\/v2\/posts"}],"about":[{"href":"https:\/\/sudoesteacontece.com.br\/index.php?rest_route=\/wp\/v2\/types\/post"}],"author":[{"embeddable":true,"href":"https:\/\/sudoesteacontece.com.br\/index.php?rest_route=\/wp\/v2\/users\/4"}],"replies":[{"embeddable":true,"href":"https:\/\/sudoesteacontece.com.br\/index.php?rest_route=%2Fwp%2Fv2%2Fcomments&post=6561"}],"version-history":[{"count":0,"href":"https:\/\/sudoesteacontece.com.br\/index.php?rest_route=\/wp\/v2\/posts\/6561\/revisions"}],"wp:featuredmedia":[{"embeddable":true,"href":"https:\/\/sudoesteacontece.com.br\/index.php?rest_route=\/wp\/v2\/media\/6584"}],"wp:attachment":[{"href":"https:\/\/sudoesteacontece.com.br\/index.php?rest_route=%2Fwp%2Fv2%2Fmedia&parent=6561"}],"wp:term":[{"taxonomy":"category","embeddable":true,"href":"https:\/\/sudoesteacontece.com.br\/index.php?rest_route=%2Fwp%2Fv2%2Fcategories&post=6561"},{"taxonomy":"post_tag","embeddable":true,"href":"https:\/\/sudoesteacontece.com.br\/index.php?rest_route=%2Fwp%2Fv2%2Ftags&post=6561"}],"curies":[{"name":"wp","href":"https:\/\/api.w.org\/{rel}","templated":true}]}}