{"id":6600,"date":"2026-01-22T16:16:14","date_gmt":"2026-01-22T19:16:14","guid":{"rendered":"https:\/\/sudoesteacontece.com.br\/?p=6600"},"modified":"2026-01-22T16:16:19","modified_gmt":"2026-01-22T19:16:19","slug":"rui-costa-descarta-troca-com-jeronimo-e-reforca-candidatura-ao-senado-na-bahia","status":"publish","type":"post","link":"https:\/\/sudoesteacontece.com.br\/?p=6600","title":{"rendered":"Rui Costa descarta troca com Jer\u00f4nimo e refor\u00e7a candidatura ao Senado na Bahia"},"content":{"rendered":"<div class=\"wp-block-image\">\n<figure class=\"aligncenter size-full\"><img fetchpriority=\"high\" decoding=\"async\" width=\"900\" height=\"600\" src=\"http:\/\/sudoesteacontece.com.br\/wp-content\/uploads\/2025\/12\/Rui-Costa-nao-descarta-chapa-majoritaria-do-PT-na-Bahia-e-diz-que-dialogo-busca-consenso-sudoeste-acontece.jpg\" alt=\"\" class=\"wp-image-4448\" srcset=\"https:\/\/sudoesteacontece.com.br\/wp-content\/uploads\/2025\/12\/Rui-Costa-nao-descarta-chapa-majoritaria-do-PT-na-Bahia-e-diz-que-dialogo-busca-consenso-sudoeste-acontece.jpg 900w, https:\/\/sudoesteacontece.com.br\/wp-content\/uploads\/2025\/12\/Rui-Costa-nao-descarta-chapa-majoritaria-do-PT-na-Bahia-e-diz-que-dialogo-busca-consenso-sudoeste-acontece-300x200.jpg 300w, https:\/\/sudoesteacontece.com.br\/wp-content\/uploads\/2025\/12\/Rui-Costa-nao-descarta-chapa-majoritaria-do-PT-na-Bahia-e-diz-que-dialogo-busca-consenso-sudoeste-acontece-768x512.jpg 768w\" sizes=\"(max-width: 900px) 100vw, 900px\" \/><\/figure>\n<\/div>\n\n\n<p>Rui Costa voltou a negar qualquer possibilidade de disputar o Governo da Bahia no lugar de Jer\u00f4nimo Rodrigues. Em entrevista \u00e0 R\u00e1dio 93 FM, em Jequi\u00e9, o ministro da Casa Civil afirmou que as informa\u00e7\u00f5es sobre uma suposta troca s\u00e3o especulativas e reiterou que seu projeto pol\u00edtico est\u00e1 concentrado na disputa por uma das vagas ao Senado nas elei\u00e7\u00f5es deste ano.<\/p>\n\n\n\n<p>Durante a conversa, o petista foi direto ao tratar do tema e buscou encerrar as especula\u00e7\u00f5es. Ele afirmou que mant\u00e9m sua pr\u00e9-candidatura ao Senado Federal pela Bahia e que n\u00e3o existe mudan\u00e7a de rota. Segundo Rui, boatos recorrentes acabam ganhando for\u00e7a sem base concreta e criam vers\u00f5es que n\u00e3o correspondem \u00e0 realidade pol\u00edtica do momento.<\/p>\n\n\n\n<p>Nos \u00faltimos dias, rumores sobre uma poss\u00edvel substitui\u00e7\u00e3o de Jer\u00f4nimo por Rui voltaram ao notici\u00e1rio nacional. Reportagem da CNN Brasil apontou que o presidente Luiz In\u00e1cio Lula da Silva acompanha de perto o cen\u00e1rio eleitoral baiano, o que ampliou interpreta\u00e7\u00f5es sobre mudan\u00e7as na estrat\u00e9gia do PT no estado.<\/p>\n\n\n\n<p>Ainda assim, o ministro criticou a forma como essas informa\u00e7\u00f5es s\u00e3o difundidas. Rui Costa afirmou que n\u00e3o controla o conte\u00fado publicado pela imprensa e alertou para o impacto da divulga\u00e7\u00e3o de hip\u00f3teses tratadas como fatos, o que, segundo ele, alimenta confus\u00e3o e expectativas sem confirma\u00e7\u00e3o oficial.<\/p>\n","protected":false},"excerpt":{"rendered":"<p>Rui Costa voltou a negar qualquer possibilidade de disputar o Governo da Bahia no lugar de Jer\u00f4nimo Rodrigues. Em entrevista \u00e0 R\u00e1dio 93 FM, em Jequi\u00e9, o ministro da Casa Civil afirmou que as informa\u00e7\u00f5es sobre uma suposta troca s\u00e3o especulativas e reiterou que seu projeto pol\u00edtico est\u00e1 concentrado na disputa por uma das vagas ao Senado nas elei\u00e7\u00f5es deste ano. Durante a conversa, o petista foi direto ao tratar do tema e buscou encerrar as especula\u00e7\u00f5es. Ele afirmou que mant\u00e9m sua pr\u00e9-candidatura ao Senado Federal pela Bahia e que n\u00e3o existe mudan\u00e7a de rota. Segundo Rui, boatos recorrentes acabam ganhando for\u00e7a sem base concreta e criam vers\u00f5es que n\u00e3o correspondem \u00e0 realidade pol\u00edtica do momento. Nos \u00faltimos dias, rumores sobre uma poss\u00edvel substitui\u00e7\u00e3o de Jer\u00f4nimo por Rui voltaram ao notici\u00e1rio nacional. Reportagem da CNN Brasil apontou que o presidente Luiz In\u00e1cio Lula da Silva acompanha de perto o cen\u00e1rio eleitoral baiano, o que ampliou interpreta\u00e7\u00f5es sobre mudan\u00e7as na estrat\u00e9gia do PT no estado. Ainda assim, o ministro criticou a forma como essas informa\u00e7\u00f5es s\u00e3o difundidas. Rui Costa afirmou que n\u00e3o controla o conte\u00fado publicado pela imprensa e alertou para o impacto da divulga\u00e7\u00e3o de hip\u00f3teses tratadas como fatos, o que, segundo ele, alimenta confus\u00e3o e expectativas sem confirma\u00e7\u00e3o oficial.<\/p>\n","protected":false},"author":4,"featured_media":4448,"comment_status":"open","ping_status":"open","sticky":false,"template":"","format":"standard","meta":{"footnotes":""},"categories":[7,4,58,6],"tags":[],"class_list":["post-6600","post","type-post","status-publish","format-standard","has-post-thumbnail","hentry","category-bahia","category-cidades","category-eleicoes-2026","category-politica"],"yoast_head":"<!-- This site is optimized with the Yoast SEO plugin v26.5 - https:\/\/yoast.com\/wordpress\/plugins\/seo\/ -->\n<title>Rui Costa descarta troca com Jer\u00f4nimo e refor\u00e7a candidatura ao Senado na Bahia - Sudoesteacontece<\/title>\n<meta name=\"robots\" content=\"index, follow, max-snippet:-1, max-image-preview:large, max-video-preview:-1\" \/>\n<link rel=\"canonical\" href=\"https:\/\/sudoesteacontece.com.br\/?p=6600\" \/>\n<meta property=\"og:locale\" content=\"pt_BR\" \/>\n<meta property=\"og:type\" content=\"article\" \/>\n<meta property=\"og:title\" content=\"Rui Costa descarta troca com Jer\u00f4nimo e refor\u00e7a candidatura ao Senado na Bahia - Sudoesteacontece\" \/>\n<meta property=\"og:description\" content=\"Rui Costa voltou a negar qualquer possibilidade de disputar o Governo da Bahia no lugar de Jer\u00f4nimo Rodrigues. Em entrevista \u00e0 R\u00e1dio 93 FM, em Jequi\u00e9, o ministro da Casa Civil afirmou que as informa\u00e7\u00f5es sobre uma suposta troca s\u00e3o especulativas e reiterou que seu projeto pol\u00edtico est\u00e1 concentrado na disputa por uma das vagas ao Senado nas elei\u00e7\u00f5es deste ano. Durante a conversa, o petista foi direto ao tratar do tema e buscou encerrar as especula\u00e7\u00f5es. Ele afirmou que mant\u00e9m sua pr\u00e9-candidatura ao Senado Federal pela Bahia e que n\u00e3o existe mudan\u00e7a de rota. Segundo Rui, boatos recorrentes acabam ganhando for\u00e7a sem base concreta e criam vers\u00f5es que n\u00e3o correspondem \u00e0 realidade pol\u00edtica do momento. Nos \u00faltimos dias, rumores sobre uma poss\u00edvel substitui\u00e7\u00e3o de Jer\u00f4nimo por Rui voltaram ao notici\u00e1rio nacional. Reportagem da CNN Brasil apontou que o presidente Luiz In\u00e1cio Lula da Silva acompanha de perto o cen\u00e1rio eleitoral baiano, o que ampliou interpreta\u00e7\u00f5es sobre mudan\u00e7as na estrat\u00e9gia do PT no estado. Ainda assim, o ministro criticou a forma como essas informa\u00e7\u00f5es s\u00e3o difundidas. Rui Costa afirmou que n\u00e3o controla o conte\u00fado publicado pela imprensa e alertou para o impacto da divulga\u00e7\u00e3o de hip\u00f3teses tratadas como fatos, o que, segundo ele, alimenta confus\u00e3o e expectativas sem confirma\u00e7\u00e3o oficial.\" \/>\n<meta property=\"og:url\" content=\"https:\/\/sudoesteacontece.com.br\/?p=6600\" \/>\n<meta property=\"og:site_name\" content=\"Sudoesteacontece\" \/>\n<meta property=\"article:publisher\" content=\"https:\/\/www.facebook.com\/sudoesteacontece\/?locale=pt_BR\" \/>\n<meta property=\"article:published_time\" content=\"2026-01-22T19:16:14+00:00\" \/>\n<meta property=\"article:modified_time\" content=\"2026-01-22T19:16:19+00:00\" \/>\n<meta property=\"og:image\" content=\"https:\/\/sudoesteacontece.com.br\/wp-content\/uploads\/2025\/12\/Rui-Costa-nao-descarta-chapa-majoritaria-do-PT-na-Bahia-e-diz-que-dialogo-busca-consenso-sudoeste-acontece.jpg\" \/>\n\t<meta property=\"og:image:width\" content=\"900\" \/>\n\t<meta property=\"og:image:height\" content=\"600\" \/>\n\t<meta property=\"og:image:type\" content=\"image\/jpeg\" \/>\n<meta name=\"author\" content=\"Reda\u00e7\u00e3o\" \/>\n<meta name=\"twitter:card\" content=\"summary_large_image\" \/>\n<meta name=\"twitter:label1\" content=\"Escrito por\" \/>\n\t<meta name=\"twitter:data1\" content=\"Reda\u00e7\u00e3o\" \/>\n\t<meta name=\"twitter:label2\" content=\"Est. tempo de leitura\" \/>\n\t<meta name=\"twitter:data2\" content=\"2 minutos\" \/>\n<script type=\"application\/ld+json\" class=\"yoast-schema-graph\">{\"@context\":\"https:\/\/schema.org\",\"@graph\":[{\"@type\":\"Article\",\"@id\":\"https:\/\/sudoesteacontece.com.br\/?p=6600#article\",\"isPartOf\":{\"@id\":\"https:\/\/sudoesteacontece.com.br\/?p=6600\"},\"author\":{\"name\":\"Reda\u00e7\u00e3o\",\"@id\":\"https:\/\/sudoesteacontece.com.br\/#\/schema\/person\/a4f22429c1d0923ef8f7d43343f8dc38\"},\"headline\":\"Rui Costa descarta troca com Jer\u00f4nimo e refor\u00e7a candidatura ao Senado na Bahia\",\"datePublished\":\"2026-01-22T19:16:14+00:00\",\"dateModified\":\"2026-01-22T19:16:19+00:00\",\"mainEntityOfPage\":{\"@id\":\"https:\/\/sudoesteacontece.com.br\/?p=6600\"},\"wordCount\":254,\"commentCount\":0,\"publisher\":{\"@id\":\"https:\/\/sudoesteacontece.com.br\/#organization\"},\"image\":{\"@id\":\"https:\/\/sudoesteacontece.com.br\/?p=6600#primaryimage\"},\"thumbnailUrl\":\"https:\/\/sudoesteacontece.com.br\/wp-content\/uploads\/2025\/12\/Rui-Costa-nao-descarta-chapa-majoritaria-do-PT-na-Bahia-e-diz-que-dialogo-busca-consenso-sudoeste-acontece.jpg\",\"articleSection\":[\"Bahia\",\"Cidades\",\"Elei\u00e7\u00f5es 2026\",\"Pol\u00edtica\"],\"inLanguage\":\"pt-BR\",\"potentialAction\":[{\"@type\":\"CommentAction\",\"name\":\"Comment\",\"target\":[\"https:\/\/sudoesteacontece.com.br\/?p=6600#respond\"]}]},{\"@type\":\"WebPage\",\"@id\":\"https:\/\/sudoesteacontece.com.br\/?p=6600\",\"url\":\"https:\/\/sudoesteacontece.com.br\/?p=6600\",\"name\":\"Rui Costa descarta troca com Jer\u00f4nimo e refor\u00e7a candidatura ao Senado na Bahia - Sudoesteacontece\",\"isPartOf\":{\"@id\":\"https:\/\/sudoesteacontece.com.br\/#website\"},\"primaryImageOfPage\":{\"@id\":\"https:\/\/sudoesteacontece.com.br\/?p=6600#primaryimage\"},\"image\":{\"@id\":\"https:\/\/sudoesteacontece.com.br\/?p=6600#primaryimage\"},\"thumbnailUrl\":\"https:\/\/sudoesteacontece.com.br\/wp-content\/uploads\/2025\/12\/Rui-Costa-nao-descarta-chapa-majoritaria-do-PT-na-Bahia-e-diz-que-dialogo-busca-consenso-sudoeste-acontece.jpg\",\"datePublished\":\"2026-01-22T19:16:14+00:00\",\"dateModified\":\"2026-01-22T19:16:19+00:00\",\"breadcrumb\":{\"@id\":\"https:\/\/sudoesteacontece.com.br\/?p=6600#breadcrumb\"},\"inLanguage\":\"pt-BR\",\"potentialAction\":[{\"@type\":\"ReadAction\",\"target\":[\"https:\/\/sudoesteacontece.com.br\/?p=6600\"]}]},{\"@type\":\"ImageObject\",\"inLanguage\":\"pt-BR\",\"@id\":\"https:\/\/sudoesteacontece.com.br\/?p=6600#primaryimage\",\"url\":\"https:\/\/sudoesteacontece.com.br\/wp-content\/uploads\/2025\/12\/Rui-Costa-nao-descarta-chapa-majoritaria-do-PT-na-Bahia-e-diz-que-dialogo-busca-consenso-sudoeste-acontece.jpg\",\"contentUrl\":\"https:\/\/sudoesteacontece.com.br\/wp-content\/uploads\/2025\/12\/Rui-Costa-nao-descarta-chapa-majoritaria-do-PT-na-Bahia-e-diz-que-dialogo-busca-consenso-sudoeste-acontece.jpg\",\"width\":900,\"height\":600},{\"@type\":\"BreadcrumbList\",\"@id\":\"https:\/\/sudoesteacontece.com.br\/?p=6600#breadcrumb\",\"itemListElement\":[{\"@type\":\"ListItem\",\"position\":1,\"name\":\"In\u00edcio\",\"item\":\"https:\/\/sudoesteacontece.com.br\/\"},{\"@type\":\"ListItem\",\"position\":2,\"name\":\"Rui Costa descarta troca com Jer\u00f4nimo e refor\u00e7a candidatura ao Senado na Bahia\"}]},{\"@type\":\"WebSite\",\"@id\":\"https:\/\/sudoesteacontece.com.br\/#website\",\"url\":\"https:\/\/sudoesteacontece.com.br\/\",\"name\":\"Sudoesteacontece\",\"description\":\"\",\"publisher\":{\"@id\":\"https:\/\/sudoesteacontece.com.br\/#organization\"},\"potentialAction\":[{\"@type\":\"SearchAction\",\"target\":{\"@type\":\"EntryPoint\",\"urlTemplate\":\"https:\/\/sudoesteacontece.com.br\/?s={search_term_string}\"},\"query-input\":{\"@type\":\"PropertyValueSpecification\",\"valueRequired\":true,\"valueName\":\"search_term_string\"}}],\"inLanguage\":\"pt-BR\"},{\"@type\":\"Organization\",\"@id\":\"https:\/\/sudoesteacontece.com.br\/#organization\",\"name\":\"Sudoesteacontece\",\"url\":\"https:\/\/sudoesteacontece.com.br\/\",\"logo\":{\"@type\":\"ImageObject\",\"inLanguage\":\"pt-BR\",\"@id\":\"https:\/\/sudoesteacontece.com.br\/#\/schema\/logo\/image\/\",\"url\":\"https:\/\/sudoesteacontece.com.br\/wp-content\/uploads\/2025\/12\/cropped-logo-2-180x180-1.png\",\"contentUrl\":\"https:\/\/sudoesteacontece.com.br\/wp-content\/uploads\/2025\/12\/cropped-logo-2-180x180-1.png\",\"width\":180,\"height\":180,\"caption\":\"Sudoesteacontece\"},\"image\":{\"@id\":\"https:\/\/sudoesteacontece.com.br\/#\/schema\/logo\/image\/\"},\"sameAs\":[\"https:\/\/www.facebook.com\/sudoesteacontece\/?locale=pt_BR\"]},{\"@type\":\"Person\",\"@id\":\"https:\/\/sudoesteacontece.com.br\/#\/schema\/person\/a4f22429c1d0923ef8f7d43343f8dc38\",\"name\":\"Reda\u00e7\u00e3o\",\"image\":{\"@type\":\"ImageObject\",\"inLanguage\":\"pt-BR\",\"@id\":\"https:\/\/sudoesteacontece.com.br\/#\/schema\/person\/image\/\",\"url\":\"https:\/\/secure.gravatar.com\/avatar\/c3a5b3c93f268a709c25a2df414c629a96fb3b1b4bf97a94fb3f72e54ae76903?s=96&d=mm&r=g\",\"contentUrl\":\"https:\/\/secure.gravatar.com\/avatar\/c3a5b3c93f268a709c25a2df414c629a96fb3b1b4bf97a94fb3f72e54ae76903?s=96&d=mm&r=g\",\"caption\":\"Reda\u00e7\u00e3o\"},\"url\":\"https:\/\/sudoesteacontece.com.br\/?author=4\"}]}<\/script>\n<!-- \/ Yoast SEO plugin. -->","yoast_head_json":{"title":"Rui Costa descarta troca com Jer\u00f4nimo e refor\u00e7a candidatura ao Senado na Bahia - Sudoesteacontece","robots":{"index":"index","follow":"follow","max-snippet":"max-snippet:-1","max-image-preview":"max-image-preview:large","max-video-preview":"max-video-preview:-1"},"canonical":"https:\/\/sudoesteacontece.com.br\/?p=6600","og_locale":"pt_BR","og_type":"article","og_title":"Rui Costa descarta troca com Jer\u00f4nimo e refor\u00e7a candidatura ao Senado na Bahia - Sudoesteacontece","og_description":"Rui Costa voltou a negar qualquer possibilidade de disputar o Governo da Bahia no lugar de Jer\u00f4nimo Rodrigues. Em entrevista \u00e0 R\u00e1dio 93 FM, em Jequi\u00e9, o ministro da Casa Civil afirmou que as informa\u00e7\u00f5es sobre uma suposta troca s\u00e3o especulativas e reiterou que seu projeto pol\u00edtico est\u00e1 concentrado na disputa por uma das vagas ao Senado nas elei\u00e7\u00f5es deste ano. Durante a conversa, o petista foi direto ao tratar do tema e buscou encerrar as especula\u00e7\u00f5es. Ele afirmou que mant\u00e9m sua pr\u00e9-candidatura ao Senado Federal pela Bahia e que n\u00e3o existe mudan\u00e7a de rota. Segundo Rui, boatos recorrentes acabam ganhando for\u00e7a sem base concreta e criam vers\u00f5es que n\u00e3o correspondem \u00e0 realidade pol\u00edtica do momento. Nos \u00faltimos dias, rumores sobre uma poss\u00edvel substitui\u00e7\u00e3o de Jer\u00f4nimo por Rui voltaram ao notici\u00e1rio nacional. Reportagem da CNN Brasil apontou que o presidente Luiz In\u00e1cio Lula da Silva acompanha de perto o cen\u00e1rio eleitoral baiano, o que ampliou interpreta\u00e7\u00f5es sobre mudan\u00e7as na estrat\u00e9gia do PT no estado. Ainda assim, o ministro criticou a forma como essas informa\u00e7\u00f5es s\u00e3o difundidas. Rui Costa afirmou que n\u00e3o controla o conte\u00fado publicado pela imprensa e alertou para o impacto da divulga\u00e7\u00e3o de hip\u00f3teses tratadas como fatos, o que, segundo ele, alimenta confus\u00e3o e expectativas sem confirma\u00e7\u00e3o oficial.","og_url":"https:\/\/sudoesteacontece.com.br\/?p=6600","og_site_name":"Sudoesteacontece","article_publisher":"https:\/\/www.facebook.com\/sudoesteacontece\/?locale=pt_BR","article_published_time":"2026-01-22T19:16:14+00:00","article_modified_time":"2026-01-22T19:16:19+00:00","og_image":[{"width":900,"height":600,"url":"https:\/\/sudoesteacontece.com.br\/wp-content\/uploads\/2025\/12\/Rui-Costa-nao-descarta-chapa-majoritaria-do-PT-na-Bahia-e-diz-que-dialogo-busca-consenso-sudoeste-acontece.jpg","type":"image\/jpeg"}],"author":"Reda\u00e7\u00e3o","twitter_card":"summary_large_image","twitter_misc":{"Escrito por":"Reda\u00e7\u00e3o","Est. tempo de leitura":"2 minutos"},"schema":{"@context":"https:\/\/schema.org","@graph":[{"@type":"Article","@id":"https:\/\/sudoesteacontece.com.br\/?p=6600#article","isPartOf":{"@id":"https:\/\/sudoesteacontece.com.br\/?p=6600"},"author":{"name":"Reda\u00e7\u00e3o","@id":"https:\/\/sudoesteacontece.com.br\/#\/schema\/person\/a4f22429c1d0923ef8f7d43343f8dc38"},"headline":"Rui Costa descarta troca com Jer\u00f4nimo e refor\u00e7a candidatura ao Senado na Bahia","datePublished":"2026-01-22T19:16:14+00:00","dateModified":"2026-01-22T19:16:19+00:00","mainEntityOfPage":{"@id":"https:\/\/sudoesteacontece.com.br\/?p=6600"},"wordCount":254,"commentCount":0,"publisher":{"@id":"https:\/\/sudoesteacontece.com.br\/#organization"},"image":{"@id":"https:\/\/sudoesteacontece.com.br\/?p=6600#primaryimage"},"thumbnailUrl":"https:\/\/sudoesteacontece.com.br\/wp-content\/uploads\/2025\/12\/Rui-Costa-nao-descarta-chapa-majoritaria-do-PT-na-Bahia-e-diz-que-dialogo-busca-consenso-sudoeste-acontece.jpg","articleSection":["Bahia","Cidades","Elei\u00e7\u00f5es 2026","Pol\u00edtica"],"inLanguage":"pt-BR","potentialAction":[{"@type":"CommentAction","name":"Comment","target":["https:\/\/sudoesteacontece.com.br\/?p=6600#respond"]}]},{"@type":"WebPage","@id":"https:\/\/sudoesteacontece.com.br\/?p=6600","url":"https:\/\/sudoesteacontece.com.br\/?p=6600","name":"Rui Costa descarta troca com Jer\u00f4nimo e refor\u00e7a candidatura ao Senado na Bahia - Sudoesteacontece","isPartOf":{"@id":"https:\/\/sudoesteacontece.com.br\/#website"},"primaryImageOfPage":{"@id":"https:\/\/sudoesteacontece.com.br\/?p=6600#primaryimage"},"image":{"@id":"https:\/\/sudoesteacontece.com.br\/?p=6600#primaryimage"},"thumbnailUrl":"https:\/\/sudoesteacontece.com.br\/wp-content\/uploads\/2025\/12\/Rui-Costa-nao-descarta-chapa-majoritaria-do-PT-na-Bahia-e-diz-que-dialogo-busca-consenso-sudoeste-acontece.jpg","datePublished":"2026-01-22T19:16:14+00:00","dateModified":"2026-01-22T19:16:19+00:00","breadcrumb":{"@id":"https:\/\/sudoesteacontece.com.br\/?p=6600#breadcrumb"},"inLanguage":"pt-BR","potentialAction":[{"@type":"ReadAction","target":["https:\/\/sudoesteacontece.com.br\/?p=6600"]}]},{"@type":"ImageObject","inLanguage":"pt-BR","@id":"https:\/\/sudoesteacontece.com.br\/?p=6600#primaryimage","url":"https:\/\/sudoesteacontece.com.br\/wp-content\/uploads\/2025\/12\/Rui-Costa-nao-descarta-chapa-majoritaria-do-PT-na-Bahia-e-diz-que-dialogo-busca-consenso-sudoeste-acontece.jpg","contentUrl":"https:\/\/sudoesteacontece.com.br\/wp-content\/uploads\/2025\/12\/Rui-Costa-nao-descarta-chapa-majoritaria-do-PT-na-Bahia-e-diz-que-dialogo-busca-consenso-sudoeste-acontece.jpg","width":900,"height":600},{"@type":"BreadcrumbList","@id":"https:\/\/sudoesteacontece.com.br\/?p=6600#breadcrumb","itemListElement":[{"@type":"ListItem","position":1,"name":"In\u00edcio","item":"https:\/\/sudoesteacontece.com.br\/"},{"@type":"ListItem","position":2,"name":"Rui Costa descarta troca com Jer\u00f4nimo e refor\u00e7a candidatura ao Senado na Bahia"}]},{"@type":"WebSite","@id":"https:\/\/sudoesteacontece.com.br\/#website","url":"https:\/\/sudoesteacontece.com.br\/","name":"Sudoesteacontece","description":"","publisher":{"@id":"https:\/\/sudoesteacontece.com.br\/#organization"},"potentialAction":[{"@type":"SearchAction","target":{"@type":"EntryPoint","urlTemplate":"https:\/\/sudoesteacontece.com.br\/?s={search_term_string}"},"query-input":{"@type":"PropertyValueSpecification","valueRequired":true,"valueName":"search_term_string"}}],"inLanguage":"pt-BR"},{"@type":"Organization","@id":"https:\/\/sudoesteacontece.com.br\/#organization","name":"Sudoesteacontece","url":"https:\/\/sudoesteacontece.com.br\/","logo":{"@type":"ImageObject","inLanguage":"pt-BR","@id":"https:\/\/sudoesteacontece.com.br\/#\/schema\/logo\/image\/","url":"https:\/\/sudoesteacontece.com.br\/wp-content\/uploads\/2025\/12\/cropped-logo-2-180x180-1.png","contentUrl":"https:\/\/sudoesteacontece.com.br\/wp-content\/uploads\/2025\/12\/cropped-logo-2-180x180-1.png","width":180,"height":180,"caption":"Sudoesteacontece"},"image":{"@id":"https:\/\/sudoesteacontece.com.br\/#\/schema\/logo\/image\/"},"sameAs":["https:\/\/www.facebook.com\/sudoesteacontece\/?locale=pt_BR"]},{"@type":"Person","@id":"https:\/\/sudoesteacontece.com.br\/#\/schema\/person\/a4f22429c1d0923ef8f7d43343f8dc38","name":"Reda\u00e7\u00e3o","image":{"@type":"ImageObject","inLanguage":"pt-BR","@id":"https:\/\/sudoesteacontece.com.br\/#\/schema\/person\/image\/","url":"https:\/\/secure.gravatar.com\/avatar\/c3a5b3c93f268a709c25a2df414c629a96fb3b1b4bf97a94fb3f72e54ae76903?s=96&d=mm&r=g","contentUrl":"https:\/\/secure.gravatar.com\/avatar\/c3a5b3c93f268a709c25a2df414c629a96fb3b1b4bf97a94fb3f72e54ae76903?s=96&d=mm&r=g","caption":"Reda\u00e7\u00e3o"},"url":"https:\/\/sudoesteacontece.com.br\/?author=4"}]}},"_links":{"self":[{"href":"https:\/\/sudoesteacontece.com.br\/index.php?rest_route=\/wp\/v2\/posts\/6600","targetHints":{"allow":["GET"]}}],"collection":[{"href":"https:\/\/sudoesteacontece.com.br\/index.php?rest_route=\/wp\/v2\/posts"}],"about":[{"href":"https:\/\/sudoesteacontece.com.br\/index.php?rest_route=\/wp\/v2\/types\/post"}],"author":[{"embeddable":true,"href":"https:\/\/sudoesteacontece.com.br\/index.php?rest_route=\/wp\/v2\/users\/4"}],"replies":[{"embeddable":true,"href":"https:\/\/sudoesteacontece.com.br\/index.php?rest_route=%2Fwp%2Fv2%2Fcomments&post=6600"}],"version-history":[{"count":0,"href":"https:\/\/sudoesteacontece.com.br\/index.php?rest_route=\/wp\/v2\/posts\/6600\/revisions"}],"wp:featuredmedia":[{"embeddable":true,"href":"https:\/\/sudoesteacontece.com.br\/index.php?rest_route=\/wp\/v2\/media\/4448"}],"wp:attachment":[{"href":"https:\/\/sudoesteacontece.com.br\/index.php?rest_route=%2Fwp%2Fv2%2Fmedia&parent=6600"}],"wp:term":[{"taxonomy":"category","embeddable":true,"href":"https:\/\/sudoesteacontece.com.br\/index.php?rest_route=%2Fwp%2Fv2%2Fcategories&post=6600"},{"taxonomy":"post_tag","embeddable":true,"href":"https:\/\/sudoesteacontece.com.br\/index.php?rest_route=%2Fwp%2Fv2%2Ftags&post=6600"}],"curies":[{"name":"wp","href":"https:\/\/api.w.org\/{rel}","templated":true}]}}