{"id":6602,"date":"2026-01-22T16:12:47","date_gmt":"2026-01-22T19:12:47","guid":{"rendered":"https:\/\/sudoesteacontece.com.br\/?p=6602"},"modified":"2026-01-22T16:12:53","modified_gmt":"2026-01-22T19:12:53","slug":"brumadense-vanderlan-passa-por-cirurgia-no-cerebro-e-apresenta-recuperacao-positiva","status":"publish","type":"post","link":"https:\/\/sudoesteacontece.com.br\/?p=6602","title":{"rendered":"Brumadense Vanderlan passa por cirurgia no c\u00e9rebro e apresenta recupera\u00e7\u00e3o positiva"},"content":{"rendered":"<div class=\"wp-block-image\">\n<figure class=\"aligncenter size-full\"><img fetchpriority=\"high\" decoding=\"async\" width=\"900\" height=\"600\" src=\"http:\/\/sudoesteacontece.com.br\/wp-content\/uploads\/2026\/01\/Brumadense-Vanderlan-passa-por-cirurgia-no-cerebro-e-apresenta-recuperacao-positiva-sudoeste-acontece.jpg\" alt=\"\" class=\"wp-image-6620\" srcset=\"https:\/\/sudoesteacontece.com.br\/wp-content\/uploads\/2026\/01\/Brumadense-Vanderlan-passa-por-cirurgia-no-cerebro-e-apresenta-recuperacao-positiva-sudoeste-acontece.jpg 900w, https:\/\/sudoesteacontece.com.br\/wp-content\/uploads\/2026\/01\/Brumadense-Vanderlan-passa-por-cirurgia-no-cerebro-e-apresenta-recuperacao-positiva-sudoeste-acontece-300x200.jpg 300w, https:\/\/sudoesteacontece.com.br\/wp-content\/uploads\/2026\/01\/Brumadense-Vanderlan-passa-por-cirurgia-no-cerebro-e-apresenta-recuperacao-positiva-sudoeste-acontece-768x512.jpg 768w\" sizes=\"(max-width: 900px) 100vw, 900px\" \/><\/figure>\n<\/div>\n\n\n<p>Brumadense Vanderlan passou por uma cirurgia no c\u00e9rebro para tratar uma malforma\u00e7\u00e3o arteriovenosa e apresentou recupera\u00e7\u00e3o positiva. O Red Bull Bragantino confirmou nesta quinta-feira (22) que o procedimento neurocir\u00fargico ocorreu em S\u00e3o Paulo, foi bem-sucedido e o jogador, de 23 anos, evolui bem no p\u00f3s-operat\u00f3rio, sob acompanhamento m\u00e9dico especializado.<\/p>\n\n\n\n<p>Segundo o clube paulista, o lateral-esquerdo ainda n\u00e3o tem prazo definido para retornar aos gramados, mas a expectativa \u00e9 otimista. Avalia\u00e7\u00f5es m\u00e9dicas indicam que a libera\u00e7\u00e3o para atividades esportivas deve ocorrer nos pr\u00f3ximos meses, de forma gradual e segura, respeitando todas as etapas do processo de recupera\u00e7\u00e3o neurol\u00f3gica.<\/p>\n\n\n\n<p>Em nota oficial, o Red Bull Bragantino manifestou apoio total ao atleta e destacou confian\u00e7a na plena recupera\u00e7\u00e3o. O clube afirmou que Vanderlan conta com toda a estrutura necess\u00e1ria para voltar a jogar no momento adequado, refor\u00e7ando o cuidado com a sa\u00fade e o bem-estar do jogador acima de qualquer resultado esportivo.<\/p>\n\n\n\n<p>Revelado pelas categorias de base do Palmeiras, Vanderlan construiu uma trajet\u00f3ria marcada por disciplina e consist\u00eancia desde que deixou Brumado rumo ao futebol profissional. A negocia\u00e7\u00e3o com o Bragantino ocorreu em agosto do ano passado, abrindo um novo cap\u00edtulo na carreira do atleta no cen\u00e1rio nacional.<\/p>\n\n\n\n<p>Atualmente, o lateral soma 14 partidas disputadas e uma assist\u00eancia pelo clube conhecido como \u201cToro Loko\u201d. O desempenho o consolidou como op\u00e7\u00e3o importante no elenco, mostrando evolu\u00e7\u00e3o t\u00e9cnica e regularidade, fatores que aumentaram a expectativa em torno de sua sequ\u00eancia na temporada.<\/p>\n\n\n\n<p>Enquanto isso, torcedores e conterr\u00e2neos em Brumado acompanham com aten\u00e7\u00e3o cada atualiza\u00e7\u00e3o sobre o estado de sa\u00fade do jogador. Mensagens de apoio se multiplicaram nas redes sociais, refor\u00e7ando o v\u00ednculo da cidade com um dos principais nomes do futebol profissional revelados nos \u00faltimos anos.<\/p>\n","protected":false},"excerpt":{"rendered":"<p>Brumadense Vanderlan passou por uma cirurgia no c\u00e9rebro para tratar uma malforma\u00e7\u00e3o arteriovenosa e apresentou recupera\u00e7\u00e3o positiva. O Red Bull Bragantino confirmou nesta quinta-feira (22) que o procedimento neurocir\u00fargico ocorreu em S\u00e3o Paulo, foi bem-sucedido e o jogador, de 23 anos, evolui bem no p\u00f3s-operat\u00f3rio, sob acompanhamento m\u00e9dico especializado. Segundo o clube paulista, o lateral-esquerdo ainda n\u00e3o tem prazo definido para retornar aos gramados, mas a expectativa \u00e9 otimista. Avalia\u00e7\u00f5es m\u00e9dicas indicam que a libera\u00e7\u00e3o para atividades esportivas deve ocorrer nos pr\u00f3ximos meses, de forma gradual e segura, respeitando todas as etapas do processo de recupera\u00e7\u00e3o neurol\u00f3gica. Em nota oficial, o Red Bull Bragantino manifestou apoio total ao atleta e destacou confian\u00e7a na plena recupera\u00e7\u00e3o. O clube afirmou que Vanderlan conta com toda a estrutura necess\u00e1ria para voltar a jogar no momento adequado, refor\u00e7ando o cuidado com a sa\u00fade e o bem-estar do jogador acima de qualquer resultado esportivo. Revelado pelas categorias de base do Palmeiras, Vanderlan construiu uma trajet\u00f3ria marcada por disciplina e consist\u00eancia desde que deixou Brumado rumo ao futebol profissional. A negocia\u00e7\u00e3o com o Bragantino ocorreu em agosto do ano passado, abrindo um novo cap\u00edtulo na carreira do atleta no cen\u00e1rio nacional. Atualmente, o lateral soma 14 partidas disputadas e uma assist\u00eancia pelo clube conhecido como \u201cToro Loko\u201d. O desempenho o consolidou como op\u00e7\u00e3o importante no elenco, mostrando evolu\u00e7\u00e3o t\u00e9cnica e regularidade, fatores que aumentaram a expectativa em torno de sua sequ\u00eancia na temporada. Enquanto isso, torcedores e conterr\u00e2neos em Brumado acompanham com aten\u00e7\u00e3o cada atualiza\u00e7\u00e3o sobre o estado de sa\u00fade do jogador. Mensagens de apoio se multiplicaram nas redes sociais, refor\u00e7ando o v\u00ednculo da cidade com um dos principais nomes do futebol profissional revelados nos \u00faltimos anos.<\/p>\n","protected":false},"author":4,"featured_media":6620,"comment_status":"open","ping_status":"open","sticky":false,"template":"","format":"standard","meta":{"footnotes":""},"categories":[10,52,45],"tags":[],"class_list":["post-6602","post","type-post","status-publish","format-standard","has-post-thumbnail","hentry","category-brumado","category-esporte","category-saude"],"yoast_head":"<!-- This site is optimized with the Yoast SEO plugin v26.5 - https:\/\/yoast.com\/wordpress\/plugins\/seo\/ -->\n<title>Brumadense Vanderlan passa por cirurgia no c\u00e9rebro e apresenta recupera\u00e7\u00e3o positiva - Sudoesteacontece<\/title>\n<meta name=\"robots\" content=\"index, follow, max-snippet:-1, max-image-preview:large, max-video-preview:-1\" \/>\n<link rel=\"canonical\" href=\"https:\/\/sudoesteacontece.com.br\/?p=6602\" \/>\n<meta property=\"og:locale\" content=\"pt_BR\" \/>\n<meta property=\"og:type\" content=\"article\" \/>\n<meta property=\"og:title\" content=\"Brumadense Vanderlan passa por cirurgia no c\u00e9rebro e apresenta recupera\u00e7\u00e3o positiva - Sudoesteacontece\" \/>\n<meta property=\"og:description\" content=\"Brumadense Vanderlan passou por uma cirurgia no c\u00e9rebro para tratar uma malforma\u00e7\u00e3o arteriovenosa e apresentou recupera\u00e7\u00e3o positiva. O Red Bull Bragantino confirmou nesta quinta-feira (22) que o procedimento neurocir\u00fargico ocorreu em S\u00e3o Paulo, foi bem-sucedido e o jogador, de 23 anos, evolui bem no p\u00f3s-operat\u00f3rio, sob acompanhamento m\u00e9dico especializado. Segundo o clube paulista, o lateral-esquerdo ainda n\u00e3o tem prazo definido para retornar aos gramados, mas a expectativa \u00e9 otimista. Avalia\u00e7\u00f5es m\u00e9dicas indicam que a libera\u00e7\u00e3o para atividades esportivas deve ocorrer nos pr\u00f3ximos meses, de forma gradual e segura, respeitando todas as etapas do processo de recupera\u00e7\u00e3o neurol\u00f3gica. Em nota oficial, o Red Bull Bragantino manifestou apoio total ao atleta e destacou confian\u00e7a na plena recupera\u00e7\u00e3o. O clube afirmou que Vanderlan conta com toda a estrutura necess\u00e1ria para voltar a jogar no momento adequado, refor\u00e7ando o cuidado com a sa\u00fade e o bem-estar do jogador acima de qualquer resultado esportivo. Revelado pelas categorias de base do Palmeiras, Vanderlan construiu uma trajet\u00f3ria marcada por disciplina e consist\u00eancia desde que deixou Brumado rumo ao futebol profissional. A negocia\u00e7\u00e3o com o Bragantino ocorreu em agosto do ano passado, abrindo um novo cap\u00edtulo na carreira do atleta no cen\u00e1rio nacional. Atualmente, o lateral soma 14 partidas disputadas e uma assist\u00eancia pelo clube conhecido como \u201cToro Loko\u201d. O desempenho o consolidou como op\u00e7\u00e3o importante no elenco, mostrando evolu\u00e7\u00e3o t\u00e9cnica e regularidade, fatores que aumentaram a expectativa em torno de sua sequ\u00eancia na temporada. Enquanto isso, torcedores e conterr\u00e2neos em Brumado acompanham com aten\u00e7\u00e3o cada atualiza\u00e7\u00e3o sobre o estado de sa\u00fade do jogador. Mensagens de apoio se multiplicaram nas redes sociais, refor\u00e7ando o v\u00ednculo da cidade com um dos principais nomes do futebol profissional revelados nos \u00faltimos anos.\" \/>\n<meta property=\"og:url\" content=\"https:\/\/sudoesteacontece.com.br\/?p=6602\" \/>\n<meta property=\"og:site_name\" content=\"Sudoesteacontece\" \/>\n<meta property=\"article:publisher\" content=\"https:\/\/www.facebook.com\/sudoesteacontece\/?locale=pt_BR\" \/>\n<meta property=\"article:published_time\" content=\"2026-01-22T19:12:47+00:00\" \/>\n<meta property=\"article:modified_time\" content=\"2026-01-22T19:12:53+00:00\" \/>\n<meta property=\"og:image\" content=\"https:\/\/sudoesteacontece.com.br\/wp-content\/uploads\/2026\/01\/Brumadense-Vanderlan-passa-por-cirurgia-no-cerebro-e-apresenta-recuperacao-positiva-sudoeste-acontece.jpg\" \/>\n\t<meta property=\"og:image:width\" content=\"900\" \/>\n\t<meta property=\"og:image:height\" content=\"600\" \/>\n\t<meta property=\"og:image:type\" content=\"image\/jpeg\" \/>\n<meta name=\"author\" content=\"Reda\u00e7\u00e3o\" \/>\n<meta name=\"twitter:card\" content=\"summary_large_image\" \/>\n<meta name=\"twitter:label1\" content=\"Escrito por\" \/>\n\t<meta name=\"twitter:data1\" content=\"Reda\u00e7\u00e3o\" \/>\n\t<meta name=\"twitter:label2\" content=\"Est. tempo de leitura\" \/>\n\t<meta name=\"twitter:data2\" content=\"2 minutos\" \/>\n<script type=\"application\/ld+json\" class=\"yoast-schema-graph\">{\"@context\":\"https:\/\/schema.org\",\"@graph\":[{\"@type\":\"Article\",\"@id\":\"https:\/\/sudoesteacontece.com.br\/?p=6602#article\",\"isPartOf\":{\"@id\":\"https:\/\/sudoesteacontece.com.br\/?p=6602\"},\"author\":{\"name\":\"Reda\u00e7\u00e3o\",\"@id\":\"https:\/\/sudoesteacontece.com.br\/#\/schema\/person\/a4f22429c1d0923ef8f7d43343f8dc38\"},\"headline\":\"Brumadense Vanderlan passa por cirurgia no c\u00e9rebro e apresenta recupera\u00e7\u00e3o positiva\",\"datePublished\":\"2026-01-22T19:12:47+00:00\",\"dateModified\":\"2026-01-22T19:12:53+00:00\",\"mainEntityOfPage\":{\"@id\":\"https:\/\/sudoesteacontece.com.br\/?p=6602\"},\"wordCount\":326,\"commentCount\":0,\"publisher\":{\"@id\":\"https:\/\/sudoesteacontece.com.br\/#organization\"},\"image\":{\"@id\":\"https:\/\/sudoesteacontece.com.br\/?p=6602#primaryimage\"},\"thumbnailUrl\":\"https:\/\/sudoesteacontece.com.br\/wp-content\/uploads\/2026\/01\/Brumadense-Vanderlan-passa-por-cirurgia-no-cerebro-e-apresenta-recuperacao-positiva-sudoeste-acontece.jpg\",\"articleSection\":[\"Brumado\",\"Esporte\",\"Sa\u00fade\"],\"inLanguage\":\"pt-BR\",\"potentialAction\":[{\"@type\":\"CommentAction\",\"name\":\"Comment\",\"target\":[\"https:\/\/sudoesteacontece.com.br\/?p=6602#respond\"]}]},{\"@type\":\"WebPage\",\"@id\":\"https:\/\/sudoesteacontece.com.br\/?p=6602\",\"url\":\"https:\/\/sudoesteacontece.com.br\/?p=6602\",\"name\":\"Brumadense Vanderlan passa por cirurgia no c\u00e9rebro e apresenta recupera\u00e7\u00e3o positiva - Sudoesteacontece\",\"isPartOf\":{\"@id\":\"https:\/\/sudoesteacontece.com.br\/#website\"},\"primaryImageOfPage\":{\"@id\":\"https:\/\/sudoesteacontece.com.br\/?p=6602#primaryimage\"},\"image\":{\"@id\":\"https:\/\/sudoesteacontece.com.br\/?p=6602#primaryimage\"},\"thumbnailUrl\":\"https:\/\/sudoesteacontece.com.br\/wp-content\/uploads\/2026\/01\/Brumadense-Vanderlan-passa-por-cirurgia-no-cerebro-e-apresenta-recuperacao-positiva-sudoeste-acontece.jpg\",\"datePublished\":\"2026-01-22T19:12:47+00:00\",\"dateModified\":\"2026-01-22T19:12:53+00:00\",\"breadcrumb\":{\"@id\":\"https:\/\/sudoesteacontece.com.br\/?p=6602#breadcrumb\"},\"inLanguage\":\"pt-BR\",\"potentialAction\":[{\"@type\":\"ReadAction\",\"target\":[\"https:\/\/sudoesteacontece.com.br\/?p=6602\"]}]},{\"@type\":\"ImageObject\",\"inLanguage\":\"pt-BR\",\"@id\":\"https:\/\/sudoesteacontece.com.br\/?p=6602#primaryimage\",\"url\":\"https:\/\/sudoesteacontece.com.br\/wp-content\/uploads\/2026\/01\/Brumadense-Vanderlan-passa-por-cirurgia-no-cerebro-e-apresenta-recuperacao-positiva-sudoeste-acontece.jpg\",\"contentUrl\":\"https:\/\/sudoesteacontece.com.br\/wp-content\/uploads\/2026\/01\/Brumadense-Vanderlan-passa-por-cirurgia-no-cerebro-e-apresenta-recuperacao-positiva-sudoeste-acontece.jpg\",\"width\":900,\"height\":600},{\"@type\":\"BreadcrumbList\",\"@id\":\"https:\/\/sudoesteacontece.com.br\/?p=6602#breadcrumb\",\"itemListElement\":[{\"@type\":\"ListItem\",\"position\":1,\"name\":\"In\u00edcio\",\"item\":\"https:\/\/sudoesteacontece.com.br\/\"},{\"@type\":\"ListItem\",\"position\":2,\"name\":\"Brumadense Vanderlan passa por cirurgia no c\u00e9rebro e apresenta recupera\u00e7\u00e3o positiva\"}]},{\"@type\":\"WebSite\",\"@id\":\"https:\/\/sudoesteacontece.com.br\/#website\",\"url\":\"https:\/\/sudoesteacontece.com.br\/\",\"name\":\"Sudoesteacontece\",\"description\":\"\",\"publisher\":{\"@id\":\"https:\/\/sudoesteacontece.com.br\/#organization\"},\"potentialAction\":[{\"@type\":\"SearchAction\",\"target\":{\"@type\":\"EntryPoint\",\"urlTemplate\":\"https:\/\/sudoesteacontece.com.br\/?s={search_term_string}\"},\"query-input\":{\"@type\":\"PropertyValueSpecification\",\"valueRequired\":true,\"valueName\":\"search_term_string\"}}],\"inLanguage\":\"pt-BR\"},{\"@type\":\"Organization\",\"@id\":\"https:\/\/sudoesteacontece.com.br\/#organization\",\"name\":\"Sudoesteacontece\",\"url\":\"https:\/\/sudoesteacontece.com.br\/\",\"logo\":{\"@type\":\"ImageObject\",\"inLanguage\":\"pt-BR\",\"@id\":\"https:\/\/sudoesteacontece.com.br\/#\/schema\/logo\/image\/\",\"url\":\"https:\/\/sudoesteacontece.com.br\/wp-content\/uploads\/2025\/12\/cropped-logo-2-180x180-1.png\",\"contentUrl\":\"https:\/\/sudoesteacontece.com.br\/wp-content\/uploads\/2025\/12\/cropped-logo-2-180x180-1.png\",\"width\":180,\"height\":180,\"caption\":\"Sudoesteacontece\"},\"image\":{\"@id\":\"https:\/\/sudoesteacontece.com.br\/#\/schema\/logo\/image\/\"},\"sameAs\":[\"https:\/\/www.facebook.com\/sudoesteacontece\/?locale=pt_BR\"]},{\"@type\":\"Person\",\"@id\":\"https:\/\/sudoesteacontece.com.br\/#\/schema\/person\/a4f22429c1d0923ef8f7d43343f8dc38\",\"name\":\"Reda\u00e7\u00e3o\",\"image\":{\"@type\":\"ImageObject\",\"inLanguage\":\"pt-BR\",\"@id\":\"https:\/\/sudoesteacontece.com.br\/#\/schema\/person\/image\/\",\"url\":\"https:\/\/secure.gravatar.com\/avatar\/c3a5b3c93f268a709c25a2df414c629a96fb3b1b4bf97a94fb3f72e54ae76903?s=96&d=mm&r=g\",\"contentUrl\":\"https:\/\/secure.gravatar.com\/avatar\/c3a5b3c93f268a709c25a2df414c629a96fb3b1b4bf97a94fb3f72e54ae76903?s=96&d=mm&r=g\",\"caption\":\"Reda\u00e7\u00e3o\"},\"url\":\"https:\/\/sudoesteacontece.com.br\/?author=4\"}]}<\/script>\n<!-- \/ Yoast SEO plugin. -->","yoast_head_json":{"title":"Brumadense Vanderlan passa por cirurgia no c\u00e9rebro e apresenta recupera\u00e7\u00e3o positiva - Sudoesteacontece","robots":{"index":"index","follow":"follow","max-snippet":"max-snippet:-1","max-image-preview":"max-image-preview:large","max-video-preview":"max-video-preview:-1"},"canonical":"https:\/\/sudoesteacontece.com.br\/?p=6602","og_locale":"pt_BR","og_type":"article","og_title":"Brumadense Vanderlan passa por cirurgia no c\u00e9rebro e apresenta recupera\u00e7\u00e3o positiva - Sudoesteacontece","og_description":"Brumadense Vanderlan passou por uma cirurgia no c\u00e9rebro para tratar uma malforma\u00e7\u00e3o arteriovenosa e apresentou recupera\u00e7\u00e3o positiva. O Red Bull Bragantino confirmou nesta quinta-feira (22) que o procedimento neurocir\u00fargico ocorreu em S\u00e3o Paulo, foi bem-sucedido e o jogador, de 23 anos, evolui bem no p\u00f3s-operat\u00f3rio, sob acompanhamento m\u00e9dico especializado. Segundo o clube paulista, o lateral-esquerdo ainda n\u00e3o tem prazo definido para retornar aos gramados, mas a expectativa \u00e9 otimista. Avalia\u00e7\u00f5es m\u00e9dicas indicam que a libera\u00e7\u00e3o para atividades esportivas deve ocorrer nos pr\u00f3ximos meses, de forma gradual e segura, respeitando todas as etapas do processo de recupera\u00e7\u00e3o neurol\u00f3gica. Em nota oficial, o Red Bull Bragantino manifestou apoio total ao atleta e destacou confian\u00e7a na plena recupera\u00e7\u00e3o. O clube afirmou que Vanderlan conta com toda a estrutura necess\u00e1ria para voltar a jogar no momento adequado, refor\u00e7ando o cuidado com a sa\u00fade e o bem-estar do jogador acima de qualquer resultado esportivo. Revelado pelas categorias de base do Palmeiras, Vanderlan construiu uma trajet\u00f3ria marcada por disciplina e consist\u00eancia desde que deixou Brumado rumo ao futebol profissional. A negocia\u00e7\u00e3o com o Bragantino ocorreu em agosto do ano passado, abrindo um novo cap\u00edtulo na carreira do atleta no cen\u00e1rio nacional. Atualmente, o lateral soma 14 partidas disputadas e uma assist\u00eancia pelo clube conhecido como \u201cToro Loko\u201d. O desempenho o consolidou como op\u00e7\u00e3o importante no elenco, mostrando evolu\u00e7\u00e3o t\u00e9cnica e regularidade, fatores que aumentaram a expectativa em torno de sua sequ\u00eancia na temporada. Enquanto isso, torcedores e conterr\u00e2neos em Brumado acompanham com aten\u00e7\u00e3o cada atualiza\u00e7\u00e3o sobre o estado de sa\u00fade do jogador. Mensagens de apoio se multiplicaram nas redes sociais, refor\u00e7ando o v\u00ednculo da cidade com um dos principais nomes do futebol profissional revelados nos \u00faltimos anos.","og_url":"https:\/\/sudoesteacontece.com.br\/?p=6602","og_site_name":"Sudoesteacontece","article_publisher":"https:\/\/www.facebook.com\/sudoesteacontece\/?locale=pt_BR","article_published_time":"2026-01-22T19:12:47+00:00","article_modified_time":"2026-01-22T19:12:53+00:00","og_image":[{"width":900,"height":600,"url":"https:\/\/sudoesteacontece.com.br\/wp-content\/uploads\/2026\/01\/Brumadense-Vanderlan-passa-por-cirurgia-no-cerebro-e-apresenta-recuperacao-positiva-sudoeste-acontece.jpg","type":"image\/jpeg"}],"author":"Reda\u00e7\u00e3o","twitter_card":"summary_large_image","twitter_misc":{"Escrito por":"Reda\u00e7\u00e3o","Est. tempo de leitura":"2 minutos"},"schema":{"@context":"https:\/\/schema.org","@graph":[{"@type":"Article","@id":"https:\/\/sudoesteacontece.com.br\/?p=6602#article","isPartOf":{"@id":"https:\/\/sudoesteacontece.com.br\/?p=6602"},"author":{"name":"Reda\u00e7\u00e3o","@id":"https:\/\/sudoesteacontece.com.br\/#\/schema\/person\/a4f22429c1d0923ef8f7d43343f8dc38"},"headline":"Brumadense Vanderlan passa por cirurgia no c\u00e9rebro e apresenta recupera\u00e7\u00e3o positiva","datePublished":"2026-01-22T19:12:47+00:00","dateModified":"2026-01-22T19:12:53+00:00","mainEntityOfPage":{"@id":"https:\/\/sudoesteacontece.com.br\/?p=6602"},"wordCount":326,"commentCount":0,"publisher":{"@id":"https:\/\/sudoesteacontece.com.br\/#organization"},"image":{"@id":"https:\/\/sudoesteacontece.com.br\/?p=6602#primaryimage"},"thumbnailUrl":"https:\/\/sudoesteacontece.com.br\/wp-content\/uploads\/2026\/01\/Brumadense-Vanderlan-passa-por-cirurgia-no-cerebro-e-apresenta-recuperacao-positiva-sudoeste-acontece.jpg","articleSection":["Brumado","Esporte","Sa\u00fade"],"inLanguage":"pt-BR","potentialAction":[{"@type":"CommentAction","name":"Comment","target":["https:\/\/sudoesteacontece.com.br\/?p=6602#respond"]}]},{"@type":"WebPage","@id":"https:\/\/sudoesteacontece.com.br\/?p=6602","url":"https:\/\/sudoesteacontece.com.br\/?p=6602","name":"Brumadense Vanderlan passa por cirurgia no c\u00e9rebro e apresenta recupera\u00e7\u00e3o positiva - Sudoesteacontece","isPartOf":{"@id":"https:\/\/sudoesteacontece.com.br\/#website"},"primaryImageOfPage":{"@id":"https:\/\/sudoesteacontece.com.br\/?p=6602#primaryimage"},"image":{"@id":"https:\/\/sudoesteacontece.com.br\/?p=6602#primaryimage"},"thumbnailUrl":"https:\/\/sudoesteacontece.com.br\/wp-content\/uploads\/2026\/01\/Brumadense-Vanderlan-passa-por-cirurgia-no-cerebro-e-apresenta-recuperacao-positiva-sudoeste-acontece.jpg","datePublished":"2026-01-22T19:12:47+00:00","dateModified":"2026-01-22T19:12:53+00:00","breadcrumb":{"@id":"https:\/\/sudoesteacontece.com.br\/?p=6602#breadcrumb"},"inLanguage":"pt-BR","potentialAction":[{"@type":"ReadAction","target":["https:\/\/sudoesteacontece.com.br\/?p=6602"]}]},{"@type":"ImageObject","inLanguage":"pt-BR","@id":"https:\/\/sudoesteacontece.com.br\/?p=6602#primaryimage","url":"https:\/\/sudoesteacontece.com.br\/wp-content\/uploads\/2026\/01\/Brumadense-Vanderlan-passa-por-cirurgia-no-cerebro-e-apresenta-recuperacao-positiva-sudoeste-acontece.jpg","contentUrl":"https:\/\/sudoesteacontece.com.br\/wp-content\/uploads\/2026\/01\/Brumadense-Vanderlan-passa-por-cirurgia-no-cerebro-e-apresenta-recuperacao-positiva-sudoeste-acontece.jpg","width":900,"height":600},{"@type":"BreadcrumbList","@id":"https:\/\/sudoesteacontece.com.br\/?p=6602#breadcrumb","itemListElement":[{"@type":"ListItem","position":1,"name":"In\u00edcio","item":"https:\/\/sudoesteacontece.com.br\/"},{"@type":"ListItem","position":2,"name":"Brumadense Vanderlan passa por cirurgia no c\u00e9rebro e apresenta recupera\u00e7\u00e3o positiva"}]},{"@type":"WebSite","@id":"https:\/\/sudoesteacontece.com.br\/#website","url":"https:\/\/sudoesteacontece.com.br\/","name":"Sudoesteacontece","description":"","publisher":{"@id":"https:\/\/sudoesteacontece.com.br\/#organization"},"potentialAction":[{"@type":"SearchAction","target":{"@type":"EntryPoint","urlTemplate":"https:\/\/sudoesteacontece.com.br\/?s={search_term_string}"},"query-input":{"@type":"PropertyValueSpecification","valueRequired":true,"valueName":"search_term_string"}}],"inLanguage":"pt-BR"},{"@type":"Organization","@id":"https:\/\/sudoesteacontece.com.br\/#organization","name":"Sudoesteacontece","url":"https:\/\/sudoesteacontece.com.br\/","logo":{"@type":"ImageObject","inLanguage":"pt-BR","@id":"https:\/\/sudoesteacontece.com.br\/#\/schema\/logo\/image\/","url":"https:\/\/sudoesteacontece.com.br\/wp-content\/uploads\/2025\/12\/cropped-logo-2-180x180-1.png","contentUrl":"https:\/\/sudoesteacontece.com.br\/wp-content\/uploads\/2025\/12\/cropped-logo-2-180x180-1.png","width":180,"height":180,"caption":"Sudoesteacontece"},"image":{"@id":"https:\/\/sudoesteacontece.com.br\/#\/schema\/logo\/image\/"},"sameAs":["https:\/\/www.facebook.com\/sudoesteacontece\/?locale=pt_BR"]},{"@type":"Person","@id":"https:\/\/sudoesteacontece.com.br\/#\/schema\/person\/a4f22429c1d0923ef8f7d43343f8dc38","name":"Reda\u00e7\u00e3o","image":{"@type":"ImageObject","inLanguage":"pt-BR","@id":"https:\/\/sudoesteacontece.com.br\/#\/schema\/person\/image\/","url":"https:\/\/secure.gravatar.com\/avatar\/c3a5b3c93f268a709c25a2df414c629a96fb3b1b4bf97a94fb3f72e54ae76903?s=96&d=mm&r=g","contentUrl":"https:\/\/secure.gravatar.com\/avatar\/c3a5b3c93f268a709c25a2df414c629a96fb3b1b4bf97a94fb3f72e54ae76903?s=96&d=mm&r=g","caption":"Reda\u00e7\u00e3o"},"url":"https:\/\/sudoesteacontece.com.br\/?author=4"}]}},"_links":{"self":[{"href":"https:\/\/sudoesteacontece.com.br\/index.php?rest_route=\/wp\/v2\/posts\/6602","targetHints":{"allow":["GET"]}}],"collection":[{"href":"https:\/\/sudoesteacontece.com.br\/index.php?rest_route=\/wp\/v2\/posts"}],"about":[{"href":"https:\/\/sudoesteacontece.com.br\/index.php?rest_route=\/wp\/v2\/types\/post"}],"author":[{"embeddable":true,"href":"https:\/\/sudoesteacontece.com.br\/index.php?rest_route=\/wp\/v2\/users\/4"}],"replies":[{"embeddable":true,"href":"https:\/\/sudoesteacontece.com.br\/index.php?rest_route=%2Fwp%2Fv2%2Fcomments&post=6602"}],"version-history":[{"count":0,"href":"https:\/\/sudoesteacontece.com.br\/index.php?rest_route=\/wp\/v2\/posts\/6602\/revisions"}],"wp:featuredmedia":[{"embeddable":true,"href":"https:\/\/sudoesteacontece.com.br\/index.php?rest_route=\/wp\/v2\/media\/6620"}],"wp:attachment":[{"href":"https:\/\/sudoesteacontece.com.br\/index.php?rest_route=%2Fwp%2Fv2%2Fmedia&parent=6602"}],"wp:term":[{"taxonomy":"category","embeddable":true,"href":"https:\/\/sudoesteacontece.com.br\/index.php?rest_route=%2Fwp%2Fv2%2Fcategories&post=6602"},{"taxonomy":"post_tag","embeddable":true,"href":"https:\/\/sudoesteacontece.com.br\/index.php?rest_route=%2Fwp%2Fv2%2Ftags&post=6602"}],"curies":[{"name":"wp","href":"https:\/\/api.w.org\/{rel}","templated":true}]}}