{"id":6609,"date":"2026-01-22T16:21:50","date_gmt":"2026-01-22T19:21:50","guid":{"rendered":"https:\/\/sudoesteacontece.com.br\/?p=6609"},"modified":"2026-01-22T16:22:09","modified_gmt":"2026-01-22T19:22:09","slug":"acm-neto-confirma-candidatura-ao-governo-da-bahia-e-ironiza-boatos-de-desistencia","status":"publish","type":"post","link":"https:\/\/sudoesteacontece.com.br\/?p=6609","title":{"rendered":"ACM Neto confirma candidatura ao governo da Bahia e ironiza boatos de desist\u00eancia"},"content":{"rendered":"<div class=\"wp-block-image\">\n<figure class=\"aligncenter size-full\"><img fetchpriority=\"high\" decoding=\"async\" width=\"900\" height=\"600\" src=\"http:\/\/sudoesteacontece.com.br\/wp-content\/uploads\/2026\/01\/ACM-Neto-confirma-candidatura-ao-governo-da-Bahia-e-ironiza-boatos-de-desistencia-sudoeste-acontece.jpg\" alt=\"\" class=\"wp-image-6627\" srcset=\"https:\/\/sudoesteacontece.com.br\/wp-content\/uploads\/2026\/01\/ACM-Neto-confirma-candidatura-ao-governo-da-Bahia-e-ironiza-boatos-de-desistencia-sudoeste-acontece.jpg 900w, https:\/\/sudoesteacontece.com.br\/wp-content\/uploads\/2026\/01\/ACM-Neto-confirma-candidatura-ao-governo-da-Bahia-e-ironiza-boatos-de-desistencia-sudoeste-acontece-300x200.jpg 300w, https:\/\/sudoesteacontece.com.br\/wp-content\/uploads\/2026\/01\/ACM-Neto-confirma-candidatura-ao-governo-da-Bahia-e-ironiza-boatos-de-desistencia-sudoeste-acontece-768x512.jpg 768w\" sizes=\"(max-width: 900px) 100vw, 900px\" \/><\/figure>\n<\/div>\n\n\n<p>ACM Neto confirmou nesta quinta-feira (22) que ser\u00e1 candidato ao governo da Bahia e ironizou especula\u00e7\u00f5es sobre uma poss\u00edvel desist\u00eancia. Em entrevista \u00e0 R\u00e1dio Metropole, o ex-prefeito de Salvador afirmou que os boatos n\u00e3o passam de torcida dos advers\u00e1rios e garantiu que estar\u00e1 na disputa eleitoral.<\/p>\n\n\n\n<p>Durante a entrevista, Neto atribuiu os rumores a setores ligados ao PT. O dirigente disse que h\u00e1 um desejo para evitar confronto nas urnas, mas recha\u00e7ou qualquer possibilidade de recuo. Segundo ele, a candidatura est\u00e1 mantida e seguir\u00e1 firme at\u00e9 o pleito, se \u201cDeus permitir\u201d.<\/p>\n\n\n\n<p>Segundo ACM Neto, a pr\u00e9-candidatura j\u00e1 est\u00e1 consolidada e dispensa an\u00fancios formais neste momento. O ex-prefeito afirmou que seu nome \u00e9 reconhecido como a principal alternativa ao PT no estado e destacou que tem intensificado articula\u00e7\u00f5es pol\u00edticas e di\u00e1logos com lideran\u00e7as em v\u00e1rias regi\u00f5es da Bahia.<\/p>\n\n\n\n<p>Al\u00e9m disso, Neto revelou que trabalha para ter o ex-ministro Jo\u00e3o Roma como candidato ao Senado na chapa de oposi\u00e7\u00e3o. Ele disse que as conversas est\u00e3o avan\u00e7adas e fazem parte de uma estrat\u00e9gia para fortalecer o projeto eleitoral e ampliar o palanque no estado.<\/p>\n\n\n\n<p>Por fim, o ex-prefeito informou que a apresenta\u00e7\u00e3o oficial da chapa completa est\u00e1 prevista para mar\u00e7o. At\u00e9 l\u00e1, o foco seguir\u00e1 na constru\u00e7\u00e3o de alian\u00e7as e no alinhamento pol\u00edtico com partidos e lideran\u00e7as que integram o campo oposicionista na Bahia.<\/p>\n","protected":false},"excerpt":{"rendered":"<p>ACM Neto confirmou nesta quinta-feira (22) que ser\u00e1 candidato ao governo da Bahia e ironizou especula\u00e7\u00f5es sobre uma poss\u00edvel desist\u00eancia. Em entrevista \u00e0 R\u00e1dio Metropole, o ex-prefeito de Salvador afirmou que os boatos n\u00e3o passam de torcida dos advers\u00e1rios e garantiu que estar\u00e1 na disputa eleitoral. Durante a entrevista, Neto atribuiu os rumores a setores ligados ao PT. O dirigente disse que h\u00e1 um desejo para evitar confronto nas urnas, mas recha\u00e7ou qualquer possibilidade de recuo. Segundo ele, a candidatura est\u00e1 mantida e seguir\u00e1 firme at\u00e9 o pleito, se \u201cDeus permitir\u201d. Segundo ACM Neto, a pr\u00e9-candidatura j\u00e1 est\u00e1 consolidada e dispensa an\u00fancios formais neste momento. O ex-prefeito afirmou que seu nome \u00e9 reconhecido como a principal alternativa ao PT no estado e destacou que tem intensificado articula\u00e7\u00f5es pol\u00edticas e di\u00e1logos com lideran\u00e7as em v\u00e1rias regi\u00f5es da Bahia. Al\u00e9m disso, Neto revelou que trabalha para ter o ex-ministro Jo\u00e3o Roma como candidato ao Senado na chapa de oposi\u00e7\u00e3o. Ele disse que as conversas est\u00e3o avan\u00e7adas e fazem parte de uma estrat\u00e9gia para fortalecer o projeto eleitoral e ampliar o palanque no estado. Por fim, o ex-prefeito informou que a apresenta\u00e7\u00e3o oficial da chapa completa est\u00e1 prevista para mar\u00e7o. At\u00e9 l\u00e1, o foco seguir\u00e1 na constru\u00e7\u00e3o de alian\u00e7as e no alinhamento pol\u00edtico com partidos e lideran\u00e7as que integram o campo oposicionista na Bahia.<\/p>\n","protected":false},"author":4,"featured_media":6627,"comment_status":"open","ping_status":"open","sticky":false,"template":"","format":"standard","meta":{"footnotes":""},"categories":[7,58,6],"tags":[],"class_list":["post-6609","post","type-post","status-publish","format-standard","has-post-thumbnail","hentry","category-bahia","category-eleicoes-2026","category-politica"],"yoast_head":"<!-- This site is optimized with the Yoast SEO plugin v26.5 - https:\/\/yoast.com\/wordpress\/plugins\/seo\/ -->\n<title>ACM Neto confirma candidatura ao governo da Bahia e ironiza boatos de desist\u00eancia - Sudoesteacontece<\/title>\n<meta name=\"robots\" content=\"index, follow, max-snippet:-1, max-image-preview:large, max-video-preview:-1\" \/>\n<link rel=\"canonical\" href=\"https:\/\/sudoesteacontece.com.br\/?p=6609\" \/>\n<meta property=\"og:locale\" content=\"pt_BR\" \/>\n<meta property=\"og:type\" content=\"article\" \/>\n<meta property=\"og:title\" content=\"ACM Neto confirma candidatura ao governo da Bahia e ironiza boatos de desist\u00eancia - Sudoesteacontece\" \/>\n<meta property=\"og:description\" content=\"ACM Neto confirmou nesta quinta-feira (22) que ser\u00e1 candidato ao governo da Bahia e ironizou especula\u00e7\u00f5es sobre uma poss\u00edvel desist\u00eancia. Em entrevista \u00e0 R\u00e1dio Metropole, o ex-prefeito de Salvador afirmou que os boatos n\u00e3o passam de torcida dos advers\u00e1rios e garantiu que estar\u00e1 na disputa eleitoral. Durante a entrevista, Neto atribuiu os rumores a setores ligados ao PT. O dirigente disse que h\u00e1 um desejo para evitar confronto nas urnas, mas recha\u00e7ou qualquer possibilidade de recuo. Segundo ele, a candidatura est\u00e1 mantida e seguir\u00e1 firme at\u00e9 o pleito, se \u201cDeus permitir\u201d. Segundo ACM Neto, a pr\u00e9-candidatura j\u00e1 est\u00e1 consolidada e dispensa an\u00fancios formais neste momento. O ex-prefeito afirmou que seu nome \u00e9 reconhecido como a principal alternativa ao PT no estado e destacou que tem intensificado articula\u00e7\u00f5es pol\u00edticas e di\u00e1logos com lideran\u00e7as em v\u00e1rias regi\u00f5es da Bahia. Al\u00e9m disso, Neto revelou que trabalha para ter o ex-ministro Jo\u00e3o Roma como candidato ao Senado na chapa de oposi\u00e7\u00e3o. Ele disse que as conversas est\u00e3o avan\u00e7adas e fazem parte de uma estrat\u00e9gia para fortalecer o projeto eleitoral e ampliar o palanque no estado. Por fim, o ex-prefeito informou que a apresenta\u00e7\u00e3o oficial da chapa completa est\u00e1 prevista para mar\u00e7o. At\u00e9 l\u00e1, o foco seguir\u00e1 na constru\u00e7\u00e3o de alian\u00e7as e no alinhamento pol\u00edtico com partidos e lideran\u00e7as que integram o campo oposicionista na Bahia.\" \/>\n<meta property=\"og:url\" content=\"https:\/\/sudoesteacontece.com.br\/?p=6609\" \/>\n<meta property=\"og:site_name\" content=\"Sudoesteacontece\" \/>\n<meta property=\"article:publisher\" content=\"https:\/\/www.facebook.com\/sudoesteacontece\/?locale=pt_BR\" \/>\n<meta property=\"article:published_time\" content=\"2026-01-22T19:21:50+00:00\" \/>\n<meta property=\"article:modified_time\" content=\"2026-01-22T19:22:09+00:00\" \/>\n<meta property=\"og:image\" content=\"https:\/\/sudoesteacontece.com.br\/wp-content\/uploads\/2026\/01\/ACM-Neto-confirma-candidatura-ao-governo-da-Bahia-e-ironiza-boatos-de-desistencia-sudoeste-acontece.jpg\" \/>\n\t<meta property=\"og:image:width\" content=\"900\" \/>\n\t<meta property=\"og:image:height\" content=\"600\" \/>\n\t<meta property=\"og:image:type\" content=\"image\/jpeg\" \/>\n<meta name=\"author\" content=\"Reda\u00e7\u00e3o\" \/>\n<meta name=\"twitter:card\" content=\"summary_large_image\" \/>\n<meta name=\"twitter:label1\" content=\"Escrito por\" \/>\n\t<meta name=\"twitter:data1\" content=\"Reda\u00e7\u00e3o\" \/>\n\t<meta name=\"twitter:label2\" content=\"Est. tempo de leitura\" \/>\n\t<meta name=\"twitter:data2\" content=\"2 minutos\" \/>\n<script type=\"application\/ld+json\" class=\"yoast-schema-graph\">{\"@context\":\"https:\/\/schema.org\",\"@graph\":[{\"@type\":\"Article\",\"@id\":\"https:\/\/sudoesteacontece.com.br\/?p=6609#article\",\"isPartOf\":{\"@id\":\"https:\/\/sudoesteacontece.com.br\/?p=6609\"},\"author\":{\"name\":\"Reda\u00e7\u00e3o\",\"@id\":\"https:\/\/sudoesteacontece.com.br\/#\/schema\/person\/a4f22429c1d0923ef8f7d43343f8dc38\"},\"headline\":\"ACM Neto confirma candidatura ao governo da Bahia e ironiza boatos de desist\u00eancia\",\"datePublished\":\"2026-01-22T19:21:50+00:00\",\"dateModified\":\"2026-01-22T19:22:09+00:00\",\"mainEntityOfPage\":{\"@id\":\"https:\/\/sudoesteacontece.com.br\/?p=6609\"},\"wordCount\":259,\"commentCount\":0,\"publisher\":{\"@id\":\"https:\/\/sudoesteacontece.com.br\/#organization\"},\"image\":{\"@id\":\"https:\/\/sudoesteacontece.com.br\/?p=6609#primaryimage\"},\"thumbnailUrl\":\"https:\/\/sudoesteacontece.com.br\/wp-content\/uploads\/2026\/01\/ACM-Neto-confirma-candidatura-ao-governo-da-Bahia-e-ironiza-boatos-de-desistencia-sudoeste-acontece.jpg\",\"articleSection\":[\"Bahia\",\"Elei\u00e7\u00f5es 2026\",\"Pol\u00edtica\"],\"inLanguage\":\"pt-BR\",\"potentialAction\":[{\"@type\":\"CommentAction\",\"name\":\"Comment\",\"target\":[\"https:\/\/sudoesteacontece.com.br\/?p=6609#respond\"]}]},{\"@type\":\"WebPage\",\"@id\":\"https:\/\/sudoesteacontece.com.br\/?p=6609\",\"url\":\"https:\/\/sudoesteacontece.com.br\/?p=6609\",\"name\":\"ACM Neto confirma candidatura ao governo da Bahia e ironiza boatos de desist\u00eancia - Sudoesteacontece\",\"isPartOf\":{\"@id\":\"https:\/\/sudoesteacontece.com.br\/#website\"},\"primaryImageOfPage\":{\"@id\":\"https:\/\/sudoesteacontece.com.br\/?p=6609#primaryimage\"},\"image\":{\"@id\":\"https:\/\/sudoesteacontece.com.br\/?p=6609#primaryimage\"},\"thumbnailUrl\":\"https:\/\/sudoesteacontece.com.br\/wp-content\/uploads\/2026\/01\/ACM-Neto-confirma-candidatura-ao-governo-da-Bahia-e-ironiza-boatos-de-desistencia-sudoeste-acontece.jpg\",\"datePublished\":\"2026-01-22T19:21:50+00:00\",\"dateModified\":\"2026-01-22T19:22:09+00:00\",\"breadcrumb\":{\"@id\":\"https:\/\/sudoesteacontece.com.br\/?p=6609#breadcrumb\"},\"inLanguage\":\"pt-BR\",\"potentialAction\":[{\"@type\":\"ReadAction\",\"target\":[\"https:\/\/sudoesteacontece.com.br\/?p=6609\"]}]},{\"@type\":\"ImageObject\",\"inLanguage\":\"pt-BR\",\"@id\":\"https:\/\/sudoesteacontece.com.br\/?p=6609#primaryimage\",\"url\":\"https:\/\/sudoesteacontece.com.br\/wp-content\/uploads\/2026\/01\/ACM-Neto-confirma-candidatura-ao-governo-da-Bahia-e-ironiza-boatos-de-desistencia-sudoeste-acontece.jpg\",\"contentUrl\":\"https:\/\/sudoesteacontece.com.br\/wp-content\/uploads\/2026\/01\/ACM-Neto-confirma-candidatura-ao-governo-da-Bahia-e-ironiza-boatos-de-desistencia-sudoeste-acontece.jpg\",\"width\":900,\"height\":600},{\"@type\":\"BreadcrumbList\",\"@id\":\"https:\/\/sudoesteacontece.com.br\/?p=6609#breadcrumb\",\"itemListElement\":[{\"@type\":\"ListItem\",\"position\":1,\"name\":\"In\u00edcio\",\"item\":\"https:\/\/sudoesteacontece.com.br\/\"},{\"@type\":\"ListItem\",\"position\":2,\"name\":\"ACM Neto confirma candidatura ao governo da Bahia e ironiza boatos de desist\u00eancia\"}]},{\"@type\":\"WebSite\",\"@id\":\"https:\/\/sudoesteacontece.com.br\/#website\",\"url\":\"https:\/\/sudoesteacontece.com.br\/\",\"name\":\"Sudoesteacontece\",\"description\":\"\",\"publisher\":{\"@id\":\"https:\/\/sudoesteacontece.com.br\/#organization\"},\"potentialAction\":[{\"@type\":\"SearchAction\",\"target\":{\"@type\":\"EntryPoint\",\"urlTemplate\":\"https:\/\/sudoesteacontece.com.br\/?s={search_term_string}\"},\"query-input\":{\"@type\":\"PropertyValueSpecification\",\"valueRequired\":true,\"valueName\":\"search_term_string\"}}],\"inLanguage\":\"pt-BR\"},{\"@type\":\"Organization\",\"@id\":\"https:\/\/sudoesteacontece.com.br\/#organization\",\"name\":\"Sudoesteacontece\",\"url\":\"https:\/\/sudoesteacontece.com.br\/\",\"logo\":{\"@type\":\"ImageObject\",\"inLanguage\":\"pt-BR\",\"@id\":\"https:\/\/sudoesteacontece.com.br\/#\/schema\/logo\/image\/\",\"url\":\"https:\/\/sudoesteacontece.com.br\/wp-content\/uploads\/2025\/12\/cropped-logo-2-180x180-1.png\",\"contentUrl\":\"https:\/\/sudoesteacontece.com.br\/wp-content\/uploads\/2025\/12\/cropped-logo-2-180x180-1.png\",\"width\":180,\"height\":180,\"caption\":\"Sudoesteacontece\"},\"image\":{\"@id\":\"https:\/\/sudoesteacontece.com.br\/#\/schema\/logo\/image\/\"},\"sameAs\":[\"https:\/\/www.facebook.com\/sudoesteacontece\/?locale=pt_BR\"]},{\"@type\":\"Person\",\"@id\":\"https:\/\/sudoesteacontece.com.br\/#\/schema\/person\/a4f22429c1d0923ef8f7d43343f8dc38\",\"name\":\"Reda\u00e7\u00e3o\",\"image\":{\"@type\":\"ImageObject\",\"inLanguage\":\"pt-BR\",\"@id\":\"https:\/\/sudoesteacontece.com.br\/#\/schema\/person\/image\/\",\"url\":\"https:\/\/secure.gravatar.com\/avatar\/c3a5b3c93f268a709c25a2df414c629a96fb3b1b4bf97a94fb3f72e54ae76903?s=96&d=mm&r=g\",\"contentUrl\":\"https:\/\/secure.gravatar.com\/avatar\/c3a5b3c93f268a709c25a2df414c629a96fb3b1b4bf97a94fb3f72e54ae76903?s=96&d=mm&r=g\",\"caption\":\"Reda\u00e7\u00e3o\"},\"url\":\"https:\/\/sudoesteacontece.com.br\/?author=4\"}]}<\/script>\n<!-- \/ Yoast SEO plugin. -->","yoast_head_json":{"title":"ACM Neto confirma candidatura ao governo da Bahia e ironiza boatos de desist\u00eancia - Sudoesteacontece","robots":{"index":"index","follow":"follow","max-snippet":"max-snippet:-1","max-image-preview":"max-image-preview:large","max-video-preview":"max-video-preview:-1"},"canonical":"https:\/\/sudoesteacontece.com.br\/?p=6609","og_locale":"pt_BR","og_type":"article","og_title":"ACM Neto confirma candidatura ao governo da Bahia e ironiza boatos de desist\u00eancia - Sudoesteacontece","og_description":"ACM Neto confirmou nesta quinta-feira (22) que ser\u00e1 candidato ao governo da Bahia e ironizou especula\u00e7\u00f5es sobre uma poss\u00edvel desist\u00eancia. Em entrevista \u00e0 R\u00e1dio Metropole, o ex-prefeito de Salvador afirmou que os boatos n\u00e3o passam de torcida dos advers\u00e1rios e garantiu que estar\u00e1 na disputa eleitoral. Durante a entrevista, Neto atribuiu os rumores a setores ligados ao PT. O dirigente disse que h\u00e1 um desejo para evitar confronto nas urnas, mas recha\u00e7ou qualquer possibilidade de recuo. Segundo ele, a candidatura est\u00e1 mantida e seguir\u00e1 firme at\u00e9 o pleito, se \u201cDeus permitir\u201d. Segundo ACM Neto, a pr\u00e9-candidatura j\u00e1 est\u00e1 consolidada e dispensa an\u00fancios formais neste momento. O ex-prefeito afirmou que seu nome \u00e9 reconhecido como a principal alternativa ao PT no estado e destacou que tem intensificado articula\u00e7\u00f5es pol\u00edticas e di\u00e1logos com lideran\u00e7as em v\u00e1rias regi\u00f5es da Bahia. Al\u00e9m disso, Neto revelou que trabalha para ter o ex-ministro Jo\u00e3o Roma como candidato ao Senado na chapa de oposi\u00e7\u00e3o. Ele disse que as conversas est\u00e3o avan\u00e7adas e fazem parte de uma estrat\u00e9gia para fortalecer o projeto eleitoral e ampliar o palanque no estado. Por fim, o ex-prefeito informou que a apresenta\u00e7\u00e3o oficial da chapa completa est\u00e1 prevista para mar\u00e7o. At\u00e9 l\u00e1, o foco seguir\u00e1 na constru\u00e7\u00e3o de alian\u00e7as e no alinhamento pol\u00edtico com partidos e lideran\u00e7as que integram o campo oposicionista na Bahia.","og_url":"https:\/\/sudoesteacontece.com.br\/?p=6609","og_site_name":"Sudoesteacontece","article_publisher":"https:\/\/www.facebook.com\/sudoesteacontece\/?locale=pt_BR","article_published_time":"2026-01-22T19:21:50+00:00","article_modified_time":"2026-01-22T19:22:09+00:00","og_image":[{"width":900,"height":600,"url":"https:\/\/sudoesteacontece.com.br\/wp-content\/uploads\/2026\/01\/ACM-Neto-confirma-candidatura-ao-governo-da-Bahia-e-ironiza-boatos-de-desistencia-sudoeste-acontece.jpg","type":"image\/jpeg"}],"author":"Reda\u00e7\u00e3o","twitter_card":"summary_large_image","twitter_misc":{"Escrito por":"Reda\u00e7\u00e3o","Est. tempo de leitura":"2 minutos"},"schema":{"@context":"https:\/\/schema.org","@graph":[{"@type":"Article","@id":"https:\/\/sudoesteacontece.com.br\/?p=6609#article","isPartOf":{"@id":"https:\/\/sudoesteacontece.com.br\/?p=6609"},"author":{"name":"Reda\u00e7\u00e3o","@id":"https:\/\/sudoesteacontece.com.br\/#\/schema\/person\/a4f22429c1d0923ef8f7d43343f8dc38"},"headline":"ACM Neto confirma candidatura ao governo da Bahia e ironiza boatos de desist\u00eancia","datePublished":"2026-01-22T19:21:50+00:00","dateModified":"2026-01-22T19:22:09+00:00","mainEntityOfPage":{"@id":"https:\/\/sudoesteacontece.com.br\/?p=6609"},"wordCount":259,"commentCount":0,"publisher":{"@id":"https:\/\/sudoesteacontece.com.br\/#organization"},"image":{"@id":"https:\/\/sudoesteacontece.com.br\/?p=6609#primaryimage"},"thumbnailUrl":"https:\/\/sudoesteacontece.com.br\/wp-content\/uploads\/2026\/01\/ACM-Neto-confirma-candidatura-ao-governo-da-Bahia-e-ironiza-boatos-de-desistencia-sudoeste-acontece.jpg","articleSection":["Bahia","Elei\u00e7\u00f5es 2026","Pol\u00edtica"],"inLanguage":"pt-BR","potentialAction":[{"@type":"CommentAction","name":"Comment","target":["https:\/\/sudoesteacontece.com.br\/?p=6609#respond"]}]},{"@type":"WebPage","@id":"https:\/\/sudoesteacontece.com.br\/?p=6609","url":"https:\/\/sudoesteacontece.com.br\/?p=6609","name":"ACM Neto confirma candidatura ao governo da Bahia e ironiza boatos de desist\u00eancia - Sudoesteacontece","isPartOf":{"@id":"https:\/\/sudoesteacontece.com.br\/#website"},"primaryImageOfPage":{"@id":"https:\/\/sudoesteacontece.com.br\/?p=6609#primaryimage"},"image":{"@id":"https:\/\/sudoesteacontece.com.br\/?p=6609#primaryimage"},"thumbnailUrl":"https:\/\/sudoesteacontece.com.br\/wp-content\/uploads\/2026\/01\/ACM-Neto-confirma-candidatura-ao-governo-da-Bahia-e-ironiza-boatos-de-desistencia-sudoeste-acontece.jpg","datePublished":"2026-01-22T19:21:50+00:00","dateModified":"2026-01-22T19:22:09+00:00","breadcrumb":{"@id":"https:\/\/sudoesteacontece.com.br\/?p=6609#breadcrumb"},"inLanguage":"pt-BR","potentialAction":[{"@type":"ReadAction","target":["https:\/\/sudoesteacontece.com.br\/?p=6609"]}]},{"@type":"ImageObject","inLanguage":"pt-BR","@id":"https:\/\/sudoesteacontece.com.br\/?p=6609#primaryimage","url":"https:\/\/sudoesteacontece.com.br\/wp-content\/uploads\/2026\/01\/ACM-Neto-confirma-candidatura-ao-governo-da-Bahia-e-ironiza-boatos-de-desistencia-sudoeste-acontece.jpg","contentUrl":"https:\/\/sudoesteacontece.com.br\/wp-content\/uploads\/2026\/01\/ACM-Neto-confirma-candidatura-ao-governo-da-Bahia-e-ironiza-boatos-de-desistencia-sudoeste-acontece.jpg","width":900,"height":600},{"@type":"BreadcrumbList","@id":"https:\/\/sudoesteacontece.com.br\/?p=6609#breadcrumb","itemListElement":[{"@type":"ListItem","position":1,"name":"In\u00edcio","item":"https:\/\/sudoesteacontece.com.br\/"},{"@type":"ListItem","position":2,"name":"ACM Neto confirma candidatura ao governo da Bahia e ironiza boatos de desist\u00eancia"}]},{"@type":"WebSite","@id":"https:\/\/sudoesteacontece.com.br\/#website","url":"https:\/\/sudoesteacontece.com.br\/","name":"Sudoesteacontece","description":"","publisher":{"@id":"https:\/\/sudoesteacontece.com.br\/#organization"},"potentialAction":[{"@type":"SearchAction","target":{"@type":"EntryPoint","urlTemplate":"https:\/\/sudoesteacontece.com.br\/?s={search_term_string}"},"query-input":{"@type":"PropertyValueSpecification","valueRequired":true,"valueName":"search_term_string"}}],"inLanguage":"pt-BR"},{"@type":"Organization","@id":"https:\/\/sudoesteacontece.com.br\/#organization","name":"Sudoesteacontece","url":"https:\/\/sudoesteacontece.com.br\/","logo":{"@type":"ImageObject","inLanguage":"pt-BR","@id":"https:\/\/sudoesteacontece.com.br\/#\/schema\/logo\/image\/","url":"https:\/\/sudoesteacontece.com.br\/wp-content\/uploads\/2025\/12\/cropped-logo-2-180x180-1.png","contentUrl":"https:\/\/sudoesteacontece.com.br\/wp-content\/uploads\/2025\/12\/cropped-logo-2-180x180-1.png","width":180,"height":180,"caption":"Sudoesteacontece"},"image":{"@id":"https:\/\/sudoesteacontece.com.br\/#\/schema\/logo\/image\/"},"sameAs":["https:\/\/www.facebook.com\/sudoesteacontece\/?locale=pt_BR"]},{"@type":"Person","@id":"https:\/\/sudoesteacontece.com.br\/#\/schema\/person\/a4f22429c1d0923ef8f7d43343f8dc38","name":"Reda\u00e7\u00e3o","image":{"@type":"ImageObject","inLanguage":"pt-BR","@id":"https:\/\/sudoesteacontece.com.br\/#\/schema\/person\/image\/","url":"https:\/\/secure.gravatar.com\/avatar\/c3a5b3c93f268a709c25a2df414c629a96fb3b1b4bf97a94fb3f72e54ae76903?s=96&d=mm&r=g","contentUrl":"https:\/\/secure.gravatar.com\/avatar\/c3a5b3c93f268a709c25a2df414c629a96fb3b1b4bf97a94fb3f72e54ae76903?s=96&d=mm&r=g","caption":"Reda\u00e7\u00e3o"},"url":"https:\/\/sudoesteacontece.com.br\/?author=4"}]}},"_links":{"self":[{"href":"https:\/\/sudoesteacontece.com.br\/index.php?rest_route=\/wp\/v2\/posts\/6609","targetHints":{"allow":["GET"]}}],"collection":[{"href":"https:\/\/sudoesteacontece.com.br\/index.php?rest_route=\/wp\/v2\/posts"}],"about":[{"href":"https:\/\/sudoesteacontece.com.br\/index.php?rest_route=\/wp\/v2\/types\/post"}],"author":[{"embeddable":true,"href":"https:\/\/sudoesteacontece.com.br\/index.php?rest_route=\/wp\/v2\/users\/4"}],"replies":[{"embeddable":true,"href":"https:\/\/sudoesteacontece.com.br\/index.php?rest_route=%2Fwp%2Fv2%2Fcomments&post=6609"}],"version-history":[{"count":0,"href":"https:\/\/sudoesteacontece.com.br\/index.php?rest_route=\/wp\/v2\/posts\/6609\/revisions"}],"wp:featuredmedia":[{"embeddable":true,"href":"https:\/\/sudoesteacontece.com.br\/index.php?rest_route=\/wp\/v2\/media\/6627"}],"wp:attachment":[{"href":"https:\/\/sudoesteacontece.com.br\/index.php?rest_route=%2Fwp%2Fv2%2Fmedia&parent=6609"}],"wp:term":[{"taxonomy":"category","embeddable":true,"href":"https:\/\/sudoesteacontece.com.br\/index.php?rest_route=%2Fwp%2Fv2%2Fcategories&post=6609"},{"taxonomy":"post_tag","embeddable":true,"href":"https:\/\/sudoesteacontece.com.br\/index.php?rest_route=%2Fwp%2Fv2%2Ftags&post=6609"}],"curies":[{"name":"wp","href":"https:\/\/api.w.org\/{rel}","templated":true}]}}