{"id":6615,"date":"2026-01-22T16:10:41","date_gmt":"2026-01-22T19:10:41","guid":{"rendered":"https:\/\/sudoesteacontece.com.br\/?p=6615"},"modified":"2026-01-22T16:10:48","modified_gmt":"2026-01-22T19:10:48","slug":"luciano-ribeiro-toma-posse-na-alba-e-assume-mandato-em-vaga-deixada-por-alan-sanches","status":"publish","type":"post","link":"https:\/\/sudoesteacontece.com.br\/?p=6615","title":{"rendered":"Luciano Ribeiro toma posse na ALBA e assume mandato em vaga deixada por Alan Sanches"},"content":{"rendered":"<div class=\"wp-block-image\">\n<figure class=\"aligncenter size-full\"><img fetchpriority=\"high\" decoding=\"async\" width=\"900\" height=\"600\" src=\"http:\/\/sudoesteacontece.com.br\/wp-content\/uploads\/2026\/01\/Luciano-Ribeiro-toma-posse-na-ALBA-e-assume-mandato-em-vaga-deixada-por-Alan-Sanches-sudoeste-acontece.jpg\" alt=\"\" class=\"wp-image-6618\" srcset=\"https:\/\/sudoesteacontece.com.br\/wp-content\/uploads\/2026\/01\/Luciano-Ribeiro-toma-posse-na-ALBA-e-assume-mandato-em-vaga-deixada-por-Alan-Sanches-sudoeste-acontece.jpg 900w, https:\/\/sudoesteacontece.com.br\/wp-content\/uploads\/2026\/01\/Luciano-Ribeiro-toma-posse-na-ALBA-e-assume-mandato-em-vaga-deixada-por-Alan-Sanches-sudoeste-acontece-300x200.jpg 300w, https:\/\/sudoesteacontece.com.br\/wp-content\/uploads\/2026\/01\/Luciano-Ribeiro-toma-posse-na-ALBA-e-assume-mandato-em-vaga-deixada-por-Alan-Sanches-sudoeste-acontece-768x512.jpg 768w\" sizes=\"(max-width: 900px) 100vw, 900px\" \/><\/figure>\n<\/div>\n\n\n<p>Luciano Ribeiro tomou posse como deputado estadual na manh\u00e3 desta quinta-feira (22) na Assembleia Legislativa da Bahia. Advogado e primeiro suplente do Uni\u00e3o Brasil, ele assume a cadeira deixada por Alan Sanches, falecido no \u00faltimo s\u00e1bado (17), e retorna ao Parlamento com o compromisso de dar continuidade ao trabalho pol\u00edtico desenvolvido pelo colega.<\/p>\n\n\n\n<p>A solenidade ocorreu na sala da Presid\u00eancia da ALBA e foi conduzida pela deputada Ivana Bastos. Familiares, amigos e parlamentares acompanharam o ato, entre eles K\u00e1tia Oliveira, J\u00fanior Nascimento e Tiago Correia, que prestigiaram o novo integrante da Casa Legislativa durante a cerim\u00f4nia oficial.<\/p>\n\n\n\n<p>Durante o evento, Ivana Bastos deu as boas-vindas ao deputado e desejou sucesso na nova etapa. A presidente destacou a import\u00e2ncia da responsabilidade parlamentar e ressaltou o papel institucional da Assembleia na defesa dos interesses da popula\u00e7\u00e3o baiana.<\/p>\n\n\n\n<p>Ap\u00f3s assinar o termo de posse e prestar o juramento regimental, Luciano Ribeiro discursou brevemente. Ele afirmou que assume o mandato com a miss\u00e3o de honrar o legado de Alan Sanches, a quem classificou como amigo pessoal e defensor de causas sociais relevantes no estado.<\/p>\n\n\n\n<p>Al\u00e9m disso, o parlamentar refor\u00e7ou que manter\u00e1 uma postura de di\u00e1logo e respeito, mesmo atuando na oposi\u00e7\u00e3o. Segundo Luciano, a atua\u00e7\u00e3o pol\u00edtica ser\u00e1 pautada pelo equil\u00edbrio, pela coer\u00eancia e pelo compromisso com o interesse p\u00fablico.<\/p>\n\n\n\n<p>Por fim, o novo deputado destacou a responsabilidade de representar os 63.640 eleitores que confiaram nele nas elei\u00e7\u00f5es de 2022. Luciano Ribeiro afirmou que o mandato seguir\u00e1 os princ\u00edpios que marcaram sua trajet\u00f3ria pol\u00edtica e ter\u00e1 como foco a defesa do povo baiano.<\/p>\n","protected":false},"excerpt":{"rendered":"<p>Luciano Ribeiro tomou posse como deputado estadual na manh\u00e3 desta quinta-feira (22) na Assembleia Legislativa da Bahia. Advogado e primeiro suplente do Uni\u00e3o Brasil, ele assume a cadeira deixada por Alan Sanches, falecido no \u00faltimo s\u00e1bado (17), e retorna ao Parlamento com o compromisso de dar continuidade ao trabalho pol\u00edtico desenvolvido pelo colega. A solenidade ocorreu na sala da Presid\u00eancia da ALBA e foi conduzida pela deputada Ivana Bastos. Familiares, amigos e parlamentares acompanharam o ato, entre eles K\u00e1tia Oliveira, J\u00fanior Nascimento e Tiago Correia, que prestigiaram o novo integrante da Casa Legislativa durante a cerim\u00f4nia oficial. Durante o evento, Ivana Bastos deu as boas-vindas ao deputado e desejou sucesso na nova etapa. A presidente destacou a import\u00e2ncia da responsabilidade parlamentar e ressaltou o papel institucional da Assembleia na defesa dos interesses da popula\u00e7\u00e3o baiana. Ap\u00f3s assinar o termo de posse e prestar o juramento regimental, Luciano Ribeiro discursou brevemente. Ele afirmou que assume o mandato com a miss\u00e3o de honrar o legado de Alan Sanches, a quem classificou como amigo pessoal e defensor de causas sociais relevantes no estado. Al\u00e9m disso, o parlamentar refor\u00e7ou que manter\u00e1 uma postura de di\u00e1logo e respeito, mesmo atuando na oposi\u00e7\u00e3o. Segundo Luciano, a atua\u00e7\u00e3o pol\u00edtica ser\u00e1 pautada pelo equil\u00edbrio, pela coer\u00eancia e pelo compromisso com o interesse p\u00fablico. Por fim, o novo deputado destacou a responsabilidade de representar os 63.640 eleitores que confiaram nele nas elei\u00e7\u00f5es de 2022. Luciano Ribeiro afirmou que o mandato seguir\u00e1 os princ\u00edpios que marcaram sua trajet\u00f3ria pol\u00edtica e ter\u00e1 como foco a defesa do povo baiano.<\/p>\n","protected":false},"author":4,"featured_media":6618,"comment_status":"open","ping_status":"open","sticky":false,"template":"","format":"standard","meta":{"footnotes":""},"categories":[7,58,6],"tags":[],"class_list":["post-6615","post","type-post","status-publish","format-standard","has-post-thumbnail","hentry","category-bahia","category-eleicoes-2026","category-politica"],"yoast_head":"<!-- This site is optimized with the Yoast SEO plugin v26.5 - https:\/\/yoast.com\/wordpress\/plugins\/seo\/ -->\n<title>Luciano Ribeiro toma posse na ALBA e assume mandato em vaga deixada por Alan Sanches - Sudoesteacontece<\/title>\n<meta name=\"robots\" content=\"index, follow, max-snippet:-1, max-image-preview:large, max-video-preview:-1\" \/>\n<link rel=\"canonical\" href=\"http:\/\/sudoesteacontece.com.br\/?p=6615\" \/>\n<meta property=\"og:locale\" content=\"pt_BR\" \/>\n<meta property=\"og:type\" content=\"article\" \/>\n<meta property=\"og:title\" content=\"Luciano Ribeiro toma posse na ALBA e assume mandato em vaga deixada por Alan Sanches - Sudoesteacontece\" \/>\n<meta property=\"og:description\" content=\"Luciano Ribeiro tomou posse como deputado estadual na manh\u00e3 desta quinta-feira (22) na Assembleia Legislativa da Bahia. Advogado e primeiro suplente do Uni\u00e3o Brasil, ele assume a cadeira deixada por Alan Sanches, falecido no \u00faltimo s\u00e1bado (17), e retorna ao Parlamento com o compromisso de dar continuidade ao trabalho pol\u00edtico desenvolvido pelo colega. A solenidade ocorreu na sala da Presid\u00eancia da ALBA e foi conduzida pela deputada Ivana Bastos. Familiares, amigos e parlamentares acompanharam o ato, entre eles K\u00e1tia Oliveira, J\u00fanior Nascimento e Tiago Correia, que prestigiaram o novo integrante da Casa Legislativa durante a cerim\u00f4nia oficial. Durante o evento, Ivana Bastos deu as boas-vindas ao deputado e desejou sucesso na nova etapa. A presidente destacou a import\u00e2ncia da responsabilidade parlamentar e ressaltou o papel institucional da Assembleia na defesa dos interesses da popula\u00e7\u00e3o baiana. Ap\u00f3s assinar o termo de posse e prestar o juramento regimental, Luciano Ribeiro discursou brevemente. Ele afirmou que assume o mandato com a miss\u00e3o de honrar o legado de Alan Sanches, a quem classificou como amigo pessoal e defensor de causas sociais relevantes no estado. Al\u00e9m disso, o parlamentar refor\u00e7ou que manter\u00e1 uma postura de di\u00e1logo e respeito, mesmo atuando na oposi\u00e7\u00e3o. Segundo Luciano, a atua\u00e7\u00e3o pol\u00edtica ser\u00e1 pautada pelo equil\u00edbrio, pela coer\u00eancia e pelo compromisso com o interesse p\u00fablico. Por fim, o novo deputado destacou a responsabilidade de representar os 63.640 eleitores que confiaram nele nas elei\u00e7\u00f5es de 2022. Luciano Ribeiro afirmou que o mandato seguir\u00e1 os princ\u00edpios que marcaram sua trajet\u00f3ria pol\u00edtica e ter\u00e1 como foco a defesa do povo baiano.\" \/>\n<meta property=\"og:url\" content=\"http:\/\/sudoesteacontece.com.br\/?p=6615\" \/>\n<meta property=\"og:site_name\" content=\"Sudoesteacontece\" \/>\n<meta property=\"article:publisher\" content=\"https:\/\/www.facebook.com\/sudoesteacontece\/?locale=pt_BR\" \/>\n<meta property=\"article:published_time\" content=\"2026-01-22T19:10:41+00:00\" \/>\n<meta property=\"article:modified_time\" content=\"2026-01-22T19:10:48+00:00\" \/>\n<meta property=\"og:image\" content=\"http:\/\/sudoesteacontece.com.br\/wp-content\/uploads\/2026\/01\/Luciano-Ribeiro-toma-posse-na-ALBA-e-assume-mandato-em-vaga-deixada-por-Alan-Sanches-sudoeste-acontece.jpg\" \/>\n\t<meta property=\"og:image:width\" content=\"900\" \/>\n\t<meta property=\"og:image:height\" content=\"600\" \/>\n\t<meta property=\"og:image:type\" content=\"image\/jpeg\" \/>\n<meta name=\"author\" content=\"Reda\u00e7\u00e3o\" \/>\n<meta name=\"twitter:card\" content=\"summary_large_image\" \/>\n<meta name=\"twitter:label1\" content=\"Escrito por\" \/>\n\t<meta name=\"twitter:data1\" content=\"Reda\u00e7\u00e3o\" \/>\n\t<meta name=\"twitter:label2\" content=\"Est. tempo de leitura\" \/>\n\t<meta name=\"twitter:data2\" content=\"2 minutos\" \/>\n<script type=\"application\/ld+json\" class=\"yoast-schema-graph\">{\"@context\":\"https:\/\/schema.org\",\"@graph\":[{\"@type\":\"Article\",\"@id\":\"http:\/\/sudoesteacontece.com.br\/?p=6615#article\",\"isPartOf\":{\"@id\":\"http:\/\/sudoesteacontece.com.br\/?p=6615\"},\"author\":{\"name\":\"Reda\u00e7\u00e3o\",\"@id\":\"https:\/\/sudoesteacontece.com.br\/#\/schema\/person\/a4f22429c1d0923ef8f7d43343f8dc38\"},\"headline\":\"Luciano Ribeiro toma posse na ALBA e assume mandato em vaga deixada por Alan Sanches\",\"datePublished\":\"2026-01-22T19:10:41+00:00\",\"dateModified\":\"2026-01-22T19:10:48+00:00\",\"mainEntityOfPage\":{\"@id\":\"http:\/\/sudoesteacontece.com.br\/?p=6615\"},\"wordCount\":293,\"commentCount\":0,\"publisher\":{\"@id\":\"https:\/\/sudoesteacontece.com.br\/#organization\"},\"image\":{\"@id\":\"http:\/\/sudoesteacontece.com.br\/?p=6615#primaryimage\"},\"thumbnailUrl\":\"https:\/\/sudoesteacontece.com.br\/wp-content\/uploads\/2026\/01\/Luciano-Ribeiro-toma-posse-na-ALBA-e-assume-mandato-em-vaga-deixada-por-Alan-Sanches-sudoeste-acontece.jpg\",\"articleSection\":[\"Bahia\",\"Elei\u00e7\u00f5es 2026\",\"Pol\u00edtica\"],\"inLanguage\":\"pt-BR\",\"potentialAction\":[{\"@type\":\"CommentAction\",\"name\":\"Comment\",\"target\":[\"http:\/\/sudoesteacontece.com.br\/?p=6615#respond\"]}]},{\"@type\":\"WebPage\",\"@id\":\"http:\/\/sudoesteacontece.com.br\/?p=6615\",\"url\":\"http:\/\/sudoesteacontece.com.br\/?p=6615\",\"name\":\"Luciano Ribeiro toma posse na ALBA e assume mandato em vaga deixada por Alan Sanches - Sudoesteacontece\",\"isPartOf\":{\"@id\":\"https:\/\/sudoesteacontece.com.br\/#website\"},\"primaryImageOfPage\":{\"@id\":\"http:\/\/sudoesteacontece.com.br\/?p=6615#primaryimage\"},\"image\":{\"@id\":\"http:\/\/sudoesteacontece.com.br\/?p=6615#primaryimage\"},\"thumbnailUrl\":\"https:\/\/sudoesteacontece.com.br\/wp-content\/uploads\/2026\/01\/Luciano-Ribeiro-toma-posse-na-ALBA-e-assume-mandato-em-vaga-deixada-por-Alan-Sanches-sudoeste-acontece.jpg\",\"datePublished\":\"2026-01-22T19:10:41+00:00\",\"dateModified\":\"2026-01-22T19:10:48+00:00\",\"breadcrumb\":{\"@id\":\"http:\/\/sudoesteacontece.com.br\/?p=6615#breadcrumb\"},\"inLanguage\":\"pt-BR\",\"potentialAction\":[{\"@type\":\"ReadAction\",\"target\":[\"http:\/\/sudoesteacontece.com.br\/?p=6615\"]}]},{\"@type\":\"ImageObject\",\"inLanguage\":\"pt-BR\",\"@id\":\"http:\/\/sudoesteacontece.com.br\/?p=6615#primaryimage\",\"url\":\"https:\/\/sudoesteacontece.com.br\/wp-content\/uploads\/2026\/01\/Luciano-Ribeiro-toma-posse-na-ALBA-e-assume-mandato-em-vaga-deixada-por-Alan-Sanches-sudoeste-acontece.jpg\",\"contentUrl\":\"https:\/\/sudoesteacontece.com.br\/wp-content\/uploads\/2026\/01\/Luciano-Ribeiro-toma-posse-na-ALBA-e-assume-mandato-em-vaga-deixada-por-Alan-Sanches-sudoeste-acontece.jpg\",\"width\":900,\"height\":600},{\"@type\":\"BreadcrumbList\",\"@id\":\"http:\/\/sudoesteacontece.com.br\/?p=6615#breadcrumb\",\"itemListElement\":[{\"@type\":\"ListItem\",\"position\":1,\"name\":\"In\u00edcio\",\"item\":\"https:\/\/sudoesteacontece.com.br\/\"},{\"@type\":\"ListItem\",\"position\":2,\"name\":\"Luciano Ribeiro toma posse na ALBA e assume mandato em vaga deixada por Alan Sanches\"}]},{\"@type\":\"WebSite\",\"@id\":\"https:\/\/sudoesteacontece.com.br\/#website\",\"url\":\"https:\/\/sudoesteacontece.com.br\/\",\"name\":\"Sudoesteacontece\",\"description\":\"\",\"publisher\":{\"@id\":\"https:\/\/sudoesteacontece.com.br\/#organization\"},\"potentialAction\":[{\"@type\":\"SearchAction\",\"target\":{\"@type\":\"EntryPoint\",\"urlTemplate\":\"https:\/\/sudoesteacontece.com.br\/?s={search_term_string}\"},\"query-input\":{\"@type\":\"PropertyValueSpecification\",\"valueRequired\":true,\"valueName\":\"search_term_string\"}}],\"inLanguage\":\"pt-BR\"},{\"@type\":\"Organization\",\"@id\":\"https:\/\/sudoesteacontece.com.br\/#organization\",\"name\":\"Sudoesteacontece\",\"url\":\"https:\/\/sudoesteacontece.com.br\/\",\"logo\":{\"@type\":\"ImageObject\",\"inLanguage\":\"pt-BR\",\"@id\":\"https:\/\/sudoesteacontece.com.br\/#\/schema\/logo\/image\/\",\"url\":\"https:\/\/sudoesteacontece.com.br\/wp-content\/uploads\/2025\/12\/cropped-logo-2-180x180-1.png\",\"contentUrl\":\"https:\/\/sudoesteacontece.com.br\/wp-content\/uploads\/2025\/12\/cropped-logo-2-180x180-1.png\",\"width\":180,\"height\":180,\"caption\":\"Sudoesteacontece\"},\"image\":{\"@id\":\"https:\/\/sudoesteacontece.com.br\/#\/schema\/logo\/image\/\"},\"sameAs\":[\"https:\/\/www.facebook.com\/sudoesteacontece\/?locale=pt_BR\"]},{\"@type\":\"Person\",\"@id\":\"https:\/\/sudoesteacontece.com.br\/#\/schema\/person\/a4f22429c1d0923ef8f7d43343f8dc38\",\"name\":\"Reda\u00e7\u00e3o\",\"image\":{\"@type\":\"ImageObject\",\"inLanguage\":\"pt-BR\",\"@id\":\"https:\/\/sudoesteacontece.com.br\/#\/schema\/person\/image\/\",\"url\":\"https:\/\/secure.gravatar.com\/avatar\/c3a5b3c93f268a709c25a2df414c629a96fb3b1b4bf97a94fb3f72e54ae76903?s=96&d=mm&r=g\",\"contentUrl\":\"https:\/\/secure.gravatar.com\/avatar\/c3a5b3c93f268a709c25a2df414c629a96fb3b1b4bf97a94fb3f72e54ae76903?s=96&d=mm&r=g\",\"caption\":\"Reda\u00e7\u00e3o\"},\"url\":\"https:\/\/sudoesteacontece.com.br\/?author=4\"}]}<\/script>\n<!-- \/ Yoast SEO plugin. -->","yoast_head_json":{"title":"Luciano Ribeiro toma posse na ALBA e assume mandato em vaga deixada por Alan Sanches - Sudoesteacontece","robots":{"index":"index","follow":"follow","max-snippet":"max-snippet:-1","max-image-preview":"max-image-preview:large","max-video-preview":"max-video-preview:-1"},"canonical":"http:\/\/sudoesteacontece.com.br\/?p=6615","og_locale":"pt_BR","og_type":"article","og_title":"Luciano Ribeiro toma posse na ALBA e assume mandato em vaga deixada por Alan Sanches - Sudoesteacontece","og_description":"Luciano Ribeiro tomou posse como deputado estadual na manh\u00e3 desta quinta-feira (22) na Assembleia Legislativa da Bahia. Advogado e primeiro suplente do Uni\u00e3o Brasil, ele assume a cadeira deixada por Alan Sanches, falecido no \u00faltimo s\u00e1bado (17), e retorna ao Parlamento com o compromisso de dar continuidade ao trabalho pol\u00edtico desenvolvido pelo colega. A solenidade ocorreu na sala da Presid\u00eancia da ALBA e foi conduzida pela deputada Ivana Bastos. Familiares, amigos e parlamentares acompanharam o ato, entre eles K\u00e1tia Oliveira, J\u00fanior Nascimento e Tiago Correia, que prestigiaram o novo integrante da Casa Legislativa durante a cerim\u00f4nia oficial. Durante o evento, Ivana Bastos deu as boas-vindas ao deputado e desejou sucesso na nova etapa. A presidente destacou a import\u00e2ncia da responsabilidade parlamentar e ressaltou o papel institucional da Assembleia na defesa dos interesses da popula\u00e7\u00e3o baiana. Ap\u00f3s assinar o termo de posse e prestar o juramento regimental, Luciano Ribeiro discursou brevemente. Ele afirmou que assume o mandato com a miss\u00e3o de honrar o legado de Alan Sanches, a quem classificou como amigo pessoal e defensor de causas sociais relevantes no estado. Al\u00e9m disso, o parlamentar refor\u00e7ou que manter\u00e1 uma postura de di\u00e1logo e respeito, mesmo atuando na oposi\u00e7\u00e3o. Segundo Luciano, a atua\u00e7\u00e3o pol\u00edtica ser\u00e1 pautada pelo equil\u00edbrio, pela coer\u00eancia e pelo compromisso com o interesse p\u00fablico. Por fim, o novo deputado destacou a responsabilidade de representar os 63.640 eleitores que confiaram nele nas elei\u00e7\u00f5es de 2022. Luciano Ribeiro afirmou que o mandato seguir\u00e1 os princ\u00edpios que marcaram sua trajet\u00f3ria pol\u00edtica e ter\u00e1 como foco a defesa do povo baiano.","og_url":"http:\/\/sudoesteacontece.com.br\/?p=6615","og_site_name":"Sudoesteacontece","article_publisher":"https:\/\/www.facebook.com\/sudoesteacontece\/?locale=pt_BR","article_published_time":"2026-01-22T19:10:41+00:00","article_modified_time":"2026-01-22T19:10:48+00:00","og_image":[{"width":900,"height":600,"url":"http:\/\/sudoesteacontece.com.br\/wp-content\/uploads\/2026\/01\/Luciano-Ribeiro-toma-posse-na-ALBA-e-assume-mandato-em-vaga-deixada-por-Alan-Sanches-sudoeste-acontece.jpg","type":"image\/jpeg"}],"author":"Reda\u00e7\u00e3o","twitter_card":"summary_large_image","twitter_misc":{"Escrito por":"Reda\u00e7\u00e3o","Est. tempo de leitura":"2 minutos"},"schema":{"@context":"https:\/\/schema.org","@graph":[{"@type":"Article","@id":"http:\/\/sudoesteacontece.com.br\/?p=6615#article","isPartOf":{"@id":"http:\/\/sudoesteacontece.com.br\/?p=6615"},"author":{"name":"Reda\u00e7\u00e3o","@id":"https:\/\/sudoesteacontece.com.br\/#\/schema\/person\/a4f22429c1d0923ef8f7d43343f8dc38"},"headline":"Luciano Ribeiro toma posse na ALBA e assume mandato em vaga deixada por Alan Sanches","datePublished":"2026-01-22T19:10:41+00:00","dateModified":"2026-01-22T19:10:48+00:00","mainEntityOfPage":{"@id":"http:\/\/sudoesteacontece.com.br\/?p=6615"},"wordCount":293,"commentCount":0,"publisher":{"@id":"https:\/\/sudoesteacontece.com.br\/#organization"},"image":{"@id":"http:\/\/sudoesteacontece.com.br\/?p=6615#primaryimage"},"thumbnailUrl":"https:\/\/sudoesteacontece.com.br\/wp-content\/uploads\/2026\/01\/Luciano-Ribeiro-toma-posse-na-ALBA-e-assume-mandato-em-vaga-deixada-por-Alan-Sanches-sudoeste-acontece.jpg","articleSection":["Bahia","Elei\u00e7\u00f5es 2026","Pol\u00edtica"],"inLanguage":"pt-BR","potentialAction":[{"@type":"CommentAction","name":"Comment","target":["http:\/\/sudoesteacontece.com.br\/?p=6615#respond"]}]},{"@type":"WebPage","@id":"http:\/\/sudoesteacontece.com.br\/?p=6615","url":"http:\/\/sudoesteacontece.com.br\/?p=6615","name":"Luciano Ribeiro toma posse na ALBA e assume mandato em vaga deixada por Alan Sanches - Sudoesteacontece","isPartOf":{"@id":"https:\/\/sudoesteacontece.com.br\/#website"},"primaryImageOfPage":{"@id":"http:\/\/sudoesteacontece.com.br\/?p=6615#primaryimage"},"image":{"@id":"http:\/\/sudoesteacontece.com.br\/?p=6615#primaryimage"},"thumbnailUrl":"https:\/\/sudoesteacontece.com.br\/wp-content\/uploads\/2026\/01\/Luciano-Ribeiro-toma-posse-na-ALBA-e-assume-mandato-em-vaga-deixada-por-Alan-Sanches-sudoeste-acontece.jpg","datePublished":"2026-01-22T19:10:41+00:00","dateModified":"2026-01-22T19:10:48+00:00","breadcrumb":{"@id":"http:\/\/sudoesteacontece.com.br\/?p=6615#breadcrumb"},"inLanguage":"pt-BR","potentialAction":[{"@type":"ReadAction","target":["http:\/\/sudoesteacontece.com.br\/?p=6615"]}]},{"@type":"ImageObject","inLanguage":"pt-BR","@id":"http:\/\/sudoesteacontece.com.br\/?p=6615#primaryimage","url":"https:\/\/sudoesteacontece.com.br\/wp-content\/uploads\/2026\/01\/Luciano-Ribeiro-toma-posse-na-ALBA-e-assume-mandato-em-vaga-deixada-por-Alan-Sanches-sudoeste-acontece.jpg","contentUrl":"https:\/\/sudoesteacontece.com.br\/wp-content\/uploads\/2026\/01\/Luciano-Ribeiro-toma-posse-na-ALBA-e-assume-mandato-em-vaga-deixada-por-Alan-Sanches-sudoeste-acontece.jpg","width":900,"height":600},{"@type":"BreadcrumbList","@id":"http:\/\/sudoesteacontece.com.br\/?p=6615#breadcrumb","itemListElement":[{"@type":"ListItem","position":1,"name":"In\u00edcio","item":"https:\/\/sudoesteacontece.com.br\/"},{"@type":"ListItem","position":2,"name":"Luciano Ribeiro toma posse na ALBA e assume mandato em vaga deixada por Alan Sanches"}]},{"@type":"WebSite","@id":"https:\/\/sudoesteacontece.com.br\/#website","url":"https:\/\/sudoesteacontece.com.br\/","name":"Sudoesteacontece","description":"","publisher":{"@id":"https:\/\/sudoesteacontece.com.br\/#organization"},"potentialAction":[{"@type":"SearchAction","target":{"@type":"EntryPoint","urlTemplate":"https:\/\/sudoesteacontece.com.br\/?s={search_term_string}"},"query-input":{"@type":"PropertyValueSpecification","valueRequired":true,"valueName":"search_term_string"}}],"inLanguage":"pt-BR"},{"@type":"Organization","@id":"https:\/\/sudoesteacontece.com.br\/#organization","name":"Sudoesteacontece","url":"https:\/\/sudoesteacontece.com.br\/","logo":{"@type":"ImageObject","inLanguage":"pt-BR","@id":"https:\/\/sudoesteacontece.com.br\/#\/schema\/logo\/image\/","url":"https:\/\/sudoesteacontece.com.br\/wp-content\/uploads\/2025\/12\/cropped-logo-2-180x180-1.png","contentUrl":"https:\/\/sudoesteacontece.com.br\/wp-content\/uploads\/2025\/12\/cropped-logo-2-180x180-1.png","width":180,"height":180,"caption":"Sudoesteacontece"},"image":{"@id":"https:\/\/sudoesteacontece.com.br\/#\/schema\/logo\/image\/"},"sameAs":["https:\/\/www.facebook.com\/sudoesteacontece\/?locale=pt_BR"]},{"@type":"Person","@id":"https:\/\/sudoesteacontece.com.br\/#\/schema\/person\/a4f22429c1d0923ef8f7d43343f8dc38","name":"Reda\u00e7\u00e3o","image":{"@type":"ImageObject","inLanguage":"pt-BR","@id":"https:\/\/sudoesteacontece.com.br\/#\/schema\/person\/image\/","url":"https:\/\/secure.gravatar.com\/avatar\/c3a5b3c93f268a709c25a2df414c629a96fb3b1b4bf97a94fb3f72e54ae76903?s=96&d=mm&r=g","contentUrl":"https:\/\/secure.gravatar.com\/avatar\/c3a5b3c93f268a709c25a2df414c629a96fb3b1b4bf97a94fb3f72e54ae76903?s=96&d=mm&r=g","caption":"Reda\u00e7\u00e3o"},"url":"https:\/\/sudoesteacontece.com.br\/?author=4"}]}},"_links":{"self":[{"href":"https:\/\/sudoesteacontece.com.br\/index.php?rest_route=\/wp\/v2\/posts\/6615","targetHints":{"allow":["GET"]}}],"collection":[{"href":"https:\/\/sudoesteacontece.com.br\/index.php?rest_route=\/wp\/v2\/posts"}],"about":[{"href":"https:\/\/sudoesteacontece.com.br\/index.php?rest_route=\/wp\/v2\/types\/post"}],"author":[{"embeddable":true,"href":"https:\/\/sudoesteacontece.com.br\/index.php?rest_route=\/wp\/v2\/users\/4"}],"replies":[{"embeddable":true,"href":"https:\/\/sudoesteacontece.com.br\/index.php?rest_route=%2Fwp%2Fv2%2Fcomments&post=6615"}],"version-history":[{"count":0,"href":"https:\/\/sudoesteacontece.com.br\/index.php?rest_route=\/wp\/v2\/posts\/6615\/revisions"}],"wp:featuredmedia":[{"embeddable":true,"href":"https:\/\/sudoesteacontece.com.br\/index.php?rest_route=\/wp\/v2\/media\/6618"}],"wp:attachment":[{"href":"https:\/\/sudoesteacontece.com.br\/index.php?rest_route=%2Fwp%2Fv2%2Fmedia&parent=6615"}],"wp:term":[{"taxonomy":"category","embeddable":true,"href":"https:\/\/sudoesteacontece.com.br\/index.php?rest_route=%2Fwp%2Fv2%2Fcategories&post=6615"},{"taxonomy":"post_tag","embeddable":true,"href":"https:\/\/sudoesteacontece.com.br\/index.php?rest_route=%2Fwp%2Fv2%2Ftags&post=6615"}],"curies":[{"name":"wp","href":"https:\/\/api.w.org\/{rel}","templated":true}]}}