{"id":6616,"date":"2026-01-22T16:32:19","date_gmt":"2026-01-22T19:32:19","guid":{"rendered":"https:\/\/sudoesteacontece.com.br\/?p=6616"},"modified":"2026-01-22T16:32:25","modified_gmt":"2026-01-22T19:32:25","slug":"malafaia-critica-flavio-bolsonaro-e-defende-tarcisio-como-nome-mais-forte-da-direita","status":"publish","type":"post","link":"https:\/\/sudoesteacontece.com.br\/?p=6616","title":{"rendered":"Malafaia critica Fl\u00e1vio Bolsonaro e defende Tarc\u00edsio como nome mais forte da direita"},"content":{"rendered":"<div class=\"wp-block-image\">\n<figure class=\"aligncenter size-full\"><img fetchpriority=\"high\" decoding=\"async\" width=\"900\" height=\"600\" src=\"http:\/\/sudoesteacontece.com.br\/wp-content\/uploads\/2026\/01\/Malafaia-critica-Flavio-Bolsonaro-e-defende-Tarcisio-como-nome-mais-forte-da-direita-sudoeste-acontece.jpg\" alt=\"\" class=\"wp-image-6637\" srcset=\"https:\/\/sudoesteacontece.com.br\/wp-content\/uploads\/2026\/01\/Malafaia-critica-Flavio-Bolsonaro-e-defende-Tarcisio-como-nome-mais-forte-da-direita-sudoeste-acontece.jpg 900w, https:\/\/sudoesteacontece.com.br\/wp-content\/uploads\/2026\/01\/Malafaia-critica-Flavio-Bolsonaro-e-defende-Tarcisio-como-nome-mais-forte-da-direita-sudoeste-acontece-300x200.jpg 300w, https:\/\/sudoesteacontece.com.br\/wp-content\/uploads\/2026\/01\/Malafaia-critica-Flavio-Bolsonaro-e-defende-Tarcisio-como-nome-mais-forte-da-direita-sudoeste-acontece-768x512.jpg 768w\" sizes=\"(max-width: 900px) 100vw, 900px\" \/><\/figure>\n<\/div>\n\n\n<p>Silas Malafaia voltou a defender o governador Tarc\u00edsio de Freitas como principal nome da direita para a disputa presidencial. Em entrevista ao SBT News, o pastor criticou a pr\u00e9-candidatura do senador Fl\u00e1vio Bolsonaro e afirmou que o filho do ex-presidente n\u00e3o conseguiu empolgar o eleitorado conservador.<\/p>\n\n\n\n<p>Segundo Malafaia, o campo da direita possui quadros qualificados, como Ratinho Jr., Romeu Zema e Ronaldo Caiado. Ainda assim, ele avaliou que a elei\u00e7\u00e3o exige mais do que experi\u00eancia administrativa e defendeu uma candidatura capaz de unir centro e direita, caracter\u00edstica que, na sua vis\u00e3o, favorece Tarc\u00edsio.<\/p>\n\n\n\n<p>Durante a entrevista, o pastor tamb\u00e9m citou Michelle Bolsonaro como ativo eleitoral relevante. Ele destacou a capacidade da ex-primeira-dama de dialogar com mulheres e evang\u00e9licos e afirmou que uma candidatura restrita ao n\u00facleo ideol\u00f3gico n\u00e3o seria suficiente para vencer o presidente Lula.<\/p>\n\n\n\n<p>Malafaia argumentou que a rea\u00e7\u00e3o mais intensa da esquerda ao nome de Tarc\u00edsio indica quem representa amea\u00e7a real no pleito. Ele afirmou n\u00e3o ter obje\u00e7\u00f5es pessoais a Fl\u00e1vio Bolsonaro, mas disse n\u00e3o enxergar musculatura pol\u00edtica no senador para derrotar o atual presidente.<\/p>\n\n\n\n<p>Cr\u00edticas mais duras surgiram ao comentar a escolha de Fl\u00e1vio como candidato do bolsonarismo. O pastor sugeriu que o senador teria se aproveitado de um momento de fragilidade emocional do pai, Jair Bolsonaro, e classificou o processo como amadorismo pol\u00edtico.<\/p>\n\n\n\n<p>Na avalia\u00e7\u00e3o de Malafaia, as recentes declara\u00e7\u00f5es de Fl\u00e1vio influenciaram a decis\u00e3o de Tarc\u00edsio de adiar uma visita a Bolsonaro em Bras\u00edlia. Para o pastor, o governador evitou press\u00e3o para desistir do projeto nacional e refor\u00e7ou postura de independ\u00eancia pol\u00edtica.<\/p>\n\n\n\n<p>Por fim, a Secretaria de Comunica\u00e7\u00e3o do Estado de S\u00e3o Paulo informou que o encontro entre Tarc\u00edsio e Bolsonaro foi adiado por conflito de agenda. Apesar disso, registros indicam que o governador tinha apenas compromissos internos no Pal\u00e1cio dos Bandeirantes no dia citado.<\/p>\n","protected":false},"excerpt":{"rendered":"<p>Silas Malafaia voltou a defender o governador Tarc\u00edsio de Freitas como principal nome da direita para a disputa presidencial. Em entrevista ao SBT News, o pastor criticou a pr\u00e9-candidatura do senador Fl\u00e1vio Bolsonaro e afirmou que o filho do ex-presidente n\u00e3o conseguiu empolgar o eleitorado conservador. Segundo Malafaia, o campo da direita possui quadros qualificados, como Ratinho Jr., Romeu Zema e Ronaldo Caiado. Ainda assim, ele avaliou que a elei\u00e7\u00e3o exige mais do que experi\u00eancia administrativa e defendeu uma candidatura capaz de unir centro e direita, caracter\u00edstica que, na sua vis\u00e3o, favorece Tarc\u00edsio. Durante a entrevista, o pastor tamb\u00e9m citou Michelle Bolsonaro como ativo eleitoral relevante. Ele destacou a capacidade da ex-primeira-dama de dialogar com mulheres e evang\u00e9licos e afirmou que uma candidatura restrita ao n\u00facleo ideol\u00f3gico n\u00e3o seria suficiente para vencer o presidente Lula. Malafaia argumentou que a rea\u00e7\u00e3o mais intensa da esquerda ao nome de Tarc\u00edsio indica quem representa amea\u00e7a real no pleito. Ele afirmou n\u00e3o ter obje\u00e7\u00f5es pessoais a Fl\u00e1vio Bolsonaro, mas disse n\u00e3o enxergar musculatura pol\u00edtica no senador para derrotar o atual presidente. Cr\u00edticas mais duras surgiram ao comentar a escolha de Fl\u00e1vio como candidato do bolsonarismo. O pastor sugeriu que o senador teria se aproveitado de um momento de fragilidade emocional do pai, Jair Bolsonaro, e classificou o processo como amadorismo pol\u00edtico. Na avalia\u00e7\u00e3o de Malafaia, as recentes declara\u00e7\u00f5es de Fl\u00e1vio influenciaram a decis\u00e3o de Tarc\u00edsio de adiar uma visita a Bolsonaro em Bras\u00edlia. Para o pastor, o governador evitou press\u00e3o para desistir do projeto nacional e refor\u00e7ou postura de independ\u00eancia pol\u00edtica. Por fim, a Secretaria de Comunica\u00e7\u00e3o do Estado de S\u00e3o Paulo informou que o encontro entre Tarc\u00edsio e Bolsonaro foi adiado por conflito de agenda. Apesar disso, registros indicam que o governador tinha apenas compromissos internos no Pal\u00e1cio dos Bandeirantes no dia citado.<\/p>\n","protected":false},"author":4,"featured_media":6637,"comment_status":"open","ping_status":"open","sticky":false,"template":"","format":"standard","meta":{"footnotes":""},"categories":[53,58,6],"tags":[],"class_list":["post-6616","post","type-post","status-publish","format-standard","has-post-thumbnail","hentry","category-brasil","category-eleicoes-2026","category-politica"],"yoast_head":"<!-- This site is optimized with the Yoast SEO plugin v26.5 - https:\/\/yoast.com\/wordpress\/plugins\/seo\/ -->\n<title>Malafaia critica Fl\u00e1vio Bolsonaro e defende Tarc\u00edsio como nome mais forte da direita - Sudoesteacontece<\/title>\n<meta name=\"robots\" content=\"index, follow, max-snippet:-1, max-image-preview:large, max-video-preview:-1\" \/>\n<link rel=\"canonical\" href=\"https:\/\/sudoesteacontece.com.br\/?p=6616\" \/>\n<meta property=\"og:locale\" content=\"pt_BR\" \/>\n<meta property=\"og:type\" content=\"article\" \/>\n<meta property=\"og:title\" content=\"Malafaia critica Fl\u00e1vio Bolsonaro e defende Tarc\u00edsio como nome mais forte da direita - Sudoesteacontece\" \/>\n<meta property=\"og:description\" content=\"Silas Malafaia voltou a defender o governador Tarc\u00edsio de Freitas como principal nome da direita para a disputa presidencial. Em entrevista ao SBT News, o pastor criticou a pr\u00e9-candidatura do senador Fl\u00e1vio Bolsonaro e afirmou que o filho do ex-presidente n\u00e3o conseguiu empolgar o eleitorado conservador. Segundo Malafaia, o campo da direita possui quadros qualificados, como Ratinho Jr., Romeu Zema e Ronaldo Caiado. Ainda assim, ele avaliou que a elei\u00e7\u00e3o exige mais do que experi\u00eancia administrativa e defendeu uma candidatura capaz de unir centro e direita, caracter\u00edstica que, na sua vis\u00e3o, favorece Tarc\u00edsio. Durante a entrevista, o pastor tamb\u00e9m citou Michelle Bolsonaro como ativo eleitoral relevante. Ele destacou a capacidade da ex-primeira-dama de dialogar com mulheres e evang\u00e9licos e afirmou que uma candidatura restrita ao n\u00facleo ideol\u00f3gico n\u00e3o seria suficiente para vencer o presidente Lula. Malafaia argumentou que a rea\u00e7\u00e3o mais intensa da esquerda ao nome de Tarc\u00edsio indica quem representa amea\u00e7a real no pleito. Ele afirmou n\u00e3o ter obje\u00e7\u00f5es pessoais a Fl\u00e1vio Bolsonaro, mas disse n\u00e3o enxergar musculatura pol\u00edtica no senador para derrotar o atual presidente. Cr\u00edticas mais duras surgiram ao comentar a escolha de Fl\u00e1vio como candidato do bolsonarismo. O pastor sugeriu que o senador teria se aproveitado de um momento de fragilidade emocional do pai, Jair Bolsonaro, e classificou o processo como amadorismo pol\u00edtico. Na avalia\u00e7\u00e3o de Malafaia, as recentes declara\u00e7\u00f5es de Fl\u00e1vio influenciaram a decis\u00e3o de Tarc\u00edsio de adiar uma visita a Bolsonaro em Bras\u00edlia. Para o pastor, o governador evitou press\u00e3o para desistir do projeto nacional e refor\u00e7ou postura de independ\u00eancia pol\u00edtica. Por fim, a Secretaria de Comunica\u00e7\u00e3o do Estado de S\u00e3o Paulo informou que o encontro entre Tarc\u00edsio e Bolsonaro foi adiado por conflito de agenda. Apesar disso, registros indicam que o governador tinha apenas compromissos internos no Pal\u00e1cio dos Bandeirantes no dia citado.\" \/>\n<meta property=\"og:url\" content=\"https:\/\/sudoesteacontece.com.br\/?p=6616\" \/>\n<meta property=\"og:site_name\" content=\"Sudoesteacontece\" \/>\n<meta property=\"article:publisher\" content=\"https:\/\/www.facebook.com\/sudoesteacontece\/?locale=pt_BR\" \/>\n<meta property=\"article:published_time\" content=\"2026-01-22T19:32:19+00:00\" \/>\n<meta property=\"article:modified_time\" content=\"2026-01-22T19:32:25+00:00\" \/>\n<meta property=\"og:image\" content=\"https:\/\/sudoesteacontece.com.br\/wp-content\/uploads\/2026\/01\/Malafaia-critica-Flavio-Bolsonaro-e-defende-Tarcisio-como-nome-mais-forte-da-direita-sudoeste-acontece.jpg\" \/>\n\t<meta property=\"og:image:width\" content=\"900\" \/>\n\t<meta property=\"og:image:height\" content=\"600\" \/>\n\t<meta property=\"og:image:type\" content=\"image\/jpeg\" \/>\n<meta name=\"author\" content=\"Reda\u00e7\u00e3o\" \/>\n<meta name=\"twitter:card\" content=\"summary_large_image\" \/>\n<meta name=\"twitter:label1\" content=\"Escrito por\" \/>\n\t<meta name=\"twitter:data1\" content=\"Reda\u00e7\u00e3o\" \/>\n\t<meta name=\"twitter:label2\" content=\"Est. tempo de leitura\" \/>\n\t<meta name=\"twitter:data2\" content=\"3 minutos\" \/>\n<script type=\"application\/ld+json\" class=\"yoast-schema-graph\">{\"@context\":\"https:\/\/schema.org\",\"@graph\":[{\"@type\":\"Article\",\"@id\":\"https:\/\/sudoesteacontece.com.br\/?p=6616#article\",\"isPartOf\":{\"@id\":\"https:\/\/sudoesteacontece.com.br\/?p=6616\"},\"author\":{\"name\":\"Reda\u00e7\u00e3o\",\"@id\":\"https:\/\/sudoesteacontece.com.br\/#\/schema\/person\/a4f22429c1d0923ef8f7d43343f8dc38\"},\"headline\":\"Malafaia critica Fl\u00e1vio Bolsonaro e defende Tarc\u00edsio como nome mais forte da direita\",\"datePublished\":\"2026-01-22T19:32:19+00:00\",\"dateModified\":\"2026-01-22T19:32:25+00:00\",\"mainEntityOfPage\":{\"@id\":\"https:\/\/sudoesteacontece.com.br\/?p=6616\"},\"wordCount\":354,\"commentCount\":0,\"publisher\":{\"@id\":\"https:\/\/sudoesteacontece.com.br\/#organization\"},\"image\":{\"@id\":\"https:\/\/sudoesteacontece.com.br\/?p=6616#primaryimage\"},\"thumbnailUrl\":\"https:\/\/sudoesteacontece.com.br\/wp-content\/uploads\/2026\/01\/Malafaia-critica-Flavio-Bolsonaro-e-defende-Tarcisio-como-nome-mais-forte-da-direita-sudoeste-acontece.jpg\",\"articleSection\":[\"Brasil\",\"Elei\u00e7\u00f5es 2026\",\"Pol\u00edtica\"],\"inLanguage\":\"pt-BR\",\"potentialAction\":[{\"@type\":\"CommentAction\",\"name\":\"Comment\",\"target\":[\"https:\/\/sudoesteacontece.com.br\/?p=6616#respond\"]}]},{\"@type\":\"WebPage\",\"@id\":\"https:\/\/sudoesteacontece.com.br\/?p=6616\",\"url\":\"https:\/\/sudoesteacontece.com.br\/?p=6616\",\"name\":\"Malafaia critica Fl\u00e1vio Bolsonaro e defende Tarc\u00edsio como nome mais forte da direita - Sudoesteacontece\",\"isPartOf\":{\"@id\":\"https:\/\/sudoesteacontece.com.br\/#website\"},\"primaryImageOfPage\":{\"@id\":\"https:\/\/sudoesteacontece.com.br\/?p=6616#primaryimage\"},\"image\":{\"@id\":\"https:\/\/sudoesteacontece.com.br\/?p=6616#primaryimage\"},\"thumbnailUrl\":\"https:\/\/sudoesteacontece.com.br\/wp-content\/uploads\/2026\/01\/Malafaia-critica-Flavio-Bolsonaro-e-defende-Tarcisio-como-nome-mais-forte-da-direita-sudoeste-acontece.jpg\",\"datePublished\":\"2026-01-22T19:32:19+00:00\",\"dateModified\":\"2026-01-22T19:32:25+00:00\",\"breadcrumb\":{\"@id\":\"https:\/\/sudoesteacontece.com.br\/?p=6616#breadcrumb\"},\"inLanguage\":\"pt-BR\",\"potentialAction\":[{\"@type\":\"ReadAction\",\"target\":[\"https:\/\/sudoesteacontece.com.br\/?p=6616\"]}]},{\"@type\":\"ImageObject\",\"inLanguage\":\"pt-BR\",\"@id\":\"https:\/\/sudoesteacontece.com.br\/?p=6616#primaryimage\",\"url\":\"https:\/\/sudoesteacontece.com.br\/wp-content\/uploads\/2026\/01\/Malafaia-critica-Flavio-Bolsonaro-e-defende-Tarcisio-como-nome-mais-forte-da-direita-sudoeste-acontece.jpg\",\"contentUrl\":\"https:\/\/sudoesteacontece.com.br\/wp-content\/uploads\/2026\/01\/Malafaia-critica-Flavio-Bolsonaro-e-defende-Tarcisio-como-nome-mais-forte-da-direita-sudoeste-acontece.jpg\",\"width\":900,\"height\":600},{\"@type\":\"BreadcrumbList\",\"@id\":\"https:\/\/sudoesteacontece.com.br\/?p=6616#breadcrumb\",\"itemListElement\":[{\"@type\":\"ListItem\",\"position\":1,\"name\":\"In\u00edcio\",\"item\":\"https:\/\/sudoesteacontece.com.br\/\"},{\"@type\":\"ListItem\",\"position\":2,\"name\":\"Malafaia critica Fl\u00e1vio Bolsonaro e defende Tarc\u00edsio como nome mais forte da direita\"}]},{\"@type\":\"WebSite\",\"@id\":\"https:\/\/sudoesteacontece.com.br\/#website\",\"url\":\"https:\/\/sudoesteacontece.com.br\/\",\"name\":\"Sudoesteacontece\",\"description\":\"\",\"publisher\":{\"@id\":\"https:\/\/sudoesteacontece.com.br\/#organization\"},\"potentialAction\":[{\"@type\":\"SearchAction\",\"target\":{\"@type\":\"EntryPoint\",\"urlTemplate\":\"https:\/\/sudoesteacontece.com.br\/?s={search_term_string}\"},\"query-input\":{\"@type\":\"PropertyValueSpecification\",\"valueRequired\":true,\"valueName\":\"search_term_string\"}}],\"inLanguage\":\"pt-BR\"},{\"@type\":\"Organization\",\"@id\":\"https:\/\/sudoesteacontece.com.br\/#organization\",\"name\":\"Sudoesteacontece\",\"url\":\"https:\/\/sudoesteacontece.com.br\/\",\"logo\":{\"@type\":\"ImageObject\",\"inLanguage\":\"pt-BR\",\"@id\":\"https:\/\/sudoesteacontece.com.br\/#\/schema\/logo\/image\/\",\"url\":\"https:\/\/sudoesteacontece.com.br\/wp-content\/uploads\/2025\/12\/cropped-logo-2-180x180-1.png\",\"contentUrl\":\"https:\/\/sudoesteacontece.com.br\/wp-content\/uploads\/2025\/12\/cropped-logo-2-180x180-1.png\",\"width\":180,\"height\":180,\"caption\":\"Sudoesteacontece\"},\"image\":{\"@id\":\"https:\/\/sudoesteacontece.com.br\/#\/schema\/logo\/image\/\"},\"sameAs\":[\"https:\/\/www.facebook.com\/sudoesteacontece\/?locale=pt_BR\"]},{\"@type\":\"Person\",\"@id\":\"https:\/\/sudoesteacontece.com.br\/#\/schema\/person\/a4f22429c1d0923ef8f7d43343f8dc38\",\"name\":\"Reda\u00e7\u00e3o\",\"image\":{\"@type\":\"ImageObject\",\"inLanguage\":\"pt-BR\",\"@id\":\"https:\/\/sudoesteacontece.com.br\/#\/schema\/person\/image\/\",\"url\":\"https:\/\/secure.gravatar.com\/avatar\/c3a5b3c93f268a709c25a2df414c629a96fb3b1b4bf97a94fb3f72e54ae76903?s=96&d=mm&r=g\",\"contentUrl\":\"https:\/\/secure.gravatar.com\/avatar\/c3a5b3c93f268a709c25a2df414c629a96fb3b1b4bf97a94fb3f72e54ae76903?s=96&d=mm&r=g\",\"caption\":\"Reda\u00e7\u00e3o\"},\"url\":\"https:\/\/sudoesteacontece.com.br\/?author=4\"}]}<\/script>\n<!-- \/ Yoast SEO plugin. -->","yoast_head_json":{"title":"Malafaia critica Fl\u00e1vio Bolsonaro e defende Tarc\u00edsio como nome mais forte da direita - Sudoesteacontece","robots":{"index":"index","follow":"follow","max-snippet":"max-snippet:-1","max-image-preview":"max-image-preview:large","max-video-preview":"max-video-preview:-1"},"canonical":"https:\/\/sudoesteacontece.com.br\/?p=6616","og_locale":"pt_BR","og_type":"article","og_title":"Malafaia critica Fl\u00e1vio Bolsonaro e defende Tarc\u00edsio como nome mais forte da direita - Sudoesteacontece","og_description":"Silas Malafaia voltou a defender o governador Tarc\u00edsio de Freitas como principal nome da direita para a disputa presidencial. Em entrevista ao SBT News, o pastor criticou a pr\u00e9-candidatura do senador Fl\u00e1vio Bolsonaro e afirmou que o filho do ex-presidente n\u00e3o conseguiu empolgar o eleitorado conservador. Segundo Malafaia, o campo da direita possui quadros qualificados, como Ratinho Jr., Romeu Zema e Ronaldo Caiado. Ainda assim, ele avaliou que a elei\u00e7\u00e3o exige mais do que experi\u00eancia administrativa e defendeu uma candidatura capaz de unir centro e direita, caracter\u00edstica que, na sua vis\u00e3o, favorece Tarc\u00edsio. Durante a entrevista, o pastor tamb\u00e9m citou Michelle Bolsonaro como ativo eleitoral relevante. Ele destacou a capacidade da ex-primeira-dama de dialogar com mulheres e evang\u00e9licos e afirmou que uma candidatura restrita ao n\u00facleo ideol\u00f3gico n\u00e3o seria suficiente para vencer o presidente Lula. Malafaia argumentou que a rea\u00e7\u00e3o mais intensa da esquerda ao nome de Tarc\u00edsio indica quem representa amea\u00e7a real no pleito. Ele afirmou n\u00e3o ter obje\u00e7\u00f5es pessoais a Fl\u00e1vio Bolsonaro, mas disse n\u00e3o enxergar musculatura pol\u00edtica no senador para derrotar o atual presidente. Cr\u00edticas mais duras surgiram ao comentar a escolha de Fl\u00e1vio como candidato do bolsonarismo. O pastor sugeriu que o senador teria se aproveitado de um momento de fragilidade emocional do pai, Jair Bolsonaro, e classificou o processo como amadorismo pol\u00edtico. Na avalia\u00e7\u00e3o de Malafaia, as recentes declara\u00e7\u00f5es de Fl\u00e1vio influenciaram a decis\u00e3o de Tarc\u00edsio de adiar uma visita a Bolsonaro em Bras\u00edlia. Para o pastor, o governador evitou press\u00e3o para desistir do projeto nacional e refor\u00e7ou postura de independ\u00eancia pol\u00edtica. Por fim, a Secretaria de Comunica\u00e7\u00e3o do Estado de S\u00e3o Paulo informou que o encontro entre Tarc\u00edsio e Bolsonaro foi adiado por conflito de agenda. Apesar disso, registros indicam que o governador tinha apenas compromissos internos no Pal\u00e1cio dos Bandeirantes no dia citado.","og_url":"https:\/\/sudoesteacontece.com.br\/?p=6616","og_site_name":"Sudoesteacontece","article_publisher":"https:\/\/www.facebook.com\/sudoesteacontece\/?locale=pt_BR","article_published_time":"2026-01-22T19:32:19+00:00","article_modified_time":"2026-01-22T19:32:25+00:00","og_image":[{"width":900,"height":600,"url":"https:\/\/sudoesteacontece.com.br\/wp-content\/uploads\/2026\/01\/Malafaia-critica-Flavio-Bolsonaro-e-defende-Tarcisio-como-nome-mais-forte-da-direita-sudoeste-acontece.jpg","type":"image\/jpeg"}],"author":"Reda\u00e7\u00e3o","twitter_card":"summary_large_image","twitter_misc":{"Escrito por":"Reda\u00e7\u00e3o","Est. tempo de leitura":"3 minutos"},"schema":{"@context":"https:\/\/schema.org","@graph":[{"@type":"Article","@id":"https:\/\/sudoesteacontece.com.br\/?p=6616#article","isPartOf":{"@id":"https:\/\/sudoesteacontece.com.br\/?p=6616"},"author":{"name":"Reda\u00e7\u00e3o","@id":"https:\/\/sudoesteacontece.com.br\/#\/schema\/person\/a4f22429c1d0923ef8f7d43343f8dc38"},"headline":"Malafaia critica Fl\u00e1vio Bolsonaro e defende Tarc\u00edsio como nome mais forte da direita","datePublished":"2026-01-22T19:32:19+00:00","dateModified":"2026-01-22T19:32:25+00:00","mainEntityOfPage":{"@id":"https:\/\/sudoesteacontece.com.br\/?p=6616"},"wordCount":354,"commentCount":0,"publisher":{"@id":"https:\/\/sudoesteacontece.com.br\/#organization"},"image":{"@id":"https:\/\/sudoesteacontece.com.br\/?p=6616#primaryimage"},"thumbnailUrl":"https:\/\/sudoesteacontece.com.br\/wp-content\/uploads\/2026\/01\/Malafaia-critica-Flavio-Bolsonaro-e-defende-Tarcisio-como-nome-mais-forte-da-direita-sudoeste-acontece.jpg","articleSection":["Brasil","Elei\u00e7\u00f5es 2026","Pol\u00edtica"],"inLanguage":"pt-BR","potentialAction":[{"@type":"CommentAction","name":"Comment","target":["https:\/\/sudoesteacontece.com.br\/?p=6616#respond"]}]},{"@type":"WebPage","@id":"https:\/\/sudoesteacontece.com.br\/?p=6616","url":"https:\/\/sudoesteacontece.com.br\/?p=6616","name":"Malafaia critica Fl\u00e1vio Bolsonaro e defende Tarc\u00edsio como nome mais forte da direita - Sudoesteacontece","isPartOf":{"@id":"https:\/\/sudoesteacontece.com.br\/#website"},"primaryImageOfPage":{"@id":"https:\/\/sudoesteacontece.com.br\/?p=6616#primaryimage"},"image":{"@id":"https:\/\/sudoesteacontece.com.br\/?p=6616#primaryimage"},"thumbnailUrl":"https:\/\/sudoesteacontece.com.br\/wp-content\/uploads\/2026\/01\/Malafaia-critica-Flavio-Bolsonaro-e-defende-Tarcisio-como-nome-mais-forte-da-direita-sudoeste-acontece.jpg","datePublished":"2026-01-22T19:32:19+00:00","dateModified":"2026-01-22T19:32:25+00:00","breadcrumb":{"@id":"https:\/\/sudoesteacontece.com.br\/?p=6616#breadcrumb"},"inLanguage":"pt-BR","potentialAction":[{"@type":"ReadAction","target":["https:\/\/sudoesteacontece.com.br\/?p=6616"]}]},{"@type":"ImageObject","inLanguage":"pt-BR","@id":"https:\/\/sudoesteacontece.com.br\/?p=6616#primaryimage","url":"https:\/\/sudoesteacontece.com.br\/wp-content\/uploads\/2026\/01\/Malafaia-critica-Flavio-Bolsonaro-e-defende-Tarcisio-como-nome-mais-forte-da-direita-sudoeste-acontece.jpg","contentUrl":"https:\/\/sudoesteacontece.com.br\/wp-content\/uploads\/2026\/01\/Malafaia-critica-Flavio-Bolsonaro-e-defende-Tarcisio-como-nome-mais-forte-da-direita-sudoeste-acontece.jpg","width":900,"height":600},{"@type":"BreadcrumbList","@id":"https:\/\/sudoesteacontece.com.br\/?p=6616#breadcrumb","itemListElement":[{"@type":"ListItem","position":1,"name":"In\u00edcio","item":"https:\/\/sudoesteacontece.com.br\/"},{"@type":"ListItem","position":2,"name":"Malafaia critica Fl\u00e1vio Bolsonaro e defende Tarc\u00edsio como nome mais forte da direita"}]},{"@type":"WebSite","@id":"https:\/\/sudoesteacontece.com.br\/#website","url":"https:\/\/sudoesteacontece.com.br\/","name":"Sudoesteacontece","description":"","publisher":{"@id":"https:\/\/sudoesteacontece.com.br\/#organization"},"potentialAction":[{"@type":"SearchAction","target":{"@type":"EntryPoint","urlTemplate":"https:\/\/sudoesteacontece.com.br\/?s={search_term_string}"},"query-input":{"@type":"PropertyValueSpecification","valueRequired":true,"valueName":"search_term_string"}}],"inLanguage":"pt-BR"},{"@type":"Organization","@id":"https:\/\/sudoesteacontece.com.br\/#organization","name":"Sudoesteacontece","url":"https:\/\/sudoesteacontece.com.br\/","logo":{"@type":"ImageObject","inLanguage":"pt-BR","@id":"https:\/\/sudoesteacontece.com.br\/#\/schema\/logo\/image\/","url":"https:\/\/sudoesteacontece.com.br\/wp-content\/uploads\/2025\/12\/cropped-logo-2-180x180-1.png","contentUrl":"https:\/\/sudoesteacontece.com.br\/wp-content\/uploads\/2025\/12\/cropped-logo-2-180x180-1.png","width":180,"height":180,"caption":"Sudoesteacontece"},"image":{"@id":"https:\/\/sudoesteacontece.com.br\/#\/schema\/logo\/image\/"},"sameAs":["https:\/\/www.facebook.com\/sudoesteacontece\/?locale=pt_BR"]},{"@type":"Person","@id":"https:\/\/sudoesteacontece.com.br\/#\/schema\/person\/a4f22429c1d0923ef8f7d43343f8dc38","name":"Reda\u00e7\u00e3o","image":{"@type":"ImageObject","inLanguage":"pt-BR","@id":"https:\/\/sudoesteacontece.com.br\/#\/schema\/person\/image\/","url":"https:\/\/secure.gravatar.com\/avatar\/c3a5b3c93f268a709c25a2df414c629a96fb3b1b4bf97a94fb3f72e54ae76903?s=96&d=mm&r=g","contentUrl":"https:\/\/secure.gravatar.com\/avatar\/c3a5b3c93f268a709c25a2df414c629a96fb3b1b4bf97a94fb3f72e54ae76903?s=96&d=mm&r=g","caption":"Reda\u00e7\u00e3o"},"url":"https:\/\/sudoesteacontece.com.br\/?author=4"}]}},"_links":{"self":[{"href":"https:\/\/sudoesteacontece.com.br\/index.php?rest_route=\/wp\/v2\/posts\/6616","targetHints":{"allow":["GET"]}}],"collection":[{"href":"https:\/\/sudoesteacontece.com.br\/index.php?rest_route=\/wp\/v2\/posts"}],"about":[{"href":"https:\/\/sudoesteacontece.com.br\/index.php?rest_route=\/wp\/v2\/types\/post"}],"author":[{"embeddable":true,"href":"https:\/\/sudoesteacontece.com.br\/index.php?rest_route=\/wp\/v2\/users\/4"}],"replies":[{"embeddable":true,"href":"https:\/\/sudoesteacontece.com.br\/index.php?rest_route=%2Fwp%2Fv2%2Fcomments&post=6616"}],"version-history":[{"count":0,"href":"https:\/\/sudoesteacontece.com.br\/index.php?rest_route=\/wp\/v2\/posts\/6616\/revisions"}],"wp:featuredmedia":[{"embeddable":true,"href":"https:\/\/sudoesteacontece.com.br\/index.php?rest_route=\/wp\/v2\/media\/6637"}],"wp:attachment":[{"href":"https:\/\/sudoesteacontece.com.br\/index.php?rest_route=%2Fwp%2Fv2%2Fmedia&parent=6616"}],"wp:term":[{"taxonomy":"category","embeddable":true,"href":"https:\/\/sudoesteacontece.com.br\/index.php?rest_route=%2Fwp%2Fv2%2Fcategories&post=6616"},{"taxonomy":"post_tag","embeddable":true,"href":"https:\/\/sudoesteacontece.com.br\/index.php?rest_route=%2Fwp%2Fv2%2Ftags&post=6616"}],"curies":[{"name":"wp","href":"https:\/\/api.w.org\/{rel}","templated":true}]}}