{"id":6705,"date":"2026-01-24T07:41:44","date_gmt":"2026-01-24T10:41:44","guid":{"rendered":"https:\/\/sudoesteacontece.com.br\/?p=6705"},"modified":"2026-01-24T07:41:51","modified_gmt":"2026-01-24T10:41:51","slug":"onibus-tomba-e-bate-de-frente-com-caminhao-na-ba-142-acidente-deixa-feridos-entre-barra-da-estiva-e-ituacu","status":"publish","type":"post","link":"https:\/\/sudoesteacontece.com.br\/?p=6705","title":{"rendered":"\u00d4nibus tomba e bate de frente com caminh\u00e3o na BA-142; acidente deixa feridos entre Barra da Estiva e Itua\u00e7u"},"content":{"rendered":"\n<figure class=\"wp-block-image size-full\"><img fetchpriority=\"high\" decoding=\"async\" width=\"900\" height=\"600\" src=\"http:\/\/sudoesteacontece.com.br\/wp-content\/uploads\/2026\/01\/Onibus-tomba-e-bate-de-frente-com-caminhao-na-BA-142-acidente-deixa-feridos-entre-Barra-da-Estiva-e-Ituacu.jpg\" alt=\"\" class=\"wp-image-6725\" srcset=\"https:\/\/sudoesteacontece.com.br\/wp-content\/uploads\/2026\/01\/Onibus-tomba-e-bate-de-frente-com-caminhao-na-BA-142-acidente-deixa-feridos-entre-Barra-da-Estiva-e-Ituacu.jpg 900w, https:\/\/sudoesteacontece.com.br\/wp-content\/uploads\/2026\/01\/Onibus-tomba-e-bate-de-frente-com-caminhao-na-BA-142-acidente-deixa-feridos-entre-Barra-da-Estiva-e-Ituacu-300x200.jpg 300w, https:\/\/sudoesteacontece.com.br\/wp-content\/uploads\/2026\/01\/Onibus-tomba-e-bate-de-frente-com-caminhao-na-BA-142-acidente-deixa-feridos-entre-Barra-da-Estiva-e-Ituacu-768x512.jpg 768w\" sizes=\"(max-width: 900px) 100vw, 900px\" \/><\/figure>\n\n\n\n<p>Acidente grave envolvendo um \u00f4nibus e um caminh\u00e3o foi registrado na tarde desta sexta-feira (23) na BA-142, no trecho entre Itua\u00e7u e Barra da Estiva. O \u00f4nibus da empresa Entram seguia para Iramaia quando tombou na pista e, logo depois, colidiu de frente com um caminh\u00e3o na Curva do Catingueiro, ponto conhecido pela periculosidade.<\/p>\n\n\n\n<p>Segundo relatos iniciais, a batida ocorreu a cerca de tr\u00eas quil\u00f4metros ap\u00f3s a entrada da localidade de Laranjeiras. Testemunhas informaram que v\u00e1rias pessoas ficaram feridas e precisaram de atendimento imediato. Ambul\u00e2ncias de cidades da regi\u00e3o foram acionadas para socorrer as v\u00edtimas e lev\u00e1-las a unidades de sa\u00fade pr\u00f3ximas.<\/p>\n\n\n\n<p>Equipes de resgate e \u00f3rg\u00e3os de seguran\u00e7a chegaram rapidamente ao local para prestar atendimento, sinalizar a via e controlar o tr\u00e1fego, que ficou parcialmente interditado. O impacto da colis\u00e3o mobilizou moradores e motoristas que passavam pelo trecho no momento do acidente.<\/p>\n\n\n\n<p>At\u00e9 a \u00faltima atualiza\u00e7\u00e3o, n\u00e3o havia confirma\u00e7\u00e3o oficial sobre o n\u00famero de feridos nem detalhes sobre o estado de sa\u00fade dos envolvidos. As causas do acidente ser\u00e3o apuradas pelas autoridades, e novas informa\u00e7\u00f5es devem ser divulgadas ao longo das pr\u00f3ximas horas.<\/p>\n","protected":false},"excerpt":{"rendered":"<p>Acidente grave envolvendo um \u00f4nibus e um caminh\u00e3o foi registrado na tarde desta sexta-feira (23) na BA-142, no trecho entre Itua\u00e7u e Barra da Estiva. O \u00f4nibus da empresa Entram seguia para Iramaia quando tombou na pista e, logo depois, colidiu de frente com um caminh\u00e3o na Curva do Catingueiro, ponto conhecido pela periculosidade. Segundo relatos iniciais, a batida ocorreu a cerca de tr\u00eas quil\u00f4metros ap\u00f3s a entrada da localidade de Laranjeiras. Testemunhas informaram que v\u00e1rias pessoas ficaram feridas e precisaram de atendimento imediato. Ambul\u00e2ncias de cidades da regi\u00e3o foram acionadas para socorrer as v\u00edtimas e lev\u00e1-las a unidades de sa\u00fade pr\u00f3ximas. Equipes de resgate e \u00f3rg\u00e3os de seguran\u00e7a chegaram rapidamente ao local para prestar atendimento, sinalizar a via e controlar o tr\u00e1fego, que ficou parcialmente interditado. O impacto da colis\u00e3o mobilizou moradores e motoristas que passavam pelo trecho no momento do acidente. At\u00e9 a \u00faltima atualiza\u00e7\u00e3o, n\u00e3o havia confirma\u00e7\u00e3o oficial sobre o n\u00famero de feridos nem detalhes sobre o estado de sa\u00fade dos envolvidos. As causas do acidente ser\u00e3o apuradas pelas autoridades, e novas informa\u00e7\u00f5es devem ser divulgadas ao longo das pr\u00f3ximas horas.<\/p>\n","protected":false},"author":2,"featured_media":6725,"comment_status":"open","ping_status":"open","sticky":false,"template":"","format":"standard","meta":{"footnotes":""},"categories":[5,56],"tags":[],"class_list":["post-6705","post","type-post","status-publish","format-standard","has-post-thumbnail","hentry","category-acidente","category-ituacu"],"yoast_head":"<!-- This site is optimized with the Yoast SEO plugin v26.5 - https:\/\/yoast.com\/wordpress\/plugins\/seo\/ -->\n<title>\u00d4nibus tomba e bate de frente com caminh\u00e3o na BA-142; acidente deixa feridos entre Barra da Estiva e Itua\u00e7u - Sudoesteacontece<\/title>\n<meta name=\"robots\" content=\"index, follow, max-snippet:-1, max-image-preview:large, max-video-preview:-1\" \/>\n<link rel=\"canonical\" href=\"https:\/\/sudoesteacontece.com.br\/?p=6705\" \/>\n<meta property=\"og:locale\" content=\"pt_BR\" \/>\n<meta property=\"og:type\" content=\"article\" \/>\n<meta property=\"og:title\" content=\"\u00d4nibus tomba e bate de frente com caminh\u00e3o na BA-142; acidente deixa feridos entre Barra da Estiva e Itua\u00e7u - Sudoesteacontece\" \/>\n<meta property=\"og:description\" content=\"Acidente grave envolvendo um \u00f4nibus e um caminh\u00e3o foi registrado na tarde desta sexta-feira (23) na BA-142, no trecho entre Itua\u00e7u e Barra da Estiva. O \u00f4nibus da empresa Entram seguia para Iramaia quando tombou na pista e, logo depois, colidiu de frente com um caminh\u00e3o na Curva do Catingueiro, ponto conhecido pela periculosidade. Segundo relatos iniciais, a batida ocorreu a cerca de tr\u00eas quil\u00f4metros ap\u00f3s a entrada da localidade de Laranjeiras. Testemunhas informaram que v\u00e1rias pessoas ficaram feridas e precisaram de atendimento imediato. Ambul\u00e2ncias de cidades da regi\u00e3o foram acionadas para socorrer as v\u00edtimas e lev\u00e1-las a unidades de sa\u00fade pr\u00f3ximas. Equipes de resgate e \u00f3rg\u00e3os de seguran\u00e7a chegaram rapidamente ao local para prestar atendimento, sinalizar a via e controlar o tr\u00e1fego, que ficou parcialmente interditado. O impacto da colis\u00e3o mobilizou moradores e motoristas que passavam pelo trecho no momento do acidente. At\u00e9 a \u00faltima atualiza\u00e7\u00e3o, n\u00e3o havia confirma\u00e7\u00e3o oficial sobre o n\u00famero de feridos nem detalhes sobre o estado de sa\u00fade dos envolvidos. As causas do acidente ser\u00e3o apuradas pelas autoridades, e novas informa\u00e7\u00f5es devem ser divulgadas ao longo das pr\u00f3ximas horas.\" \/>\n<meta property=\"og:url\" content=\"https:\/\/sudoesteacontece.com.br\/?p=6705\" \/>\n<meta property=\"og:site_name\" content=\"Sudoesteacontece\" \/>\n<meta property=\"article:publisher\" content=\"https:\/\/www.facebook.com\/sudoesteacontece\/?locale=pt_BR\" \/>\n<meta property=\"article:published_time\" content=\"2026-01-24T10:41:44+00:00\" \/>\n<meta property=\"article:modified_time\" content=\"2026-01-24T10:41:51+00:00\" \/>\n<meta property=\"og:image\" content=\"https:\/\/sudoesteacontece.com.br\/wp-content\/uploads\/2026\/01\/Onibus-tomba-e-bate-de-frente-com-caminhao-na-BA-142-acidente-deixa-feridos-entre-Barra-da-Estiva-e-Ituacu.jpg\" \/>\n\t<meta property=\"og:image:width\" content=\"900\" \/>\n\t<meta property=\"og:image:height\" content=\"600\" \/>\n\t<meta property=\"og:image:type\" content=\"image\/jpeg\" \/>\n<meta name=\"author\" content=\"Washington Tiago\" \/>\n<meta name=\"twitter:card\" content=\"summary_large_image\" \/>\n<meta name=\"twitter:label1\" content=\"Escrito por\" \/>\n\t<meta name=\"twitter:data1\" content=\"Washington Tiago\" \/>\n\t<meta name=\"twitter:label2\" content=\"Est. tempo de leitura\" \/>\n\t<meta name=\"twitter:data2\" content=\"2 minutos\" \/>\n<script type=\"application\/ld+json\" class=\"yoast-schema-graph\">{\"@context\":\"https:\/\/schema.org\",\"@graph\":[{\"@type\":\"Article\",\"@id\":\"https:\/\/sudoesteacontece.com.br\/?p=6705#article\",\"isPartOf\":{\"@id\":\"https:\/\/sudoesteacontece.com.br\/?p=6705\"},\"author\":{\"name\":\"Washington Tiago\",\"@id\":\"https:\/\/sudoesteacontece.com.br\/#\/schema\/person\/3cf2cf009926a9683ebc29d5379fa79c\"},\"headline\":\"\u00d4nibus tomba e bate de frente com caminh\u00e3o na BA-142; acidente deixa feridos entre Barra da Estiva e Itua\u00e7u\",\"datePublished\":\"2026-01-24T10:41:44+00:00\",\"dateModified\":\"2026-01-24T10:41:51+00:00\",\"mainEntityOfPage\":{\"@id\":\"https:\/\/sudoesteacontece.com.br\/?p=6705\"},\"wordCount\":229,\"commentCount\":0,\"publisher\":{\"@id\":\"https:\/\/sudoesteacontece.com.br\/#organization\"},\"image\":{\"@id\":\"https:\/\/sudoesteacontece.com.br\/?p=6705#primaryimage\"},\"thumbnailUrl\":\"https:\/\/sudoesteacontece.com.br\/wp-content\/uploads\/2026\/01\/Onibus-tomba-e-bate-de-frente-com-caminhao-na-BA-142-acidente-deixa-feridos-entre-Barra-da-Estiva-e-Ituacu.jpg\",\"articleSection\":[\"Acidente\",\"Itua\u00e7u\"],\"inLanguage\":\"pt-BR\",\"potentialAction\":[{\"@type\":\"CommentAction\",\"name\":\"Comment\",\"target\":[\"https:\/\/sudoesteacontece.com.br\/?p=6705#respond\"]}]},{\"@type\":\"WebPage\",\"@id\":\"https:\/\/sudoesteacontece.com.br\/?p=6705\",\"url\":\"https:\/\/sudoesteacontece.com.br\/?p=6705\",\"name\":\"\u00d4nibus tomba e bate de frente com caminh\u00e3o na BA-142; acidente deixa feridos entre Barra da Estiva e Itua\u00e7u - Sudoesteacontece\",\"isPartOf\":{\"@id\":\"https:\/\/sudoesteacontece.com.br\/#website\"},\"primaryImageOfPage\":{\"@id\":\"https:\/\/sudoesteacontece.com.br\/?p=6705#primaryimage\"},\"image\":{\"@id\":\"https:\/\/sudoesteacontece.com.br\/?p=6705#primaryimage\"},\"thumbnailUrl\":\"https:\/\/sudoesteacontece.com.br\/wp-content\/uploads\/2026\/01\/Onibus-tomba-e-bate-de-frente-com-caminhao-na-BA-142-acidente-deixa-feridos-entre-Barra-da-Estiva-e-Ituacu.jpg\",\"datePublished\":\"2026-01-24T10:41:44+00:00\",\"dateModified\":\"2026-01-24T10:41:51+00:00\",\"breadcrumb\":{\"@id\":\"https:\/\/sudoesteacontece.com.br\/?p=6705#breadcrumb\"},\"inLanguage\":\"pt-BR\",\"potentialAction\":[{\"@type\":\"ReadAction\",\"target\":[\"https:\/\/sudoesteacontece.com.br\/?p=6705\"]}]},{\"@type\":\"ImageObject\",\"inLanguage\":\"pt-BR\",\"@id\":\"https:\/\/sudoesteacontece.com.br\/?p=6705#primaryimage\",\"url\":\"https:\/\/sudoesteacontece.com.br\/wp-content\/uploads\/2026\/01\/Onibus-tomba-e-bate-de-frente-com-caminhao-na-BA-142-acidente-deixa-feridos-entre-Barra-da-Estiva-e-Ituacu.jpg\",\"contentUrl\":\"https:\/\/sudoesteacontece.com.br\/wp-content\/uploads\/2026\/01\/Onibus-tomba-e-bate-de-frente-com-caminhao-na-BA-142-acidente-deixa-feridos-entre-Barra-da-Estiva-e-Ituacu.jpg\",\"width\":900,\"height\":600},{\"@type\":\"BreadcrumbList\",\"@id\":\"https:\/\/sudoesteacontece.com.br\/?p=6705#breadcrumb\",\"itemListElement\":[{\"@type\":\"ListItem\",\"position\":1,\"name\":\"In\u00edcio\",\"item\":\"https:\/\/sudoesteacontece.com.br\/\"},{\"@type\":\"ListItem\",\"position\":2,\"name\":\"\u00d4nibus tomba e bate de frente com caminh\u00e3o na BA-142; acidente deixa feridos entre Barra da Estiva e Itua\u00e7u\"}]},{\"@type\":\"WebSite\",\"@id\":\"https:\/\/sudoesteacontece.com.br\/#website\",\"url\":\"https:\/\/sudoesteacontece.com.br\/\",\"name\":\"Sudoesteacontece\",\"description\":\"\",\"publisher\":{\"@id\":\"https:\/\/sudoesteacontece.com.br\/#organization\"},\"potentialAction\":[{\"@type\":\"SearchAction\",\"target\":{\"@type\":\"EntryPoint\",\"urlTemplate\":\"https:\/\/sudoesteacontece.com.br\/?s={search_term_string}\"},\"query-input\":{\"@type\":\"PropertyValueSpecification\",\"valueRequired\":true,\"valueName\":\"search_term_string\"}}],\"inLanguage\":\"pt-BR\"},{\"@type\":\"Organization\",\"@id\":\"https:\/\/sudoesteacontece.com.br\/#organization\",\"name\":\"Sudoesteacontece\",\"url\":\"https:\/\/sudoesteacontece.com.br\/\",\"logo\":{\"@type\":\"ImageObject\",\"inLanguage\":\"pt-BR\",\"@id\":\"https:\/\/sudoesteacontece.com.br\/#\/schema\/logo\/image\/\",\"url\":\"https:\/\/sudoesteacontece.com.br\/wp-content\/uploads\/2025\/12\/cropped-logo-2-180x180-1.png\",\"contentUrl\":\"https:\/\/sudoesteacontece.com.br\/wp-content\/uploads\/2025\/12\/cropped-logo-2-180x180-1.png\",\"width\":180,\"height\":180,\"caption\":\"Sudoesteacontece\"},\"image\":{\"@id\":\"https:\/\/sudoesteacontece.com.br\/#\/schema\/logo\/image\/\"},\"sameAs\":[\"https:\/\/www.facebook.com\/sudoesteacontece\/?locale=pt_BR\"]},{\"@type\":\"Person\",\"@id\":\"https:\/\/sudoesteacontece.com.br\/#\/schema\/person\/3cf2cf009926a9683ebc29d5379fa79c\",\"name\":\"Washington Tiago\",\"image\":{\"@type\":\"ImageObject\",\"inLanguage\":\"pt-BR\",\"@id\":\"https:\/\/sudoesteacontece.com.br\/#\/schema\/person\/image\/\",\"url\":\"https:\/\/secure.gravatar.com\/avatar\/33c43b8668157e040f9d1fe93c354bf087cbd8ba36270c1163198bd3ddcf2a56?s=96&d=mm&r=g\",\"contentUrl\":\"https:\/\/secure.gravatar.com\/avatar\/33c43b8668157e040f9d1fe93c354bf087cbd8ba36270c1163198bd3ddcf2a56?s=96&d=mm&r=g\",\"caption\":\"Washington Tiago\"},\"url\":\"https:\/\/sudoesteacontece.com.br\/?author=2\"}]}<\/script>\n<!-- \/ Yoast SEO plugin. -->","yoast_head_json":{"title":"\u00d4nibus tomba e bate de frente com caminh\u00e3o na BA-142; acidente deixa feridos entre Barra da Estiva e Itua\u00e7u - Sudoesteacontece","robots":{"index":"index","follow":"follow","max-snippet":"max-snippet:-1","max-image-preview":"max-image-preview:large","max-video-preview":"max-video-preview:-1"},"canonical":"https:\/\/sudoesteacontece.com.br\/?p=6705","og_locale":"pt_BR","og_type":"article","og_title":"\u00d4nibus tomba e bate de frente com caminh\u00e3o na BA-142; acidente deixa feridos entre Barra da Estiva e Itua\u00e7u - Sudoesteacontece","og_description":"Acidente grave envolvendo um \u00f4nibus e um caminh\u00e3o foi registrado na tarde desta sexta-feira (23) na BA-142, no trecho entre Itua\u00e7u e Barra da Estiva. O \u00f4nibus da empresa Entram seguia para Iramaia quando tombou na pista e, logo depois, colidiu de frente com um caminh\u00e3o na Curva do Catingueiro, ponto conhecido pela periculosidade. Segundo relatos iniciais, a batida ocorreu a cerca de tr\u00eas quil\u00f4metros ap\u00f3s a entrada da localidade de Laranjeiras. Testemunhas informaram que v\u00e1rias pessoas ficaram feridas e precisaram de atendimento imediato. Ambul\u00e2ncias de cidades da regi\u00e3o foram acionadas para socorrer as v\u00edtimas e lev\u00e1-las a unidades de sa\u00fade pr\u00f3ximas. Equipes de resgate e \u00f3rg\u00e3os de seguran\u00e7a chegaram rapidamente ao local para prestar atendimento, sinalizar a via e controlar o tr\u00e1fego, que ficou parcialmente interditado. O impacto da colis\u00e3o mobilizou moradores e motoristas que passavam pelo trecho no momento do acidente. At\u00e9 a \u00faltima atualiza\u00e7\u00e3o, n\u00e3o havia confirma\u00e7\u00e3o oficial sobre o n\u00famero de feridos nem detalhes sobre o estado de sa\u00fade dos envolvidos. As causas do acidente ser\u00e3o apuradas pelas autoridades, e novas informa\u00e7\u00f5es devem ser divulgadas ao longo das pr\u00f3ximas horas.","og_url":"https:\/\/sudoesteacontece.com.br\/?p=6705","og_site_name":"Sudoesteacontece","article_publisher":"https:\/\/www.facebook.com\/sudoesteacontece\/?locale=pt_BR","article_published_time":"2026-01-24T10:41:44+00:00","article_modified_time":"2026-01-24T10:41:51+00:00","og_image":[{"width":900,"height":600,"url":"https:\/\/sudoesteacontece.com.br\/wp-content\/uploads\/2026\/01\/Onibus-tomba-e-bate-de-frente-com-caminhao-na-BA-142-acidente-deixa-feridos-entre-Barra-da-Estiva-e-Ituacu.jpg","type":"image\/jpeg"}],"author":"Washington Tiago","twitter_card":"summary_large_image","twitter_misc":{"Escrito por":"Washington Tiago","Est. tempo de leitura":"2 minutos"},"schema":{"@context":"https:\/\/schema.org","@graph":[{"@type":"Article","@id":"https:\/\/sudoesteacontece.com.br\/?p=6705#article","isPartOf":{"@id":"https:\/\/sudoesteacontece.com.br\/?p=6705"},"author":{"name":"Washington Tiago","@id":"https:\/\/sudoesteacontece.com.br\/#\/schema\/person\/3cf2cf009926a9683ebc29d5379fa79c"},"headline":"\u00d4nibus tomba e bate de frente com caminh\u00e3o na BA-142; acidente deixa feridos entre Barra da Estiva e Itua\u00e7u","datePublished":"2026-01-24T10:41:44+00:00","dateModified":"2026-01-24T10:41:51+00:00","mainEntityOfPage":{"@id":"https:\/\/sudoesteacontece.com.br\/?p=6705"},"wordCount":229,"commentCount":0,"publisher":{"@id":"https:\/\/sudoesteacontece.com.br\/#organization"},"image":{"@id":"https:\/\/sudoesteacontece.com.br\/?p=6705#primaryimage"},"thumbnailUrl":"https:\/\/sudoesteacontece.com.br\/wp-content\/uploads\/2026\/01\/Onibus-tomba-e-bate-de-frente-com-caminhao-na-BA-142-acidente-deixa-feridos-entre-Barra-da-Estiva-e-Ituacu.jpg","articleSection":["Acidente","Itua\u00e7u"],"inLanguage":"pt-BR","potentialAction":[{"@type":"CommentAction","name":"Comment","target":["https:\/\/sudoesteacontece.com.br\/?p=6705#respond"]}]},{"@type":"WebPage","@id":"https:\/\/sudoesteacontece.com.br\/?p=6705","url":"https:\/\/sudoesteacontece.com.br\/?p=6705","name":"\u00d4nibus tomba e bate de frente com caminh\u00e3o na BA-142; acidente deixa feridos entre Barra da Estiva e Itua\u00e7u - Sudoesteacontece","isPartOf":{"@id":"https:\/\/sudoesteacontece.com.br\/#website"},"primaryImageOfPage":{"@id":"https:\/\/sudoesteacontece.com.br\/?p=6705#primaryimage"},"image":{"@id":"https:\/\/sudoesteacontece.com.br\/?p=6705#primaryimage"},"thumbnailUrl":"https:\/\/sudoesteacontece.com.br\/wp-content\/uploads\/2026\/01\/Onibus-tomba-e-bate-de-frente-com-caminhao-na-BA-142-acidente-deixa-feridos-entre-Barra-da-Estiva-e-Ituacu.jpg","datePublished":"2026-01-24T10:41:44+00:00","dateModified":"2026-01-24T10:41:51+00:00","breadcrumb":{"@id":"https:\/\/sudoesteacontece.com.br\/?p=6705#breadcrumb"},"inLanguage":"pt-BR","potentialAction":[{"@type":"ReadAction","target":["https:\/\/sudoesteacontece.com.br\/?p=6705"]}]},{"@type":"ImageObject","inLanguage":"pt-BR","@id":"https:\/\/sudoesteacontece.com.br\/?p=6705#primaryimage","url":"https:\/\/sudoesteacontece.com.br\/wp-content\/uploads\/2026\/01\/Onibus-tomba-e-bate-de-frente-com-caminhao-na-BA-142-acidente-deixa-feridos-entre-Barra-da-Estiva-e-Ituacu.jpg","contentUrl":"https:\/\/sudoesteacontece.com.br\/wp-content\/uploads\/2026\/01\/Onibus-tomba-e-bate-de-frente-com-caminhao-na-BA-142-acidente-deixa-feridos-entre-Barra-da-Estiva-e-Ituacu.jpg","width":900,"height":600},{"@type":"BreadcrumbList","@id":"https:\/\/sudoesteacontece.com.br\/?p=6705#breadcrumb","itemListElement":[{"@type":"ListItem","position":1,"name":"In\u00edcio","item":"https:\/\/sudoesteacontece.com.br\/"},{"@type":"ListItem","position":2,"name":"\u00d4nibus tomba e bate de frente com caminh\u00e3o na BA-142; acidente deixa feridos entre Barra da Estiva e Itua\u00e7u"}]},{"@type":"WebSite","@id":"https:\/\/sudoesteacontece.com.br\/#website","url":"https:\/\/sudoesteacontece.com.br\/","name":"Sudoesteacontece","description":"","publisher":{"@id":"https:\/\/sudoesteacontece.com.br\/#organization"},"potentialAction":[{"@type":"SearchAction","target":{"@type":"EntryPoint","urlTemplate":"https:\/\/sudoesteacontece.com.br\/?s={search_term_string}"},"query-input":{"@type":"PropertyValueSpecification","valueRequired":true,"valueName":"search_term_string"}}],"inLanguage":"pt-BR"},{"@type":"Organization","@id":"https:\/\/sudoesteacontece.com.br\/#organization","name":"Sudoesteacontece","url":"https:\/\/sudoesteacontece.com.br\/","logo":{"@type":"ImageObject","inLanguage":"pt-BR","@id":"https:\/\/sudoesteacontece.com.br\/#\/schema\/logo\/image\/","url":"https:\/\/sudoesteacontece.com.br\/wp-content\/uploads\/2025\/12\/cropped-logo-2-180x180-1.png","contentUrl":"https:\/\/sudoesteacontece.com.br\/wp-content\/uploads\/2025\/12\/cropped-logo-2-180x180-1.png","width":180,"height":180,"caption":"Sudoesteacontece"},"image":{"@id":"https:\/\/sudoesteacontece.com.br\/#\/schema\/logo\/image\/"},"sameAs":["https:\/\/www.facebook.com\/sudoesteacontece\/?locale=pt_BR"]},{"@type":"Person","@id":"https:\/\/sudoesteacontece.com.br\/#\/schema\/person\/3cf2cf009926a9683ebc29d5379fa79c","name":"Washington Tiago","image":{"@type":"ImageObject","inLanguage":"pt-BR","@id":"https:\/\/sudoesteacontece.com.br\/#\/schema\/person\/image\/","url":"https:\/\/secure.gravatar.com\/avatar\/33c43b8668157e040f9d1fe93c354bf087cbd8ba36270c1163198bd3ddcf2a56?s=96&d=mm&r=g","contentUrl":"https:\/\/secure.gravatar.com\/avatar\/33c43b8668157e040f9d1fe93c354bf087cbd8ba36270c1163198bd3ddcf2a56?s=96&d=mm&r=g","caption":"Washington Tiago"},"url":"https:\/\/sudoesteacontece.com.br\/?author=2"}]}},"_links":{"self":[{"href":"https:\/\/sudoesteacontece.com.br\/index.php?rest_route=\/wp\/v2\/posts\/6705","targetHints":{"allow":["GET"]}}],"collection":[{"href":"https:\/\/sudoesteacontece.com.br\/index.php?rest_route=\/wp\/v2\/posts"}],"about":[{"href":"https:\/\/sudoesteacontece.com.br\/index.php?rest_route=\/wp\/v2\/types\/post"}],"author":[{"embeddable":true,"href":"https:\/\/sudoesteacontece.com.br\/index.php?rest_route=\/wp\/v2\/users\/2"}],"replies":[{"embeddable":true,"href":"https:\/\/sudoesteacontece.com.br\/index.php?rest_route=%2Fwp%2Fv2%2Fcomments&post=6705"}],"version-history":[{"count":0,"href":"https:\/\/sudoesteacontece.com.br\/index.php?rest_route=\/wp\/v2\/posts\/6705\/revisions"}],"wp:featuredmedia":[{"embeddable":true,"href":"https:\/\/sudoesteacontece.com.br\/index.php?rest_route=\/wp\/v2\/media\/6725"}],"wp:attachment":[{"href":"https:\/\/sudoesteacontece.com.br\/index.php?rest_route=%2Fwp%2Fv2%2Fmedia&parent=6705"}],"wp:term":[{"taxonomy":"category","embeddable":true,"href":"https:\/\/sudoesteacontece.com.br\/index.php?rest_route=%2Fwp%2Fv2%2Fcategories&post=6705"},{"taxonomy":"post_tag","embeddable":true,"href":"https:\/\/sudoesteacontece.com.br\/index.php?rest_route=%2Fwp%2Fv2%2Ftags&post=6705"}],"curies":[{"name":"wp","href":"https:\/\/api.w.org\/{rel}","templated":true}]}}